{"id":9599,"date":"2022-06-02T14:43:54","date_gmt":"2022-06-02T12:43:54","guid":{"rendered":"http:\/\/just-now.news\/de\/deutschland\/guenstiger-nahverkehr-der-bedarf-ist-riesig-den-markt-laesst-das-kalt\/"},"modified":"2022-06-02T14:43:54","modified_gmt":"2022-06-02T12:43:54","slug":"guenstiger-nahverkehr-der-bedarf-ist-riesig-den-markt-laesst-das-kalt","status":"publish","type":"post","link":"https:\/\/now-news.de\/de\/deutschland\/guenstiger-nahverkehr-der-bedarf-ist-riesig-den-markt-laesst-das-kalt\/","title":{"rendered":"G\u00fcnstiger Nahverkehr: Der Bedarf ist riesig, den Markt l\u00e4sst das kalt"},"content":{"rendered":"<p><img decoding=\"async\" src=\"http:\/\/just-now.news\/de\/wp-content\/uploads\/sites\/3\/2022\/06\/629887ce48fbef4ef17bc3fa.jpg\" \/><\/p>\n<div class=\"Text-root Text-type_1 \">\n                Der Run auf das Neun-Euro-Ticket offenbart riesigen Bedarf an g\u00fcnstigem Nahverkehr. Darauf sind Bahnen und Busse in Deutschland nicht ausgelegt. Das zeigt: Es ist nicht Aufgabe des Marktes, die Bed\u00fcrfnisse der Gesellschaft zu befriedigen, sondern kaufkr\u00e4ftige Nachfrage zu bedienen \u2013 ein gro\u00dfer Unterschied.\n            <\/div>\n<p><\/p>\n<div class=\"Text-root Text-type_5 ArticleView-text ViewText-root \">\n<p><em>von Susan Bonath<\/em><\/p>\n<p>Der Markt ist das Heiligtum seiner Verfechter. Mal &#8220;reagiert&#8221; er &#8220;unruhig&#8221;, mal &#8220;verhalten&#8221;. Was sollte dieser Gott mit seinem Dauerwettbewerb nicht alles schon regeln: Gut ausgestattete und effiziente Kliniken zum Beispiel. In Wahrheit f\u00fchrte deren Privatisierung und Unterwerfung unter das Marktdiktat zu exorbitantem Personalmangel und der Schlie\u00dfung wenig lukrativer Sparten, wie Kinderstationen und Krei\u00dfs\u00e4len.\u00a0<\/p>\n<p>Auch der Deutschen Bahn sollte dieser Schritt 1994 zu mehr Effizienz und besseren Leistungen f\u00fcr Fahrg\u00e4ste verhelfen. Doch nun l\u00f6st das Neun-Euro-Ticket beinahe Panik aus, vor dem Run auf selbiges und dessen Konsequenz: v\u00f6llig \u00fcberf\u00fcllten Z\u00fcgen. Der Bedarf in der Bev\u00f6lkerung ist demnach da, doch vielen fehlt\u00a0 das Geld daf\u00fcr. Denn wahr ist: Der Markt, angeblich das Beste f\u00fcr die Menschheit, diente nie dazu, Bed\u00fcrfnisse zu decken, sondern kaufkr\u00e4ftige Nachfrage zu befriedigen. Das ist ein gro\u00dfer Unterschied.<\/p>\n<p><strong>Soziale Teilhabe auf Zeit<\/strong>\u00a0<\/p>\n<p>Das Neun-Euro-Ticket, von SPD und Gr\u00fcnen eisern verfochten, von der FDP abgenickt, ist zweifellos gut gemeint. Es ist entspringt der sozialdemokratischen Idee von der &#8220;sozialen Marktwirtschaft&#8221;. Demnach m\u00fcsse \u2013 und k\u00f6nne \u2013 eine Regierung den wilden Markt einfach etwas b\u00e4ndigen, damit der Wettbewerb, der ansonsten der Motor f\u00fcr Innovation schlechthin sei, nicht zu viele Verlierer ins absolute Elend bef\u00f6rdert.\u00a0<\/p>\n<p>Ein paar Rechte f\u00fcr Lohnarbeiter hier, eine mildt\u00e4tige soziale Gabe f\u00fcr Kranke und Arbeitslose dort, und schon seien die eigentumsbedingten Klassenverh\u00e4ltnisse ins Unsichtbare entschwunden. Denn jeder k\u00f6nne ja irgendwie teilhaben an der Gesellschaft. &#8220;Soziale Teilhabe&#8221; ist sowieso eines dieser oft von der Politik gebrauchten populistischen Schlagw\u00f6rter, das an realem Inhalt zu w\u00fcnschen \u00fcbrig l\u00e4sst.<\/p>\n<p>Dieses auf drei Monate befristete Billigangebot kommt nun also daher wie eine kleine Danksagung an das Volk, das \u00fcber zwei Jahre lang repressive Corona-G\u00e4ngelei \u00fcber sich ergehen lassen musste, dank drastischer Preissteigerungen den G\u00fcrtel immer enger schnallen soll, und an der neuen politischen Kriegsrhetorik m\u00f6glichst keinen Ansto\u00df nehmen m\u00f6ge. Es wirkt wie eine Belohnung f\u00fcr das artige Kind: Weil du so brav warst, darfst du\u00a0jetzt mit Mama und Papa mal verreisen.\u00a0<\/p>\n<p>Und die Leute wollen raus und reisen, und f\u00fcr neun Euro nehmen sie auch die T\u00fccken des deutschen Nahverkehrs auf sich, wie mangelhafte Ausstattung, l\u00fcckenhafte Verbindungen \u2013 ankommen im Schneckentempo. Der Run auf das Schn\u00e4ppchen sei riesig, hei\u00dft es, und zwar so sehr, dass die Eisenbahngewerkschaft sich vor einem &#8220;Stresstest&#8221; \u00fcber Pfingsten f\u00fcrchtet. Sie <a rel=\"nofollow noopener\" target=\"_blank\" href=\"https:\/\/www.berliner-zeitung.de\/news\/9-euro-ticket-muessen-zuege-geraeumt-werden-li.230402\">warnte<\/a> sogar davor, dass Bahnh\u00f6fe wegen \u00dcberf\u00fcllung geschlossen und Z\u00fcge ger\u00e4umt werden k\u00f6nnten.<\/p>\n<p>Denn der aktuelle Nahverkehr, so viel scheint den Protagonisten klar zu sein, reicht f\u00fcr die nunmehr ersichtliche Nachfrage keineswegs aus. Es fehlen Z\u00fcge, es fehlt Personal, es fehlen Verbindungen. Aber Moment mal: Sollten nicht genau diese Probleme durch die Privatisierung der Bahn vor 28 Jahren behoben werden?<\/p>\n<p><strong>B\u00f6ses Erwachen schon angek\u00fcndigt<\/strong>\u00a0<\/p>\n<p>Wie das bei Belohnungsbonbons so \u00fcblich ist, sind sie allerdings schnell aufgelutscht. Die Protagonisten ahnen bereits, was dann kommt: Ein harter R\u00fcckfall in eine Gesellschaft, in der sich ein wachsender Teil der Bewohner die Teilhabe am Nahverkehr (und anderen Aktivit\u00e4ten) nicht leisten kann. Die Unternehmen <a rel=\"nofollow noopener\" target=\"_blank\" href=\"https:\/\/www.tagesschau.de\/wirtschaft\/verbraucher\/neun-euro-ticket-preise-nahverkehr-spritpreise-angebot-sylt-101.html\">erwarten<\/a> nach der Wohltat dann auch rapide Preissteigerungen im Nahverkehr.<\/p>\n<p>So m\u00fcssten die Bahnen und Busse die steigenden Sprit- und Energiepreise kompensieren, betonte Ingo Wortmann, Pr\u00e4sident des Verbands deutscher Verkehrsunternehmen. Er sagte:<\/p>\n<blockquote>\n<p><em> &#8220;Wir werden mittelfristig die fehlenden Gelder auf die Fahrpreise umschlagen m\u00fcssen oder das Angebot einschr\u00e4nken.&#8221;<\/em><\/p>\n<\/blockquote>\n<p>Das ist der echte Markt, so wie er &#8220;leibt und lebt&#8221;.<\/p>\n<p>Die Krux: Wenn eines Tages die Zahl derer, die sich den Nahverkehr nicht mehr leisten k\u00f6nnen, \u00fcberhand nimmt, sinken die Einnahmen nat\u00fcrlich trotzdem, weil sich die hohen Preise kaum noch jemand leisten kann. Wobei die wirklich Wohlhabenden kaum die 2. Klasse der Regionalbahnen nutzen. Die Spirale weiter gedacht, w\u00e4re ein unrentables Schienennetz dann einzustampfen. Dieser Markt, den Karl Marx als automatisches Subjekt bezeichnete, ist, ironisch gesagt, ein echtes Schlitzohr.<\/p>\n<p><strong>Negative Innovation f\u00fcr mehr Gewinn<\/strong><\/p>\n<p>Na klar, der Markt bedeutet Konkurrenz auf Schritt und Tritt. Der Profit muss stimmen, ansonsten k\u00f6nnen Unternehmen \u2013 egal ob Klinik- oder Bahnbetreiber \u2013 einpacken, so wie demn\u00e4chst der Bahnkonkurrent <a rel=\"nofollow noopener\" target=\"_blank\" href=\"https:\/\/www1.wdr.de\/nachrichten\/abellio-vor-aus-100.html\">Abellio<\/a>. Die Preise m\u00fcssen nicht nur L\u00f6hne und Instandhaltung abdecken, sondern auch Gewinne in die Taschen der Anleger sp\u00fclen.<\/p>\n<p>Apropos L\u00f6hne und Instandhaltung: Das sind wohl die ersten Metiers, an denen die frisch privatisierte Bahn gespart hatte. Gleich zu Beginn soll sie die Belegschaft halbiert und einen nicht unbeachtlichen Teil vor allem kleinerer Strecken <a rel=\"nofollow noopener\" target=\"_blank\" href=\"https:\/\/www.deutschlandfunk.de\/erfolgreiche-weichenstellung-die-privatisierung-der-bahn-100.html#:~:text=Aus%20der%20Bundesbahn%20im%20Westen,auch%20f%C3%BCr%20private%20Eisenbahnunternehmen%20ge%C3%B6ffnet\">stillgelegt haben<\/a>. Der Markt fragt eben nicht danach, wie Oma Elfriede von ihrer Kleinstadt den 30 Kilometer entfernten Arzt erreichen kann, sondern wie rentabel so ein &#8220;Teilhabe-Angebot&#8221; ist. Und L\u00f6hne f\u00fcr Besch\u00e4ftigte sind eben auch Kosten.<\/p>\n<p>Das Resultat der privatisierten Sparwut an Personal und L\u00f6hnen machte sich zum Beispiel an einem Wochenende im M\u00e4rz 2018 bemerkbar. Der Winter war zur\u00fcckgekehrt, es hatte, nat\u00fcrlich v\u00f6llig unerwartet, geschneit \u2013 und fast der gesamte Bahnbetrieb in Deutschland stand still. Zehntausende Fahrg\u00e4ste sa\u00dfen auf Bahnh\u00f6fen fest, teils zwei Tage lang und \u00fcber Nacht. Nichts ging mehr.\u00a0<\/p>\n<p>Der Grund war fehlendes Fachpersonal, wie der Lokf\u00fchrer Bernd Sickert damals im <a rel=\"nofollow noopener\" target=\"_blank\" href=\"https:\/\/www.jungewelt.de\/artikel\/329462.der-bahn-mangelt-es-an-technischem-personal.html?sstr=sickert\">Gespr\u00e4ch<\/a> mit der Autorin sagte.\u00a0Es sei, anders als zu DDR-Zeiten, kaum jemand verf\u00fcgbar gewesen, der schneeverwehte und eingefrorene Weichen von der kalten Last befreien und in den betriebsbereiten Zustand versetzen konnte. Mehr noch: Es fehlte auch an Busfahrern und Winterdiensten, um die wartenden und frierenden Fahrg\u00e4ste \u00fcber Landstra\u00dfen und Autobahnen an ihre Ziele oder nach Hause zu bef\u00f6rdern.<\/p>\n<p><strong>27 Jahre Preisexplosion<\/strong>\u00a0<\/p>\n<p>Der hei\u00df gelobte Markt lie\u00df \u2013 und l\u00e4sst \u2013 bei der Bahn aber nicht nur in seiner viel beschworenen Funktion als Innovationsmaschine zu w\u00fcnschen \u00fcbrig. Auch die Preise machten kleine Inlandsausfl\u00fcge f\u00fcr Otto Normalb\u00fcrger immer unerschwinglicher. Das illustriert sehr anschaulich die Geschichte vom &#8220;Sch\u00f6nes-Wochenende-Ticket&#8221;, das inzwischen durch das &#8220;Quer-durchs-Land-Ticket&#8221; ersetzt wurde, sehr anschaulich.\u00a0<\/p>\n<p>Kurz nach der Privatisierung f\u00fchrte die Bahn im Jahr 1995 dieses Ticket als Superangebot ein. Damals, vor 27 Jahren, konnten f\u00fcnf Personen f\u00fcr 15 D-Mark ein gesamtes Wochenende lang im Nahverkehr durch Deutschland reisen. Ende 2017 mussten dieselben f\u00fcnf Personen 68 Euro abdr\u00fccken, um nur einen Tag zu reisen. F\u00fcr zwei Tage wurden also bereits 136 Euro f\u00e4llig.<\/p>\n<p>Gemessen am Wert des Euros bei seiner Einf\u00fchrung und nicht inflationsbereinigt ist das ein Preisanstieg um das 18-Fache in 22 Jahren. Auch ohne in den Statistiken nachzuschlagen kann man mit Sicherheit behaupten: Die L\u00f6hne sind nun nicht gerade um das 18-Fache gestiegen.<\/p>\n<p>Heutzutage kostet \u00fcbrigens ein &#8220;Quer-durchs-Land-Ticket&#8221; bereits f\u00fcr einen Reisenden 42 Euro, f\u00fcr maximal vier weitere Mitfahrer kommen jeweils sieben Euro dazu. F\u00fcnf Personen m\u00fcssen also nunmehr 70 Euro abdr\u00fccken, um quer durch Deutschland zu reisen, und dies nur einen Tag lang \u2013 Tendenz steigend. Die Senkung der Umsatzsteuer auf Bahntickets von 19 auf\u00a07 Prozent, eine der politischen Corona-&#8220;Wohltaten&#8221; 2020, war kaum sp\u00fcrbar. Vom Sparticket f\u00fcr \u00c4rmere kann keine Rede mehr sein.<\/p>\n<p>Wer immer also kann, sollte die aktuelle Wohltat am besten leidlich nutzen. Wer wei\u00df, wann sich sp\u00e4ter noch einmal die Gelegenheit bietet, so g\u00fcnstig durch Deutschland zu reisen. Denn den Markt in seinem Lauf halten vielleicht irgendwann mal &#8220;Ochs und Esel&#8221; auf (oder das Ende der nat\u00fcrlichen Ressourcen), definitiv aber nicht die Marktschreier in der Bundesregierung.<\/p>\n<p><strong>Mehr zum Thema &#8211;<\/strong>\u00a0<a rel=\"nofollow noopener\" target=\"_blank\" href=\"https:\/\/de.rt.com\/meinung\/139804-klimageld-und-neun-euro-ticket\/\">Klimageld und Neun-Euro-Ticket \u2013 eher Unterhaltungswert als echte Hilfe f\u00fcr die belasteten B\u00fcrger<\/a><\/p>\n<\/div>\n<p><br \/>\n<br \/><a href=\"https:\/\/de.rt.com\/inland\/140021-gunstiger-nahverkehr-bedarf-ist-riesig\/\">Source link <\/a><\/p>\n","protected":false},"excerpt":{"rendered":"<p>Der Run auf das Neun-Euro-Ticket offenbart riesigen Bedarf an g\u00fcnstigem Nahverkehr. Darauf sind Bahnen und Busse in Deutschland nicht ausgelegt. Das zeigt: Es ist nicht Aufgabe des Marktes, die Bed\u00fcrfnisse der Gesellschaft zu befriedigen, sondern kaufkr\u00e4ftige Nachfrage zu bedienen \u2013 ein gro\u00dfer Unterschied. von Susan Bonath Der Markt ist das Heiligtum seiner Verfechter. Mal &#8220;reagiert&#8221; [&hellip;]<\/p>\n","protected":false},"author":3,"featured_media":9600,"comment_status":"open","ping_status":"open","sticky":false,"template":"","format":"standard","meta":{"wp_automatic_camp":["217"],"d3d8e4e2001670e8fe648d8d973e4757":["G\u00fcnstiger Nahverkehr: Der Bedarf ist riesig, den Markt l\u00e4sst das kalt"],"original_link":["https:\/\/de.rt.com\/inland\/140021-gunstiger-nahverkehr-bedarf-ist-riesig\/"],"_thumbnail_id":["9600"],"_wptg_p2tg_sent2tg":["2022-06-02 14:48:04"],"jnews_social_counter_last_update":["1777262749"]},"categories":[19,23],"tags":[22839,427,48,82,1625,414,9478,1545,280,21650,8545],"yoast_head":"<!-- This site is optimized with the Yoast SEO Premium plugin v22.7 (Yoast SEO v22.7) - https:\/\/yoast.com\/wordpress\/plugins\/seo\/ -->\n<title>G\u00fcnstiger Nahverkehr: Der Bedarf ist riesig, den Markt l\u00e4sst das kalt - just-now.NEWS Deutschland<\/title>\n<meta name=\"robots\" content=\"index, follow, max-snippet:-1, max-image-preview:large, max-video-preview:-1\" \/>\n<link rel=\"canonical\" href=\"https:\/\/now-news.de\/de\/deutschland\/guenstiger-nahverkehr-der-bedarf-ist-riesig-den-markt-laesst-das-kalt\/\" \/>\n<meta property=\"og:locale\" content=\"de_DE\" \/>\n<meta property=\"og:type\" content=\"article\" \/>\n<meta property=\"og:title\" content=\"G\u00fcnstiger Nahverkehr: Der Bedarf ist riesig, den Markt l\u00e4sst das kalt\" \/>\n<meta property=\"og:description\" content=\"Der Run auf das Neun-Euro-Ticket offenbart riesigen Bedarf an g\u00fcnstigem Nahverkehr. Darauf sind Bahnen und Busse in Deutschland nicht ausgelegt. Das zeigt: Es ist nicht Aufgabe des Marktes, die Bed\u00fcrfnisse der Gesellschaft zu befriedigen, sondern kaufkr\u00e4ftige Nachfrage zu bedienen \u2013 ein gro\u00dfer Unterschied. von Susan Bonath Der Markt ist das Heiligtum seiner Verfechter. Mal &#8220;reagiert&#8221; [&hellip;]\" \/>\n<meta property=\"og:url\" content=\"https:\/\/now-news.de\/de\/deutschland\/guenstiger-nahverkehr-der-bedarf-ist-riesig-den-markt-laesst-das-kalt\/\" \/>\n<meta property=\"og:site_name\" content=\"just-now.NEWS Deutschland\" \/>\n<meta property=\"article:publisher\" content=\"https:\/\/www.facebook.com\/wirmachenauf\" \/>\n<meta property=\"article:published_time\" content=\"2022-06-02T12:43:54+00:00\" \/>\n<meta property=\"og:image\" content=\"https:\/\/now-news.de\/de\/wp-content\/uploads\/sites\/3\/2022\/06\/Guenstiger-Nahverkehr-Der-Bedarf-ist-riesig-den-Markt-laesst-das.jpg\" \/>\n\t<meta property=\"og:image:width\" content=\"460\" \/>\n\t<meta property=\"og:image:height\" content=\"259\" \/>\n\t<meta property=\"og:image:type\" content=\"image\/jpeg\" \/>\n<meta name=\"author\" content=\"rtnews\" \/>\n<meta name=\"twitter:card\" content=\"summary_large_image\" \/>\n<meta name=\"twitter:creator\" content=\"@WirMachenAuf_de\" \/>\n<meta name=\"twitter:site\" content=\"@WirMachenAuf_de\" \/>\n<meta name=\"twitter:label1\" content=\"Verfasst von\" \/>\n\t<meta name=\"twitter:data1\" content=\"rtnews\" \/>\n\t<meta name=\"twitter:label2\" content=\"Gesch\u00e4tzte Lesezeit\" \/>\n\t<meta name=\"twitter:data2\" content=\"6\u00a0Minuten\" \/>\n<script type=\"application\/ld+json\" class=\"yoast-schema-graph\">{\"@context\":\"https:\/\/schema.org\",\"@graph\":[{\"@type\":\"Article\",\"@id\":\"https:\/\/now-news.de\/de\/deutschland\/guenstiger-nahverkehr-der-bedarf-ist-riesig-den-markt-laesst-das-kalt\/#article\",\"isPartOf\":{\"@id\":\"https:\/\/now-news.de\/de\/deutschland\/guenstiger-nahverkehr-der-bedarf-ist-riesig-den-markt-laesst-das-kalt\/\"},\"author\":{\"name\":\"rtnews\",\"@id\":\"https:\/\/now-news.de\/de\/#\/schema\/person\/fb534a4e865501d8b3285208df34a9b5\"},\"headline\":\"G\u00fcnstiger Nahverkehr: Der Bedarf ist riesig, den Markt l\u00e4sst das kalt\",\"datePublished\":\"2022-06-02T12:43:54+00:00\",\"dateModified\":\"2022-06-02T12:43:54+00:00\",\"mainEntityOfPage\":{\"@id\":\"https:\/\/now-news.de\/de\/deutschland\/guenstiger-nahverkehr-der-bedarf-ist-riesig-den-markt-laesst-das-kalt\/\"},\"wordCount\":1311,\"commentCount\":0,\"publisher\":{\"@id\":\"https:\/\/now-news.de\/de\/#organization\"},\"image\":{\"@id\":\"https:\/\/now-news.de\/de\/deutschland\/guenstiger-nahverkehr-der-bedarf-ist-riesig-den-markt-laesst-das-kalt\/#primaryimage\"},\"thumbnailUrl\":\"https:\/\/now-news.de\/de\/wp-content\/uploads\/sites\/3\/2022\/06\/Guenstiger-Nahverkehr-Der-Bedarf-ist-riesig-den-Markt-laesst-das.jpg\",\"keywords\":[\"Bedarf\",\"das\",\"den\",\"der\",\"g\u00fcnstiger\",\"ist\",\"kalt\",\"l\u00e4sst\",\"Markt\",\"Nahverkehr\",\"RIESIG\"],\"articleSection\":[\"Deutschland\",\"Russland\"],\"inLanguage\":\"de\",\"potentialAction\":[{\"@type\":\"CommentAction\",\"name\":\"Comment\",\"target\":[\"https:\/\/now-news.de\/de\/deutschland\/guenstiger-nahverkehr-der-bedarf-ist-riesig-den-markt-laesst-das-kalt\/#respond\"]}]},{\"@type\":\"WebPage\",\"@id\":\"https:\/\/now-news.de\/de\/deutschland\/guenstiger-nahverkehr-der-bedarf-ist-riesig-den-markt-laesst-das-kalt\/\",\"url\":\"https:\/\/now-news.de\/de\/deutschland\/guenstiger-nahverkehr-der-bedarf-ist-riesig-den-markt-laesst-das-kalt\/\",\"name\":\"G\u00fcnstiger Nahverkehr: Der Bedarf ist riesig, den Markt l\u00e4sst das kalt - just-now.NEWS Deutschland\",\"isPartOf\":{\"@id\":\"https:\/\/now-news.de\/de\/#website\"},\"primaryImageOfPage\":{\"@id\":\"https:\/\/now-news.de\/de\/deutschland\/guenstiger-nahverkehr-der-bedarf-ist-riesig-den-markt-laesst-das-kalt\/#primaryimage\"},\"image\":{\"@id\":\"https:\/\/now-news.de\/de\/deutschland\/guenstiger-nahverkehr-der-bedarf-ist-riesig-den-markt-laesst-das-kalt\/#primaryimage\"},\"thumbnailUrl\":\"https:\/\/now-news.de\/de\/wp-content\/uploads\/sites\/3\/2022\/06\/Guenstiger-Nahverkehr-Der-Bedarf-ist-riesig-den-Markt-laesst-das.jpg\",\"datePublished\":\"2022-06-02T12:43:54+00:00\",\"dateModified\":\"2022-06-02T12:43:54+00:00\",\"breadcrumb\":{\"@id\":\"https:\/\/now-news.de\/de\/deutschland\/guenstiger-nahverkehr-der-bedarf-ist-riesig-den-markt-laesst-das-kalt\/#breadcrumb\"},\"inLanguage\":\"de\",\"potentialAction\":[{\"@type\":\"ReadAction\",\"target\":[\"https:\/\/now-news.de\/de\/deutschland\/guenstiger-nahverkehr-der-bedarf-ist-riesig-den-markt-laesst-das-kalt\/\"]}]},{\"@type\":\"ImageObject\",\"inLanguage\":\"de\",\"@id\":\"https:\/\/now-news.de\/de\/deutschland\/guenstiger-nahverkehr-der-bedarf-ist-riesig-den-markt-laesst-das-kalt\/#primaryimage\",\"url\":\"https:\/\/now-news.de\/de\/wp-content\/uploads\/sites\/3\/2022\/06\/Guenstiger-Nahverkehr-Der-Bedarf-ist-riesig-den-Markt-laesst-das.jpg\",\"contentUrl\":\"https:\/\/now-news.de\/de\/wp-content\/uploads\/sites\/3\/2022\/06\/Guenstiger-Nahverkehr-Der-Bedarf-ist-riesig-den-Markt-laesst-das.jpg\",\"width\":460,\"height\":259,\"caption\":\"G\u00fcnstiger Nahverkehr: Der Bedarf ist riesig, den Markt l\u00e4sst das kalt\"},{\"@type\":\"BreadcrumbList\",\"@id\":\"https:\/\/now-news.de\/de\/deutschland\/guenstiger-nahverkehr-der-bedarf-ist-riesig-den-markt-laesst-das-kalt\/#breadcrumb\",\"itemListElement\":[{\"@type\":\"ListItem\",\"position\":1,\"name\":\"Home\",\"item\":\"https:\/\/now-news.de\/de\/\"},{\"@type\":\"ListItem\",\"position\":2,\"name\":\"G\u00fcnstiger Nahverkehr: Der Bedarf ist riesig, den Markt l\u00e4sst das kalt\"}]},{\"@type\":\"WebSite\",\"@id\":\"https:\/\/now-news.de\/de\/#website\",\"url\":\"https:\/\/now-news.de\/de\/\",\"name\":\"just-now.NEWS Deutschland\",\"description\":\"Das Portal f\u00fcr unzensierte Nachrichten aus der Welt\",\"publisher\":{\"@id\":\"https:\/\/now-news.de\/de\/#organization\"},\"potentialAction\":[{\"@type\":\"SearchAction\",\"target\":{\"@type\":\"EntryPoint\",\"urlTemplate\":\"https:\/\/now-news.de\/de\/?s={search_term_string}\"},\"query-input\":\"required name=search_term_string\"}],\"inLanguage\":\"de\"},{\"@type\":\"Organization\",\"@id\":\"https:\/\/now-news.de\/de\/#organization\",\"name\":\"Just Now News\",\"url\":\"https:\/\/now-news.de\/de\/\",\"logo\":{\"@type\":\"ImageObject\",\"inLanguage\":\"de\",\"@id\":\"https:\/\/now-news.de\/de\/#\/schema\/logo\/image\/\",\"url\":\"http:\/\/just-now.news\/de\/wp-content\/uploads\/sites\/3\/2022\/04\/logo500x500.jpg\",\"contentUrl\":\"http:\/\/just-now.news\/de\/wp-content\/uploads\/sites\/3\/2022\/04\/logo500x500.jpg\",\"width\":500,\"height\":500,\"caption\":\"Just Now News\"},\"image\":{\"@id\":\"https:\/\/now-news.de\/de\/#\/schema\/logo\/image\/\"},\"sameAs\":[\"https:\/\/www.facebook.com\/wirmachenauf\",\"https:\/\/x.com\/WirMachenAuf_de\"]},{\"@type\":\"Person\",\"@id\":\"https:\/\/now-news.de\/de\/#\/schema\/person\/fb534a4e865501d8b3285208df34a9b5\",\"name\":\"rtnews\",\"image\":{\"@type\":\"ImageObject\",\"inLanguage\":\"de\",\"@id\":\"https:\/\/now-news.de\/de\/#\/schema\/person\/image\/\",\"url\":\"https:\/\/secure.gravatar.com\/avatar\/82aafea7d8127119dd649515f56e2117?s=96&d=mm&r=g\",\"contentUrl\":\"https:\/\/secure.gravatar.com\/avatar\/82aafea7d8127119dd649515f56e2117?s=96&d=mm&r=g\",\"caption\":\"rtnews\"},\"url\":\"https:\/\/now-news.de\/de\/author\/rnews\/\"}]}<\/script>\n<!-- \/ Yoast SEO Premium plugin. -->","yoast_head_json":{"title":"G\u00fcnstiger Nahverkehr: Der Bedarf ist riesig, den Markt l\u00e4sst das kalt - just-now.NEWS Deutschland","robots":{"index":"index","follow":"follow","max-snippet":"max-snippet:-1","max-image-preview":"max-image-preview:large","max-video-preview":"max-video-preview:-1"},"canonical":"https:\/\/now-news.de\/de\/deutschland\/guenstiger-nahverkehr-der-bedarf-ist-riesig-den-markt-laesst-das-kalt\/","og_locale":"de_DE","og_type":"article","og_title":"G\u00fcnstiger Nahverkehr: Der Bedarf ist riesig, den Markt l\u00e4sst das kalt","og_description":"Der Run auf das Neun-Euro-Ticket offenbart riesigen Bedarf an g\u00fcnstigem Nahverkehr. Darauf sind Bahnen und Busse in Deutschland nicht ausgelegt. Das zeigt: Es ist nicht Aufgabe des Marktes, die Bed\u00fcrfnisse der Gesellschaft zu befriedigen, sondern kaufkr\u00e4ftige Nachfrage zu bedienen \u2013 ein gro\u00dfer Unterschied. von Susan Bonath Der Markt ist das Heiligtum seiner Verfechter. Mal &#8220;reagiert&#8221; [&hellip;]","og_url":"https:\/\/now-news.de\/de\/deutschland\/guenstiger-nahverkehr-der-bedarf-ist-riesig-den-markt-laesst-das-kalt\/","og_site_name":"just-now.NEWS Deutschland","article_publisher":"https:\/\/www.facebook.com\/wirmachenauf","article_published_time":"2022-06-02T12:43:54+00:00","og_image":[{"width":460,"height":259,"url":"https:\/\/now-news.de\/de\/wp-content\/uploads\/sites\/3\/2022\/06\/Guenstiger-Nahverkehr-Der-Bedarf-ist-riesig-den-Markt-laesst-das.jpg","type":"image\/jpeg"}],"author":"rtnews","twitter_card":"summary_large_image","twitter_creator":"@WirMachenAuf_de","twitter_site":"@WirMachenAuf_de","twitter_misc":{"Verfasst von":"rtnews","Gesch\u00e4tzte Lesezeit":"6\u00a0Minuten"},"schema":{"@context":"https:\/\/schema.org","@graph":[{"@type":"Article","@id":"https:\/\/now-news.de\/de\/deutschland\/guenstiger-nahverkehr-der-bedarf-ist-riesig-den-markt-laesst-das-kalt\/#article","isPartOf":{"@id":"https:\/\/now-news.de\/de\/deutschland\/guenstiger-nahverkehr-der-bedarf-ist-riesig-den-markt-laesst-das-kalt\/"},"author":{"name":"rtnews","@id":"https:\/\/now-news.de\/de\/#\/schema\/person\/fb534a4e865501d8b3285208df34a9b5"},"headline":"G\u00fcnstiger Nahverkehr: Der Bedarf ist riesig, den Markt l\u00e4sst das kalt","datePublished":"2022-06-02T12:43:54+00:00","dateModified":"2022-06-02T12:43:54+00:00","mainEntityOfPage":{"@id":"https:\/\/now-news.de\/de\/deutschland\/guenstiger-nahverkehr-der-bedarf-ist-riesig-den-markt-laesst-das-kalt\/"},"wordCount":1311,"commentCount":0,"publisher":{"@id":"https:\/\/now-news.de\/de\/#organization"},"image":{"@id":"https:\/\/now-news.de\/de\/deutschland\/guenstiger-nahverkehr-der-bedarf-ist-riesig-den-markt-laesst-das-kalt\/#primaryimage"},"thumbnailUrl":"https:\/\/now-news.de\/de\/wp-content\/uploads\/sites\/3\/2022\/06\/Guenstiger-Nahverkehr-Der-Bedarf-ist-riesig-den-Markt-laesst-das.jpg","keywords":["Bedarf","das","den","der","g\u00fcnstiger","ist","kalt","l\u00e4sst","Markt","Nahverkehr","RIESIG"],"articleSection":["Deutschland","Russland"],"inLanguage":"de","potentialAction":[{"@type":"CommentAction","name":"Comment","target":["https:\/\/now-news.de\/de\/deutschland\/guenstiger-nahverkehr-der-bedarf-ist-riesig-den-markt-laesst-das-kalt\/#respond"]}]},{"@type":"WebPage","@id":"https:\/\/now-news.de\/de\/deutschland\/guenstiger-nahverkehr-der-bedarf-ist-riesig-den-markt-laesst-das-kalt\/","url":"https:\/\/now-news.de\/de\/deutschland\/guenstiger-nahverkehr-der-bedarf-ist-riesig-den-markt-laesst-das-kalt\/","name":"G\u00fcnstiger Nahverkehr: Der Bedarf ist riesig, den Markt l\u00e4sst das kalt - just-now.NEWS Deutschland","isPartOf":{"@id":"https:\/\/now-news.de\/de\/#website"},"primaryImageOfPage":{"@id":"https:\/\/now-news.de\/de\/deutschland\/guenstiger-nahverkehr-der-bedarf-ist-riesig-den-markt-laesst-das-kalt\/#primaryimage"},"image":{"@id":"https:\/\/now-news.de\/de\/deutschland\/guenstiger-nahverkehr-der-bedarf-ist-riesig-den-markt-laesst-das-kalt\/#primaryimage"},"thumbnailUrl":"https:\/\/now-news.de\/de\/wp-content\/uploads\/sites\/3\/2022\/06\/Guenstiger-Nahverkehr-Der-Bedarf-ist-riesig-den-Markt-laesst-das.jpg","datePublished":"2022-06-02T12:43:54+00:00","dateModified":"2022-06-02T12:43:54+00:00","breadcrumb":{"@id":"https:\/\/now-news.de\/de\/deutschland\/guenstiger-nahverkehr-der-bedarf-ist-riesig-den-markt-laesst-das-kalt\/#breadcrumb"},"inLanguage":"de","potentialAction":[{"@type":"ReadAction","target":["https:\/\/now-news.de\/de\/deutschland\/guenstiger-nahverkehr-der-bedarf-ist-riesig-den-markt-laesst-das-kalt\/"]}]},{"@type":"ImageObject","inLanguage":"de","@id":"https:\/\/now-news.de\/de\/deutschland\/guenstiger-nahverkehr-der-bedarf-ist-riesig-den-markt-laesst-das-kalt\/#primaryimage","url":"https:\/\/now-news.de\/de\/wp-content\/uploads\/sites\/3\/2022\/06\/Guenstiger-Nahverkehr-Der-Bedarf-ist-riesig-den-Markt-laesst-das.jpg","contentUrl":"https:\/\/now-news.de\/de\/wp-content\/uploads\/sites\/3\/2022\/06\/Guenstiger-Nahverkehr-Der-Bedarf-ist-riesig-den-Markt-laesst-das.jpg","width":460,"height":259,"caption":"G\u00fcnstiger Nahverkehr: Der Bedarf ist riesig, den Markt l\u00e4sst das kalt"},{"@type":"BreadcrumbList","@id":"https:\/\/now-news.de\/de\/deutschland\/guenstiger-nahverkehr-der-bedarf-ist-riesig-den-markt-laesst-das-kalt\/#breadcrumb","itemListElement":[{"@type":"ListItem","position":1,"name":"Home","item":"https:\/\/now-news.de\/de\/"},{"@type":"ListItem","position":2,"name":"G\u00fcnstiger Nahverkehr: Der Bedarf ist riesig, den Markt l\u00e4sst das kalt"}]},{"@type":"WebSite","@id":"https:\/\/now-news.de\/de\/#website","url":"https:\/\/now-news.de\/de\/","name":"just-now.NEWS Deutschland","description":"Das Portal f\u00fcr unzensierte Nachrichten aus der Welt","publisher":{"@id":"https:\/\/now-news.de\/de\/#organization"},"potentialAction":[{"@type":"SearchAction","target":{"@type":"EntryPoint","urlTemplate":"https:\/\/now-news.de\/de\/?s={search_term_string}"},"query-input":"required name=search_term_string"}],"inLanguage":"de"},{"@type":"Organization","@id":"https:\/\/now-news.de\/de\/#organization","name":"Just Now News","url":"https:\/\/now-news.de\/de\/","logo":{"@type":"ImageObject","inLanguage":"de","@id":"https:\/\/now-news.de\/de\/#\/schema\/logo\/image\/","url":"http:\/\/just-now.news\/de\/wp-content\/uploads\/sites\/3\/2022\/04\/logo500x500.jpg","contentUrl":"http:\/\/just-now.news\/de\/wp-content\/uploads\/sites\/3\/2022\/04\/logo500x500.jpg","width":500,"height":500,"caption":"Just Now News"},"image":{"@id":"https:\/\/now-news.de\/de\/#\/schema\/logo\/image\/"},"sameAs":["https:\/\/www.facebook.com\/wirmachenauf","https:\/\/x.com\/WirMachenAuf_de"]},{"@type":"Person","@id":"https:\/\/now-news.de\/de\/#\/schema\/person\/fb534a4e865501d8b3285208df34a9b5","name":"rtnews","image":{"@type":"ImageObject","inLanguage":"de","@id":"https:\/\/now-news.de\/de\/#\/schema\/person\/image\/","url":"https:\/\/secure.gravatar.com\/avatar\/82aafea7d8127119dd649515f56e2117?s=96&d=mm&r=g","contentUrl":"https:\/\/secure.gravatar.com\/avatar\/82aafea7d8127119dd649515f56e2117?s=96&d=mm&r=g","caption":"rtnews"},"url":"https:\/\/now-news.de\/de\/author\/rnews\/"}]}},"_links":{"self":[{"href":"https:\/\/now-news.de\/de\/wp-json\/wp\/v2\/posts\/9599"}],"collection":[{"href":"https:\/\/now-news.de\/de\/wp-json\/wp\/v2\/posts"}],"about":[{"href":"https:\/\/now-news.de\/de\/wp-json\/wp\/v2\/types\/post"}],"author":[{"embeddable":true,"href":"https:\/\/now-news.de\/de\/wp-json\/wp\/v2\/users\/3"}],"replies":[{"embeddable":true,"href":"https:\/\/now-news.de\/de\/wp-json\/wp\/v2\/comments?post=9599"}],"version-history":[{"count":0,"href":"https:\/\/now-news.de\/de\/wp-json\/wp\/v2\/posts\/9599\/revisions"}],"wp:featuredmedia":[{"embeddable":true,"href":"https:\/\/now-news.de\/de\/wp-json\/wp\/v2\/media\/9600"}],"wp:attachment":[{"href":"https:\/\/now-news.de\/de\/wp-json\/wp\/v2\/media?parent=9599"}],"wp:term":[{"taxonomy":"category","embeddable":true,"href":"https:\/\/now-news.de\/de\/wp-json\/wp\/v2\/categories?post=9599"},{"taxonomy":"post_tag","embeddable":true,"href":"https:\/\/now-news.de\/de\/wp-json\/wp\/v2\/tags?post=9599"}],"curies":[{"name":"wp","href":"https:\/\/api.w.org\/{rel}","templated":true}]}}