{"id":95978,"date":"2025-12-17T18:55:27","date_gmt":"2025-12-17T16:55:27","guid":{"rendered":"https:\/\/now-news.de\/de\/deutschland\/buergergeld-adieu-bundeskabinett-verabschiedet-neue-grundsicherung-und-verschaerfte-sanktionen\/"},"modified":"2025-12-17T18:55:27","modified_gmt":"2025-12-17T16:55:27","slug":"buergergeld-adieu-bundeskabinett-verabschiedet-neue-grundsicherung-und-verschaerfte-sanktionen","status":"publish","type":"post","link":"https:\/\/now-news.de\/de\/deutschland\/buergergeld-adieu-bundeskabinett-verabschiedet-neue-grundsicherung-und-verschaerfte-sanktionen\/","title":{"rendered":"B\u00fcrgergeld adieu: Bundeskabinett verabschiedet neue Grundsicherung \u2013 und versch\u00e4rfte Sanktionen"},"content":{"rendered":"<p><img decoding=\"async\" src=\"https:\/\/now-news.de\/de\/wp-content\/uploads\/sites\/3\/2025\/12\/6942cf09b480cc6374061932.jpg\" \/><\/p>\n<div class=\"Text-root Text-type_1 \">\n                Wie im Herbst angek\u00fcndigt, hat das Bundeskabinett auf seiner heutigen Sitzung die Abschaffung des &#8220;B\u00fcrgergeldes&#8221; beschlossen. Die k\u00fcnftige Grundsicherung beinhaltet strengere Regeln bei Vers\u00e4umnissen der Leistungsbezieher. Der Druck zur Aufnahme einer Arbeit wird erh\u00f6ht.\n            <\/div>\n<p><\/p>\n<div class=\"Text-root Text-type_5 ArticleView-text ViewText-root \">\n<p>Die Bundesregierung hat die sogenannte Reform des &#8220;B\u00fcrgergeldes&#8221; verabschiedet. Auf der heutigen Kabinettssitzung wurde der Gesetzentwurf von Bundesarbeitsministerin B\u00e4rbel Bas (SPD) angenommen. Die &#8220;Neue Grundsicherung&#8221; sieht nicht nur eine Umbenennung des bisherigen B\u00fcrgergeldes in &#8220;Grundsicherungsgeld&#8221; vor, sondern soll in erster Linie den Druck auf die Leistungsbezieher erh\u00f6hen.<\/p>\n<p>Die Bundesregierung zielt darauf ab, den Druck zur Arbeitsaufnahme deutlich zu erh\u00f6hen. Als Hebel dienen dazu Sanktionen, die k\u00fcnftig bei jeglicher Pflichtverletzung wie beispielsweise Terminvers\u00e4umnissen sofort verh\u00e4ngt werden \u2013 und an Sch\u00e4rfe erheblich zunehmen sollen. Der Gesetzesentwurf aus dem Bas-Ministerium sieht au\u00dferdem vor, den Vorrang einer Vermittlung in Arbeit vor Weiterbildungsma\u00dfnahmen festzuschreiben. Nur falls eine Weiterbildung aussichtsreicher erscheine, k\u00f6nne eine solche Ma\u00dfnahme weiterhin Vorrang haben. Wie die <em>Tagesschau<\/em> schreibt, sollen die Bezieher des &#8220;Grunsicherungsgeldes&#8221; von den Jobcentern Arbeitsangebote erhalten, die in einem &#8220;gemeinsamen Kooperationsplan&#8221; festgeschrieben werden.<\/p>\n<p>Bezeichnenderweise erwartet die Bundesregierung gar nicht, dass durch diese erneute &#8220;Reform&#8221; der Grundsicherung finanzielle Einsparungen in nennenswerter H\u00f6he erzielt werden k\u00f6nnten. F\u00fcr das n\u00e4chste Jahr sind durch die Neuregelung 86 Millionen Euro weniger bei Bund, L\u00e4ndern, Kommunen und der Bundesagentur f\u00fcr Arbeit selbst vorgesehen, danach dann 70 Millionen. In den Folgejahren rechnet die Regierung jedoch mit Einnahmen in H\u00f6he von elf beziehungsweise neun Millionen Euro. Die Erwartung des Kabinetts st\u00fctzt sich nicht auf Einnahmen durch vermehrte Verh\u00e4ngung von Sanktionen, sondern auf die Integration der Leistungsbezieher in den Arbeitsmarkt. Das Arbeitsministerium setzt demnach auf eine Verringerung der Anzahl der Leistungsempf\u00e4nger. Aus Kreisen der Unionsparteien war zuvor die Hoffnung erweckt worden, mit der Reform des B\u00fcrgergeldes lie\u00dfen sich Einsparungen in Milliardenh\u00f6he erzielen.<\/p>\n<p>Nach der heutigen Verabschiedung durch das Bundeskabinett muss noch der Bundestag im kommenden Jahr der Neuregelung zustimmen. Anvisiert ist ein Inkrafttreten zum 1. Juli 2026. Allerdings k\u00f6nnte sich diese Terminplanung als zu optimistisch erweisen. Denn die Bundesagentur f\u00fcr Arbeit hat bereits darauf aufmerksam gemacht, dass ein l\u00e4ngerer Vorlauf f\u00fcr die technische Umsetzung erforderlich sein k\u00f6nnte.<\/p>\n<p><strong>\u00dcber f\u00fcnf Millionen Menschen von Neuregelung betroffen<\/strong><\/p>\n<p>Die deutlich versch\u00e4rften Regeln werden f\u00fcr rund 5,5 Millionen Menschen in Deutschland gelten, darunter auch 1,4 Millionen Kinder unter 15 Jahren. Derzeit bel\u00e4uft sich die monatliche Grundsicherung auf 563 Euro \u2013 zuz\u00fcglich der Miet- und Heizkosten. Insgesamt wendet der Bund \u00fcber 50 Milliarden Euro f\u00fcr die Grundsicherung auf, allerdings sind darin die Mittel f\u00fcr Weiterbildungsma\u00dfnahmen und die Verwaltung eingerechnet.<\/p>\n<p>Die versch\u00e4rften Sanktionen sehen drastische K\u00fcrzungen vor: Wer k\u00fcnftig eine angebotene, zumutbare Arbeit ablehnt, durch die der Leistungsbezug beendet werden k\u00f6nnte, dem kann f\u00fcr bis zu zwei Monate die gesamte Unterst\u00fctzungsleistung gestrichen werden.<\/p>\n<p>Komplett gestrichen werden k\u00f6nnen die Leistungen auch dann, wenn Bezieher nicht erreichbar sind. Wer drei Einladungen des Jobcenters vers\u00e4umt, erh\u00e4lt keine Zahlungen mehr. Andere Pflichtverletzungen k\u00f6nnen eine sofortige K\u00fcrzung der Leistungsbez\u00fcge um 30 Prozent f\u00fcr drei Monate nach sich ziehen. Au\u00dferdem kann die \u00dcbernahme der Wohnkosten gestrichen werden.<\/p>\n<p>Sollten Sanktionen verh\u00e4ngt werden, m\u00fcssen die Jobcenter jedoch Gelegenheit zu einer pers\u00f6nlichen Anh\u00f6rung geben. Wer psychisch krank ist, soll vor einem Wegfall der staatlichen Unterst\u00fctzung gesch\u00fctzt werden.<\/p>\n<p>Versch\u00e4rfte Regelungen werden auch f\u00fcr das Schonverm\u00f6gen der Betroffenen eingef\u00fchrt. K\u00fcnftig soll es keine feste Karenzzeit mehr zur Schonung der Ersparnisse geben. Eigenes Einkommen und Verm\u00f6gen soll zuerst verbraucht werden, bevor die neue Grundsicherung greift. Die H\u00f6he des Schonverm\u00f6gens soll sich in Zukunft am Lebensalter der Betroffenen orientieren.<\/p>\n<p>Ungeachtet der Tatsache, dass der Gesetzentwurf aus dem SPD-gef\u00fchrten Arbeitsministerium stammt, regt sich seit Wochen Widerstand in Teilen der sozialdemokratischen Partei. Ob allerdings ein parteiinternes Mitgliederbegehren die Zustimmung der SPD-Bundestagsfraktion zu der &#8220;Reform&#8221; kippen k\u00f6nnte, erscheint eher fraglich.<\/p>\n<p>Kritisch haben sich auch B\u00fcndnis 90\/Die Gr\u00fcnen ge\u00e4u\u00dfert sowie die Linkspartei. Deren Fraktionsvorsitzende Heidi Reichinnek hat von einem massiven Angriff auf den Sozialstaat gesprochen.<\/p>\n<p>Deutliche Kritik kam auch von Sozialverb\u00e4nden und aus den Kirchen. So zitiert die <em>Tagesschau<\/em> den Hauptgesch\u00e4ftsf\u00fchrer des Parit\u00e4tischen Gesamtverbandes, Joachim Rock, mit folgender Bemerkung:<\/p>\n<blockquote>\n<p><em>&#8220;Die vorgesehenen, tief in das Existenzminimum eingreifenden Sanktionsm\u00f6glichkeiten gef\u00e4hrden gerade benachteiligte Personengruppen.&#8221;<\/em><\/p>\n<\/blockquote>\n<p>Mit der Umstellung auf die Neue Grundsicherung stelle die Bundesregierung &#8220;Verdacht vor Vertrauen&#8221;.<\/p>\n<p>Auch der Pr\u00e4sident der Arbeiterwohlfahrt (AWO), Michael Gro\u00df, bem\u00e4ngelte die Ausrichtung der &#8220;Reform&#8221;: &#8220;Uns reicht&#8217;s&#8221;, zitiert ihn die <em>Zeit<\/em>. Und weiter:<\/p>\n<blockquote>\n<p><em>&#8220;Es wurde lang genug dar\u00fcber diskutiert, wie man weiter auf dem R\u00fccken der \u00c4rmsten sparen kann \u2013 diese Debatte ist f\u00fcr ein reiches Land wie Deutschland besch\u00e4mend.&#8221;<\/em><\/p>\n<\/blockquote>\n<p>Gro\u00df vertrat die Ansicht, dass die Debatte von den eigentlichen Problemen des Landes ablenke. In den zur\u00fcckliegenden f\u00fcnf Jahren seien die Preise allein f\u00fcr Lebensmittel um 36 Prozent gestiegen. Und f\u00fcr diesen Anstieg bei den Lebenshaltungskosten habe es f\u00fcr Menschen am Existenzminimum keinen Ausgleich gegeben. Der AWO-Chef weiter: &#8220;Mit der Neuen Grundsicherung verwendet die Bundesregierung viel Energiedarauf, Menschen in Not sch\u00e4rfer zu sanktionieren.&#8221;<\/p>\n<p>Ebenfalls ablehnend \u00e4u\u00dferte sich der Wohlfahrtsverband der Evangelischen Kirche in Deutschland, Diakonie Deutschland. Verbandspr\u00e4sident R\u00fcdiger Schuch erkl\u00e4rte zu dem Kabinettsbeschluss: &#8220;Statt den Druck zu erh\u00f6hen, sollte die Regierung die Jobcenter so ausstatten, dass sie Menschen durch gute und wirksame Beratung, F\u00f6rderung und Vermittlung langfristig in Arbeit bringen k\u00f6nnen.&#8221;<\/p>\n<p>Sollten die Regierungspl\u00e4ne umgesetzt werden, w\u00e4re das &#8220;B\u00fcrgergeld&#8221; nach nur drei Jahren bereits wieder Geschichte. Die SPD-gef\u00fchrte Ampel-Regierung unter Olaf Scholz hatte im Dezember 2022 die bis dahin fast 20 Jahre geltenden sogenannten Hartz-IV-Regelungen ge\u00e4ndert und umbenannt.<\/p>\n<p><strong>Mehr zum Thema<\/strong> \u2013\u00a0<a rel=\"nofollow noopener\" target=\"_blank\" href=\"https:\/\/freedert.online\/gesellschaft\/264516-rechtlos-mit-neuer-grundsicherung-hungerstrafen\/\">Rechtlos mit &#8220;neuer Grundsicherung&#8221;: Hungerstrafen gehen der Union nicht weit genug<\/a><\/p>\n<div class=\"EmbedBlock-root EmbedBlock-externalVideo EmbedBlock-rumble\">\n<div class=\"VkEmbed\"><iframe class=\"lazyload\" data-src=\"https:\/\/rumble.com\/embed\/v70v29m\" frameborder=\"0\" width=\"853\" height=\"480\" allowfullscreen><\/iframe><\/div>\n<\/div>\n<\/div>\n<p><br \/>\n<br \/><a href=\"https:\/\/de.rt.com\/wirtschaft\/265076-buergergeld-adieu-bundeskabinett-verabschiedet-neue\/\">Source link <\/a><\/p>\n","protected":false},"excerpt":{"rendered":"<p>Wie im Herbst angek\u00fcndigt, hat das Bundeskabinett auf seiner heutigen Sitzung die Abschaffung des &#8220;B\u00fcrgergeldes&#8221; beschlossen. Die k\u00fcnftige Grundsicherung beinhaltet strengere Regeln bei Vers\u00e4umnissen der Leistungsbezieher. Der Druck zur Aufnahme einer Arbeit wird erh\u00f6ht. Die Bundesregierung hat die sogenannte Reform des &#8220;B\u00fcrgergeldes&#8221; verabschiedet. Auf der heutigen Kabinettssitzung wurde der Gesetzentwurf von Bundesarbeitsministerin B\u00e4rbel Bas (SPD) [&hellip;]<\/p>\n","protected":false},"author":3,"featured_media":95979,"comment_status":"open","ping_status":"open","sticky":false,"template":"","format":"standard","meta":{"_yoast_indexnow_last_ping":["1765992562"],"wp_automatic_camp":["217"],"d207b2393dc2e4750cfe3cb6f19442e7":["B\u00fcrgergeld adieu: Bundeskabinett verabschiedet neue Grundsicherung \u2013 und versch\u00e4rfte Sanktionen"],"original_link":["https:\/\/de.rt.com\/wirtschaft\/265076-buergergeld-adieu-bundeskabinett-verabschiedet-neue\/"],"_thumbnail_id":["95979"],"jnews_social_counter_last_update":["1777169666"],"_wptgpro_p2tg_sent2tg":["a:1:{i:23737;s:19:\"2025-12-17 19:30:21\";}"]},"categories":[19,23],"tags":[70002,35553,16670,28111,1227,713,140,13893,33752],"yoast_head":"<!-- This site is optimized with the Yoast SEO Premium plugin v22.7 (Yoast SEO v22.7) - https:\/\/yoast.com\/wordpress\/plugins\/seo\/ -->\n<title>B\u00fcrgergeld adieu: Bundeskabinett verabschiedet neue Grundsicherung \u2013 und versch\u00e4rfte Sanktionen - just-now.NEWS Deutschland<\/title>\n<meta name=\"robots\" content=\"index, follow, max-snippet:-1, max-image-preview:large, max-video-preview:-1\" \/>\n<link rel=\"canonical\" href=\"https:\/\/now-news.de\/de\/deutschland\/buergergeld-adieu-bundeskabinett-verabschiedet-neue-grundsicherung-und-verschaerfte-sanktionen\/\" \/>\n<meta property=\"og:locale\" content=\"de_DE\" \/>\n<meta property=\"og:type\" content=\"article\" \/>\n<meta property=\"og:title\" content=\"B\u00fcrgergeld adieu: Bundeskabinett verabschiedet neue Grundsicherung \u2013 und versch\u00e4rfte Sanktionen\" \/>\n<meta property=\"og:description\" content=\"Wie im Herbst angek\u00fcndigt, hat das Bundeskabinett auf seiner heutigen Sitzung die Abschaffung des &#8220;B\u00fcrgergeldes&#8221; beschlossen. Die k\u00fcnftige Grundsicherung beinhaltet strengere Regeln bei Vers\u00e4umnissen der Leistungsbezieher. Der Druck zur Aufnahme einer Arbeit wird erh\u00f6ht. Die Bundesregierung hat die sogenannte Reform des &#8220;B\u00fcrgergeldes&#8221; verabschiedet. Auf der heutigen Kabinettssitzung wurde der Gesetzentwurf von Bundesarbeitsministerin B\u00e4rbel Bas (SPD) [&hellip;]\" \/>\n<meta property=\"og:url\" content=\"https:\/\/now-news.de\/de\/deutschland\/buergergeld-adieu-bundeskabinett-verabschiedet-neue-grundsicherung-und-verschaerfte-sanktionen\/\" \/>\n<meta property=\"og:site_name\" content=\"just-now.NEWS Deutschland\" \/>\n<meta property=\"article:publisher\" content=\"https:\/\/www.facebook.com\/wirmachenauf\" \/>\n<meta property=\"article:published_time\" content=\"2025-12-17T16:55:27+00:00\" \/>\n<meta property=\"og:image\" content=\"https:\/\/now-news.de\/de\/wp-content\/uploads\/sites\/3\/2025\/12\/6942cf09b480cc6374061932.jpg\" \/>\n<meta name=\"author\" content=\"rtnews\" \/>\n<meta name=\"twitter:card\" content=\"summary_large_image\" \/>\n<meta name=\"twitter:creator\" content=\"@WirMachenAuf_de\" \/>\n<meta name=\"twitter:site\" content=\"@WirMachenAuf_de\" \/>\n<meta name=\"twitter:label1\" content=\"Verfasst von\" \/>\n\t<meta name=\"twitter:data1\" content=\"rtnews\" \/>\n\t<meta name=\"twitter:label2\" content=\"Gesch\u00e4tzte Lesezeit\" \/>\n\t<meta name=\"twitter:data2\" content=\"5\u00a0Minuten\" \/>\n<script type=\"application\/ld+json\" class=\"yoast-schema-graph\">{\"@context\":\"https:\/\/schema.org\",\"@graph\":[{\"@type\":\"Article\",\"@id\":\"https:\/\/now-news.de\/de\/deutschland\/buergergeld-adieu-bundeskabinett-verabschiedet-neue-grundsicherung-und-verschaerfte-sanktionen\/#article\",\"isPartOf\":{\"@id\":\"https:\/\/now-news.de\/de\/deutschland\/buergergeld-adieu-bundeskabinett-verabschiedet-neue-grundsicherung-und-verschaerfte-sanktionen\/\"},\"author\":{\"name\":\"rtnews\",\"@id\":\"https:\/\/now-news.de\/de\/#\/schema\/person\/fb534a4e865501d8b3285208df34a9b5\"},\"headline\":\"B\u00fcrgergeld adieu: Bundeskabinett verabschiedet neue Grundsicherung \u2013 und versch\u00e4rfte Sanktionen\",\"datePublished\":\"2025-12-17T16:55:27+00:00\",\"dateModified\":\"2025-12-17T16:55:27+00:00\",\"mainEntityOfPage\":{\"@id\":\"https:\/\/now-news.de\/de\/deutschland\/buergergeld-adieu-bundeskabinett-verabschiedet-neue-grundsicherung-und-verschaerfte-sanktionen\/\"},\"wordCount\":992,\"commentCount\":0,\"publisher\":{\"@id\":\"https:\/\/now-news.de\/de\/#organization\"},\"image\":{\"@id\":\"https:\/\/now-news.de\/de\/deutschland\/buergergeld-adieu-bundeskabinett-verabschiedet-neue-grundsicherung-und-verschaerfte-sanktionen\/#primaryimage\"},\"thumbnailUrl\":\"https:\/\/now-news.de\/de\/wp-content\/uploads\/sites\/3\/2025\/12\/Buergergeld-adieu-Bundeskabinett-verabschiedet-neue-Grundsicherung-\u2013-und-verschaerfte-Sanktionen.jpg\",\"keywords\":[\"adieu\",\"Bundeskabinett\",\"b\u00fcrgergeld\",\"Grundsicherung\",\"NEUE\",\"Sanktionen\",\"und\",\"verabschiedet\",\"versch\u00e4rfte\"],\"articleSection\":[\"Deutschland\",\"Russland\"],\"inLanguage\":\"de\",\"potentialAction\":[{\"@type\":\"CommentAction\",\"name\":\"Comment\",\"target\":[\"https:\/\/now-news.de\/de\/deutschland\/buergergeld-adieu-bundeskabinett-verabschiedet-neue-grundsicherung-und-verschaerfte-sanktionen\/#respond\"]}]},{\"@type\":\"WebPage\",\"@id\":\"https:\/\/now-news.de\/de\/deutschland\/buergergeld-adieu-bundeskabinett-verabschiedet-neue-grundsicherung-und-verschaerfte-sanktionen\/\",\"url\":\"https:\/\/now-news.de\/de\/deutschland\/buergergeld-adieu-bundeskabinett-verabschiedet-neue-grundsicherung-und-verschaerfte-sanktionen\/\",\"name\":\"B\u00fcrgergeld adieu: Bundeskabinett verabschiedet neue Grundsicherung \u2013 und versch\u00e4rfte Sanktionen - just-now.NEWS Deutschland\",\"isPartOf\":{\"@id\":\"https:\/\/now-news.de\/de\/#website\"},\"primaryImageOfPage\":{\"@id\":\"https:\/\/now-news.de\/de\/deutschland\/buergergeld-adieu-bundeskabinett-verabschiedet-neue-grundsicherung-und-verschaerfte-sanktionen\/#primaryimage\"},\"image\":{\"@id\":\"https:\/\/now-news.de\/de\/deutschland\/buergergeld-adieu-bundeskabinett-verabschiedet-neue-grundsicherung-und-verschaerfte-sanktionen\/#primaryimage\"},\"thumbnailUrl\":\"https:\/\/now-news.de\/de\/wp-content\/uploads\/sites\/3\/2025\/12\/Buergergeld-adieu-Bundeskabinett-verabschiedet-neue-Grundsicherung-\u2013-und-verschaerfte-Sanktionen.jpg\",\"datePublished\":\"2025-12-17T16:55:27+00:00\",\"dateModified\":\"2025-12-17T16:55:27+00:00\",\"breadcrumb\":{\"@id\":\"https:\/\/now-news.de\/de\/deutschland\/buergergeld-adieu-bundeskabinett-verabschiedet-neue-grundsicherung-und-verschaerfte-sanktionen\/#breadcrumb\"},\"inLanguage\":\"de\",\"potentialAction\":[{\"@type\":\"ReadAction\",\"target\":[\"https:\/\/now-news.de\/de\/deutschland\/buergergeld-adieu-bundeskabinett-verabschiedet-neue-grundsicherung-und-verschaerfte-sanktionen\/\"]}]},{\"@type\":\"ImageObject\",\"inLanguage\":\"de\",\"@id\":\"https:\/\/now-news.de\/de\/deutschland\/buergergeld-adieu-bundeskabinett-verabschiedet-neue-grundsicherung-und-verschaerfte-sanktionen\/#primaryimage\",\"url\":\"https:\/\/now-news.de\/de\/wp-content\/uploads\/sites\/3\/2025\/12\/Buergergeld-adieu-Bundeskabinett-verabschiedet-neue-Grundsicherung-\u2013-und-verschaerfte-Sanktionen.jpg\",\"contentUrl\":\"https:\/\/now-news.de\/de\/wp-content\/uploads\/sites\/3\/2025\/12\/Buergergeld-adieu-Bundeskabinett-verabschiedet-neue-Grundsicherung-\u2013-und-verschaerfte-Sanktionen.jpg\",\"width\":460,\"height\":259,\"caption\":\"B\u00fcrgergeld adieu: Bundeskabinett verabschiedet neue Grundsicherung \u2013 und versch\u00e4rfte Sanktionen\"},{\"@type\":\"BreadcrumbList\",\"@id\":\"https:\/\/now-news.de\/de\/deutschland\/buergergeld-adieu-bundeskabinett-verabschiedet-neue-grundsicherung-und-verschaerfte-sanktionen\/#breadcrumb\",\"itemListElement\":[{\"@type\":\"ListItem\",\"position\":1,\"name\":\"Home\",\"item\":\"https:\/\/now-news.de\/de\/\"},{\"@type\":\"ListItem\",\"position\":2,\"name\":\"B\u00fcrgergeld adieu: Bundeskabinett verabschiedet neue Grundsicherung \u2013 und versch\u00e4rfte Sanktionen\"}]},{\"@type\":\"WebSite\",\"@id\":\"https:\/\/now-news.de\/de\/#website\",\"url\":\"https:\/\/now-news.de\/de\/\",\"name\":\"just-now.NEWS Deutschland\",\"description\":\"Das Portal f\u00fcr unzensierte Nachrichten aus der Welt\",\"publisher\":{\"@id\":\"https:\/\/now-news.de\/de\/#organization\"},\"potentialAction\":[{\"@type\":\"SearchAction\",\"target\":{\"@type\":\"EntryPoint\",\"urlTemplate\":\"https:\/\/now-news.de\/de\/?s={search_term_string}\"},\"query-input\":\"required name=search_term_string\"}],\"inLanguage\":\"de\"},{\"@type\":\"Organization\",\"@id\":\"https:\/\/now-news.de\/de\/#organization\",\"name\":\"Just Now News\",\"url\":\"https:\/\/now-news.de\/de\/\",\"logo\":{\"@type\":\"ImageObject\",\"inLanguage\":\"de\",\"@id\":\"https:\/\/now-news.de\/de\/#\/schema\/logo\/image\/\",\"url\":\"http:\/\/just-now.news\/de\/wp-content\/uploads\/sites\/3\/2022\/04\/logo500x500.jpg\",\"contentUrl\":\"http:\/\/just-now.news\/de\/wp-content\/uploads\/sites\/3\/2022\/04\/logo500x500.jpg\",\"width\":500,\"height\":500,\"caption\":\"Just Now News\"},\"image\":{\"@id\":\"https:\/\/now-news.de\/de\/#\/schema\/logo\/image\/\"},\"sameAs\":[\"https:\/\/www.facebook.com\/wirmachenauf\",\"https:\/\/x.com\/WirMachenAuf_de\"]},{\"@type\":\"Person\",\"@id\":\"https:\/\/now-news.de\/de\/#\/schema\/person\/fb534a4e865501d8b3285208df34a9b5\",\"name\":\"rtnews\",\"image\":{\"@type\":\"ImageObject\",\"inLanguage\":\"de\",\"@id\":\"https:\/\/now-news.de\/de\/#\/schema\/person\/image\/\",\"url\":\"https:\/\/secure.gravatar.com\/avatar\/82aafea7d8127119dd649515f56e2117?s=96&d=mm&r=g\",\"contentUrl\":\"https:\/\/secure.gravatar.com\/avatar\/82aafea7d8127119dd649515f56e2117?s=96&d=mm&r=g\",\"caption\":\"rtnews\"},\"url\":\"https:\/\/now-news.de\/de\/author\/rnews\/\"}]}<\/script>\n<!-- \/ Yoast SEO Premium plugin. -->","yoast_head_json":{"title":"B\u00fcrgergeld adieu: Bundeskabinett verabschiedet neue Grundsicherung \u2013 und versch\u00e4rfte Sanktionen - just-now.NEWS Deutschland","robots":{"index":"index","follow":"follow","max-snippet":"max-snippet:-1","max-image-preview":"max-image-preview:large","max-video-preview":"max-video-preview:-1"},"canonical":"https:\/\/now-news.de\/de\/deutschland\/buergergeld-adieu-bundeskabinett-verabschiedet-neue-grundsicherung-und-verschaerfte-sanktionen\/","og_locale":"de_DE","og_type":"article","og_title":"B\u00fcrgergeld adieu: Bundeskabinett verabschiedet neue Grundsicherung \u2013 und versch\u00e4rfte Sanktionen","og_description":"Wie im Herbst angek\u00fcndigt, hat das Bundeskabinett auf seiner heutigen Sitzung die Abschaffung des &#8220;B\u00fcrgergeldes&#8221; beschlossen. Die k\u00fcnftige Grundsicherung beinhaltet strengere Regeln bei Vers\u00e4umnissen der Leistungsbezieher. Der Druck zur Aufnahme einer Arbeit wird erh\u00f6ht. Die Bundesregierung hat die sogenannte Reform des &#8220;B\u00fcrgergeldes&#8221; verabschiedet. Auf der heutigen Kabinettssitzung wurde der Gesetzentwurf von Bundesarbeitsministerin B\u00e4rbel Bas (SPD) [&hellip;]","og_url":"https:\/\/now-news.de\/de\/deutschland\/buergergeld-adieu-bundeskabinett-verabschiedet-neue-grundsicherung-und-verschaerfte-sanktionen\/","og_site_name":"just-now.NEWS Deutschland","article_publisher":"https:\/\/www.facebook.com\/wirmachenauf","article_published_time":"2025-12-17T16:55:27+00:00","og_image":[{"url":"https:\/\/now-news.de\/de\/wp-content\/uploads\/sites\/3\/2025\/12\/6942cf09b480cc6374061932.jpg"}],"author":"rtnews","twitter_card":"summary_large_image","twitter_creator":"@WirMachenAuf_de","twitter_site":"@WirMachenAuf_de","twitter_misc":{"Verfasst von":"rtnews","Gesch\u00e4tzte Lesezeit":"5\u00a0Minuten"},"schema":{"@context":"https:\/\/schema.org","@graph":[{"@type":"Article","@id":"https:\/\/now-news.de\/de\/deutschland\/buergergeld-adieu-bundeskabinett-verabschiedet-neue-grundsicherung-und-verschaerfte-sanktionen\/#article","isPartOf":{"@id":"https:\/\/now-news.de\/de\/deutschland\/buergergeld-adieu-bundeskabinett-verabschiedet-neue-grundsicherung-und-verschaerfte-sanktionen\/"},"author":{"name":"rtnews","@id":"https:\/\/now-news.de\/de\/#\/schema\/person\/fb534a4e865501d8b3285208df34a9b5"},"headline":"B\u00fcrgergeld adieu: Bundeskabinett verabschiedet neue Grundsicherung \u2013 und versch\u00e4rfte Sanktionen","datePublished":"2025-12-17T16:55:27+00:00","dateModified":"2025-12-17T16:55:27+00:00","mainEntityOfPage":{"@id":"https:\/\/now-news.de\/de\/deutschland\/buergergeld-adieu-bundeskabinett-verabschiedet-neue-grundsicherung-und-verschaerfte-sanktionen\/"},"wordCount":992,"commentCount":0,"publisher":{"@id":"https:\/\/now-news.de\/de\/#organization"},"image":{"@id":"https:\/\/now-news.de\/de\/deutschland\/buergergeld-adieu-bundeskabinett-verabschiedet-neue-grundsicherung-und-verschaerfte-sanktionen\/#primaryimage"},"thumbnailUrl":"https:\/\/now-news.de\/de\/wp-content\/uploads\/sites\/3\/2025\/12\/Buergergeld-adieu-Bundeskabinett-verabschiedet-neue-Grundsicherung-\u2013-und-verschaerfte-Sanktionen.jpg","keywords":["adieu","Bundeskabinett","b\u00fcrgergeld","Grundsicherung","NEUE","Sanktionen","und","verabschiedet","versch\u00e4rfte"],"articleSection":["Deutschland","Russland"],"inLanguage":"de","potentialAction":[{"@type":"CommentAction","name":"Comment","target":["https:\/\/now-news.de\/de\/deutschland\/buergergeld-adieu-bundeskabinett-verabschiedet-neue-grundsicherung-und-verschaerfte-sanktionen\/#respond"]}]},{"@type":"WebPage","@id":"https:\/\/now-news.de\/de\/deutschland\/buergergeld-adieu-bundeskabinett-verabschiedet-neue-grundsicherung-und-verschaerfte-sanktionen\/","url":"https:\/\/now-news.de\/de\/deutschland\/buergergeld-adieu-bundeskabinett-verabschiedet-neue-grundsicherung-und-verschaerfte-sanktionen\/","name":"B\u00fcrgergeld adieu: Bundeskabinett verabschiedet neue Grundsicherung \u2013 und versch\u00e4rfte Sanktionen - just-now.NEWS Deutschland","isPartOf":{"@id":"https:\/\/now-news.de\/de\/#website"},"primaryImageOfPage":{"@id":"https:\/\/now-news.de\/de\/deutschland\/buergergeld-adieu-bundeskabinett-verabschiedet-neue-grundsicherung-und-verschaerfte-sanktionen\/#primaryimage"},"image":{"@id":"https:\/\/now-news.de\/de\/deutschland\/buergergeld-adieu-bundeskabinett-verabschiedet-neue-grundsicherung-und-verschaerfte-sanktionen\/#primaryimage"},"thumbnailUrl":"https:\/\/now-news.de\/de\/wp-content\/uploads\/sites\/3\/2025\/12\/Buergergeld-adieu-Bundeskabinett-verabschiedet-neue-Grundsicherung-\u2013-und-verschaerfte-Sanktionen.jpg","datePublished":"2025-12-17T16:55:27+00:00","dateModified":"2025-12-17T16:55:27+00:00","breadcrumb":{"@id":"https:\/\/now-news.de\/de\/deutschland\/buergergeld-adieu-bundeskabinett-verabschiedet-neue-grundsicherung-und-verschaerfte-sanktionen\/#breadcrumb"},"inLanguage":"de","potentialAction":[{"@type":"ReadAction","target":["https:\/\/now-news.de\/de\/deutschland\/buergergeld-adieu-bundeskabinett-verabschiedet-neue-grundsicherung-und-verschaerfte-sanktionen\/"]}]},{"@type":"ImageObject","inLanguage":"de","@id":"https:\/\/now-news.de\/de\/deutschland\/buergergeld-adieu-bundeskabinett-verabschiedet-neue-grundsicherung-und-verschaerfte-sanktionen\/#primaryimage","url":"https:\/\/now-news.de\/de\/wp-content\/uploads\/sites\/3\/2025\/12\/Buergergeld-adieu-Bundeskabinett-verabschiedet-neue-Grundsicherung-\u2013-und-verschaerfte-Sanktionen.jpg","contentUrl":"https:\/\/now-news.de\/de\/wp-content\/uploads\/sites\/3\/2025\/12\/Buergergeld-adieu-Bundeskabinett-verabschiedet-neue-Grundsicherung-\u2013-und-verschaerfte-Sanktionen.jpg","width":460,"height":259,"caption":"B\u00fcrgergeld adieu: Bundeskabinett verabschiedet neue Grundsicherung \u2013 und versch\u00e4rfte Sanktionen"},{"@type":"BreadcrumbList","@id":"https:\/\/now-news.de\/de\/deutschland\/buergergeld-adieu-bundeskabinett-verabschiedet-neue-grundsicherung-und-verschaerfte-sanktionen\/#breadcrumb","itemListElement":[{"@type":"ListItem","position":1,"name":"Home","item":"https:\/\/now-news.de\/de\/"},{"@type":"ListItem","position":2,"name":"B\u00fcrgergeld adieu: Bundeskabinett verabschiedet neue Grundsicherung \u2013 und versch\u00e4rfte Sanktionen"}]},{"@type":"WebSite","@id":"https:\/\/now-news.de\/de\/#website","url":"https:\/\/now-news.de\/de\/","name":"just-now.NEWS Deutschland","description":"Das Portal f\u00fcr unzensierte Nachrichten aus der Welt","publisher":{"@id":"https:\/\/now-news.de\/de\/#organization"},"potentialAction":[{"@type":"SearchAction","target":{"@type":"EntryPoint","urlTemplate":"https:\/\/now-news.de\/de\/?s={search_term_string}"},"query-input":"required name=search_term_string"}],"inLanguage":"de"},{"@type":"Organization","@id":"https:\/\/now-news.de\/de\/#organization","name":"Just Now News","url":"https:\/\/now-news.de\/de\/","logo":{"@type":"ImageObject","inLanguage":"de","@id":"https:\/\/now-news.de\/de\/#\/schema\/logo\/image\/","url":"http:\/\/just-now.news\/de\/wp-content\/uploads\/sites\/3\/2022\/04\/logo500x500.jpg","contentUrl":"http:\/\/just-now.news\/de\/wp-content\/uploads\/sites\/3\/2022\/04\/logo500x500.jpg","width":500,"height":500,"caption":"Just Now News"},"image":{"@id":"https:\/\/now-news.de\/de\/#\/schema\/logo\/image\/"},"sameAs":["https:\/\/www.facebook.com\/wirmachenauf","https:\/\/x.com\/WirMachenAuf_de"]},{"@type":"Person","@id":"https:\/\/now-news.de\/de\/#\/schema\/person\/fb534a4e865501d8b3285208df34a9b5","name":"rtnews","image":{"@type":"ImageObject","inLanguage":"de","@id":"https:\/\/now-news.de\/de\/#\/schema\/person\/image\/","url":"https:\/\/secure.gravatar.com\/avatar\/82aafea7d8127119dd649515f56e2117?s=96&d=mm&r=g","contentUrl":"https:\/\/secure.gravatar.com\/avatar\/82aafea7d8127119dd649515f56e2117?s=96&d=mm&r=g","caption":"rtnews"},"url":"https:\/\/now-news.de\/de\/author\/rnews\/"}]}},"_links":{"self":[{"href":"https:\/\/now-news.de\/de\/wp-json\/wp\/v2\/posts\/95978"}],"collection":[{"href":"https:\/\/now-news.de\/de\/wp-json\/wp\/v2\/posts"}],"about":[{"href":"https:\/\/now-news.de\/de\/wp-json\/wp\/v2\/types\/post"}],"author":[{"embeddable":true,"href":"https:\/\/now-news.de\/de\/wp-json\/wp\/v2\/users\/3"}],"replies":[{"embeddable":true,"href":"https:\/\/now-news.de\/de\/wp-json\/wp\/v2\/comments?post=95978"}],"version-history":[{"count":0,"href":"https:\/\/now-news.de\/de\/wp-json\/wp\/v2\/posts\/95978\/revisions"}],"wp:featuredmedia":[{"embeddable":true,"href":"https:\/\/now-news.de\/de\/wp-json\/wp\/v2\/media\/95979"}],"wp:attachment":[{"href":"https:\/\/now-news.de\/de\/wp-json\/wp\/v2\/media?parent=95978"}],"wp:term":[{"taxonomy":"category","embeddable":true,"href":"https:\/\/now-news.de\/de\/wp-json\/wp\/v2\/categories?post=95978"},{"taxonomy":"post_tag","embeddable":true,"href":"https:\/\/now-news.de\/de\/wp-json\/wp\/v2\/tags?post=95978"}],"curies":[{"name":"wp","href":"https:\/\/api.w.org\/{rel}","templated":true}]}}