{"id":95928,"date":"2025-12-16T15:05:59","date_gmt":"2025-12-16T13:05:59","guid":{"rendered":"https:\/\/now-news.de\/de\/deutschland\/europarat-gruendet-internationale-kommission-zur-entschaedigung-der-ukraine\/"},"modified":"2025-12-16T15:05:59","modified_gmt":"2025-12-16T13:05:59","slug":"europarat-gruendet-internationale-kommission-zur-entschaedigung-der-ukraine","status":"publish","type":"post","link":"https:\/\/now-news.de\/de\/deutschland\/europarat-gruendet-internationale-kommission-zur-entschaedigung-der-ukraine\/","title":{"rendered":"Europarat gr\u00fcndet &quot;Internationale Kommission&quot; zur Entsch\u00e4digung der Ukraine"},"content":{"rendered":"<p><img decoding=\"async\" src=\"https:\/\/now-news.de\/de\/wp-content\/uploads\/sites\/3\/2025\/12\/69414fb748fbef70a9127604.jpg\" \/><\/p>\n<div class=\"Text-root Text-type_1 \">\n                Der Generalsekret\u00e4r des Europarates k\u00fcndigte die Einrichtung einer internationalen Kommission f\u00fcr Entsch\u00e4digungsanspr\u00fcche an, die sich mit den Forderungen der Ukraine befassen soll. Die Initiative wird als Teil der internationalen Bem\u00fchungen pr\u00e4sentiert, die Folgen des Konflikts einseitig aus Sicht Kiews und seiner Unterst\u00fctzer zu regeln.\n            <\/div>\n<p><\/p>\n<div class=\"Text-root Text-type_5 ArticleView-text ViewText-root \">\n<p data-start=\"186\" data-end=\"462\">Hochrangige Vertreter der EU, der NATO und weiterer westlicher Staaten treffen sich am Dienstag im World Forum in Den Haag, um ein \u00dcbereinkommen zur Gr\u00fcndung einer internationalen Kommission\u00a0zur Entsch\u00e4digung der Ukraine zu unterzeichnen.<\/p>\n<p data-start=\"464\" data-end=\"848\">Die Kommission soll den zweiten Teil eines von westlichen Staaten initiierten Entsch\u00e4digungsmechanismus bilden, der auf dem 2023 eingerichteten Schadensregister f\u00fcr die Ukraine aufbaut.<\/p>\n<p data-start=\"464\" data-end=\"848\">Dieses Register erfasst bereits \u00fcber 80.000 Antr\u00e4ge ukrainischer Privatpersonen, Organisationen und \u00f6ffentlicher Einrichtungen und wird von 44 Staaten sowie der Europ\u00e4ischen Union <a rel=\"nofollow noopener\" target=\"_blank\" href=\"https:\/\/www.coe.int\/de\/web\/portal\/-\/council-of-europe-conference-to-launch-international-claims-commission-for-ukraine\">unterst\u00fctzt<\/a>.<\/p>\n<p data-start=\"850\" data-end=\"1223\">Die Kommission wird die Antr\u00e4ge pr\u00fcfen, bewerten und \u00fcber Entsch\u00e4digungen entscheiden. Offiziell soll sie unabh\u00e4ngig arbeiten, doch die Initiative wird von Beobachtern als Teil der einseitigen westlichen Ma\u00dfnahmen gegen Russland gesehen.<\/p>\n<p data-start=\"850\" data-end=\"1223\">Das \u00dcbereinkommen tritt in Kraft, sobald es mindestens 25 Unterzeichnerstaaten ratifiziert haben und die Finanzierung gesichert ist.<\/p>\n<p data-start=\"1225\" data-end=\"1443\">Generalsekret\u00e4r Alain Berset betonte, dass Europarat, EU und NATO die Ukraine unterst\u00fctzten. Kritiker weisen darauf hin, dass die Ma\u00dfnahme vor allem den westlichen Interessen dient und Russland einseitig belastet.<\/p>\n<p data-start=\"1445\" data-end=\"1695\">Die offiziellen Verhandlungen \u00fcber die Kommission wurden 2025 von den Niederlanden und der Ukraine unter Mitwirkung des Europarates organisiert. Mehr als 50 Staaten sowie die Europ\u00e4ische Union waren an der Ausarbeitung des \u00dcbereinkommens beteiligt.<\/p>\n<p data-start=\"120\" data-end=\"591\">W\u00e4hrend in Den Haag westliche Staaten die Einrichtung einer internationalen Kommission\u00a0zur Entsch\u00e4digung der Ukraine vorantreiben, zeigen sich in Br\u00fcssel die Grenzen der europ\u00e4ischen Einigkeit im Umgang mit Russland.<\/p>\n<p data-start=\"120\" data-end=\"591\">Parallel zu den einseitigen Entsch\u00e4digungsinitiativen der EU und NATO st\u00f6\u00dft der Vorschlag der Europ\u00e4ischen Kommission, eingefrorene russische Verm\u00f6genswerte als Kreditsicherung f\u00fcr die Ukraine zu nutzen, auf wachsenden Widerstand innerhalb der Union.<\/p>\n<p data-start=\"283\" data-end=\"651\">Der Vorschlag der Europ\u00e4ischen Kommission, eingefrorene russische Verm\u00f6genswerte als Sicherheiten f\u00fcr Kredite an die Ukraine zu verwenden, st\u00f6\u00dft zunehmend auf Widerstand innerhalb der Union.<\/p>\n<p data-start=\"283\" data-end=\"651\">Neben Belgien, Ungarn und der Slowakei haben sich nun auch Italien, Bulgarien, Malta und die Tschechische Republik dem Vorhaben entgegen\u00adgestellt.<\/p>\n<p data-start=\"653\" data-end=\"1075\">Belgien, Sitz des gr\u00f6\u00dften Teils der betroffenen Konten bei Euroclear, warnt vor m\u00f6glichen Haftungsrisiken, falls Russland rechtlich gegen die Nutzung vorgehen sollte. Andere Staaten f\u00fcrchten, dass ein einseitiges Vorgehen gegen Russland die internationale Rechtsordnung untergr\u00e4bt.<\/p>\n<p data-start=\"1077\" data-end=\"1416\">Ungarn und die Slowakei, die wiederholt einen eher zur\u00fcckhaltenden Kurs gegen\u00fcber Russland verfolgt haben, sehen in dem Vorhaben eine zus\u00e4tzliche Belastung ihrer Position innerhalb der EU. Italien und Malta \u00e4u\u00dfern Bedenken, dass die Initiative den Zusammenhalt der Union gef\u00e4hrden k\u00f6nnte.<\/p>\n<p data-start=\"1418\" data-end=\"1739\">Die Kommission verweist auf die M\u00f6glichkeit einer qualifizierten Mehrheit, um das Vorhaben umzusetzen, r\u00e4umt jedoch ein, dass ohne die Zustimmung Belgiens eine praktische Umsetzung erschwert sei. Russland reagierte umgehend mit scharfer Kritik und reichte eine Klage \u00fcber rund 230 Milliarden Dollar gegen Euroclear ein.<\/p>\n<p data-start=\"408\" data-end=\"773\">Die divergierenden Positionen innerhalb der EU machen deutlich, wie schwierig ein einheitlicher Kurs in au\u00dfenpolitischen Fragen ist. Ob und in welchem Umfang die Union die eingefrorenen russischen Gelder nutzen kann, wird entscheidend f\u00fcr ihre politische und rechtliche Handlungsf\u00e4higkeit sein.<\/p>\n<p data-start=\"86\" data-end=\"377\"><strong>Mehr zum Thema &#8211;<\/strong>\u00a0<a rel=\"nofollow noopener\" target=\"_blank\" href=\"https:\/\/freedert.online\/meinung\/264857-merz-maerchen-wenn-stolzer-nazi\/\">Das Merz-M\u00e4rchen: Wenn ein stolzer Nazi-Enkel Putin mit Hitler vergleicht<\/a><\/p>\n<div class=\"EmbedBlock-root EmbedBlock-externalVideo EmbedBlock-rumble\">\n<div class=\"VkEmbed\"><iframe class=\"lazyload\" data-src=\"https:\/\/rumble.com\/embed\/v70v79u\" frameborder=\"0\" width=\"853\" height=\"480\" allowfullscreen><\/iframe><\/div>\n<\/div>\n<\/div>\n<p><br \/>\n<br \/><a href=\"https:\/\/de.rt.com\/europa\/264951-europarat-gruendet-internationale-kommission-fuer\/\">Source link <\/a><\/p>\n","protected":false},"excerpt":{"rendered":"<p>Der Generalsekret\u00e4r des Europarates k\u00fcndigte die Einrichtung einer internationalen Kommission f\u00fcr Entsch\u00e4digungsanspr\u00fcche an, die sich mit den Forderungen der Ukraine befassen soll. Die Initiative wird als Teil der internationalen Bem\u00fchungen pr\u00e4sentiert, die Folgen des Konflikts einseitig aus Sicht Kiews und seiner Unterst\u00fctzer zu regeln. Hochrangige Vertreter der EU, der NATO und weiterer westlicher Staaten treffen [&hellip;]<\/p>\n","protected":false},"author":3,"featured_media":95929,"comment_status":"open","ping_status":"open","sticky":false,"template":"","format":"standard","meta":{"_yoast_indexnow_last_ping":["1765909696"],"wp_automatic_camp":["217"],"7711d6695f9d92aa7b37784b6538fef4":["Europarat gr\u00fcndet &quot;Internationale Kommission&quot; zur Entsch\u00e4digung der Ukraine"],"original_link":["https:\/\/de.rt.com\/europa\/264951-europarat-gruendet-internationale-kommission-fuer\/"],"_thumbnail_id":["95929"],"jnews_social_counter_last_update":["1777341991"],"_wptgpro_p2tg_sent2tg":["a:1:{i:23737;s:19:\"2025-12-16 20:29:17\";}"]},"categories":[19,23],"tags":[82,12651,19878,13981,69982,29104,127,581],"yoast_head":"<!-- This site is optimized with the Yoast SEO Premium plugin v22.7 (Yoast SEO v22.7) - https:\/\/yoast.com\/wordpress\/plugins\/seo\/ -->\n<title>Europarat gr\u00fcndet &quot;Internationale Kommission&quot; zur Entsch\u00e4digung der Ukraine - just-now.NEWS Deutschland<\/title>\n<meta name=\"robots\" content=\"index, follow, max-snippet:-1, max-image-preview:large, max-video-preview:-1\" \/>\n<link rel=\"canonical\" href=\"https:\/\/now-news.de\/de\/deutschland\/europarat-gruendet-internationale-kommission-zur-entschaedigung-der-ukraine\/\" \/>\n<meta property=\"og:locale\" content=\"de_DE\" \/>\n<meta property=\"og:type\" content=\"article\" \/>\n<meta property=\"og:title\" content=\"Europarat gr\u00fcndet &quot;Internationale Kommission&quot; zur Entsch\u00e4digung der Ukraine\" \/>\n<meta property=\"og:description\" content=\"Der Generalsekret\u00e4r des Europarates k\u00fcndigte die Einrichtung einer internationalen Kommission f\u00fcr Entsch\u00e4digungsanspr\u00fcche an, die sich mit den Forderungen der Ukraine befassen soll. Die Initiative wird als Teil der internationalen Bem\u00fchungen pr\u00e4sentiert, die Folgen des Konflikts einseitig aus Sicht Kiews und seiner Unterst\u00fctzer zu regeln. Hochrangige Vertreter der EU, der NATO und weiterer westlicher Staaten treffen [&hellip;]\" \/>\n<meta property=\"og:url\" content=\"https:\/\/now-news.de\/de\/deutschland\/europarat-gruendet-internationale-kommission-zur-entschaedigung-der-ukraine\/\" \/>\n<meta property=\"og:site_name\" content=\"just-now.NEWS Deutschland\" \/>\n<meta property=\"article:publisher\" content=\"https:\/\/www.facebook.com\/wirmachenauf\" \/>\n<meta property=\"article:published_time\" content=\"2025-12-16T13:05:59+00:00\" \/>\n<meta property=\"og:image\" content=\"https:\/\/now-news.de\/de\/wp-content\/uploads\/sites\/3\/2025\/12\/69414fb748fbef70a9127604.jpg\" \/>\n<meta name=\"author\" content=\"rtnews\" \/>\n<meta name=\"twitter:card\" content=\"summary_large_image\" \/>\n<meta name=\"twitter:creator\" content=\"@WirMachenAuf_de\" \/>\n<meta name=\"twitter:site\" content=\"@WirMachenAuf_de\" \/>\n<meta name=\"twitter:label1\" content=\"Verfasst von\" \/>\n\t<meta name=\"twitter:data1\" content=\"rtnews\" \/>\n\t<meta name=\"twitter:label2\" content=\"Gesch\u00e4tzte Lesezeit\" \/>\n\t<meta name=\"twitter:data2\" content=\"3\u00a0Minuten\" \/>\n<script type=\"application\/ld+json\" class=\"yoast-schema-graph\">{\"@context\":\"https:\/\/schema.org\",\"@graph\":[{\"@type\":\"Article\",\"@id\":\"https:\/\/now-news.de\/de\/deutschland\/europarat-gruendet-internationale-kommission-zur-entschaedigung-der-ukraine\/#article\",\"isPartOf\":{\"@id\":\"https:\/\/now-news.de\/de\/deutschland\/europarat-gruendet-internationale-kommission-zur-entschaedigung-der-ukraine\/\"},\"author\":{\"name\":\"rtnews\",\"@id\":\"https:\/\/now-news.de\/de\/#\/schema\/person\/fb534a4e865501d8b3285208df34a9b5\"},\"headline\":\"Europarat gr\u00fcndet &quot;Internationale Kommission&quot; zur Entsch\u00e4digung der Ukraine\",\"datePublished\":\"2025-12-16T13:05:59+00:00\",\"dateModified\":\"2025-12-16T13:05:59+00:00\",\"mainEntityOfPage\":{\"@id\":\"https:\/\/now-news.de\/de\/deutschland\/europarat-gruendet-internationale-kommission-zur-entschaedigung-der-ukraine\/\"},\"wordCount\":573,\"commentCount\":0,\"publisher\":{\"@id\":\"https:\/\/now-news.de\/de\/#organization\"},\"image\":{\"@id\":\"https:\/\/now-news.de\/de\/deutschland\/europarat-gruendet-internationale-kommission-zur-entschaedigung-der-ukraine\/#primaryimage\"},\"thumbnailUrl\":\"https:\/\/now-news.de\/de\/wp-content\/uploads\/sites\/3\/2025\/12\/Europarat-gruendet-quotInternationale-Kommissionquot-zur-Entschaedigung-der-Ukraine.jpg\",\"keywords\":[\"der\",\"Entsch\u00e4digung\",\"Europarat\",\"gr\u00fcndet\",\"Kommissionquot\",\"quotInternationale\",\"ukraine\",\"zur\"],\"articleSection\":[\"Deutschland\",\"Russland\"],\"inLanguage\":\"de\",\"potentialAction\":[{\"@type\":\"CommentAction\",\"name\":\"Comment\",\"target\":[\"https:\/\/now-news.de\/de\/deutschland\/europarat-gruendet-internationale-kommission-zur-entschaedigung-der-ukraine\/#respond\"]}]},{\"@type\":\"WebPage\",\"@id\":\"https:\/\/now-news.de\/de\/deutschland\/europarat-gruendet-internationale-kommission-zur-entschaedigung-der-ukraine\/\",\"url\":\"https:\/\/now-news.de\/de\/deutschland\/europarat-gruendet-internationale-kommission-zur-entschaedigung-der-ukraine\/\",\"name\":\"Europarat gr\u00fcndet &quot;Internationale Kommission&quot; zur Entsch\u00e4digung der Ukraine - just-now.NEWS Deutschland\",\"isPartOf\":{\"@id\":\"https:\/\/now-news.de\/de\/#website\"},\"primaryImageOfPage\":{\"@id\":\"https:\/\/now-news.de\/de\/deutschland\/europarat-gruendet-internationale-kommission-zur-entschaedigung-der-ukraine\/#primaryimage\"},\"image\":{\"@id\":\"https:\/\/now-news.de\/de\/deutschland\/europarat-gruendet-internationale-kommission-zur-entschaedigung-der-ukraine\/#primaryimage\"},\"thumbnailUrl\":\"https:\/\/now-news.de\/de\/wp-content\/uploads\/sites\/3\/2025\/12\/Europarat-gruendet-quotInternationale-Kommissionquot-zur-Entschaedigung-der-Ukraine.jpg\",\"datePublished\":\"2025-12-16T13:05:59+00:00\",\"dateModified\":\"2025-12-16T13:05:59+00:00\",\"breadcrumb\":{\"@id\":\"https:\/\/now-news.de\/de\/deutschland\/europarat-gruendet-internationale-kommission-zur-entschaedigung-der-ukraine\/#breadcrumb\"},\"inLanguage\":\"de\",\"potentialAction\":[{\"@type\":\"ReadAction\",\"target\":[\"https:\/\/now-news.de\/de\/deutschland\/europarat-gruendet-internationale-kommission-zur-entschaedigung-der-ukraine\/\"]}]},{\"@type\":\"ImageObject\",\"inLanguage\":\"de\",\"@id\":\"https:\/\/now-news.de\/de\/deutschland\/europarat-gruendet-internationale-kommission-zur-entschaedigung-der-ukraine\/#primaryimage\",\"url\":\"https:\/\/now-news.de\/de\/wp-content\/uploads\/sites\/3\/2025\/12\/Europarat-gruendet-quotInternationale-Kommissionquot-zur-Entschaedigung-der-Ukraine.jpg\",\"contentUrl\":\"https:\/\/now-news.de\/de\/wp-content\/uploads\/sites\/3\/2025\/12\/Europarat-gruendet-quotInternationale-Kommissionquot-zur-Entschaedigung-der-Ukraine.jpg\",\"width\":460,\"height\":259,\"caption\":\"Europarat gr\u00fcndet &quot;Internationale Kommission&quot; zur Entsch\u00e4digung der Ukraine\"},{\"@type\":\"BreadcrumbList\",\"@id\":\"https:\/\/now-news.de\/de\/deutschland\/europarat-gruendet-internationale-kommission-zur-entschaedigung-der-ukraine\/#breadcrumb\",\"itemListElement\":[{\"@type\":\"ListItem\",\"position\":1,\"name\":\"Home\",\"item\":\"https:\/\/now-news.de\/de\/\"},{\"@type\":\"ListItem\",\"position\":2,\"name\":\"Europarat gr\u00fcndet &quot;Internationale Kommission&quot; zur Entsch\u00e4digung der Ukraine\"}]},{\"@type\":\"WebSite\",\"@id\":\"https:\/\/now-news.de\/de\/#website\",\"url\":\"https:\/\/now-news.de\/de\/\",\"name\":\"just-now.NEWS Deutschland\",\"description\":\"Das Portal f\u00fcr unzensierte Nachrichten aus der Welt\",\"publisher\":{\"@id\":\"https:\/\/now-news.de\/de\/#organization\"},\"potentialAction\":[{\"@type\":\"SearchAction\",\"target\":{\"@type\":\"EntryPoint\",\"urlTemplate\":\"https:\/\/now-news.de\/de\/?s={search_term_string}\"},\"query-input\":\"required name=search_term_string\"}],\"inLanguage\":\"de\"},{\"@type\":\"Organization\",\"@id\":\"https:\/\/now-news.de\/de\/#organization\",\"name\":\"Just Now News\",\"url\":\"https:\/\/now-news.de\/de\/\",\"logo\":{\"@type\":\"ImageObject\",\"inLanguage\":\"de\",\"@id\":\"https:\/\/now-news.de\/de\/#\/schema\/logo\/image\/\",\"url\":\"http:\/\/just-now.news\/de\/wp-content\/uploads\/sites\/3\/2022\/04\/logo500x500.jpg\",\"contentUrl\":\"http:\/\/just-now.news\/de\/wp-content\/uploads\/sites\/3\/2022\/04\/logo500x500.jpg\",\"width\":500,\"height\":500,\"caption\":\"Just Now News\"},\"image\":{\"@id\":\"https:\/\/now-news.de\/de\/#\/schema\/logo\/image\/\"},\"sameAs\":[\"https:\/\/www.facebook.com\/wirmachenauf\",\"https:\/\/x.com\/WirMachenAuf_de\"]},{\"@type\":\"Person\",\"@id\":\"https:\/\/now-news.de\/de\/#\/schema\/person\/fb534a4e865501d8b3285208df34a9b5\",\"name\":\"rtnews\",\"image\":{\"@type\":\"ImageObject\",\"inLanguage\":\"de\",\"@id\":\"https:\/\/now-news.de\/de\/#\/schema\/person\/image\/\",\"url\":\"https:\/\/secure.gravatar.com\/avatar\/82aafea7d8127119dd649515f56e2117?s=96&d=mm&r=g\",\"contentUrl\":\"https:\/\/secure.gravatar.com\/avatar\/82aafea7d8127119dd649515f56e2117?s=96&d=mm&r=g\",\"caption\":\"rtnews\"},\"url\":\"https:\/\/now-news.de\/de\/author\/rnews\/\"}]}<\/script>\n<!-- \/ Yoast SEO Premium plugin. -->","yoast_head_json":{"title":"Europarat gr\u00fcndet &quot;Internationale Kommission&quot; zur Entsch\u00e4digung der Ukraine - just-now.NEWS Deutschland","robots":{"index":"index","follow":"follow","max-snippet":"max-snippet:-1","max-image-preview":"max-image-preview:large","max-video-preview":"max-video-preview:-1"},"canonical":"https:\/\/now-news.de\/de\/deutschland\/europarat-gruendet-internationale-kommission-zur-entschaedigung-der-ukraine\/","og_locale":"de_DE","og_type":"article","og_title":"Europarat gr\u00fcndet &quot;Internationale Kommission&quot; zur Entsch\u00e4digung der Ukraine","og_description":"Der Generalsekret\u00e4r des Europarates k\u00fcndigte die Einrichtung einer internationalen Kommission f\u00fcr Entsch\u00e4digungsanspr\u00fcche an, die sich mit den Forderungen der Ukraine befassen soll. Die Initiative wird als Teil der internationalen Bem\u00fchungen pr\u00e4sentiert, die Folgen des Konflikts einseitig aus Sicht Kiews und seiner Unterst\u00fctzer zu regeln. Hochrangige Vertreter der EU, der NATO und weiterer westlicher Staaten treffen [&hellip;]","og_url":"https:\/\/now-news.de\/de\/deutschland\/europarat-gruendet-internationale-kommission-zur-entschaedigung-der-ukraine\/","og_site_name":"just-now.NEWS Deutschland","article_publisher":"https:\/\/www.facebook.com\/wirmachenauf","article_published_time":"2025-12-16T13:05:59+00:00","og_image":[{"url":"https:\/\/now-news.de\/de\/wp-content\/uploads\/sites\/3\/2025\/12\/69414fb748fbef70a9127604.jpg"}],"author":"rtnews","twitter_card":"summary_large_image","twitter_creator":"@WirMachenAuf_de","twitter_site":"@WirMachenAuf_de","twitter_misc":{"Verfasst von":"rtnews","Gesch\u00e4tzte Lesezeit":"3\u00a0Minuten"},"schema":{"@context":"https:\/\/schema.org","@graph":[{"@type":"Article","@id":"https:\/\/now-news.de\/de\/deutschland\/europarat-gruendet-internationale-kommission-zur-entschaedigung-der-ukraine\/#article","isPartOf":{"@id":"https:\/\/now-news.de\/de\/deutschland\/europarat-gruendet-internationale-kommission-zur-entschaedigung-der-ukraine\/"},"author":{"name":"rtnews","@id":"https:\/\/now-news.de\/de\/#\/schema\/person\/fb534a4e865501d8b3285208df34a9b5"},"headline":"Europarat gr\u00fcndet &quot;Internationale Kommission&quot; zur Entsch\u00e4digung der Ukraine","datePublished":"2025-12-16T13:05:59+00:00","dateModified":"2025-12-16T13:05:59+00:00","mainEntityOfPage":{"@id":"https:\/\/now-news.de\/de\/deutschland\/europarat-gruendet-internationale-kommission-zur-entschaedigung-der-ukraine\/"},"wordCount":573,"commentCount":0,"publisher":{"@id":"https:\/\/now-news.de\/de\/#organization"},"image":{"@id":"https:\/\/now-news.de\/de\/deutschland\/europarat-gruendet-internationale-kommission-zur-entschaedigung-der-ukraine\/#primaryimage"},"thumbnailUrl":"https:\/\/now-news.de\/de\/wp-content\/uploads\/sites\/3\/2025\/12\/Europarat-gruendet-quotInternationale-Kommissionquot-zur-Entschaedigung-der-Ukraine.jpg","keywords":["der","Entsch\u00e4digung","Europarat","gr\u00fcndet","Kommissionquot","quotInternationale","ukraine","zur"],"articleSection":["Deutschland","Russland"],"inLanguage":"de","potentialAction":[{"@type":"CommentAction","name":"Comment","target":["https:\/\/now-news.de\/de\/deutschland\/europarat-gruendet-internationale-kommission-zur-entschaedigung-der-ukraine\/#respond"]}]},{"@type":"WebPage","@id":"https:\/\/now-news.de\/de\/deutschland\/europarat-gruendet-internationale-kommission-zur-entschaedigung-der-ukraine\/","url":"https:\/\/now-news.de\/de\/deutschland\/europarat-gruendet-internationale-kommission-zur-entschaedigung-der-ukraine\/","name":"Europarat gr\u00fcndet &quot;Internationale Kommission&quot; zur Entsch\u00e4digung der Ukraine - just-now.NEWS Deutschland","isPartOf":{"@id":"https:\/\/now-news.de\/de\/#website"},"primaryImageOfPage":{"@id":"https:\/\/now-news.de\/de\/deutschland\/europarat-gruendet-internationale-kommission-zur-entschaedigung-der-ukraine\/#primaryimage"},"image":{"@id":"https:\/\/now-news.de\/de\/deutschland\/europarat-gruendet-internationale-kommission-zur-entschaedigung-der-ukraine\/#primaryimage"},"thumbnailUrl":"https:\/\/now-news.de\/de\/wp-content\/uploads\/sites\/3\/2025\/12\/Europarat-gruendet-quotInternationale-Kommissionquot-zur-Entschaedigung-der-Ukraine.jpg","datePublished":"2025-12-16T13:05:59+00:00","dateModified":"2025-12-16T13:05:59+00:00","breadcrumb":{"@id":"https:\/\/now-news.de\/de\/deutschland\/europarat-gruendet-internationale-kommission-zur-entschaedigung-der-ukraine\/#breadcrumb"},"inLanguage":"de","potentialAction":[{"@type":"ReadAction","target":["https:\/\/now-news.de\/de\/deutschland\/europarat-gruendet-internationale-kommission-zur-entschaedigung-der-ukraine\/"]}]},{"@type":"ImageObject","inLanguage":"de","@id":"https:\/\/now-news.de\/de\/deutschland\/europarat-gruendet-internationale-kommission-zur-entschaedigung-der-ukraine\/#primaryimage","url":"https:\/\/now-news.de\/de\/wp-content\/uploads\/sites\/3\/2025\/12\/Europarat-gruendet-quotInternationale-Kommissionquot-zur-Entschaedigung-der-Ukraine.jpg","contentUrl":"https:\/\/now-news.de\/de\/wp-content\/uploads\/sites\/3\/2025\/12\/Europarat-gruendet-quotInternationale-Kommissionquot-zur-Entschaedigung-der-Ukraine.jpg","width":460,"height":259,"caption":"Europarat gr\u00fcndet &quot;Internationale Kommission&quot; zur Entsch\u00e4digung der Ukraine"},{"@type":"BreadcrumbList","@id":"https:\/\/now-news.de\/de\/deutschland\/europarat-gruendet-internationale-kommission-zur-entschaedigung-der-ukraine\/#breadcrumb","itemListElement":[{"@type":"ListItem","position":1,"name":"Home","item":"https:\/\/now-news.de\/de\/"},{"@type":"ListItem","position":2,"name":"Europarat gr\u00fcndet &quot;Internationale Kommission&quot; zur Entsch\u00e4digung der Ukraine"}]},{"@type":"WebSite","@id":"https:\/\/now-news.de\/de\/#website","url":"https:\/\/now-news.de\/de\/","name":"just-now.NEWS Deutschland","description":"Das Portal f\u00fcr unzensierte Nachrichten aus der Welt","publisher":{"@id":"https:\/\/now-news.de\/de\/#organization"},"potentialAction":[{"@type":"SearchAction","target":{"@type":"EntryPoint","urlTemplate":"https:\/\/now-news.de\/de\/?s={search_term_string}"},"query-input":"required name=search_term_string"}],"inLanguage":"de"},{"@type":"Organization","@id":"https:\/\/now-news.de\/de\/#organization","name":"Just Now News","url":"https:\/\/now-news.de\/de\/","logo":{"@type":"ImageObject","inLanguage":"de","@id":"https:\/\/now-news.de\/de\/#\/schema\/logo\/image\/","url":"http:\/\/just-now.news\/de\/wp-content\/uploads\/sites\/3\/2022\/04\/logo500x500.jpg","contentUrl":"http:\/\/just-now.news\/de\/wp-content\/uploads\/sites\/3\/2022\/04\/logo500x500.jpg","width":500,"height":500,"caption":"Just Now News"},"image":{"@id":"https:\/\/now-news.de\/de\/#\/schema\/logo\/image\/"},"sameAs":["https:\/\/www.facebook.com\/wirmachenauf","https:\/\/x.com\/WirMachenAuf_de"]},{"@type":"Person","@id":"https:\/\/now-news.de\/de\/#\/schema\/person\/fb534a4e865501d8b3285208df34a9b5","name":"rtnews","image":{"@type":"ImageObject","inLanguage":"de","@id":"https:\/\/now-news.de\/de\/#\/schema\/person\/image\/","url":"https:\/\/secure.gravatar.com\/avatar\/82aafea7d8127119dd649515f56e2117?s=96&d=mm&r=g","contentUrl":"https:\/\/secure.gravatar.com\/avatar\/82aafea7d8127119dd649515f56e2117?s=96&d=mm&r=g","caption":"rtnews"},"url":"https:\/\/now-news.de\/de\/author\/rnews\/"}]}},"_links":{"self":[{"href":"https:\/\/now-news.de\/de\/wp-json\/wp\/v2\/posts\/95928"}],"collection":[{"href":"https:\/\/now-news.de\/de\/wp-json\/wp\/v2\/posts"}],"about":[{"href":"https:\/\/now-news.de\/de\/wp-json\/wp\/v2\/types\/post"}],"author":[{"embeddable":true,"href":"https:\/\/now-news.de\/de\/wp-json\/wp\/v2\/users\/3"}],"replies":[{"embeddable":true,"href":"https:\/\/now-news.de\/de\/wp-json\/wp\/v2\/comments?post=95928"}],"version-history":[{"count":0,"href":"https:\/\/now-news.de\/de\/wp-json\/wp\/v2\/posts\/95928\/revisions"}],"wp:featuredmedia":[{"embeddable":true,"href":"https:\/\/now-news.de\/de\/wp-json\/wp\/v2\/media\/95929"}],"wp:attachment":[{"href":"https:\/\/now-news.de\/de\/wp-json\/wp\/v2\/media?parent=95928"}],"wp:term":[{"taxonomy":"category","embeddable":true,"href":"https:\/\/now-news.de\/de\/wp-json\/wp\/v2\/categories?post=95928"},{"taxonomy":"post_tag","embeddable":true,"href":"https:\/\/now-news.de\/de\/wp-json\/wp\/v2\/tags?post=95928"}],"curies":[{"name":"wp","href":"https:\/\/api.w.org\/{rel}","templated":true}]}}