{"id":95924,"date":"2025-12-16T17:18:33","date_gmt":"2025-12-16T15:18:33","guid":{"rendered":"https:\/\/now-news.de\/de\/deutschland\/magdeburger-terrorverdaechtiger-einer-von-baerbocks-afghanen\/"},"modified":"2025-12-16T17:18:33","modified_gmt":"2025-12-16T15:18:33","slug":"magdeburger-terrorverdaechtiger-einer-von-baerbocks-afghanen","status":"publish","type":"post","link":"https:\/\/now-news.de\/de\/deutschland\/magdeburger-terrorverdaechtiger-einer-von-baerbocks-afghanen\/","title":{"rendered":"Magdeburger Terrorverd\u00e4chtiger: Einer von Baerbocks Afghanen?"},"content":{"rendered":"<p><img decoding=\"async\" src=\"https:\/\/now-news.de\/de\/wp-content\/uploads\/sites\/3\/2025\/12\/69416e8a48fbef3efe5d2144.jpg\" \/><\/p>\n<div class=\"Text-root Text-type_1 \">\n                Wer ist der junge Mann, der am Freitag in Magdeburg festgesetzt wurde, um ihn an der Begehung eines Anschlags zu hindern? Und was verbirgt sich hinter der vagen geografischen Bezeichnung &#8220;Zentralasien&#8221;? Es sind noch viele Fragen offen.\n            <\/div>\n<p><\/p>\n<div class=\"Text-root Text-type_5 ArticleView-text ViewText-root \">\n<p>Langsam werden weitere Details \u00fcber den 21-J\u00e4hrigen bekannt, der am Freitag in Magdeburg festgenommen wurde. So best\u00e4tigte die Innenministerin Sachsen-Anhalts Tamara Zieschang, der Mann habe sich zunehmend radikalisiert und sich f\u00fcr Waffen sowie Schie\u00dftraining interessiert. Er habe, so der <em>MDR<\/em>, Anfang Dezember ein Waffengesch\u00e4ft in Magdeburg besucht, allerdings ohne etwas zu kaufen. Im Streit mit anderen Berufssch\u00fclern habe er Anschl\u00e4ge glorifiziert \u2013 was klar darauf hinweist, dass er schon l\u00e4nger unter Beobachtung stand. Er soll einen Anschlag mit einem Lkw auf eine gr\u00f6\u00dfere Menschenmenge geplant haben (die Frage, woher er die Ausbildung hat, einen Lkw zu fahren, was heute nicht mehr so einfach ist, wie es vor 30\u00a0Jahren einmal war, ist auch ungekl\u00e4rt).<\/p>\n<p>Nun soll er nach Paragraf\u00a058a Aufenthaltsgesetz \u00fcber eine Abschiebungsanordnung abgeschoben werden. Die Abschiebungsanordnung kann &#8220;aufgrund einer auf Tatsachen gest\u00fctzten Prognose zur Abwehr einer besonderen Gefahr f\u00fcr die Sicherheit der Bundesrepublik Deutschland oder einer terroristischen Gefahr&#8221; von der obersten Landesbeh\u00f6rde erlassen werden; sie ist sofort vollziehbar. Ein entsprechender Antrag kann jedoch die Vollziehung bis zum Prozessende aussetzen.<\/p>\n<p>Theoretisch k\u00f6nnte er sich also demn\u00e4chst in einem Flugzeug zur\u00fcck nach &#8220;Zentralasien&#8221; befinden. Nun aber die interessanten Punkte bei diesem Fall. Der erste ist, dass vergleichsweise viel Zeit zwischen Ingewahrsamnahme und ersten Medienberichten \u00fcber den Vorfall lag. Denn immerhin war der Mann bereits am Freitag in Gewahrsam genommen worden, der erste Bericht erfolgte aber erst am Montag.<\/p>\n<p>Zu diesem Zeitpunkt gab es keine Presseinformation des Innenministeriums oder der Generalstaatsanwaltschaft, was f\u00fcr Vorg\u00e4nge im Zusammenhang mit Terrorismus sehr ungew\u00f6hnlich ist\u00a0\u2013 man vergleiche das mit den Festnahmen im Zusammenhang mit dem Rollatorputsch, die gleichsam vor laufenden Kameras stattfanden. Erst nach der Medienberichterstattung kam eine Best\u00e4tigung durch das Innenministerium des Bundeslandes.<\/p>\n<p>Nun hei\u00dft es, der Verd\u00e4chtige sei mit einem Visum eingereist und mache eine Ausbildung zum Pfleger. Er stamme aus &#8220;Zentralasien&#8221;. Nachdem er 21 ist und damit nicht mehr unter den Jugendschutz f\u00e4llt, ist diese Schweigsamkeit auff\u00e4llig. Warum sollte es ein Problem sein, das Land zu benennen, aus dem er eingereist ist? Und auf welcher Grundlage erhielt er ein Visum, das offenkundig zum dauerhaften Aufenthalt in Deutschland berechtigte (mit einem Touristenvisum einzureisen und dann eine Ausbildung zu beginnen, ist nicht m\u00f6glich)?<\/p>\n<p>Es g\u00e4be die M\u00f6glichkeit, dass er nach einer entsprechenden Pr\u00fcfung von Deutschkenntnissen und unter Vorlage eines bereits bestehenden Ausbildungsvertrags ein Visum erhalten h\u00e4tte. Das gilt auch f\u00fcr &#8220;Zentralasien&#8221;. Allerdings ist er nach Angaben des Innenministeriums im Juni\u00a02024 eingereist und hat die Ausbildung im M\u00e4rz dieses Jahres begonnen. Im Universit\u00e4tsklinikum Magdeburg\u00a0beginnt die Ausbildung in der Pflege auch am 1.\u00a0M\u00e4rz, nicht nur am 1.\u00a0September, aber die Spanne zwischen Einreise und Ausbildungsbeginn ist so lang, dass sie schwer erkl\u00e4rt werden kann, denn wovon hat er in der Zwischenzeit gelebt, und wie ist diese Spanne mit den Bedingungen f\u00fcr ein Ausbildungsvisum vereinbar?<\/p>\n<p>Es liegt also zumindest nahe, dass das Visum aus einem anderen Grund erteilt wurde. Die Variante Deutschrusse\/Kasachstan, die im Zusammenhang mit dieser Unterbrechung denkbar w\u00e4re, f\u00e4llt aus, weil er dann kein Visum ben\u00f6tigt h\u00e4tte\u00a0\u2013 und auch nicht abgeschoben werden k\u00f6nnte. Die andere denkbare Variante, in der ein Visum ohne einen Ausbildungsvertrag erteilt worden w\u00e4re, f\u00fchrt aber nach Afghanistan und zu den Visa, die \u00fcber die deutsche Botschaft in Pakistan erteilt werden.<\/p>\n<p>Auch im Juni\u00a02024 kamen Afghanen mit Aufnahmezusagen nach Deutschland. Nicht in einem Charterflugzeug, aber mit Linienfl\u00fcgen von Islamabad nach Deutschland. Es gibt wenige Gr\u00fcnde, die erkl\u00e4ren w\u00fcrden, warum mit Informationen \u00fcber diesen Verd\u00e4chtigen so sparsam umgegangen wird. Der einleuchtendste Grund ist, dass es sich bei ihm um einen der unter Ministerin Annalena Baerbock eingeflogenen Afghanen handelt. Das w\u00e4re so explosiv, dass sowohl das ungew\u00f6hnlich lange Schweigen \u00fcber die Ingewahrsamnahme selbst als auch die Hartn\u00e4ckigkeit bei der Nichtbenennung des Herkunftslandes erkl\u00e4rt w\u00e4ren. Immerhin ist auch die SPD Teil der Koalitionsregierung in Sachsen-Anhalt, wie auch im Bund, aber als Teil der Ampelkoalition eben auch mitverantwortlich f\u00fcr die Afghanistan-Fl\u00fcge.<\/p>\n<p><strong>Mehr zum Thema \u2013\u00a0<\/strong><a rel=\"nofollow noopener\" target=\"_blank\" href=\"https:\/\/freedert.online\/inland\/264895-magdeburg-21-jaehriger-in-gewahrsam\/\">Magdeburg: 21-J\u00e4hriger in Gewahrsam \u2012 Anschlagspl\u00e4ne?<\/a><\/p>\n<div class=\"EmbedBlock-root EmbedBlock-externalVideo EmbedBlock-rumble\">\n<div class=\"VkEmbed\"><iframe class=\"lazyload\" data-src=\"https:\/\/rumble.com\/embed\/v6wxmxa\" frameborder=\"0\" width=\"853\" height=\"480\" allowfullscreen><\/iframe><\/div>\n<\/div>\n<\/div>\n<p><br \/>\n<br \/><a href=\"https:\/\/de.rt.com\/inland\/264964-magdeburger-terrorverdaechtiger-einer-von-baerbocks-afghanen\/\">Source link <\/a><\/p>\n","protected":false},"excerpt":{"rendered":"<p>Wer ist der junge Mann, der am Freitag in Magdeburg festgesetzt wurde, um ihn an der Begehung eines Anschlags zu hindern? Und was verbirgt sich hinter der vagen geografischen Bezeichnung &#8220;Zentralasien&#8221;? Es sind noch viele Fragen offen. Langsam werden weitere Details \u00fcber den 21-J\u00e4hrigen bekannt, der am Freitag in Magdeburg festgenommen wurde. So best\u00e4tigte die [&hellip;]<\/p>\n","protected":false},"author":3,"featured_media":95925,"comment_status":"open","ping_status":"open","sticky":false,"template":"","format":"standard","meta":{"_yoast_indexnow_last_ping":["1765907777"],"wp_automatic_camp":["217"],"f407bf5642485680f4817ad6741a403d":["Magdeburger Terrorverd\u00e4chtiger: Einer von Baerbocks Afghanen?"],"original_link":["https:\/\/de.rt.com\/inland\/264964-magdeburger-terrorverdaechtiger-einer-von-baerbocks-afghanen\/"],"_thumbnail_id":["95925"],"jnews_social_counter_last_update":["1777292948"],"_wptgpro_p2tg_sent2tg":["a:1:{i:23737;s:19:\"2025-12-16 19:57:17\";}"]},"categories":[19,23],"tags":[11611,5932,212,61199,43990,50],"yoast_head":"<!-- This site is optimized with the Yoast SEO Premium plugin v22.7 (Yoast SEO v22.7) - https:\/\/yoast.com\/wordpress\/plugins\/seo\/ -->\n<title>Magdeburger Terrorverd\u00e4chtiger: Einer von Baerbocks Afghanen? - just-now.NEWS Deutschland<\/title>\n<meta name=\"robots\" content=\"index, follow, max-snippet:-1, max-image-preview:large, max-video-preview:-1\" \/>\n<link rel=\"canonical\" href=\"https:\/\/now-news.de\/de\/deutschland\/magdeburger-terrorverdaechtiger-einer-von-baerbocks-afghanen\/\" \/>\n<meta property=\"og:locale\" content=\"de_DE\" \/>\n<meta property=\"og:type\" content=\"article\" \/>\n<meta property=\"og:title\" content=\"Magdeburger Terrorverd\u00e4chtiger: Einer von Baerbocks Afghanen?\" \/>\n<meta property=\"og:description\" content=\"Wer ist der junge Mann, der am Freitag in Magdeburg festgesetzt wurde, um ihn an der Begehung eines Anschlags zu hindern? Und was verbirgt sich hinter der vagen geografischen Bezeichnung &#8220;Zentralasien&#8221;? Es sind noch viele Fragen offen. Langsam werden weitere Details \u00fcber den 21-J\u00e4hrigen bekannt, der am Freitag in Magdeburg festgenommen wurde. So best\u00e4tigte die [&hellip;]\" \/>\n<meta property=\"og:url\" content=\"https:\/\/now-news.de\/de\/deutschland\/magdeburger-terrorverdaechtiger-einer-von-baerbocks-afghanen\/\" \/>\n<meta property=\"og:site_name\" content=\"just-now.NEWS Deutschland\" \/>\n<meta property=\"article:publisher\" content=\"https:\/\/www.facebook.com\/wirmachenauf\" \/>\n<meta property=\"article:published_time\" content=\"2025-12-16T15:18:33+00:00\" \/>\n<meta property=\"og:image\" content=\"https:\/\/now-news.de\/de\/wp-content\/uploads\/sites\/3\/2025\/12\/69416e8a48fbef3efe5d2144.jpg\" \/>\n<meta name=\"author\" content=\"rtnews\" \/>\n<meta name=\"twitter:card\" content=\"summary_large_image\" \/>\n<meta name=\"twitter:creator\" content=\"@WirMachenAuf_de\" \/>\n<meta name=\"twitter:site\" content=\"@WirMachenAuf_de\" \/>\n<meta name=\"twitter:label1\" content=\"Verfasst von\" \/>\n\t<meta name=\"twitter:data1\" content=\"rtnews\" \/>\n\t<meta name=\"twitter:label2\" content=\"Gesch\u00e4tzte Lesezeit\" \/>\n\t<meta name=\"twitter:data2\" content=\"4\u00a0Minuten\" \/>\n<script type=\"application\/ld+json\" class=\"yoast-schema-graph\">{\"@context\":\"https:\/\/schema.org\",\"@graph\":[{\"@type\":\"Article\",\"@id\":\"https:\/\/now-news.de\/de\/deutschland\/magdeburger-terrorverdaechtiger-einer-von-baerbocks-afghanen\/#article\",\"isPartOf\":{\"@id\":\"https:\/\/now-news.de\/de\/deutschland\/magdeburger-terrorverdaechtiger-einer-von-baerbocks-afghanen\/\"},\"author\":{\"name\":\"rtnews\",\"@id\":\"https:\/\/now-news.de\/de\/#\/schema\/person\/fb534a4e865501d8b3285208df34a9b5\"},\"headline\":\"Magdeburger Terrorverd\u00e4chtiger: Einer von Baerbocks Afghanen?\",\"datePublished\":\"2025-12-16T15:18:33+00:00\",\"dateModified\":\"2025-12-16T15:18:33+00:00\",\"mainEntityOfPage\":{\"@id\":\"https:\/\/now-news.de\/de\/deutschland\/magdeburger-terrorverdaechtiger-einer-von-baerbocks-afghanen\/\"},\"wordCount\":744,\"commentCount\":0,\"publisher\":{\"@id\":\"https:\/\/now-news.de\/de\/#organization\"},\"image\":{\"@id\":\"https:\/\/now-news.de\/de\/deutschland\/magdeburger-terrorverdaechtiger-einer-von-baerbocks-afghanen\/#primaryimage\"},\"thumbnailUrl\":\"https:\/\/now-news.de\/de\/wp-content\/uploads\/sites\/3\/2025\/12\/Magdeburger-Terrorverdaechtiger-Einer-von-Baerbocks-Afghanen.jpg\",\"keywords\":[\"Afghanen\",\"Baerbocks\",\"einer\",\"Magdeburger\",\"Terrorverd\u00e4chtiger\",\"von\"],\"articleSection\":[\"Deutschland\",\"Russland\"],\"inLanguage\":\"de\",\"potentialAction\":[{\"@type\":\"CommentAction\",\"name\":\"Comment\",\"target\":[\"https:\/\/now-news.de\/de\/deutschland\/magdeburger-terrorverdaechtiger-einer-von-baerbocks-afghanen\/#respond\"]}]},{\"@type\":\"WebPage\",\"@id\":\"https:\/\/now-news.de\/de\/deutschland\/magdeburger-terrorverdaechtiger-einer-von-baerbocks-afghanen\/\",\"url\":\"https:\/\/now-news.de\/de\/deutschland\/magdeburger-terrorverdaechtiger-einer-von-baerbocks-afghanen\/\",\"name\":\"Magdeburger Terrorverd\u00e4chtiger: Einer von Baerbocks Afghanen? - just-now.NEWS Deutschland\",\"isPartOf\":{\"@id\":\"https:\/\/now-news.de\/de\/#website\"},\"primaryImageOfPage\":{\"@id\":\"https:\/\/now-news.de\/de\/deutschland\/magdeburger-terrorverdaechtiger-einer-von-baerbocks-afghanen\/#primaryimage\"},\"image\":{\"@id\":\"https:\/\/now-news.de\/de\/deutschland\/magdeburger-terrorverdaechtiger-einer-von-baerbocks-afghanen\/#primaryimage\"},\"thumbnailUrl\":\"https:\/\/now-news.de\/de\/wp-content\/uploads\/sites\/3\/2025\/12\/Magdeburger-Terrorverdaechtiger-Einer-von-Baerbocks-Afghanen.jpg\",\"datePublished\":\"2025-12-16T15:18:33+00:00\",\"dateModified\":\"2025-12-16T15:18:33+00:00\",\"breadcrumb\":{\"@id\":\"https:\/\/now-news.de\/de\/deutschland\/magdeburger-terrorverdaechtiger-einer-von-baerbocks-afghanen\/#breadcrumb\"},\"inLanguage\":\"de\",\"potentialAction\":[{\"@type\":\"ReadAction\",\"target\":[\"https:\/\/now-news.de\/de\/deutschland\/magdeburger-terrorverdaechtiger-einer-von-baerbocks-afghanen\/\"]}]},{\"@type\":\"ImageObject\",\"inLanguage\":\"de\",\"@id\":\"https:\/\/now-news.de\/de\/deutschland\/magdeburger-terrorverdaechtiger-einer-von-baerbocks-afghanen\/#primaryimage\",\"url\":\"https:\/\/now-news.de\/de\/wp-content\/uploads\/sites\/3\/2025\/12\/Magdeburger-Terrorverdaechtiger-Einer-von-Baerbocks-Afghanen.jpg\",\"contentUrl\":\"https:\/\/now-news.de\/de\/wp-content\/uploads\/sites\/3\/2025\/12\/Magdeburger-Terrorverdaechtiger-Einer-von-Baerbocks-Afghanen.jpg\",\"width\":460,\"height\":259,\"caption\":\"Magdeburger Terrorverd\u00e4chtiger: Einer von Baerbocks Afghanen?\"},{\"@type\":\"BreadcrumbList\",\"@id\":\"https:\/\/now-news.de\/de\/deutschland\/magdeburger-terrorverdaechtiger-einer-von-baerbocks-afghanen\/#breadcrumb\",\"itemListElement\":[{\"@type\":\"ListItem\",\"position\":1,\"name\":\"Home\",\"item\":\"https:\/\/now-news.de\/de\/\"},{\"@type\":\"ListItem\",\"position\":2,\"name\":\"Magdeburger Terrorverd\u00e4chtiger: Einer von Baerbocks Afghanen?\"}]},{\"@type\":\"WebSite\",\"@id\":\"https:\/\/now-news.de\/de\/#website\",\"url\":\"https:\/\/now-news.de\/de\/\",\"name\":\"just-now.NEWS Deutschland\",\"description\":\"Das Portal f\u00fcr unzensierte Nachrichten aus der Welt\",\"publisher\":{\"@id\":\"https:\/\/now-news.de\/de\/#organization\"},\"potentialAction\":[{\"@type\":\"SearchAction\",\"target\":{\"@type\":\"EntryPoint\",\"urlTemplate\":\"https:\/\/now-news.de\/de\/?s={search_term_string}\"},\"query-input\":\"required name=search_term_string\"}],\"inLanguage\":\"de\"},{\"@type\":\"Organization\",\"@id\":\"https:\/\/now-news.de\/de\/#organization\",\"name\":\"Just Now News\",\"url\":\"https:\/\/now-news.de\/de\/\",\"logo\":{\"@type\":\"ImageObject\",\"inLanguage\":\"de\",\"@id\":\"https:\/\/now-news.de\/de\/#\/schema\/logo\/image\/\",\"url\":\"http:\/\/just-now.news\/de\/wp-content\/uploads\/sites\/3\/2022\/04\/logo500x500.jpg\",\"contentUrl\":\"http:\/\/just-now.news\/de\/wp-content\/uploads\/sites\/3\/2022\/04\/logo500x500.jpg\",\"width\":500,\"height\":500,\"caption\":\"Just Now News\"},\"image\":{\"@id\":\"https:\/\/now-news.de\/de\/#\/schema\/logo\/image\/\"},\"sameAs\":[\"https:\/\/www.facebook.com\/wirmachenauf\",\"https:\/\/x.com\/WirMachenAuf_de\"]},{\"@type\":\"Person\",\"@id\":\"https:\/\/now-news.de\/de\/#\/schema\/person\/fb534a4e865501d8b3285208df34a9b5\",\"name\":\"rtnews\",\"image\":{\"@type\":\"ImageObject\",\"inLanguage\":\"de\",\"@id\":\"https:\/\/now-news.de\/de\/#\/schema\/person\/image\/\",\"url\":\"https:\/\/secure.gravatar.com\/avatar\/82aafea7d8127119dd649515f56e2117?s=96&d=mm&r=g\",\"contentUrl\":\"https:\/\/secure.gravatar.com\/avatar\/82aafea7d8127119dd649515f56e2117?s=96&d=mm&r=g\",\"caption\":\"rtnews\"},\"url\":\"https:\/\/now-news.de\/de\/author\/rnews\/\"}]}<\/script>\n<!-- \/ Yoast SEO Premium plugin. -->","yoast_head_json":{"title":"Magdeburger Terrorverd\u00e4chtiger: Einer von Baerbocks Afghanen? - just-now.NEWS Deutschland","robots":{"index":"index","follow":"follow","max-snippet":"max-snippet:-1","max-image-preview":"max-image-preview:large","max-video-preview":"max-video-preview:-1"},"canonical":"https:\/\/now-news.de\/de\/deutschland\/magdeburger-terrorverdaechtiger-einer-von-baerbocks-afghanen\/","og_locale":"de_DE","og_type":"article","og_title":"Magdeburger Terrorverd\u00e4chtiger: Einer von Baerbocks Afghanen?","og_description":"Wer ist der junge Mann, der am Freitag in Magdeburg festgesetzt wurde, um ihn an der Begehung eines Anschlags zu hindern? Und was verbirgt sich hinter der vagen geografischen Bezeichnung &#8220;Zentralasien&#8221;? Es sind noch viele Fragen offen. Langsam werden weitere Details \u00fcber den 21-J\u00e4hrigen bekannt, der am Freitag in Magdeburg festgenommen wurde. So best\u00e4tigte die [&hellip;]","og_url":"https:\/\/now-news.de\/de\/deutschland\/magdeburger-terrorverdaechtiger-einer-von-baerbocks-afghanen\/","og_site_name":"just-now.NEWS Deutschland","article_publisher":"https:\/\/www.facebook.com\/wirmachenauf","article_published_time":"2025-12-16T15:18:33+00:00","og_image":[{"url":"https:\/\/now-news.de\/de\/wp-content\/uploads\/sites\/3\/2025\/12\/69416e8a48fbef3efe5d2144.jpg"}],"author":"rtnews","twitter_card":"summary_large_image","twitter_creator":"@WirMachenAuf_de","twitter_site":"@WirMachenAuf_de","twitter_misc":{"Verfasst von":"rtnews","Gesch\u00e4tzte Lesezeit":"4\u00a0Minuten"},"schema":{"@context":"https:\/\/schema.org","@graph":[{"@type":"Article","@id":"https:\/\/now-news.de\/de\/deutschland\/magdeburger-terrorverdaechtiger-einer-von-baerbocks-afghanen\/#article","isPartOf":{"@id":"https:\/\/now-news.de\/de\/deutschland\/magdeburger-terrorverdaechtiger-einer-von-baerbocks-afghanen\/"},"author":{"name":"rtnews","@id":"https:\/\/now-news.de\/de\/#\/schema\/person\/fb534a4e865501d8b3285208df34a9b5"},"headline":"Magdeburger Terrorverd\u00e4chtiger: Einer von Baerbocks Afghanen?","datePublished":"2025-12-16T15:18:33+00:00","dateModified":"2025-12-16T15:18:33+00:00","mainEntityOfPage":{"@id":"https:\/\/now-news.de\/de\/deutschland\/magdeburger-terrorverdaechtiger-einer-von-baerbocks-afghanen\/"},"wordCount":744,"commentCount":0,"publisher":{"@id":"https:\/\/now-news.de\/de\/#organization"},"image":{"@id":"https:\/\/now-news.de\/de\/deutschland\/magdeburger-terrorverdaechtiger-einer-von-baerbocks-afghanen\/#primaryimage"},"thumbnailUrl":"https:\/\/now-news.de\/de\/wp-content\/uploads\/sites\/3\/2025\/12\/Magdeburger-Terrorverdaechtiger-Einer-von-Baerbocks-Afghanen.jpg","keywords":["Afghanen","Baerbocks","einer","Magdeburger","Terrorverd\u00e4chtiger","von"],"articleSection":["Deutschland","Russland"],"inLanguage":"de","potentialAction":[{"@type":"CommentAction","name":"Comment","target":["https:\/\/now-news.de\/de\/deutschland\/magdeburger-terrorverdaechtiger-einer-von-baerbocks-afghanen\/#respond"]}]},{"@type":"WebPage","@id":"https:\/\/now-news.de\/de\/deutschland\/magdeburger-terrorverdaechtiger-einer-von-baerbocks-afghanen\/","url":"https:\/\/now-news.de\/de\/deutschland\/magdeburger-terrorverdaechtiger-einer-von-baerbocks-afghanen\/","name":"Magdeburger Terrorverd\u00e4chtiger: Einer von Baerbocks Afghanen? - just-now.NEWS Deutschland","isPartOf":{"@id":"https:\/\/now-news.de\/de\/#website"},"primaryImageOfPage":{"@id":"https:\/\/now-news.de\/de\/deutschland\/magdeburger-terrorverdaechtiger-einer-von-baerbocks-afghanen\/#primaryimage"},"image":{"@id":"https:\/\/now-news.de\/de\/deutschland\/magdeburger-terrorverdaechtiger-einer-von-baerbocks-afghanen\/#primaryimage"},"thumbnailUrl":"https:\/\/now-news.de\/de\/wp-content\/uploads\/sites\/3\/2025\/12\/Magdeburger-Terrorverdaechtiger-Einer-von-Baerbocks-Afghanen.jpg","datePublished":"2025-12-16T15:18:33+00:00","dateModified":"2025-12-16T15:18:33+00:00","breadcrumb":{"@id":"https:\/\/now-news.de\/de\/deutschland\/magdeburger-terrorverdaechtiger-einer-von-baerbocks-afghanen\/#breadcrumb"},"inLanguage":"de","potentialAction":[{"@type":"ReadAction","target":["https:\/\/now-news.de\/de\/deutschland\/magdeburger-terrorverdaechtiger-einer-von-baerbocks-afghanen\/"]}]},{"@type":"ImageObject","inLanguage":"de","@id":"https:\/\/now-news.de\/de\/deutschland\/magdeburger-terrorverdaechtiger-einer-von-baerbocks-afghanen\/#primaryimage","url":"https:\/\/now-news.de\/de\/wp-content\/uploads\/sites\/3\/2025\/12\/Magdeburger-Terrorverdaechtiger-Einer-von-Baerbocks-Afghanen.jpg","contentUrl":"https:\/\/now-news.de\/de\/wp-content\/uploads\/sites\/3\/2025\/12\/Magdeburger-Terrorverdaechtiger-Einer-von-Baerbocks-Afghanen.jpg","width":460,"height":259,"caption":"Magdeburger Terrorverd\u00e4chtiger: Einer von Baerbocks Afghanen?"},{"@type":"BreadcrumbList","@id":"https:\/\/now-news.de\/de\/deutschland\/magdeburger-terrorverdaechtiger-einer-von-baerbocks-afghanen\/#breadcrumb","itemListElement":[{"@type":"ListItem","position":1,"name":"Home","item":"https:\/\/now-news.de\/de\/"},{"@type":"ListItem","position":2,"name":"Magdeburger Terrorverd\u00e4chtiger: Einer von Baerbocks Afghanen?"}]},{"@type":"WebSite","@id":"https:\/\/now-news.de\/de\/#website","url":"https:\/\/now-news.de\/de\/","name":"just-now.NEWS Deutschland","description":"Das Portal f\u00fcr unzensierte Nachrichten aus der Welt","publisher":{"@id":"https:\/\/now-news.de\/de\/#organization"},"potentialAction":[{"@type":"SearchAction","target":{"@type":"EntryPoint","urlTemplate":"https:\/\/now-news.de\/de\/?s={search_term_string}"},"query-input":"required name=search_term_string"}],"inLanguage":"de"},{"@type":"Organization","@id":"https:\/\/now-news.de\/de\/#organization","name":"Just Now News","url":"https:\/\/now-news.de\/de\/","logo":{"@type":"ImageObject","inLanguage":"de","@id":"https:\/\/now-news.de\/de\/#\/schema\/logo\/image\/","url":"http:\/\/just-now.news\/de\/wp-content\/uploads\/sites\/3\/2022\/04\/logo500x500.jpg","contentUrl":"http:\/\/just-now.news\/de\/wp-content\/uploads\/sites\/3\/2022\/04\/logo500x500.jpg","width":500,"height":500,"caption":"Just Now News"},"image":{"@id":"https:\/\/now-news.de\/de\/#\/schema\/logo\/image\/"},"sameAs":["https:\/\/www.facebook.com\/wirmachenauf","https:\/\/x.com\/WirMachenAuf_de"]},{"@type":"Person","@id":"https:\/\/now-news.de\/de\/#\/schema\/person\/fb534a4e865501d8b3285208df34a9b5","name":"rtnews","image":{"@type":"ImageObject","inLanguage":"de","@id":"https:\/\/now-news.de\/de\/#\/schema\/person\/image\/","url":"https:\/\/secure.gravatar.com\/avatar\/82aafea7d8127119dd649515f56e2117?s=96&d=mm&r=g","contentUrl":"https:\/\/secure.gravatar.com\/avatar\/82aafea7d8127119dd649515f56e2117?s=96&d=mm&r=g","caption":"rtnews"},"url":"https:\/\/now-news.de\/de\/author\/rnews\/"}]}},"_links":{"self":[{"href":"https:\/\/now-news.de\/de\/wp-json\/wp\/v2\/posts\/95924"}],"collection":[{"href":"https:\/\/now-news.de\/de\/wp-json\/wp\/v2\/posts"}],"about":[{"href":"https:\/\/now-news.de\/de\/wp-json\/wp\/v2\/types\/post"}],"author":[{"embeddable":true,"href":"https:\/\/now-news.de\/de\/wp-json\/wp\/v2\/users\/3"}],"replies":[{"embeddable":true,"href":"https:\/\/now-news.de\/de\/wp-json\/wp\/v2\/comments?post=95924"}],"version-history":[{"count":0,"href":"https:\/\/now-news.de\/de\/wp-json\/wp\/v2\/posts\/95924\/revisions"}],"wp:featuredmedia":[{"embeddable":true,"href":"https:\/\/now-news.de\/de\/wp-json\/wp\/v2\/media\/95925"}],"wp:attachment":[{"href":"https:\/\/now-news.de\/de\/wp-json\/wp\/v2\/media?parent=95924"}],"wp:term":[{"taxonomy":"category","embeddable":true,"href":"https:\/\/now-news.de\/de\/wp-json\/wp\/v2\/categories?post=95924"},{"taxonomy":"post_tag","embeddable":true,"href":"https:\/\/now-news.de\/de\/wp-json\/wp\/v2\/tags?post=95924"}],"curies":[{"name":"wp","href":"https:\/\/api.w.org\/{rel}","templated":true}]}}