{"id":95880,"date":"2025-12-16T13:34:24","date_gmt":"2025-12-16T11:34:24","guid":{"rendered":"https:\/\/now-news.de\/de\/deutschland\/friedensgespraeche-washington-post-nennt-zwei-schwachstellen-von-selenskij\/"},"modified":"2025-12-16T13:34:24","modified_gmt":"2025-12-16T11:34:24","slug":"friedensgespraeche-washington-post-nennt-zwei-schwachstellen-von-selenskij","status":"publish","type":"post","link":"https:\/\/now-news.de\/de\/deutschland\/friedensgespraeche-washington-post-nennt-zwei-schwachstellen-von-selenskij\/","title":{"rendered":"Friedensgespr\u00e4che: &quot;Washington Post&quot; nennt zwei Schwachstellen von Selenskij"},"content":{"rendered":"<p><img decoding=\"async\" src=\"https:\/\/now-news.de\/de\/wp-content\/uploads\/sites\/3\/2025\/12\/69412c6748fbef60b1159b77.jpg\" \/><\/p>\n<div class=\"Text-root Text-type_1 \">\n                Die &#8220;Washington Post&#8221; nennt zwei Schwachstellen von Selenskij vor dem Hintergrund der Friedensverhandlungen: Der Korruptionsskandal im Land und die Angriffe auf die ukrainische Energieinfrastruktur k\u00f6nnten den Pr\u00e4sidenten dazu bewegen, ein Friedensabkommen zu schlie\u00dfen.\n            <\/div>\n<p><\/p>\n<div class=\"Text-root Text-type_5 ArticleView-text ViewText-root \">\n<p>Der Korruptionsskandal in der Ukraine und die russischen Angriffe auf die Energieinfrastruktur des Landes k\u00f6nnten Pr\u00e4sident Wladimir Selenskij einem Friedensabkommen n\u00e4herbringen. Das berichtete die Zeitung <em>The Washington Post<\/em>\u00a0<em>(WP)<\/em>.<\/p>\n<p>Selenskij\u00a0ist mutma\u00dflich\u00a0in einen gro\u00dfen Korruptionsskandal im Land verwickelt und musste den Leiter seines B\u00fcros, Andrei Jermak, entlassen, nachdem dessen Haus im Rahmen der Ermittlungen durchsucht worden war. Laut einem hochrangigen europ\u00e4ischen Diplomaten k\u00f6nnte sich Selenskij ob dieser &#8220;Schwachstelle&#8221;\u00a0und vor dem Hintergrund\u00a0der\u00a0russischen Angriffe auf die ukrainische Energieinfrastruktur dazu bereit erkl\u00e4ren, ein Friedensabkommen zu schlie\u00dfen. Der Gespr\u00e4chspartner der Zeitung sagte w\u00f6rtlich:<\/p>\n<blockquote>\n<p><em>&#8220;Ich glaube wirklich, dass sie das nie so ernst genommen haben wie wir jetzt. Und aus irgendeinem Grund habe ich den Eindruck, dass dies mit dem Korruptionsskandal und dem ganzen internen Chaos zusammenh\u00e4ngt.&#8221;<\/em><\/p>\n<\/blockquote>\n<p>Russlands Verteidigungsministerium\u00a0hat\u00a0wiederholt betont, dass nur milit\u00e4rische und energetische Objekte der Ukraine und die damit verbundene Infrastruktur angegriffen werden.<\/p>\n<p>Nach Angaben von <em>Sky News<\/em> und <em>Bloomberg<\/em>\u00a0seien nach den Verhandlungen zwischen der Ukraine und den USA in Berlin 90 Prozent der Fragen des Friedensabkommens gekl\u00e4rt. Zu den wichtigsten Themen geh\u00f6rten Sicherheitsgarantien f\u00fcr Kiew nach dem Vorbild von Artikel 5 des NATO-Vertrags und territoriale Fragen.\u00a0Im Anschluss an die\u00a0Verhandlungen antwortete US-Pr\u00e4sident Donald Trump auf die Frage, ob die Ukraine Gebietsabtretungen akzeptieren m\u00fcsse:<\/p>\n<blockquote>\n<p><em>&#8220;Ehrlich gesagt haben sie bereits einen Teil ihres Territoriums verloren.&#8221;<\/em><\/p>\n<\/blockquote>\n<p>Selenskij bezeichnete die Territorialfrage als eine der wichtigsten und merkte an, dass es dazu &#8220;bislang keinen Konsens&#8221; gebe. Seinen Worten zufolge strebe Washington eine m\u00f6glichst schnelle Friedensl\u00f6sung an, w\u00e4hrend Kiew die Qualit\u00e4t dieses Friedens sicherstellen wolle:<\/p>\n<blockquote>\n<p><em>&#8220;Wenn Geschwindigkeit und Qualit\u00e4t \u00fcbereinstimmen, sind wir mit beiden H\u00e4nden daf\u00fcr.&#8221;<\/em><\/p>\n<\/blockquote>\n<p>Donald Trump versicherte, dass eine L\u00f6sung des Konflikts &#8220;n\u00e4her denn je&#8221; sei. Der russische Au\u00dfenminister Sergei Lawrow erkl\u00e4rte in einem Interview, dass die j\u00fcngsten Kontakte mit den Vereinigten Staaten &#8220;Hoffnung machen&#8221;, dass sie die Position Moskaus nun &#8220;besser verstehen.&#8221;<\/p>\n<p><strong>Mehr zum Thema &#8211;<\/strong>\u00a0<a rel=\"nofollow noopener\" target=\"_blank\" href=\"https:\/\/freedert.online\/meinung\/264875-ruttes-selbsterfuellende-prophezeiung-von-krieg-droht-europaschrecklichem-ende\/\">Ruttes selbsterf\u00fcllende Prophezeiung vom Krieg gegen Russland droht mit b\u00f6sem Ende f\u00fcr Europa<\/a><\/p>\n<div class=\"EmbedBlock-root EmbedBlock-externalVideo EmbedBlock-rumble\">\n<div class=\"VkEmbed\"><iframe class=\"lazyload\" data-src=\"https:\/\/rumble.com\/embed\/v70w868\" frameborder=\"0\" width=\"853\" height=\"480\" allowfullscreen><\/iframe><\/div>\n<\/div>\n<\/div>\n<p><br \/>\n<br \/><a href=\"https:\/\/de.rt.com\/international\/264929-vor-hintergrund-friedensgespraeche-wp-nennt\/\">Source link <\/a><\/p>\n","protected":false},"excerpt":{"rendered":"<p>Die &#8220;Washington Post&#8221; nennt zwei Schwachstellen von Selenskij vor dem Hintergrund der Friedensverhandlungen: Der Korruptionsskandal im Land und die Angriffe auf die ukrainische Energieinfrastruktur k\u00f6nnten den Pr\u00e4sidenten dazu bewegen, ein Friedensabkommen zu schlie\u00dfen. Der Korruptionsskandal in der Ukraine und die russischen Angriffe auf die Energieinfrastruktur des Landes k\u00f6nnten Pr\u00e4sident Wladimir Selenskij einem Friedensabkommen n\u00e4herbringen. Das [&hellip;]<\/p>\n","protected":false},"author":3,"featured_media":95882,"comment_status":"open","ping_status":"open","sticky":false,"template":"","format":"standard","meta":{"_yoast_indexnow_last_ping":["1765885637"],"_wptgpro_p2tg_delay_for_override":["a:1:{i:23737;d:0.5;}"],"_wptgpro_p2tg_instances":["a:1:{i:23737;a:26:{s:6:\"active\";b:1;s:3:\"bot\";s:0:\"\";s:8:\"channels\";a:1:{i:0;s:13:\"@justnow_news\";}s:8:\"use_when\";a:1:{i:0;s:3:\"new\";}s:10:\"post_types\";a:1:{i:0;s:4:\"post\";}s:5:\"rules\";a:1:{i:0;a:1:{i:0;a:3:{s:5:\"param\";s:11:\"post_author\";s:6:\"values\";a:2:{i:0;a:2:{s:5:\"value\";s:1:\"3\";s:5:\"label\";s:5:\"rnews\";}i:1;a:2:{s:5:\"value\";s:1:\"1\";s:5:\"label\";s:5:\"admin\";}}s:8:\"operator\";s:2:\"in\";}}}s:16:\"message_template\";s:131:\"\"**{post_title}**\\n\\n{post_excerpt}\\n\\nRead: {full_url}\\n======\\n24h News Ticker - JUST-NOW News \\n\\u27a1\\ufe0f t.me\\\/justnow_news\"\";s:14:\"excerpt_length\";i:25;s:20:\"excerpt_preserve_eol\";b:1;s:14:\"excerpt_source\";s:12:\"post_content\";s:19:\"send_featured_image\";b:0;s:14:\"image_position\";s:6:\"before\";s:14:\"single_message\";b:1;s:12:\"cats_as_tags\";b:0;s:10:\"parse_mode\";s:4:\"none\";s:24:\"disable_web_page_preview\";b:0;s:16:\"additional_media\";a:0:{}s:15:\"send_wc_gallery\";b:0;s:18:\"wc_gallery_caption\";s:0:\"\";s:19:\"send_content_images\";b:0;s:22:\"content_images_caption\";s:0:\"\";s:15:\"inline_keyboard\";a:0:{}s:5:\"delay\";i:0;s:20:\"disable_notification\";b:0;s:15:\"protect_content\";b:0;s:2:\"id\";i:23737;}}"],"wp_automatic_camp":["217"],"5daa358ffcf0fe7e7b7b00e92cc2a837":["Friedensgespr\u00e4che: &quot;Washington Post&quot; nennt zwei Schwachstellen von Selenskij"],"original_link":["https:\/\/de.rt.com\/international\/264929-vor-hintergrund-friedensgespraeche-wp-nennt\/"],"_thumbnail_id":["95882"],"jnews_social_counter_last_update":["1777228662"]},"categories":[19,23],"tags":[27113,6986,21200,21199,22306,6158,50,1003],"yoast_head":"<!-- This site is optimized with the Yoast SEO Premium plugin v22.7 (Yoast SEO v22.7) - https:\/\/yoast.com\/wordpress\/plugins\/seo\/ -->\n<title>Friedensgespr\u00e4che: &quot;Washington Post&quot; nennt zwei Schwachstellen von Selenskij - just-now.NEWS Deutschland<\/title>\n<meta name=\"robots\" content=\"index, follow, max-snippet:-1, max-image-preview:large, max-video-preview:-1\" \/>\n<link rel=\"canonical\" href=\"https:\/\/now-news.de\/de\/deutschland\/friedensgespraeche-washington-post-nennt-zwei-schwachstellen-von-selenskij\/\" \/>\n<meta property=\"og:locale\" content=\"de_DE\" \/>\n<meta property=\"og:type\" content=\"article\" \/>\n<meta property=\"og:title\" content=\"Friedensgespr\u00e4che: &quot;Washington Post&quot; nennt zwei Schwachstellen von Selenskij\" \/>\n<meta property=\"og:description\" content=\"Die &#8220;Washington Post&#8221; nennt zwei Schwachstellen von Selenskij vor dem Hintergrund der Friedensverhandlungen: Der Korruptionsskandal im Land und die Angriffe auf die ukrainische Energieinfrastruktur k\u00f6nnten den Pr\u00e4sidenten dazu bewegen, ein Friedensabkommen zu schlie\u00dfen. Der Korruptionsskandal in der Ukraine und die russischen Angriffe auf die Energieinfrastruktur des Landes k\u00f6nnten Pr\u00e4sident Wladimir Selenskij einem Friedensabkommen n\u00e4herbringen. Das [&hellip;]\" \/>\n<meta property=\"og:url\" content=\"https:\/\/now-news.de\/de\/deutschland\/friedensgespraeche-washington-post-nennt-zwei-schwachstellen-von-selenskij\/\" \/>\n<meta property=\"og:site_name\" content=\"just-now.NEWS Deutschland\" \/>\n<meta property=\"article:publisher\" content=\"https:\/\/www.facebook.com\/wirmachenauf\" \/>\n<meta property=\"article:published_time\" content=\"2025-12-16T11:34:24+00:00\" \/>\n<meta property=\"og:image\" content=\"https:\/\/now-news.de\/de\/wp-content\/uploads\/sites\/3\/2025\/12\/69412c6748fbef60b1159b77.jpg\" \/>\n<meta name=\"author\" content=\"rtnews\" \/>\n<meta name=\"twitter:card\" content=\"summary_large_image\" \/>\n<meta name=\"twitter:creator\" content=\"@WirMachenAuf_de\" \/>\n<meta name=\"twitter:site\" content=\"@WirMachenAuf_de\" \/>\n<meta name=\"twitter:label1\" content=\"Verfasst von\" \/>\n\t<meta name=\"twitter:data1\" content=\"rtnews\" \/>\n\t<meta name=\"twitter:label2\" content=\"Gesch\u00e4tzte Lesezeit\" \/>\n\t<meta name=\"twitter:data2\" content=\"2\u00a0Minuten\" \/>\n<script type=\"application\/ld+json\" class=\"yoast-schema-graph\">{\"@context\":\"https:\/\/schema.org\",\"@graph\":[{\"@type\":\"Article\",\"@id\":\"https:\/\/now-news.de\/de\/deutschland\/friedensgespraeche-washington-post-nennt-zwei-schwachstellen-von-selenskij\/#article\",\"isPartOf\":{\"@id\":\"https:\/\/now-news.de\/de\/deutschland\/friedensgespraeche-washington-post-nennt-zwei-schwachstellen-von-selenskij\/\"},\"author\":{\"name\":\"rtnews\",\"@id\":\"https:\/\/now-news.de\/de\/#\/schema\/person\/fb534a4e865501d8b3285208df34a9b5\"},\"headline\":\"Friedensgespr\u00e4che: &quot;Washington Post&quot; nennt zwei Schwachstellen von Selenskij\",\"datePublished\":\"2025-12-16T11:34:24+00:00\",\"dateModified\":\"2025-12-16T11:34:24+00:00\",\"mainEntityOfPage\":{\"@id\":\"https:\/\/now-news.de\/de\/deutschland\/friedensgespraeche-washington-post-nennt-zwei-schwachstellen-von-selenskij\/\"},\"wordCount\":404,\"commentCount\":0,\"publisher\":{\"@id\":\"https:\/\/now-news.de\/de\/#organization\"},\"image\":{\"@id\":\"https:\/\/now-news.de\/de\/deutschland\/friedensgespraeche-washington-post-nennt-zwei-schwachstellen-von-selenskij\/#primaryimage\"},\"thumbnailUrl\":\"https:\/\/now-news.de\/de\/wp-content\/uploads\/sites\/3\/2025\/12\/Friedensgespraeche-quotWashington-Postquot-nennt-zwei-Schwachstellen-von-Selenskij.jpg\",\"keywords\":[\"Friedensgespr\u00e4che\",\"nennt\",\"Postquot\",\"quotWashington\",\"Schwachstellen\",\"Selenskij\",\"von\",\"zwei\"],\"articleSection\":[\"Deutschland\",\"Russland\"],\"inLanguage\":\"de\",\"potentialAction\":[{\"@type\":\"CommentAction\",\"name\":\"Comment\",\"target\":[\"https:\/\/now-news.de\/de\/deutschland\/friedensgespraeche-washington-post-nennt-zwei-schwachstellen-von-selenskij\/#respond\"]}]},{\"@type\":\"WebPage\",\"@id\":\"https:\/\/now-news.de\/de\/deutschland\/friedensgespraeche-washington-post-nennt-zwei-schwachstellen-von-selenskij\/\",\"url\":\"https:\/\/now-news.de\/de\/deutschland\/friedensgespraeche-washington-post-nennt-zwei-schwachstellen-von-selenskij\/\",\"name\":\"Friedensgespr\u00e4che: &quot;Washington Post&quot; nennt zwei Schwachstellen von Selenskij - just-now.NEWS Deutschland\",\"isPartOf\":{\"@id\":\"https:\/\/now-news.de\/de\/#website\"},\"primaryImageOfPage\":{\"@id\":\"https:\/\/now-news.de\/de\/deutschland\/friedensgespraeche-washington-post-nennt-zwei-schwachstellen-von-selenskij\/#primaryimage\"},\"image\":{\"@id\":\"https:\/\/now-news.de\/de\/deutschland\/friedensgespraeche-washington-post-nennt-zwei-schwachstellen-von-selenskij\/#primaryimage\"},\"thumbnailUrl\":\"https:\/\/now-news.de\/de\/wp-content\/uploads\/sites\/3\/2025\/12\/Friedensgespraeche-quotWashington-Postquot-nennt-zwei-Schwachstellen-von-Selenskij.jpg\",\"datePublished\":\"2025-12-16T11:34:24+00:00\",\"dateModified\":\"2025-12-16T11:34:24+00:00\",\"breadcrumb\":{\"@id\":\"https:\/\/now-news.de\/de\/deutschland\/friedensgespraeche-washington-post-nennt-zwei-schwachstellen-von-selenskij\/#breadcrumb\"},\"inLanguage\":\"de\",\"potentialAction\":[{\"@type\":\"ReadAction\",\"target\":[\"https:\/\/now-news.de\/de\/deutschland\/friedensgespraeche-washington-post-nennt-zwei-schwachstellen-von-selenskij\/\"]}]},{\"@type\":\"ImageObject\",\"inLanguage\":\"de\",\"@id\":\"https:\/\/now-news.de\/de\/deutschland\/friedensgespraeche-washington-post-nennt-zwei-schwachstellen-von-selenskij\/#primaryimage\",\"url\":\"https:\/\/now-news.de\/de\/wp-content\/uploads\/sites\/3\/2025\/12\/Friedensgespraeche-quotWashington-Postquot-nennt-zwei-Schwachstellen-von-Selenskij.jpg\",\"contentUrl\":\"https:\/\/now-news.de\/de\/wp-content\/uploads\/sites\/3\/2025\/12\/Friedensgespraeche-quotWashington-Postquot-nennt-zwei-Schwachstellen-von-Selenskij.jpg\",\"width\":460,\"height\":259,\"caption\":\"Friedensgespr\u00e4che: &quot;Washington Post&quot; nennt zwei Schwachstellen von Selenskij\"},{\"@type\":\"BreadcrumbList\",\"@id\":\"https:\/\/now-news.de\/de\/deutschland\/friedensgespraeche-washington-post-nennt-zwei-schwachstellen-von-selenskij\/#breadcrumb\",\"itemListElement\":[{\"@type\":\"ListItem\",\"position\":1,\"name\":\"Home\",\"item\":\"https:\/\/now-news.de\/de\/\"},{\"@type\":\"ListItem\",\"position\":2,\"name\":\"Friedensgespr\u00e4che: &quot;Washington Post&quot; nennt zwei Schwachstellen von Selenskij\"}]},{\"@type\":\"WebSite\",\"@id\":\"https:\/\/now-news.de\/de\/#website\",\"url\":\"https:\/\/now-news.de\/de\/\",\"name\":\"just-now.NEWS Deutschland\",\"description\":\"Das Portal f\u00fcr unzensierte Nachrichten aus der Welt\",\"publisher\":{\"@id\":\"https:\/\/now-news.de\/de\/#organization\"},\"potentialAction\":[{\"@type\":\"SearchAction\",\"target\":{\"@type\":\"EntryPoint\",\"urlTemplate\":\"https:\/\/now-news.de\/de\/?s={search_term_string}\"},\"query-input\":\"required name=search_term_string\"}],\"inLanguage\":\"de\"},{\"@type\":\"Organization\",\"@id\":\"https:\/\/now-news.de\/de\/#organization\",\"name\":\"Just Now News\",\"url\":\"https:\/\/now-news.de\/de\/\",\"logo\":{\"@type\":\"ImageObject\",\"inLanguage\":\"de\",\"@id\":\"https:\/\/now-news.de\/de\/#\/schema\/logo\/image\/\",\"url\":\"http:\/\/just-now.news\/de\/wp-content\/uploads\/sites\/3\/2022\/04\/logo500x500.jpg\",\"contentUrl\":\"http:\/\/just-now.news\/de\/wp-content\/uploads\/sites\/3\/2022\/04\/logo500x500.jpg\",\"width\":500,\"height\":500,\"caption\":\"Just Now News\"},\"image\":{\"@id\":\"https:\/\/now-news.de\/de\/#\/schema\/logo\/image\/\"},\"sameAs\":[\"https:\/\/www.facebook.com\/wirmachenauf\",\"https:\/\/x.com\/WirMachenAuf_de\"]},{\"@type\":\"Person\",\"@id\":\"https:\/\/now-news.de\/de\/#\/schema\/person\/fb534a4e865501d8b3285208df34a9b5\",\"name\":\"rtnews\",\"image\":{\"@type\":\"ImageObject\",\"inLanguage\":\"de\",\"@id\":\"https:\/\/now-news.de\/de\/#\/schema\/person\/image\/\",\"url\":\"https:\/\/secure.gravatar.com\/avatar\/82aafea7d8127119dd649515f56e2117?s=96&d=mm&r=g\",\"contentUrl\":\"https:\/\/secure.gravatar.com\/avatar\/82aafea7d8127119dd649515f56e2117?s=96&d=mm&r=g\",\"caption\":\"rtnews\"},\"url\":\"https:\/\/now-news.de\/de\/author\/rnews\/\"}]}<\/script>\n<!-- \/ Yoast SEO Premium plugin. -->","yoast_head_json":{"title":"Friedensgespr\u00e4che: &quot;Washington Post&quot; nennt zwei Schwachstellen von Selenskij - just-now.NEWS Deutschland","robots":{"index":"index","follow":"follow","max-snippet":"max-snippet:-1","max-image-preview":"max-image-preview:large","max-video-preview":"max-video-preview:-1"},"canonical":"https:\/\/now-news.de\/de\/deutschland\/friedensgespraeche-washington-post-nennt-zwei-schwachstellen-von-selenskij\/","og_locale":"de_DE","og_type":"article","og_title":"Friedensgespr\u00e4che: &quot;Washington Post&quot; nennt zwei Schwachstellen von Selenskij","og_description":"Die &#8220;Washington Post&#8221; nennt zwei Schwachstellen von Selenskij vor dem Hintergrund der Friedensverhandlungen: Der Korruptionsskandal im Land und die Angriffe auf die ukrainische Energieinfrastruktur k\u00f6nnten den Pr\u00e4sidenten dazu bewegen, ein Friedensabkommen zu schlie\u00dfen. Der Korruptionsskandal in der Ukraine und die russischen Angriffe auf die Energieinfrastruktur des Landes k\u00f6nnten Pr\u00e4sident Wladimir Selenskij einem Friedensabkommen n\u00e4herbringen. Das [&hellip;]","og_url":"https:\/\/now-news.de\/de\/deutschland\/friedensgespraeche-washington-post-nennt-zwei-schwachstellen-von-selenskij\/","og_site_name":"just-now.NEWS Deutschland","article_publisher":"https:\/\/www.facebook.com\/wirmachenauf","article_published_time":"2025-12-16T11:34:24+00:00","og_image":[{"url":"https:\/\/now-news.de\/de\/wp-content\/uploads\/sites\/3\/2025\/12\/69412c6748fbef60b1159b77.jpg"}],"author":"rtnews","twitter_card":"summary_large_image","twitter_creator":"@WirMachenAuf_de","twitter_site":"@WirMachenAuf_de","twitter_misc":{"Verfasst von":"rtnews","Gesch\u00e4tzte Lesezeit":"2\u00a0Minuten"},"schema":{"@context":"https:\/\/schema.org","@graph":[{"@type":"Article","@id":"https:\/\/now-news.de\/de\/deutschland\/friedensgespraeche-washington-post-nennt-zwei-schwachstellen-von-selenskij\/#article","isPartOf":{"@id":"https:\/\/now-news.de\/de\/deutschland\/friedensgespraeche-washington-post-nennt-zwei-schwachstellen-von-selenskij\/"},"author":{"name":"rtnews","@id":"https:\/\/now-news.de\/de\/#\/schema\/person\/fb534a4e865501d8b3285208df34a9b5"},"headline":"Friedensgespr\u00e4che: &quot;Washington Post&quot; nennt zwei Schwachstellen von Selenskij","datePublished":"2025-12-16T11:34:24+00:00","dateModified":"2025-12-16T11:34:24+00:00","mainEntityOfPage":{"@id":"https:\/\/now-news.de\/de\/deutschland\/friedensgespraeche-washington-post-nennt-zwei-schwachstellen-von-selenskij\/"},"wordCount":404,"commentCount":0,"publisher":{"@id":"https:\/\/now-news.de\/de\/#organization"},"image":{"@id":"https:\/\/now-news.de\/de\/deutschland\/friedensgespraeche-washington-post-nennt-zwei-schwachstellen-von-selenskij\/#primaryimage"},"thumbnailUrl":"https:\/\/now-news.de\/de\/wp-content\/uploads\/sites\/3\/2025\/12\/Friedensgespraeche-quotWashington-Postquot-nennt-zwei-Schwachstellen-von-Selenskij.jpg","keywords":["Friedensgespr\u00e4che","nennt","Postquot","quotWashington","Schwachstellen","Selenskij","von","zwei"],"articleSection":["Deutschland","Russland"],"inLanguage":"de","potentialAction":[{"@type":"CommentAction","name":"Comment","target":["https:\/\/now-news.de\/de\/deutschland\/friedensgespraeche-washington-post-nennt-zwei-schwachstellen-von-selenskij\/#respond"]}]},{"@type":"WebPage","@id":"https:\/\/now-news.de\/de\/deutschland\/friedensgespraeche-washington-post-nennt-zwei-schwachstellen-von-selenskij\/","url":"https:\/\/now-news.de\/de\/deutschland\/friedensgespraeche-washington-post-nennt-zwei-schwachstellen-von-selenskij\/","name":"Friedensgespr\u00e4che: &quot;Washington Post&quot; nennt zwei Schwachstellen von Selenskij - just-now.NEWS Deutschland","isPartOf":{"@id":"https:\/\/now-news.de\/de\/#website"},"primaryImageOfPage":{"@id":"https:\/\/now-news.de\/de\/deutschland\/friedensgespraeche-washington-post-nennt-zwei-schwachstellen-von-selenskij\/#primaryimage"},"image":{"@id":"https:\/\/now-news.de\/de\/deutschland\/friedensgespraeche-washington-post-nennt-zwei-schwachstellen-von-selenskij\/#primaryimage"},"thumbnailUrl":"https:\/\/now-news.de\/de\/wp-content\/uploads\/sites\/3\/2025\/12\/Friedensgespraeche-quotWashington-Postquot-nennt-zwei-Schwachstellen-von-Selenskij.jpg","datePublished":"2025-12-16T11:34:24+00:00","dateModified":"2025-12-16T11:34:24+00:00","breadcrumb":{"@id":"https:\/\/now-news.de\/de\/deutschland\/friedensgespraeche-washington-post-nennt-zwei-schwachstellen-von-selenskij\/#breadcrumb"},"inLanguage":"de","potentialAction":[{"@type":"ReadAction","target":["https:\/\/now-news.de\/de\/deutschland\/friedensgespraeche-washington-post-nennt-zwei-schwachstellen-von-selenskij\/"]}]},{"@type":"ImageObject","inLanguage":"de","@id":"https:\/\/now-news.de\/de\/deutschland\/friedensgespraeche-washington-post-nennt-zwei-schwachstellen-von-selenskij\/#primaryimage","url":"https:\/\/now-news.de\/de\/wp-content\/uploads\/sites\/3\/2025\/12\/Friedensgespraeche-quotWashington-Postquot-nennt-zwei-Schwachstellen-von-Selenskij.jpg","contentUrl":"https:\/\/now-news.de\/de\/wp-content\/uploads\/sites\/3\/2025\/12\/Friedensgespraeche-quotWashington-Postquot-nennt-zwei-Schwachstellen-von-Selenskij.jpg","width":460,"height":259,"caption":"Friedensgespr\u00e4che: &quot;Washington Post&quot; nennt zwei Schwachstellen von Selenskij"},{"@type":"BreadcrumbList","@id":"https:\/\/now-news.de\/de\/deutschland\/friedensgespraeche-washington-post-nennt-zwei-schwachstellen-von-selenskij\/#breadcrumb","itemListElement":[{"@type":"ListItem","position":1,"name":"Home","item":"https:\/\/now-news.de\/de\/"},{"@type":"ListItem","position":2,"name":"Friedensgespr\u00e4che: &quot;Washington Post&quot; nennt zwei Schwachstellen von Selenskij"}]},{"@type":"WebSite","@id":"https:\/\/now-news.de\/de\/#website","url":"https:\/\/now-news.de\/de\/","name":"just-now.NEWS Deutschland","description":"Das Portal f\u00fcr unzensierte Nachrichten aus der Welt","publisher":{"@id":"https:\/\/now-news.de\/de\/#organization"},"potentialAction":[{"@type":"SearchAction","target":{"@type":"EntryPoint","urlTemplate":"https:\/\/now-news.de\/de\/?s={search_term_string}"},"query-input":"required name=search_term_string"}],"inLanguage":"de"},{"@type":"Organization","@id":"https:\/\/now-news.de\/de\/#organization","name":"Just Now News","url":"https:\/\/now-news.de\/de\/","logo":{"@type":"ImageObject","inLanguage":"de","@id":"https:\/\/now-news.de\/de\/#\/schema\/logo\/image\/","url":"http:\/\/just-now.news\/de\/wp-content\/uploads\/sites\/3\/2022\/04\/logo500x500.jpg","contentUrl":"http:\/\/just-now.news\/de\/wp-content\/uploads\/sites\/3\/2022\/04\/logo500x500.jpg","width":500,"height":500,"caption":"Just Now News"},"image":{"@id":"https:\/\/now-news.de\/de\/#\/schema\/logo\/image\/"},"sameAs":["https:\/\/www.facebook.com\/wirmachenauf","https:\/\/x.com\/WirMachenAuf_de"]},{"@type":"Person","@id":"https:\/\/now-news.de\/de\/#\/schema\/person\/fb534a4e865501d8b3285208df34a9b5","name":"rtnews","image":{"@type":"ImageObject","inLanguage":"de","@id":"https:\/\/now-news.de\/de\/#\/schema\/person\/image\/","url":"https:\/\/secure.gravatar.com\/avatar\/82aafea7d8127119dd649515f56e2117?s=96&d=mm&r=g","contentUrl":"https:\/\/secure.gravatar.com\/avatar\/82aafea7d8127119dd649515f56e2117?s=96&d=mm&r=g","caption":"rtnews"},"url":"https:\/\/now-news.de\/de\/author\/rnews\/"}]}},"_links":{"self":[{"href":"https:\/\/now-news.de\/de\/wp-json\/wp\/v2\/posts\/95880"}],"collection":[{"href":"https:\/\/now-news.de\/de\/wp-json\/wp\/v2\/posts"}],"about":[{"href":"https:\/\/now-news.de\/de\/wp-json\/wp\/v2\/types\/post"}],"author":[{"embeddable":true,"href":"https:\/\/now-news.de\/de\/wp-json\/wp\/v2\/users\/3"}],"replies":[{"embeddable":true,"href":"https:\/\/now-news.de\/de\/wp-json\/wp\/v2\/comments?post=95880"}],"version-history":[{"count":0,"href":"https:\/\/now-news.de\/de\/wp-json\/wp\/v2\/posts\/95880\/revisions"}],"wp:featuredmedia":[{"embeddable":true,"href":"https:\/\/now-news.de\/de\/wp-json\/wp\/v2\/media\/95882"}],"wp:attachment":[{"href":"https:\/\/now-news.de\/de\/wp-json\/wp\/v2\/media?parent=95880"}],"wp:term":[{"taxonomy":"category","embeddable":true,"href":"https:\/\/now-news.de\/de\/wp-json\/wp\/v2\/categories?post=95880"},{"taxonomy":"post_tag","embeddable":true,"href":"https:\/\/now-news.de\/de\/wp-json\/wp\/v2\/tags?post=95880"}],"curies":[{"name":"wp","href":"https:\/\/api.w.org\/{rel}","templated":true}]}}