{"id":95862,"date":"2025-12-15T23:24:46","date_gmt":"2025-12-15T21:24:46","guid":{"rendered":"https:\/\/now-news.de\/de\/deutschland\/wahrheitsministerium-auf-schweizer-art-wenn-bern-entscheidet-was-wir-denken-sollen\/"},"modified":"2025-12-15T23:24:46","modified_gmt":"2025-12-15T21:24:46","slug":"wahrheitsministerium-auf-schweizer-art-wenn-bern-entscheidet-was-wir-denken-sollen","status":"publish","type":"post","link":"https:\/\/now-news.de\/de\/deutschland\/wahrheitsministerium-auf-schweizer-art-wenn-bern-entscheidet-was-wir-denken-sollen\/","title":{"rendered":"Wahrheitsministerium auf Schweizer Art: Wenn Bern entscheidet, was wir denken sollen"},"content":{"rendered":"<p><img decoding=\"async\" src=\"https:\/\/now-news.de\/de\/wp-content\/uploads\/sites\/3\/2025\/12\/6940566e48fbef70a91275b4.png\" \/><\/p>\n<div class=\"Text-root Text-type_1 \">\n                Der Bundesrat errichtet unter dem Vorwand der Desinformationsbek\u00e4mpfung eine neue Wahrheitsinstanz. Als &#8220;Schutz der Demokratie&#8221; verkauft, bedeutet sie einen gef\u00e4hrlichen Machtanspruch \u00fcber Denken, Bildung und \u00f6ffentliche Meinungsbildung. Ausgerechnet ein Staat, der selbst Vertrauen verspielt hat, beansprucht Deutungshoheit. Die Schweiz entfernt sich leise von ihrem freiheitlichen Fundament.\n            <\/div>\n<p><\/p>\n<div class=\"Text-root Text-type_5 ArticleView-text ViewText-root \">\n<p><em>Von Hans-Ueli L\u00e4ppli<\/em><\/p>\n<p>Orwell ist angekommen. Nicht schleichend, nicht versteckt, sondern mit Medienmitteilung, Arbeitsgruppe und wohlmeinender Rhetorik. 1984, Version Bundesbern. Und Martin Pfister steht in der ersten Reihe.<\/p>\n<p>Der Bundesrat schafft eine interdepartementale Arbeitsgruppe gegen &#8220;Beeinflussungsaktivit\u00e4ten und Desinformation&#8221;. Klingt technisch, harmlos, fast notwendig. In Wahrheit ist es ein politischer Offenbarungseid.<\/p>\n<p>Der Staat erkl\u00e4rt sich selbst zur Instanz dar\u00fcber, was wahr, zul\u00e4ssig und demokratief\u00f6rdernd ist. Wer das Problem nicht erkennt, sollte Orwells Buch nicht lesen, sondern ernst nehmen.<\/p>\n<p>Offiziell geht es um fremde Staaten, um Propaganda, um die Manipulation von Wahrnehmung, Denken und Handeln. Diese Wortwahl allein m\u00fcsste alarmieren. Seit wann ist es Aufgabe des Staates, das Denken seiner B\u00fcrger zu sch\u00fctzen oder zu formen? Die Schweiz war stark, weil sie den m\u00fcndigen B\u00fcrger voraussetzte. Nicht den betreuten.<\/p>\n<p>Besonders pikant ist, wer hier den Moralapostel gibt: ein Bundesrat, der in den letzten Jahren selbst zum gr\u00f6\u00dften Desinformationslieferanten des Landes wurde. Corona war kein Betriebsunfall, sondern ein Lehrst\u00fcck. Masken n\u00fctzten nicht, dann n\u00fctzten sie doch. Zertifikate verhinderten Ansteckung, sp\u00e4ter nat\u00fcrlich nicht. Alles stets wissenschaftlich abgest\u00fctzt. Alles stets alternativlos. Alles am Ende relativiert. Vertrauen verspielt.<\/p>\n<p>Dass ausgerechnet diese politische Klasse sich nun anma\u00dft, Wahrheit von L\u00fcge zu trennen, ist grotesk. Bei der Energiepolitik wurden Wunschzahlen als Fakten verkauft; bei der Personenfreiz\u00fcgigkeit wurden Risiken kleingeredet.<\/p>\n<p>Bei den F-35 von Fixpreisen gesprochen, die keine waren.<\/p>\n<p>Bei EU-Vertr\u00e4gen werden Begriffe so lange umetikettiert, bis sie politisch verdaulich sind. Desinformation als Staatsr\u00e4son.<\/p>\n<p>Nun also die n\u00e4chste Eskalationsstufe. Pr\u00e4ventive und reaktive Ma\u00dfnahmen. \u00dcberpr\u00fcfung von Lehrpl\u00e4nen. Fr\u00fchp\u00e4dagogische Wahrheitslehre.<\/p>\n<p>Wer entscheidet, was Kinder lernen sollen, entscheidet auch, was sie nicht lernen sollen. Indoktrination beginnt nicht mit Parolen, sondern mit Auslassungen.<\/p>\n<p>Beruhigend soll wirken, dass man die Pressefreiheit nicht antasten wolle. Diese Versicherung ist billig. Einflussnahme funktioniert heute subtiler. \u00dcber F\u00f6rdergelder, \u00fcber institutionelle N\u00e4he, \u00fcber moralische Stigmatisierung abweichender Meinungen.<\/p>\n<p><strong>Wer nicht mitsingt, gilt als problematisch. Wer fragt, ist verd\u00e4chtig.<\/strong><\/p>\n<p>Die staatlich alimentierten Medien spielen dabei eine Schl\u00fcsselrolle. Wenn SRG und andere subventionierte H\u00e4user faktisch Teil eines politisch gew\u00fcnschten Meinungskorridors werden, braucht es kein Zensurgesetz mehr. Der Druck wirkt vorauseilend. Redaktionen wissen, was erw\u00fcnscht ist. Kommentarschreiber lernen, was sie besser f\u00fcr sich behalten.<\/p>\n<p>Nat\u00fcrlich gibt es ausl\u00e4ndische Einflussversuche. Nat\u00fcrlich gibt es Propaganda. Doch eine Demokratie verteidigt sich nicht, indem sie ihren eigenen B\u00fcrgern misstraut. Wer den Menschen das Denken abgew\u00f6hnen will, hat das Argument verloren.<\/p>\n<p>Der Ruf nach einem Wahrheitsministerium ist immer ein Zeichen von Schw\u00e4che. Wer recht hat, braucht keine Arbeitsgruppe. Wer \u00fcberzeugt, braucht keine Lehrplanpr\u00fcfung. Die Wahrheit setzt sich durch, wenn man sie offen verteidigt und Widerspruch zul\u00e4sst.<\/p>\n<p>Die Schweiz war nie perfekt, aber sie war misstrauisch gegen\u00fcber Machtkonzentration. Dieses Misstrauen ist keine Krankheit, sondern ein Erfolgsmodell. Wer es pathologisiert, arbeitet nicht gegen Desinformation, sondern gegen die offene Gesellschaft.<\/p>\n<p>Oh Schweiz, wohin gehst du, wenn der Staat beginnt, deine Gedanken zu verwalten.<\/p>\n<p><strong>Mehr zum Thema<\/strong>\u00a0&#8211;\u00a0<a rel=\"nofollow noopener\" target=\"_blank\" href=\"https:\/\/freedert.online\/schweiz\/238496-fuck-you-mr-trump-diplomatische\/\">&#8220;Fuck you Mr. Trump&#8221;: Schweizer SP-Chef als diplomatische Zeitbombe\u00a0<\/a><\/p>\n<div class=\"EmbedBlock-root EmbedBlock-externalVideo EmbedBlock-rumble\">\n<div class=\"VkEmbed\"><iframe class=\"lazyload\" data-src=\"https:\/\/rumble.com\/embed\/v6oh6ya\" frameborder=\"0\" width=\"853\" height=\"480\" allowfullscreen><\/iframe><\/div>\n<\/div>\n<\/div>\n<p><br \/>\n<br \/><a href=\"https:\/\/de.rt.com\/meinung\/264893-wahrheitsministerium-auf-schweizer-art-wenn\/\">Source link <\/a><\/p>\n","protected":false},"excerpt":{"rendered":"<p>Der Bundesrat errichtet unter dem Vorwand der Desinformationsbek\u00e4mpfung eine neue Wahrheitsinstanz. Als &#8220;Schutz der Demokratie&#8221; verkauft, bedeutet sie einen gef\u00e4hrlichen Machtanspruch \u00fcber Denken, Bildung und \u00f6ffentliche Meinungsbildung. Ausgerechnet ein Staat, der selbst Vertrauen verspielt hat, beansprucht Deutungshoheit. Die Schweiz entfernt sich leise von ihrem freiheitlichen Fundament. Von Hans-Ueli L\u00e4ppli Orwell ist angekommen. Nicht schleichend, nicht [&hellip;]<\/p>\n","protected":false},"author":3,"featured_media":95863,"comment_status":"open","ping_status":"open","sticky":false,"template":"","format":"standard","meta":{"_yoast_indexnow_last_ping":["1765834515"],"wp_automatic_camp":["217"],"b1f711b95cff503a4d947d9d0b0f0130":["Wahrheitsministerium auf Schweizer Art: Wenn Bern entscheidet, was wir denken sollen"],"original_link":["https:\/\/de.rt.com\/meinung\/264893-wahrheitsministerium-auf-schweizer-art-wenn\/"],"_thumbnail_id":["95863"],"_wptgpro_p2tg_sent2tg":["a:1:{i:23737;s:19:\"2025-12-15 23:36:18\";}"],"jnews_social_counter_last_update":["1777468601"]},"categories":[19,23],"tags":[9419,133,45148,5114,14951,3424,1677,15361,4218,1801],"yoast_head":"<!-- This site is optimized with the Yoast SEO Premium plugin v22.7 (Yoast SEO v22.7) - https:\/\/yoast.com\/wordpress\/plugins\/seo\/ -->\n<title>Wahrheitsministerium auf Schweizer Art: Wenn Bern entscheidet, was wir denken sollen - just-now.NEWS Deutschland<\/title>\n<meta name=\"robots\" content=\"index, follow, max-snippet:-1, max-image-preview:large, max-video-preview:-1\" \/>\n<link rel=\"canonical\" href=\"https:\/\/now-news.de\/de\/deutschland\/wahrheitsministerium-auf-schweizer-art-wenn-bern-entscheidet-was-wir-denken-sollen\/\" \/>\n<meta property=\"og:locale\" content=\"de_DE\" \/>\n<meta property=\"og:type\" content=\"article\" \/>\n<meta property=\"og:title\" content=\"Wahrheitsministerium auf Schweizer Art: Wenn Bern entscheidet, was wir denken sollen\" \/>\n<meta property=\"og:description\" content=\"Der Bundesrat errichtet unter dem Vorwand der Desinformationsbek\u00e4mpfung eine neue Wahrheitsinstanz. Als &#8220;Schutz der Demokratie&#8221; verkauft, bedeutet sie einen gef\u00e4hrlichen Machtanspruch \u00fcber Denken, Bildung und \u00f6ffentliche Meinungsbildung. Ausgerechnet ein Staat, der selbst Vertrauen verspielt hat, beansprucht Deutungshoheit. Die Schweiz entfernt sich leise von ihrem freiheitlichen Fundament. Von Hans-Ueli L\u00e4ppli Orwell ist angekommen. Nicht schleichend, nicht [&hellip;]\" \/>\n<meta property=\"og:url\" content=\"https:\/\/now-news.de\/de\/deutschland\/wahrheitsministerium-auf-schweizer-art-wenn-bern-entscheidet-was-wir-denken-sollen\/\" \/>\n<meta property=\"og:site_name\" content=\"just-now.NEWS Deutschland\" \/>\n<meta property=\"article:publisher\" content=\"https:\/\/www.facebook.com\/wirmachenauf\" \/>\n<meta property=\"article:published_time\" content=\"2025-12-15T21:24:46+00:00\" \/>\n<meta property=\"og:image\" content=\"https:\/\/now-news.de\/de\/wp-content\/uploads\/sites\/3\/2025\/12\/6940566e48fbef70a91275b4.png\" \/>\n<meta name=\"author\" content=\"rtnews\" \/>\n<meta name=\"twitter:card\" content=\"summary_large_image\" \/>\n<meta name=\"twitter:creator\" content=\"@WirMachenAuf_de\" \/>\n<meta name=\"twitter:site\" content=\"@WirMachenAuf_de\" \/>\n<meta name=\"twitter:label1\" content=\"Verfasst von\" \/>\n\t<meta name=\"twitter:data1\" content=\"rtnews\" \/>\n\t<meta name=\"twitter:label2\" content=\"Gesch\u00e4tzte Lesezeit\" \/>\n\t<meta name=\"twitter:data2\" content=\"3\u00a0Minuten\" \/>\n<script type=\"application\/ld+json\" class=\"yoast-schema-graph\">{\"@context\":\"https:\/\/schema.org\",\"@graph\":[{\"@type\":\"Article\",\"@id\":\"https:\/\/now-news.de\/de\/deutschland\/wahrheitsministerium-auf-schweizer-art-wenn-bern-entscheidet-was-wir-denken-sollen\/#article\",\"isPartOf\":{\"@id\":\"https:\/\/now-news.de\/de\/deutschland\/wahrheitsministerium-auf-schweizer-art-wenn-bern-entscheidet-was-wir-denken-sollen\/\"},\"author\":{\"name\":\"rtnews\",\"@id\":\"https:\/\/now-news.de\/de\/#\/schema\/person\/fb534a4e865501d8b3285208df34a9b5\"},\"headline\":\"Wahrheitsministerium auf Schweizer Art: Wenn Bern entscheidet, was wir denken sollen\",\"datePublished\":\"2025-12-15T21:24:46+00:00\",\"dateModified\":\"2025-12-15T21:24:46+00:00\",\"mainEntityOfPage\":{\"@id\":\"https:\/\/now-news.de\/de\/deutschland\/wahrheitsministerium-auf-schweizer-art-wenn-bern-entscheidet-was-wir-denken-sollen\/\"},\"wordCount\":583,\"commentCount\":0,\"publisher\":{\"@id\":\"https:\/\/now-news.de\/de\/#organization\"},\"image\":{\"@id\":\"https:\/\/now-news.de\/de\/deutschland\/wahrheitsministerium-auf-schweizer-art-wenn-bern-entscheidet-was-wir-denken-sollen\/#primaryimage\"},\"thumbnailUrl\":\"https:\/\/now-news.de\/de\/wp-content\/uploads\/sites\/3\/2025\/12\/Wahrheitsministerium-auf-Schweizer-Art-Wenn-Bern-entscheidet-was-wir-denken.png\",\"keywords\":[\"Art\",\"AUF\",\"Bern\",\"denken\",\"entscheidet\",\"Schweizer\",\"sollen\",\"Wahrheitsministerium\",\"wenn\",\"Wir\"],\"articleSection\":[\"Deutschland\",\"Russland\"],\"inLanguage\":\"de\",\"potentialAction\":[{\"@type\":\"CommentAction\",\"name\":\"Comment\",\"target\":[\"https:\/\/now-news.de\/de\/deutschland\/wahrheitsministerium-auf-schweizer-art-wenn-bern-entscheidet-was-wir-denken-sollen\/#respond\"]}]},{\"@type\":\"WebPage\",\"@id\":\"https:\/\/now-news.de\/de\/deutschland\/wahrheitsministerium-auf-schweizer-art-wenn-bern-entscheidet-was-wir-denken-sollen\/\",\"url\":\"https:\/\/now-news.de\/de\/deutschland\/wahrheitsministerium-auf-schweizer-art-wenn-bern-entscheidet-was-wir-denken-sollen\/\",\"name\":\"Wahrheitsministerium auf Schweizer Art: Wenn Bern entscheidet, was wir denken sollen - just-now.NEWS Deutschland\",\"isPartOf\":{\"@id\":\"https:\/\/now-news.de\/de\/#website\"},\"primaryImageOfPage\":{\"@id\":\"https:\/\/now-news.de\/de\/deutschland\/wahrheitsministerium-auf-schweizer-art-wenn-bern-entscheidet-was-wir-denken-sollen\/#primaryimage\"},\"image\":{\"@id\":\"https:\/\/now-news.de\/de\/deutschland\/wahrheitsministerium-auf-schweizer-art-wenn-bern-entscheidet-was-wir-denken-sollen\/#primaryimage\"},\"thumbnailUrl\":\"https:\/\/now-news.de\/de\/wp-content\/uploads\/sites\/3\/2025\/12\/Wahrheitsministerium-auf-Schweizer-Art-Wenn-Bern-entscheidet-was-wir-denken.png\",\"datePublished\":\"2025-12-15T21:24:46+00:00\",\"dateModified\":\"2025-12-15T21:24:46+00:00\",\"breadcrumb\":{\"@id\":\"https:\/\/now-news.de\/de\/deutschland\/wahrheitsministerium-auf-schweizer-art-wenn-bern-entscheidet-was-wir-denken-sollen\/#breadcrumb\"},\"inLanguage\":\"de\",\"potentialAction\":[{\"@type\":\"ReadAction\",\"target\":[\"https:\/\/now-news.de\/de\/deutschland\/wahrheitsministerium-auf-schweizer-art-wenn-bern-entscheidet-was-wir-denken-sollen\/\"]}]},{\"@type\":\"ImageObject\",\"inLanguage\":\"de\",\"@id\":\"https:\/\/now-news.de\/de\/deutschland\/wahrheitsministerium-auf-schweizer-art-wenn-bern-entscheidet-was-wir-denken-sollen\/#primaryimage\",\"url\":\"https:\/\/now-news.de\/de\/wp-content\/uploads\/sites\/3\/2025\/12\/Wahrheitsministerium-auf-Schweizer-Art-Wenn-Bern-entscheidet-was-wir-denken.png\",\"contentUrl\":\"https:\/\/now-news.de\/de\/wp-content\/uploads\/sites\/3\/2025\/12\/Wahrheitsministerium-auf-Schweizer-Art-Wenn-Bern-entscheidet-was-wir-denken.png\",\"width\":460,\"height\":259,\"caption\":\"Wahrheitsministerium auf Schweizer Art: Wenn Bern entscheidet, was wir denken sollen\"},{\"@type\":\"BreadcrumbList\",\"@id\":\"https:\/\/now-news.de\/de\/deutschland\/wahrheitsministerium-auf-schweizer-art-wenn-bern-entscheidet-was-wir-denken-sollen\/#breadcrumb\",\"itemListElement\":[{\"@type\":\"ListItem\",\"position\":1,\"name\":\"Home\",\"item\":\"https:\/\/now-news.de\/de\/\"},{\"@type\":\"ListItem\",\"position\":2,\"name\":\"Wahrheitsministerium auf Schweizer Art: Wenn Bern entscheidet, was wir denken sollen\"}]},{\"@type\":\"WebSite\",\"@id\":\"https:\/\/now-news.de\/de\/#website\",\"url\":\"https:\/\/now-news.de\/de\/\",\"name\":\"just-now.NEWS Deutschland\",\"description\":\"Das Portal f\u00fcr unzensierte Nachrichten aus der Welt\",\"publisher\":{\"@id\":\"https:\/\/now-news.de\/de\/#organization\"},\"potentialAction\":[{\"@type\":\"SearchAction\",\"target\":{\"@type\":\"EntryPoint\",\"urlTemplate\":\"https:\/\/now-news.de\/de\/?s={search_term_string}\"},\"query-input\":\"required name=search_term_string\"}],\"inLanguage\":\"de\"},{\"@type\":\"Organization\",\"@id\":\"https:\/\/now-news.de\/de\/#organization\",\"name\":\"Just Now News\",\"url\":\"https:\/\/now-news.de\/de\/\",\"logo\":{\"@type\":\"ImageObject\",\"inLanguage\":\"de\",\"@id\":\"https:\/\/now-news.de\/de\/#\/schema\/logo\/image\/\",\"url\":\"http:\/\/just-now.news\/de\/wp-content\/uploads\/sites\/3\/2022\/04\/logo500x500.jpg\",\"contentUrl\":\"http:\/\/just-now.news\/de\/wp-content\/uploads\/sites\/3\/2022\/04\/logo500x500.jpg\",\"width\":500,\"height\":500,\"caption\":\"Just Now News\"},\"image\":{\"@id\":\"https:\/\/now-news.de\/de\/#\/schema\/logo\/image\/\"},\"sameAs\":[\"https:\/\/www.facebook.com\/wirmachenauf\",\"https:\/\/x.com\/WirMachenAuf_de\"]},{\"@type\":\"Person\",\"@id\":\"https:\/\/now-news.de\/de\/#\/schema\/person\/fb534a4e865501d8b3285208df34a9b5\",\"name\":\"rtnews\",\"image\":{\"@type\":\"ImageObject\",\"inLanguage\":\"de\",\"@id\":\"https:\/\/now-news.de\/de\/#\/schema\/person\/image\/\",\"url\":\"https:\/\/secure.gravatar.com\/avatar\/82aafea7d8127119dd649515f56e2117?s=96&d=mm&r=g\",\"contentUrl\":\"https:\/\/secure.gravatar.com\/avatar\/82aafea7d8127119dd649515f56e2117?s=96&d=mm&r=g\",\"caption\":\"rtnews\"},\"url\":\"https:\/\/now-news.de\/de\/author\/rnews\/\"}]}<\/script>\n<!-- \/ Yoast SEO Premium plugin. -->","yoast_head_json":{"title":"Wahrheitsministerium auf Schweizer Art: Wenn Bern entscheidet, was wir denken sollen - just-now.NEWS Deutschland","robots":{"index":"index","follow":"follow","max-snippet":"max-snippet:-1","max-image-preview":"max-image-preview:large","max-video-preview":"max-video-preview:-1"},"canonical":"https:\/\/now-news.de\/de\/deutschland\/wahrheitsministerium-auf-schweizer-art-wenn-bern-entscheidet-was-wir-denken-sollen\/","og_locale":"de_DE","og_type":"article","og_title":"Wahrheitsministerium auf Schweizer Art: Wenn Bern entscheidet, was wir denken sollen","og_description":"Der Bundesrat errichtet unter dem Vorwand der Desinformationsbek\u00e4mpfung eine neue Wahrheitsinstanz. Als &#8220;Schutz der Demokratie&#8221; verkauft, bedeutet sie einen gef\u00e4hrlichen Machtanspruch \u00fcber Denken, Bildung und \u00f6ffentliche Meinungsbildung. Ausgerechnet ein Staat, der selbst Vertrauen verspielt hat, beansprucht Deutungshoheit. Die Schweiz entfernt sich leise von ihrem freiheitlichen Fundament. Von Hans-Ueli L\u00e4ppli Orwell ist angekommen. Nicht schleichend, nicht [&hellip;]","og_url":"https:\/\/now-news.de\/de\/deutschland\/wahrheitsministerium-auf-schweizer-art-wenn-bern-entscheidet-was-wir-denken-sollen\/","og_site_name":"just-now.NEWS Deutschland","article_publisher":"https:\/\/www.facebook.com\/wirmachenauf","article_published_time":"2025-12-15T21:24:46+00:00","og_image":[{"url":"https:\/\/now-news.de\/de\/wp-content\/uploads\/sites\/3\/2025\/12\/6940566e48fbef70a91275b4.png"}],"author":"rtnews","twitter_card":"summary_large_image","twitter_creator":"@WirMachenAuf_de","twitter_site":"@WirMachenAuf_de","twitter_misc":{"Verfasst von":"rtnews","Gesch\u00e4tzte Lesezeit":"3\u00a0Minuten"},"schema":{"@context":"https:\/\/schema.org","@graph":[{"@type":"Article","@id":"https:\/\/now-news.de\/de\/deutschland\/wahrheitsministerium-auf-schweizer-art-wenn-bern-entscheidet-was-wir-denken-sollen\/#article","isPartOf":{"@id":"https:\/\/now-news.de\/de\/deutschland\/wahrheitsministerium-auf-schweizer-art-wenn-bern-entscheidet-was-wir-denken-sollen\/"},"author":{"name":"rtnews","@id":"https:\/\/now-news.de\/de\/#\/schema\/person\/fb534a4e865501d8b3285208df34a9b5"},"headline":"Wahrheitsministerium auf Schweizer Art: Wenn Bern entscheidet, was wir denken sollen","datePublished":"2025-12-15T21:24:46+00:00","dateModified":"2025-12-15T21:24:46+00:00","mainEntityOfPage":{"@id":"https:\/\/now-news.de\/de\/deutschland\/wahrheitsministerium-auf-schweizer-art-wenn-bern-entscheidet-was-wir-denken-sollen\/"},"wordCount":583,"commentCount":0,"publisher":{"@id":"https:\/\/now-news.de\/de\/#organization"},"image":{"@id":"https:\/\/now-news.de\/de\/deutschland\/wahrheitsministerium-auf-schweizer-art-wenn-bern-entscheidet-was-wir-denken-sollen\/#primaryimage"},"thumbnailUrl":"https:\/\/now-news.de\/de\/wp-content\/uploads\/sites\/3\/2025\/12\/Wahrheitsministerium-auf-Schweizer-Art-Wenn-Bern-entscheidet-was-wir-denken.png","keywords":["Art","AUF","Bern","denken","entscheidet","Schweizer","sollen","Wahrheitsministerium","wenn","Wir"],"articleSection":["Deutschland","Russland"],"inLanguage":"de","potentialAction":[{"@type":"CommentAction","name":"Comment","target":["https:\/\/now-news.de\/de\/deutschland\/wahrheitsministerium-auf-schweizer-art-wenn-bern-entscheidet-was-wir-denken-sollen\/#respond"]}]},{"@type":"WebPage","@id":"https:\/\/now-news.de\/de\/deutschland\/wahrheitsministerium-auf-schweizer-art-wenn-bern-entscheidet-was-wir-denken-sollen\/","url":"https:\/\/now-news.de\/de\/deutschland\/wahrheitsministerium-auf-schweizer-art-wenn-bern-entscheidet-was-wir-denken-sollen\/","name":"Wahrheitsministerium auf Schweizer Art: Wenn Bern entscheidet, was wir denken sollen - just-now.NEWS Deutschland","isPartOf":{"@id":"https:\/\/now-news.de\/de\/#website"},"primaryImageOfPage":{"@id":"https:\/\/now-news.de\/de\/deutschland\/wahrheitsministerium-auf-schweizer-art-wenn-bern-entscheidet-was-wir-denken-sollen\/#primaryimage"},"image":{"@id":"https:\/\/now-news.de\/de\/deutschland\/wahrheitsministerium-auf-schweizer-art-wenn-bern-entscheidet-was-wir-denken-sollen\/#primaryimage"},"thumbnailUrl":"https:\/\/now-news.de\/de\/wp-content\/uploads\/sites\/3\/2025\/12\/Wahrheitsministerium-auf-Schweizer-Art-Wenn-Bern-entscheidet-was-wir-denken.png","datePublished":"2025-12-15T21:24:46+00:00","dateModified":"2025-12-15T21:24:46+00:00","breadcrumb":{"@id":"https:\/\/now-news.de\/de\/deutschland\/wahrheitsministerium-auf-schweizer-art-wenn-bern-entscheidet-was-wir-denken-sollen\/#breadcrumb"},"inLanguage":"de","potentialAction":[{"@type":"ReadAction","target":["https:\/\/now-news.de\/de\/deutschland\/wahrheitsministerium-auf-schweizer-art-wenn-bern-entscheidet-was-wir-denken-sollen\/"]}]},{"@type":"ImageObject","inLanguage":"de","@id":"https:\/\/now-news.de\/de\/deutschland\/wahrheitsministerium-auf-schweizer-art-wenn-bern-entscheidet-was-wir-denken-sollen\/#primaryimage","url":"https:\/\/now-news.de\/de\/wp-content\/uploads\/sites\/3\/2025\/12\/Wahrheitsministerium-auf-Schweizer-Art-Wenn-Bern-entscheidet-was-wir-denken.png","contentUrl":"https:\/\/now-news.de\/de\/wp-content\/uploads\/sites\/3\/2025\/12\/Wahrheitsministerium-auf-Schweizer-Art-Wenn-Bern-entscheidet-was-wir-denken.png","width":460,"height":259,"caption":"Wahrheitsministerium auf Schweizer Art: Wenn Bern entscheidet, was wir denken sollen"},{"@type":"BreadcrumbList","@id":"https:\/\/now-news.de\/de\/deutschland\/wahrheitsministerium-auf-schweizer-art-wenn-bern-entscheidet-was-wir-denken-sollen\/#breadcrumb","itemListElement":[{"@type":"ListItem","position":1,"name":"Home","item":"https:\/\/now-news.de\/de\/"},{"@type":"ListItem","position":2,"name":"Wahrheitsministerium auf Schweizer Art: Wenn Bern entscheidet, was wir denken sollen"}]},{"@type":"WebSite","@id":"https:\/\/now-news.de\/de\/#website","url":"https:\/\/now-news.de\/de\/","name":"just-now.NEWS Deutschland","description":"Das Portal f\u00fcr unzensierte Nachrichten aus der Welt","publisher":{"@id":"https:\/\/now-news.de\/de\/#organization"},"potentialAction":[{"@type":"SearchAction","target":{"@type":"EntryPoint","urlTemplate":"https:\/\/now-news.de\/de\/?s={search_term_string}"},"query-input":"required name=search_term_string"}],"inLanguage":"de"},{"@type":"Organization","@id":"https:\/\/now-news.de\/de\/#organization","name":"Just Now News","url":"https:\/\/now-news.de\/de\/","logo":{"@type":"ImageObject","inLanguage":"de","@id":"https:\/\/now-news.de\/de\/#\/schema\/logo\/image\/","url":"http:\/\/just-now.news\/de\/wp-content\/uploads\/sites\/3\/2022\/04\/logo500x500.jpg","contentUrl":"http:\/\/just-now.news\/de\/wp-content\/uploads\/sites\/3\/2022\/04\/logo500x500.jpg","width":500,"height":500,"caption":"Just Now News"},"image":{"@id":"https:\/\/now-news.de\/de\/#\/schema\/logo\/image\/"},"sameAs":["https:\/\/www.facebook.com\/wirmachenauf","https:\/\/x.com\/WirMachenAuf_de"]},{"@type":"Person","@id":"https:\/\/now-news.de\/de\/#\/schema\/person\/fb534a4e865501d8b3285208df34a9b5","name":"rtnews","image":{"@type":"ImageObject","inLanguage":"de","@id":"https:\/\/now-news.de\/de\/#\/schema\/person\/image\/","url":"https:\/\/secure.gravatar.com\/avatar\/82aafea7d8127119dd649515f56e2117?s=96&d=mm&r=g","contentUrl":"https:\/\/secure.gravatar.com\/avatar\/82aafea7d8127119dd649515f56e2117?s=96&d=mm&r=g","caption":"rtnews"},"url":"https:\/\/now-news.de\/de\/author\/rnews\/"}]}},"_links":{"self":[{"href":"https:\/\/now-news.de\/de\/wp-json\/wp\/v2\/posts\/95862"}],"collection":[{"href":"https:\/\/now-news.de\/de\/wp-json\/wp\/v2\/posts"}],"about":[{"href":"https:\/\/now-news.de\/de\/wp-json\/wp\/v2\/types\/post"}],"author":[{"embeddable":true,"href":"https:\/\/now-news.de\/de\/wp-json\/wp\/v2\/users\/3"}],"replies":[{"embeddable":true,"href":"https:\/\/now-news.de\/de\/wp-json\/wp\/v2\/comments?post=95862"}],"version-history":[{"count":0,"href":"https:\/\/now-news.de\/de\/wp-json\/wp\/v2\/posts\/95862\/revisions"}],"wp:featuredmedia":[{"embeddable":true,"href":"https:\/\/now-news.de\/de\/wp-json\/wp\/v2\/media\/95863"}],"wp:attachment":[{"href":"https:\/\/now-news.de\/de\/wp-json\/wp\/v2\/media?parent=95862"}],"wp:term":[{"taxonomy":"category","embeddable":true,"href":"https:\/\/now-news.de\/de\/wp-json\/wp\/v2\/categories?post=95862"},{"taxonomy":"post_tag","embeddable":true,"href":"https:\/\/now-news.de\/de\/wp-json\/wp\/v2\/tags?post=95862"}],"curies":[{"name":"wp","href":"https:\/\/api.w.org\/{rel}","templated":true}]}}