{"id":9585,"date":"2022-06-02T10:40:34","date_gmt":"2022-06-02T08:40:34","guid":{"rendered":"http:\/\/just-now.news\/de\/deutschland\/erdogan-nennt-ziele-fuer-neuen-anti-terror-einsatz-in-syrien\/"},"modified":"2022-06-02T10:40:34","modified_gmt":"2022-06-02T08:40:34","slug":"erdogan-nennt-ziele-fuer-neuen-anti-terror-einsatz-in-syrien","status":"publish","type":"post","link":"https:\/\/now-news.de\/de\/deutschland\/erdogan-nennt-ziele-fuer-neuen-anti-terror-einsatz-in-syrien\/","title":{"rendered":"Erdo\u011fan nennt Ziele f\u00fcr neuen Anti-Terror-Einsatz in Syrien"},"content":{"rendered":"<p><img decoding=\"async\" src=\"http:\/\/just-now.news\/de\/wp-content\/uploads\/sites\/3\/2022\/06\/629788d5b480cc042236a14b.jpg\" \/><\/p>\n<div class=\"Text-root Text-type_1 \">\n                Die T\u00fcrkei hat eine neue Milit\u00e4roperation in Nordsyrien begonnen. Laut Erdo\u011fan geht es darum, die Kontrolle \u00fcber die St\u00e4dte Tall Rifaat und Manbidsch zu \u00fcbernehmen. Syrien betrachtet seinerseits das t\u00fcrkische Vorgehen als Verletzung der syrischen Souver\u00e4nit\u00e4t.\n            <\/div>\n<p><\/p>\n<div class=\"Text-root Text-type_5 ArticleView-text ViewText-root \">\n<p>Der t\u00fcrkische Pr\u00e4sident Recep Tayyip Erdo\u011fan hat die Ziele des j\u00fcngsten Milit\u00e4reinsatzes in Nordsyrien genannt. Die T\u00fcrkei wolle eine &#8220;neue Phase&#8221; einleiten und die Orte Tall Rifaat und Manbidsch von &#8220;Terroristen&#8221; der syrischen Kurdenmiliz YPG &#8220;s\u00e4ubern&#8221;, sagte Erdo\u011fan am Mittwoch. Anschlie\u00dfend sollten &#8220;schrittweise&#8221; weitere Regionen einbezogen werden.<em><\/em><\/p>\n<p>Erdo\u011fan hatte bereits vergangene Woche mit einem neuen Milit\u00e4reinsatz der T\u00fcrkei in dem Nachbarland gedroht, der bis zu 30 Kilometer in syrisches Gebiet reichen k\u00f6nnte.<em><\/em><\/p>\n<p>Auch vorangegangene t\u00fcrkische Milit\u00e4reins\u00e4tze in Syrien waren vor allem gegen die YPG gerichtet. Die Regierung in Ankara betrachtet die Miliz als Ableger der verbotenen kurdischen Arbeiterpartei PKK und ebenfalls als Terrororganisation. Die USA wiederum sehen die YPG im syrischen B\u00fcrgerkrieg als Partner im Kampf gegen die Terrormiliz Islamischer Staat (IS).<em><\/em><\/p>\n<p>Die Kurdenmiliz k\u00fcndigte an, im Falle eines t\u00fcrkischen Angriffs den Kampf gegen den IS einzustellen. Stattdessen wolle die YPG ihre &#8220;milit\u00e4rischen Ma\u00dfnahmen&#8221; dann gegen die t\u00fcrkische Invasion richten, so der Sprecher der von den Kurdenmilizen angef\u00fchrten Syrischen Demokratischen Kr\u00e4fte (SDF).<\/p>\n<p>Derzeit blockiert die T\u00fcrkei zudem die Aufnahme Finnlands und Schwedens in die NATO, weil sie beiden L\u00e4ndern die Unterst\u00fctzung der PKK\u00a0und der YPG vorwirft. Am Mittwoch sagte Erdo\u011fan:<\/p>\n<blockquote>\n<p><em>&#8220;Wer Waffen und Ausr\u00fcstung, die sie der T\u00fcrkei trotz Bezahlung vorenthalten, gratis an die Terrororganisation \u00fcbergibt, verdient den Titel eines Terrorstaates, nicht eines Rechtsstaates.&#8221;<\/em><\/p>\n<\/blockquote>\n<p>Schwedens Au\u00dfenministerin Ann Linde dementierte derweil, dass ihr Land schwedische Panzerabwehrwaffen an Kurden geliefert habe. Unter Verweis auf eine von ihr auf Twitter verbreitete Erkl\u00e4rung der schwedischen Beh\u00f6rde f\u00fcr strategische Produkte (ISP) schrieb sie, Schweden habe keine Exportlizenzen f\u00fcr milit\u00e4rische Ausr\u00fcstung an kurdische Einheiten bewilligt.<\/p>\n<p>Auch NATO-Partner wie Deutschland, aber auch andere EU-L\u00e4nder wie Schweden, haben aus Protest gegen eine Offensive der T\u00fcrkei gegen die YPG in Nordsyrien im Jahr 2019 die R\u00fcstungslieferungen an das Land teilweise gestoppt. Die T\u00fcrkei plant zudem den Kauf von F-16-Kampfjets von den USA \u2013 in Washington war ein m\u00f6glicher Deal zuletzt jedoch politisch umstritten.<\/p>\n<p><strong>Mehr zum Thema<\/strong> &#8211; <a rel=\"nofollow noopener\" target=\"_blank\" href=\"https:\/\/de.rt.com\/der-nahe-osten\/139890-angesichts-moeglicher-turkischer-offensive-syrien-schickt-verstaerkung-in-den-norden\/\">Angesichts m\u00f6glicher t\u00fcrkischer Offensive: Syrien schickt Verst\u00e4rkung in den Norden<\/a><\/p>\n<p><em>(rt\/dpa)<\/em><\/p>\n<\/div>\n<p><br \/>\n<br \/><a href=\"https:\/\/de.rt.com\/der-nahe-osten\/139976-erdogan-nennt-ziele-fur-neuen\/\">Source link <\/a><\/p>\n","protected":false},"excerpt":{"rendered":"<p>Die T\u00fcrkei hat eine neue Milit\u00e4roperation in Nordsyrien begonnen. Laut Erdo\u011fan geht es darum, die Kontrolle \u00fcber die St\u00e4dte Tall Rifaat und Manbidsch zu \u00fcbernehmen. Syrien betrachtet seinerseits das t\u00fcrkische Vorgehen als Verletzung der syrischen Souver\u00e4nit\u00e4t. Der t\u00fcrkische Pr\u00e4sident Recep Tayyip Erdo\u011fan hat die Ziele des j\u00fcngsten Milit\u00e4reinsatzes in Nordsyrien genannt. Die T\u00fcrkei wolle eine [&hellip;]<\/p>\n","protected":false},"author":3,"featured_media":9586,"comment_status":"open","ping_status":"open","sticky":false,"template":"","format":"standard","meta":{"wp_automatic_camp":["217"],"1006c8ec7e159bd77a743ac98693c500":["Erdo\u011fan nennt Ziele f\u00fcr neuen Anti-Terror-Einsatz in Syrien"],"original_link":["https:\/\/de.rt.com\/der-nahe-osten\/139976-erdogan-nennt-ziele-fur-neuen\/"],"_thumbnail_id":["9586"],"_wptg_p2tg_sent2tg":["2022-06-02 10:45:06"],"jnews_social_counter_last_update":["1777627733"]},"categories":[19,23],"tags":[22823,13697,221,6986,213,783,782],"yoast_head":"<!-- This site is optimized with the Yoast SEO Premium plugin v22.7 (Yoast SEO v22.7) - https:\/\/yoast.com\/wordpress\/plugins\/seo\/ -->\n<title>Erdo\u011fan nennt Ziele f\u00fcr neuen Anti-Terror-Einsatz in Syrien - just-now.NEWS Deutschland<\/title>\n<meta name=\"robots\" content=\"index, follow, max-snippet:-1, max-image-preview:large, max-video-preview:-1\" \/>\n<link rel=\"canonical\" href=\"https:\/\/now-news.de\/de\/deutschland\/erdogan-nennt-ziele-fuer-neuen-anti-terror-einsatz-in-syrien\/\" \/>\n<meta property=\"og:locale\" content=\"de_DE\" \/>\n<meta property=\"og:type\" content=\"article\" \/>\n<meta property=\"og:title\" content=\"Erdo\u011fan nennt Ziele f\u00fcr neuen Anti-Terror-Einsatz in Syrien\" \/>\n<meta property=\"og:description\" content=\"Die T\u00fcrkei hat eine neue Milit\u00e4roperation in Nordsyrien begonnen. Laut Erdo\u011fan geht es darum, die Kontrolle \u00fcber die St\u00e4dte Tall Rifaat und Manbidsch zu \u00fcbernehmen. Syrien betrachtet seinerseits das t\u00fcrkische Vorgehen als Verletzung der syrischen Souver\u00e4nit\u00e4t. Der t\u00fcrkische Pr\u00e4sident Recep Tayyip Erdo\u011fan hat die Ziele des j\u00fcngsten Milit\u00e4reinsatzes in Nordsyrien genannt. Die T\u00fcrkei wolle eine [&hellip;]\" \/>\n<meta property=\"og:url\" content=\"https:\/\/now-news.de\/de\/deutschland\/erdogan-nennt-ziele-fuer-neuen-anti-terror-einsatz-in-syrien\/\" \/>\n<meta property=\"og:site_name\" content=\"just-now.NEWS Deutschland\" \/>\n<meta property=\"article:publisher\" content=\"https:\/\/www.facebook.com\/wirmachenauf\" \/>\n<meta property=\"article:published_time\" content=\"2022-06-02T08:40:34+00:00\" \/>\n<meta property=\"og:image\" content=\"https:\/\/now-news.de\/de\/wp-content\/uploads\/sites\/3\/2022\/06\/Erdogan-nennt-Ziele-fuer-neuen-Anti-Terror-Einsatz-in-Syrien.jpg\" \/>\n\t<meta property=\"og:image:width\" content=\"460\" \/>\n\t<meta property=\"og:image:height\" content=\"259\" \/>\n\t<meta property=\"og:image:type\" content=\"image\/jpeg\" \/>\n<meta name=\"author\" content=\"rtnews\" \/>\n<meta name=\"twitter:card\" content=\"summary_large_image\" \/>\n<meta name=\"twitter:creator\" content=\"@WirMachenAuf_de\" \/>\n<meta name=\"twitter:site\" content=\"@WirMachenAuf_de\" \/>\n<meta name=\"twitter:label1\" content=\"Verfasst von\" \/>\n\t<meta name=\"twitter:data1\" content=\"rtnews\" \/>\n\t<meta name=\"twitter:label2\" content=\"Gesch\u00e4tzte Lesezeit\" \/>\n\t<meta name=\"twitter:data2\" content=\"2\u00a0Minuten\" \/>\n<script type=\"application\/ld+json\" class=\"yoast-schema-graph\">{\"@context\":\"https:\/\/schema.org\",\"@graph\":[{\"@type\":\"Article\",\"@id\":\"https:\/\/now-news.de\/de\/deutschland\/erdogan-nennt-ziele-fuer-neuen-anti-terror-einsatz-in-syrien\/#article\",\"isPartOf\":{\"@id\":\"https:\/\/now-news.de\/de\/deutschland\/erdogan-nennt-ziele-fuer-neuen-anti-terror-einsatz-in-syrien\/\"},\"author\":{\"name\":\"rtnews\",\"@id\":\"https:\/\/now-news.de\/de\/#\/schema\/person\/fb534a4e865501d8b3285208df34a9b5\"},\"headline\":\"Erdo\u011fan nennt Ziele f\u00fcr neuen Anti-Terror-Einsatz in Syrien\",\"datePublished\":\"2022-06-02T08:40:34+00:00\",\"dateModified\":\"2022-06-02T08:40:34+00:00\",\"mainEntityOfPage\":{\"@id\":\"https:\/\/now-news.de\/de\/deutschland\/erdogan-nennt-ziele-fuer-neuen-anti-terror-einsatz-in-syrien\/\"},\"wordCount\":430,\"commentCount\":0,\"publisher\":{\"@id\":\"https:\/\/now-news.de\/de\/#organization\"},\"image\":{\"@id\":\"https:\/\/now-news.de\/de\/deutschland\/erdogan-nennt-ziele-fuer-neuen-anti-terror-einsatz-in-syrien\/#primaryimage\"},\"thumbnailUrl\":\"https:\/\/now-news.de\/de\/wp-content\/uploads\/sites\/3\/2022\/06\/Erdogan-nennt-Ziele-fuer-neuen-Anti-Terror-Einsatz-in-Syrien.jpg\",\"keywords\":[\"AntiTerrorEinsatz\",\"Erdo\u011fan\",\"f\u00fcr\",\"nennt\",\"neuen\",\"Syrien\",\"Ziele\"],\"articleSection\":[\"Deutschland\",\"Russland\"],\"inLanguage\":\"de\",\"potentialAction\":[{\"@type\":\"CommentAction\",\"name\":\"Comment\",\"target\":[\"https:\/\/now-news.de\/de\/deutschland\/erdogan-nennt-ziele-fuer-neuen-anti-terror-einsatz-in-syrien\/#respond\"]}]},{\"@type\":\"WebPage\",\"@id\":\"https:\/\/now-news.de\/de\/deutschland\/erdogan-nennt-ziele-fuer-neuen-anti-terror-einsatz-in-syrien\/\",\"url\":\"https:\/\/now-news.de\/de\/deutschland\/erdogan-nennt-ziele-fuer-neuen-anti-terror-einsatz-in-syrien\/\",\"name\":\"Erdo\u011fan nennt Ziele f\u00fcr neuen Anti-Terror-Einsatz in Syrien - just-now.NEWS Deutschland\",\"isPartOf\":{\"@id\":\"https:\/\/now-news.de\/de\/#website\"},\"primaryImageOfPage\":{\"@id\":\"https:\/\/now-news.de\/de\/deutschland\/erdogan-nennt-ziele-fuer-neuen-anti-terror-einsatz-in-syrien\/#primaryimage\"},\"image\":{\"@id\":\"https:\/\/now-news.de\/de\/deutschland\/erdogan-nennt-ziele-fuer-neuen-anti-terror-einsatz-in-syrien\/#primaryimage\"},\"thumbnailUrl\":\"https:\/\/now-news.de\/de\/wp-content\/uploads\/sites\/3\/2022\/06\/Erdogan-nennt-Ziele-fuer-neuen-Anti-Terror-Einsatz-in-Syrien.jpg\",\"datePublished\":\"2022-06-02T08:40:34+00:00\",\"dateModified\":\"2022-06-02T08:40:34+00:00\",\"breadcrumb\":{\"@id\":\"https:\/\/now-news.de\/de\/deutschland\/erdogan-nennt-ziele-fuer-neuen-anti-terror-einsatz-in-syrien\/#breadcrumb\"},\"inLanguage\":\"de\",\"potentialAction\":[{\"@type\":\"ReadAction\",\"target\":[\"https:\/\/now-news.de\/de\/deutschland\/erdogan-nennt-ziele-fuer-neuen-anti-terror-einsatz-in-syrien\/\"]}]},{\"@type\":\"ImageObject\",\"inLanguage\":\"de\",\"@id\":\"https:\/\/now-news.de\/de\/deutschland\/erdogan-nennt-ziele-fuer-neuen-anti-terror-einsatz-in-syrien\/#primaryimage\",\"url\":\"https:\/\/now-news.de\/de\/wp-content\/uploads\/sites\/3\/2022\/06\/Erdogan-nennt-Ziele-fuer-neuen-Anti-Terror-Einsatz-in-Syrien.jpg\",\"contentUrl\":\"https:\/\/now-news.de\/de\/wp-content\/uploads\/sites\/3\/2022\/06\/Erdogan-nennt-Ziele-fuer-neuen-Anti-Terror-Einsatz-in-Syrien.jpg\",\"width\":460,\"height\":259,\"caption\":\"Erdo\u011fan nennt Ziele f\u00fcr neuen Anti-Terror-Einsatz in Syrien\"},{\"@type\":\"BreadcrumbList\",\"@id\":\"https:\/\/now-news.de\/de\/deutschland\/erdogan-nennt-ziele-fuer-neuen-anti-terror-einsatz-in-syrien\/#breadcrumb\",\"itemListElement\":[{\"@type\":\"ListItem\",\"position\":1,\"name\":\"Home\",\"item\":\"https:\/\/now-news.de\/de\/\"},{\"@type\":\"ListItem\",\"position\":2,\"name\":\"Erdo\u011fan nennt Ziele f\u00fcr neuen Anti-Terror-Einsatz in Syrien\"}]},{\"@type\":\"WebSite\",\"@id\":\"https:\/\/now-news.de\/de\/#website\",\"url\":\"https:\/\/now-news.de\/de\/\",\"name\":\"just-now.NEWS Deutschland\",\"description\":\"Das Portal f\u00fcr unzensierte Nachrichten aus der Welt\",\"publisher\":{\"@id\":\"https:\/\/now-news.de\/de\/#organization\"},\"potentialAction\":[{\"@type\":\"SearchAction\",\"target\":{\"@type\":\"EntryPoint\",\"urlTemplate\":\"https:\/\/now-news.de\/de\/?s={search_term_string}\"},\"query-input\":\"required name=search_term_string\"}],\"inLanguage\":\"de\"},{\"@type\":\"Organization\",\"@id\":\"https:\/\/now-news.de\/de\/#organization\",\"name\":\"Just Now News\",\"url\":\"https:\/\/now-news.de\/de\/\",\"logo\":{\"@type\":\"ImageObject\",\"inLanguage\":\"de\",\"@id\":\"https:\/\/now-news.de\/de\/#\/schema\/logo\/image\/\",\"url\":\"http:\/\/just-now.news\/de\/wp-content\/uploads\/sites\/3\/2022\/04\/logo500x500.jpg\",\"contentUrl\":\"http:\/\/just-now.news\/de\/wp-content\/uploads\/sites\/3\/2022\/04\/logo500x500.jpg\",\"width\":500,\"height\":500,\"caption\":\"Just Now News\"},\"image\":{\"@id\":\"https:\/\/now-news.de\/de\/#\/schema\/logo\/image\/\"},\"sameAs\":[\"https:\/\/www.facebook.com\/wirmachenauf\",\"https:\/\/x.com\/WirMachenAuf_de\"]},{\"@type\":\"Person\",\"@id\":\"https:\/\/now-news.de\/de\/#\/schema\/person\/fb534a4e865501d8b3285208df34a9b5\",\"name\":\"rtnews\",\"image\":{\"@type\":\"ImageObject\",\"inLanguage\":\"de\",\"@id\":\"https:\/\/now-news.de\/de\/#\/schema\/person\/image\/\",\"url\":\"https:\/\/secure.gravatar.com\/avatar\/82aafea7d8127119dd649515f56e2117?s=96&d=mm&r=g\",\"contentUrl\":\"https:\/\/secure.gravatar.com\/avatar\/82aafea7d8127119dd649515f56e2117?s=96&d=mm&r=g\",\"caption\":\"rtnews\"},\"url\":\"https:\/\/now-news.de\/de\/author\/rnews\/\"}]}<\/script>\n<!-- \/ Yoast SEO Premium plugin. -->","yoast_head_json":{"title":"Erdo\u011fan nennt Ziele f\u00fcr neuen Anti-Terror-Einsatz in Syrien - just-now.NEWS Deutschland","robots":{"index":"index","follow":"follow","max-snippet":"max-snippet:-1","max-image-preview":"max-image-preview:large","max-video-preview":"max-video-preview:-1"},"canonical":"https:\/\/now-news.de\/de\/deutschland\/erdogan-nennt-ziele-fuer-neuen-anti-terror-einsatz-in-syrien\/","og_locale":"de_DE","og_type":"article","og_title":"Erdo\u011fan nennt Ziele f\u00fcr neuen Anti-Terror-Einsatz in Syrien","og_description":"Die T\u00fcrkei hat eine neue Milit\u00e4roperation in Nordsyrien begonnen. Laut Erdo\u011fan geht es darum, die Kontrolle \u00fcber die St\u00e4dte Tall Rifaat und Manbidsch zu \u00fcbernehmen. Syrien betrachtet seinerseits das t\u00fcrkische Vorgehen als Verletzung der syrischen Souver\u00e4nit\u00e4t. Der t\u00fcrkische Pr\u00e4sident Recep Tayyip Erdo\u011fan hat die Ziele des j\u00fcngsten Milit\u00e4reinsatzes in Nordsyrien genannt. Die T\u00fcrkei wolle eine [&hellip;]","og_url":"https:\/\/now-news.de\/de\/deutschland\/erdogan-nennt-ziele-fuer-neuen-anti-terror-einsatz-in-syrien\/","og_site_name":"just-now.NEWS Deutschland","article_publisher":"https:\/\/www.facebook.com\/wirmachenauf","article_published_time":"2022-06-02T08:40:34+00:00","og_image":[{"width":460,"height":259,"url":"https:\/\/now-news.de\/de\/wp-content\/uploads\/sites\/3\/2022\/06\/Erdogan-nennt-Ziele-fuer-neuen-Anti-Terror-Einsatz-in-Syrien.jpg","type":"image\/jpeg"}],"author":"rtnews","twitter_card":"summary_large_image","twitter_creator":"@WirMachenAuf_de","twitter_site":"@WirMachenAuf_de","twitter_misc":{"Verfasst von":"rtnews","Gesch\u00e4tzte Lesezeit":"2\u00a0Minuten"},"schema":{"@context":"https:\/\/schema.org","@graph":[{"@type":"Article","@id":"https:\/\/now-news.de\/de\/deutschland\/erdogan-nennt-ziele-fuer-neuen-anti-terror-einsatz-in-syrien\/#article","isPartOf":{"@id":"https:\/\/now-news.de\/de\/deutschland\/erdogan-nennt-ziele-fuer-neuen-anti-terror-einsatz-in-syrien\/"},"author":{"name":"rtnews","@id":"https:\/\/now-news.de\/de\/#\/schema\/person\/fb534a4e865501d8b3285208df34a9b5"},"headline":"Erdo\u011fan nennt Ziele f\u00fcr neuen Anti-Terror-Einsatz in Syrien","datePublished":"2022-06-02T08:40:34+00:00","dateModified":"2022-06-02T08:40:34+00:00","mainEntityOfPage":{"@id":"https:\/\/now-news.de\/de\/deutschland\/erdogan-nennt-ziele-fuer-neuen-anti-terror-einsatz-in-syrien\/"},"wordCount":430,"commentCount":0,"publisher":{"@id":"https:\/\/now-news.de\/de\/#organization"},"image":{"@id":"https:\/\/now-news.de\/de\/deutschland\/erdogan-nennt-ziele-fuer-neuen-anti-terror-einsatz-in-syrien\/#primaryimage"},"thumbnailUrl":"https:\/\/now-news.de\/de\/wp-content\/uploads\/sites\/3\/2022\/06\/Erdogan-nennt-Ziele-fuer-neuen-Anti-Terror-Einsatz-in-Syrien.jpg","keywords":["AntiTerrorEinsatz","Erdo\u011fan","f\u00fcr","nennt","neuen","Syrien","Ziele"],"articleSection":["Deutschland","Russland"],"inLanguage":"de","potentialAction":[{"@type":"CommentAction","name":"Comment","target":["https:\/\/now-news.de\/de\/deutschland\/erdogan-nennt-ziele-fuer-neuen-anti-terror-einsatz-in-syrien\/#respond"]}]},{"@type":"WebPage","@id":"https:\/\/now-news.de\/de\/deutschland\/erdogan-nennt-ziele-fuer-neuen-anti-terror-einsatz-in-syrien\/","url":"https:\/\/now-news.de\/de\/deutschland\/erdogan-nennt-ziele-fuer-neuen-anti-terror-einsatz-in-syrien\/","name":"Erdo\u011fan nennt Ziele f\u00fcr neuen Anti-Terror-Einsatz in Syrien - just-now.NEWS Deutschland","isPartOf":{"@id":"https:\/\/now-news.de\/de\/#website"},"primaryImageOfPage":{"@id":"https:\/\/now-news.de\/de\/deutschland\/erdogan-nennt-ziele-fuer-neuen-anti-terror-einsatz-in-syrien\/#primaryimage"},"image":{"@id":"https:\/\/now-news.de\/de\/deutschland\/erdogan-nennt-ziele-fuer-neuen-anti-terror-einsatz-in-syrien\/#primaryimage"},"thumbnailUrl":"https:\/\/now-news.de\/de\/wp-content\/uploads\/sites\/3\/2022\/06\/Erdogan-nennt-Ziele-fuer-neuen-Anti-Terror-Einsatz-in-Syrien.jpg","datePublished":"2022-06-02T08:40:34+00:00","dateModified":"2022-06-02T08:40:34+00:00","breadcrumb":{"@id":"https:\/\/now-news.de\/de\/deutschland\/erdogan-nennt-ziele-fuer-neuen-anti-terror-einsatz-in-syrien\/#breadcrumb"},"inLanguage":"de","potentialAction":[{"@type":"ReadAction","target":["https:\/\/now-news.de\/de\/deutschland\/erdogan-nennt-ziele-fuer-neuen-anti-terror-einsatz-in-syrien\/"]}]},{"@type":"ImageObject","inLanguage":"de","@id":"https:\/\/now-news.de\/de\/deutschland\/erdogan-nennt-ziele-fuer-neuen-anti-terror-einsatz-in-syrien\/#primaryimage","url":"https:\/\/now-news.de\/de\/wp-content\/uploads\/sites\/3\/2022\/06\/Erdogan-nennt-Ziele-fuer-neuen-Anti-Terror-Einsatz-in-Syrien.jpg","contentUrl":"https:\/\/now-news.de\/de\/wp-content\/uploads\/sites\/3\/2022\/06\/Erdogan-nennt-Ziele-fuer-neuen-Anti-Terror-Einsatz-in-Syrien.jpg","width":460,"height":259,"caption":"Erdo\u011fan nennt Ziele f\u00fcr neuen Anti-Terror-Einsatz in Syrien"},{"@type":"BreadcrumbList","@id":"https:\/\/now-news.de\/de\/deutschland\/erdogan-nennt-ziele-fuer-neuen-anti-terror-einsatz-in-syrien\/#breadcrumb","itemListElement":[{"@type":"ListItem","position":1,"name":"Home","item":"https:\/\/now-news.de\/de\/"},{"@type":"ListItem","position":2,"name":"Erdo\u011fan nennt Ziele f\u00fcr neuen Anti-Terror-Einsatz in Syrien"}]},{"@type":"WebSite","@id":"https:\/\/now-news.de\/de\/#website","url":"https:\/\/now-news.de\/de\/","name":"just-now.NEWS Deutschland","description":"Das Portal f\u00fcr unzensierte Nachrichten aus der Welt","publisher":{"@id":"https:\/\/now-news.de\/de\/#organization"},"potentialAction":[{"@type":"SearchAction","target":{"@type":"EntryPoint","urlTemplate":"https:\/\/now-news.de\/de\/?s={search_term_string}"},"query-input":"required name=search_term_string"}],"inLanguage":"de"},{"@type":"Organization","@id":"https:\/\/now-news.de\/de\/#organization","name":"Just Now News","url":"https:\/\/now-news.de\/de\/","logo":{"@type":"ImageObject","inLanguage":"de","@id":"https:\/\/now-news.de\/de\/#\/schema\/logo\/image\/","url":"http:\/\/just-now.news\/de\/wp-content\/uploads\/sites\/3\/2022\/04\/logo500x500.jpg","contentUrl":"http:\/\/just-now.news\/de\/wp-content\/uploads\/sites\/3\/2022\/04\/logo500x500.jpg","width":500,"height":500,"caption":"Just Now News"},"image":{"@id":"https:\/\/now-news.de\/de\/#\/schema\/logo\/image\/"},"sameAs":["https:\/\/www.facebook.com\/wirmachenauf","https:\/\/x.com\/WirMachenAuf_de"]},{"@type":"Person","@id":"https:\/\/now-news.de\/de\/#\/schema\/person\/fb534a4e865501d8b3285208df34a9b5","name":"rtnews","image":{"@type":"ImageObject","inLanguage":"de","@id":"https:\/\/now-news.de\/de\/#\/schema\/person\/image\/","url":"https:\/\/secure.gravatar.com\/avatar\/82aafea7d8127119dd649515f56e2117?s=96&d=mm&r=g","contentUrl":"https:\/\/secure.gravatar.com\/avatar\/82aafea7d8127119dd649515f56e2117?s=96&d=mm&r=g","caption":"rtnews"},"url":"https:\/\/now-news.de\/de\/author\/rnews\/"}]}},"_links":{"self":[{"href":"https:\/\/now-news.de\/de\/wp-json\/wp\/v2\/posts\/9585"}],"collection":[{"href":"https:\/\/now-news.de\/de\/wp-json\/wp\/v2\/posts"}],"about":[{"href":"https:\/\/now-news.de\/de\/wp-json\/wp\/v2\/types\/post"}],"author":[{"embeddable":true,"href":"https:\/\/now-news.de\/de\/wp-json\/wp\/v2\/users\/3"}],"replies":[{"embeddable":true,"href":"https:\/\/now-news.de\/de\/wp-json\/wp\/v2\/comments?post=9585"}],"version-history":[{"count":0,"href":"https:\/\/now-news.de\/de\/wp-json\/wp\/v2\/posts\/9585\/revisions"}],"wp:featuredmedia":[{"embeddable":true,"href":"https:\/\/now-news.de\/de\/wp-json\/wp\/v2\/media\/9586"}],"wp:attachment":[{"href":"https:\/\/now-news.de\/de\/wp-json\/wp\/v2\/media?parent=9585"}],"wp:term":[{"taxonomy":"category","embeddable":true,"href":"https:\/\/now-news.de\/de\/wp-json\/wp\/v2\/categories?post=9585"},{"taxonomy":"post_tag","embeddable":true,"href":"https:\/\/now-news.de\/de\/wp-json\/wp\/v2\/tags?post=9585"}],"curies":[{"name":"wp","href":"https:\/\/api.w.org\/{rel}","templated":true}]}}