{"id":95779,"date":"2025-12-14T17:44:24","date_gmt":"2025-12-14T15:44:24","guid":{"rendered":"https:\/\/now-news.de\/de\/deutschland\/hamas-lehnt-entwaffnung-ab-hochrangiger-hamas-kommandant-bei-israelischem-angriff-getoetet\/"},"modified":"2025-12-14T17:44:24","modified_gmt":"2025-12-14T15:44:24","slug":"hamas-lehnt-entwaffnung-ab-hochrangiger-hamas-kommandant-bei-israelischem-angriff-getoetet","status":"publish","type":"post","link":"https:\/\/now-news.de\/de\/deutschland\/hamas-lehnt-entwaffnung-ab-hochrangiger-hamas-kommandant-bei-israelischem-angriff-getoetet\/","title":{"rendered":"Hamas lehnt Entwaffnung ab \u2013 Hochrangiger Hamas-Kommandant bei israelischem Angriff get\u00f6tet"},"content":{"rendered":"<p><img decoding=\"async\" src=\"https:\/\/now-news.de\/de\/wp-content\/uploads\/sites\/3\/2025\/12\/693ebf0648fbef40e5690139.jpg\" \/><\/p>\n<div class=\"Text-root Text-type_1 \">\n                Bei einem israelischen Drohnenangriff in Gaza-Stadt ist ein hochrangiger Hamas-Kommandeur get\u00f6tet worden. Damit wurde die bestehende Waffenruhe erneut verletzt. Die Hamas best\u00e4tigte inzwischen den Tod ihres Kommandeurs und bekr\u00e4ftigte erneut ihre Ablehnung einer Entwaffnung.\n            <\/div>\n<p><\/p>\n<div class=\"Text-root Text-type_5 ArticleView-text ViewText-root \">\n<p>Der Hamas-F\u00fchrer Khalil al-Hayya erkl\u00e4rte am Sonntag, die Waffen der Organisation seien &#8220;ein durch das V\u00f6lkerrecht garantiertes Recht&#8221; und lehnte auch die von US-Pr\u00e4sident Donald Trump in seinem Gaza-Friedensplan vorgesehene Internationale Stabilisierungstruppe (ISF) ab, die letzten Monat in einer Resolution des UN-Sicherheitsrats verankert wurde.<\/p>\n<p>In seiner Rede sagte al-Hayya, die ISF sollten sich auf die &#8220;Aufrechterhaltung des Waffenstillstands und die Trennung der Parteien entlang der Grenze zum Gazastreifen&#8221; beschr\u00e4nken.<\/p>\n<p>In\u00a0der Rede zum 38. Jahrestag der Gr\u00fcndung der Hamas best\u00e4tigte al-Hayya auch, dass die israelischen Streitkr\u00e4fte am Samstag Raad Saad, einen hochrangigen Hamas-Kommandeur, get\u00f6tet haben. Al-Hayya forderte in seiner Rede, den Waffenstillstandsplan fortzusetzen und &#8220;insbesondere die erste Phase abzuschlie\u00dfen, die die Einfuhr von Hilfsg\u00fctern&#8221; nach Gaza umfasst.<\/p>\n<p>Er sagte allerdings, die Hamas, der Trumps Plan jede Rolle im Gazastreifen verbietet, sei bereit, ihre Befugnisse abzugeben und die Arbeit der unpolitischen, technokratischen pal\u00e4stinensischen Kommission, die den Gazastreifen gem\u00e4\u00df dem Plan auf ziviler Ebene verwalten w\u00fcrde, zu erleichtern.<\/p>\n<p>Al-Hayya f\u00fcgte hinzu, die Hamas bleibe standhaft in ihrer &#8220;Ablehnung jeglicher Form der Vormundschaft&#8221; \u00fcber das pal\u00e4stinensische Volk und werde ihre Waffen nicht abgeben, solange es keinen pal\u00e4stinensischen Staat gebe.<\/p>\n<p>Die erste Phase, die die Grundlage f\u00fcr das aktuelle Waffenstillstands- und Geiselabkommen f\u00fcr den Gazastreifen bildete, soll enden, wenn die Hamas alle 48 lebenden und toten Geiseln zur\u00fcckgegeben hat, die sich zum Zeitpunkt der Unterzeichnung des Abkommens am 9. Oktober noch im Gazastreifen befanden. Die sterblichen \u00dcberreste einer Geisel, des israelischen Polizeioberfeldwebels Ran Gvili, befinden sich noch immer im Gazastreifen.<\/p>\n<p>Al-Hayya lobte den von der Hamas angef\u00fchrten Angriff vom 7. Oktober 2023. Er hob unter anderem Russland und China hervor und lobte sie f\u00fcr ihre propal\u00e4stinensische Haltung im UN-Sicherheitsrat. Lobend erw\u00e4hnte er au\u00dferdem die Vermittler des Waffenstillstands, die T\u00fcrkei, \u00c4gypten und Katar, sowie S\u00fcdafrika, das ein V\u00f6lkermordverfahren gegen Israel beim Internationalen Gerichtshof eingeleitet hat.<\/p>\n<p>Er w\u00fcrdigte auch die &#8220;M\u00e4rtyrer&#8221;, die seit dem Angriff vom 7. Oktober von Israel get\u00f6tet wurden, darunter den Hisbollah-Chef Hassan Nasrallah, der im vergangenen Jahr get\u00f6tet worden war, und den Kommandeur der iranischen Quds-Truppe, Saeed Izadi, der im Juni w\u00e4hrend des Zw\u00f6lftagekriegs zwischen Israel und Iran get\u00f6tet wurde.<\/p>\n<p><strong>Mehr zum Thema<\/strong>\u00a0\u2013\u00a0<a rel=\"nofollow noopener\" target=\"_blank\" href=\"https:\/\/freedert.online\/schweiz\/264571-schweizer-eurovision-gewinner-nemo-gibt\/\">Schweizer Eurovision-Gewinner Nemo gibt Troph\u00e4e zur\u00fcck \u2013 Protest gegen Israels Teilnahme<\/a><\/p>\n<div class=\"EmbedBlock-root EmbedBlock-externalVideo EmbedBlock-rumble\">\n<div class=\"VkEmbed\"><iframe class=\"lazyload\" data-src=\"https:\/\/rumble.com\/embed\/v6yrs2a\" frameborder=\"0\" width=\"853\" height=\"480\" allowfullscreen><\/iframe><\/div>\n<\/div>\n<\/div>\n<p><br \/>\n<br \/><a href=\"https:\/\/de.rt.com\/der-nahe-osten\/264781-hamas-lehnt-entwaffnung-ab-hochrangiger\/\">Source link <\/a><\/p>\n","protected":false},"excerpt":{"rendered":"<p>Bei einem israelischen Drohnenangriff in Gaza-Stadt ist ein hochrangiger Hamas-Kommandeur get\u00f6tet worden. Damit wurde die bestehende Waffenruhe erneut verletzt. Die Hamas best\u00e4tigte inzwischen den Tod ihres Kommandeurs und bekr\u00e4ftigte erneut ihre Ablehnung einer Entwaffnung. Der Hamas-F\u00fchrer Khalil al-Hayya erkl\u00e4rte am Sonntag, die Waffen der Organisation seien &#8220;ein durch das V\u00f6lkerrecht garantiertes Recht&#8221; und lehnte auch [&hellip;]<\/p>\n","protected":false},"author":3,"featured_media":95780,"comment_status":"open","ping_status":"open","sticky":false,"template":"","format":"standard","meta":{"_yoast_indexnow_last_ping":["1765727774"],"wp_automatic_camp":["217"],"99d588bbccd849b2e01204b980755e53":["Hamas lehnt Entwaffnung ab \u2013 Hochrangiger Hamas-Kommandant bei israelischem Angriff get\u00f6tet"],"original_link":["https:\/\/de.rt.com\/der-nahe-osten\/264781-hamas-lehnt-entwaffnung-ab-hochrangiger\/"],"_thumbnail_id":["95780"],"jnews_social_counter_last_update":["1777662351"],"_wptgpro_p2tg_sent2tg":["a:1:{i:23737;s:19:\"2025-12-14 17:57:13\";}"]},"categories":[19,23],"tags":[6126,363,64153,367,5832,69917,21416,11434,2034],"yoast_head":"<!-- This site is optimized with the Yoast SEO Premium plugin v22.7 (Yoast SEO v22.7) - https:\/\/yoast.com\/wordpress\/plugins\/seo\/ -->\n<title>Hamas lehnt Entwaffnung ab \u2013 Hochrangiger Hamas-Kommandant bei israelischem Angriff get\u00f6tet - just-now.NEWS Deutschland<\/title>\n<meta name=\"robots\" content=\"index, follow, max-snippet:-1, max-image-preview:large, max-video-preview:-1\" \/>\n<link rel=\"canonical\" href=\"https:\/\/now-news.de\/de\/deutschland\/hamas-lehnt-entwaffnung-ab-hochrangiger-hamas-kommandant-bei-israelischem-angriff-getoetet\/\" \/>\n<meta property=\"og:locale\" content=\"de_DE\" \/>\n<meta property=\"og:type\" content=\"article\" \/>\n<meta property=\"og:title\" content=\"Hamas lehnt Entwaffnung ab \u2013 Hochrangiger Hamas-Kommandant bei israelischem Angriff get\u00f6tet\" \/>\n<meta property=\"og:description\" content=\"Bei einem israelischen Drohnenangriff in Gaza-Stadt ist ein hochrangiger Hamas-Kommandeur get\u00f6tet worden. Damit wurde die bestehende Waffenruhe erneut verletzt. Die Hamas best\u00e4tigte inzwischen den Tod ihres Kommandeurs und bekr\u00e4ftigte erneut ihre Ablehnung einer Entwaffnung. Der Hamas-F\u00fchrer Khalil al-Hayya erkl\u00e4rte am Sonntag, die Waffen der Organisation seien &#8220;ein durch das V\u00f6lkerrecht garantiertes Recht&#8221; und lehnte auch [&hellip;]\" \/>\n<meta property=\"og:url\" content=\"https:\/\/now-news.de\/de\/deutschland\/hamas-lehnt-entwaffnung-ab-hochrangiger-hamas-kommandant-bei-israelischem-angriff-getoetet\/\" \/>\n<meta property=\"og:site_name\" content=\"just-now.NEWS Deutschland\" \/>\n<meta property=\"article:publisher\" content=\"https:\/\/www.facebook.com\/wirmachenauf\" \/>\n<meta property=\"article:published_time\" content=\"2025-12-14T15:44:24+00:00\" \/>\n<meta property=\"og:image\" content=\"https:\/\/now-news.de\/de\/wp-content\/uploads\/sites\/3\/2025\/12\/693ebf0648fbef40e5690139.jpg\" \/>\n<meta name=\"author\" content=\"rtnews\" \/>\n<meta name=\"twitter:card\" content=\"summary_large_image\" \/>\n<meta name=\"twitter:creator\" content=\"@WirMachenAuf_de\" \/>\n<meta name=\"twitter:site\" content=\"@WirMachenAuf_de\" \/>\n<meta name=\"twitter:label1\" content=\"Verfasst von\" \/>\n\t<meta name=\"twitter:data1\" content=\"rtnews\" \/>\n\t<meta name=\"twitter:label2\" content=\"Gesch\u00e4tzte Lesezeit\" \/>\n\t<meta name=\"twitter:data2\" content=\"2\u00a0Minuten\" \/>\n<script type=\"application\/ld+json\" class=\"yoast-schema-graph\">{\"@context\":\"https:\/\/schema.org\",\"@graph\":[{\"@type\":\"Article\",\"@id\":\"https:\/\/now-news.de\/de\/deutschland\/hamas-lehnt-entwaffnung-ab-hochrangiger-hamas-kommandant-bei-israelischem-angriff-getoetet\/#article\",\"isPartOf\":{\"@id\":\"https:\/\/now-news.de\/de\/deutschland\/hamas-lehnt-entwaffnung-ab-hochrangiger-hamas-kommandant-bei-israelischem-angriff-getoetet\/\"},\"author\":{\"name\":\"rtnews\",\"@id\":\"https:\/\/now-news.de\/de\/#\/schema\/person\/fb534a4e865501d8b3285208df34a9b5\"},\"headline\":\"Hamas lehnt Entwaffnung ab \u2013 Hochrangiger Hamas-Kommandant bei israelischem Angriff get\u00f6tet\",\"datePublished\":\"2025-12-14T15:44:24+00:00\",\"dateModified\":\"2025-12-14T15:44:24+00:00\",\"mainEntityOfPage\":{\"@id\":\"https:\/\/now-news.de\/de\/deutschland\/hamas-lehnt-entwaffnung-ab-hochrangiger-hamas-kommandant-bei-israelischem-angriff-getoetet\/\"},\"wordCount\":442,\"commentCount\":0,\"publisher\":{\"@id\":\"https:\/\/now-news.de\/de\/#organization\"},\"image\":{\"@id\":\"https:\/\/now-news.de\/de\/deutschland\/hamas-lehnt-entwaffnung-ab-hochrangiger-hamas-kommandant-bei-israelischem-angriff-getoetet\/#primaryimage\"},\"thumbnailUrl\":\"https:\/\/now-news.de\/de\/wp-content\/uploads\/sites\/3\/2025\/12\/Hamas-lehnt-Entwaffnung-ab-\u2013-Hochrangiger-Hamas-Kommandant-bei-israelischem-Angriff.jpg\",\"keywords\":[\"Angriff\",\"bei\",\"Entwaffnung\",\"get\u00f6tet\",\"Hamas\",\"HamasKommandant\",\"Hochrangiger\",\"israelischem\",\"lehnt\"],\"articleSection\":[\"Deutschland\",\"Russland\"],\"inLanguage\":\"de\",\"potentialAction\":[{\"@type\":\"CommentAction\",\"name\":\"Comment\",\"target\":[\"https:\/\/now-news.de\/de\/deutschland\/hamas-lehnt-entwaffnung-ab-hochrangiger-hamas-kommandant-bei-israelischem-angriff-getoetet\/#respond\"]}]},{\"@type\":\"WebPage\",\"@id\":\"https:\/\/now-news.de\/de\/deutschland\/hamas-lehnt-entwaffnung-ab-hochrangiger-hamas-kommandant-bei-israelischem-angriff-getoetet\/\",\"url\":\"https:\/\/now-news.de\/de\/deutschland\/hamas-lehnt-entwaffnung-ab-hochrangiger-hamas-kommandant-bei-israelischem-angriff-getoetet\/\",\"name\":\"Hamas lehnt Entwaffnung ab \u2013 Hochrangiger Hamas-Kommandant bei israelischem Angriff get\u00f6tet - just-now.NEWS Deutschland\",\"isPartOf\":{\"@id\":\"https:\/\/now-news.de\/de\/#website\"},\"primaryImageOfPage\":{\"@id\":\"https:\/\/now-news.de\/de\/deutschland\/hamas-lehnt-entwaffnung-ab-hochrangiger-hamas-kommandant-bei-israelischem-angriff-getoetet\/#primaryimage\"},\"image\":{\"@id\":\"https:\/\/now-news.de\/de\/deutschland\/hamas-lehnt-entwaffnung-ab-hochrangiger-hamas-kommandant-bei-israelischem-angriff-getoetet\/#primaryimage\"},\"thumbnailUrl\":\"https:\/\/now-news.de\/de\/wp-content\/uploads\/sites\/3\/2025\/12\/Hamas-lehnt-Entwaffnung-ab-\u2013-Hochrangiger-Hamas-Kommandant-bei-israelischem-Angriff.jpg\",\"datePublished\":\"2025-12-14T15:44:24+00:00\",\"dateModified\":\"2025-12-14T15:44:24+00:00\",\"breadcrumb\":{\"@id\":\"https:\/\/now-news.de\/de\/deutschland\/hamas-lehnt-entwaffnung-ab-hochrangiger-hamas-kommandant-bei-israelischem-angriff-getoetet\/#breadcrumb\"},\"inLanguage\":\"de\",\"potentialAction\":[{\"@type\":\"ReadAction\",\"target\":[\"https:\/\/now-news.de\/de\/deutschland\/hamas-lehnt-entwaffnung-ab-hochrangiger-hamas-kommandant-bei-israelischem-angriff-getoetet\/\"]}]},{\"@type\":\"ImageObject\",\"inLanguage\":\"de\",\"@id\":\"https:\/\/now-news.de\/de\/deutschland\/hamas-lehnt-entwaffnung-ab-hochrangiger-hamas-kommandant-bei-israelischem-angriff-getoetet\/#primaryimage\",\"url\":\"https:\/\/now-news.de\/de\/wp-content\/uploads\/sites\/3\/2025\/12\/Hamas-lehnt-Entwaffnung-ab-\u2013-Hochrangiger-Hamas-Kommandant-bei-israelischem-Angriff.jpg\",\"contentUrl\":\"https:\/\/now-news.de\/de\/wp-content\/uploads\/sites\/3\/2025\/12\/Hamas-lehnt-Entwaffnung-ab-\u2013-Hochrangiger-Hamas-Kommandant-bei-israelischem-Angriff.jpg\",\"width\":460,\"height\":259,\"caption\":\"Hamas lehnt Entwaffnung ab \u2013 Hochrangiger Hamas-Kommandant bei israelischem Angriff get\u00f6tet\"},{\"@type\":\"BreadcrumbList\",\"@id\":\"https:\/\/now-news.de\/de\/deutschland\/hamas-lehnt-entwaffnung-ab-hochrangiger-hamas-kommandant-bei-israelischem-angriff-getoetet\/#breadcrumb\",\"itemListElement\":[{\"@type\":\"ListItem\",\"position\":1,\"name\":\"Home\",\"item\":\"https:\/\/now-news.de\/de\/\"},{\"@type\":\"ListItem\",\"position\":2,\"name\":\"Hamas lehnt Entwaffnung ab \u2013 Hochrangiger Hamas-Kommandant bei israelischem Angriff get\u00f6tet\"}]},{\"@type\":\"WebSite\",\"@id\":\"https:\/\/now-news.de\/de\/#website\",\"url\":\"https:\/\/now-news.de\/de\/\",\"name\":\"just-now.NEWS Deutschland\",\"description\":\"Das Portal f\u00fcr unzensierte Nachrichten aus der Welt\",\"publisher\":{\"@id\":\"https:\/\/now-news.de\/de\/#organization\"},\"potentialAction\":[{\"@type\":\"SearchAction\",\"target\":{\"@type\":\"EntryPoint\",\"urlTemplate\":\"https:\/\/now-news.de\/de\/?s={search_term_string}\"},\"query-input\":\"required name=search_term_string\"}],\"inLanguage\":\"de\"},{\"@type\":\"Organization\",\"@id\":\"https:\/\/now-news.de\/de\/#organization\",\"name\":\"Just Now News\",\"url\":\"https:\/\/now-news.de\/de\/\",\"logo\":{\"@type\":\"ImageObject\",\"inLanguage\":\"de\",\"@id\":\"https:\/\/now-news.de\/de\/#\/schema\/logo\/image\/\",\"url\":\"http:\/\/just-now.news\/de\/wp-content\/uploads\/sites\/3\/2022\/04\/logo500x500.jpg\",\"contentUrl\":\"http:\/\/just-now.news\/de\/wp-content\/uploads\/sites\/3\/2022\/04\/logo500x500.jpg\",\"width\":500,\"height\":500,\"caption\":\"Just Now News\"},\"image\":{\"@id\":\"https:\/\/now-news.de\/de\/#\/schema\/logo\/image\/\"},\"sameAs\":[\"https:\/\/www.facebook.com\/wirmachenauf\",\"https:\/\/x.com\/WirMachenAuf_de\"]},{\"@type\":\"Person\",\"@id\":\"https:\/\/now-news.de\/de\/#\/schema\/person\/fb534a4e865501d8b3285208df34a9b5\",\"name\":\"rtnews\",\"image\":{\"@type\":\"ImageObject\",\"inLanguage\":\"de\",\"@id\":\"https:\/\/now-news.de\/de\/#\/schema\/person\/image\/\",\"url\":\"https:\/\/secure.gravatar.com\/avatar\/82aafea7d8127119dd649515f56e2117?s=96&d=mm&r=g\",\"contentUrl\":\"https:\/\/secure.gravatar.com\/avatar\/82aafea7d8127119dd649515f56e2117?s=96&d=mm&r=g\",\"caption\":\"rtnews\"},\"url\":\"https:\/\/now-news.de\/de\/author\/rnews\/\"}]}<\/script>\n<!-- \/ Yoast SEO Premium plugin. -->","yoast_head_json":{"title":"Hamas lehnt Entwaffnung ab \u2013 Hochrangiger Hamas-Kommandant bei israelischem Angriff get\u00f6tet - just-now.NEWS Deutschland","robots":{"index":"index","follow":"follow","max-snippet":"max-snippet:-1","max-image-preview":"max-image-preview:large","max-video-preview":"max-video-preview:-1"},"canonical":"https:\/\/now-news.de\/de\/deutschland\/hamas-lehnt-entwaffnung-ab-hochrangiger-hamas-kommandant-bei-israelischem-angriff-getoetet\/","og_locale":"de_DE","og_type":"article","og_title":"Hamas lehnt Entwaffnung ab \u2013 Hochrangiger Hamas-Kommandant bei israelischem Angriff get\u00f6tet","og_description":"Bei einem israelischen Drohnenangriff in Gaza-Stadt ist ein hochrangiger Hamas-Kommandeur get\u00f6tet worden. Damit wurde die bestehende Waffenruhe erneut verletzt. Die Hamas best\u00e4tigte inzwischen den Tod ihres Kommandeurs und bekr\u00e4ftigte erneut ihre Ablehnung einer Entwaffnung. Der Hamas-F\u00fchrer Khalil al-Hayya erkl\u00e4rte am Sonntag, die Waffen der Organisation seien &#8220;ein durch das V\u00f6lkerrecht garantiertes Recht&#8221; und lehnte auch [&hellip;]","og_url":"https:\/\/now-news.de\/de\/deutschland\/hamas-lehnt-entwaffnung-ab-hochrangiger-hamas-kommandant-bei-israelischem-angriff-getoetet\/","og_site_name":"just-now.NEWS Deutschland","article_publisher":"https:\/\/www.facebook.com\/wirmachenauf","article_published_time":"2025-12-14T15:44:24+00:00","og_image":[{"url":"https:\/\/now-news.de\/de\/wp-content\/uploads\/sites\/3\/2025\/12\/693ebf0648fbef40e5690139.jpg"}],"author":"rtnews","twitter_card":"summary_large_image","twitter_creator":"@WirMachenAuf_de","twitter_site":"@WirMachenAuf_de","twitter_misc":{"Verfasst von":"rtnews","Gesch\u00e4tzte Lesezeit":"2\u00a0Minuten"},"schema":{"@context":"https:\/\/schema.org","@graph":[{"@type":"Article","@id":"https:\/\/now-news.de\/de\/deutschland\/hamas-lehnt-entwaffnung-ab-hochrangiger-hamas-kommandant-bei-israelischem-angriff-getoetet\/#article","isPartOf":{"@id":"https:\/\/now-news.de\/de\/deutschland\/hamas-lehnt-entwaffnung-ab-hochrangiger-hamas-kommandant-bei-israelischem-angriff-getoetet\/"},"author":{"name":"rtnews","@id":"https:\/\/now-news.de\/de\/#\/schema\/person\/fb534a4e865501d8b3285208df34a9b5"},"headline":"Hamas lehnt Entwaffnung ab \u2013 Hochrangiger Hamas-Kommandant bei israelischem Angriff get\u00f6tet","datePublished":"2025-12-14T15:44:24+00:00","dateModified":"2025-12-14T15:44:24+00:00","mainEntityOfPage":{"@id":"https:\/\/now-news.de\/de\/deutschland\/hamas-lehnt-entwaffnung-ab-hochrangiger-hamas-kommandant-bei-israelischem-angriff-getoetet\/"},"wordCount":442,"commentCount":0,"publisher":{"@id":"https:\/\/now-news.de\/de\/#organization"},"image":{"@id":"https:\/\/now-news.de\/de\/deutschland\/hamas-lehnt-entwaffnung-ab-hochrangiger-hamas-kommandant-bei-israelischem-angriff-getoetet\/#primaryimage"},"thumbnailUrl":"https:\/\/now-news.de\/de\/wp-content\/uploads\/sites\/3\/2025\/12\/Hamas-lehnt-Entwaffnung-ab-\u2013-Hochrangiger-Hamas-Kommandant-bei-israelischem-Angriff.jpg","keywords":["Angriff","bei","Entwaffnung","get\u00f6tet","Hamas","HamasKommandant","Hochrangiger","israelischem","lehnt"],"articleSection":["Deutschland","Russland"],"inLanguage":"de","potentialAction":[{"@type":"CommentAction","name":"Comment","target":["https:\/\/now-news.de\/de\/deutschland\/hamas-lehnt-entwaffnung-ab-hochrangiger-hamas-kommandant-bei-israelischem-angriff-getoetet\/#respond"]}]},{"@type":"WebPage","@id":"https:\/\/now-news.de\/de\/deutschland\/hamas-lehnt-entwaffnung-ab-hochrangiger-hamas-kommandant-bei-israelischem-angriff-getoetet\/","url":"https:\/\/now-news.de\/de\/deutschland\/hamas-lehnt-entwaffnung-ab-hochrangiger-hamas-kommandant-bei-israelischem-angriff-getoetet\/","name":"Hamas lehnt Entwaffnung ab \u2013 Hochrangiger Hamas-Kommandant bei israelischem Angriff get\u00f6tet - just-now.NEWS Deutschland","isPartOf":{"@id":"https:\/\/now-news.de\/de\/#website"},"primaryImageOfPage":{"@id":"https:\/\/now-news.de\/de\/deutschland\/hamas-lehnt-entwaffnung-ab-hochrangiger-hamas-kommandant-bei-israelischem-angriff-getoetet\/#primaryimage"},"image":{"@id":"https:\/\/now-news.de\/de\/deutschland\/hamas-lehnt-entwaffnung-ab-hochrangiger-hamas-kommandant-bei-israelischem-angriff-getoetet\/#primaryimage"},"thumbnailUrl":"https:\/\/now-news.de\/de\/wp-content\/uploads\/sites\/3\/2025\/12\/Hamas-lehnt-Entwaffnung-ab-\u2013-Hochrangiger-Hamas-Kommandant-bei-israelischem-Angriff.jpg","datePublished":"2025-12-14T15:44:24+00:00","dateModified":"2025-12-14T15:44:24+00:00","breadcrumb":{"@id":"https:\/\/now-news.de\/de\/deutschland\/hamas-lehnt-entwaffnung-ab-hochrangiger-hamas-kommandant-bei-israelischem-angriff-getoetet\/#breadcrumb"},"inLanguage":"de","potentialAction":[{"@type":"ReadAction","target":["https:\/\/now-news.de\/de\/deutschland\/hamas-lehnt-entwaffnung-ab-hochrangiger-hamas-kommandant-bei-israelischem-angriff-getoetet\/"]}]},{"@type":"ImageObject","inLanguage":"de","@id":"https:\/\/now-news.de\/de\/deutschland\/hamas-lehnt-entwaffnung-ab-hochrangiger-hamas-kommandant-bei-israelischem-angriff-getoetet\/#primaryimage","url":"https:\/\/now-news.de\/de\/wp-content\/uploads\/sites\/3\/2025\/12\/Hamas-lehnt-Entwaffnung-ab-\u2013-Hochrangiger-Hamas-Kommandant-bei-israelischem-Angriff.jpg","contentUrl":"https:\/\/now-news.de\/de\/wp-content\/uploads\/sites\/3\/2025\/12\/Hamas-lehnt-Entwaffnung-ab-\u2013-Hochrangiger-Hamas-Kommandant-bei-israelischem-Angriff.jpg","width":460,"height":259,"caption":"Hamas lehnt Entwaffnung ab \u2013 Hochrangiger Hamas-Kommandant bei israelischem Angriff get\u00f6tet"},{"@type":"BreadcrumbList","@id":"https:\/\/now-news.de\/de\/deutschland\/hamas-lehnt-entwaffnung-ab-hochrangiger-hamas-kommandant-bei-israelischem-angriff-getoetet\/#breadcrumb","itemListElement":[{"@type":"ListItem","position":1,"name":"Home","item":"https:\/\/now-news.de\/de\/"},{"@type":"ListItem","position":2,"name":"Hamas lehnt Entwaffnung ab \u2013 Hochrangiger Hamas-Kommandant bei israelischem Angriff get\u00f6tet"}]},{"@type":"WebSite","@id":"https:\/\/now-news.de\/de\/#website","url":"https:\/\/now-news.de\/de\/","name":"just-now.NEWS Deutschland","description":"Das Portal f\u00fcr unzensierte Nachrichten aus der Welt","publisher":{"@id":"https:\/\/now-news.de\/de\/#organization"},"potentialAction":[{"@type":"SearchAction","target":{"@type":"EntryPoint","urlTemplate":"https:\/\/now-news.de\/de\/?s={search_term_string}"},"query-input":"required name=search_term_string"}],"inLanguage":"de"},{"@type":"Organization","@id":"https:\/\/now-news.de\/de\/#organization","name":"Just Now News","url":"https:\/\/now-news.de\/de\/","logo":{"@type":"ImageObject","inLanguage":"de","@id":"https:\/\/now-news.de\/de\/#\/schema\/logo\/image\/","url":"http:\/\/just-now.news\/de\/wp-content\/uploads\/sites\/3\/2022\/04\/logo500x500.jpg","contentUrl":"http:\/\/just-now.news\/de\/wp-content\/uploads\/sites\/3\/2022\/04\/logo500x500.jpg","width":500,"height":500,"caption":"Just Now News"},"image":{"@id":"https:\/\/now-news.de\/de\/#\/schema\/logo\/image\/"},"sameAs":["https:\/\/www.facebook.com\/wirmachenauf","https:\/\/x.com\/WirMachenAuf_de"]},{"@type":"Person","@id":"https:\/\/now-news.de\/de\/#\/schema\/person\/fb534a4e865501d8b3285208df34a9b5","name":"rtnews","image":{"@type":"ImageObject","inLanguage":"de","@id":"https:\/\/now-news.de\/de\/#\/schema\/person\/image\/","url":"https:\/\/secure.gravatar.com\/avatar\/82aafea7d8127119dd649515f56e2117?s=96&d=mm&r=g","contentUrl":"https:\/\/secure.gravatar.com\/avatar\/82aafea7d8127119dd649515f56e2117?s=96&d=mm&r=g","caption":"rtnews"},"url":"https:\/\/now-news.de\/de\/author\/rnews\/"}]}},"_links":{"self":[{"href":"https:\/\/now-news.de\/de\/wp-json\/wp\/v2\/posts\/95779"}],"collection":[{"href":"https:\/\/now-news.de\/de\/wp-json\/wp\/v2\/posts"}],"about":[{"href":"https:\/\/now-news.de\/de\/wp-json\/wp\/v2\/types\/post"}],"author":[{"embeddable":true,"href":"https:\/\/now-news.de\/de\/wp-json\/wp\/v2\/users\/3"}],"replies":[{"embeddable":true,"href":"https:\/\/now-news.de\/de\/wp-json\/wp\/v2\/comments?post=95779"}],"version-history":[{"count":0,"href":"https:\/\/now-news.de\/de\/wp-json\/wp\/v2\/posts\/95779\/revisions"}],"wp:featuredmedia":[{"embeddable":true,"href":"https:\/\/now-news.de\/de\/wp-json\/wp\/v2\/media\/95780"}],"wp:attachment":[{"href":"https:\/\/now-news.de\/de\/wp-json\/wp\/v2\/media?parent=95779"}],"wp:term":[{"taxonomy":"category","embeddable":true,"href":"https:\/\/now-news.de\/de\/wp-json\/wp\/v2\/categories?post=95779"},{"taxonomy":"post_tag","embeddable":true,"href":"https:\/\/now-news.de\/de\/wp-json\/wp\/v2\/tags?post=95779"}],"curies":[{"name":"wp","href":"https:\/\/api.w.org\/{rel}","templated":true}]}}