{"id":95763,"date":"2025-12-14T10:40:24","date_gmt":"2025-12-14T08:40:24","guid":{"rendered":"https:\/\/now-news.de\/de\/deutschland\/mitglied-syrischer-sicherheitskraefte-mit-angeblichem-is-bezug-toetet-zwei-us-soldaten-in-syrien\/"},"modified":"2025-12-14T10:40:24","modified_gmt":"2025-12-14T08:40:24","slug":"mitglied-syrischer-sicherheitskraefte-mit-angeblichem-is-bezug-toetet-zwei-us-soldaten-in-syrien","status":"publish","type":"post","link":"https:\/\/now-news.de\/de\/deutschland\/mitglied-syrischer-sicherheitskraefte-mit-angeblichem-is-bezug-toetet-zwei-us-soldaten-in-syrien\/","title":{"rendered":"Mitglied syrischer Sicherheitskr\u00e4fte mit angeblichem IS-Bezug t\u00f6tet zwei US-Soldaten in Syrien"},"content":{"rendered":"<p><img decoding=\"async\" src=\"https:\/\/now-news.de\/de\/wp-content\/uploads\/sites\/3\/2025\/12\/693e6d97b480cc47af1d4c46.jpg\" \/><\/p>\n<div class=\"Text-root Text-type_1 \">\n                Ein Mitglied der syrischen Sicherheitskr\u00e4fte hat US-Soldaten get\u00f6tet. Der Angriff erfolgte weniger als einen Monat, nachdem Damaskus ein politisches Kooperationsabkommen mit der von den USA gef\u00fchrten Koalition gegen den Islamischen Staat unterzeichnet hatte.\n            <\/div>\n<p><\/p>\n<div class=\"Text-root Text-type_5 ArticleView-text ViewText-root \">\n<p>Bei einem Angriff in Syrien sind nach Angaben des Pentagons zwei US-Soldaten und ein US-Dolmetscher get\u00f6tet worden, drei weitere Personen wurden verletzt. Der t\u00f6dliche Angriff erfolgte laut einem Pentagonsprecher in der Stadt Palmyra. Die Soldaten\u00a0h\u00e4tten die Aufgabe, laufende Operationen gegen den IS in der Region zu unterst\u00fctzen.<\/p>\n<p>Der Angriff erfolgte kaum einen Monat, nachdem Syrien bekannt gegeben hatte, dass es ein politisches Kooperationsabkommen mit der von den USA gef\u00fchrten Koalition gegen den Islamischen Staat unterzeichnet habe, was mit dem Besuch des syrischen\u00a0Machthabers Ahmed al-Scharaa im Wei\u00dfen Haus zusammenfiel.<\/p>\n<p>Ein hochrangiger US-Beamter sagte, erste Einsch\u00e4tzungen deuteten darauf hin, dass der Islamische Staat wahrscheinlich f\u00fcr den Angriff verantwortlich sei, obwohl die militante Gruppe nicht sofort die Verantwortung daf\u00fcr \u00fcbernommen habe.<\/p>\n<p>Wie drei lokale Beamte gegen\u00fcber <em>Reuters<\/em> angaben, war der Angreifer Mitglied der syrischen Sicherheitskr\u00e4fte. Ein Sprecher des syrischen Innenministeriums erkl\u00e4rte einem staatlichen Fernsehsender zufolge, der Mann habe keine F\u00fchrungsrolle innerhalb der Sicherheitskr\u00e4fte innegehabt.<\/p>\n<p>&#8220;Am 10. Dezember wurde eine Bewertung ver\u00f6ffentlicht, aus der hervorgeht, dass dieser Angreifer m\u00f6glicherweise extremistische Ansichten vertritt&#8221;, sagte der Sprecher Noureddine el-Baba dem syrischen Fernsehsender <em>Al-Ikhbariya<\/em>.<\/p>\n<p>US-Pr\u00e4sident Donald Trump k\u00fcndigte &#8220;Vergeltung&#8221; an. &#8220;Dies ist ein Angriff des IS&#8221;,\u00a0behauptete Trump vor Journalisten im Wei\u00dfen Haus. Er sprach den Angeh\u00f6rigen der drei get\u00f6teten Amerikaner sein Beileid aus und f\u00fcgte hinzu, dass es den drei weiteren Verletzten &#8220;ziemlich gutzugehen scheint.&#8221;<\/p>\n<p>Kriegsminister Pete Hegseth schrieb auf X, der Angreifer sei von verb\u00fcndeten Streitkr\u00e4ften get\u00f6tet worden. Und er f\u00fcgte hinzu:<\/p>\n<p><em>&#8220;Seien Sie gewiss: Wenn Sie Amerikaner angreifen \u2013 egal wo auf der Welt \u2013, werden Sie den Rest Ihres kurzen, angstvollen Lebens in dem Wissen verbringen, dass die Vereinigten Staaten Sie jagen, finden und gnadenlos t\u00f6ten werden.&#8221;<\/em><\/p>\n<p><strong>Mehr zum Thema &#8211;<\/strong>\u00a0<a rel=\"nofollow noopener\" target=\"_blank\" href=\"https:\/\/freedert.online\/meinung\/261990-vom-pragmatismus-zum-zynismus-usa\/\">Vom Pragmatismus zum Zynismus in der Politik ist es nur ein Schritt \u2013 die USA haben ihn gemacht\u00a0<\/a><\/p>\n<div class=\"EmbedBlock-root EmbedBlock-externalVideo EmbedBlock-rumble\">\n<div class=\"VkEmbed\"><iframe class=\"lazyload\" data-src=\"https:\/\/rumble.com\/embed\/v70kv3g\" frameborder=\"0\" width=\"853\" height=\"480\" allowfullscreen><\/iframe><\/div>\n<\/div>\n<\/div>\n<p><br \/>\n<br \/><a href=\"https:\/\/de.rt.com\/der-nahe-osten\/264755-mitglied-syrischer-sicherheitskraefte-mit-angeblichem\/\">Source link <\/a><\/p>\n","protected":false},"excerpt":{"rendered":"<p>Ein Mitglied der syrischen Sicherheitskr\u00e4fte hat US-Soldaten get\u00f6tet. Der Angriff erfolgte weniger als einen Monat, nachdem Damaskus ein politisches Kooperationsabkommen mit der von den USA gef\u00fchrten Koalition gegen den Islamischen Staat unterzeichnet hatte. Bei einem Angriff in Syrien sind nach Angaben des Pentagons zwei US-Soldaten und ein US-Dolmetscher get\u00f6tet worden, drei weitere Personen wurden verletzt. [&hellip;]<\/p>\n","protected":false},"author":3,"featured_media":95764,"comment_status":"open","ping_status":"open","sticky":false,"template":"","format":"standard","meta":{"_yoast_indexnow_last_ping":["1765701796"],"wp_automatic_camp":["217"],"03dc7054f98d45a7fa86221f5c7a2693":["Mitglied syrischer Sicherheitskr\u00e4fte mit angeblichem IS-Bezug t\u00f6tet zwei US-Soldaten in Syrien"],"original_link":["https:\/\/de.rt.com\/der-nahe-osten\/264755-mitglied-syrischer-sicherheitskraefte-mit-angeblichem\/"],"_thumbnail_id":["95764"],"jnews_social_counter_last_update":["1777625739"],"_wptgpro_p2tg_sent2tg":["a:1:{i:23737;s:19:\"2025-12-14 10:44:14\";}"]},"categories":[19,23],"tags":[46086,69914,419,20376,20432,783,19366,4032,19140,1003],"yoast_head":"<!-- This site is optimized with the Yoast SEO Premium plugin v22.7 (Yoast SEO v22.7) - https:\/\/yoast.com\/wordpress\/plugins\/seo\/ -->\n<title>Mitglied syrischer Sicherheitskr\u00e4fte mit angeblichem IS-Bezug t\u00f6tet zwei US-Soldaten in Syrien - just-now.NEWS Deutschland<\/title>\n<meta name=\"robots\" content=\"index, follow, max-snippet:-1, max-image-preview:large, max-video-preview:-1\" \/>\n<link rel=\"canonical\" href=\"https:\/\/now-news.de\/de\/deutschland\/mitglied-syrischer-sicherheitskraefte-mit-angeblichem-is-bezug-toetet-zwei-us-soldaten-in-syrien\/\" \/>\n<meta property=\"og:locale\" content=\"de_DE\" \/>\n<meta property=\"og:type\" content=\"article\" \/>\n<meta property=\"og:title\" content=\"Mitglied syrischer Sicherheitskr\u00e4fte mit angeblichem IS-Bezug t\u00f6tet zwei US-Soldaten in Syrien\" \/>\n<meta property=\"og:description\" content=\"Ein Mitglied der syrischen Sicherheitskr\u00e4fte hat US-Soldaten get\u00f6tet. Der Angriff erfolgte weniger als einen Monat, nachdem Damaskus ein politisches Kooperationsabkommen mit der von den USA gef\u00fchrten Koalition gegen den Islamischen Staat unterzeichnet hatte. Bei einem Angriff in Syrien sind nach Angaben des Pentagons zwei US-Soldaten und ein US-Dolmetscher get\u00f6tet worden, drei weitere Personen wurden verletzt. [&hellip;]\" \/>\n<meta property=\"og:url\" content=\"https:\/\/now-news.de\/de\/deutschland\/mitglied-syrischer-sicherheitskraefte-mit-angeblichem-is-bezug-toetet-zwei-us-soldaten-in-syrien\/\" \/>\n<meta property=\"og:site_name\" content=\"just-now.NEWS Deutschland\" \/>\n<meta property=\"article:publisher\" content=\"https:\/\/www.facebook.com\/wirmachenauf\" \/>\n<meta property=\"article:published_time\" content=\"2025-12-14T08:40:24+00:00\" \/>\n<meta property=\"og:image\" content=\"https:\/\/now-news.de\/de\/wp-content\/uploads\/sites\/3\/2025\/12\/693e6d97b480cc47af1d4c46.jpg\" \/>\n<meta name=\"author\" content=\"rtnews\" \/>\n<meta name=\"twitter:card\" content=\"summary_large_image\" \/>\n<meta name=\"twitter:creator\" content=\"@WirMachenAuf_de\" \/>\n<meta name=\"twitter:site\" content=\"@WirMachenAuf_de\" \/>\n<meta name=\"twitter:label1\" content=\"Verfasst von\" \/>\n\t<meta name=\"twitter:data1\" content=\"rtnews\" \/>\n\t<meta name=\"twitter:label2\" content=\"Gesch\u00e4tzte Lesezeit\" \/>\n\t<meta name=\"twitter:data2\" content=\"2\u00a0Minuten\" \/>\n<script type=\"application\/ld+json\" class=\"yoast-schema-graph\">{\"@context\":\"https:\/\/schema.org\",\"@graph\":[{\"@type\":\"Article\",\"@id\":\"https:\/\/now-news.de\/de\/deutschland\/mitglied-syrischer-sicherheitskraefte-mit-angeblichem-is-bezug-toetet-zwei-us-soldaten-in-syrien\/#article\",\"isPartOf\":{\"@id\":\"https:\/\/now-news.de\/de\/deutschland\/mitglied-syrischer-sicherheitskraefte-mit-angeblichem-is-bezug-toetet-zwei-us-soldaten-in-syrien\/\"},\"author\":{\"name\":\"rtnews\",\"@id\":\"https:\/\/now-news.de\/de\/#\/schema\/person\/fb534a4e865501d8b3285208df34a9b5\"},\"headline\":\"Mitglied syrischer Sicherheitskr\u00e4fte mit angeblichem IS-Bezug t\u00f6tet zwei US-Soldaten in Syrien\",\"datePublished\":\"2025-12-14T08:40:24+00:00\",\"dateModified\":\"2025-12-14T08:40:24+00:00\",\"mainEntityOfPage\":{\"@id\":\"https:\/\/now-news.de\/de\/deutschland\/mitglied-syrischer-sicherheitskraefte-mit-angeblichem-is-bezug-toetet-zwei-us-soldaten-in-syrien\/\"},\"wordCount\":373,\"commentCount\":0,\"publisher\":{\"@id\":\"https:\/\/now-news.de\/de\/#organization\"},\"image\":{\"@id\":\"https:\/\/now-news.de\/de\/deutschland\/mitglied-syrischer-sicherheitskraefte-mit-angeblichem-is-bezug-toetet-zwei-us-soldaten-in-syrien\/#primaryimage\"},\"thumbnailUrl\":\"https:\/\/now-news.de\/de\/wp-content\/uploads\/sites\/3\/2025\/12\/Mitglied-syrischer-Sicherheitskraefte-mit-angeblichem-IS-Bezug-toetet-zwei-US-Soldaten-in.jpg\",\"keywords\":[\"angeblichem\",\"ISBezug\",\"mit\",\"Mitglied\",\"Sicherheitskr\u00e4fte\",\"Syrien\",\"syrischer\",\"t\u00f6tet\",\"USSoldaten\",\"zwei\"],\"articleSection\":[\"Deutschland\",\"Russland\"],\"inLanguage\":\"de\",\"potentialAction\":[{\"@type\":\"CommentAction\",\"name\":\"Comment\",\"target\":[\"https:\/\/now-news.de\/de\/deutschland\/mitglied-syrischer-sicherheitskraefte-mit-angeblichem-is-bezug-toetet-zwei-us-soldaten-in-syrien\/#respond\"]}]},{\"@type\":\"WebPage\",\"@id\":\"https:\/\/now-news.de\/de\/deutschland\/mitglied-syrischer-sicherheitskraefte-mit-angeblichem-is-bezug-toetet-zwei-us-soldaten-in-syrien\/\",\"url\":\"https:\/\/now-news.de\/de\/deutschland\/mitglied-syrischer-sicherheitskraefte-mit-angeblichem-is-bezug-toetet-zwei-us-soldaten-in-syrien\/\",\"name\":\"Mitglied syrischer Sicherheitskr\u00e4fte mit angeblichem IS-Bezug t\u00f6tet zwei US-Soldaten in Syrien - just-now.NEWS Deutschland\",\"isPartOf\":{\"@id\":\"https:\/\/now-news.de\/de\/#website\"},\"primaryImageOfPage\":{\"@id\":\"https:\/\/now-news.de\/de\/deutschland\/mitglied-syrischer-sicherheitskraefte-mit-angeblichem-is-bezug-toetet-zwei-us-soldaten-in-syrien\/#primaryimage\"},\"image\":{\"@id\":\"https:\/\/now-news.de\/de\/deutschland\/mitglied-syrischer-sicherheitskraefte-mit-angeblichem-is-bezug-toetet-zwei-us-soldaten-in-syrien\/#primaryimage\"},\"thumbnailUrl\":\"https:\/\/now-news.de\/de\/wp-content\/uploads\/sites\/3\/2025\/12\/Mitglied-syrischer-Sicherheitskraefte-mit-angeblichem-IS-Bezug-toetet-zwei-US-Soldaten-in.jpg\",\"datePublished\":\"2025-12-14T08:40:24+00:00\",\"dateModified\":\"2025-12-14T08:40:24+00:00\",\"breadcrumb\":{\"@id\":\"https:\/\/now-news.de\/de\/deutschland\/mitglied-syrischer-sicherheitskraefte-mit-angeblichem-is-bezug-toetet-zwei-us-soldaten-in-syrien\/#breadcrumb\"},\"inLanguage\":\"de\",\"potentialAction\":[{\"@type\":\"ReadAction\",\"target\":[\"https:\/\/now-news.de\/de\/deutschland\/mitglied-syrischer-sicherheitskraefte-mit-angeblichem-is-bezug-toetet-zwei-us-soldaten-in-syrien\/\"]}]},{\"@type\":\"ImageObject\",\"inLanguage\":\"de\",\"@id\":\"https:\/\/now-news.de\/de\/deutschland\/mitglied-syrischer-sicherheitskraefte-mit-angeblichem-is-bezug-toetet-zwei-us-soldaten-in-syrien\/#primaryimage\",\"url\":\"https:\/\/now-news.de\/de\/wp-content\/uploads\/sites\/3\/2025\/12\/Mitglied-syrischer-Sicherheitskraefte-mit-angeblichem-IS-Bezug-toetet-zwei-US-Soldaten-in.jpg\",\"contentUrl\":\"https:\/\/now-news.de\/de\/wp-content\/uploads\/sites\/3\/2025\/12\/Mitglied-syrischer-Sicherheitskraefte-mit-angeblichem-IS-Bezug-toetet-zwei-US-Soldaten-in.jpg\",\"width\":460,\"height\":259,\"caption\":\"Mitglied syrischer Sicherheitskr\u00e4fte mit angeblichem IS-Bezug t\u00f6tet zwei US-Soldaten in Syrien\"},{\"@type\":\"BreadcrumbList\",\"@id\":\"https:\/\/now-news.de\/de\/deutschland\/mitglied-syrischer-sicherheitskraefte-mit-angeblichem-is-bezug-toetet-zwei-us-soldaten-in-syrien\/#breadcrumb\",\"itemListElement\":[{\"@type\":\"ListItem\",\"position\":1,\"name\":\"Home\",\"item\":\"https:\/\/now-news.de\/de\/\"},{\"@type\":\"ListItem\",\"position\":2,\"name\":\"Mitglied syrischer Sicherheitskr\u00e4fte mit angeblichem IS-Bezug t\u00f6tet zwei US-Soldaten in Syrien\"}]},{\"@type\":\"WebSite\",\"@id\":\"https:\/\/now-news.de\/de\/#website\",\"url\":\"https:\/\/now-news.de\/de\/\",\"name\":\"just-now.NEWS Deutschland\",\"description\":\"Das Portal f\u00fcr unzensierte Nachrichten aus der Welt\",\"publisher\":{\"@id\":\"https:\/\/now-news.de\/de\/#organization\"},\"potentialAction\":[{\"@type\":\"SearchAction\",\"target\":{\"@type\":\"EntryPoint\",\"urlTemplate\":\"https:\/\/now-news.de\/de\/?s={search_term_string}\"},\"query-input\":\"required name=search_term_string\"}],\"inLanguage\":\"de\"},{\"@type\":\"Organization\",\"@id\":\"https:\/\/now-news.de\/de\/#organization\",\"name\":\"Just Now News\",\"url\":\"https:\/\/now-news.de\/de\/\",\"logo\":{\"@type\":\"ImageObject\",\"inLanguage\":\"de\",\"@id\":\"https:\/\/now-news.de\/de\/#\/schema\/logo\/image\/\",\"url\":\"http:\/\/just-now.news\/de\/wp-content\/uploads\/sites\/3\/2022\/04\/logo500x500.jpg\",\"contentUrl\":\"http:\/\/just-now.news\/de\/wp-content\/uploads\/sites\/3\/2022\/04\/logo500x500.jpg\",\"width\":500,\"height\":500,\"caption\":\"Just Now News\"},\"image\":{\"@id\":\"https:\/\/now-news.de\/de\/#\/schema\/logo\/image\/\"},\"sameAs\":[\"https:\/\/www.facebook.com\/wirmachenauf\",\"https:\/\/x.com\/WirMachenAuf_de\"]},{\"@type\":\"Person\",\"@id\":\"https:\/\/now-news.de\/de\/#\/schema\/person\/fb534a4e865501d8b3285208df34a9b5\",\"name\":\"rtnews\",\"image\":{\"@type\":\"ImageObject\",\"inLanguage\":\"de\",\"@id\":\"https:\/\/now-news.de\/de\/#\/schema\/person\/image\/\",\"url\":\"https:\/\/secure.gravatar.com\/avatar\/82aafea7d8127119dd649515f56e2117?s=96&d=mm&r=g\",\"contentUrl\":\"https:\/\/secure.gravatar.com\/avatar\/82aafea7d8127119dd649515f56e2117?s=96&d=mm&r=g\",\"caption\":\"rtnews\"},\"url\":\"https:\/\/now-news.de\/de\/author\/rnews\/\"}]}<\/script>\n<!-- \/ Yoast SEO Premium plugin. -->","yoast_head_json":{"title":"Mitglied syrischer Sicherheitskr\u00e4fte mit angeblichem IS-Bezug t\u00f6tet zwei US-Soldaten in Syrien - just-now.NEWS Deutschland","robots":{"index":"index","follow":"follow","max-snippet":"max-snippet:-1","max-image-preview":"max-image-preview:large","max-video-preview":"max-video-preview:-1"},"canonical":"https:\/\/now-news.de\/de\/deutschland\/mitglied-syrischer-sicherheitskraefte-mit-angeblichem-is-bezug-toetet-zwei-us-soldaten-in-syrien\/","og_locale":"de_DE","og_type":"article","og_title":"Mitglied syrischer Sicherheitskr\u00e4fte mit angeblichem IS-Bezug t\u00f6tet zwei US-Soldaten in Syrien","og_description":"Ein Mitglied der syrischen Sicherheitskr\u00e4fte hat US-Soldaten get\u00f6tet. Der Angriff erfolgte weniger als einen Monat, nachdem Damaskus ein politisches Kooperationsabkommen mit der von den USA gef\u00fchrten Koalition gegen den Islamischen Staat unterzeichnet hatte. Bei einem Angriff in Syrien sind nach Angaben des Pentagons zwei US-Soldaten und ein US-Dolmetscher get\u00f6tet worden, drei weitere Personen wurden verletzt. [&hellip;]","og_url":"https:\/\/now-news.de\/de\/deutschland\/mitglied-syrischer-sicherheitskraefte-mit-angeblichem-is-bezug-toetet-zwei-us-soldaten-in-syrien\/","og_site_name":"just-now.NEWS Deutschland","article_publisher":"https:\/\/www.facebook.com\/wirmachenauf","article_published_time":"2025-12-14T08:40:24+00:00","og_image":[{"url":"https:\/\/now-news.de\/de\/wp-content\/uploads\/sites\/3\/2025\/12\/693e6d97b480cc47af1d4c46.jpg"}],"author":"rtnews","twitter_card":"summary_large_image","twitter_creator":"@WirMachenAuf_de","twitter_site":"@WirMachenAuf_de","twitter_misc":{"Verfasst von":"rtnews","Gesch\u00e4tzte Lesezeit":"2\u00a0Minuten"},"schema":{"@context":"https:\/\/schema.org","@graph":[{"@type":"Article","@id":"https:\/\/now-news.de\/de\/deutschland\/mitglied-syrischer-sicherheitskraefte-mit-angeblichem-is-bezug-toetet-zwei-us-soldaten-in-syrien\/#article","isPartOf":{"@id":"https:\/\/now-news.de\/de\/deutschland\/mitglied-syrischer-sicherheitskraefte-mit-angeblichem-is-bezug-toetet-zwei-us-soldaten-in-syrien\/"},"author":{"name":"rtnews","@id":"https:\/\/now-news.de\/de\/#\/schema\/person\/fb534a4e865501d8b3285208df34a9b5"},"headline":"Mitglied syrischer Sicherheitskr\u00e4fte mit angeblichem IS-Bezug t\u00f6tet zwei US-Soldaten in Syrien","datePublished":"2025-12-14T08:40:24+00:00","dateModified":"2025-12-14T08:40:24+00:00","mainEntityOfPage":{"@id":"https:\/\/now-news.de\/de\/deutschland\/mitglied-syrischer-sicherheitskraefte-mit-angeblichem-is-bezug-toetet-zwei-us-soldaten-in-syrien\/"},"wordCount":373,"commentCount":0,"publisher":{"@id":"https:\/\/now-news.de\/de\/#organization"},"image":{"@id":"https:\/\/now-news.de\/de\/deutschland\/mitglied-syrischer-sicherheitskraefte-mit-angeblichem-is-bezug-toetet-zwei-us-soldaten-in-syrien\/#primaryimage"},"thumbnailUrl":"https:\/\/now-news.de\/de\/wp-content\/uploads\/sites\/3\/2025\/12\/Mitglied-syrischer-Sicherheitskraefte-mit-angeblichem-IS-Bezug-toetet-zwei-US-Soldaten-in.jpg","keywords":["angeblichem","ISBezug","mit","Mitglied","Sicherheitskr\u00e4fte","Syrien","syrischer","t\u00f6tet","USSoldaten","zwei"],"articleSection":["Deutschland","Russland"],"inLanguage":"de","potentialAction":[{"@type":"CommentAction","name":"Comment","target":["https:\/\/now-news.de\/de\/deutschland\/mitglied-syrischer-sicherheitskraefte-mit-angeblichem-is-bezug-toetet-zwei-us-soldaten-in-syrien\/#respond"]}]},{"@type":"WebPage","@id":"https:\/\/now-news.de\/de\/deutschland\/mitglied-syrischer-sicherheitskraefte-mit-angeblichem-is-bezug-toetet-zwei-us-soldaten-in-syrien\/","url":"https:\/\/now-news.de\/de\/deutschland\/mitglied-syrischer-sicherheitskraefte-mit-angeblichem-is-bezug-toetet-zwei-us-soldaten-in-syrien\/","name":"Mitglied syrischer Sicherheitskr\u00e4fte mit angeblichem IS-Bezug t\u00f6tet zwei US-Soldaten in Syrien - just-now.NEWS Deutschland","isPartOf":{"@id":"https:\/\/now-news.de\/de\/#website"},"primaryImageOfPage":{"@id":"https:\/\/now-news.de\/de\/deutschland\/mitglied-syrischer-sicherheitskraefte-mit-angeblichem-is-bezug-toetet-zwei-us-soldaten-in-syrien\/#primaryimage"},"image":{"@id":"https:\/\/now-news.de\/de\/deutschland\/mitglied-syrischer-sicherheitskraefte-mit-angeblichem-is-bezug-toetet-zwei-us-soldaten-in-syrien\/#primaryimage"},"thumbnailUrl":"https:\/\/now-news.de\/de\/wp-content\/uploads\/sites\/3\/2025\/12\/Mitglied-syrischer-Sicherheitskraefte-mit-angeblichem-IS-Bezug-toetet-zwei-US-Soldaten-in.jpg","datePublished":"2025-12-14T08:40:24+00:00","dateModified":"2025-12-14T08:40:24+00:00","breadcrumb":{"@id":"https:\/\/now-news.de\/de\/deutschland\/mitglied-syrischer-sicherheitskraefte-mit-angeblichem-is-bezug-toetet-zwei-us-soldaten-in-syrien\/#breadcrumb"},"inLanguage":"de","potentialAction":[{"@type":"ReadAction","target":["https:\/\/now-news.de\/de\/deutschland\/mitglied-syrischer-sicherheitskraefte-mit-angeblichem-is-bezug-toetet-zwei-us-soldaten-in-syrien\/"]}]},{"@type":"ImageObject","inLanguage":"de","@id":"https:\/\/now-news.de\/de\/deutschland\/mitglied-syrischer-sicherheitskraefte-mit-angeblichem-is-bezug-toetet-zwei-us-soldaten-in-syrien\/#primaryimage","url":"https:\/\/now-news.de\/de\/wp-content\/uploads\/sites\/3\/2025\/12\/Mitglied-syrischer-Sicherheitskraefte-mit-angeblichem-IS-Bezug-toetet-zwei-US-Soldaten-in.jpg","contentUrl":"https:\/\/now-news.de\/de\/wp-content\/uploads\/sites\/3\/2025\/12\/Mitglied-syrischer-Sicherheitskraefte-mit-angeblichem-IS-Bezug-toetet-zwei-US-Soldaten-in.jpg","width":460,"height":259,"caption":"Mitglied syrischer Sicherheitskr\u00e4fte mit angeblichem IS-Bezug t\u00f6tet zwei US-Soldaten in Syrien"},{"@type":"BreadcrumbList","@id":"https:\/\/now-news.de\/de\/deutschland\/mitglied-syrischer-sicherheitskraefte-mit-angeblichem-is-bezug-toetet-zwei-us-soldaten-in-syrien\/#breadcrumb","itemListElement":[{"@type":"ListItem","position":1,"name":"Home","item":"https:\/\/now-news.de\/de\/"},{"@type":"ListItem","position":2,"name":"Mitglied syrischer Sicherheitskr\u00e4fte mit angeblichem IS-Bezug t\u00f6tet zwei US-Soldaten in Syrien"}]},{"@type":"WebSite","@id":"https:\/\/now-news.de\/de\/#website","url":"https:\/\/now-news.de\/de\/","name":"just-now.NEWS Deutschland","description":"Das Portal f\u00fcr unzensierte Nachrichten aus der Welt","publisher":{"@id":"https:\/\/now-news.de\/de\/#organization"},"potentialAction":[{"@type":"SearchAction","target":{"@type":"EntryPoint","urlTemplate":"https:\/\/now-news.de\/de\/?s={search_term_string}"},"query-input":"required name=search_term_string"}],"inLanguage":"de"},{"@type":"Organization","@id":"https:\/\/now-news.de\/de\/#organization","name":"Just Now News","url":"https:\/\/now-news.de\/de\/","logo":{"@type":"ImageObject","inLanguage":"de","@id":"https:\/\/now-news.de\/de\/#\/schema\/logo\/image\/","url":"http:\/\/just-now.news\/de\/wp-content\/uploads\/sites\/3\/2022\/04\/logo500x500.jpg","contentUrl":"http:\/\/just-now.news\/de\/wp-content\/uploads\/sites\/3\/2022\/04\/logo500x500.jpg","width":500,"height":500,"caption":"Just Now News"},"image":{"@id":"https:\/\/now-news.de\/de\/#\/schema\/logo\/image\/"},"sameAs":["https:\/\/www.facebook.com\/wirmachenauf","https:\/\/x.com\/WirMachenAuf_de"]},{"@type":"Person","@id":"https:\/\/now-news.de\/de\/#\/schema\/person\/fb534a4e865501d8b3285208df34a9b5","name":"rtnews","image":{"@type":"ImageObject","inLanguage":"de","@id":"https:\/\/now-news.de\/de\/#\/schema\/person\/image\/","url":"https:\/\/secure.gravatar.com\/avatar\/82aafea7d8127119dd649515f56e2117?s=96&d=mm&r=g","contentUrl":"https:\/\/secure.gravatar.com\/avatar\/82aafea7d8127119dd649515f56e2117?s=96&d=mm&r=g","caption":"rtnews"},"url":"https:\/\/now-news.de\/de\/author\/rnews\/"}]}},"_links":{"self":[{"href":"https:\/\/now-news.de\/de\/wp-json\/wp\/v2\/posts\/95763"}],"collection":[{"href":"https:\/\/now-news.de\/de\/wp-json\/wp\/v2\/posts"}],"about":[{"href":"https:\/\/now-news.de\/de\/wp-json\/wp\/v2\/types\/post"}],"author":[{"embeddable":true,"href":"https:\/\/now-news.de\/de\/wp-json\/wp\/v2\/users\/3"}],"replies":[{"embeddable":true,"href":"https:\/\/now-news.de\/de\/wp-json\/wp\/v2\/comments?post=95763"}],"version-history":[{"count":0,"href":"https:\/\/now-news.de\/de\/wp-json\/wp\/v2\/posts\/95763\/revisions"}],"wp:featuredmedia":[{"embeddable":true,"href":"https:\/\/now-news.de\/de\/wp-json\/wp\/v2\/media\/95764"}],"wp:attachment":[{"href":"https:\/\/now-news.de\/de\/wp-json\/wp\/v2\/media?parent=95763"}],"wp:term":[{"taxonomy":"category","embeddable":true,"href":"https:\/\/now-news.de\/de\/wp-json\/wp\/v2\/categories?post=95763"},{"taxonomy":"post_tag","embeddable":true,"href":"https:\/\/now-news.de\/de\/wp-json\/wp\/v2\/tags?post=95763"}],"curies":[{"name":"wp","href":"https:\/\/api.w.org\/{rel}","templated":true}]}}