{"id":95733,"date":"2025-12-13T16:48:32","date_gmt":"2025-12-13T14:48:32","guid":{"rendered":"https:\/\/now-news.de\/de\/deutschland\/corona-aufarbeitung-christian-drosten-erhaelt-weitere-auszeichnung-fuer-rede-des-jahres-2025\/"},"modified":"2025-12-13T16:48:32","modified_gmt":"2025-12-13T14:48:32","slug":"corona-aufarbeitung-christian-drosten-erhaelt-weitere-auszeichnung-fuer-rede-des-jahres-2025","status":"publish","type":"post","link":"https:\/\/now-news.de\/de\/deutschland\/corona-aufarbeitung-christian-drosten-erhaelt-weitere-auszeichnung-fuer-rede-des-jahres-2025\/","title":{"rendered":"&quot;Corona-Aufarbeitung&quot;? Christian Drosten erh\u00e4lt weitere Auszeichnung f\u00fcr &quot;Rede des Jahres 2025&quot;"},"content":{"rendered":"<p><img decoding=\"async\" src=\"https:\/\/now-news.de\/de\/wp-content\/uploads\/sites\/3\/2025\/12\/693d56acb480cc65eb5d1788.jpg\" \/><\/p>\n<div class=\"Text-root Text-type_1 \">\n                Charit\u00e9-Chefvirologe Christian Drosten sorgte dieser Tage erneut f\u00fcr Schlagzeilen nach seinem kontroversen Auftritt im Rahmen der &#8220;Corona-Enquete-Kommission&#8221; des Bundestags. Nun informierte der Regierungsberater in der &#8220;Corona-Krise&#8221; dar\u00fcber, dass er sich \u00fcber eine weitere Auszeichnung &#8220;sehr freue&#8221;.\n            <\/div>\n<p><\/p>\n<div class=\"Text-root Text-type_5 ArticleView-text ViewText-root \">\n<p>Christian Drosten, seit 2020 vielfach pr\u00e4mierter Leiter des Instituts f\u00fcr Virologie an der Charit\u00e9 Berlin, gilt in den kontroversen Diskussionen \u00fcber die Aufarbeitung der Corona-Ma\u00dfnahmenpolitik der Jahre 2020 bis 2023 als Reizfigur. Nun informierte Drosten auf X \u00fcber die j\u00fcngste Auszeichnung, die ihm zuteil wird.\u00a0Das &#8220;Seminar f\u00fcr Allgemeine Rhetorik&#8221; der Uni T\u00fcbingen zeichnete den Virologen f\u00fcr seine Rede &#8220;Wissenschaft ist Freiheit und Pflicht&#8221; vor dem Deutschen Institut f\u00fcr Wirtschaftsforschung (DIW) aus, die er dort am 27. Mai dieses Jahres hielt.<\/p>\n<p>Endlich mal ein angenehmer Termin, mag sich Drosten nach Bekanntgabe der noch dieses Jahr stattfindenden Verleihung des Preises der Uni T\u00fcbingen gedacht haben. Im Gegensatz dazu war der Virologe zuvor in diesem Jahr zu f\u00fcr ihn weit unangenehmeren Veranstaltungen geladen worden. Dazu z\u00e4hlten die Ladungen vor den s\u00e4chsischen Corona-Untersuchungsausschuss Mitte Mai; im November vor den Corona-Untersuchungsausschuss des Th\u00fcringer Landtags; und zuletzt vor die &#8220;Corona-Enquete-Kommission&#8221; des Deutschen Bundestags. Zu seinem letzten Auftritt lauteten Schlagzeilen zum Thema kontroverser Wahrnehmungen beispielsweise:<\/p>\n<ul>\n<li><a rel=\"nofollow noopener\" target=\"_blank\" href=\"https:\/\/www.zdfheute.de\/politik\/corona-enquete-kommission-drosten-100.html\"><em>ZDF<\/em><\/a>: &#8220;Drosten verteidigt Ma\u00dfnahmen, r\u00e4umt aber auch Fehler ein&#8221;<em><\/em><\/li>\n<li><em><a rel=\"nofollow noopener\" target=\"_blank\" href=\"https:\/\/archive.is\/Xv0Jy\">Berliner Tagesspiegel<\/a><\/em>: &#8220;Gekonnt gekontert in der Corona-Enquete:\u00a0Drosten l\u00e4sst die Attacken der AfD ins Leere laufen&#8221;<\/li>\n<li><em><a rel=\"nofollow noopener\" target=\"_blank\" href=\"https:\/\/archive.is\/8WVXx\">S\u00fcddeutsche Zeitung<\/a><\/em>: &#8220;Aufarbeitung? Die Corona-Kommission verkommt zur Shitshow&#8221;<\/li>\n<li><em><a rel=\"nofollow noopener\" target=\"_blank\" href=\"https:\/\/www.nius.de\/analyse\/news\/enquete-kommission-christian-drosten-corona-widersprueche\/3969a3bc-43a4-406a-98c6-6a7999ff9b9d\">Nius<\/a><\/em>: &#8220;Die Widerspr\u00fcche des Herrn Drosten \u2013 und seine Ausfl\u00fcchte in der Enquete-Kommission&#8221;<\/li>\n<li><em><a rel=\"nofollow noopener\" target=\"_blank\" href=\"https:\/\/archive.is\/k4ruZ\">Berliner Zeitung<\/a><\/em>: &#8220;Christian Drosten in der Corona-Enquete: &#8216;Es ist so verwirrend'&#8221;<\/li>\n<\/ul>\n<p>Drosten informierte nun auf X \u00fcber seine erneute Ehrung\u00a0\u2013 die Kommentarfunktion unter dem Tweet ist deaktiviert:<\/p>\n<p><em>&#8220;Rede des Jahres! Ich freue mich sehr \u00fcber die Auszeichnung der Universit\u00e4t T\u00fcbingen.&#8221;<\/em><\/p>\n<div class=\"EmbedBlock-root EmbedBlock-twitter\">\n<div class=\"TwitterEmbed\">\n<blockquote class=\"twitter-tweet lazyload\" data-twitter=\"twitter-tweet\">\n<p lang=\"de\" dir=\"ltr\">Rede des Jahres!Ich freue mich sehr \u00fcber die Auszeichnung der Universit\u00e4t T\u00fcbingen.Anlass war das hundertj\u00e4hrige Bestehen des Deutschen Instituts f\u00fcr Wirtschaftsforschung (DIW).<a rel=\"nofollow noopener\" target=\"_blank\" href=\"https:\/\/t.co\/je9frPeOgm\">https:\/\/t.co\/je9frPeOgm<\/a><\/p>\n<p>\u2014 Christian Drosten (@c_drosten) <a rel=\"nofollow noopener\" target=\"_blank\" href=\"https:\/\/twitter.com\/c_drosten\/status\/1999495976902369668?ref_src=twsrc%5Etfw\">December 12, 2025<\/a><\/p><\/blockquote>\n<\/div>\n<\/div>\n<p>Die <a rel=\"nofollow noopener\" target=\"_blank\" href=\"https:\/\/uni-tuebingen.de\/universitaet\/aktuelles-und-publikationen\/pressemitteilungen\/newsfullview-pressemitteilungen\/article\/christian-drosten-erhaelt-auszeichnung-rede-des-jahres-2025-der-universitaet-tuebingen\/\">Pressemitteilung<\/a> der Uni T\u00fcbingen informiert dar\u00fcber, dass zu den &#8220;Kriterien f\u00fcr die Jury unter anderem inhaltliche Relevanz, Vortragsstil, Elaboriertheit sowie publizistische Wirkung&#8221; geh\u00f6ren. Zu den Gr\u00fcnden der diesj\u00e4hrigen Drosten-Nominierung hei\u00dft es:<\/p>\n<p><em>&#8220;Christian Drosten, der \u2026 aus der Pandemie-Zeit als Wissenschaftskommunikator weiten Teilen der Bev\u00f6lkerung bekannt wurde, argumentiere in der ausgezeichneten Rede sachlich und stringent, klar und verst\u00e4ndlich, so die Begr\u00fcndung der Jury. Er spare dabei unbequeme Wahrheiten nicht aus. Glaubw\u00fcrdig werde der n\u00fcchtern-sachliche Stil des Redners durch seine pers\u00f6nliche Integrit\u00e4t. Der Redner selbst, sein Anliegen sowie sein Stil stellen den Rahmen einer bedeutsamen Rede dar.&#8221;<\/em><\/p>\n<p>Eine von der Jury der Universit\u00e4t hervorgehobene Redepassage aus dem Vortrag lautet:<\/p>\n<p><em>&#8220;Vor dem DIW analysiert Christian Drosten gleich zu Beginn: &#8216;Die Gesellschaft hat das Bewusstsein f\u00fcr Fakten verloren&#8217;. Polarisierung von Debatten, Personalisierung vielschichtiger Sachthemen und menschliche Bestrebungen nach \u00d6ffentlichkeit und Opportunit\u00e4t bezeichnet er als Symptome dieses Realit\u00e4tsverlustes. Seine Kritik gipfelt in der pointierten Aussage: &#8216;Was postfaktische Politiker von sich geben, ist noch nicht einmal falsch, aber dennoch keineswegs richtig&#8217;. Konsequenterweise spricht er von einem &#8216;vollkommenen Verlust der Orientierung an Fakten&#8217;.&#8221;<\/em><\/p>\n<p>Eine\u00a0<a rel=\"nofollow noopener\" target=\"_blank\" href=\"https:\/\/web.archive.org\/web\/20250602230738\/https:\/\/www.diw.de\/de\/diw_01.c.932545.de\/100_jahre_diw\/wissenschaft_ist_freiheit_und_pflicht.html\">Originalpassage<\/a> aus der Rede lautet:<\/p>\n<p><em>&#8220;Das &#8216;Schwarz-gegen-Wei\u00df&#8217; im \u00f6ffentlichen Diskurs, die Liebe der Medien zum Konflikt und zur Personalisierung von vielschichtigen Sachthemen und \u2013 leider auch \u2013 allzu menschliche Bestrebungen nach \u00d6ffentlichkeit und Opportunit\u00e4t: All dies hat dazu gef\u00fchrt, dass den Menschen der Kopf raucht und die Gedanken schwirren. Wie es der Berliner Sozialwissenschaftler Michael Z\u00fcrn Ende letzten Jahres in einem sehr empfehlenswerten Aufsatz in der FAZ ausdr\u00fcckte: &#8216;Unsere Gesellschaft verliert ihre Vernunft&#8217;.&#8221;<\/em><\/p>\n<p>Die Universit\u00e4t lobt Drosten als &#8220;engagierte Stimme&#8221; der Wissenschaft, um aus der Rede des Wissenschaftlers mit Seitenblick auf die USA zu zitieren:<\/p>\n<p><em>&#8220;Ich pl\u00e4diere heute f\u00fcr ein Nachdenken \u00fcber den Grundsatz der Wissenschaftsfreiheit \u2013 und zwar nicht in erster Linie wegen ihrer Einschr\u00e4nkung! Die Freiheit der Wissenschaft muss auch Verpflichtungen mit sich bringen.&#8221;<\/em><\/p>\n<p>F\u00fcr diese Forderung sei er in den Augen der Jury &#8220;selbst ein musterg\u00fcltiges Beispiel. Er sehe seine Rolle jedoch nicht mehr wie in der Corona-Zeit als blo\u00dfer Erkl\u00e4rer, sondern nunmehr als Mahner und engagierte Stimme der Wissenschaft&#8221;. Mit Leidenschaft habe der Pr\u00e4mierte in seinem Schlussappell &#8220;von allen Beteiligten im Wissenschaftssystem beherzten Einsatz und Engagement &#8216;in der demokratischen Debatte&#8217; gefordert&#8221;.<\/p>\n<p>Im Zeitraum 2020 bis Dezember 2025 hat Drosten einschlie\u00dflich seiner j\u00fcngsten Auszeichnung insgesamt <a rel=\"nofollow noopener\" target=\"_blank\" href=\"https:\/\/de.wikipedia.org\/wiki\/Christian_Drosten#Ehrungen\">17 Ehrungen<\/a>\u00a0erhalten, darunter das Bundesverdienstkreuz, Ehrendoktortitel, Medaillen und weitere Belobigungen.<\/p>\n<p>Kritiker seiner Person monieren weiterhin die von Politik und Medien hervorgehobene Sonderrolle des Virologen sowie seine wechselhaften Aussagen, Mahnungen und Empfehlungen im Zeitraum der &#8220;Corona-Krise&#8221;. Zudem werfen sie ihm seine anhaltende Verweigerungshaltung vor, mit wissenschaftlichen Kollegen in einen kritischen Diskurs zu treten.<\/p>\n<p><strong>Mehr zum Thema &#8211;<\/strong>\u00a0<a rel=\"nofollow noopener\" target=\"_blank\" href=\"https:\/\/freedert.online\/inland\/264460-politik-gerichte-medien-umfrage-belegt\/\">Politik, Gerichte, Medien \u2013 Umfrage belegt massiven Vertrauensverlust der B\u00fcrger auf allen Ebenen<\/a><\/p>\n<div class=\"EmbedBlock-root EmbedBlock-externalVideo EmbedBlock-rumble\">\n<div class=\"VkEmbed\"><iframe class=\"lazyload\" data-src=\"https:\/\/rumble.com\/embed\/v70a012\" frameborder=\"0\" width=\"853\" height=\"480\" allowfullscreen><\/iframe><\/div>\n<\/div>\n<\/div>\n<p><script async src=\"https:\/\/platform.twitter.com\/widgets.js\" charset=\"utf-8\"><\/script><br \/>\n<br \/><br \/>\n<br \/><a href=\"https:\/\/de.rt.com\/inland\/264706-corona-aufarbeitung-christian-drosten-erhaelt\/\">Source link <\/a><\/p>\n","protected":false},"excerpt":{"rendered":"<p>Charit\u00e9-Chefvirologe Christian Drosten sorgte dieser Tage erneut f\u00fcr Schlagzeilen nach seinem kontroversen Auftritt im Rahmen der &#8220;Corona-Enquete-Kommission&#8221; des Bundestags. Nun informierte der Regierungsberater in der &#8220;Corona-Krise&#8221; dar\u00fcber, dass er sich \u00fcber eine weitere Auszeichnung &#8220;sehr freue&#8221;. Christian Drosten, seit 2020 vielfach pr\u00e4mierter Leiter des Instituts f\u00fcr Virologie an der Charit\u00e9 Berlin, gilt in den kontroversen [&hellip;]<\/p>\n","protected":false},"author":3,"featured_media":95734,"comment_status":"open","ping_status":"open","sticky":false,"template":"","format":"standard","meta":{"_yoast_indexnow_last_ping":["1765640112"],"wp_automatic_camp":["217"],"80956412bd9785c62a627f2127dda07d":["&quot;Corona-Aufarbeitung&quot;? Christian Drosten erh\u00e4lt weitere Auszeichnung f\u00fcr &quot;Rede des Jahres 2025&quot;"],"original_link":["https:\/\/de.rt.com\/inland\/264706-corona-aufarbeitung-christian-drosten-erhaelt\/"],"_thumbnail_id":["95734"],"_wptgpro_p2tg_sent2tg":["a:1:{i:23737;s:19:\"2025-12-13 17:36:27\";}"],"jnews_social_counter_last_update":["1777655665"]},"categories":[19,23],"tags":[69905,44845,2748,583,3806,822,221,22878,59410,67899,823],"yoast_head":"<!-- This site is optimized with the Yoast SEO Premium plugin v22.7 (Yoast SEO v22.7) - https:\/\/yoast.com\/wordpress\/plugins\/seo\/ -->\n<title>&quot;Corona-Aufarbeitung&quot;? Christian Drosten erh\u00e4lt weitere Auszeichnung f\u00fcr &quot;Rede des Jahres 2025&quot; - just-now.NEWS Deutschland<\/title>\n<meta name=\"robots\" content=\"index, follow, max-snippet:-1, max-image-preview:large, max-video-preview:-1\" \/>\n<link rel=\"canonical\" href=\"https:\/\/now-news.de\/de\/deutschland\/corona-aufarbeitung-christian-drosten-erhaelt-weitere-auszeichnung-fuer-rede-des-jahres-2025\/\" \/>\n<meta property=\"og:locale\" content=\"de_DE\" \/>\n<meta property=\"og:type\" content=\"article\" \/>\n<meta property=\"og:title\" content=\"&quot;Corona-Aufarbeitung&quot;? Christian Drosten erh\u00e4lt weitere Auszeichnung f\u00fcr &quot;Rede des Jahres 2025&quot;\" \/>\n<meta property=\"og:description\" content=\"Charit\u00e9-Chefvirologe Christian Drosten sorgte dieser Tage erneut f\u00fcr Schlagzeilen nach seinem kontroversen Auftritt im Rahmen der &#8220;Corona-Enquete-Kommission&#8221; des Bundestags. Nun informierte der Regierungsberater in der &#8220;Corona-Krise&#8221; dar\u00fcber, dass er sich \u00fcber eine weitere Auszeichnung &#8220;sehr freue&#8221;. Christian Drosten, seit 2020 vielfach pr\u00e4mierter Leiter des Instituts f\u00fcr Virologie an der Charit\u00e9 Berlin, gilt in den kontroversen [&hellip;]\" \/>\n<meta property=\"og:url\" content=\"https:\/\/now-news.de\/de\/deutschland\/corona-aufarbeitung-christian-drosten-erhaelt-weitere-auszeichnung-fuer-rede-des-jahres-2025\/\" \/>\n<meta property=\"og:site_name\" content=\"just-now.NEWS Deutschland\" \/>\n<meta property=\"article:publisher\" content=\"https:\/\/www.facebook.com\/wirmachenauf\" \/>\n<meta property=\"article:published_time\" content=\"2025-12-13T14:48:32+00:00\" \/>\n<meta property=\"og:image\" content=\"https:\/\/now-news.de\/de\/wp-content\/uploads\/sites\/3\/2025\/12\/693d56acb480cc65eb5d1788.jpg\" \/>\n<meta name=\"author\" content=\"rtnews\" \/>\n<meta name=\"twitter:card\" content=\"summary_large_image\" \/>\n<meta name=\"twitter:creator\" content=\"@WirMachenAuf_de\" \/>\n<meta name=\"twitter:site\" content=\"@WirMachenAuf_de\" \/>\n<meta name=\"twitter:label1\" content=\"Verfasst von\" \/>\n\t<meta name=\"twitter:data1\" content=\"rtnews\" \/>\n\t<meta name=\"twitter:label2\" content=\"Gesch\u00e4tzte Lesezeit\" \/>\n\t<meta name=\"twitter:data2\" content=\"4\u00a0Minuten\" \/>\n<script type=\"application\/ld+json\" class=\"yoast-schema-graph\">{\"@context\":\"https:\/\/schema.org\",\"@graph\":[{\"@type\":\"Article\",\"@id\":\"https:\/\/now-news.de\/de\/deutschland\/corona-aufarbeitung-christian-drosten-erhaelt-weitere-auszeichnung-fuer-rede-des-jahres-2025\/#article\",\"isPartOf\":{\"@id\":\"https:\/\/now-news.de\/de\/deutschland\/corona-aufarbeitung-christian-drosten-erhaelt-weitere-auszeichnung-fuer-rede-des-jahres-2025\/\"},\"author\":{\"name\":\"rtnews\",\"@id\":\"https:\/\/now-news.de\/de\/#\/schema\/person\/fb534a4e865501d8b3285208df34a9b5\"},\"headline\":\"&quot;Corona-Aufarbeitung&quot;? Christian Drosten erh\u00e4lt weitere Auszeichnung f\u00fcr &quot;Rede des Jahres 2025&quot;\",\"datePublished\":\"2025-12-13T14:48:32+00:00\",\"dateModified\":\"2025-12-13T14:48:32+00:00\",\"mainEntityOfPage\":{\"@id\":\"https:\/\/now-news.de\/de\/deutschland\/corona-aufarbeitung-christian-drosten-erhaelt-weitere-auszeichnung-fuer-rede-des-jahres-2025\/\"},\"wordCount\":829,\"commentCount\":0,\"publisher\":{\"@id\":\"https:\/\/now-news.de\/de\/#organization\"},\"image\":{\"@id\":\"https:\/\/now-news.de\/de\/deutschland\/corona-aufarbeitung-christian-drosten-erhaelt-weitere-auszeichnung-fuer-rede-des-jahres-2025\/#primaryimage\"},\"thumbnailUrl\":\"https:\/\/now-news.de\/de\/wp-content\/uploads\/sites\/3\/2025\/12\/quotCorona-Aufarbeitungquot-Christian-Drosten-erhaelt-weitere-Auszeichnung-fuer-quotRede-des-Jahres.jpg\",\"keywords\":[\"2025quot\",\"Auszeichnung\",\"Christian\",\"des\",\"Drosten\",\"erh\u00e4lt\",\"f\u00fcr\",\"Jahres\",\"quotCoronaAufarbeitungquot\",\"quotRede\",\"weitere\"],\"articleSection\":[\"Deutschland\",\"Russland\"],\"inLanguage\":\"de\",\"potentialAction\":[{\"@type\":\"CommentAction\",\"name\":\"Comment\",\"target\":[\"https:\/\/now-news.de\/de\/deutschland\/corona-aufarbeitung-christian-drosten-erhaelt-weitere-auszeichnung-fuer-rede-des-jahres-2025\/#respond\"]}]},{\"@type\":\"WebPage\",\"@id\":\"https:\/\/now-news.de\/de\/deutschland\/corona-aufarbeitung-christian-drosten-erhaelt-weitere-auszeichnung-fuer-rede-des-jahres-2025\/\",\"url\":\"https:\/\/now-news.de\/de\/deutschland\/corona-aufarbeitung-christian-drosten-erhaelt-weitere-auszeichnung-fuer-rede-des-jahres-2025\/\",\"name\":\"&quot;Corona-Aufarbeitung&quot;? Christian Drosten erh\u00e4lt weitere Auszeichnung f\u00fcr &quot;Rede des Jahres 2025&quot; - just-now.NEWS Deutschland\",\"isPartOf\":{\"@id\":\"https:\/\/now-news.de\/de\/#website\"},\"primaryImageOfPage\":{\"@id\":\"https:\/\/now-news.de\/de\/deutschland\/corona-aufarbeitung-christian-drosten-erhaelt-weitere-auszeichnung-fuer-rede-des-jahres-2025\/#primaryimage\"},\"image\":{\"@id\":\"https:\/\/now-news.de\/de\/deutschland\/corona-aufarbeitung-christian-drosten-erhaelt-weitere-auszeichnung-fuer-rede-des-jahres-2025\/#primaryimage\"},\"thumbnailUrl\":\"https:\/\/now-news.de\/de\/wp-content\/uploads\/sites\/3\/2025\/12\/quotCorona-Aufarbeitungquot-Christian-Drosten-erhaelt-weitere-Auszeichnung-fuer-quotRede-des-Jahres.jpg\",\"datePublished\":\"2025-12-13T14:48:32+00:00\",\"dateModified\":\"2025-12-13T14:48:32+00:00\",\"breadcrumb\":{\"@id\":\"https:\/\/now-news.de\/de\/deutschland\/corona-aufarbeitung-christian-drosten-erhaelt-weitere-auszeichnung-fuer-rede-des-jahres-2025\/#breadcrumb\"},\"inLanguage\":\"de\",\"potentialAction\":[{\"@type\":\"ReadAction\",\"target\":[\"https:\/\/now-news.de\/de\/deutschland\/corona-aufarbeitung-christian-drosten-erhaelt-weitere-auszeichnung-fuer-rede-des-jahres-2025\/\"]}]},{\"@type\":\"ImageObject\",\"inLanguage\":\"de\",\"@id\":\"https:\/\/now-news.de\/de\/deutschland\/corona-aufarbeitung-christian-drosten-erhaelt-weitere-auszeichnung-fuer-rede-des-jahres-2025\/#primaryimage\",\"url\":\"https:\/\/now-news.de\/de\/wp-content\/uploads\/sites\/3\/2025\/12\/quotCorona-Aufarbeitungquot-Christian-Drosten-erhaelt-weitere-Auszeichnung-fuer-quotRede-des-Jahres.jpg\",\"contentUrl\":\"https:\/\/now-news.de\/de\/wp-content\/uploads\/sites\/3\/2025\/12\/quotCorona-Aufarbeitungquot-Christian-Drosten-erhaelt-weitere-Auszeichnung-fuer-quotRede-des-Jahres.jpg\",\"width\":460,\"height\":259,\"caption\":\"&quot;Corona-Aufarbeitung&quot;? Christian Drosten erh\u00e4lt weitere Auszeichnung f\u00fcr &quot;Rede des Jahres 2025&quot;\"},{\"@type\":\"BreadcrumbList\",\"@id\":\"https:\/\/now-news.de\/de\/deutschland\/corona-aufarbeitung-christian-drosten-erhaelt-weitere-auszeichnung-fuer-rede-des-jahres-2025\/#breadcrumb\",\"itemListElement\":[{\"@type\":\"ListItem\",\"position\":1,\"name\":\"Home\",\"item\":\"https:\/\/now-news.de\/de\/\"},{\"@type\":\"ListItem\",\"position\":2,\"name\":\"&quot;Corona-Aufarbeitung&quot;? Christian Drosten erh\u00e4lt weitere Auszeichnung f\u00fcr &quot;Rede des Jahres 2025&quot;\"}]},{\"@type\":\"WebSite\",\"@id\":\"https:\/\/now-news.de\/de\/#website\",\"url\":\"https:\/\/now-news.de\/de\/\",\"name\":\"just-now.NEWS Deutschland\",\"description\":\"Das Portal f\u00fcr unzensierte Nachrichten aus der Welt\",\"publisher\":{\"@id\":\"https:\/\/now-news.de\/de\/#organization\"},\"potentialAction\":[{\"@type\":\"SearchAction\",\"target\":{\"@type\":\"EntryPoint\",\"urlTemplate\":\"https:\/\/now-news.de\/de\/?s={search_term_string}\"},\"query-input\":\"required name=search_term_string\"}],\"inLanguage\":\"de\"},{\"@type\":\"Organization\",\"@id\":\"https:\/\/now-news.de\/de\/#organization\",\"name\":\"Just Now News\",\"url\":\"https:\/\/now-news.de\/de\/\",\"logo\":{\"@type\":\"ImageObject\",\"inLanguage\":\"de\",\"@id\":\"https:\/\/now-news.de\/de\/#\/schema\/logo\/image\/\",\"url\":\"http:\/\/just-now.news\/de\/wp-content\/uploads\/sites\/3\/2022\/04\/logo500x500.jpg\",\"contentUrl\":\"http:\/\/just-now.news\/de\/wp-content\/uploads\/sites\/3\/2022\/04\/logo500x500.jpg\",\"width\":500,\"height\":500,\"caption\":\"Just Now News\"},\"image\":{\"@id\":\"https:\/\/now-news.de\/de\/#\/schema\/logo\/image\/\"},\"sameAs\":[\"https:\/\/www.facebook.com\/wirmachenauf\",\"https:\/\/x.com\/WirMachenAuf_de\"]},{\"@type\":\"Person\",\"@id\":\"https:\/\/now-news.de\/de\/#\/schema\/person\/fb534a4e865501d8b3285208df34a9b5\",\"name\":\"rtnews\",\"image\":{\"@type\":\"ImageObject\",\"inLanguage\":\"de\",\"@id\":\"https:\/\/now-news.de\/de\/#\/schema\/person\/image\/\",\"url\":\"https:\/\/secure.gravatar.com\/avatar\/82aafea7d8127119dd649515f56e2117?s=96&d=mm&r=g\",\"contentUrl\":\"https:\/\/secure.gravatar.com\/avatar\/82aafea7d8127119dd649515f56e2117?s=96&d=mm&r=g\",\"caption\":\"rtnews\"},\"url\":\"https:\/\/now-news.de\/de\/author\/rnews\/\"}]}<\/script>\n<!-- \/ Yoast SEO Premium plugin. -->","yoast_head_json":{"title":"&quot;Corona-Aufarbeitung&quot;? Christian Drosten erh\u00e4lt weitere Auszeichnung f\u00fcr &quot;Rede des Jahres 2025&quot; - just-now.NEWS Deutschland","robots":{"index":"index","follow":"follow","max-snippet":"max-snippet:-1","max-image-preview":"max-image-preview:large","max-video-preview":"max-video-preview:-1"},"canonical":"https:\/\/now-news.de\/de\/deutschland\/corona-aufarbeitung-christian-drosten-erhaelt-weitere-auszeichnung-fuer-rede-des-jahres-2025\/","og_locale":"de_DE","og_type":"article","og_title":"&quot;Corona-Aufarbeitung&quot;? Christian Drosten erh\u00e4lt weitere Auszeichnung f\u00fcr &quot;Rede des Jahres 2025&quot;","og_description":"Charit\u00e9-Chefvirologe Christian Drosten sorgte dieser Tage erneut f\u00fcr Schlagzeilen nach seinem kontroversen Auftritt im Rahmen der &#8220;Corona-Enquete-Kommission&#8221; des Bundestags. Nun informierte der Regierungsberater in der &#8220;Corona-Krise&#8221; dar\u00fcber, dass er sich \u00fcber eine weitere Auszeichnung &#8220;sehr freue&#8221;. Christian Drosten, seit 2020 vielfach pr\u00e4mierter Leiter des Instituts f\u00fcr Virologie an der Charit\u00e9 Berlin, gilt in den kontroversen [&hellip;]","og_url":"https:\/\/now-news.de\/de\/deutschland\/corona-aufarbeitung-christian-drosten-erhaelt-weitere-auszeichnung-fuer-rede-des-jahres-2025\/","og_site_name":"just-now.NEWS Deutschland","article_publisher":"https:\/\/www.facebook.com\/wirmachenauf","article_published_time":"2025-12-13T14:48:32+00:00","og_image":[{"url":"https:\/\/now-news.de\/de\/wp-content\/uploads\/sites\/3\/2025\/12\/693d56acb480cc65eb5d1788.jpg"}],"author":"rtnews","twitter_card":"summary_large_image","twitter_creator":"@WirMachenAuf_de","twitter_site":"@WirMachenAuf_de","twitter_misc":{"Verfasst von":"rtnews","Gesch\u00e4tzte Lesezeit":"4\u00a0Minuten"},"schema":{"@context":"https:\/\/schema.org","@graph":[{"@type":"Article","@id":"https:\/\/now-news.de\/de\/deutschland\/corona-aufarbeitung-christian-drosten-erhaelt-weitere-auszeichnung-fuer-rede-des-jahres-2025\/#article","isPartOf":{"@id":"https:\/\/now-news.de\/de\/deutschland\/corona-aufarbeitung-christian-drosten-erhaelt-weitere-auszeichnung-fuer-rede-des-jahres-2025\/"},"author":{"name":"rtnews","@id":"https:\/\/now-news.de\/de\/#\/schema\/person\/fb534a4e865501d8b3285208df34a9b5"},"headline":"&quot;Corona-Aufarbeitung&quot;? Christian Drosten erh\u00e4lt weitere Auszeichnung f\u00fcr &quot;Rede des Jahres 2025&quot;","datePublished":"2025-12-13T14:48:32+00:00","dateModified":"2025-12-13T14:48:32+00:00","mainEntityOfPage":{"@id":"https:\/\/now-news.de\/de\/deutschland\/corona-aufarbeitung-christian-drosten-erhaelt-weitere-auszeichnung-fuer-rede-des-jahres-2025\/"},"wordCount":829,"commentCount":0,"publisher":{"@id":"https:\/\/now-news.de\/de\/#organization"},"image":{"@id":"https:\/\/now-news.de\/de\/deutschland\/corona-aufarbeitung-christian-drosten-erhaelt-weitere-auszeichnung-fuer-rede-des-jahres-2025\/#primaryimage"},"thumbnailUrl":"https:\/\/now-news.de\/de\/wp-content\/uploads\/sites\/3\/2025\/12\/quotCorona-Aufarbeitungquot-Christian-Drosten-erhaelt-weitere-Auszeichnung-fuer-quotRede-des-Jahres.jpg","keywords":["2025quot","Auszeichnung","Christian","des","Drosten","erh\u00e4lt","f\u00fcr","Jahres","quotCoronaAufarbeitungquot","quotRede","weitere"],"articleSection":["Deutschland","Russland"],"inLanguage":"de","potentialAction":[{"@type":"CommentAction","name":"Comment","target":["https:\/\/now-news.de\/de\/deutschland\/corona-aufarbeitung-christian-drosten-erhaelt-weitere-auszeichnung-fuer-rede-des-jahres-2025\/#respond"]}]},{"@type":"WebPage","@id":"https:\/\/now-news.de\/de\/deutschland\/corona-aufarbeitung-christian-drosten-erhaelt-weitere-auszeichnung-fuer-rede-des-jahres-2025\/","url":"https:\/\/now-news.de\/de\/deutschland\/corona-aufarbeitung-christian-drosten-erhaelt-weitere-auszeichnung-fuer-rede-des-jahres-2025\/","name":"&quot;Corona-Aufarbeitung&quot;? Christian Drosten erh\u00e4lt weitere Auszeichnung f\u00fcr &quot;Rede des Jahres 2025&quot; - just-now.NEWS Deutschland","isPartOf":{"@id":"https:\/\/now-news.de\/de\/#website"},"primaryImageOfPage":{"@id":"https:\/\/now-news.de\/de\/deutschland\/corona-aufarbeitung-christian-drosten-erhaelt-weitere-auszeichnung-fuer-rede-des-jahres-2025\/#primaryimage"},"image":{"@id":"https:\/\/now-news.de\/de\/deutschland\/corona-aufarbeitung-christian-drosten-erhaelt-weitere-auszeichnung-fuer-rede-des-jahres-2025\/#primaryimage"},"thumbnailUrl":"https:\/\/now-news.de\/de\/wp-content\/uploads\/sites\/3\/2025\/12\/quotCorona-Aufarbeitungquot-Christian-Drosten-erhaelt-weitere-Auszeichnung-fuer-quotRede-des-Jahres.jpg","datePublished":"2025-12-13T14:48:32+00:00","dateModified":"2025-12-13T14:48:32+00:00","breadcrumb":{"@id":"https:\/\/now-news.de\/de\/deutschland\/corona-aufarbeitung-christian-drosten-erhaelt-weitere-auszeichnung-fuer-rede-des-jahres-2025\/#breadcrumb"},"inLanguage":"de","potentialAction":[{"@type":"ReadAction","target":["https:\/\/now-news.de\/de\/deutschland\/corona-aufarbeitung-christian-drosten-erhaelt-weitere-auszeichnung-fuer-rede-des-jahres-2025\/"]}]},{"@type":"ImageObject","inLanguage":"de","@id":"https:\/\/now-news.de\/de\/deutschland\/corona-aufarbeitung-christian-drosten-erhaelt-weitere-auszeichnung-fuer-rede-des-jahres-2025\/#primaryimage","url":"https:\/\/now-news.de\/de\/wp-content\/uploads\/sites\/3\/2025\/12\/quotCorona-Aufarbeitungquot-Christian-Drosten-erhaelt-weitere-Auszeichnung-fuer-quotRede-des-Jahres.jpg","contentUrl":"https:\/\/now-news.de\/de\/wp-content\/uploads\/sites\/3\/2025\/12\/quotCorona-Aufarbeitungquot-Christian-Drosten-erhaelt-weitere-Auszeichnung-fuer-quotRede-des-Jahres.jpg","width":460,"height":259,"caption":"&quot;Corona-Aufarbeitung&quot;? Christian Drosten erh\u00e4lt weitere Auszeichnung f\u00fcr &quot;Rede des Jahres 2025&quot;"},{"@type":"BreadcrumbList","@id":"https:\/\/now-news.de\/de\/deutschland\/corona-aufarbeitung-christian-drosten-erhaelt-weitere-auszeichnung-fuer-rede-des-jahres-2025\/#breadcrumb","itemListElement":[{"@type":"ListItem","position":1,"name":"Home","item":"https:\/\/now-news.de\/de\/"},{"@type":"ListItem","position":2,"name":"&quot;Corona-Aufarbeitung&quot;? Christian Drosten erh\u00e4lt weitere Auszeichnung f\u00fcr &quot;Rede des Jahres 2025&quot;"}]},{"@type":"WebSite","@id":"https:\/\/now-news.de\/de\/#website","url":"https:\/\/now-news.de\/de\/","name":"just-now.NEWS Deutschland","description":"Das Portal f\u00fcr unzensierte Nachrichten aus der Welt","publisher":{"@id":"https:\/\/now-news.de\/de\/#organization"},"potentialAction":[{"@type":"SearchAction","target":{"@type":"EntryPoint","urlTemplate":"https:\/\/now-news.de\/de\/?s={search_term_string}"},"query-input":"required name=search_term_string"}],"inLanguage":"de"},{"@type":"Organization","@id":"https:\/\/now-news.de\/de\/#organization","name":"Just Now News","url":"https:\/\/now-news.de\/de\/","logo":{"@type":"ImageObject","inLanguage":"de","@id":"https:\/\/now-news.de\/de\/#\/schema\/logo\/image\/","url":"http:\/\/just-now.news\/de\/wp-content\/uploads\/sites\/3\/2022\/04\/logo500x500.jpg","contentUrl":"http:\/\/just-now.news\/de\/wp-content\/uploads\/sites\/3\/2022\/04\/logo500x500.jpg","width":500,"height":500,"caption":"Just Now News"},"image":{"@id":"https:\/\/now-news.de\/de\/#\/schema\/logo\/image\/"},"sameAs":["https:\/\/www.facebook.com\/wirmachenauf","https:\/\/x.com\/WirMachenAuf_de"]},{"@type":"Person","@id":"https:\/\/now-news.de\/de\/#\/schema\/person\/fb534a4e865501d8b3285208df34a9b5","name":"rtnews","image":{"@type":"ImageObject","inLanguage":"de","@id":"https:\/\/now-news.de\/de\/#\/schema\/person\/image\/","url":"https:\/\/secure.gravatar.com\/avatar\/82aafea7d8127119dd649515f56e2117?s=96&d=mm&r=g","contentUrl":"https:\/\/secure.gravatar.com\/avatar\/82aafea7d8127119dd649515f56e2117?s=96&d=mm&r=g","caption":"rtnews"},"url":"https:\/\/now-news.de\/de\/author\/rnews\/"}]}},"_links":{"self":[{"href":"https:\/\/now-news.de\/de\/wp-json\/wp\/v2\/posts\/95733"}],"collection":[{"href":"https:\/\/now-news.de\/de\/wp-json\/wp\/v2\/posts"}],"about":[{"href":"https:\/\/now-news.de\/de\/wp-json\/wp\/v2\/types\/post"}],"author":[{"embeddable":true,"href":"https:\/\/now-news.de\/de\/wp-json\/wp\/v2\/users\/3"}],"replies":[{"embeddable":true,"href":"https:\/\/now-news.de\/de\/wp-json\/wp\/v2\/comments?post=95733"}],"version-history":[{"count":0,"href":"https:\/\/now-news.de\/de\/wp-json\/wp\/v2\/posts\/95733\/revisions"}],"wp:featuredmedia":[{"embeddable":true,"href":"https:\/\/now-news.de\/de\/wp-json\/wp\/v2\/media\/95734"}],"wp:attachment":[{"href":"https:\/\/now-news.de\/de\/wp-json\/wp\/v2\/media?parent=95733"}],"wp:term":[{"taxonomy":"category","embeddable":true,"href":"https:\/\/now-news.de\/de\/wp-json\/wp\/v2\/categories?post=95733"},{"taxonomy":"post_tag","embeddable":true,"href":"https:\/\/now-news.de\/de\/wp-json\/wp\/v2\/tags?post=95733"}],"curies":[{"name":"wp","href":"https:\/\/api.w.org\/{rel}","templated":true}]}}