{"id":95608,"date":"2025-12-11T17:46:27","date_gmt":"2025-12-11T15:46:27","guid":{"rendered":"https:\/\/now-news.de\/de\/deutschland\/kein-oeffentliches-interesse-merz-anwaelte-wiegeln-fragen-zu-massenklagen-des-kanzlers-ab\/"},"modified":"2025-12-11T17:46:27","modified_gmt":"2025-12-11T15:46:27","slug":"kein-oeffentliches-interesse-merz-anwaelte-wiegeln-fragen-zu-massenklagen-des-kanzlers-ab","status":"publish","type":"post","link":"https:\/\/now-news.de\/de\/deutschland\/kein-oeffentliches-interesse-merz-anwaelte-wiegeln-fragen-zu-massenklagen-des-kanzlers-ab\/","title":{"rendered":"&quot;Kein \u00f6ffentliches Interesse&quot;: Merz-Anw\u00e4lte wiegeln Fragen zu Massenklagen des Kanzlers ab"},"content":{"rendered":"<p><img decoding=\"async\" src=\"https:\/\/now-news.de\/de\/wp-content\/uploads\/sites\/3\/2025\/12\/693abc53b480cc23583649d6.jpg\" \/><\/p>\n<div class=\"Text-root Text-type_1 \">\n                Merz verklagt deutsche B\u00fcrger tausendfach. Fragen zu dieser demokratiefeindlichen Praktik will er aber nicht beantworten. Die Debatte \u00fcber Klagen von Politikern zur Einsch\u00fcchterung der B\u00fcrger soll unterdr\u00fcckt werden. Die Politik verweigert erneut den Dialog.\n            <\/div>\n<p><\/p>\n<div class=\"Text-root Text-type_5 ArticleView-text ViewText-root \">\n<p>Bundeskanzler Merz versucht systematisch, eine Debatte \u00fcber seine Massenklagen wegen Beleidigung zu verhindern, <a rel=\"nofollow noopener\" target=\"_blank\" href=\"https:\/\/www.tagesspiegel.de\/politik\/strafverfahren-wegen-beleidigung-des-bundeskanzlers-wie-friedrich-merz-eine-debatte-zu-verhindern-versucht-15030503.html\">berichtet <\/a>der <em>Tagesspiegel<\/em> auf Grundlage eigener Recherchen. Laut Auffassung der von Bundeskanzler Merz in dieser Angelegenheit beauftragten Rechtsanw\u00e4lte, besteht &#8220;kein gesteigertes \u00f6ffentliches Interesse&#8221; an diesen Ermittlungsverfahren. Damit wird begr\u00fcndet, warum ein bereits im Juli gestellter Eilantrag vom Berliner Verwaltungsgericht zur\u00fcckgewiesen werden soll. Die Entscheidung \u00fcber den Antrag steht aus, wird aber noch im Dezember erwartet. Es bestehe in diesem Zusammenhang zudem keine grunds\u00e4tzliche Auskunftspflicht von Abgeordneten.<\/p>\n<p>Inzwischen ist Merz allerdings nicht mehr einfach nur Abgeordneter, sondern Bundeskanzler. Doch auch in dieser Funktion gibt sich Merz weiter zugekn\u00f6pft. Wer im Auftrag oder zumindest mit Zustimmung des Kanzlers gegen wen aufgrund welcher Anschuldigungen ermittelt, l\u00e4sst das Kanzleramt weiter im Dunkeln. Auch im Dunkeln bleibt, ob sich Merz an den durch Klagen erzielten Strafzahlungen selbst bereichert. Angeblich stiftet er die Entsch\u00e4digungszahlungen an Einrichtungen in seinem Wahlkreis. Belege gibt es daf\u00fcr keine.\u00a0<\/p>\n<p>Die Auffassung der Merz-Anw\u00e4lte, es gebe kein gesteigertes \u00f6ffentliches Interesse, ist erstaunlich, denn es gibt seit geraumer Zeit eine breite Diskussion \u00fcber die Klagefreudigkeit von Politikern. Allein Friedrich Merz lie\u00df rund 5000 Strafantr\u00e4ge stellen. Er kooperierte dazu mit einer Abmahnagentur, der sich auch andere Mitglieder des Bundestages bedienen. Bundestagspr\u00e4sidentin Julia Kl\u00f6ckner ist ebenfalls Kundin bei der Abmahnagentur &#8220;So done&#8221;, die auch f\u00fcr Merz t\u00e4tig ist.\u00a0<\/p>\n<p>Nach einer Gesetzesversch\u00e4rfung im Jahr 2021 stieg die Anzahl der Klagen von Politikern gegen B\u00fcrger rapide an. Der Paragraf 188 StGB wurde um das Delikt der Politikerbeleidigung erweitert. Die \u00f6ffentliche Beleidigung und Herabw\u00fcrdigung eines Politikers kann nun mit bis zu 3 Jahren Haft geahndet werden. Bei Verleumdung und \u00fcbler Nachrede liegen die Strafen noch h\u00f6her.\u00a0<\/p>\n<p>Dadurch wurde eine schon zuvor bestehende Schieflage weiter zu Ungunsten der B\u00fcrger verschoben, denn Politiker sind vor Klagen gegen sie gesch\u00fctzt. Bei Redebeitr\u00e4gen ist die Immunit\u00e4t absolut, kann also nicht aufgehoben werden. W\u00e4hrend also Merz, Strack-Zimmermann und Co. nach Herzenslaune beleidigen d\u00fcrfen, ohne mit Konsequenzen rechnen zu m\u00fcssen, greifen sie ihren Kritikern gegen\u00fcber zum Mittel der Strafverfolgung.\u00a0<\/p>\n<p>Die sich in den sozialen Netzwerken \u00e4u\u00dfernde Wut \u00fcber deutsche Politiker ist unter anderem der Tatsache geschuldet, dass ein echter zivilgesellschaftlicher Dialog und Austausch in Deutschland nicht mehr stattfindet. Die deutsche Politik agiert in ihrer Gesamtheit irrational und gegen die Interessen des Landes und seiner B\u00fcrger. Gleichzeitig findet eine inhaltliche Diskussion \u00fcber den eingeschlagenen Weg nicht statt. Auf die dadurch entstehende Wut reagieren die kritisierten Politiker mit Arroganz. Kommt es zu Beleidigungen, wird Strafanzeige erstattet. Eine Debatte dar\u00fcber will Merz nun ebenfalls verhindern.\u00a0<\/p>\n<p><strong>Mehr zum Thema\u00a0<\/strong>\u2013 <a rel=\"nofollow noopener\" target=\"_blank\" href=\"https:\/\/freedert.online\/meinung\/264286-meinungsfreiheit-in-russland-und-despot\/\">Meinungsfreiheit in Russland und der Despot im Kanzleramt<\/a>\u00a0<\/p>\n<div class=\"EmbedBlock-root EmbedBlock-externalVideo EmbedBlock-rumble\">\n<div class=\"VkEmbed\"><iframe class=\"lazyload\" data-src=\"https:\/\/rumble.com\/embed\/v70m5ug\" frameborder=\"0\" width=\"853\" height=\"480\" allowfullscreen><\/iframe><\/div>\n<\/div>\n<\/div>\n<p><br \/>\n<br \/><a href=\"https:\/\/de.rt.com\/inland\/264476-kein-gesteigertes-oeffentliches-interesse-merz\/\">Source link <\/a><\/p>\n","protected":false},"excerpt":{"rendered":"<p>Merz verklagt deutsche B\u00fcrger tausendfach. Fragen zu dieser demokratiefeindlichen Praktik will er aber nicht beantworten. Die Debatte \u00fcber Klagen von Politikern zur Einsch\u00fcchterung der B\u00fcrger soll unterdr\u00fcckt werden. Die Politik verweigert erneut den Dialog. Bundeskanzler Merz versucht systematisch, eine Debatte \u00fcber seine Massenklagen wegen Beleidigung zu verhindern, berichtet der Tagesspiegel auf Grundlage eigener Recherchen. Laut [&hellip;]<\/p>\n","protected":false},"author":3,"featured_media":95609,"comment_status":"open","ping_status":"open","sticky":false,"template":"","format":"standard","meta":{"_yoast_indexnow_last_ping":["1765468177"],"wp_automatic_camp":["217"],"b61093c9f4567df6e276133350dfeba9":["&quot;Kein \u00f6ffentliches Interesse&quot;: Merz-Anw\u00e4lte wiegeln Fragen zu Massenklagen des Kanzlers ab"],"original_link":["https:\/\/de.rt.com\/inland\/264476-kein-gesteigertes-oeffentliches-interesse-merz\/"],"_thumbnail_id":["95609"],"jnews_social_counter_last_update":["1777563636"],"_wptgpro_p2tg_sent2tg":["a:1:{i:23737;s:19:\"2025-12-11 17:50:38\";}"]},"categories":[19,23],"tags":[583,13035,56237,42237,69845,69843,29034,19818,69844],"yoast_head":"<!-- This site is optimized with the Yoast SEO Premium plugin v22.7 (Yoast SEO v22.7) - https:\/\/yoast.com\/wordpress\/plugins\/seo\/ -->\n<title>&quot;Kein \u00f6ffentliches Interesse&quot;: Merz-Anw\u00e4lte wiegeln Fragen zu Massenklagen des Kanzlers ab - just-now.NEWS Deutschland<\/title>\n<meta name=\"robots\" content=\"index, follow, max-snippet:-1, max-image-preview:large, max-video-preview:-1\" \/>\n<link rel=\"canonical\" href=\"https:\/\/now-news.de\/de\/deutschland\/kein-oeffentliches-interesse-merz-anwaelte-wiegeln-fragen-zu-massenklagen-des-kanzlers-ab\/\" \/>\n<meta property=\"og:locale\" content=\"de_DE\" \/>\n<meta property=\"og:type\" content=\"article\" \/>\n<meta property=\"og:title\" content=\"&quot;Kein \u00f6ffentliches Interesse&quot;: Merz-Anw\u00e4lte wiegeln Fragen zu Massenklagen des Kanzlers ab\" \/>\n<meta property=\"og:description\" content=\"Merz verklagt deutsche B\u00fcrger tausendfach. Fragen zu dieser demokratiefeindlichen Praktik will er aber nicht beantworten. Die Debatte \u00fcber Klagen von Politikern zur Einsch\u00fcchterung der B\u00fcrger soll unterdr\u00fcckt werden. Die Politik verweigert erneut den Dialog. Bundeskanzler Merz versucht systematisch, eine Debatte \u00fcber seine Massenklagen wegen Beleidigung zu verhindern, berichtet der Tagesspiegel auf Grundlage eigener Recherchen. Laut [&hellip;]\" \/>\n<meta property=\"og:url\" content=\"https:\/\/now-news.de\/de\/deutschland\/kein-oeffentliches-interesse-merz-anwaelte-wiegeln-fragen-zu-massenklagen-des-kanzlers-ab\/\" \/>\n<meta property=\"og:site_name\" content=\"just-now.NEWS Deutschland\" \/>\n<meta property=\"article:publisher\" content=\"https:\/\/www.facebook.com\/wirmachenauf\" \/>\n<meta property=\"article:published_time\" content=\"2025-12-11T15:46:27+00:00\" \/>\n<meta property=\"og:image\" content=\"https:\/\/now-news.de\/de\/wp-content\/uploads\/sites\/3\/2025\/12\/693abc53b480cc23583649d6.jpg\" \/>\n<meta name=\"author\" content=\"rtnews\" \/>\n<meta name=\"twitter:card\" content=\"summary_large_image\" \/>\n<meta name=\"twitter:creator\" content=\"@WirMachenAuf_de\" \/>\n<meta name=\"twitter:site\" content=\"@WirMachenAuf_de\" \/>\n<meta name=\"twitter:label1\" content=\"Verfasst von\" \/>\n\t<meta name=\"twitter:data1\" content=\"rtnews\" \/>\n\t<meta name=\"twitter:label2\" content=\"Gesch\u00e4tzte Lesezeit\" \/>\n\t<meta name=\"twitter:data2\" content=\"2\u00a0Minuten\" \/>\n<script type=\"application\/ld+json\" class=\"yoast-schema-graph\">{\"@context\":\"https:\/\/schema.org\",\"@graph\":[{\"@type\":\"Article\",\"@id\":\"https:\/\/now-news.de\/de\/deutschland\/kein-oeffentliches-interesse-merz-anwaelte-wiegeln-fragen-zu-massenklagen-des-kanzlers-ab\/#article\",\"isPartOf\":{\"@id\":\"https:\/\/now-news.de\/de\/deutschland\/kein-oeffentliches-interesse-merz-anwaelte-wiegeln-fragen-zu-massenklagen-des-kanzlers-ab\/\"},\"author\":{\"name\":\"rtnews\",\"@id\":\"https:\/\/now-news.de\/de\/#\/schema\/person\/fb534a4e865501d8b3285208df34a9b5\"},\"headline\":\"&quot;Kein \u00f6ffentliches Interesse&quot;: Merz-Anw\u00e4lte wiegeln Fragen zu Massenklagen des Kanzlers ab\",\"datePublished\":\"2025-12-11T15:46:27+00:00\",\"dateModified\":\"2025-12-11T15:46:27+00:00\",\"mainEntityOfPage\":{\"@id\":\"https:\/\/now-news.de\/de\/deutschland\/kein-oeffentliches-interesse-merz-anwaelte-wiegeln-fragen-zu-massenklagen-des-kanzlers-ab\/\"},\"wordCount\":502,\"commentCount\":0,\"publisher\":{\"@id\":\"https:\/\/now-news.de\/de\/#organization\"},\"image\":{\"@id\":\"https:\/\/now-news.de\/de\/deutschland\/kein-oeffentliches-interesse-merz-anwaelte-wiegeln-fragen-zu-massenklagen-des-kanzlers-ab\/#primaryimage\"},\"thumbnailUrl\":\"https:\/\/now-news.de\/de\/wp-content\/uploads\/sites\/3\/2025\/12\/quotKein-oeffentliches-Interessequot-Merz-Anwaelte-wiegeln-Fragen-zu-Massenklagen-des-Kanzlers.jpg\",\"keywords\":[\"des\",\"Fragen\",\"Interessequot\",\"Kanzlers\",\"Massenklagen\",\"MerzAnw\u00e4lte\",\"\u00f6ffentliches\",\"quotKein\",\"wiegeln\"],\"articleSection\":[\"Deutschland\",\"Russland\"],\"inLanguage\":\"de\",\"potentialAction\":[{\"@type\":\"CommentAction\",\"name\":\"Comment\",\"target\":[\"https:\/\/now-news.de\/de\/deutschland\/kein-oeffentliches-interesse-merz-anwaelte-wiegeln-fragen-zu-massenklagen-des-kanzlers-ab\/#respond\"]}]},{\"@type\":\"WebPage\",\"@id\":\"https:\/\/now-news.de\/de\/deutschland\/kein-oeffentliches-interesse-merz-anwaelte-wiegeln-fragen-zu-massenklagen-des-kanzlers-ab\/\",\"url\":\"https:\/\/now-news.de\/de\/deutschland\/kein-oeffentliches-interesse-merz-anwaelte-wiegeln-fragen-zu-massenklagen-des-kanzlers-ab\/\",\"name\":\"&quot;Kein \u00f6ffentliches Interesse&quot;: Merz-Anw\u00e4lte wiegeln Fragen zu Massenklagen des Kanzlers ab - just-now.NEWS Deutschland\",\"isPartOf\":{\"@id\":\"https:\/\/now-news.de\/de\/#website\"},\"primaryImageOfPage\":{\"@id\":\"https:\/\/now-news.de\/de\/deutschland\/kein-oeffentliches-interesse-merz-anwaelte-wiegeln-fragen-zu-massenklagen-des-kanzlers-ab\/#primaryimage\"},\"image\":{\"@id\":\"https:\/\/now-news.de\/de\/deutschland\/kein-oeffentliches-interesse-merz-anwaelte-wiegeln-fragen-zu-massenklagen-des-kanzlers-ab\/#primaryimage\"},\"thumbnailUrl\":\"https:\/\/now-news.de\/de\/wp-content\/uploads\/sites\/3\/2025\/12\/quotKein-oeffentliches-Interessequot-Merz-Anwaelte-wiegeln-Fragen-zu-Massenklagen-des-Kanzlers.jpg\",\"datePublished\":\"2025-12-11T15:46:27+00:00\",\"dateModified\":\"2025-12-11T15:46:27+00:00\",\"breadcrumb\":{\"@id\":\"https:\/\/now-news.de\/de\/deutschland\/kein-oeffentliches-interesse-merz-anwaelte-wiegeln-fragen-zu-massenklagen-des-kanzlers-ab\/#breadcrumb\"},\"inLanguage\":\"de\",\"potentialAction\":[{\"@type\":\"ReadAction\",\"target\":[\"https:\/\/now-news.de\/de\/deutschland\/kein-oeffentliches-interesse-merz-anwaelte-wiegeln-fragen-zu-massenklagen-des-kanzlers-ab\/\"]}]},{\"@type\":\"ImageObject\",\"inLanguage\":\"de\",\"@id\":\"https:\/\/now-news.de\/de\/deutschland\/kein-oeffentliches-interesse-merz-anwaelte-wiegeln-fragen-zu-massenklagen-des-kanzlers-ab\/#primaryimage\",\"url\":\"https:\/\/now-news.de\/de\/wp-content\/uploads\/sites\/3\/2025\/12\/quotKein-oeffentliches-Interessequot-Merz-Anwaelte-wiegeln-Fragen-zu-Massenklagen-des-Kanzlers.jpg\",\"contentUrl\":\"https:\/\/now-news.de\/de\/wp-content\/uploads\/sites\/3\/2025\/12\/quotKein-oeffentliches-Interessequot-Merz-Anwaelte-wiegeln-Fragen-zu-Massenklagen-des-Kanzlers.jpg\",\"width\":460,\"height\":259,\"caption\":\"&quot;Kein \u00f6ffentliches Interesse&quot;: Merz-Anw\u00e4lte wiegeln Fragen zu Massenklagen des Kanzlers ab\"},{\"@type\":\"BreadcrumbList\",\"@id\":\"https:\/\/now-news.de\/de\/deutschland\/kein-oeffentliches-interesse-merz-anwaelte-wiegeln-fragen-zu-massenklagen-des-kanzlers-ab\/#breadcrumb\",\"itemListElement\":[{\"@type\":\"ListItem\",\"position\":1,\"name\":\"Home\",\"item\":\"https:\/\/now-news.de\/de\/\"},{\"@type\":\"ListItem\",\"position\":2,\"name\":\"&quot;Kein \u00f6ffentliches Interesse&quot;: Merz-Anw\u00e4lte wiegeln Fragen zu Massenklagen des Kanzlers ab\"}]},{\"@type\":\"WebSite\",\"@id\":\"https:\/\/now-news.de\/de\/#website\",\"url\":\"https:\/\/now-news.de\/de\/\",\"name\":\"just-now.NEWS Deutschland\",\"description\":\"Das Portal f\u00fcr unzensierte Nachrichten aus der Welt\",\"publisher\":{\"@id\":\"https:\/\/now-news.de\/de\/#organization\"},\"potentialAction\":[{\"@type\":\"SearchAction\",\"target\":{\"@type\":\"EntryPoint\",\"urlTemplate\":\"https:\/\/now-news.de\/de\/?s={search_term_string}\"},\"query-input\":\"required name=search_term_string\"}],\"inLanguage\":\"de\"},{\"@type\":\"Organization\",\"@id\":\"https:\/\/now-news.de\/de\/#organization\",\"name\":\"Just Now News\",\"url\":\"https:\/\/now-news.de\/de\/\",\"logo\":{\"@type\":\"ImageObject\",\"inLanguage\":\"de\",\"@id\":\"https:\/\/now-news.de\/de\/#\/schema\/logo\/image\/\",\"url\":\"http:\/\/just-now.news\/de\/wp-content\/uploads\/sites\/3\/2022\/04\/logo500x500.jpg\",\"contentUrl\":\"http:\/\/just-now.news\/de\/wp-content\/uploads\/sites\/3\/2022\/04\/logo500x500.jpg\",\"width\":500,\"height\":500,\"caption\":\"Just Now News\"},\"image\":{\"@id\":\"https:\/\/now-news.de\/de\/#\/schema\/logo\/image\/\"},\"sameAs\":[\"https:\/\/www.facebook.com\/wirmachenauf\",\"https:\/\/x.com\/WirMachenAuf_de\"]},{\"@type\":\"Person\",\"@id\":\"https:\/\/now-news.de\/de\/#\/schema\/person\/fb534a4e865501d8b3285208df34a9b5\",\"name\":\"rtnews\",\"image\":{\"@type\":\"ImageObject\",\"inLanguage\":\"de\",\"@id\":\"https:\/\/now-news.de\/de\/#\/schema\/person\/image\/\",\"url\":\"https:\/\/secure.gravatar.com\/avatar\/82aafea7d8127119dd649515f56e2117?s=96&d=mm&r=g\",\"contentUrl\":\"https:\/\/secure.gravatar.com\/avatar\/82aafea7d8127119dd649515f56e2117?s=96&d=mm&r=g\",\"caption\":\"rtnews\"},\"url\":\"https:\/\/now-news.de\/de\/author\/rnews\/\"}]}<\/script>\n<!-- \/ Yoast SEO Premium plugin. -->","yoast_head_json":{"title":"&quot;Kein \u00f6ffentliches Interesse&quot;: Merz-Anw\u00e4lte wiegeln Fragen zu Massenklagen des Kanzlers ab - just-now.NEWS Deutschland","robots":{"index":"index","follow":"follow","max-snippet":"max-snippet:-1","max-image-preview":"max-image-preview:large","max-video-preview":"max-video-preview:-1"},"canonical":"https:\/\/now-news.de\/de\/deutschland\/kein-oeffentliches-interesse-merz-anwaelte-wiegeln-fragen-zu-massenklagen-des-kanzlers-ab\/","og_locale":"de_DE","og_type":"article","og_title":"&quot;Kein \u00f6ffentliches Interesse&quot;: Merz-Anw\u00e4lte wiegeln Fragen zu Massenklagen des Kanzlers ab","og_description":"Merz verklagt deutsche B\u00fcrger tausendfach. Fragen zu dieser demokratiefeindlichen Praktik will er aber nicht beantworten. Die Debatte \u00fcber Klagen von Politikern zur Einsch\u00fcchterung der B\u00fcrger soll unterdr\u00fcckt werden. Die Politik verweigert erneut den Dialog. Bundeskanzler Merz versucht systematisch, eine Debatte \u00fcber seine Massenklagen wegen Beleidigung zu verhindern, berichtet der Tagesspiegel auf Grundlage eigener Recherchen. Laut [&hellip;]","og_url":"https:\/\/now-news.de\/de\/deutschland\/kein-oeffentliches-interesse-merz-anwaelte-wiegeln-fragen-zu-massenklagen-des-kanzlers-ab\/","og_site_name":"just-now.NEWS Deutschland","article_publisher":"https:\/\/www.facebook.com\/wirmachenauf","article_published_time":"2025-12-11T15:46:27+00:00","og_image":[{"url":"https:\/\/now-news.de\/de\/wp-content\/uploads\/sites\/3\/2025\/12\/693abc53b480cc23583649d6.jpg"}],"author":"rtnews","twitter_card":"summary_large_image","twitter_creator":"@WirMachenAuf_de","twitter_site":"@WirMachenAuf_de","twitter_misc":{"Verfasst von":"rtnews","Gesch\u00e4tzte Lesezeit":"2\u00a0Minuten"},"schema":{"@context":"https:\/\/schema.org","@graph":[{"@type":"Article","@id":"https:\/\/now-news.de\/de\/deutschland\/kein-oeffentliches-interesse-merz-anwaelte-wiegeln-fragen-zu-massenklagen-des-kanzlers-ab\/#article","isPartOf":{"@id":"https:\/\/now-news.de\/de\/deutschland\/kein-oeffentliches-interesse-merz-anwaelte-wiegeln-fragen-zu-massenklagen-des-kanzlers-ab\/"},"author":{"name":"rtnews","@id":"https:\/\/now-news.de\/de\/#\/schema\/person\/fb534a4e865501d8b3285208df34a9b5"},"headline":"&quot;Kein \u00f6ffentliches Interesse&quot;: Merz-Anw\u00e4lte wiegeln Fragen zu Massenklagen des Kanzlers ab","datePublished":"2025-12-11T15:46:27+00:00","dateModified":"2025-12-11T15:46:27+00:00","mainEntityOfPage":{"@id":"https:\/\/now-news.de\/de\/deutschland\/kein-oeffentliches-interesse-merz-anwaelte-wiegeln-fragen-zu-massenklagen-des-kanzlers-ab\/"},"wordCount":502,"commentCount":0,"publisher":{"@id":"https:\/\/now-news.de\/de\/#organization"},"image":{"@id":"https:\/\/now-news.de\/de\/deutschland\/kein-oeffentliches-interesse-merz-anwaelte-wiegeln-fragen-zu-massenklagen-des-kanzlers-ab\/#primaryimage"},"thumbnailUrl":"https:\/\/now-news.de\/de\/wp-content\/uploads\/sites\/3\/2025\/12\/quotKein-oeffentliches-Interessequot-Merz-Anwaelte-wiegeln-Fragen-zu-Massenklagen-des-Kanzlers.jpg","keywords":["des","Fragen","Interessequot","Kanzlers","Massenklagen","MerzAnw\u00e4lte","\u00f6ffentliches","quotKein","wiegeln"],"articleSection":["Deutschland","Russland"],"inLanguage":"de","potentialAction":[{"@type":"CommentAction","name":"Comment","target":["https:\/\/now-news.de\/de\/deutschland\/kein-oeffentliches-interesse-merz-anwaelte-wiegeln-fragen-zu-massenklagen-des-kanzlers-ab\/#respond"]}]},{"@type":"WebPage","@id":"https:\/\/now-news.de\/de\/deutschland\/kein-oeffentliches-interesse-merz-anwaelte-wiegeln-fragen-zu-massenklagen-des-kanzlers-ab\/","url":"https:\/\/now-news.de\/de\/deutschland\/kein-oeffentliches-interesse-merz-anwaelte-wiegeln-fragen-zu-massenklagen-des-kanzlers-ab\/","name":"&quot;Kein \u00f6ffentliches Interesse&quot;: Merz-Anw\u00e4lte wiegeln Fragen zu Massenklagen des Kanzlers ab - just-now.NEWS Deutschland","isPartOf":{"@id":"https:\/\/now-news.de\/de\/#website"},"primaryImageOfPage":{"@id":"https:\/\/now-news.de\/de\/deutschland\/kein-oeffentliches-interesse-merz-anwaelte-wiegeln-fragen-zu-massenklagen-des-kanzlers-ab\/#primaryimage"},"image":{"@id":"https:\/\/now-news.de\/de\/deutschland\/kein-oeffentliches-interesse-merz-anwaelte-wiegeln-fragen-zu-massenklagen-des-kanzlers-ab\/#primaryimage"},"thumbnailUrl":"https:\/\/now-news.de\/de\/wp-content\/uploads\/sites\/3\/2025\/12\/quotKein-oeffentliches-Interessequot-Merz-Anwaelte-wiegeln-Fragen-zu-Massenklagen-des-Kanzlers.jpg","datePublished":"2025-12-11T15:46:27+00:00","dateModified":"2025-12-11T15:46:27+00:00","breadcrumb":{"@id":"https:\/\/now-news.de\/de\/deutschland\/kein-oeffentliches-interesse-merz-anwaelte-wiegeln-fragen-zu-massenklagen-des-kanzlers-ab\/#breadcrumb"},"inLanguage":"de","potentialAction":[{"@type":"ReadAction","target":["https:\/\/now-news.de\/de\/deutschland\/kein-oeffentliches-interesse-merz-anwaelte-wiegeln-fragen-zu-massenklagen-des-kanzlers-ab\/"]}]},{"@type":"ImageObject","inLanguage":"de","@id":"https:\/\/now-news.de\/de\/deutschland\/kein-oeffentliches-interesse-merz-anwaelte-wiegeln-fragen-zu-massenklagen-des-kanzlers-ab\/#primaryimage","url":"https:\/\/now-news.de\/de\/wp-content\/uploads\/sites\/3\/2025\/12\/quotKein-oeffentliches-Interessequot-Merz-Anwaelte-wiegeln-Fragen-zu-Massenklagen-des-Kanzlers.jpg","contentUrl":"https:\/\/now-news.de\/de\/wp-content\/uploads\/sites\/3\/2025\/12\/quotKein-oeffentliches-Interessequot-Merz-Anwaelte-wiegeln-Fragen-zu-Massenklagen-des-Kanzlers.jpg","width":460,"height":259,"caption":"&quot;Kein \u00f6ffentliches Interesse&quot;: Merz-Anw\u00e4lte wiegeln Fragen zu Massenklagen des Kanzlers ab"},{"@type":"BreadcrumbList","@id":"https:\/\/now-news.de\/de\/deutschland\/kein-oeffentliches-interesse-merz-anwaelte-wiegeln-fragen-zu-massenklagen-des-kanzlers-ab\/#breadcrumb","itemListElement":[{"@type":"ListItem","position":1,"name":"Home","item":"https:\/\/now-news.de\/de\/"},{"@type":"ListItem","position":2,"name":"&quot;Kein \u00f6ffentliches Interesse&quot;: Merz-Anw\u00e4lte wiegeln Fragen zu Massenklagen des Kanzlers ab"}]},{"@type":"WebSite","@id":"https:\/\/now-news.de\/de\/#website","url":"https:\/\/now-news.de\/de\/","name":"just-now.NEWS Deutschland","description":"Das Portal f\u00fcr unzensierte Nachrichten aus der Welt","publisher":{"@id":"https:\/\/now-news.de\/de\/#organization"},"potentialAction":[{"@type":"SearchAction","target":{"@type":"EntryPoint","urlTemplate":"https:\/\/now-news.de\/de\/?s={search_term_string}"},"query-input":"required name=search_term_string"}],"inLanguage":"de"},{"@type":"Organization","@id":"https:\/\/now-news.de\/de\/#organization","name":"Just Now News","url":"https:\/\/now-news.de\/de\/","logo":{"@type":"ImageObject","inLanguage":"de","@id":"https:\/\/now-news.de\/de\/#\/schema\/logo\/image\/","url":"http:\/\/just-now.news\/de\/wp-content\/uploads\/sites\/3\/2022\/04\/logo500x500.jpg","contentUrl":"http:\/\/just-now.news\/de\/wp-content\/uploads\/sites\/3\/2022\/04\/logo500x500.jpg","width":500,"height":500,"caption":"Just Now News"},"image":{"@id":"https:\/\/now-news.de\/de\/#\/schema\/logo\/image\/"},"sameAs":["https:\/\/www.facebook.com\/wirmachenauf","https:\/\/x.com\/WirMachenAuf_de"]},{"@type":"Person","@id":"https:\/\/now-news.de\/de\/#\/schema\/person\/fb534a4e865501d8b3285208df34a9b5","name":"rtnews","image":{"@type":"ImageObject","inLanguage":"de","@id":"https:\/\/now-news.de\/de\/#\/schema\/person\/image\/","url":"https:\/\/secure.gravatar.com\/avatar\/82aafea7d8127119dd649515f56e2117?s=96&d=mm&r=g","contentUrl":"https:\/\/secure.gravatar.com\/avatar\/82aafea7d8127119dd649515f56e2117?s=96&d=mm&r=g","caption":"rtnews"},"url":"https:\/\/now-news.de\/de\/author\/rnews\/"}]}},"_links":{"self":[{"href":"https:\/\/now-news.de\/de\/wp-json\/wp\/v2\/posts\/95608"}],"collection":[{"href":"https:\/\/now-news.de\/de\/wp-json\/wp\/v2\/posts"}],"about":[{"href":"https:\/\/now-news.de\/de\/wp-json\/wp\/v2\/types\/post"}],"author":[{"embeddable":true,"href":"https:\/\/now-news.de\/de\/wp-json\/wp\/v2\/users\/3"}],"replies":[{"embeddable":true,"href":"https:\/\/now-news.de\/de\/wp-json\/wp\/v2\/comments?post=95608"}],"version-history":[{"count":0,"href":"https:\/\/now-news.de\/de\/wp-json\/wp\/v2\/posts\/95608\/revisions"}],"wp:featuredmedia":[{"embeddable":true,"href":"https:\/\/now-news.de\/de\/wp-json\/wp\/v2\/media\/95609"}],"wp:attachment":[{"href":"https:\/\/now-news.de\/de\/wp-json\/wp\/v2\/media?parent=95608"}],"wp:term":[{"taxonomy":"category","embeddable":true,"href":"https:\/\/now-news.de\/de\/wp-json\/wp\/v2\/categories?post=95608"},{"taxonomy":"post_tag","embeddable":true,"href":"https:\/\/now-news.de\/de\/wp-json\/wp\/v2\/tags?post=95608"}],"curies":[{"name":"wp","href":"https:\/\/api.w.org\/{rel}","templated":true}]}}