{"id":95600,"date":"2025-12-11T14:23:23","date_gmt":"2025-12-11T12:23:23","guid":{"rendered":"https:\/\/now-news.de\/de\/deutschland\/politik-gerichte-medien-umfrage-belegt-massiven-vertrauensverlust-der-buerger-auf-allen-ebenen\/"},"modified":"2025-12-11T14:23:23","modified_gmt":"2025-12-11T12:23:23","slug":"politik-gerichte-medien-umfrage-belegt-massiven-vertrauensverlust-der-buerger-auf-allen-ebenen","status":"publish","type":"post","link":"https:\/\/now-news.de\/de\/deutschland\/politik-gerichte-medien-umfrage-belegt-massiven-vertrauensverlust-der-buerger-auf-allen-ebenen\/","title":{"rendered":"Politik, Gerichte, Medien \u2013 Umfrage belegt massiven Vertrauensverlust der B\u00fcrger auf allen Ebenen"},"content":{"rendered":"<div class=\"Text-root Text-type_1 \">\n                Laut einer aktuellen FAZ-Umfrage ist das &#8220;allgemeine Misstrauen gegen\u00fcber staatlichen Institutionen&#8221; sowie den Medien in Deutschland in den zur\u00fcckliegenden Jahren kontinuierlich gestiegen. Weniger als 50 Prozent der Befragten vertrauen demnach der Regierung, nur noch 17 Prozent generell den Parteien im Land.\n            <\/div>\n<p><\/p>\n<div class=\"Text-root Text-type_5 ArticleView-text ViewText-root \">\n<p>&#8220;Das Ma\u00df des Vertrauens der Bev\u00f6l\u00adkerung in die staatlichen Institutionen ist ein wesentlicher Hinweis auf die Stabi\u00adlit\u00e4t einer Demokratie&#8221;, so die Ausgangsthese der <em>Frankfurter Allgemeinen Zeitung<\/em>, um\u00a0\u00fcber die Ergebnisse einer aktuellen\u00a0<em>FAZ<\/em>-Umfrage zu <a rel=\"nofollow noopener\" target=\"_blank\" href=\"https:\/\/www.faz.net\/aktuell\/politik\/inland\/allensbach-umfrage-weniger-deutsche-vertrauen-dem-bundesverfassungsgericht-110800824.html\">informieren<\/a>. Im Rahmen der Auswertung habe sich das Bild ergeben, dass die meisten staatlichen Insti\u00adtutionen des Landes bei den B\u00fcrgern &#8220;nicht mehr das Vertrauen der Mehrheit genie\u00dfen&#8221;. So sinke kontinuierlich die Zustimmung der Bev\u00f6lkerung zur Arbeit des Bundesrats und des Bundestags sowie zum Agieren der Bundesregierung. Auch die zuarbeitenden Mainstreammedien\u00a0erfahren laut dem Umfrageergebnis wenig Zustimmung.<\/p>\n<p>Die aktuellen Ergebnisse der <em>FAZ<\/em>-Umfrage zeichnen ein Gesellschaftsbild, laut dem sich in den vergangenen vier Jahren\u00a0das Vertrauen der Deutschen in zentrale staatliche Institutionen, Parteien und Medien\u00a0kontinuierlich im Sinkflug befindet, dies besonders auff\u00e4llig &#8220;seit der Corona-Pandemie&#8221;. So hei\u00dft es zur Fragestellung und den Auswertungen:<\/p>\n<p><em>&#8220;In der aktuellen Umfrage des Instituts f\u00fcr Demoskopie Allensbach f\u00fcr die F.A.Z. gaben 42 Prozent der B\u00fcrger an, sie h\u00e4tten sehr viel oder ziemlich viel Vertrauen in den Bundesrat, beim Bundestag sind es 36 Prozent. Den Medien vertrauten 22 Prozent, den Parteien 17 Prozent.&#8221;<\/em><\/p>\n<figure class=\"RTImage-root\">\n<div class=\"RTImage-image RTImage-original\"><picture class=\"Picture-root Picture-original\"><!--[if IE 9]><video style=\"display: none;\"><![endif]--><source media=\"(-webkit-min-device-pixel-ratio: 2) and (min-resolution: 120dpi)\" data-srcset=\" \nhttps:\/\/now-news.de\/de\/wp-content\/uploads\/sites\/3\/2025\/12\/693aa11d48fbef427c04f890.JPG 850w,\n                https:\/\/now-news.de\/de\/wp-content\/uploads\/sites\/3\/2025\/12\/693aa11d48fbef427c04f890.JPG 1960w,            \" ><source data-srcset=\" \nhttps:\/\/now-news.de\/de\/wp-content\/uploads\/sites\/3\/2025\/12\/693aa11d48fbef427c04f890.JPG 460w,\n              https:\/\/now-news.de\/de\/wp-content\/uploads\/sites\/3\/2025\/12\/693aa11d48fbef427c04f890.JPG 980w,\n            \" ><!--[if IE 9]><\/video><![endif]--><img decoding=\"async\" data- src=\"data:image\/png;base64,iVBORw0KGgoAAAANSUhEUgAAABAAAAAJCAQAAACRI2S5AAAAEElEQVR42mNkIAAYRxWAAQAG9gAKqv6+AwAAAABJRU5ErkJggg==\" class=\"Picture-root Picture-original lazyload\" data-src=\"https:\/\/now-news.de\/de\/wp-content\/uploads\/sites\/3\/2025\/12\/693aa11d48fbef427c04f890.JPG\" alt=\"\"><\/source><\/source><\/picture><!-- noscript pattern --><noscript><img decoding=\"async\" src=\"https:\/\/now-news.de\/de\/wp-content\/uploads\/sites\/3\/2025\/12\/693aa11d48fbef427c04f890.JPG\" alt=\"\"><\/noscript><\/div><figcaption class=\"RTImage-footer\"><span class=\"RTImage-caption\"><\/span><span class=\"RTImage-source\"><span class=\"RTImage-captionItem\">Screenshot: Webseite FAZ<\/span><\/span><\/figcaption><\/figure>\n<p>\u00dcberraschend ist das Vertrauen der B\u00fcrger in die Arbeit der amtierenden Bundesregierung gegen\u00fcber Umfragewerten aus dem Jahr 2023 leicht gewachsen, liegt\u00a0jedoch weiterhin bei gerade einmal desastr\u00f6sen\u00a028 Prozent Zustimmung, gegen\u00fcber 48 Prozent im Jahr 2021.<\/p>\n<p>Zur Arbeit des h\u00f6chsten deutschen Gerichts, des Bundesverfassungsgerichts, lautet die Wahrnehmung der repr\u00e4sentativen Teilnehmer:<\/p>\n<p><em>&#8220;Das Bundes\u00adverfassungsgericht steht deutlich besser da: Bei ihm liegt dieser Wert bei 63 Prozent.\u00a0Allerdings ist das ein erheblicher R\u00fcckgang gegen\u00fcber 2021, als noch 81 Prozent dem Bundesverfassungsgericht sehr viel oder ziemlich viel Vertrauen entgegenbrachten.&#8221;<\/em><\/p>\n<p>Eine eindeutige Negativbewertung erfuhren demgegen\u00fcber die klassischen Medien. So best\u00e4tigten\u00a0vor vier Jahren noch 39 Prozent der Befragten\u00a0ihr Vertrauen in die Arbeit von Zeitungen, Zeitschriften, Online-Medien, Radio und Fernsehen. Aktuell sind es nun nur noch gut ein F\u00fcnftel (22 Prozent).<\/p>\n<p>Eine weitere Frage lautete: &#8220;Wie sehr interessieren Sie sich f\u00fcr die Entscheidungen dieser Institutionen?&#8221; Hierzu ergab die Auswertung der Umfrage, dass sich die meisten B\u00fcrger eher mit wenig Interesse mit den jeweiligen Ergebnissen besch\u00e4ftigen, dies bezogen auf Mitteilungen vom Bundesverfassungsgericht (73 Prozent &#8220;weniger\/kaum\/gar\u00a0nicht&#8221;), dem Bundesrat (68 Prozent) sowie dem Bundestag (47 Prozent).<\/p>\n<p>Das Interesse f\u00fcr Mitteilungen und Ergebnisse der Bundesregierung betrachten hingegen 60 Prozent als &#8220;sehr stark\/stark&#8221; (37 Prozent\u00a0&#8220;weniger\/kaum\/gar\u00a0nicht&#8221;). Eine weitere w\u00f6rtliche Frage lautete:<\/p>\n<p><em>&#8220;Denken Sie auch \u00f6fter: Die Politiker oder Richter haben keine Ahnung,<\/em><br \/><em>das k\u00f6nnte ich besser als die?&#8221;<\/em><\/p>\n<p>Die Grafik zum Umfrageergebnis belege laut<em> FAZ<\/em>-Artikel &#8220;das Ausma\u00df der Politiker- und damit auch der Institutionenskepsis, die in Deutschland herrscht&#8221;.<\/p>\n<figure class=\"RTImage-root\">\n<div class=\"RTImage-image RTImage-original\"><picture class=\"Picture-root Picture-original\"><!--[if IE 9]><video style=\"display: none;\"><![endif]--><source media=\"(-webkit-min-device-pixel-ratio: 2) and (min-resolution: 120dpi)\" data-srcset=\" \nhttps:\/\/now-news.de\/de\/wp-content\/uploads\/sites\/3\/2025\/12\/693aa587b480cc22f326836f.JPG 850w,\n                https:\/\/now-news.de\/de\/wp-content\/uploads\/sites\/3\/2025\/12\/693aa587b480cc22f326836f.JPG 1960w,            \" ><source data-srcset=\" \nhttps:\/\/now-news.de\/de\/wp-content\/uploads\/sites\/3\/2025\/12\/693aa587b480cc22f326836f.JPG 460w,\n              https:\/\/now-news.de\/de\/wp-content\/uploads\/sites\/3\/2025\/12\/693aa587b480cc22f326836f.JPG 980w,\n            \" ><!--[if IE 9]><\/video><![endif]--><img decoding=\"async\" data- src=\"data:image\/png;base64,iVBORw0KGgoAAAANSUhEUgAAABAAAAAJCAQAAACRI2S5AAAAEElEQVR42mNkIAAYRxWAAQAG9gAKqv6+AwAAAABJRU5ErkJggg==\" class=\"Picture-root Picture-original lazyload\" data-src=\"https:\/\/now-news.de\/de\/wp-content\/uploads\/sites\/3\/2025\/12\/693aa587b480cc22f326836f.JPG\" alt=\"\"><\/source><\/source><\/picture><!-- noscript pattern --><noscript><img decoding=\"async\" src=\"https:\/\/now-news.de\/de\/wp-content\/uploads\/sites\/3\/2025\/12\/693aa587b480cc22f326836f.JPG\" alt=\"\"><\/noscript><\/div><figcaption class=\"RTImage-footer\"><span class=\"RTImage-caption\"><\/span><span class=\"RTImage-source\"><span class=\"RTImage-captionItem\">Screenshot: Webseite F.A.Z.<\/span><\/span><\/figcaption><\/figure>\n<p>Die umgehende Belehrung in dem Artikel aufgrund dieses Wertes lautet:<\/p>\n<p><em>&#8220;Ne\u00adbenbei bemerkt zeigt sie auch das Ausma\u00df der Unkenntnis politischer Praxis, denn man kann annehmen, dass die Lekt\u00fcre eines beliebigen Parlamentsprotokolls bei den meisten Menschen die Erkenntnis f\u00f6rdern w\u00fcrde, dass sie vielleicht doch nicht so viel von Politik verstehen wie die Abgeordneten.&#8221;<\/em><\/p>\n<p>Die Frage zur m\u00f6glichen Wahlentscheidung im Rahmen einer\u00a0Bundestagswahl positioniert laut <em>FAZ<\/em>-Umfrage die Unionsparteien mit 27 Prozent auf Platz 1, gefolgt von der AfD (25 Prozent), der SPD (14 Prozent), den Gr\u00fcnen (12,5 Prozent) sowie den Linken (9 Prozent). Das BSW (3 Prozent) und die FDP (4,5 Prozent) finden weiterhin den geringsten Zuspruch in der W\u00e4hlergunst.<\/p>\n<p><strong>Mehr zum Thema <\/strong>\u2013 <a rel=\"nofollow noopener\" target=\"_blank\" href=\"https:\/\/freedert.online\/meinung\/264286-meinungsfreiheit-in-russland-und-despot\/\">Meinungsfreiheit<\/a><a rel=\"nofollow noopener\" target=\"_blank\" href=\"https:\/\/freedert.online\/meinung\/264286-meinungsfreiheit-in-russland-und-despot\/\">\u00a0in Russland und der Despot im Kanzleramt<\/a><\/p>\n<div class=\"EmbedBlock-root EmbedBlock-externalVideo EmbedBlock-rumble\">\n<div class=\"VkEmbed\"><iframe class=\"lazyload\" data-src=\"https:\/\/rumble.com\/embed\/v7061y0\" frameborder=\"0\" width=\"853\" height=\"480\" allowfullscreen><\/iframe><\/div>\n<\/div>\n<\/div>\n<p><br \/>\n<br \/><a href=\"https:\/\/de.rt.com\/inland\/264460-politik-gerichte-medien-umfrage-belegt\/\">Source link <\/a><\/p>\n","protected":false},"excerpt":{"rendered":"<p>Laut einer aktuellen FAZ-Umfrage ist das &#8220;allgemeine Misstrauen gegen\u00fcber staatlichen Institutionen&#8221; sowie den Medien in Deutschland in den zur\u00fcckliegenden Jahren kontinuierlich gestiegen. Weniger als 50 Prozent der Befragten vertrauen demnach der Regierung, nur noch 17 Prozent generell den Parteien im Land. &#8220;Das Ma\u00df des Vertrauens der Bev\u00f6l\u00adkerung in die staatlichen Institutionen ist ein wesentlicher Hinweis [&hellip;]<\/p>\n","protected":false},"author":3,"featured_media":95601,"comment_status":"open","ping_status":"open","sticky":false,"template":"","format":"standard","meta":{"_yoast_indexnow_last_ping":["1765460497"],"wp_automatic_camp":["217"],"fec385f953e0da4d73eb97da2b33d2a9":["Politik, Gerichte, Medien \u2013 Umfrage belegt massiven Vertrauensverlust der B\u00fcrger auf allen Ebenen"],"original_link":["https:\/\/de.rt.com\/inland\/264460-politik-gerichte-medien-umfrage-belegt\/"],"_thumbnail_id":["95601"],"jnews_social_counter_last_update":["1777127810"],"_wptgpro_p2tg_sent2tg":["a:1:{i:23737;s:19:\"2025-12-11 15:42:39\";}"]},"categories":[19,23],"tags":[5142,133,9993,8956,82,27604,60567,20782,580,592,1428,69838],"yoast_head":"<!-- This site is optimized with the Yoast SEO Premium plugin v22.7 (Yoast SEO v22.7) - https:\/\/yoast.com\/wordpress\/plugins\/seo\/ -->\n<title>Politik, Gerichte, Medien \u2013 Umfrage belegt massiven Vertrauensverlust der B\u00fcrger auf allen Ebenen - just-now.NEWS Deutschland<\/title>\n<meta name=\"robots\" content=\"index, follow, max-snippet:-1, max-image-preview:large, max-video-preview:-1\" \/>\n<link rel=\"canonical\" href=\"https:\/\/now-news.de\/de\/deutschland\/politik-gerichte-medien-umfrage-belegt-massiven-vertrauensverlust-der-buerger-auf-allen-ebenen\/\" \/>\n<meta property=\"og:locale\" content=\"de_DE\" \/>\n<meta property=\"og:type\" content=\"article\" \/>\n<meta property=\"og:title\" content=\"Politik, Gerichte, Medien \u2013 Umfrage belegt massiven Vertrauensverlust der B\u00fcrger auf allen Ebenen\" \/>\n<meta property=\"og:description\" content=\"Laut einer aktuellen FAZ-Umfrage ist das &#8220;allgemeine Misstrauen gegen\u00fcber staatlichen Institutionen&#8221; sowie den Medien in Deutschland in den zur\u00fcckliegenden Jahren kontinuierlich gestiegen. Weniger als 50 Prozent der Befragten vertrauen demnach der Regierung, nur noch 17 Prozent generell den Parteien im Land. &#8220;Das Ma\u00df des Vertrauens der Bev\u00f6l\u00adkerung in die staatlichen Institutionen ist ein wesentlicher Hinweis [&hellip;]\" \/>\n<meta property=\"og:url\" content=\"https:\/\/now-news.de\/de\/deutschland\/politik-gerichte-medien-umfrage-belegt-massiven-vertrauensverlust-der-buerger-auf-allen-ebenen\/\" \/>\n<meta property=\"og:site_name\" content=\"just-now.NEWS Deutschland\" \/>\n<meta property=\"article:publisher\" content=\"https:\/\/www.facebook.com\/wirmachenauf\" \/>\n<meta property=\"article:published_time\" content=\"2025-12-11T12:23:23+00:00\" \/>\n<meta property=\"og:image\" content=\"https:\/\/now-news.de\/de\/wp-content\/uploads\/sites\/3\/2025\/12\/693aa11d48fbef427c04f890.JPG\" \/>\n<meta name=\"author\" content=\"rtnews\" \/>\n<meta name=\"twitter:card\" content=\"summary_large_image\" \/>\n<meta name=\"twitter:creator\" content=\"@WirMachenAuf_de\" \/>\n<meta name=\"twitter:site\" content=\"@WirMachenAuf_de\" \/>\n<meta name=\"twitter:label1\" content=\"Verfasst von\" \/>\n\t<meta name=\"twitter:data1\" content=\"rtnews\" \/>\n\t<meta name=\"twitter:label2\" content=\"Gesch\u00e4tzte Lesezeit\" \/>\n\t<meta name=\"twitter:data2\" content=\"3\u00a0Minuten\" \/>\n<script type=\"application\/ld+json\" class=\"yoast-schema-graph\">{\"@context\":\"https:\/\/schema.org\",\"@graph\":[{\"@type\":\"Article\",\"@id\":\"https:\/\/now-news.de\/de\/deutschland\/politik-gerichte-medien-umfrage-belegt-massiven-vertrauensverlust-der-buerger-auf-allen-ebenen\/#article\",\"isPartOf\":{\"@id\":\"https:\/\/now-news.de\/de\/deutschland\/politik-gerichte-medien-umfrage-belegt-massiven-vertrauensverlust-der-buerger-auf-allen-ebenen\/\"},\"author\":{\"name\":\"rtnews\",\"@id\":\"https:\/\/now-news.de\/de\/#\/schema\/person\/fb534a4e865501d8b3285208df34a9b5\"},\"headline\":\"Politik, Gerichte, Medien \u2013 Umfrage belegt massiven Vertrauensverlust der B\u00fcrger auf allen Ebenen\",\"datePublished\":\"2025-12-11T12:23:23+00:00\",\"dateModified\":\"2025-12-11T12:23:23+00:00\",\"mainEntityOfPage\":{\"@id\":\"https:\/\/now-news.de\/de\/deutschland\/politik-gerichte-medien-umfrage-belegt-massiven-vertrauensverlust-der-buerger-auf-allen-ebenen\/\"},\"wordCount\":623,\"commentCount\":0,\"publisher\":{\"@id\":\"https:\/\/now-news.de\/de\/#organization\"},\"image\":{\"@id\":\"https:\/\/now-news.de\/de\/deutschland\/politik-gerichte-medien-umfrage-belegt-massiven-vertrauensverlust-der-buerger-auf-allen-ebenen\/#primaryimage\"},\"thumbnailUrl\":\"https:\/\/now-news.de\/de\/wp-content\/uploads\/sites\/3\/2025\/12\/Politik-Gerichte-Medien-\u2013-Umfrage-belegt-massiven-Vertrauensverlust-der-Buerger.JPG\",\"keywords\":[\"allen\",\"AUF\",\"belegt\",\"b\u00fcrger\",\"der\",\"Ebenen\",\"Gerichte\",\"massiven\",\"Medien\",\"Politik\",\"Umfrage\",\"Vertrauensverlust\"],\"articleSection\":[\"Deutschland\",\"Russland\"],\"inLanguage\":\"de\",\"potentialAction\":[{\"@type\":\"CommentAction\",\"name\":\"Comment\",\"target\":[\"https:\/\/now-news.de\/de\/deutschland\/politik-gerichte-medien-umfrage-belegt-massiven-vertrauensverlust-der-buerger-auf-allen-ebenen\/#respond\"]}]},{\"@type\":\"WebPage\",\"@id\":\"https:\/\/now-news.de\/de\/deutschland\/politik-gerichte-medien-umfrage-belegt-massiven-vertrauensverlust-der-buerger-auf-allen-ebenen\/\",\"url\":\"https:\/\/now-news.de\/de\/deutschland\/politik-gerichte-medien-umfrage-belegt-massiven-vertrauensverlust-der-buerger-auf-allen-ebenen\/\",\"name\":\"Politik, Gerichte, Medien \u2013 Umfrage belegt massiven Vertrauensverlust der B\u00fcrger auf allen Ebenen - just-now.NEWS Deutschland\",\"isPartOf\":{\"@id\":\"https:\/\/now-news.de\/de\/#website\"},\"primaryImageOfPage\":{\"@id\":\"https:\/\/now-news.de\/de\/deutschland\/politik-gerichte-medien-umfrage-belegt-massiven-vertrauensverlust-der-buerger-auf-allen-ebenen\/#primaryimage\"},\"image\":{\"@id\":\"https:\/\/now-news.de\/de\/deutschland\/politik-gerichte-medien-umfrage-belegt-massiven-vertrauensverlust-der-buerger-auf-allen-ebenen\/#primaryimage\"},\"thumbnailUrl\":\"https:\/\/now-news.de\/de\/wp-content\/uploads\/sites\/3\/2025\/12\/Politik-Gerichte-Medien-\u2013-Umfrage-belegt-massiven-Vertrauensverlust-der-Buerger.JPG\",\"datePublished\":\"2025-12-11T12:23:23+00:00\",\"dateModified\":\"2025-12-11T12:23:23+00:00\",\"breadcrumb\":{\"@id\":\"https:\/\/now-news.de\/de\/deutschland\/politik-gerichte-medien-umfrage-belegt-massiven-vertrauensverlust-der-buerger-auf-allen-ebenen\/#breadcrumb\"},\"inLanguage\":\"de\",\"potentialAction\":[{\"@type\":\"ReadAction\",\"target\":[\"https:\/\/now-news.de\/de\/deutschland\/politik-gerichte-medien-umfrage-belegt-massiven-vertrauensverlust-der-buerger-auf-allen-ebenen\/\"]}]},{\"@type\":\"ImageObject\",\"inLanguage\":\"de\",\"@id\":\"https:\/\/now-news.de\/de\/deutschland\/politik-gerichte-medien-umfrage-belegt-massiven-vertrauensverlust-der-buerger-auf-allen-ebenen\/#primaryimage\",\"url\":\"https:\/\/now-news.de\/de\/wp-content\/uploads\/sites\/3\/2025\/12\/Politik-Gerichte-Medien-\u2013-Umfrage-belegt-massiven-Vertrauensverlust-der-Buerger.JPG\",\"contentUrl\":\"https:\/\/now-news.de\/de\/wp-content\/uploads\/sites\/3\/2025\/12\/Politik-Gerichte-Medien-\u2013-Umfrage-belegt-massiven-Vertrauensverlust-der-Buerger.JPG\",\"width\":699,\"height\":500,\"caption\":\"Politik, Gerichte, Medien \u2013 Umfrage belegt massiven Vertrauensverlust der B\u00fcrger auf allen Ebenen\"},{\"@type\":\"BreadcrumbList\",\"@id\":\"https:\/\/now-news.de\/de\/deutschland\/politik-gerichte-medien-umfrage-belegt-massiven-vertrauensverlust-der-buerger-auf-allen-ebenen\/#breadcrumb\",\"itemListElement\":[{\"@type\":\"ListItem\",\"position\":1,\"name\":\"Home\",\"item\":\"https:\/\/now-news.de\/de\/\"},{\"@type\":\"ListItem\",\"position\":2,\"name\":\"Politik, Gerichte, Medien \u2013 Umfrage belegt massiven Vertrauensverlust der B\u00fcrger auf allen Ebenen\"}]},{\"@type\":\"WebSite\",\"@id\":\"https:\/\/now-news.de\/de\/#website\",\"url\":\"https:\/\/now-news.de\/de\/\",\"name\":\"just-now.NEWS Deutschland\",\"description\":\"Das Portal f\u00fcr unzensierte Nachrichten aus der Welt\",\"publisher\":{\"@id\":\"https:\/\/now-news.de\/de\/#organization\"},\"potentialAction\":[{\"@type\":\"SearchAction\",\"target\":{\"@type\":\"EntryPoint\",\"urlTemplate\":\"https:\/\/now-news.de\/de\/?s={search_term_string}\"},\"query-input\":\"required name=search_term_string\"}],\"inLanguage\":\"de\"},{\"@type\":\"Organization\",\"@id\":\"https:\/\/now-news.de\/de\/#organization\",\"name\":\"Just Now News\",\"url\":\"https:\/\/now-news.de\/de\/\",\"logo\":{\"@type\":\"ImageObject\",\"inLanguage\":\"de\",\"@id\":\"https:\/\/now-news.de\/de\/#\/schema\/logo\/image\/\",\"url\":\"http:\/\/just-now.news\/de\/wp-content\/uploads\/sites\/3\/2022\/04\/logo500x500.jpg\",\"contentUrl\":\"http:\/\/just-now.news\/de\/wp-content\/uploads\/sites\/3\/2022\/04\/logo500x500.jpg\",\"width\":500,\"height\":500,\"caption\":\"Just Now News\"},\"image\":{\"@id\":\"https:\/\/now-news.de\/de\/#\/schema\/logo\/image\/\"},\"sameAs\":[\"https:\/\/www.facebook.com\/wirmachenauf\",\"https:\/\/x.com\/WirMachenAuf_de\"]},{\"@type\":\"Person\",\"@id\":\"https:\/\/now-news.de\/de\/#\/schema\/person\/fb534a4e865501d8b3285208df34a9b5\",\"name\":\"rtnews\",\"image\":{\"@type\":\"ImageObject\",\"inLanguage\":\"de\",\"@id\":\"https:\/\/now-news.de\/de\/#\/schema\/person\/image\/\",\"url\":\"https:\/\/secure.gravatar.com\/avatar\/82aafea7d8127119dd649515f56e2117?s=96&d=mm&r=g\",\"contentUrl\":\"https:\/\/secure.gravatar.com\/avatar\/82aafea7d8127119dd649515f56e2117?s=96&d=mm&r=g\",\"caption\":\"rtnews\"},\"url\":\"https:\/\/now-news.de\/de\/author\/rnews\/\"}]}<\/script>\n<!-- \/ Yoast SEO Premium plugin. -->","yoast_head_json":{"title":"Politik, Gerichte, Medien \u2013 Umfrage belegt massiven Vertrauensverlust der B\u00fcrger auf allen Ebenen - just-now.NEWS Deutschland","robots":{"index":"index","follow":"follow","max-snippet":"max-snippet:-1","max-image-preview":"max-image-preview:large","max-video-preview":"max-video-preview:-1"},"canonical":"https:\/\/now-news.de\/de\/deutschland\/politik-gerichte-medien-umfrage-belegt-massiven-vertrauensverlust-der-buerger-auf-allen-ebenen\/","og_locale":"de_DE","og_type":"article","og_title":"Politik, Gerichte, Medien \u2013 Umfrage belegt massiven Vertrauensverlust der B\u00fcrger auf allen Ebenen","og_description":"Laut einer aktuellen FAZ-Umfrage ist das &#8220;allgemeine Misstrauen gegen\u00fcber staatlichen Institutionen&#8221; sowie den Medien in Deutschland in den zur\u00fcckliegenden Jahren kontinuierlich gestiegen. Weniger als 50 Prozent der Befragten vertrauen demnach der Regierung, nur noch 17 Prozent generell den Parteien im Land. &#8220;Das Ma\u00df des Vertrauens der Bev\u00f6l\u00adkerung in die staatlichen Institutionen ist ein wesentlicher Hinweis [&hellip;]","og_url":"https:\/\/now-news.de\/de\/deutschland\/politik-gerichte-medien-umfrage-belegt-massiven-vertrauensverlust-der-buerger-auf-allen-ebenen\/","og_site_name":"just-now.NEWS Deutschland","article_publisher":"https:\/\/www.facebook.com\/wirmachenauf","article_published_time":"2025-12-11T12:23:23+00:00","og_image":[{"url":"https:\/\/now-news.de\/de\/wp-content\/uploads\/sites\/3\/2025\/12\/693aa11d48fbef427c04f890.JPG"}],"author":"rtnews","twitter_card":"summary_large_image","twitter_creator":"@WirMachenAuf_de","twitter_site":"@WirMachenAuf_de","twitter_misc":{"Verfasst von":"rtnews","Gesch\u00e4tzte Lesezeit":"3\u00a0Minuten"},"schema":{"@context":"https:\/\/schema.org","@graph":[{"@type":"Article","@id":"https:\/\/now-news.de\/de\/deutschland\/politik-gerichte-medien-umfrage-belegt-massiven-vertrauensverlust-der-buerger-auf-allen-ebenen\/#article","isPartOf":{"@id":"https:\/\/now-news.de\/de\/deutschland\/politik-gerichte-medien-umfrage-belegt-massiven-vertrauensverlust-der-buerger-auf-allen-ebenen\/"},"author":{"name":"rtnews","@id":"https:\/\/now-news.de\/de\/#\/schema\/person\/fb534a4e865501d8b3285208df34a9b5"},"headline":"Politik, Gerichte, Medien \u2013 Umfrage belegt massiven Vertrauensverlust der B\u00fcrger auf allen Ebenen","datePublished":"2025-12-11T12:23:23+00:00","dateModified":"2025-12-11T12:23:23+00:00","mainEntityOfPage":{"@id":"https:\/\/now-news.de\/de\/deutschland\/politik-gerichte-medien-umfrage-belegt-massiven-vertrauensverlust-der-buerger-auf-allen-ebenen\/"},"wordCount":623,"commentCount":0,"publisher":{"@id":"https:\/\/now-news.de\/de\/#organization"},"image":{"@id":"https:\/\/now-news.de\/de\/deutschland\/politik-gerichte-medien-umfrage-belegt-massiven-vertrauensverlust-der-buerger-auf-allen-ebenen\/#primaryimage"},"thumbnailUrl":"https:\/\/now-news.de\/de\/wp-content\/uploads\/sites\/3\/2025\/12\/Politik-Gerichte-Medien-\u2013-Umfrage-belegt-massiven-Vertrauensverlust-der-Buerger.JPG","keywords":["allen","AUF","belegt","b\u00fcrger","der","Ebenen","Gerichte","massiven","Medien","Politik","Umfrage","Vertrauensverlust"],"articleSection":["Deutschland","Russland"],"inLanguage":"de","potentialAction":[{"@type":"CommentAction","name":"Comment","target":["https:\/\/now-news.de\/de\/deutschland\/politik-gerichte-medien-umfrage-belegt-massiven-vertrauensverlust-der-buerger-auf-allen-ebenen\/#respond"]}]},{"@type":"WebPage","@id":"https:\/\/now-news.de\/de\/deutschland\/politik-gerichte-medien-umfrage-belegt-massiven-vertrauensverlust-der-buerger-auf-allen-ebenen\/","url":"https:\/\/now-news.de\/de\/deutschland\/politik-gerichte-medien-umfrage-belegt-massiven-vertrauensverlust-der-buerger-auf-allen-ebenen\/","name":"Politik, Gerichte, Medien \u2013 Umfrage belegt massiven Vertrauensverlust der B\u00fcrger auf allen Ebenen - just-now.NEWS Deutschland","isPartOf":{"@id":"https:\/\/now-news.de\/de\/#website"},"primaryImageOfPage":{"@id":"https:\/\/now-news.de\/de\/deutschland\/politik-gerichte-medien-umfrage-belegt-massiven-vertrauensverlust-der-buerger-auf-allen-ebenen\/#primaryimage"},"image":{"@id":"https:\/\/now-news.de\/de\/deutschland\/politik-gerichte-medien-umfrage-belegt-massiven-vertrauensverlust-der-buerger-auf-allen-ebenen\/#primaryimage"},"thumbnailUrl":"https:\/\/now-news.de\/de\/wp-content\/uploads\/sites\/3\/2025\/12\/Politik-Gerichte-Medien-\u2013-Umfrage-belegt-massiven-Vertrauensverlust-der-Buerger.JPG","datePublished":"2025-12-11T12:23:23+00:00","dateModified":"2025-12-11T12:23:23+00:00","breadcrumb":{"@id":"https:\/\/now-news.de\/de\/deutschland\/politik-gerichte-medien-umfrage-belegt-massiven-vertrauensverlust-der-buerger-auf-allen-ebenen\/#breadcrumb"},"inLanguage":"de","potentialAction":[{"@type":"ReadAction","target":["https:\/\/now-news.de\/de\/deutschland\/politik-gerichte-medien-umfrage-belegt-massiven-vertrauensverlust-der-buerger-auf-allen-ebenen\/"]}]},{"@type":"ImageObject","inLanguage":"de","@id":"https:\/\/now-news.de\/de\/deutschland\/politik-gerichte-medien-umfrage-belegt-massiven-vertrauensverlust-der-buerger-auf-allen-ebenen\/#primaryimage","url":"https:\/\/now-news.de\/de\/wp-content\/uploads\/sites\/3\/2025\/12\/Politik-Gerichte-Medien-\u2013-Umfrage-belegt-massiven-Vertrauensverlust-der-Buerger.JPG","contentUrl":"https:\/\/now-news.de\/de\/wp-content\/uploads\/sites\/3\/2025\/12\/Politik-Gerichte-Medien-\u2013-Umfrage-belegt-massiven-Vertrauensverlust-der-Buerger.JPG","width":699,"height":500,"caption":"Politik, Gerichte, Medien \u2013 Umfrage belegt massiven Vertrauensverlust der B\u00fcrger auf allen Ebenen"},{"@type":"BreadcrumbList","@id":"https:\/\/now-news.de\/de\/deutschland\/politik-gerichte-medien-umfrage-belegt-massiven-vertrauensverlust-der-buerger-auf-allen-ebenen\/#breadcrumb","itemListElement":[{"@type":"ListItem","position":1,"name":"Home","item":"https:\/\/now-news.de\/de\/"},{"@type":"ListItem","position":2,"name":"Politik, Gerichte, Medien \u2013 Umfrage belegt massiven Vertrauensverlust der B\u00fcrger auf allen Ebenen"}]},{"@type":"WebSite","@id":"https:\/\/now-news.de\/de\/#website","url":"https:\/\/now-news.de\/de\/","name":"just-now.NEWS Deutschland","description":"Das Portal f\u00fcr unzensierte Nachrichten aus der Welt","publisher":{"@id":"https:\/\/now-news.de\/de\/#organization"},"potentialAction":[{"@type":"SearchAction","target":{"@type":"EntryPoint","urlTemplate":"https:\/\/now-news.de\/de\/?s={search_term_string}"},"query-input":"required name=search_term_string"}],"inLanguage":"de"},{"@type":"Organization","@id":"https:\/\/now-news.de\/de\/#organization","name":"Just Now News","url":"https:\/\/now-news.de\/de\/","logo":{"@type":"ImageObject","inLanguage":"de","@id":"https:\/\/now-news.de\/de\/#\/schema\/logo\/image\/","url":"http:\/\/just-now.news\/de\/wp-content\/uploads\/sites\/3\/2022\/04\/logo500x500.jpg","contentUrl":"http:\/\/just-now.news\/de\/wp-content\/uploads\/sites\/3\/2022\/04\/logo500x500.jpg","width":500,"height":500,"caption":"Just Now News"},"image":{"@id":"https:\/\/now-news.de\/de\/#\/schema\/logo\/image\/"},"sameAs":["https:\/\/www.facebook.com\/wirmachenauf","https:\/\/x.com\/WirMachenAuf_de"]},{"@type":"Person","@id":"https:\/\/now-news.de\/de\/#\/schema\/person\/fb534a4e865501d8b3285208df34a9b5","name":"rtnews","image":{"@type":"ImageObject","inLanguage":"de","@id":"https:\/\/now-news.de\/de\/#\/schema\/person\/image\/","url":"https:\/\/secure.gravatar.com\/avatar\/82aafea7d8127119dd649515f56e2117?s=96&d=mm&r=g","contentUrl":"https:\/\/secure.gravatar.com\/avatar\/82aafea7d8127119dd649515f56e2117?s=96&d=mm&r=g","caption":"rtnews"},"url":"https:\/\/now-news.de\/de\/author\/rnews\/"}]}},"_links":{"self":[{"href":"https:\/\/now-news.de\/de\/wp-json\/wp\/v2\/posts\/95600"}],"collection":[{"href":"https:\/\/now-news.de\/de\/wp-json\/wp\/v2\/posts"}],"about":[{"href":"https:\/\/now-news.de\/de\/wp-json\/wp\/v2\/types\/post"}],"author":[{"embeddable":true,"href":"https:\/\/now-news.de\/de\/wp-json\/wp\/v2\/users\/3"}],"replies":[{"embeddable":true,"href":"https:\/\/now-news.de\/de\/wp-json\/wp\/v2\/comments?post=95600"}],"version-history":[{"count":0,"href":"https:\/\/now-news.de\/de\/wp-json\/wp\/v2\/posts\/95600\/revisions"}],"wp:featuredmedia":[{"embeddable":true,"href":"https:\/\/now-news.de\/de\/wp-json\/wp\/v2\/media\/95601"}],"wp:attachment":[{"href":"https:\/\/now-news.de\/de\/wp-json\/wp\/v2\/media?parent=95600"}],"wp:term":[{"taxonomy":"category","embeddable":true,"href":"https:\/\/now-news.de\/de\/wp-json\/wp\/v2\/categories?post=95600"},{"taxonomy":"post_tag","embeddable":true,"href":"https:\/\/now-news.de\/de\/wp-json\/wp\/v2\/tags?post=95600"}],"curies":[{"name":"wp","href":"https:\/\/api.w.org\/{rel}","templated":true}]}}