{"id":95598,"date":"2025-12-11T14:41:29","date_gmt":"2025-12-11T12:41:29","guid":{"rendered":"https:\/\/now-news.de\/de\/deutschland\/spanien-notstand-und-militaereinsatz-in-91-gemeinden-wegen-13-positiven-wildschweinen\/"},"modified":"2025-12-11T14:41:29","modified_gmt":"2025-12-11T12:41:29","slug":"spanien-notstand-und-militaereinsatz-in-91-gemeinden-wegen-13-positiven-wildschweinen","status":"publish","type":"post","link":"https:\/\/now-news.de\/de\/deutschland\/spanien-notstand-und-militaereinsatz-in-91-gemeinden-wegen-13-positiven-wildschweinen\/","title":{"rendered":"Spanien: Notstand und Milit\u00e4reinsatz in 91 Gemeinden \u2013 wegen 13 positiven Wildschweinen"},"content":{"rendered":"<p><img decoding=\"async\" src=\"https:\/\/now-news.de\/de\/wp-content\/uploads\/sites\/3\/2025\/12\/693aa5a3b480cc25bb5b52c5.jpg\" \/><\/p>\n<div class=\"Text-root Text-type_1 \">\n                Maskentragen und Betretungsverbote: In Spanien wird unter dem Vorwand einer Grippewelle und 13 toten positiv getesteten Wildschweinen in einigen Regionen der Notstand ausgerufen. Betretungsverbote von W\u00e4ldern, Parks und landwirtschaftlichen Fl\u00e4chen gew\u00e4hrleistet das spanische Milit\u00e4r.\n            <\/div>\n<p><\/p>\n<div class=\"Text-root Text-type_5 ArticleView-text ViewText-root \">\n<p>Spanien wird momentan gleich von zwei Seuchen heimgesucht, welche zu Notstandsma\u00dfnahmen gef\u00fchrt haben. So gilt in einigen spanischen Regionen seit Mittwoch wieder Maskenpflicht. In Katalonien ist das Tragen einer medizinischen Gesichtsmaske in allen Gesundheitszentren, Krankenh\u00e4usern, Gesundheitszentren und Wohnheimen in Katalonien vorgeschrieben.<\/p>\n<p>Aktuell hat auch die Region Aragonien die obligatorische Verwendung von Masken in ihren Gesundheitszentren eingef\u00fchrt. W\u00e4hrend die Region Valencia der Bev\u00f6lkerung das Tragen einer Maske im Moment noch nachdr\u00fccklich empfiehlt.<\/p>\n<p>Wie das Onlinemagazin\u00a0<em>Barcelonasecreta<\/em>\u00a0am Dienstag\u00a0<a rel=\"nofollow noopener\" target=\"_blank\" href=\"https:\/\/barcelonasecreta.com\/en\/obligatory-mask-catalonia-flu-cases\/\">berichtete<\/a>, schreibe die katalanische Regionalregierung eine &#8220;neue Normalit\u00e4t&#8221; vor. Aufgrund steigender Grippef\u00e4lle werde in bestimmten Bereichen wieder die Maskenpflicht eingef\u00fchrt. Das gab die katalanische Regierungssprecherin S\u00edlvia Paneque, in der Pressekonferenz am Dienstag bekannt.<\/p>\n<p>Demnach h\u00e4tten die Erfahrungen mit der COVID-19 Pandemie die Wirksamkeit dieser grundlegenden &#8220;Pr\u00e4ventivma\u00dfnahme&#8221; gezeigt.\u00a0In der Pressekonferenz betonte Paneque ausdr\u00fccklich die lebensrettende Wirkung von Schutzimpfungen. Impfungen und Maskentragen seien entscheidende Ma\u00dfnahmen, um &#8220;Leben zu retten&#8221;. Aktuell sind Ma\u00dfnahmen in Spanien auf Risikogebiete beschr\u00e4nkt, die Dauer der Vorschriften wurde nicht angek\u00fcndigt. Sie w\u00fcrden so lange in Kraft bleiben, bis sich die epidemiologische Lage verbessere.\u00a0<em>Barcelonasecreta<\/em>\u00a0forderte die Menschen zu verantwortungsbewusstem Handeln auf:\u00a0<\/p>\n<p>&#8220;Es ist an der Zeit, die Masken, die wir aufbewahrt haben, wieder hervorzuholen und zumindest weiterhin verantwortungsbewusst zu handeln, wenn wir die Schwelle der CAP oder des Krankenhauses \u00fcberschreiten.&#8221;<\/p>\n<p><strong>Milit\u00e4reinsatz wegen 13 positiv getesteten Wildschweinen<\/strong>\u00a0<\/p>\n<p>In Spanien herrscht wieder ein gesundheitspolitischer Ausnahmezustand,\u00a0<a rel=\"nofollow noopener\" target=\"_blank\" href=\"https:\/\/tkp.at\/2025\/12\/10\/spanien-probt-seuchen-notstand\/\">schrieb<\/a>\u00a0der \u00f6sterreichische\u00a0<em>tkp<\/em>\u00a0am Mittwoch. Das s\u00fcdeurop\u00e4ische Land &#8220;probt den Seuchen-Notstand&#8221; titelte die Zeitung. Neben der Influenza w\u00fcte dort angeblich auch die sogenannte Afrikanische Schweinepest (ASF). In der Region Katalonien seien 13 tote Wildschweine positiv getestet worden. Hausschweine seien bisher nicht betroffen und f\u00fcr Menschen sei die Tierkrankheit ungef\u00e4hrlich.<\/p>\n<p>Dennoch wurde in der Region der Notstand ausgerufen.\u00a0Das spanische Milit\u00e4r m\u00fcsse bei der &#8220;Eind\u00e4mmung&#8221; der Seuche unterst\u00fctzen. So stehe die spanische Armee der Regierung aufgrund der 13 positiv getesteten Wildschweine nun bei der Durchsetzung lockdown\u00e4hnlicher Ma\u00dfnahmen zur Seite. In der Region\u00a0seien sogenannte &#8220;Sicherheitszonen&#8221; eingerichtet worden. Im\u00a0<em>tkp<\/em>\u00a0wurde dazu ausgef\u00fchrt: \u00a0<\/p>\n<p>&#8220;In 91 Gemeinden ist bis mindestens 14. Dezember 2025 der Zugang zu Naturschutzgebieten, Parks, W\u00e4ldern und Feldern f\u00fcr Freizeitzwecke verboten, um die Virusverbreitung durch menschliche Aktivit\u00e4ten zu minimieren.&#8221;<\/p>\n<p><strong>Mehr zum Thema<\/strong> &#8211;\u00a0<a rel=\"nofollow noopener\" target=\"_blank\" href=\"https:\/\/dert.online\/inland\/262100-militaermanoever-bundeswehr-uebt-haeuserkampf-und\/\">Berlin: Bundeswehr \u00fcbt H\u00e4userkampf und Kampf gegen Aufst\u00e4ndische<\/a><\/p>\n<div class=\"EmbedBlock-root EmbedBlock-externalVideo EmbedBlock-rumble\">\n<div class=\"VkEmbed\"><iframe class=\"lazyload\" data-src=\"https:\/\/rumble.com\/embed\/v70nc8s\" frameborder=\"0\" width=\"853\" height=\"480\" allowfullscreen><\/iframe><\/div>\n<\/div>\n<\/div>\n<p><br \/>\n<br \/><a href=\"https:\/\/de.rt.com\/europa\/264462-spanien-militaereinsatz-fuer-sperrmassnahmen-in\/\">Source link <\/a><\/p>\n","protected":false},"excerpt":{"rendered":"<p>Maskentragen und Betretungsverbote: In Spanien wird unter dem Vorwand einer Grippewelle und 13 toten positiv getesteten Wildschweinen in einigen Regionen der Notstand ausgerufen. Betretungsverbote von W\u00e4ldern, Parks und landwirtschaftlichen Fl\u00e4chen gew\u00e4hrleistet das spanische Milit\u00e4r. Spanien wird momentan gleich von zwei Seuchen heimgesucht, welche zu Notstandsma\u00dfnahmen gef\u00fchrt haben. So gilt in einigen spanischen Regionen seit Mittwoch [&hellip;]<\/p>\n","protected":false},"author":3,"featured_media":95599,"comment_status":"open","ping_status":"open","sticky":false,"template":"","format":"standard","meta":{"_yoast_indexnow_last_ping":["1765459537"],"wp_automatic_camp":["217"],"945f527a386fee712d7686c64260865f":["Spanien: Notstand und Milit\u00e4reinsatz in 91 Gemeinden \u2013 wegen 13 positiven Wildschweinen"],"original_link":["https:\/\/de.rt.com\/europa\/264462-spanien-militaereinsatz-fuer-sperrmassnahmen-in\/"],"_thumbnail_id":["95599"],"jnews_social_counter_last_update":["1777109675"],"_wptgpro_p2tg_sent2tg":["a:1:{i:23737;s:19:\"2025-12-11 15:26:40\";}"]},"categories":[19,23],"tags":[69836,38864,21658,22450,1271,140,145,69837],"yoast_head":"<!-- This site is optimized with the Yoast SEO Premium plugin v22.7 (Yoast SEO v22.7) - https:\/\/yoast.com\/wordpress\/plugins\/seo\/ -->\n<title>Spanien: Notstand und Milit\u00e4reinsatz in 91 Gemeinden \u2013 wegen 13 positiven Wildschweinen - just-now.NEWS Deutschland<\/title>\n<meta name=\"robots\" content=\"index, follow, max-snippet:-1, max-image-preview:large, max-video-preview:-1\" \/>\n<link rel=\"canonical\" href=\"https:\/\/now-news.de\/de\/deutschland\/spanien-notstand-und-militaereinsatz-in-91-gemeinden-wegen-13-positiven-wildschweinen\/\" \/>\n<meta property=\"og:locale\" content=\"de_DE\" \/>\n<meta property=\"og:type\" content=\"article\" \/>\n<meta property=\"og:title\" content=\"Spanien: Notstand und Milit\u00e4reinsatz in 91 Gemeinden \u2013 wegen 13 positiven Wildschweinen\" \/>\n<meta property=\"og:description\" content=\"Maskentragen und Betretungsverbote: In Spanien wird unter dem Vorwand einer Grippewelle und 13 toten positiv getesteten Wildschweinen in einigen Regionen der Notstand ausgerufen. Betretungsverbote von W\u00e4ldern, Parks und landwirtschaftlichen Fl\u00e4chen gew\u00e4hrleistet das spanische Milit\u00e4r. Spanien wird momentan gleich von zwei Seuchen heimgesucht, welche zu Notstandsma\u00dfnahmen gef\u00fchrt haben. So gilt in einigen spanischen Regionen seit Mittwoch [&hellip;]\" \/>\n<meta property=\"og:url\" content=\"https:\/\/now-news.de\/de\/deutschland\/spanien-notstand-und-militaereinsatz-in-91-gemeinden-wegen-13-positiven-wildschweinen\/\" \/>\n<meta property=\"og:site_name\" content=\"just-now.NEWS Deutschland\" \/>\n<meta property=\"article:publisher\" content=\"https:\/\/www.facebook.com\/wirmachenauf\" \/>\n<meta property=\"article:published_time\" content=\"2025-12-11T12:41:29+00:00\" \/>\n<meta property=\"og:image\" content=\"https:\/\/now-news.de\/de\/wp-content\/uploads\/sites\/3\/2025\/12\/693aa5a3b480cc25bb5b52c5.jpg\" \/>\n<meta name=\"author\" content=\"rtnews\" \/>\n<meta name=\"twitter:card\" content=\"summary_large_image\" \/>\n<meta name=\"twitter:creator\" content=\"@WirMachenAuf_de\" \/>\n<meta name=\"twitter:site\" content=\"@WirMachenAuf_de\" \/>\n<meta name=\"twitter:label1\" content=\"Verfasst von\" \/>\n\t<meta name=\"twitter:data1\" content=\"rtnews\" \/>\n\t<meta name=\"twitter:label2\" content=\"Gesch\u00e4tzte Lesezeit\" \/>\n\t<meta name=\"twitter:data2\" content=\"2\u00a0Minuten\" \/>\n<script type=\"application\/ld+json\" class=\"yoast-schema-graph\">{\"@context\":\"https:\/\/schema.org\",\"@graph\":[{\"@type\":\"Article\",\"@id\":\"https:\/\/now-news.de\/de\/deutschland\/spanien-notstand-und-militaereinsatz-in-91-gemeinden-wegen-13-positiven-wildschweinen\/#article\",\"isPartOf\":{\"@id\":\"https:\/\/now-news.de\/de\/deutschland\/spanien-notstand-und-militaereinsatz-in-91-gemeinden-wegen-13-positiven-wildschweinen\/\"},\"author\":{\"name\":\"rtnews\",\"@id\":\"https:\/\/now-news.de\/de\/#\/schema\/person\/fb534a4e865501d8b3285208df34a9b5\"},\"headline\":\"Spanien: Notstand und Milit\u00e4reinsatz in 91 Gemeinden \u2013 wegen 13 positiven Wildschweinen\",\"datePublished\":\"2025-12-11T12:41:29+00:00\",\"dateModified\":\"2025-12-11T12:41:29+00:00\",\"mainEntityOfPage\":{\"@id\":\"https:\/\/now-news.de\/de\/deutschland\/spanien-notstand-und-militaereinsatz-in-91-gemeinden-wegen-13-positiven-wildschweinen\/\"},\"wordCount\":447,\"commentCount\":0,\"publisher\":{\"@id\":\"https:\/\/now-news.de\/de\/#organization\"},\"image\":{\"@id\":\"https:\/\/now-news.de\/de\/deutschland\/spanien-notstand-und-militaereinsatz-in-91-gemeinden-wegen-13-positiven-wildschweinen\/#primaryimage\"},\"thumbnailUrl\":\"https:\/\/now-news.de\/de\/wp-content\/uploads\/sites\/3\/2025\/12\/Spanien-Notstand-und-Militaereinsatz-in-91-Gemeinden-\u2013-wegen-13.jpg\",\"keywords\":[\"Gemeinden\",\"Milit\u00e4reinsatz\",\"Notstand\",\"positiven\",\"Spanien\",\"und\",\"wegen\",\"Wildschweinen\"],\"articleSection\":[\"Deutschland\",\"Russland\"],\"inLanguage\":\"de\",\"potentialAction\":[{\"@type\":\"CommentAction\",\"name\":\"Comment\",\"target\":[\"https:\/\/now-news.de\/de\/deutschland\/spanien-notstand-und-militaereinsatz-in-91-gemeinden-wegen-13-positiven-wildschweinen\/#respond\"]}]},{\"@type\":\"WebPage\",\"@id\":\"https:\/\/now-news.de\/de\/deutschland\/spanien-notstand-und-militaereinsatz-in-91-gemeinden-wegen-13-positiven-wildschweinen\/\",\"url\":\"https:\/\/now-news.de\/de\/deutschland\/spanien-notstand-und-militaereinsatz-in-91-gemeinden-wegen-13-positiven-wildschweinen\/\",\"name\":\"Spanien: Notstand und Milit\u00e4reinsatz in 91 Gemeinden \u2013 wegen 13 positiven Wildschweinen - just-now.NEWS Deutschland\",\"isPartOf\":{\"@id\":\"https:\/\/now-news.de\/de\/#website\"},\"primaryImageOfPage\":{\"@id\":\"https:\/\/now-news.de\/de\/deutschland\/spanien-notstand-und-militaereinsatz-in-91-gemeinden-wegen-13-positiven-wildschweinen\/#primaryimage\"},\"image\":{\"@id\":\"https:\/\/now-news.de\/de\/deutschland\/spanien-notstand-und-militaereinsatz-in-91-gemeinden-wegen-13-positiven-wildschweinen\/#primaryimage\"},\"thumbnailUrl\":\"https:\/\/now-news.de\/de\/wp-content\/uploads\/sites\/3\/2025\/12\/Spanien-Notstand-und-Militaereinsatz-in-91-Gemeinden-\u2013-wegen-13.jpg\",\"datePublished\":\"2025-12-11T12:41:29+00:00\",\"dateModified\":\"2025-12-11T12:41:29+00:00\",\"breadcrumb\":{\"@id\":\"https:\/\/now-news.de\/de\/deutschland\/spanien-notstand-und-militaereinsatz-in-91-gemeinden-wegen-13-positiven-wildschweinen\/#breadcrumb\"},\"inLanguage\":\"de\",\"potentialAction\":[{\"@type\":\"ReadAction\",\"target\":[\"https:\/\/now-news.de\/de\/deutschland\/spanien-notstand-und-militaereinsatz-in-91-gemeinden-wegen-13-positiven-wildschweinen\/\"]}]},{\"@type\":\"ImageObject\",\"inLanguage\":\"de\",\"@id\":\"https:\/\/now-news.de\/de\/deutschland\/spanien-notstand-und-militaereinsatz-in-91-gemeinden-wegen-13-positiven-wildschweinen\/#primaryimage\",\"url\":\"https:\/\/now-news.de\/de\/wp-content\/uploads\/sites\/3\/2025\/12\/Spanien-Notstand-und-Militaereinsatz-in-91-Gemeinden-\u2013-wegen-13.jpg\",\"contentUrl\":\"https:\/\/now-news.de\/de\/wp-content\/uploads\/sites\/3\/2025\/12\/Spanien-Notstand-und-Militaereinsatz-in-91-Gemeinden-\u2013-wegen-13.jpg\",\"width\":460,\"height\":259,\"caption\":\"Spanien: Notstand und Milit\u00e4reinsatz in 91 Gemeinden \u2013 wegen 13 positiven Wildschweinen\"},{\"@type\":\"BreadcrumbList\",\"@id\":\"https:\/\/now-news.de\/de\/deutschland\/spanien-notstand-und-militaereinsatz-in-91-gemeinden-wegen-13-positiven-wildschweinen\/#breadcrumb\",\"itemListElement\":[{\"@type\":\"ListItem\",\"position\":1,\"name\":\"Home\",\"item\":\"https:\/\/now-news.de\/de\/\"},{\"@type\":\"ListItem\",\"position\":2,\"name\":\"Spanien: Notstand und Milit\u00e4reinsatz in 91 Gemeinden \u2013 wegen 13 positiven Wildschweinen\"}]},{\"@type\":\"WebSite\",\"@id\":\"https:\/\/now-news.de\/de\/#website\",\"url\":\"https:\/\/now-news.de\/de\/\",\"name\":\"just-now.NEWS Deutschland\",\"description\":\"Das Portal f\u00fcr unzensierte Nachrichten aus der Welt\",\"publisher\":{\"@id\":\"https:\/\/now-news.de\/de\/#organization\"},\"potentialAction\":[{\"@type\":\"SearchAction\",\"target\":{\"@type\":\"EntryPoint\",\"urlTemplate\":\"https:\/\/now-news.de\/de\/?s={search_term_string}\"},\"query-input\":\"required name=search_term_string\"}],\"inLanguage\":\"de\"},{\"@type\":\"Organization\",\"@id\":\"https:\/\/now-news.de\/de\/#organization\",\"name\":\"Just Now News\",\"url\":\"https:\/\/now-news.de\/de\/\",\"logo\":{\"@type\":\"ImageObject\",\"inLanguage\":\"de\",\"@id\":\"https:\/\/now-news.de\/de\/#\/schema\/logo\/image\/\",\"url\":\"http:\/\/just-now.news\/de\/wp-content\/uploads\/sites\/3\/2022\/04\/logo500x500.jpg\",\"contentUrl\":\"http:\/\/just-now.news\/de\/wp-content\/uploads\/sites\/3\/2022\/04\/logo500x500.jpg\",\"width\":500,\"height\":500,\"caption\":\"Just Now News\"},\"image\":{\"@id\":\"https:\/\/now-news.de\/de\/#\/schema\/logo\/image\/\"},\"sameAs\":[\"https:\/\/www.facebook.com\/wirmachenauf\",\"https:\/\/x.com\/WirMachenAuf_de\"]},{\"@type\":\"Person\",\"@id\":\"https:\/\/now-news.de\/de\/#\/schema\/person\/fb534a4e865501d8b3285208df34a9b5\",\"name\":\"rtnews\",\"image\":{\"@type\":\"ImageObject\",\"inLanguage\":\"de\",\"@id\":\"https:\/\/now-news.de\/de\/#\/schema\/person\/image\/\",\"url\":\"https:\/\/secure.gravatar.com\/avatar\/82aafea7d8127119dd649515f56e2117?s=96&d=mm&r=g\",\"contentUrl\":\"https:\/\/secure.gravatar.com\/avatar\/82aafea7d8127119dd649515f56e2117?s=96&d=mm&r=g\",\"caption\":\"rtnews\"},\"url\":\"https:\/\/now-news.de\/de\/author\/rnews\/\"}]}<\/script>\n<!-- \/ Yoast SEO Premium plugin. -->","yoast_head_json":{"title":"Spanien: Notstand und Milit\u00e4reinsatz in 91 Gemeinden \u2013 wegen 13 positiven Wildschweinen - just-now.NEWS Deutschland","robots":{"index":"index","follow":"follow","max-snippet":"max-snippet:-1","max-image-preview":"max-image-preview:large","max-video-preview":"max-video-preview:-1"},"canonical":"https:\/\/now-news.de\/de\/deutschland\/spanien-notstand-und-militaereinsatz-in-91-gemeinden-wegen-13-positiven-wildschweinen\/","og_locale":"de_DE","og_type":"article","og_title":"Spanien: Notstand und Milit\u00e4reinsatz in 91 Gemeinden \u2013 wegen 13 positiven Wildschweinen","og_description":"Maskentragen und Betretungsverbote: In Spanien wird unter dem Vorwand einer Grippewelle und 13 toten positiv getesteten Wildschweinen in einigen Regionen der Notstand ausgerufen. Betretungsverbote von W\u00e4ldern, Parks und landwirtschaftlichen Fl\u00e4chen gew\u00e4hrleistet das spanische Milit\u00e4r. Spanien wird momentan gleich von zwei Seuchen heimgesucht, welche zu Notstandsma\u00dfnahmen gef\u00fchrt haben. So gilt in einigen spanischen Regionen seit Mittwoch [&hellip;]","og_url":"https:\/\/now-news.de\/de\/deutschland\/spanien-notstand-und-militaereinsatz-in-91-gemeinden-wegen-13-positiven-wildschweinen\/","og_site_name":"just-now.NEWS Deutschland","article_publisher":"https:\/\/www.facebook.com\/wirmachenauf","article_published_time":"2025-12-11T12:41:29+00:00","og_image":[{"url":"https:\/\/now-news.de\/de\/wp-content\/uploads\/sites\/3\/2025\/12\/693aa5a3b480cc25bb5b52c5.jpg"}],"author":"rtnews","twitter_card":"summary_large_image","twitter_creator":"@WirMachenAuf_de","twitter_site":"@WirMachenAuf_de","twitter_misc":{"Verfasst von":"rtnews","Gesch\u00e4tzte Lesezeit":"2\u00a0Minuten"},"schema":{"@context":"https:\/\/schema.org","@graph":[{"@type":"Article","@id":"https:\/\/now-news.de\/de\/deutschland\/spanien-notstand-und-militaereinsatz-in-91-gemeinden-wegen-13-positiven-wildschweinen\/#article","isPartOf":{"@id":"https:\/\/now-news.de\/de\/deutschland\/spanien-notstand-und-militaereinsatz-in-91-gemeinden-wegen-13-positiven-wildschweinen\/"},"author":{"name":"rtnews","@id":"https:\/\/now-news.de\/de\/#\/schema\/person\/fb534a4e865501d8b3285208df34a9b5"},"headline":"Spanien: Notstand und Milit\u00e4reinsatz in 91 Gemeinden \u2013 wegen 13 positiven Wildschweinen","datePublished":"2025-12-11T12:41:29+00:00","dateModified":"2025-12-11T12:41:29+00:00","mainEntityOfPage":{"@id":"https:\/\/now-news.de\/de\/deutschland\/spanien-notstand-und-militaereinsatz-in-91-gemeinden-wegen-13-positiven-wildschweinen\/"},"wordCount":447,"commentCount":0,"publisher":{"@id":"https:\/\/now-news.de\/de\/#organization"},"image":{"@id":"https:\/\/now-news.de\/de\/deutschland\/spanien-notstand-und-militaereinsatz-in-91-gemeinden-wegen-13-positiven-wildschweinen\/#primaryimage"},"thumbnailUrl":"https:\/\/now-news.de\/de\/wp-content\/uploads\/sites\/3\/2025\/12\/Spanien-Notstand-und-Militaereinsatz-in-91-Gemeinden-\u2013-wegen-13.jpg","keywords":["Gemeinden","Milit\u00e4reinsatz","Notstand","positiven","Spanien","und","wegen","Wildschweinen"],"articleSection":["Deutschland","Russland"],"inLanguage":"de","potentialAction":[{"@type":"CommentAction","name":"Comment","target":["https:\/\/now-news.de\/de\/deutschland\/spanien-notstand-und-militaereinsatz-in-91-gemeinden-wegen-13-positiven-wildschweinen\/#respond"]}]},{"@type":"WebPage","@id":"https:\/\/now-news.de\/de\/deutschland\/spanien-notstand-und-militaereinsatz-in-91-gemeinden-wegen-13-positiven-wildschweinen\/","url":"https:\/\/now-news.de\/de\/deutschland\/spanien-notstand-und-militaereinsatz-in-91-gemeinden-wegen-13-positiven-wildschweinen\/","name":"Spanien: Notstand und Milit\u00e4reinsatz in 91 Gemeinden \u2013 wegen 13 positiven Wildschweinen - just-now.NEWS Deutschland","isPartOf":{"@id":"https:\/\/now-news.de\/de\/#website"},"primaryImageOfPage":{"@id":"https:\/\/now-news.de\/de\/deutschland\/spanien-notstand-und-militaereinsatz-in-91-gemeinden-wegen-13-positiven-wildschweinen\/#primaryimage"},"image":{"@id":"https:\/\/now-news.de\/de\/deutschland\/spanien-notstand-und-militaereinsatz-in-91-gemeinden-wegen-13-positiven-wildschweinen\/#primaryimage"},"thumbnailUrl":"https:\/\/now-news.de\/de\/wp-content\/uploads\/sites\/3\/2025\/12\/Spanien-Notstand-und-Militaereinsatz-in-91-Gemeinden-\u2013-wegen-13.jpg","datePublished":"2025-12-11T12:41:29+00:00","dateModified":"2025-12-11T12:41:29+00:00","breadcrumb":{"@id":"https:\/\/now-news.de\/de\/deutschland\/spanien-notstand-und-militaereinsatz-in-91-gemeinden-wegen-13-positiven-wildschweinen\/#breadcrumb"},"inLanguage":"de","potentialAction":[{"@type":"ReadAction","target":["https:\/\/now-news.de\/de\/deutschland\/spanien-notstand-und-militaereinsatz-in-91-gemeinden-wegen-13-positiven-wildschweinen\/"]}]},{"@type":"ImageObject","inLanguage":"de","@id":"https:\/\/now-news.de\/de\/deutschland\/spanien-notstand-und-militaereinsatz-in-91-gemeinden-wegen-13-positiven-wildschweinen\/#primaryimage","url":"https:\/\/now-news.de\/de\/wp-content\/uploads\/sites\/3\/2025\/12\/Spanien-Notstand-und-Militaereinsatz-in-91-Gemeinden-\u2013-wegen-13.jpg","contentUrl":"https:\/\/now-news.de\/de\/wp-content\/uploads\/sites\/3\/2025\/12\/Spanien-Notstand-und-Militaereinsatz-in-91-Gemeinden-\u2013-wegen-13.jpg","width":460,"height":259,"caption":"Spanien: Notstand und Milit\u00e4reinsatz in 91 Gemeinden \u2013 wegen 13 positiven Wildschweinen"},{"@type":"BreadcrumbList","@id":"https:\/\/now-news.de\/de\/deutschland\/spanien-notstand-und-militaereinsatz-in-91-gemeinden-wegen-13-positiven-wildschweinen\/#breadcrumb","itemListElement":[{"@type":"ListItem","position":1,"name":"Home","item":"https:\/\/now-news.de\/de\/"},{"@type":"ListItem","position":2,"name":"Spanien: Notstand und Milit\u00e4reinsatz in 91 Gemeinden \u2013 wegen 13 positiven Wildschweinen"}]},{"@type":"WebSite","@id":"https:\/\/now-news.de\/de\/#website","url":"https:\/\/now-news.de\/de\/","name":"just-now.NEWS Deutschland","description":"Das Portal f\u00fcr unzensierte Nachrichten aus der Welt","publisher":{"@id":"https:\/\/now-news.de\/de\/#organization"},"potentialAction":[{"@type":"SearchAction","target":{"@type":"EntryPoint","urlTemplate":"https:\/\/now-news.de\/de\/?s={search_term_string}"},"query-input":"required name=search_term_string"}],"inLanguage":"de"},{"@type":"Organization","@id":"https:\/\/now-news.de\/de\/#organization","name":"Just Now News","url":"https:\/\/now-news.de\/de\/","logo":{"@type":"ImageObject","inLanguage":"de","@id":"https:\/\/now-news.de\/de\/#\/schema\/logo\/image\/","url":"http:\/\/just-now.news\/de\/wp-content\/uploads\/sites\/3\/2022\/04\/logo500x500.jpg","contentUrl":"http:\/\/just-now.news\/de\/wp-content\/uploads\/sites\/3\/2022\/04\/logo500x500.jpg","width":500,"height":500,"caption":"Just Now News"},"image":{"@id":"https:\/\/now-news.de\/de\/#\/schema\/logo\/image\/"},"sameAs":["https:\/\/www.facebook.com\/wirmachenauf","https:\/\/x.com\/WirMachenAuf_de"]},{"@type":"Person","@id":"https:\/\/now-news.de\/de\/#\/schema\/person\/fb534a4e865501d8b3285208df34a9b5","name":"rtnews","image":{"@type":"ImageObject","inLanguage":"de","@id":"https:\/\/now-news.de\/de\/#\/schema\/person\/image\/","url":"https:\/\/secure.gravatar.com\/avatar\/82aafea7d8127119dd649515f56e2117?s=96&d=mm&r=g","contentUrl":"https:\/\/secure.gravatar.com\/avatar\/82aafea7d8127119dd649515f56e2117?s=96&d=mm&r=g","caption":"rtnews"},"url":"https:\/\/now-news.de\/de\/author\/rnews\/"}]}},"_links":{"self":[{"href":"https:\/\/now-news.de\/de\/wp-json\/wp\/v2\/posts\/95598"}],"collection":[{"href":"https:\/\/now-news.de\/de\/wp-json\/wp\/v2\/posts"}],"about":[{"href":"https:\/\/now-news.de\/de\/wp-json\/wp\/v2\/types\/post"}],"author":[{"embeddable":true,"href":"https:\/\/now-news.de\/de\/wp-json\/wp\/v2\/users\/3"}],"replies":[{"embeddable":true,"href":"https:\/\/now-news.de\/de\/wp-json\/wp\/v2\/comments?post=95598"}],"version-history":[{"count":0,"href":"https:\/\/now-news.de\/de\/wp-json\/wp\/v2\/posts\/95598\/revisions"}],"wp:featuredmedia":[{"embeddable":true,"href":"https:\/\/now-news.de\/de\/wp-json\/wp\/v2\/media\/95599"}],"wp:attachment":[{"href":"https:\/\/now-news.de\/de\/wp-json\/wp\/v2\/media?parent=95598"}],"wp:term":[{"taxonomy":"category","embeddable":true,"href":"https:\/\/now-news.de\/de\/wp-json\/wp\/v2\/categories?post=95598"},{"taxonomy":"post_tag","embeddable":true,"href":"https:\/\/now-news.de\/de\/wp-json\/wp\/v2\/tags?post=95598"}],"curies":[{"name":"wp","href":"https:\/\/api.w.org\/{rel}","templated":true}]}}