{"id":95591,"date":"2025-12-11T14:05:54","date_gmt":"2025-12-11T12:05:54","guid":{"rendered":"https:\/\/now-news.de\/de\/deutschland\/polen-eremitage-mitarbeiter-auf-ersuchen-kiews-festgenommen\/"},"modified":"2025-12-11T14:05:54","modified_gmt":"2025-12-11T12:05:54","slug":"polen-eremitage-mitarbeiter-auf-ersuchen-kiews-festgenommen","status":"publish","type":"post","link":"https:\/\/now-news.de\/de\/deutschland\/polen-eremitage-mitarbeiter-auf-ersuchen-kiews-festgenommen\/","title":{"rendered":"Polen: Eremitage-Mitarbeiter auf Ersuchen Kiews festgenommen"},"content":{"rendered":"<p><img decoding=\"async\" src=\"https:\/\/now-news.de\/de\/wp-content\/uploads\/sites\/3\/2025\/12\/693a987448fbef29375162d8.jpg\" \/><\/p>\n<div class=\"Text-root Text-type_1 \">\n                In Polen wurde auf Antrag Kiews der Mitarbeiter der Sankt Petersburger Eremitage Alexander Butjagin festgenommen, der die Abteilung f\u00fcr antike Arch\u00e4ologie des n\u00f6rdlichen Schwarzmeerraums leitet. Die Ukraine betrachtet seine arch\u00e4ologischen Expeditionen auf der Krim als illegal.\n            <\/div>\n<p><\/p>\n<div class=\"Text-root Text-type_5 ArticleView-text ViewText-root \">\n<p>Der russische Wissenschaftler und Mitarbeiter der Staatlichen Eremitage in Sankt Petersburg Alexander B.\u00a0ist in Polen auf Antrag der Ukraine von Beamten des Inlandsgeheimdienstes wegen &#8220;illegaler arch\u00e4ologischer Forschungen auf der Krim&#8221; festgenommen worden. Dies berichtete der Radiosender <em>RMF FM<\/em>.\u00a0Den Angaben zufolge handelt es sich um den &#8220;Leiter der Abteilung f\u00fcr antike Arch\u00e4ologie der Eremitage&#8221;. Diese Position im Museum bekleidet Alexander Butjagin.<\/p>\n<p>Nach seiner Festnahme wurde Butjagin\u00a0von der Bezirksstaatsanwaltschaft Warschau verh\u00f6rt. Das Gericht verh\u00e4ngte gegen den Wissenschaftler laut <em>RMF<\/em> eine vorl\u00e4ufige Haftstrafe von 40 Tagen.<\/p>\n<p>Butjagin ist Chef der Abteilung f\u00fcr antike Arch\u00e4ologie des Nord-Schwarzmeerraums im Bereich Antike Welt der Eremitage und Sekret\u00e4r der Arch\u00e4ologischen Kommission des Museums. Er leitet arch\u00e4ologische Expeditionen, die die antike Siedlung Myrmecium auf dem Gebiet der heutigen Stadt Kertsch und Kalos Limen (einer antiken griechischen Stadt im Nordwesten der Krim) erforschen.<\/p>\n<p>Die Vorw\u00fcrfe Kiews gegen den russischen Arch\u00e4ologen beruhen darauf, dass die Ukraine die 2014 an Russland angegliederte Krim als ihr Territorium betrachtet. Kiew h\u00e4lt die Ausgrabungen in Myrmecium nach 2014 f\u00fcr illegal und behauptet, dass sie zur &#8220;teilweisen Zerst\u00f6rung des Kulturerbes&#8221; gef\u00fchrt h\u00e4tten. Moskau sieht die Frage der Zugeh\u00f6rigkeit der Krim als abgeschlossen an und weist alle Anspr\u00fcche Kiews in dieser Angelegenheit zur\u00fcck.<\/p>\n<p>Arch\u00e4ologische Arbeiten an der Siedlung Myrmecium werden seit dem 19. Jahrhundert durchgef\u00fchrt. Diese griechische Kolonie wurde an der Wende vom ersten zum zweiten Viertel des 6. Jahrhunderts v. Chr. gegr\u00fcndet. Die Stadt wurde mehrmals zerst\u00f6rt, aber Siedlungen an ihrer Stelle existierten bis zur genuesischen Zeit (14. Jahrhundert). Die Myrmecium-Expedition der Staatlichen Eremitage ist seit \u00fcber 20 Jahren t\u00e4tig. Butjagin leitete die Expedition seit 1999.<\/p>\n<p><strong>Mehr zum Thema &#8211;<\/strong>\u00a0<a rel=\"nofollow noopener\" target=\"_blank\" href=\"https:\/\/freedert.online\/international\/188247-skythen-gold-in-ukraine-gebracht\/\">Skythen-Gold in die Ukraine gebracht<\/a><\/p>\n<div class=\"EmbedBlock-root EmbedBlock-externalVideo EmbedBlock-rumble\">\n<div class=\"VkEmbed\"><iframe class=\"lazyload\" data-src=\"https:\/\/rumble.com\/embed\/v6xh5kc\" frameborder=\"0\" width=\"853\" height=\"480\" allowfullscreen><\/iframe><\/div>\n<\/div>\n<\/div>\n<p><br \/>\n<br \/><a href=\"https:\/\/de.rt.com\/international\/264459-polen-eremitage-mitarbeiter-auf-ersuchen\/\">Source link <\/a><\/p>\n","protected":false},"excerpt":{"rendered":"<p>In Polen wurde auf Antrag Kiews der Mitarbeiter der Sankt Petersburger Eremitage Alexander Butjagin festgenommen, der die Abteilung f\u00fcr antike Arch\u00e4ologie des n\u00f6rdlichen Schwarzmeerraums leitet. Die Ukraine betrachtet seine arch\u00e4ologischen Expeditionen auf der Krim als illegal. Der russische Wissenschaftler und Mitarbeiter der Staatlichen Eremitage in Sankt Petersburg Alexander B.\u00a0ist in Polen auf Antrag der Ukraine [&hellip;]<\/p>\n","protected":false},"author":3,"featured_media":95592,"comment_status":"open","ping_status":"open","sticky":false,"template":"","format":"standard","meta":{"_yoast_indexnow_last_ping":["1765455699"],"wp_automatic_camp":["217"],"dd9e9c117198ada468f1c1de33fb8838":["Polen: Eremitage-Mitarbeiter auf Ersuchen Kiews festgenommen"],"original_link":["https:\/\/de.rt.com\/international\/264459-polen-eremitage-mitarbeiter-auf-ersuchen\/"],"_thumbnail_id":["95592"],"jnews_social_counter_last_update":["1776636198"],"_wptgpro_p2tg_sent2tg":["a:1:{i:23737;s:19:\"2025-12-11 14:22:39\";}"]},"categories":[19,23],"tags":[133,69832,23087,1356,6313,5850],"yoast_head":"<!-- This site is optimized with the Yoast SEO Premium plugin v22.7 (Yoast SEO v22.7) - https:\/\/yoast.com\/wordpress\/plugins\/seo\/ -->\n<title>Polen: Eremitage-Mitarbeiter auf Ersuchen Kiews festgenommen - just-now.NEWS Deutschland<\/title>\n<meta name=\"robots\" content=\"index, follow, max-snippet:-1, max-image-preview:large, max-video-preview:-1\" \/>\n<link rel=\"canonical\" href=\"https:\/\/now-news.de\/de\/deutschland\/polen-eremitage-mitarbeiter-auf-ersuchen-kiews-festgenommen\/\" \/>\n<meta property=\"og:locale\" content=\"de_DE\" \/>\n<meta property=\"og:type\" content=\"article\" \/>\n<meta property=\"og:title\" content=\"Polen: Eremitage-Mitarbeiter auf Ersuchen Kiews festgenommen\" \/>\n<meta property=\"og:description\" content=\"In Polen wurde auf Antrag Kiews der Mitarbeiter der Sankt Petersburger Eremitage Alexander Butjagin festgenommen, der die Abteilung f\u00fcr antike Arch\u00e4ologie des n\u00f6rdlichen Schwarzmeerraums leitet. Die Ukraine betrachtet seine arch\u00e4ologischen Expeditionen auf der Krim als illegal. Der russische Wissenschaftler und Mitarbeiter der Staatlichen Eremitage in Sankt Petersburg Alexander B.\u00a0ist in Polen auf Antrag der Ukraine [&hellip;]\" \/>\n<meta property=\"og:url\" content=\"https:\/\/now-news.de\/de\/deutschland\/polen-eremitage-mitarbeiter-auf-ersuchen-kiews-festgenommen\/\" \/>\n<meta property=\"og:site_name\" content=\"just-now.NEWS Deutschland\" \/>\n<meta property=\"article:publisher\" content=\"https:\/\/www.facebook.com\/wirmachenauf\" \/>\n<meta property=\"article:published_time\" content=\"2025-12-11T12:05:54+00:00\" \/>\n<meta property=\"og:image\" content=\"https:\/\/now-news.de\/de\/wp-content\/uploads\/sites\/3\/2025\/12\/693a987448fbef29375162d8.jpg\" \/>\n<meta name=\"author\" content=\"rtnews\" \/>\n<meta name=\"twitter:card\" content=\"summary_large_image\" \/>\n<meta name=\"twitter:creator\" content=\"@WirMachenAuf_de\" \/>\n<meta name=\"twitter:site\" content=\"@WirMachenAuf_de\" \/>\n<meta name=\"twitter:label1\" content=\"Verfasst von\" \/>\n\t<meta name=\"twitter:data1\" content=\"rtnews\" \/>\n\t<meta name=\"twitter:label2\" content=\"Gesch\u00e4tzte Lesezeit\" \/>\n\t<meta name=\"twitter:data2\" content=\"2\u00a0Minuten\" \/>\n<script type=\"application\/ld+json\" class=\"yoast-schema-graph\">{\"@context\":\"https:\/\/schema.org\",\"@graph\":[{\"@type\":\"Article\",\"@id\":\"https:\/\/now-news.de\/de\/deutschland\/polen-eremitage-mitarbeiter-auf-ersuchen-kiews-festgenommen\/#article\",\"isPartOf\":{\"@id\":\"https:\/\/now-news.de\/de\/deutschland\/polen-eremitage-mitarbeiter-auf-ersuchen-kiews-festgenommen\/\"},\"author\":{\"name\":\"rtnews\",\"@id\":\"https:\/\/now-news.de\/de\/#\/schema\/person\/fb534a4e865501d8b3285208df34a9b5\"},\"headline\":\"Polen: Eremitage-Mitarbeiter auf Ersuchen Kiews festgenommen\",\"datePublished\":\"2025-12-11T12:05:54+00:00\",\"dateModified\":\"2025-12-11T12:05:54+00:00\",\"mainEntityOfPage\":{\"@id\":\"https:\/\/now-news.de\/de\/deutschland\/polen-eremitage-mitarbeiter-auf-ersuchen-kiews-festgenommen\/\"},\"wordCount\":340,\"commentCount\":0,\"publisher\":{\"@id\":\"https:\/\/now-news.de\/de\/#organization\"},\"image\":{\"@id\":\"https:\/\/now-news.de\/de\/deutschland\/polen-eremitage-mitarbeiter-auf-ersuchen-kiews-festgenommen\/#primaryimage\"},\"thumbnailUrl\":\"https:\/\/now-news.de\/de\/wp-content\/uploads\/sites\/3\/2025\/12\/Polen-Eremitage-Mitarbeiter-auf-Ersuchen-Kiews-festgenommen.jpg\",\"keywords\":[\"AUF\",\"EremitageMitarbeiter\",\"ersuchen\",\"festgenommen\",\"Kiews\",\"Polen\"],\"articleSection\":[\"Deutschland\",\"Russland\"],\"inLanguage\":\"de\",\"potentialAction\":[{\"@type\":\"CommentAction\",\"name\":\"Comment\",\"target\":[\"https:\/\/now-news.de\/de\/deutschland\/polen-eremitage-mitarbeiter-auf-ersuchen-kiews-festgenommen\/#respond\"]}]},{\"@type\":\"WebPage\",\"@id\":\"https:\/\/now-news.de\/de\/deutschland\/polen-eremitage-mitarbeiter-auf-ersuchen-kiews-festgenommen\/\",\"url\":\"https:\/\/now-news.de\/de\/deutschland\/polen-eremitage-mitarbeiter-auf-ersuchen-kiews-festgenommen\/\",\"name\":\"Polen: Eremitage-Mitarbeiter auf Ersuchen Kiews festgenommen - just-now.NEWS Deutschland\",\"isPartOf\":{\"@id\":\"https:\/\/now-news.de\/de\/#website\"},\"primaryImageOfPage\":{\"@id\":\"https:\/\/now-news.de\/de\/deutschland\/polen-eremitage-mitarbeiter-auf-ersuchen-kiews-festgenommen\/#primaryimage\"},\"image\":{\"@id\":\"https:\/\/now-news.de\/de\/deutschland\/polen-eremitage-mitarbeiter-auf-ersuchen-kiews-festgenommen\/#primaryimage\"},\"thumbnailUrl\":\"https:\/\/now-news.de\/de\/wp-content\/uploads\/sites\/3\/2025\/12\/Polen-Eremitage-Mitarbeiter-auf-Ersuchen-Kiews-festgenommen.jpg\",\"datePublished\":\"2025-12-11T12:05:54+00:00\",\"dateModified\":\"2025-12-11T12:05:54+00:00\",\"breadcrumb\":{\"@id\":\"https:\/\/now-news.de\/de\/deutschland\/polen-eremitage-mitarbeiter-auf-ersuchen-kiews-festgenommen\/#breadcrumb\"},\"inLanguage\":\"de\",\"potentialAction\":[{\"@type\":\"ReadAction\",\"target\":[\"https:\/\/now-news.de\/de\/deutschland\/polen-eremitage-mitarbeiter-auf-ersuchen-kiews-festgenommen\/\"]}]},{\"@type\":\"ImageObject\",\"inLanguage\":\"de\",\"@id\":\"https:\/\/now-news.de\/de\/deutschland\/polen-eremitage-mitarbeiter-auf-ersuchen-kiews-festgenommen\/#primaryimage\",\"url\":\"https:\/\/now-news.de\/de\/wp-content\/uploads\/sites\/3\/2025\/12\/Polen-Eremitage-Mitarbeiter-auf-Ersuchen-Kiews-festgenommen.jpg\",\"contentUrl\":\"https:\/\/now-news.de\/de\/wp-content\/uploads\/sites\/3\/2025\/12\/Polen-Eremitage-Mitarbeiter-auf-Ersuchen-Kiews-festgenommen.jpg\",\"width\":460,\"height\":259,\"caption\":\"Polen: Eremitage-Mitarbeiter auf Ersuchen Kiews festgenommen\"},{\"@type\":\"BreadcrumbList\",\"@id\":\"https:\/\/now-news.de\/de\/deutschland\/polen-eremitage-mitarbeiter-auf-ersuchen-kiews-festgenommen\/#breadcrumb\",\"itemListElement\":[{\"@type\":\"ListItem\",\"position\":1,\"name\":\"Home\",\"item\":\"https:\/\/now-news.de\/de\/\"},{\"@type\":\"ListItem\",\"position\":2,\"name\":\"Polen: Eremitage-Mitarbeiter auf Ersuchen Kiews festgenommen\"}]},{\"@type\":\"WebSite\",\"@id\":\"https:\/\/now-news.de\/de\/#website\",\"url\":\"https:\/\/now-news.de\/de\/\",\"name\":\"just-now.NEWS Deutschland\",\"description\":\"Das Portal f\u00fcr unzensierte Nachrichten aus der Welt\",\"publisher\":{\"@id\":\"https:\/\/now-news.de\/de\/#organization\"},\"potentialAction\":[{\"@type\":\"SearchAction\",\"target\":{\"@type\":\"EntryPoint\",\"urlTemplate\":\"https:\/\/now-news.de\/de\/?s={search_term_string}\"},\"query-input\":\"required name=search_term_string\"}],\"inLanguage\":\"de\"},{\"@type\":\"Organization\",\"@id\":\"https:\/\/now-news.de\/de\/#organization\",\"name\":\"Just Now News\",\"url\":\"https:\/\/now-news.de\/de\/\",\"logo\":{\"@type\":\"ImageObject\",\"inLanguage\":\"de\",\"@id\":\"https:\/\/now-news.de\/de\/#\/schema\/logo\/image\/\",\"url\":\"http:\/\/just-now.news\/de\/wp-content\/uploads\/sites\/3\/2022\/04\/logo500x500.jpg\",\"contentUrl\":\"http:\/\/just-now.news\/de\/wp-content\/uploads\/sites\/3\/2022\/04\/logo500x500.jpg\",\"width\":500,\"height\":500,\"caption\":\"Just Now News\"},\"image\":{\"@id\":\"https:\/\/now-news.de\/de\/#\/schema\/logo\/image\/\"},\"sameAs\":[\"https:\/\/www.facebook.com\/wirmachenauf\",\"https:\/\/x.com\/WirMachenAuf_de\"]},{\"@type\":\"Person\",\"@id\":\"https:\/\/now-news.de\/de\/#\/schema\/person\/fb534a4e865501d8b3285208df34a9b5\",\"name\":\"rtnews\",\"image\":{\"@type\":\"ImageObject\",\"inLanguage\":\"de\",\"@id\":\"https:\/\/now-news.de\/de\/#\/schema\/person\/image\/\",\"url\":\"https:\/\/secure.gravatar.com\/avatar\/82aafea7d8127119dd649515f56e2117?s=96&d=mm&r=g\",\"contentUrl\":\"https:\/\/secure.gravatar.com\/avatar\/82aafea7d8127119dd649515f56e2117?s=96&d=mm&r=g\",\"caption\":\"rtnews\"},\"url\":\"https:\/\/now-news.de\/de\/author\/rnews\/\"}]}<\/script>\n<!-- \/ Yoast SEO Premium plugin. -->","yoast_head_json":{"title":"Polen: Eremitage-Mitarbeiter auf Ersuchen Kiews festgenommen - just-now.NEWS Deutschland","robots":{"index":"index","follow":"follow","max-snippet":"max-snippet:-1","max-image-preview":"max-image-preview:large","max-video-preview":"max-video-preview:-1"},"canonical":"https:\/\/now-news.de\/de\/deutschland\/polen-eremitage-mitarbeiter-auf-ersuchen-kiews-festgenommen\/","og_locale":"de_DE","og_type":"article","og_title":"Polen: Eremitage-Mitarbeiter auf Ersuchen Kiews festgenommen","og_description":"In Polen wurde auf Antrag Kiews der Mitarbeiter der Sankt Petersburger Eremitage Alexander Butjagin festgenommen, der die Abteilung f\u00fcr antike Arch\u00e4ologie des n\u00f6rdlichen Schwarzmeerraums leitet. Die Ukraine betrachtet seine arch\u00e4ologischen Expeditionen auf der Krim als illegal. Der russische Wissenschaftler und Mitarbeiter der Staatlichen Eremitage in Sankt Petersburg Alexander B.\u00a0ist in Polen auf Antrag der Ukraine [&hellip;]","og_url":"https:\/\/now-news.de\/de\/deutschland\/polen-eremitage-mitarbeiter-auf-ersuchen-kiews-festgenommen\/","og_site_name":"just-now.NEWS Deutschland","article_publisher":"https:\/\/www.facebook.com\/wirmachenauf","article_published_time":"2025-12-11T12:05:54+00:00","og_image":[{"url":"https:\/\/now-news.de\/de\/wp-content\/uploads\/sites\/3\/2025\/12\/693a987448fbef29375162d8.jpg"}],"author":"rtnews","twitter_card":"summary_large_image","twitter_creator":"@WirMachenAuf_de","twitter_site":"@WirMachenAuf_de","twitter_misc":{"Verfasst von":"rtnews","Gesch\u00e4tzte Lesezeit":"2\u00a0Minuten"},"schema":{"@context":"https:\/\/schema.org","@graph":[{"@type":"Article","@id":"https:\/\/now-news.de\/de\/deutschland\/polen-eremitage-mitarbeiter-auf-ersuchen-kiews-festgenommen\/#article","isPartOf":{"@id":"https:\/\/now-news.de\/de\/deutschland\/polen-eremitage-mitarbeiter-auf-ersuchen-kiews-festgenommen\/"},"author":{"name":"rtnews","@id":"https:\/\/now-news.de\/de\/#\/schema\/person\/fb534a4e865501d8b3285208df34a9b5"},"headline":"Polen: Eremitage-Mitarbeiter auf Ersuchen Kiews festgenommen","datePublished":"2025-12-11T12:05:54+00:00","dateModified":"2025-12-11T12:05:54+00:00","mainEntityOfPage":{"@id":"https:\/\/now-news.de\/de\/deutschland\/polen-eremitage-mitarbeiter-auf-ersuchen-kiews-festgenommen\/"},"wordCount":340,"commentCount":0,"publisher":{"@id":"https:\/\/now-news.de\/de\/#organization"},"image":{"@id":"https:\/\/now-news.de\/de\/deutschland\/polen-eremitage-mitarbeiter-auf-ersuchen-kiews-festgenommen\/#primaryimage"},"thumbnailUrl":"https:\/\/now-news.de\/de\/wp-content\/uploads\/sites\/3\/2025\/12\/Polen-Eremitage-Mitarbeiter-auf-Ersuchen-Kiews-festgenommen.jpg","keywords":["AUF","EremitageMitarbeiter","ersuchen","festgenommen","Kiews","Polen"],"articleSection":["Deutschland","Russland"],"inLanguage":"de","potentialAction":[{"@type":"CommentAction","name":"Comment","target":["https:\/\/now-news.de\/de\/deutschland\/polen-eremitage-mitarbeiter-auf-ersuchen-kiews-festgenommen\/#respond"]}]},{"@type":"WebPage","@id":"https:\/\/now-news.de\/de\/deutschland\/polen-eremitage-mitarbeiter-auf-ersuchen-kiews-festgenommen\/","url":"https:\/\/now-news.de\/de\/deutschland\/polen-eremitage-mitarbeiter-auf-ersuchen-kiews-festgenommen\/","name":"Polen: Eremitage-Mitarbeiter auf Ersuchen Kiews festgenommen - just-now.NEWS Deutschland","isPartOf":{"@id":"https:\/\/now-news.de\/de\/#website"},"primaryImageOfPage":{"@id":"https:\/\/now-news.de\/de\/deutschland\/polen-eremitage-mitarbeiter-auf-ersuchen-kiews-festgenommen\/#primaryimage"},"image":{"@id":"https:\/\/now-news.de\/de\/deutschland\/polen-eremitage-mitarbeiter-auf-ersuchen-kiews-festgenommen\/#primaryimage"},"thumbnailUrl":"https:\/\/now-news.de\/de\/wp-content\/uploads\/sites\/3\/2025\/12\/Polen-Eremitage-Mitarbeiter-auf-Ersuchen-Kiews-festgenommen.jpg","datePublished":"2025-12-11T12:05:54+00:00","dateModified":"2025-12-11T12:05:54+00:00","breadcrumb":{"@id":"https:\/\/now-news.de\/de\/deutschland\/polen-eremitage-mitarbeiter-auf-ersuchen-kiews-festgenommen\/#breadcrumb"},"inLanguage":"de","potentialAction":[{"@type":"ReadAction","target":["https:\/\/now-news.de\/de\/deutschland\/polen-eremitage-mitarbeiter-auf-ersuchen-kiews-festgenommen\/"]}]},{"@type":"ImageObject","inLanguage":"de","@id":"https:\/\/now-news.de\/de\/deutschland\/polen-eremitage-mitarbeiter-auf-ersuchen-kiews-festgenommen\/#primaryimage","url":"https:\/\/now-news.de\/de\/wp-content\/uploads\/sites\/3\/2025\/12\/Polen-Eremitage-Mitarbeiter-auf-Ersuchen-Kiews-festgenommen.jpg","contentUrl":"https:\/\/now-news.de\/de\/wp-content\/uploads\/sites\/3\/2025\/12\/Polen-Eremitage-Mitarbeiter-auf-Ersuchen-Kiews-festgenommen.jpg","width":460,"height":259,"caption":"Polen: Eremitage-Mitarbeiter auf Ersuchen Kiews festgenommen"},{"@type":"BreadcrumbList","@id":"https:\/\/now-news.de\/de\/deutschland\/polen-eremitage-mitarbeiter-auf-ersuchen-kiews-festgenommen\/#breadcrumb","itemListElement":[{"@type":"ListItem","position":1,"name":"Home","item":"https:\/\/now-news.de\/de\/"},{"@type":"ListItem","position":2,"name":"Polen: Eremitage-Mitarbeiter auf Ersuchen Kiews festgenommen"}]},{"@type":"WebSite","@id":"https:\/\/now-news.de\/de\/#website","url":"https:\/\/now-news.de\/de\/","name":"just-now.NEWS Deutschland","description":"Das Portal f\u00fcr unzensierte Nachrichten aus der Welt","publisher":{"@id":"https:\/\/now-news.de\/de\/#organization"},"potentialAction":[{"@type":"SearchAction","target":{"@type":"EntryPoint","urlTemplate":"https:\/\/now-news.de\/de\/?s={search_term_string}"},"query-input":"required name=search_term_string"}],"inLanguage":"de"},{"@type":"Organization","@id":"https:\/\/now-news.de\/de\/#organization","name":"Just Now News","url":"https:\/\/now-news.de\/de\/","logo":{"@type":"ImageObject","inLanguage":"de","@id":"https:\/\/now-news.de\/de\/#\/schema\/logo\/image\/","url":"http:\/\/just-now.news\/de\/wp-content\/uploads\/sites\/3\/2022\/04\/logo500x500.jpg","contentUrl":"http:\/\/just-now.news\/de\/wp-content\/uploads\/sites\/3\/2022\/04\/logo500x500.jpg","width":500,"height":500,"caption":"Just Now News"},"image":{"@id":"https:\/\/now-news.de\/de\/#\/schema\/logo\/image\/"},"sameAs":["https:\/\/www.facebook.com\/wirmachenauf","https:\/\/x.com\/WirMachenAuf_de"]},{"@type":"Person","@id":"https:\/\/now-news.de\/de\/#\/schema\/person\/fb534a4e865501d8b3285208df34a9b5","name":"rtnews","image":{"@type":"ImageObject","inLanguage":"de","@id":"https:\/\/now-news.de\/de\/#\/schema\/person\/image\/","url":"https:\/\/secure.gravatar.com\/avatar\/82aafea7d8127119dd649515f56e2117?s=96&d=mm&r=g","contentUrl":"https:\/\/secure.gravatar.com\/avatar\/82aafea7d8127119dd649515f56e2117?s=96&d=mm&r=g","caption":"rtnews"},"url":"https:\/\/now-news.de\/de\/author\/rnews\/"}]}},"_links":{"self":[{"href":"https:\/\/now-news.de\/de\/wp-json\/wp\/v2\/posts\/95591"}],"collection":[{"href":"https:\/\/now-news.de\/de\/wp-json\/wp\/v2\/posts"}],"about":[{"href":"https:\/\/now-news.de\/de\/wp-json\/wp\/v2\/types\/post"}],"author":[{"embeddable":true,"href":"https:\/\/now-news.de\/de\/wp-json\/wp\/v2\/users\/3"}],"replies":[{"embeddable":true,"href":"https:\/\/now-news.de\/de\/wp-json\/wp\/v2\/comments?post=95591"}],"version-history":[{"count":0,"href":"https:\/\/now-news.de\/de\/wp-json\/wp\/v2\/posts\/95591\/revisions"}],"wp:featuredmedia":[{"embeddable":true,"href":"https:\/\/now-news.de\/de\/wp-json\/wp\/v2\/media\/95592"}],"wp:attachment":[{"href":"https:\/\/now-news.de\/de\/wp-json\/wp\/v2\/media?parent=95591"}],"wp:term":[{"taxonomy":"category","embeddable":true,"href":"https:\/\/now-news.de\/de\/wp-json\/wp\/v2\/categories?post=95591"},{"taxonomy":"post_tag","embeddable":true,"href":"https:\/\/now-news.de\/de\/wp-json\/wp\/v2\/tags?post=95591"}],"curies":[{"name":"wp","href":"https:\/\/api.w.org\/{rel}","templated":true}]}}