{"id":95505,"date":"2025-12-09T20:21:23","date_gmt":"2025-12-09T18:21:23","guid":{"rendered":"https:\/\/now-news.de\/de\/deutschland\/tschechien-praesident-pavel-ernennt-babis-zum-premier\/"},"modified":"2025-12-09T20:21:23","modified_gmt":"2025-12-09T18:21:23","slug":"tschechien-praesident-pavel-ernennt-babis-zum-premier","status":"publish","type":"post","link":"https:\/\/now-news.de\/de\/deutschland\/tschechien-praesident-pavel-ernennt-babis-zum-premier\/","title":{"rendered":"Tschechien: Pr\u00e4sident Pavel ernennt Babi\u0161 zum Premier"},"content":{"rendered":"<p><img decoding=\"async\" src=\"https:\/\/now-news.de\/de\/wp-content\/uploads\/sites\/3\/2025\/12\/69383487b480cc137f379c73.jpg\" \/><\/p>\n<div class=\"Text-root Text-type_1 \">\n                Andrej Babi\u0161 hat erneut das Amt als Regierungschef der Tschechischen Republik angetreten. Der Politiker gilt als Verb\u00fcndeter Ungarns und der Slowakei, und seine ANO-Partei hat versprochen, das tschechische Munitionsprogramm f\u00fcr die Ukraine zu \u00fcberpr\u00fcfen.\n            <\/div>\n<p><\/p>\n<div class=\"Text-root Text-type_5 ArticleView-text ViewText-root \">\n<p>Am Dienstag hat der tschechische Pr\u00e4sident Petr Pavel den 71-j\u00e4hrigen Chef der Bewegung Aktion unzufriedener B\u00fcrger (ANO), Andrej Babi\u0161, zum Premierminister des Landes ernannt.<\/p>\n<p>Im Oktober gewann die ANO-Partei die Parlamentswahlen in Tschechien, indem die Bewegung\u00a034,7 Prozent der Stimmen erhielt. Danach beauftragte der Pr\u00e4sident den Leiter der ANO-Partei, Verhandlungen \u00fcber die Bildung einer neuen Regierung zu f\u00fchren.<\/p>\n<p>&#8220;Tschechien befindet sich in einer schwierigen Sicherheits- und Wirtschaftslage und muss eine Reihe von Problemen l\u00f6sen, die f\u00fcr die \u00d6ffentlichkeit nicht angenehm sein werden&#8221;, <a rel=\"nofollow noopener\" target=\"_blank\" href=\"https:\/\/ct24.ceskatelevize.cz\/clanek\/domaci\/prezident-jmenuje-babise-predsedou-vlady-368061\">sagte<\/a> der Pr\u00e4sident bei der Vereidigungszeremonie. Babi\u0161 seinerseits hat versprochen, er werde sich f\u00fcr die Interessen aller tschechischen B\u00fcrger &#8220;nicht nur zu Hause, sondern \u00fcberall auf der Welt&#8221; einsetzen.\u00a0<\/p>\n<p>Babi\u0161 ist Milliard\u00e4r und Politiker, der die ANO-Partei seit dem Jahr 2011 leitet. Forbes <a rel=\"nofollow noopener\" target=\"_blank\" href=\"https:\/\/www.forbes.com\/profile\/andrej-babis\/\">sch\u00e4tzt<\/a> sein Verm\u00f6gen auf 4,3 Milliarden US-Dollar.<\/p>\n<p>Seit mehreren Jahren ist der neue Regierungschef ein Miteigent\u00fcmer der Holding Agrofert, die mehr als 210 Unternehmen in unterschiedlichen Bereichen verwaltet. Er erkl\u00e4rte, dass er sich entschlossen habe, Agrofert in die externe Verwaltung zu \u00fcbergeben, um einen Interessenkonflikt zu vermeiden und das Amt des Premierministers zu \u00fcbernehmen.<\/p>\n<p>Babi\u0161 hatte den Posten des Premiers schon in den Jahren von 2017\u00a0bis 2021 bekleidet, aber musste nach der Niederlage bei den Wahlen zur\u00fccktreten.<\/p>\n<p>Der Politiker bezeichnet sich selbst offen als einen &#8220;Trumpisten&#8221; und gilt als einer der Verb\u00fcndeten des ungarischen Ministerpr\u00e4sidenten Viktor Orb\u00e1n. Zusammen mit Orb\u00e1ns Fidesz-Partei geh\u00f6rt die ANO-Bewegung zur zweitgr\u00f6\u00dften Fraktion der Euroskeptiker und rechten Parteien im Europ\u00e4ischen Parlament, den Patrioten f\u00fcr Europa (PfE).<\/p>\n<p>Einer der wichtigsten Aufgaben der ANO-Bewegung sei die Verteidigung der nationalen Interessen der Tschechischen Republik. Die Partei hat auch versprochen, das tschechische Munitionsprogramm f\u00fcr die Ukraine zu \u00fcberpr\u00fcfen.\u00a0Babi\u0161 selbst sagte, dass die Beschaffung transparent sein und von der NATO koordiniert werden m\u00fcsse.<\/p>\n<p>Dar\u00fcber hinaus ist der Politiker der Meinung, dass die Ukraine f\u00fcr den EU-Beitritt nicht bereit sei.\u00a0Seine Worte waren: &#8220;Sie sind f\u00fcr die EU nicht bereit. Sie m\u00fcssen zuerst den Krieg beenden, und nat\u00fcrlich k\u00f6nnen wir mit der Ukraine zusammenarbeiten, aber f\u00fcr die EU sind sie nicht bereit.&#8221;\u00a0\u00a0<\/p>\n<p>Im Oktober <a rel=\"nofollow noopener\" target=\"_blank\" href=\"https:\/\/www.politico.eu\/article\/babis-poised-to-triumph-in-czech-election\/\">hatte<\/a> die Zeitung <em>Politico<\/em> berichtet, dass die Tschechische Republik unter Babi\u0161 neben Ungarn und der Slowakei der EU Kopfschmerzen bereiten k\u00f6nnte.\u00a0Denn w\u00e4hrend des Wahlkampfes hatte der Politiker nicht nur die tschechische Munitionsinitiative f\u00fcr die Ukraine, sondern auch die Pl\u00e4ne der NATO zur Erh\u00f6hung der Milit\u00e4rausgaben kritisiert.<\/p>\n<p><strong>Mehr zum Thema \u2013 <\/strong><a rel=\"nofollow noopener\" target=\"_blank\" href=\"https:\/\/freedert.online\/europa\/263022-tschechien-razzia-deckt-korruption-bei\/\">Tschechien: Razzia deckt Korruption bei Drohnenhandel mit Ukraine auf<\/a><\/p>\n<div class=\"EmbedBlock-root EmbedBlock-externalVideo EmbedBlock-rumble\">\n<div class=\"VkEmbed\"><iframe class=\"lazyload\" data-src=\"https:\/\/rumble.com\/embed\/v6z65p0\" frameborder=\"0\" width=\"853\" height=\"480\" allowfullscreen><\/iframe><\/div>\n<\/div>\n<\/div>\n<p><br \/>\n<br \/><a href=\"https:\/\/de.rt.com\/europa\/264284-tschechien-praesident-pavel-ernennt-babis\/\">Source link <\/a><\/p>\n","protected":false},"excerpt":{"rendered":"<p>Andrej Babi\u0161 hat erneut das Amt als Regierungschef der Tschechischen Republik angetreten. Der Politiker gilt als Verb\u00fcndeter Ungarns und der Slowakei, und seine ANO-Partei hat versprochen, das tschechische Munitionsprogramm f\u00fcr die Ukraine zu \u00fcberpr\u00fcfen. Am Dienstag hat der tschechische Pr\u00e4sident Petr Pavel den 71-j\u00e4hrigen Chef der Bewegung Aktion unzufriedener B\u00fcrger (ANO), Andrej Babi\u0161, zum Premierminister [&hellip;]<\/p>\n","protected":false},"author":3,"featured_media":95506,"comment_status":"open","ping_status":"open","sticky":false,"template":"","format":"standard","meta":{"_yoast_indexnow_last_ping":["1765316972"],"wp_automatic_camp":["217"],"16c2290bf4f66d344713249a55d27ba5":["Tschechien: Pr\u00e4sident Pavel ernennt Babi\u0161 zum Premier"],"original_link":["https:\/\/de.rt.com\/europa\/264284-tschechien-praesident-pavel-ernennt-babis\/"],"_thumbnail_id":["95506"],"jnews_social_counter_last_update":["1777169072"],"_wptgpro_p2tg_sent2tg":["a:1:{i:23737;s:19:\"2025-12-09 23:50:39\";}"]},"categories":[19,23],"tags":[68217,18006,39800,3464,9770,32609,565],"yoast_head":"<!-- This site is optimized with the Yoast SEO Premium plugin v22.7 (Yoast SEO v22.7) - https:\/\/yoast.com\/wordpress\/plugins\/seo\/ -->\n<title>Tschechien: Pr\u00e4sident Pavel ernennt Babi\u0161 zum Premier - just-now.NEWS Deutschland<\/title>\n<meta name=\"robots\" content=\"index, follow, max-snippet:-1, max-image-preview:large, max-video-preview:-1\" \/>\n<link rel=\"canonical\" href=\"https:\/\/now-news.de\/de\/deutschland\/tschechien-praesident-pavel-ernennt-babis-zum-premier\/\" \/>\n<meta property=\"og:locale\" content=\"de_DE\" \/>\n<meta property=\"og:type\" content=\"article\" \/>\n<meta property=\"og:title\" content=\"Tschechien: Pr\u00e4sident Pavel ernennt Babi\u0161 zum Premier\" \/>\n<meta property=\"og:description\" content=\"Andrej Babi\u0161 hat erneut das Amt als Regierungschef der Tschechischen Republik angetreten. Der Politiker gilt als Verb\u00fcndeter Ungarns und der Slowakei, und seine ANO-Partei hat versprochen, das tschechische Munitionsprogramm f\u00fcr die Ukraine zu \u00fcberpr\u00fcfen. Am Dienstag hat der tschechische Pr\u00e4sident Petr Pavel den 71-j\u00e4hrigen Chef der Bewegung Aktion unzufriedener B\u00fcrger (ANO), Andrej Babi\u0161, zum Premierminister [&hellip;]\" \/>\n<meta property=\"og:url\" content=\"https:\/\/now-news.de\/de\/deutschland\/tschechien-praesident-pavel-ernennt-babis-zum-premier\/\" \/>\n<meta property=\"og:site_name\" content=\"just-now.NEWS Deutschland\" \/>\n<meta property=\"article:publisher\" content=\"https:\/\/www.facebook.com\/wirmachenauf\" \/>\n<meta property=\"article:published_time\" content=\"2025-12-09T18:21:23+00:00\" \/>\n<meta property=\"og:image\" content=\"https:\/\/now-news.de\/de\/wp-content\/uploads\/sites\/3\/2025\/12\/69383487b480cc137f379c73.jpg\" \/>\n<meta name=\"author\" content=\"rtnews\" \/>\n<meta name=\"twitter:card\" content=\"summary_large_image\" \/>\n<meta name=\"twitter:creator\" content=\"@WirMachenAuf_de\" \/>\n<meta name=\"twitter:site\" content=\"@WirMachenAuf_de\" \/>\n<meta name=\"twitter:label1\" content=\"Verfasst von\" \/>\n\t<meta name=\"twitter:data1\" content=\"rtnews\" \/>\n\t<meta name=\"twitter:label2\" content=\"Gesch\u00e4tzte Lesezeit\" \/>\n\t<meta name=\"twitter:data2\" content=\"2\u00a0Minuten\" \/>\n<script type=\"application\/ld+json\" class=\"yoast-schema-graph\">{\"@context\":\"https:\/\/schema.org\",\"@graph\":[{\"@type\":\"Article\",\"@id\":\"https:\/\/now-news.de\/de\/deutschland\/tschechien-praesident-pavel-ernennt-babis-zum-premier\/#article\",\"isPartOf\":{\"@id\":\"https:\/\/now-news.de\/de\/deutschland\/tschechien-praesident-pavel-ernennt-babis-zum-premier\/\"},\"author\":{\"name\":\"rtnews\",\"@id\":\"https:\/\/now-news.de\/de\/#\/schema\/person\/fb534a4e865501d8b3285208df34a9b5\"},\"headline\":\"Tschechien: Pr\u00e4sident Pavel ernennt Babi\u0161 zum Premier\",\"datePublished\":\"2025-12-09T18:21:23+00:00\",\"dateModified\":\"2025-12-09T18:21:23+00:00\",\"mainEntityOfPage\":{\"@id\":\"https:\/\/now-news.de\/de\/deutschland\/tschechien-praesident-pavel-ernennt-babis-zum-premier\/\"},\"wordCount\":480,\"commentCount\":0,\"publisher\":{\"@id\":\"https:\/\/now-news.de\/de\/#organization\"},\"image\":{\"@id\":\"https:\/\/now-news.de\/de\/deutschland\/tschechien-praesident-pavel-ernennt-babis-zum-premier\/#primaryimage\"},\"thumbnailUrl\":\"https:\/\/now-news.de\/de\/wp-content\/uploads\/sites\/3\/2025\/12\/Tschechien-Praesident-Pavel-ernennt-Babis-zum-Premier.jpg\",\"keywords\":[\"Babi\u0161\",\"ernennt\",\"Pavel\",\"Pr\u00e4sident\",\"Premier\",\"Tschechien\",\"zum\"],\"articleSection\":[\"Deutschland\",\"Russland\"],\"inLanguage\":\"de\",\"potentialAction\":[{\"@type\":\"CommentAction\",\"name\":\"Comment\",\"target\":[\"https:\/\/now-news.de\/de\/deutschland\/tschechien-praesident-pavel-ernennt-babis-zum-premier\/#respond\"]}]},{\"@type\":\"WebPage\",\"@id\":\"https:\/\/now-news.de\/de\/deutschland\/tschechien-praesident-pavel-ernennt-babis-zum-premier\/\",\"url\":\"https:\/\/now-news.de\/de\/deutschland\/tschechien-praesident-pavel-ernennt-babis-zum-premier\/\",\"name\":\"Tschechien: Pr\u00e4sident Pavel ernennt Babi\u0161 zum Premier - just-now.NEWS Deutschland\",\"isPartOf\":{\"@id\":\"https:\/\/now-news.de\/de\/#website\"},\"primaryImageOfPage\":{\"@id\":\"https:\/\/now-news.de\/de\/deutschland\/tschechien-praesident-pavel-ernennt-babis-zum-premier\/#primaryimage\"},\"image\":{\"@id\":\"https:\/\/now-news.de\/de\/deutschland\/tschechien-praesident-pavel-ernennt-babis-zum-premier\/#primaryimage\"},\"thumbnailUrl\":\"https:\/\/now-news.de\/de\/wp-content\/uploads\/sites\/3\/2025\/12\/Tschechien-Praesident-Pavel-ernennt-Babis-zum-Premier.jpg\",\"datePublished\":\"2025-12-09T18:21:23+00:00\",\"dateModified\":\"2025-12-09T18:21:23+00:00\",\"breadcrumb\":{\"@id\":\"https:\/\/now-news.de\/de\/deutschland\/tschechien-praesident-pavel-ernennt-babis-zum-premier\/#breadcrumb\"},\"inLanguage\":\"de\",\"potentialAction\":[{\"@type\":\"ReadAction\",\"target\":[\"https:\/\/now-news.de\/de\/deutschland\/tschechien-praesident-pavel-ernennt-babis-zum-premier\/\"]}]},{\"@type\":\"ImageObject\",\"inLanguage\":\"de\",\"@id\":\"https:\/\/now-news.de\/de\/deutschland\/tschechien-praesident-pavel-ernennt-babis-zum-premier\/#primaryimage\",\"url\":\"https:\/\/now-news.de\/de\/wp-content\/uploads\/sites\/3\/2025\/12\/Tschechien-Praesident-Pavel-ernennt-Babis-zum-Premier.jpg\",\"contentUrl\":\"https:\/\/now-news.de\/de\/wp-content\/uploads\/sites\/3\/2025\/12\/Tschechien-Praesident-Pavel-ernennt-Babis-zum-Premier.jpg\",\"width\":460,\"height\":259,\"caption\":\"Tschechien: Pr\u00e4sident Pavel ernennt Babi\u0161 zum Premier\"},{\"@type\":\"BreadcrumbList\",\"@id\":\"https:\/\/now-news.de\/de\/deutschland\/tschechien-praesident-pavel-ernennt-babis-zum-premier\/#breadcrumb\",\"itemListElement\":[{\"@type\":\"ListItem\",\"position\":1,\"name\":\"Home\",\"item\":\"https:\/\/now-news.de\/de\/\"},{\"@type\":\"ListItem\",\"position\":2,\"name\":\"Tschechien: Pr\u00e4sident Pavel ernennt Babi\u0161 zum Premier\"}]},{\"@type\":\"WebSite\",\"@id\":\"https:\/\/now-news.de\/de\/#website\",\"url\":\"https:\/\/now-news.de\/de\/\",\"name\":\"just-now.NEWS Deutschland\",\"description\":\"Das Portal f\u00fcr unzensierte Nachrichten aus der Welt\",\"publisher\":{\"@id\":\"https:\/\/now-news.de\/de\/#organization\"},\"potentialAction\":[{\"@type\":\"SearchAction\",\"target\":{\"@type\":\"EntryPoint\",\"urlTemplate\":\"https:\/\/now-news.de\/de\/?s={search_term_string}\"},\"query-input\":\"required name=search_term_string\"}],\"inLanguage\":\"de\"},{\"@type\":\"Organization\",\"@id\":\"https:\/\/now-news.de\/de\/#organization\",\"name\":\"Just Now News\",\"url\":\"https:\/\/now-news.de\/de\/\",\"logo\":{\"@type\":\"ImageObject\",\"inLanguage\":\"de\",\"@id\":\"https:\/\/now-news.de\/de\/#\/schema\/logo\/image\/\",\"url\":\"http:\/\/just-now.news\/de\/wp-content\/uploads\/sites\/3\/2022\/04\/logo500x500.jpg\",\"contentUrl\":\"http:\/\/just-now.news\/de\/wp-content\/uploads\/sites\/3\/2022\/04\/logo500x500.jpg\",\"width\":500,\"height\":500,\"caption\":\"Just Now News\"},\"image\":{\"@id\":\"https:\/\/now-news.de\/de\/#\/schema\/logo\/image\/\"},\"sameAs\":[\"https:\/\/www.facebook.com\/wirmachenauf\",\"https:\/\/x.com\/WirMachenAuf_de\"]},{\"@type\":\"Person\",\"@id\":\"https:\/\/now-news.de\/de\/#\/schema\/person\/fb534a4e865501d8b3285208df34a9b5\",\"name\":\"rtnews\",\"image\":{\"@type\":\"ImageObject\",\"inLanguage\":\"de\",\"@id\":\"https:\/\/now-news.de\/de\/#\/schema\/person\/image\/\",\"url\":\"https:\/\/secure.gravatar.com\/avatar\/82aafea7d8127119dd649515f56e2117?s=96&d=mm&r=g\",\"contentUrl\":\"https:\/\/secure.gravatar.com\/avatar\/82aafea7d8127119dd649515f56e2117?s=96&d=mm&r=g\",\"caption\":\"rtnews\"},\"url\":\"https:\/\/now-news.de\/de\/author\/rnews\/\"}]}<\/script>\n<!-- \/ Yoast SEO Premium plugin. -->","yoast_head_json":{"title":"Tschechien: Pr\u00e4sident Pavel ernennt Babi\u0161 zum Premier - just-now.NEWS Deutschland","robots":{"index":"index","follow":"follow","max-snippet":"max-snippet:-1","max-image-preview":"max-image-preview:large","max-video-preview":"max-video-preview:-1"},"canonical":"https:\/\/now-news.de\/de\/deutschland\/tschechien-praesident-pavel-ernennt-babis-zum-premier\/","og_locale":"de_DE","og_type":"article","og_title":"Tschechien: Pr\u00e4sident Pavel ernennt Babi\u0161 zum Premier","og_description":"Andrej Babi\u0161 hat erneut das Amt als Regierungschef der Tschechischen Republik angetreten. Der Politiker gilt als Verb\u00fcndeter Ungarns und der Slowakei, und seine ANO-Partei hat versprochen, das tschechische Munitionsprogramm f\u00fcr die Ukraine zu \u00fcberpr\u00fcfen. Am Dienstag hat der tschechische Pr\u00e4sident Petr Pavel den 71-j\u00e4hrigen Chef der Bewegung Aktion unzufriedener B\u00fcrger (ANO), Andrej Babi\u0161, zum Premierminister [&hellip;]","og_url":"https:\/\/now-news.de\/de\/deutschland\/tschechien-praesident-pavel-ernennt-babis-zum-premier\/","og_site_name":"just-now.NEWS Deutschland","article_publisher":"https:\/\/www.facebook.com\/wirmachenauf","article_published_time":"2025-12-09T18:21:23+00:00","og_image":[{"url":"https:\/\/now-news.de\/de\/wp-content\/uploads\/sites\/3\/2025\/12\/69383487b480cc137f379c73.jpg"}],"author":"rtnews","twitter_card":"summary_large_image","twitter_creator":"@WirMachenAuf_de","twitter_site":"@WirMachenAuf_de","twitter_misc":{"Verfasst von":"rtnews","Gesch\u00e4tzte Lesezeit":"2\u00a0Minuten"},"schema":{"@context":"https:\/\/schema.org","@graph":[{"@type":"Article","@id":"https:\/\/now-news.de\/de\/deutschland\/tschechien-praesident-pavel-ernennt-babis-zum-premier\/#article","isPartOf":{"@id":"https:\/\/now-news.de\/de\/deutschland\/tschechien-praesident-pavel-ernennt-babis-zum-premier\/"},"author":{"name":"rtnews","@id":"https:\/\/now-news.de\/de\/#\/schema\/person\/fb534a4e865501d8b3285208df34a9b5"},"headline":"Tschechien: Pr\u00e4sident Pavel ernennt Babi\u0161 zum Premier","datePublished":"2025-12-09T18:21:23+00:00","dateModified":"2025-12-09T18:21:23+00:00","mainEntityOfPage":{"@id":"https:\/\/now-news.de\/de\/deutschland\/tschechien-praesident-pavel-ernennt-babis-zum-premier\/"},"wordCount":480,"commentCount":0,"publisher":{"@id":"https:\/\/now-news.de\/de\/#organization"},"image":{"@id":"https:\/\/now-news.de\/de\/deutschland\/tschechien-praesident-pavel-ernennt-babis-zum-premier\/#primaryimage"},"thumbnailUrl":"https:\/\/now-news.de\/de\/wp-content\/uploads\/sites\/3\/2025\/12\/Tschechien-Praesident-Pavel-ernennt-Babis-zum-Premier.jpg","keywords":["Babi\u0161","ernennt","Pavel","Pr\u00e4sident","Premier","Tschechien","zum"],"articleSection":["Deutschland","Russland"],"inLanguage":"de","potentialAction":[{"@type":"CommentAction","name":"Comment","target":["https:\/\/now-news.de\/de\/deutschland\/tschechien-praesident-pavel-ernennt-babis-zum-premier\/#respond"]}]},{"@type":"WebPage","@id":"https:\/\/now-news.de\/de\/deutschland\/tschechien-praesident-pavel-ernennt-babis-zum-premier\/","url":"https:\/\/now-news.de\/de\/deutschland\/tschechien-praesident-pavel-ernennt-babis-zum-premier\/","name":"Tschechien: Pr\u00e4sident Pavel ernennt Babi\u0161 zum Premier - just-now.NEWS Deutschland","isPartOf":{"@id":"https:\/\/now-news.de\/de\/#website"},"primaryImageOfPage":{"@id":"https:\/\/now-news.de\/de\/deutschland\/tschechien-praesident-pavel-ernennt-babis-zum-premier\/#primaryimage"},"image":{"@id":"https:\/\/now-news.de\/de\/deutschland\/tschechien-praesident-pavel-ernennt-babis-zum-premier\/#primaryimage"},"thumbnailUrl":"https:\/\/now-news.de\/de\/wp-content\/uploads\/sites\/3\/2025\/12\/Tschechien-Praesident-Pavel-ernennt-Babis-zum-Premier.jpg","datePublished":"2025-12-09T18:21:23+00:00","dateModified":"2025-12-09T18:21:23+00:00","breadcrumb":{"@id":"https:\/\/now-news.de\/de\/deutschland\/tschechien-praesident-pavel-ernennt-babis-zum-premier\/#breadcrumb"},"inLanguage":"de","potentialAction":[{"@type":"ReadAction","target":["https:\/\/now-news.de\/de\/deutschland\/tschechien-praesident-pavel-ernennt-babis-zum-premier\/"]}]},{"@type":"ImageObject","inLanguage":"de","@id":"https:\/\/now-news.de\/de\/deutschland\/tschechien-praesident-pavel-ernennt-babis-zum-premier\/#primaryimage","url":"https:\/\/now-news.de\/de\/wp-content\/uploads\/sites\/3\/2025\/12\/Tschechien-Praesident-Pavel-ernennt-Babis-zum-Premier.jpg","contentUrl":"https:\/\/now-news.de\/de\/wp-content\/uploads\/sites\/3\/2025\/12\/Tschechien-Praesident-Pavel-ernennt-Babis-zum-Premier.jpg","width":460,"height":259,"caption":"Tschechien: Pr\u00e4sident Pavel ernennt Babi\u0161 zum Premier"},{"@type":"BreadcrumbList","@id":"https:\/\/now-news.de\/de\/deutschland\/tschechien-praesident-pavel-ernennt-babis-zum-premier\/#breadcrumb","itemListElement":[{"@type":"ListItem","position":1,"name":"Home","item":"https:\/\/now-news.de\/de\/"},{"@type":"ListItem","position":2,"name":"Tschechien: Pr\u00e4sident Pavel ernennt Babi\u0161 zum Premier"}]},{"@type":"WebSite","@id":"https:\/\/now-news.de\/de\/#website","url":"https:\/\/now-news.de\/de\/","name":"just-now.NEWS Deutschland","description":"Das Portal f\u00fcr unzensierte Nachrichten aus der Welt","publisher":{"@id":"https:\/\/now-news.de\/de\/#organization"},"potentialAction":[{"@type":"SearchAction","target":{"@type":"EntryPoint","urlTemplate":"https:\/\/now-news.de\/de\/?s={search_term_string}"},"query-input":"required name=search_term_string"}],"inLanguage":"de"},{"@type":"Organization","@id":"https:\/\/now-news.de\/de\/#organization","name":"Just Now News","url":"https:\/\/now-news.de\/de\/","logo":{"@type":"ImageObject","inLanguage":"de","@id":"https:\/\/now-news.de\/de\/#\/schema\/logo\/image\/","url":"http:\/\/just-now.news\/de\/wp-content\/uploads\/sites\/3\/2022\/04\/logo500x500.jpg","contentUrl":"http:\/\/just-now.news\/de\/wp-content\/uploads\/sites\/3\/2022\/04\/logo500x500.jpg","width":500,"height":500,"caption":"Just Now News"},"image":{"@id":"https:\/\/now-news.de\/de\/#\/schema\/logo\/image\/"},"sameAs":["https:\/\/www.facebook.com\/wirmachenauf","https:\/\/x.com\/WirMachenAuf_de"]},{"@type":"Person","@id":"https:\/\/now-news.de\/de\/#\/schema\/person\/fb534a4e865501d8b3285208df34a9b5","name":"rtnews","image":{"@type":"ImageObject","inLanguage":"de","@id":"https:\/\/now-news.de\/de\/#\/schema\/person\/image\/","url":"https:\/\/secure.gravatar.com\/avatar\/82aafea7d8127119dd649515f56e2117?s=96&d=mm&r=g","contentUrl":"https:\/\/secure.gravatar.com\/avatar\/82aafea7d8127119dd649515f56e2117?s=96&d=mm&r=g","caption":"rtnews"},"url":"https:\/\/now-news.de\/de\/author\/rnews\/"}]}},"_links":{"self":[{"href":"https:\/\/now-news.de\/de\/wp-json\/wp\/v2\/posts\/95505"}],"collection":[{"href":"https:\/\/now-news.de\/de\/wp-json\/wp\/v2\/posts"}],"about":[{"href":"https:\/\/now-news.de\/de\/wp-json\/wp\/v2\/types\/post"}],"author":[{"embeddable":true,"href":"https:\/\/now-news.de\/de\/wp-json\/wp\/v2\/users\/3"}],"replies":[{"embeddable":true,"href":"https:\/\/now-news.de\/de\/wp-json\/wp\/v2\/comments?post=95505"}],"version-history":[{"count":0,"href":"https:\/\/now-news.de\/de\/wp-json\/wp\/v2\/posts\/95505\/revisions"}],"wp:featuredmedia":[{"embeddable":true,"href":"https:\/\/now-news.de\/de\/wp-json\/wp\/v2\/media\/95506"}],"wp:attachment":[{"href":"https:\/\/now-news.de\/de\/wp-json\/wp\/v2\/media?parent=95505"}],"wp:term":[{"taxonomy":"category","embeddable":true,"href":"https:\/\/now-news.de\/de\/wp-json\/wp\/v2\/categories?post=95505"},{"taxonomy":"post_tag","embeddable":true,"href":"https:\/\/now-news.de\/de\/wp-json\/wp\/v2\/tags?post=95505"}],"curies":[{"name":"wp","href":"https:\/\/api.w.org\/{rel}","templated":true}]}}