{"id":95480,"date":"2025-12-09T20:09:49","date_gmt":"2025-12-09T18:09:49","guid":{"rendered":"https:\/\/now-news.de\/de\/deutschland\/der-ehemalige-ukrainische-aussenminister-kuleba-erklaert-warum-er-nicht-an-der-front-ist\/"},"modified":"2025-12-09T20:09:49","modified_gmt":"2025-12-09T18:09:49","slug":"der-ehemalige-ukrainische-aussenminister-kuleba-erklaert-warum-er-nicht-an-der-front-ist","status":"publish","type":"post","link":"https:\/\/now-news.de\/de\/deutschland\/der-ehemalige-ukrainische-aussenminister-kuleba-erklaert-warum-er-nicht-an-der-front-ist\/","title":{"rendered":"Der ehemalige ukrainische Au\u00dfenminister Kuleba erkl\u00e4rt, warum er nicht an der Front ist"},"content":{"rendered":"<p><img decoding=\"async\" src=\"https:\/\/now-news.de\/de\/wp-content\/uploads\/sites\/3\/2025\/12\/6937ff5448fbef575555617f.jpg\" \/><\/p>\n<div class=\"Text-root Text-type_1 \">\n                Als Au\u00dfenminister forderte Dmitri Kuleba die Exil-Ukrainer wiederholt auf, zur\u00fcckzukehren, um der Armee beizutreten. Ihm zufolge sollten Ukrainer auch &#8220;mit Schaufeln k\u00e4mpfen&#8221;, wenn vom Westen keine Unterst\u00fctzung mehr k\u00e4me. Nun erkl\u00e4rte er, warum er sich nicht selbst zum Frontdienst meldet.\n            <\/div>\n<p><\/p>\n<div class=\"Text-root Text-type_5 ArticleView-text ViewText-root \">\n<p>Im Interview mit dem ukrainischen Fernsehsender <em>Channel 5<\/em> sagte der ehemalige\u00a0Au\u00dfenminister der Ukraine, Dmitri Kuleba, am Sonntag, er werde sich nicht freiwillig zum Dienst an der Front melden. Er werde nur dann zur Armee gehen, wenn er eingezogen w\u00fcrde.<\/p>\n<p>Kuleba war in den Jahren von 2020 bis 2024 Chefdiplomat in Kiew und trat w\u00e4hrend einer von Pr\u00e4sident Wladimir Selenskij durchgef\u00fchrten S\u00e4uberungsaktion unter hohen Beamten zur\u00fcck. Es gab Berichte, wonach er Anfang des Jahres angeblich aus der Ukraine geflohen sein soll, nachdem gegen ihn und mehrere andere ehemalige Diplomaten ein Reiseverbot verh\u00e4ngt worden war. Kuleba vermutete, Selenskij wolle sie daran hindern, ins Ausland zu reisen, damit sie dort nichts sagten, was &#8220;der Linie der Regierung zuwiderlaufen k\u00f6nnte&#8221;.<\/p>\n<p>Im Interview mit <em>Channel 5<\/em> betonte Kuleba jedoch, er &#8220;sitzt zu Hause&#8221; und habe bei Zustellung eines Einberufungsbefehls nicht die Absicht, zu fliehen. Da er sich bereits mehr als zwei Jahre seines Lebens dem Konflikt gewidmet habe, werde er sich aber nicht freiwillig melden.<\/p>\n<p>Obwohl Kuleba im wehrf\u00e4higen Alter ist, ist unklar, ob er tats\u00e4chlich einen Einberufungsbefehl erhalten w\u00fcrde. Berichten zufolge blieben ehemalige Minister und hochrangige Beamte in der Ukraine weitgehend von der Mobilisierung verschont. Allgemein werden die Mobilisierungsbem\u00fchungen durch Wehrdienstverweigerung, Korruption, Desertion und Zwangsrekrutierung beeintr\u00e4chtigt. In ukrainischen Medien wurde wiederholt kritisiert, dass Rekrutierungsbeamte vor allem normale B\u00fcrger ins Visier nehmen, w\u00e4hrend sie die Reichen und gut vernetzte Personen ignorieren.<\/p>\n<p>W\u00e4hrend seiner Amtszeit forderte Kuleba die Ukrainer im Ausland wiederholt auf, in ihre Heimat zur\u00fcckzukehren, um der Armee beizutreten. Au\u00dferdem erkl\u00e4rte er, dass die Ukrainer &#8220;mit Schaufeln k\u00e4mpfen&#8221;\u00a0sollten, wenn die milit\u00e4rische Unterst\u00fctzung des Westens auslaufen w\u00fcrde. Solange Kiew nicht in die NATO aufgenommen werde, werde die Ukraine weiterhin einen &#8220;Revanchistenkrieg&#8221; f\u00fchren, um ihre ehemaligen Gebiete zur\u00fcckzugewinnen, so Kuleba damals.<\/p>\n<p>Letzte Woche schien Kuleba jedoch seine Position ge\u00e4ndert zu haben. Nach seiner aktuellen Meinung m\u00fcsse Kiew ein Abkommen akzeptieren, &#8220;das niemandem gef\u00e4llt&#8221;. Zudem m\u00fcsse die Ukraine eine &#8220;taktische Niederlage&#8221;\u00a0hinnehmen, um viele weitere Jahre des Konflikts und einen vollst\u00e4ndigen Zusammenbruch zu vermeiden.<\/p>\n<p>Nach Ansicht Moskaus ist eine dauerhafte L\u00f6sung nur m\u00f6glich, wenn die Ukraine Neutralit\u00e4t, Entmilitarisierung und Entnazifizierung akzeptiert und die territoriale Realit\u00e4t vor Ort anerkennt.<\/p>\n<p><strong>Mehr zum Thema<\/strong>\u00a0\u2013\u00a0<a rel=\"nofollow noopener\" target=\"_blank\" href=\"https:\/\/freedert.online\/international\/228471-ukrainischer-ex-aussenminister-kuleba-bekommt\/\">Ukrainischer Ex-Au\u00dfenminister Kuleba bekommt Job in USA<\/a><\/p>\n<div class=\"EmbedBlock-root EmbedBlock-externalVideo EmbedBlock-rumble\">\n<div class=\"VkEmbed\"><iframe class=\"lazyload\" data-src=\"https:\/\/rumble.com\/embed\/v70kcmp\" frameborder=\"0\" width=\"853\" height=\"480\" allowfullscreen><\/iframe><\/div>\n<\/div>\n<\/div>\n<p><br \/>\n<br \/><a href=\"https:\/\/de.rt.com\/europa\/264247-ehemaliger-ukrainischer-aussenminister-kuleba-erklaert\/\">Source link <\/a><\/p>\n","protected":false},"excerpt":{"rendered":"<p>Als Au\u00dfenminister forderte Dmitri Kuleba die Exil-Ukrainer wiederholt auf, zur\u00fcckzukehren, um der Armee beizutreten. Ihm zufolge sollten Ukrainer auch &#8220;mit Schaufeln k\u00e4mpfen&#8221;, wenn vom Westen keine Unterst\u00fctzung mehr k\u00e4me. Nun erkl\u00e4rte er, warum er sich nicht selbst zum Frontdienst meldet. Im Interview mit dem ukrainischen Fernsehsender Channel 5 sagte der ehemalige\u00a0Au\u00dfenminister der Ukraine, Dmitri Kuleba, [&hellip;]<\/p>\n","protected":false},"author":3,"featured_media":95481,"comment_status":"open","ping_status":"open","sticky":false,"template":"","format":"standard","meta":{"_yoast_indexnow_last_ping":["1765304502"],"wp_automatic_camp":["217"],"ceb5cc14a3a83386d0a941832ffbcc58":["Der ehemalige ukrainische Au\u00dfenminister Kuleba erkl\u00e4rt, warum er nicht an der Front ist"],"original_link":["https:\/\/de.rt.com\/europa\/264247-ehemaliger-ukrainischer-aussenminister-kuleba-erklaert\/"],"_thumbnail_id":["95481"],"jnews_social_counter_last_update":["1776626657"],"_wptgpro_p2tg_sent2tg":["a:1:{i:23737;s:19:\"2025-12-09 20:22:45\";}"]},"categories":[19,23],"tags":[13830,82,8611,1030,10227,414,34315,800,905,1289],"yoast_head":"<!-- This site is optimized with the Yoast SEO Premium plugin v22.7 (Yoast SEO v22.7) - https:\/\/yoast.com\/wordpress\/plugins\/seo\/ -->\n<title>Der ehemalige ukrainische Au\u00dfenminister Kuleba erkl\u00e4rt, warum er nicht an der Front ist - just-now.NEWS Deutschland<\/title>\n<meta name=\"robots\" content=\"index, follow, max-snippet:-1, max-image-preview:large, max-video-preview:-1\" \/>\n<link rel=\"canonical\" href=\"https:\/\/now-news.de\/de\/deutschland\/der-ehemalige-ukrainische-aussenminister-kuleba-erklaert-warum-er-nicht-an-der-front-ist\/\" \/>\n<meta property=\"og:locale\" content=\"de_DE\" \/>\n<meta property=\"og:type\" content=\"article\" \/>\n<meta property=\"og:title\" content=\"Der ehemalige ukrainische Au\u00dfenminister Kuleba erkl\u00e4rt, warum er nicht an der Front ist\" \/>\n<meta property=\"og:description\" content=\"Als Au\u00dfenminister forderte Dmitri Kuleba die Exil-Ukrainer wiederholt auf, zur\u00fcckzukehren, um der Armee beizutreten. Ihm zufolge sollten Ukrainer auch &#8220;mit Schaufeln k\u00e4mpfen&#8221;, wenn vom Westen keine Unterst\u00fctzung mehr k\u00e4me. Nun erkl\u00e4rte er, warum er sich nicht selbst zum Frontdienst meldet. Im Interview mit dem ukrainischen Fernsehsender Channel 5 sagte der ehemalige\u00a0Au\u00dfenminister der Ukraine, Dmitri Kuleba, [&hellip;]\" \/>\n<meta property=\"og:url\" content=\"https:\/\/now-news.de\/de\/deutschland\/der-ehemalige-ukrainische-aussenminister-kuleba-erklaert-warum-er-nicht-an-der-front-ist\/\" \/>\n<meta property=\"og:site_name\" content=\"just-now.NEWS Deutschland\" \/>\n<meta property=\"article:publisher\" content=\"https:\/\/www.facebook.com\/wirmachenauf\" \/>\n<meta property=\"article:published_time\" content=\"2025-12-09T18:09:49+00:00\" \/>\n<meta property=\"og:image\" content=\"https:\/\/now-news.de\/de\/wp-content\/uploads\/sites\/3\/2025\/12\/6937ff5448fbef575555617f.jpg\" \/>\n<meta name=\"author\" content=\"rtnews\" \/>\n<meta name=\"twitter:card\" content=\"summary_large_image\" \/>\n<meta name=\"twitter:creator\" content=\"@WirMachenAuf_de\" \/>\n<meta name=\"twitter:site\" content=\"@WirMachenAuf_de\" \/>\n<meta name=\"twitter:label1\" content=\"Verfasst von\" \/>\n\t<meta name=\"twitter:data1\" content=\"rtnews\" \/>\n\t<meta name=\"twitter:label2\" content=\"Gesch\u00e4tzte Lesezeit\" \/>\n\t<meta name=\"twitter:data2\" content=\"2\u00a0Minuten\" \/>\n<script type=\"application\/ld+json\" class=\"yoast-schema-graph\">{\"@context\":\"https:\/\/schema.org\",\"@graph\":[{\"@type\":\"Article\",\"@id\":\"https:\/\/now-news.de\/de\/deutschland\/der-ehemalige-ukrainische-aussenminister-kuleba-erklaert-warum-er-nicht-an-der-front-ist\/#article\",\"isPartOf\":{\"@id\":\"https:\/\/now-news.de\/de\/deutschland\/der-ehemalige-ukrainische-aussenminister-kuleba-erklaert-warum-er-nicht-an-der-front-ist\/\"},\"author\":{\"name\":\"rtnews\",\"@id\":\"https:\/\/now-news.de\/de\/#\/schema\/person\/fb534a4e865501d8b3285208df34a9b5\"},\"headline\":\"Der ehemalige ukrainische Au\u00dfenminister Kuleba erkl\u00e4rt, warum er nicht an der Front ist\",\"datePublished\":\"2025-12-09T18:09:49+00:00\",\"dateModified\":\"2025-12-09T18:09:49+00:00\",\"mainEntityOfPage\":{\"@id\":\"https:\/\/now-news.de\/de\/deutschland\/der-ehemalige-ukrainische-aussenminister-kuleba-erklaert-warum-er-nicht-an-der-front-ist\/\"},\"wordCount\":459,\"commentCount\":0,\"publisher\":{\"@id\":\"https:\/\/now-news.de\/de\/#organization\"},\"image\":{\"@id\":\"https:\/\/now-news.de\/de\/deutschland\/der-ehemalige-ukrainische-aussenminister-kuleba-erklaert-warum-er-nicht-an-der-front-ist\/#primaryimage\"},\"thumbnailUrl\":\"https:\/\/now-news.de\/de\/wp-content\/uploads\/sites\/3\/2025\/12\/Der-ehemalige-ukrainische-Aussenminister-Kuleba-erklaert-warum-er-nicht-an.jpg\",\"keywords\":[\"Au\u00dfenminister\",\"der\",\"ehemalige\",\"erkl\u00e4rt\",\"Front\",\"ist\",\"Kuleba\",\"nicht\",\"Ukrainische\",\"Warum\"],\"articleSection\":[\"Deutschland\",\"Russland\"],\"inLanguage\":\"de\",\"potentialAction\":[{\"@type\":\"CommentAction\",\"name\":\"Comment\",\"target\":[\"https:\/\/now-news.de\/de\/deutschland\/der-ehemalige-ukrainische-aussenminister-kuleba-erklaert-warum-er-nicht-an-der-front-ist\/#respond\"]}]},{\"@type\":\"WebPage\",\"@id\":\"https:\/\/now-news.de\/de\/deutschland\/der-ehemalige-ukrainische-aussenminister-kuleba-erklaert-warum-er-nicht-an-der-front-ist\/\",\"url\":\"https:\/\/now-news.de\/de\/deutschland\/der-ehemalige-ukrainische-aussenminister-kuleba-erklaert-warum-er-nicht-an-der-front-ist\/\",\"name\":\"Der ehemalige ukrainische Au\u00dfenminister Kuleba erkl\u00e4rt, warum er nicht an der Front ist - just-now.NEWS Deutschland\",\"isPartOf\":{\"@id\":\"https:\/\/now-news.de\/de\/#website\"},\"primaryImageOfPage\":{\"@id\":\"https:\/\/now-news.de\/de\/deutschland\/der-ehemalige-ukrainische-aussenminister-kuleba-erklaert-warum-er-nicht-an-der-front-ist\/#primaryimage\"},\"image\":{\"@id\":\"https:\/\/now-news.de\/de\/deutschland\/der-ehemalige-ukrainische-aussenminister-kuleba-erklaert-warum-er-nicht-an-der-front-ist\/#primaryimage\"},\"thumbnailUrl\":\"https:\/\/now-news.de\/de\/wp-content\/uploads\/sites\/3\/2025\/12\/Der-ehemalige-ukrainische-Aussenminister-Kuleba-erklaert-warum-er-nicht-an.jpg\",\"datePublished\":\"2025-12-09T18:09:49+00:00\",\"dateModified\":\"2025-12-09T18:09:49+00:00\",\"breadcrumb\":{\"@id\":\"https:\/\/now-news.de\/de\/deutschland\/der-ehemalige-ukrainische-aussenminister-kuleba-erklaert-warum-er-nicht-an-der-front-ist\/#breadcrumb\"},\"inLanguage\":\"de\",\"potentialAction\":[{\"@type\":\"ReadAction\",\"target\":[\"https:\/\/now-news.de\/de\/deutschland\/der-ehemalige-ukrainische-aussenminister-kuleba-erklaert-warum-er-nicht-an-der-front-ist\/\"]}]},{\"@type\":\"ImageObject\",\"inLanguage\":\"de\",\"@id\":\"https:\/\/now-news.de\/de\/deutschland\/der-ehemalige-ukrainische-aussenminister-kuleba-erklaert-warum-er-nicht-an-der-front-ist\/#primaryimage\",\"url\":\"https:\/\/now-news.de\/de\/wp-content\/uploads\/sites\/3\/2025\/12\/Der-ehemalige-ukrainische-Aussenminister-Kuleba-erklaert-warum-er-nicht-an.jpg\",\"contentUrl\":\"https:\/\/now-news.de\/de\/wp-content\/uploads\/sites\/3\/2025\/12\/Der-ehemalige-ukrainische-Aussenminister-Kuleba-erklaert-warum-er-nicht-an.jpg\",\"width\":460,\"height\":259,\"caption\":\"Der ehemalige ukrainische Au\u00dfenminister Kuleba erkl\u00e4rt, warum er nicht an der Front ist\"},{\"@type\":\"BreadcrumbList\",\"@id\":\"https:\/\/now-news.de\/de\/deutschland\/der-ehemalige-ukrainische-aussenminister-kuleba-erklaert-warum-er-nicht-an-der-front-ist\/#breadcrumb\",\"itemListElement\":[{\"@type\":\"ListItem\",\"position\":1,\"name\":\"Home\",\"item\":\"https:\/\/now-news.de\/de\/\"},{\"@type\":\"ListItem\",\"position\":2,\"name\":\"Der ehemalige ukrainische Au\u00dfenminister Kuleba erkl\u00e4rt, warum er nicht an der Front ist\"}]},{\"@type\":\"WebSite\",\"@id\":\"https:\/\/now-news.de\/de\/#website\",\"url\":\"https:\/\/now-news.de\/de\/\",\"name\":\"just-now.NEWS Deutschland\",\"description\":\"Das Portal f\u00fcr unzensierte Nachrichten aus der Welt\",\"publisher\":{\"@id\":\"https:\/\/now-news.de\/de\/#organization\"},\"potentialAction\":[{\"@type\":\"SearchAction\",\"target\":{\"@type\":\"EntryPoint\",\"urlTemplate\":\"https:\/\/now-news.de\/de\/?s={search_term_string}\"},\"query-input\":\"required name=search_term_string\"}],\"inLanguage\":\"de\"},{\"@type\":\"Organization\",\"@id\":\"https:\/\/now-news.de\/de\/#organization\",\"name\":\"Just Now News\",\"url\":\"https:\/\/now-news.de\/de\/\",\"logo\":{\"@type\":\"ImageObject\",\"inLanguage\":\"de\",\"@id\":\"https:\/\/now-news.de\/de\/#\/schema\/logo\/image\/\",\"url\":\"http:\/\/just-now.news\/de\/wp-content\/uploads\/sites\/3\/2022\/04\/logo500x500.jpg\",\"contentUrl\":\"http:\/\/just-now.news\/de\/wp-content\/uploads\/sites\/3\/2022\/04\/logo500x500.jpg\",\"width\":500,\"height\":500,\"caption\":\"Just Now News\"},\"image\":{\"@id\":\"https:\/\/now-news.de\/de\/#\/schema\/logo\/image\/\"},\"sameAs\":[\"https:\/\/www.facebook.com\/wirmachenauf\",\"https:\/\/x.com\/WirMachenAuf_de\"]},{\"@type\":\"Person\",\"@id\":\"https:\/\/now-news.de\/de\/#\/schema\/person\/fb534a4e865501d8b3285208df34a9b5\",\"name\":\"rtnews\",\"image\":{\"@type\":\"ImageObject\",\"inLanguage\":\"de\",\"@id\":\"https:\/\/now-news.de\/de\/#\/schema\/person\/image\/\",\"url\":\"https:\/\/secure.gravatar.com\/avatar\/82aafea7d8127119dd649515f56e2117?s=96&d=mm&r=g\",\"contentUrl\":\"https:\/\/secure.gravatar.com\/avatar\/82aafea7d8127119dd649515f56e2117?s=96&d=mm&r=g\",\"caption\":\"rtnews\"},\"url\":\"https:\/\/now-news.de\/de\/author\/rnews\/\"}]}<\/script>\n<!-- \/ Yoast SEO Premium plugin. -->","yoast_head_json":{"title":"Der ehemalige ukrainische Au\u00dfenminister Kuleba erkl\u00e4rt, warum er nicht an der Front ist - just-now.NEWS Deutschland","robots":{"index":"index","follow":"follow","max-snippet":"max-snippet:-1","max-image-preview":"max-image-preview:large","max-video-preview":"max-video-preview:-1"},"canonical":"https:\/\/now-news.de\/de\/deutschland\/der-ehemalige-ukrainische-aussenminister-kuleba-erklaert-warum-er-nicht-an-der-front-ist\/","og_locale":"de_DE","og_type":"article","og_title":"Der ehemalige ukrainische Au\u00dfenminister Kuleba erkl\u00e4rt, warum er nicht an der Front ist","og_description":"Als Au\u00dfenminister forderte Dmitri Kuleba die Exil-Ukrainer wiederholt auf, zur\u00fcckzukehren, um der Armee beizutreten. Ihm zufolge sollten Ukrainer auch &#8220;mit Schaufeln k\u00e4mpfen&#8221;, wenn vom Westen keine Unterst\u00fctzung mehr k\u00e4me. Nun erkl\u00e4rte er, warum er sich nicht selbst zum Frontdienst meldet. Im Interview mit dem ukrainischen Fernsehsender Channel 5 sagte der ehemalige\u00a0Au\u00dfenminister der Ukraine, Dmitri Kuleba, [&hellip;]","og_url":"https:\/\/now-news.de\/de\/deutschland\/der-ehemalige-ukrainische-aussenminister-kuleba-erklaert-warum-er-nicht-an-der-front-ist\/","og_site_name":"just-now.NEWS Deutschland","article_publisher":"https:\/\/www.facebook.com\/wirmachenauf","article_published_time":"2025-12-09T18:09:49+00:00","og_image":[{"url":"https:\/\/now-news.de\/de\/wp-content\/uploads\/sites\/3\/2025\/12\/6937ff5448fbef575555617f.jpg"}],"author":"rtnews","twitter_card":"summary_large_image","twitter_creator":"@WirMachenAuf_de","twitter_site":"@WirMachenAuf_de","twitter_misc":{"Verfasst von":"rtnews","Gesch\u00e4tzte Lesezeit":"2\u00a0Minuten"},"schema":{"@context":"https:\/\/schema.org","@graph":[{"@type":"Article","@id":"https:\/\/now-news.de\/de\/deutschland\/der-ehemalige-ukrainische-aussenminister-kuleba-erklaert-warum-er-nicht-an-der-front-ist\/#article","isPartOf":{"@id":"https:\/\/now-news.de\/de\/deutschland\/der-ehemalige-ukrainische-aussenminister-kuleba-erklaert-warum-er-nicht-an-der-front-ist\/"},"author":{"name":"rtnews","@id":"https:\/\/now-news.de\/de\/#\/schema\/person\/fb534a4e865501d8b3285208df34a9b5"},"headline":"Der ehemalige ukrainische Au\u00dfenminister Kuleba erkl\u00e4rt, warum er nicht an der Front ist","datePublished":"2025-12-09T18:09:49+00:00","dateModified":"2025-12-09T18:09:49+00:00","mainEntityOfPage":{"@id":"https:\/\/now-news.de\/de\/deutschland\/der-ehemalige-ukrainische-aussenminister-kuleba-erklaert-warum-er-nicht-an-der-front-ist\/"},"wordCount":459,"commentCount":0,"publisher":{"@id":"https:\/\/now-news.de\/de\/#organization"},"image":{"@id":"https:\/\/now-news.de\/de\/deutschland\/der-ehemalige-ukrainische-aussenminister-kuleba-erklaert-warum-er-nicht-an-der-front-ist\/#primaryimage"},"thumbnailUrl":"https:\/\/now-news.de\/de\/wp-content\/uploads\/sites\/3\/2025\/12\/Der-ehemalige-ukrainische-Aussenminister-Kuleba-erklaert-warum-er-nicht-an.jpg","keywords":["Au\u00dfenminister","der","ehemalige","erkl\u00e4rt","Front","ist","Kuleba","nicht","Ukrainische","Warum"],"articleSection":["Deutschland","Russland"],"inLanguage":"de","potentialAction":[{"@type":"CommentAction","name":"Comment","target":["https:\/\/now-news.de\/de\/deutschland\/der-ehemalige-ukrainische-aussenminister-kuleba-erklaert-warum-er-nicht-an-der-front-ist\/#respond"]}]},{"@type":"WebPage","@id":"https:\/\/now-news.de\/de\/deutschland\/der-ehemalige-ukrainische-aussenminister-kuleba-erklaert-warum-er-nicht-an-der-front-ist\/","url":"https:\/\/now-news.de\/de\/deutschland\/der-ehemalige-ukrainische-aussenminister-kuleba-erklaert-warum-er-nicht-an-der-front-ist\/","name":"Der ehemalige ukrainische Au\u00dfenminister Kuleba erkl\u00e4rt, warum er nicht an der Front ist - just-now.NEWS Deutschland","isPartOf":{"@id":"https:\/\/now-news.de\/de\/#website"},"primaryImageOfPage":{"@id":"https:\/\/now-news.de\/de\/deutschland\/der-ehemalige-ukrainische-aussenminister-kuleba-erklaert-warum-er-nicht-an-der-front-ist\/#primaryimage"},"image":{"@id":"https:\/\/now-news.de\/de\/deutschland\/der-ehemalige-ukrainische-aussenminister-kuleba-erklaert-warum-er-nicht-an-der-front-ist\/#primaryimage"},"thumbnailUrl":"https:\/\/now-news.de\/de\/wp-content\/uploads\/sites\/3\/2025\/12\/Der-ehemalige-ukrainische-Aussenminister-Kuleba-erklaert-warum-er-nicht-an.jpg","datePublished":"2025-12-09T18:09:49+00:00","dateModified":"2025-12-09T18:09:49+00:00","breadcrumb":{"@id":"https:\/\/now-news.de\/de\/deutschland\/der-ehemalige-ukrainische-aussenminister-kuleba-erklaert-warum-er-nicht-an-der-front-ist\/#breadcrumb"},"inLanguage":"de","potentialAction":[{"@type":"ReadAction","target":["https:\/\/now-news.de\/de\/deutschland\/der-ehemalige-ukrainische-aussenminister-kuleba-erklaert-warum-er-nicht-an-der-front-ist\/"]}]},{"@type":"ImageObject","inLanguage":"de","@id":"https:\/\/now-news.de\/de\/deutschland\/der-ehemalige-ukrainische-aussenminister-kuleba-erklaert-warum-er-nicht-an-der-front-ist\/#primaryimage","url":"https:\/\/now-news.de\/de\/wp-content\/uploads\/sites\/3\/2025\/12\/Der-ehemalige-ukrainische-Aussenminister-Kuleba-erklaert-warum-er-nicht-an.jpg","contentUrl":"https:\/\/now-news.de\/de\/wp-content\/uploads\/sites\/3\/2025\/12\/Der-ehemalige-ukrainische-Aussenminister-Kuleba-erklaert-warum-er-nicht-an.jpg","width":460,"height":259,"caption":"Der ehemalige ukrainische Au\u00dfenminister Kuleba erkl\u00e4rt, warum er nicht an der Front ist"},{"@type":"BreadcrumbList","@id":"https:\/\/now-news.de\/de\/deutschland\/der-ehemalige-ukrainische-aussenminister-kuleba-erklaert-warum-er-nicht-an-der-front-ist\/#breadcrumb","itemListElement":[{"@type":"ListItem","position":1,"name":"Home","item":"https:\/\/now-news.de\/de\/"},{"@type":"ListItem","position":2,"name":"Der ehemalige ukrainische Au\u00dfenminister Kuleba erkl\u00e4rt, warum er nicht an der Front ist"}]},{"@type":"WebSite","@id":"https:\/\/now-news.de\/de\/#website","url":"https:\/\/now-news.de\/de\/","name":"just-now.NEWS Deutschland","description":"Das Portal f\u00fcr unzensierte Nachrichten aus der Welt","publisher":{"@id":"https:\/\/now-news.de\/de\/#organization"},"potentialAction":[{"@type":"SearchAction","target":{"@type":"EntryPoint","urlTemplate":"https:\/\/now-news.de\/de\/?s={search_term_string}"},"query-input":"required name=search_term_string"}],"inLanguage":"de"},{"@type":"Organization","@id":"https:\/\/now-news.de\/de\/#organization","name":"Just Now News","url":"https:\/\/now-news.de\/de\/","logo":{"@type":"ImageObject","inLanguage":"de","@id":"https:\/\/now-news.de\/de\/#\/schema\/logo\/image\/","url":"http:\/\/just-now.news\/de\/wp-content\/uploads\/sites\/3\/2022\/04\/logo500x500.jpg","contentUrl":"http:\/\/just-now.news\/de\/wp-content\/uploads\/sites\/3\/2022\/04\/logo500x500.jpg","width":500,"height":500,"caption":"Just Now News"},"image":{"@id":"https:\/\/now-news.de\/de\/#\/schema\/logo\/image\/"},"sameAs":["https:\/\/www.facebook.com\/wirmachenauf","https:\/\/x.com\/WirMachenAuf_de"]},{"@type":"Person","@id":"https:\/\/now-news.de\/de\/#\/schema\/person\/fb534a4e865501d8b3285208df34a9b5","name":"rtnews","image":{"@type":"ImageObject","inLanguage":"de","@id":"https:\/\/now-news.de\/de\/#\/schema\/person\/image\/","url":"https:\/\/secure.gravatar.com\/avatar\/82aafea7d8127119dd649515f56e2117?s=96&d=mm&r=g","contentUrl":"https:\/\/secure.gravatar.com\/avatar\/82aafea7d8127119dd649515f56e2117?s=96&d=mm&r=g","caption":"rtnews"},"url":"https:\/\/now-news.de\/de\/author\/rnews\/"}]}},"_links":{"self":[{"href":"https:\/\/now-news.de\/de\/wp-json\/wp\/v2\/posts\/95480"}],"collection":[{"href":"https:\/\/now-news.de\/de\/wp-json\/wp\/v2\/posts"}],"about":[{"href":"https:\/\/now-news.de\/de\/wp-json\/wp\/v2\/types\/post"}],"author":[{"embeddable":true,"href":"https:\/\/now-news.de\/de\/wp-json\/wp\/v2\/users\/3"}],"replies":[{"embeddable":true,"href":"https:\/\/now-news.de\/de\/wp-json\/wp\/v2\/comments?post=95480"}],"version-history":[{"count":0,"href":"https:\/\/now-news.de\/de\/wp-json\/wp\/v2\/posts\/95480\/revisions"}],"wp:featuredmedia":[{"embeddable":true,"href":"https:\/\/now-news.de\/de\/wp-json\/wp\/v2\/media\/95481"}],"wp:attachment":[{"href":"https:\/\/now-news.de\/de\/wp-json\/wp\/v2\/media?parent=95480"}],"wp:term":[{"taxonomy":"category","embeddable":true,"href":"https:\/\/now-news.de\/de\/wp-json\/wp\/v2\/categories?post=95480"},{"taxonomy":"post_tag","embeddable":true,"href":"https:\/\/now-news.de\/de\/wp-json\/wp\/v2\/tags?post=95480"}],"curies":[{"name":"wp","href":"https:\/\/api.w.org\/{rel}","templated":true}]}}