{"id":95476,"date":"2025-12-09T19:24:14","date_gmt":"2025-12-09T17:24:14","guid":{"rendered":"https:\/\/now-news.de\/de\/deutschland\/politico-kuert-donald-trump-zum-einflussreichsten-politiker-in-europa\/"},"modified":"2025-12-09T19:24:14","modified_gmt":"2025-12-09T17:24:14","slug":"politico-kuert-donald-trump-zum-einflussreichsten-politiker-in-europa","status":"publish","type":"post","link":"https:\/\/now-news.de\/de\/deutschland\/politico-kuert-donald-trump-zum-einflussreichsten-politiker-in-europa\/","title":{"rendered":"&quot;Politico&quot; k\u00fcrt Donald Trump zum einflussreichsten Politiker in Europa"},"content":{"rendered":"<p><img decoding=\"async\" src=\"https:\/\/now-news.de\/de\/wp-content\/uploads\/sites\/3\/2025\/12\/69384c0848fbef199413ba33.jpg\" \/><\/p>\n<div class=\"Text-root Text-type_1 \">\n                Das Nachrichtenmagazin &#8220;Politico&#8221; hat am Dienstag seine allj\u00e4hrliche Liste von 28 einflussreichsten Europ\u00e4ern ver\u00f6ffentlicht. Ein Novum: Angef\u00fchrt wird sie 2025 von Donald Trump, der bekanntlich kein Europ\u00e4er ist, aber so viel Einfluss aus\u00fcbt, dass man ihn offenbar nicht \u00fcbergehen konnte.\n            <\/div>\n<p><\/p>\n<div class=\"Text-root Text-type_5 ArticleView-text ViewText-root \">\n<p>US-Pr\u00e4sident Donald Trump ist nach der Version von <em>Politico<\/em> der einflussreichste europ\u00e4ische Politiker. Das Politmagazin setze ihn auf Platz\u00a01 seiner am Dienstag ver\u00f6ffentlichten Liste von 28 &#8220;europ\u00e4ischen&#8221; Politikern mit der Begr\u00fcndung, er sei eine &#8220;Kraft, die die (transatlantischen) Beziehungen nach seinen Vorstellungen forme und ein &#8220;nicht vorhersehbarer, dominierender Partner, dessen Impulse den Kontinent \u00fcber Nacht umw\u00e4lzen&#8221; k\u00f6nnen. 2025 habe niemand sonst so viel Einfluss auf Europa ausge\u00fcbt, wie das Staatsoberhaupt der USA.\u00a0<\/p>\n<p>Das Magazin r\u00e4umt ein, dass die <em>Politico<\/em>-Liste traditionell nur Europ\u00e4er umfasst\u00a0\u2013 Menschen, die auf dem Kontinent leben oder arbeiten. Aber Trumps Schatten liege &#8220;so gro\u00df \u00fcber den europ\u00e4ischen Hauptst\u00e4dten&#8221;, dass seine Entscheidungen alles neu gestaltet h\u00e4tten, &#8220;von den Verteidigungsbudgets \u00fcber die Handelspolitik bis hin zur Innenpolitik&#8221;, und man 2025 eine Ausnahme machen m\u00fcsse.<\/p>\n<p>Trump selbst habe bereits in einem Interview mit Dasha Burns von <em>Politico<\/em> kommentiert, warum er so viel Macht \u00fcber den europ\u00e4ischen Kontinent aus\u00fcbt. Er sagte:<\/p>\n<p><em>&#8220;Europa wei\u00df nicht, was es tun soll.\u00a0Sie wollen politisch korrekt sein, und das macht sie schwach.&#8221;<\/em><\/p>\n<p>Der deutsche Bundeskanzler Friedrich Merz hat es immerhin auf Platz\u00a03 der Liste geschafft, vor ihm liegt au\u00dfer Trump noch die d\u00e4nische Regierungschefin Mette Frederiksen. Auf den weiteren Pl\u00e4tzen finden sich in dieser Reihenfolge: Marine Le Pen, Wladimir Putin, Nigel Farage und Ursula von der Leyen.\u00a0<\/p>\n<p>Zwei weitere Deutsche finden sich auf der diesj\u00e4hrigen Rangliste wieder: Dabei handelt es sich zum einen auf Platz\u00a011 um den Parteifreund von Merz Manfred Weber, der im EU-Parlament der &#8220;Europ\u00e4ischen Volkspartei&#8221; vorsteht; zum anderen um die Linke Heidi Reichinnek. Sie setzte <em>Politico<\/em> auf Platz\u00a024 mit der Begr\u00fcndung, ihre spektakul\u00e4re &#8220;Brandmauer&#8221;-Rede habe der Linken das politische \u00dcberleben und einen &#8220;entscheidenden Einfluss auf die deutsche Politik&#8221; gesichert.<\/p>\n<p>Viktor Orb\u00e1n landete auf Platz\u00a012, der Kiewer Machthaber Wladimir Selenskij auf Platz\u00a014.<\/p>\n<p><strong>Mehr zum Thema<\/strong> \u2013 <a rel=\"nofollow noopener\" target=\"_blank\" href=\"https:\/\/freedert.online\/nordamerika\/264149-trump-erhaelt-neuen-fifa-friedenspreis\/\">Trump erh\u00e4lt neuen FIFA-Friedenspreis f\u00fcr weltweiten Einsatz<\/a>\u00a0<\/p>\n<div class=\"EmbedBlock-root EmbedBlock-externalVideo EmbedBlock-rumble\">\n<div class=\"VkEmbed\"><iframe class=\"lazyload\" data-src=\"https:\/\/rumble.com\/embed\/v70m2cs\" frameborder=\"0\" width=\"853\" height=\"480\" allowfullscreen><\/iframe><\/div>\n<\/div>\n<\/div>\n<p><br \/>\n<br \/><a href=\"https:\/\/de.rt.com\/europa\/264296-politico-kuert-donald-trump-zum-einflussreichsten-politiker-in-europa\/\">Source link <\/a><\/p>\n","protected":false},"excerpt":{"rendered":"<p>Das Nachrichtenmagazin &#8220;Politico&#8221; hat am Dienstag seine allj\u00e4hrliche Liste von 28 einflussreichsten Europ\u00e4ern ver\u00f6ffentlicht. Ein Novum: Angef\u00fchrt wird sie 2025 von Donald Trump, der bekanntlich kein Europ\u00e4er ist, aber so viel Einfluss aus\u00fcbt, dass man ihn offenbar nicht \u00fcbergehen konnte. US-Pr\u00e4sident Donald Trump ist nach der Version von Politico der einflussreichste europ\u00e4ische Politiker. Das Politmagazin [&hellip;]<\/p>\n","protected":false},"author":3,"featured_media":95477,"comment_status":"open","ping_status":"open","sticky":false,"template":"","format":"standard","meta":{"_yoast_indexnow_last_ping":["1765301614"],"wp_automatic_camp":["217"],"c8ce7454b615bac4c0347515a034de29":["&quot;Politico&quot; k\u00fcrt Donald Trump zum einflussreichsten Politiker in Europa"],"original_link":["https:\/\/de.rt.com\/europa\/264296-politico-kuert-donald-trump-zum-einflussreichsten-politiker-in-europa\/"],"_thumbnail_id":["95477"],"jnews_social_counter_last_update":["1777613748"],"_wptgpro_p2tg_sent2tg":["a:1:{i:23737;s:19:\"2025-12-09 19:34:36\";}"]},"categories":[19,23],"tags":[3129,69778,1370,9109,5679,33321,1639,565],"yoast_head":"<!-- This site is optimized with the Yoast SEO Premium plugin v22.7 (Yoast SEO v22.7) - https:\/\/yoast.com\/wordpress\/plugins\/seo\/ -->\n<title>&quot;Politico&quot; k\u00fcrt Donald Trump zum einflussreichsten Politiker in Europa - just-now.NEWS Deutschland<\/title>\n<meta name=\"robots\" content=\"index, follow, max-snippet:-1, max-image-preview:large, max-video-preview:-1\" \/>\n<link rel=\"canonical\" href=\"https:\/\/now-news.de\/de\/deutschland\/politico-kuert-donald-trump-zum-einflussreichsten-politiker-in-europa\/\" \/>\n<meta property=\"og:locale\" content=\"de_DE\" \/>\n<meta property=\"og:type\" content=\"article\" \/>\n<meta property=\"og:title\" content=\"&quot;Politico&quot; k\u00fcrt Donald Trump zum einflussreichsten Politiker in Europa\" \/>\n<meta property=\"og:description\" content=\"Das Nachrichtenmagazin &#8220;Politico&#8221; hat am Dienstag seine allj\u00e4hrliche Liste von 28 einflussreichsten Europ\u00e4ern ver\u00f6ffentlicht. Ein Novum: Angef\u00fchrt wird sie 2025 von Donald Trump, der bekanntlich kein Europ\u00e4er ist, aber so viel Einfluss aus\u00fcbt, dass man ihn offenbar nicht \u00fcbergehen konnte. US-Pr\u00e4sident Donald Trump ist nach der Version von Politico der einflussreichste europ\u00e4ische Politiker. Das Politmagazin [&hellip;]\" \/>\n<meta property=\"og:url\" content=\"https:\/\/now-news.de\/de\/deutschland\/politico-kuert-donald-trump-zum-einflussreichsten-politiker-in-europa\/\" \/>\n<meta property=\"og:site_name\" content=\"just-now.NEWS Deutschland\" \/>\n<meta property=\"article:publisher\" content=\"https:\/\/www.facebook.com\/wirmachenauf\" \/>\n<meta property=\"article:published_time\" content=\"2025-12-09T17:24:14+00:00\" \/>\n<meta property=\"og:image\" content=\"https:\/\/now-news.de\/de\/wp-content\/uploads\/sites\/3\/2025\/12\/69384c0848fbef199413ba33.jpg\" \/>\n<meta name=\"author\" content=\"rtnews\" \/>\n<meta name=\"twitter:card\" content=\"summary_large_image\" \/>\n<meta name=\"twitter:creator\" content=\"@WirMachenAuf_de\" \/>\n<meta name=\"twitter:site\" content=\"@WirMachenAuf_de\" \/>\n<meta name=\"twitter:label1\" content=\"Verfasst von\" \/>\n\t<meta name=\"twitter:data1\" content=\"rtnews\" \/>\n\t<meta name=\"twitter:label2\" content=\"Gesch\u00e4tzte Lesezeit\" \/>\n\t<meta name=\"twitter:data2\" content=\"2\u00a0Minuten\" \/>\n<script type=\"application\/ld+json\" class=\"yoast-schema-graph\">{\"@context\":\"https:\/\/schema.org\",\"@graph\":[{\"@type\":\"Article\",\"@id\":\"https:\/\/now-news.de\/de\/deutschland\/politico-kuert-donald-trump-zum-einflussreichsten-politiker-in-europa\/#article\",\"isPartOf\":{\"@id\":\"https:\/\/now-news.de\/de\/deutschland\/politico-kuert-donald-trump-zum-einflussreichsten-politiker-in-europa\/\"},\"author\":{\"name\":\"rtnews\",\"@id\":\"https:\/\/now-news.de\/de\/#\/schema\/person\/fb534a4e865501d8b3285208df34a9b5\"},\"headline\":\"&quot;Politico&quot; k\u00fcrt Donald Trump zum einflussreichsten Politiker in Europa\",\"datePublished\":\"2025-12-09T17:24:14+00:00\",\"dateModified\":\"2025-12-09T17:24:14+00:00\",\"mainEntityOfPage\":{\"@id\":\"https:\/\/now-news.de\/de\/deutschland\/politico-kuert-donald-trump-zum-einflussreichsten-politiker-in-europa\/\"},\"wordCount\":382,\"commentCount\":0,\"publisher\":{\"@id\":\"https:\/\/now-news.de\/de\/#organization\"},\"image\":{\"@id\":\"https:\/\/now-news.de\/de\/deutschland\/politico-kuert-donald-trump-zum-einflussreichsten-politiker-in-europa\/#primaryimage\"},\"thumbnailUrl\":\"https:\/\/now-news.de\/de\/wp-content\/uploads\/sites\/3\/2025\/12\/quotPoliticoquot-kuert-Donald-Trump-zum-einflussreichsten-Politiker-in-Europa.jpg\",\"keywords\":[\"Donald\",\"einflussreichsten\",\"Europa\",\"k\u00fcrt\",\"Politiker\",\"quotPoliticoquot\",\"trump\",\"zum\"],\"articleSection\":[\"Deutschland\",\"Russland\"],\"inLanguage\":\"de\",\"potentialAction\":[{\"@type\":\"CommentAction\",\"name\":\"Comment\",\"target\":[\"https:\/\/now-news.de\/de\/deutschland\/politico-kuert-donald-trump-zum-einflussreichsten-politiker-in-europa\/#respond\"]}]},{\"@type\":\"WebPage\",\"@id\":\"https:\/\/now-news.de\/de\/deutschland\/politico-kuert-donald-trump-zum-einflussreichsten-politiker-in-europa\/\",\"url\":\"https:\/\/now-news.de\/de\/deutschland\/politico-kuert-donald-trump-zum-einflussreichsten-politiker-in-europa\/\",\"name\":\"&quot;Politico&quot; k\u00fcrt Donald Trump zum einflussreichsten Politiker in Europa - just-now.NEWS Deutschland\",\"isPartOf\":{\"@id\":\"https:\/\/now-news.de\/de\/#website\"},\"primaryImageOfPage\":{\"@id\":\"https:\/\/now-news.de\/de\/deutschland\/politico-kuert-donald-trump-zum-einflussreichsten-politiker-in-europa\/#primaryimage\"},\"image\":{\"@id\":\"https:\/\/now-news.de\/de\/deutschland\/politico-kuert-donald-trump-zum-einflussreichsten-politiker-in-europa\/#primaryimage\"},\"thumbnailUrl\":\"https:\/\/now-news.de\/de\/wp-content\/uploads\/sites\/3\/2025\/12\/quotPoliticoquot-kuert-Donald-Trump-zum-einflussreichsten-Politiker-in-Europa.jpg\",\"datePublished\":\"2025-12-09T17:24:14+00:00\",\"dateModified\":\"2025-12-09T17:24:14+00:00\",\"breadcrumb\":{\"@id\":\"https:\/\/now-news.de\/de\/deutschland\/politico-kuert-donald-trump-zum-einflussreichsten-politiker-in-europa\/#breadcrumb\"},\"inLanguage\":\"de\",\"potentialAction\":[{\"@type\":\"ReadAction\",\"target\":[\"https:\/\/now-news.de\/de\/deutschland\/politico-kuert-donald-trump-zum-einflussreichsten-politiker-in-europa\/\"]}]},{\"@type\":\"ImageObject\",\"inLanguage\":\"de\",\"@id\":\"https:\/\/now-news.de\/de\/deutschland\/politico-kuert-donald-trump-zum-einflussreichsten-politiker-in-europa\/#primaryimage\",\"url\":\"https:\/\/now-news.de\/de\/wp-content\/uploads\/sites\/3\/2025\/12\/quotPoliticoquot-kuert-Donald-Trump-zum-einflussreichsten-Politiker-in-Europa.jpg\",\"contentUrl\":\"https:\/\/now-news.de\/de\/wp-content\/uploads\/sites\/3\/2025\/12\/quotPoliticoquot-kuert-Donald-Trump-zum-einflussreichsten-Politiker-in-Europa.jpg\",\"width\":460,\"height\":259,\"caption\":\"&quot;Politico&quot; k\u00fcrt Donald Trump zum einflussreichsten Politiker in Europa\"},{\"@type\":\"BreadcrumbList\",\"@id\":\"https:\/\/now-news.de\/de\/deutschland\/politico-kuert-donald-trump-zum-einflussreichsten-politiker-in-europa\/#breadcrumb\",\"itemListElement\":[{\"@type\":\"ListItem\",\"position\":1,\"name\":\"Home\",\"item\":\"https:\/\/now-news.de\/de\/\"},{\"@type\":\"ListItem\",\"position\":2,\"name\":\"&quot;Politico&quot; k\u00fcrt Donald Trump zum einflussreichsten Politiker in Europa\"}]},{\"@type\":\"WebSite\",\"@id\":\"https:\/\/now-news.de\/de\/#website\",\"url\":\"https:\/\/now-news.de\/de\/\",\"name\":\"just-now.NEWS Deutschland\",\"description\":\"Das Portal f\u00fcr unzensierte Nachrichten aus der Welt\",\"publisher\":{\"@id\":\"https:\/\/now-news.de\/de\/#organization\"},\"potentialAction\":[{\"@type\":\"SearchAction\",\"target\":{\"@type\":\"EntryPoint\",\"urlTemplate\":\"https:\/\/now-news.de\/de\/?s={search_term_string}\"},\"query-input\":\"required name=search_term_string\"}],\"inLanguage\":\"de\"},{\"@type\":\"Organization\",\"@id\":\"https:\/\/now-news.de\/de\/#organization\",\"name\":\"Just Now News\",\"url\":\"https:\/\/now-news.de\/de\/\",\"logo\":{\"@type\":\"ImageObject\",\"inLanguage\":\"de\",\"@id\":\"https:\/\/now-news.de\/de\/#\/schema\/logo\/image\/\",\"url\":\"http:\/\/just-now.news\/de\/wp-content\/uploads\/sites\/3\/2022\/04\/logo500x500.jpg\",\"contentUrl\":\"http:\/\/just-now.news\/de\/wp-content\/uploads\/sites\/3\/2022\/04\/logo500x500.jpg\",\"width\":500,\"height\":500,\"caption\":\"Just Now News\"},\"image\":{\"@id\":\"https:\/\/now-news.de\/de\/#\/schema\/logo\/image\/\"},\"sameAs\":[\"https:\/\/www.facebook.com\/wirmachenauf\",\"https:\/\/x.com\/WirMachenAuf_de\"]},{\"@type\":\"Person\",\"@id\":\"https:\/\/now-news.de\/de\/#\/schema\/person\/fb534a4e865501d8b3285208df34a9b5\",\"name\":\"rtnews\",\"image\":{\"@type\":\"ImageObject\",\"inLanguage\":\"de\",\"@id\":\"https:\/\/now-news.de\/de\/#\/schema\/person\/image\/\",\"url\":\"https:\/\/secure.gravatar.com\/avatar\/82aafea7d8127119dd649515f56e2117?s=96&d=mm&r=g\",\"contentUrl\":\"https:\/\/secure.gravatar.com\/avatar\/82aafea7d8127119dd649515f56e2117?s=96&d=mm&r=g\",\"caption\":\"rtnews\"},\"url\":\"https:\/\/now-news.de\/de\/author\/rnews\/\"}]}<\/script>\n<!-- \/ Yoast SEO Premium plugin. -->","yoast_head_json":{"title":"&quot;Politico&quot; k\u00fcrt Donald Trump zum einflussreichsten Politiker in Europa - just-now.NEWS Deutschland","robots":{"index":"index","follow":"follow","max-snippet":"max-snippet:-1","max-image-preview":"max-image-preview:large","max-video-preview":"max-video-preview:-1"},"canonical":"https:\/\/now-news.de\/de\/deutschland\/politico-kuert-donald-trump-zum-einflussreichsten-politiker-in-europa\/","og_locale":"de_DE","og_type":"article","og_title":"&quot;Politico&quot; k\u00fcrt Donald Trump zum einflussreichsten Politiker in Europa","og_description":"Das Nachrichtenmagazin &#8220;Politico&#8221; hat am Dienstag seine allj\u00e4hrliche Liste von 28 einflussreichsten Europ\u00e4ern ver\u00f6ffentlicht. Ein Novum: Angef\u00fchrt wird sie 2025 von Donald Trump, der bekanntlich kein Europ\u00e4er ist, aber so viel Einfluss aus\u00fcbt, dass man ihn offenbar nicht \u00fcbergehen konnte. US-Pr\u00e4sident Donald Trump ist nach der Version von Politico der einflussreichste europ\u00e4ische Politiker. Das Politmagazin [&hellip;]","og_url":"https:\/\/now-news.de\/de\/deutschland\/politico-kuert-donald-trump-zum-einflussreichsten-politiker-in-europa\/","og_site_name":"just-now.NEWS Deutschland","article_publisher":"https:\/\/www.facebook.com\/wirmachenauf","article_published_time":"2025-12-09T17:24:14+00:00","og_image":[{"url":"https:\/\/now-news.de\/de\/wp-content\/uploads\/sites\/3\/2025\/12\/69384c0848fbef199413ba33.jpg"}],"author":"rtnews","twitter_card":"summary_large_image","twitter_creator":"@WirMachenAuf_de","twitter_site":"@WirMachenAuf_de","twitter_misc":{"Verfasst von":"rtnews","Gesch\u00e4tzte Lesezeit":"2\u00a0Minuten"},"schema":{"@context":"https:\/\/schema.org","@graph":[{"@type":"Article","@id":"https:\/\/now-news.de\/de\/deutschland\/politico-kuert-donald-trump-zum-einflussreichsten-politiker-in-europa\/#article","isPartOf":{"@id":"https:\/\/now-news.de\/de\/deutschland\/politico-kuert-donald-trump-zum-einflussreichsten-politiker-in-europa\/"},"author":{"name":"rtnews","@id":"https:\/\/now-news.de\/de\/#\/schema\/person\/fb534a4e865501d8b3285208df34a9b5"},"headline":"&quot;Politico&quot; k\u00fcrt Donald Trump zum einflussreichsten Politiker in Europa","datePublished":"2025-12-09T17:24:14+00:00","dateModified":"2025-12-09T17:24:14+00:00","mainEntityOfPage":{"@id":"https:\/\/now-news.de\/de\/deutschland\/politico-kuert-donald-trump-zum-einflussreichsten-politiker-in-europa\/"},"wordCount":382,"commentCount":0,"publisher":{"@id":"https:\/\/now-news.de\/de\/#organization"},"image":{"@id":"https:\/\/now-news.de\/de\/deutschland\/politico-kuert-donald-trump-zum-einflussreichsten-politiker-in-europa\/#primaryimage"},"thumbnailUrl":"https:\/\/now-news.de\/de\/wp-content\/uploads\/sites\/3\/2025\/12\/quotPoliticoquot-kuert-Donald-Trump-zum-einflussreichsten-Politiker-in-Europa.jpg","keywords":["Donald","einflussreichsten","Europa","k\u00fcrt","Politiker","quotPoliticoquot","trump","zum"],"articleSection":["Deutschland","Russland"],"inLanguage":"de","potentialAction":[{"@type":"CommentAction","name":"Comment","target":["https:\/\/now-news.de\/de\/deutschland\/politico-kuert-donald-trump-zum-einflussreichsten-politiker-in-europa\/#respond"]}]},{"@type":"WebPage","@id":"https:\/\/now-news.de\/de\/deutschland\/politico-kuert-donald-trump-zum-einflussreichsten-politiker-in-europa\/","url":"https:\/\/now-news.de\/de\/deutschland\/politico-kuert-donald-trump-zum-einflussreichsten-politiker-in-europa\/","name":"&quot;Politico&quot; k\u00fcrt Donald Trump zum einflussreichsten Politiker in Europa - just-now.NEWS Deutschland","isPartOf":{"@id":"https:\/\/now-news.de\/de\/#website"},"primaryImageOfPage":{"@id":"https:\/\/now-news.de\/de\/deutschland\/politico-kuert-donald-trump-zum-einflussreichsten-politiker-in-europa\/#primaryimage"},"image":{"@id":"https:\/\/now-news.de\/de\/deutschland\/politico-kuert-donald-trump-zum-einflussreichsten-politiker-in-europa\/#primaryimage"},"thumbnailUrl":"https:\/\/now-news.de\/de\/wp-content\/uploads\/sites\/3\/2025\/12\/quotPoliticoquot-kuert-Donald-Trump-zum-einflussreichsten-Politiker-in-Europa.jpg","datePublished":"2025-12-09T17:24:14+00:00","dateModified":"2025-12-09T17:24:14+00:00","breadcrumb":{"@id":"https:\/\/now-news.de\/de\/deutschland\/politico-kuert-donald-trump-zum-einflussreichsten-politiker-in-europa\/#breadcrumb"},"inLanguage":"de","potentialAction":[{"@type":"ReadAction","target":["https:\/\/now-news.de\/de\/deutschland\/politico-kuert-donald-trump-zum-einflussreichsten-politiker-in-europa\/"]}]},{"@type":"ImageObject","inLanguage":"de","@id":"https:\/\/now-news.de\/de\/deutschland\/politico-kuert-donald-trump-zum-einflussreichsten-politiker-in-europa\/#primaryimage","url":"https:\/\/now-news.de\/de\/wp-content\/uploads\/sites\/3\/2025\/12\/quotPoliticoquot-kuert-Donald-Trump-zum-einflussreichsten-Politiker-in-Europa.jpg","contentUrl":"https:\/\/now-news.de\/de\/wp-content\/uploads\/sites\/3\/2025\/12\/quotPoliticoquot-kuert-Donald-Trump-zum-einflussreichsten-Politiker-in-Europa.jpg","width":460,"height":259,"caption":"&quot;Politico&quot; k\u00fcrt Donald Trump zum einflussreichsten Politiker in Europa"},{"@type":"BreadcrumbList","@id":"https:\/\/now-news.de\/de\/deutschland\/politico-kuert-donald-trump-zum-einflussreichsten-politiker-in-europa\/#breadcrumb","itemListElement":[{"@type":"ListItem","position":1,"name":"Home","item":"https:\/\/now-news.de\/de\/"},{"@type":"ListItem","position":2,"name":"&quot;Politico&quot; k\u00fcrt Donald Trump zum einflussreichsten Politiker in Europa"}]},{"@type":"WebSite","@id":"https:\/\/now-news.de\/de\/#website","url":"https:\/\/now-news.de\/de\/","name":"just-now.NEWS Deutschland","description":"Das Portal f\u00fcr unzensierte Nachrichten aus der Welt","publisher":{"@id":"https:\/\/now-news.de\/de\/#organization"},"potentialAction":[{"@type":"SearchAction","target":{"@type":"EntryPoint","urlTemplate":"https:\/\/now-news.de\/de\/?s={search_term_string}"},"query-input":"required name=search_term_string"}],"inLanguage":"de"},{"@type":"Organization","@id":"https:\/\/now-news.de\/de\/#organization","name":"Just Now News","url":"https:\/\/now-news.de\/de\/","logo":{"@type":"ImageObject","inLanguage":"de","@id":"https:\/\/now-news.de\/de\/#\/schema\/logo\/image\/","url":"http:\/\/just-now.news\/de\/wp-content\/uploads\/sites\/3\/2022\/04\/logo500x500.jpg","contentUrl":"http:\/\/just-now.news\/de\/wp-content\/uploads\/sites\/3\/2022\/04\/logo500x500.jpg","width":500,"height":500,"caption":"Just Now News"},"image":{"@id":"https:\/\/now-news.de\/de\/#\/schema\/logo\/image\/"},"sameAs":["https:\/\/www.facebook.com\/wirmachenauf","https:\/\/x.com\/WirMachenAuf_de"]},{"@type":"Person","@id":"https:\/\/now-news.de\/de\/#\/schema\/person\/fb534a4e865501d8b3285208df34a9b5","name":"rtnews","image":{"@type":"ImageObject","inLanguage":"de","@id":"https:\/\/now-news.de\/de\/#\/schema\/person\/image\/","url":"https:\/\/secure.gravatar.com\/avatar\/82aafea7d8127119dd649515f56e2117?s=96&d=mm&r=g","contentUrl":"https:\/\/secure.gravatar.com\/avatar\/82aafea7d8127119dd649515f56e2117?s=96&d=mm&r=g","caption":"rtnews"},"url":"https:\/\/now-news.de\/de\/author\/rnews\/"}]}},"_links":{"self":[{"href":"https:\/\/now-news.de\/de\/wp-json\/wp\/v2\/posts\/95476"}],"collection":[{"href":"https:\/\/now-news.de\/de\/wp-json\/wp\/v2\/posts"}],"about":[{"href":"https:\/\/now-news.de\/de\/wp-json\/wp\/v2\/types\/post"}],"author":[{"embeddable":true,"href":"https:\/\/now-news.de\/de\/wp-json\/wp\/v2\/users\/3"}],"replies":[{"embeddable":true,"href":"https:\/\/now-news.de\/de\/wp-json\/wp\/v2\/comments?post=95476"}],"version-history":[{"count":0,"href":"https:\/\/now-news.de\/de\/wp-json\/wp\/v2\/posts\/95476\/revisions"}],"wp:featuredmedia":[{"embeddable":true,"href":"https:\/\/now-news.de\/de\/wp-json\/wp\/v2\/media\/95477"}],"wp:attachment":[{"href":"https:\/\/now-news.de\/de\/wp-json\/wp\/v2\/media?parent=95476"}],"wp:term":[{"taxonomy":"category","embeddable":true,"href":"https:\/\/now-news.de\/de\/wp-json\/wp\/v2\/categories?post=95476"},{"taxonomy":"post_tag","embeddable":true,"href":"https:\/\/now-news.de\/de\/wp-json\/wp\/v2\/tags?post=95476"}],"curies":[{"name":"wp","href":"https:\/\/api.w.org\/{rel}","templated":true}]}}