{"id":95433,"date":"2025-12-09T09:44:28","date_gmt":"2025-12-09T07:44:28","guid":{"rendered":"https:\/\/now-news.de\/de\/deutschland\/donald-trump-jr-trat-in-doha-in-die-fussstapfen-seines-vaters\/"},"modified":"2025-12-09T09:44:28","modified_gmt":"2025-12-09T07:44:28","slug":"donald-trump-jr-trat-in-doha-in-die-fussstapfen-seines-vaters","status":"publish","type":"post","link":"https:\/\/now-news.de\/de\/deutschland\/donald-trump-jr-trat-in-doha-in-die-fussstapfen-seines-vaters\/","title":{"rendered":"Donald Trump Jr. trat in Doha in die Fu\u00dfstapfen seines Vaters"},"content":{"rendered":"<p><img decoding=\"async\" src=\"https:\/\/now-news.de\/de\/wp-content\/uploads\/sites\/3\/2025\/12\/693725fab480cc357824cef6.jpg\" \/><\/p>\n<div class=\"Text-root Text-type_1 \">\n                Der Sohn des US-Pr\u00e4sidenten Trump sagte am vergangenen Wochenende laut und deutlich, was auch hierzulande viele denken: Die abgehobenen EU-Eliten unterst\u00fctzen \u2013 nicht ganz uneigenn\u00fctzig \u2013 Kiew mit zig Milliarden, damit der Krieg gegen Russland weitergeht, w\u00e4hrend ihre eigenen V\u00f6lker zunehmend leiden.\n            <\/div>\n<p><\/p>\n<div class=\"Text-root Text-type_5 ArticleView-text ViewText-root \">\n<p><em>Von Rainer Rupp<\/em><\/p>\n<p>Die Botschaft von Donald Trump Jr. beim 23. Doha Forum in der Hauptstadt Katars am Persischen Golf war deutlich: F\u00fcr die EU-Spitzenpolitiker ist Wladimir Selenskij unantastbar und jenseits jeglicher Kritik, w\u00e4hrend die einfachen Europ\u00e4er den Preis daf\u00fcr in Form von h\u00f6heren Steuern und Abgaben, Inflation und sinkender Sicherheit in ihrem sozialen Umfeld zahlen. Die EU als Institution habe einen Heldenmythos um Selenskij geschaffen und dabei die F\u00e4ulnis hinter den Kulissen bewusst ignoriert. W\u00f6rtlich f\u00fchrte er aus:<\/p>\n<p>&#8220;Weil er einer der gr\u00f6\u00dften Marketing-Genies aller Zeiten ist, wurde Selenskij zu einer Art Halbgott, besonders f\u00fcr die Linke, wo er nichts falsch machen konnte. Er war unantastbar. Jahrelange Korruption, jahrelanger Betrug und Diebstahl auf Weltniveau, von dem jeder in diesem Raum wusste, dass er stattfand, wurden v\u00f6llig verziehen \u2013 und das ist l\u00e4cherlich. Wir handeln nicht in der Realit\u00e4t.&#8221;<\/p>\n<p>Trump Jr. prangert auch die Heuchelei an, die Anfang des Jahres viral ging, als Selenskijs engste Verb\u00fcndete in luxuri\u00f6sen Supersportwagen aus der Ukraine flohen, w\u00e4hrend die EU ihm weiterhin zig Milliarden ohne Rechenschaftspflicht schickte. Washington unter Pr\u00e4sident Trump sei nicht mehr bereit, Europas Fantasien von einem Sieg \u00fcber Russland zu finanzieren, so Donald Junior. Und der j\u00fcngste Korruptionsskandal habe nur noch mehr &#8220;\u00d6l ins Feuer&#8221; gegossen.<\/p>\n<p>Hier folgen weitere wichtige Punkte aus der Rede von Donald Trump Jr.:<\/p>\n<p><strong>1. Fehlender Appetit der US-Bev\u00f6lkerung\u00a0auf den Ukraine-Krieg<\/strong><\/p>\n<p>Die amerikanische \u00d6ffentlichkeit messe der L\u00f6sung interner Probleme der USA (zum Beispiel der Fentanyl-Krise) weitaus h\u00f6here Priorit\u00e4t bei als dem Konflikt in der Ukraine, an dem \u2012 so Trump Jr. \u2012 niemand unter den &#8220;US-Normalb\u00fcrgern&#8221; interessiert sei. Er betonte, dass er das aus pers\u00f6nlicher Erfahrung bezeugen k\u00f6nne.<\/p>\n<p>&#8220;Seit der (russischen) Invasion in der Ukraine habe ich gro\u00dfe politische F\u00fchrer, wie Mitch McConnell im Senat der Vereinigten Staaten geh\u00f6rt, der sagte, das sei das wichtigste Thema f\u00fcr die Republikaner in den USA. Und ich sagte: Das ist seltsam. Ich spreche t\u00e4glich mit Republikanern im ganzen Land, wahrscheinlich weit mehr als Mitch es je getan hat, trotz seiner 37-j\u00e4hrigen politischen Karriere. Ich habe das w\u00f6chentlich gemacht und bei jedem Vortrag, den ich hielt, die Menschen befragt.&#8221;<\/p>\n<p>&#8220;Es kam zu dem Punkt, an dem ich wahrscheinlich mit weit \u00fcber 200.000 Amerikanern direkt gesprochen habe. Ich stand in einem Saal wie diesem und fragte: &#8216;Ist Russland-Ukraine f\u00fcr euch hier im Raum eines der Top-3-Themen?&#8217; Nichts. &#8216;Ist es eins unter den Top-10-Themen f\u00fcr jemanden im Raum?&#8217; Ich glaube, einmal haben drei Personen gesagt, es sei eins von zehn Top-Themen. Drei aus Hunderttausenden, die ich jedes Wochenende \u00fcber zwei Jahre hinweg bis zum Wahlkampfende befragt habe. Eine Person hatte die Frage missverstanden \u2013 sie dachte, es sei eine doppelte Verneinung. Eine Person kam tats\u00e4chlich aus Kiew, f\u00fcr die war es ein gro\u00dfes Thema. Und die dritte Person sa\u00df, glaube ich, im Vorstand von Raytheon (Raketenproduzent). Bei den Leuten gab es also keinen Appetit (auf den Krieg in der Ukraine).&#8221;<\/p>\n<p><strong>2. Europa muss mehr Verantwortung \u00fcbernehmen<\/strong><\/p>\n<p>Ironisch f\u00fcgte er an, dass es die EU sei, die ein viel gr\u00f6\u00dferes direktes Interesse an einem Sieg der Ukraine \u00fcber Russland habe als die USA, aber dennoch stets verlange, dass die USA\u00a0am meisten f\u00fcr diesen ohnehin unrealistischen Plan bezahlen sollen.<\/p>\n<p>&#8220;Ich denke, dass ich jahrelang dasselbe Muster beobachten konnte: Man wollte Russland angreifen, man wollte dies und das tun \u2013 aber wenn es darum ging, selbst einen Scheck auszustellen, hie\u00df es: Nein, nein, nein, das sollen die USA machen. Die amerikanische \u00d6ffentlichkeit hat keinen Appetit darauf.&#8221;<\/p>\n<p>&#8220;Wenn wir in die alten Muster zur\u00fcckfallen, dass Amerika einfach der gro\u00dfe Trottel mit dem Scheckbuch ist, dann wird das nicht funktionieren. Das wird nicht passieren. Und Sie haben gesehen, was passiert ist, als mein Vater damit drohte, sich zur\u00fcckzuziehen: Wir machen das nicht mehr l\u00e4nger, weil er auf die Menschen h\u00f6rt, die ihn ins Amt gew\u00e4hlt haben. Die ganze (westliche) Welt fand das emp\u00f6rend. Es ist nicht emp\u00f6rend. Es ist gesunder Menschenverstand.&#8221;<\/p>\n<p>Weiter f\u00fchrte er aus, die bisherige Erwartung, dass Amerika den Gro\u00dfteil der NATO finanziert, sei nicht mehr haltbar. Ohne amerikanische &#8220;Blankoschecks&#8221; m\u00fcssten die Europ\u00e4er &#8220;ihren fairen Anteil leisten&#8221;, und wenn sie wirklich in Russland eine Bedrohung sehen, m\u00fcssten sie auch ihre Verteidigungsausgaben auf 5 Prozent des BIP erh\u00f6hen.<\/p>\n<p><strong>3. Kritik an der aktuellen westlichen Strategie<\/strong><\/p>\n<p>Die Idee, Russland durch Sanktionen wirtschaftlich in die Knie zu zwingen, oder den Krieg in der Ukraine so lange fortzuf\u00fchren, &#8220;bis Russland bankrottgeht&#8221;, sei ein Verliererplan gewesen. Tats\u00e4chlich h\u00e4tten die Sanktionen gegen Russland zu h\u00f6heren \u00d6lpreisen gef\u00fchrt und mit dieser Differenz habe Moskau bequem den Krieg finanzieren und gleichzeitig seine eigene R\u00fcstungsproduktion massiv ausbauen k\u00f6nnen. Es sei klar gewesen, &#8220;dass die Sanktionen, die wir verh\u00e4ngt haben, nichts halfen&#8221;.<\/p>\n<p><strong>4. Massive Korruption in der Ukraine als Hindernis f\u00fcr den Frieden<\/strong><\/p>\n<p>Fast 300 Milliarden US-Dollar Hilfen seien ohne echte Pr\u00fcfung der Verwendung nach Kiew geflossen. Ein wichtiges Zeichen f\u00fcr das Ausma\u00df der Korruption der ukrainischen Eliten sei die unversch\u00e4mte Zurschaustellung ihres Reichtums im Ausland. W\u00f6rtlich sagte er:<\/p>\n<p>&#8220;Eine der beeindruckendsten Sachen, die ich diesen Sommer erlebt habe: Ich war mit meiner wunderbaren Freundin Bettina in Monaco unterwegs, und an einem normalen Tag hatten 50 Prozent der Supersportwagen \u2013 Bugattis, Ferraris und so weiter \u2013 ukrainische Kennzeichen. Glauben wir wirklich, dass das in der Ukraine verdient wurde? Ich war vor 20 Jahren in der Ukraine. Es gab dort nicht gerade einen \u00dcberfluss an Reichtum. Und doch sieht man, dass die Nummer zwei (des Selenskij-Regimes) dort wegen des Diebstahls von Hunderten Millionen Dollar festgenommen wird. Man h\u00f6rt all die Ger\u00fcchte \u00fcber das, was dort vor sich geht.&#8221;<\/p>\n<p>&#8220;Wenn ich in Monaco auf jedem Supersportwagen ukrainische Kennzeichen sehe: Die Reichen sind geflohen. Sie haben die Klasse, die sie f\u00fcr Bauern hielten, die Kriege k\u00e4mpfen lassen. Und es gab keinen Anreiz, aufzuh\u00f6ren, solange der Geldtrog immer neu gef\u00fcllt wurde, und sie stahlen und stahlen und niemand hat etwas \u00fcberpr\u00fcft. Die politischen F\u00fchrer und Entscheidungstr\u00e4ger hatten keinen Grund, je an den Verhandlungstisch zu kommen.&#8221;<\/p>\n<p><strong>5. Strategische Neuorientierung der USA: Fokus auf China statt Russland<\/strong><\/p>\n<p>Statt Russland, China und Iran gleichzeitig zu Feinden zu haben, pl\u00e4diert Trump Jr. f\u00fcr eine &#8220;umgekehrte Kissinger-Strategie&#8221;: mit Russland gute Gesch\u00e4ftsbeziehungen und die Kr\u00e4fte der USA auf die eigentliche &#8220;gro\u00dfe Bedrohung&#8221; konzentrieren, auf China.<\/p>\n<p><strong>6. Vorteil der Unberechenbarkeit Trumps<\/strong><\/p>\n<p>Die Unberechenbarkeit seines Vaters zwinge alle Beteiligten zu intellektuell ehrlichen Verhandlungen, anstatt auf automatisierte US-Unterst\u00fctzung zu setzen. Das k\u00f6nne zu realen L\u00f6sungen f\u00fchren, einschlie\u00dflich der M\u00f6glichkeit, dass sich die USA zur\u00fcckziehen. W\u00f6rtlich:<\/p>\n<p>&#8220;Das Gute an meinem Vater und das Einzigartige an ihm ist, dass man nicht wei\u00df, was er tun wird. Er ist nicht vorhersehbar. Er folgt nicht dem Drehbuch jedes Clowns, der seit Jahrzehnten B\u00fcrokrat ist. Man wei\u00df es nicht. Und genau das zwingt alle, intellektuell ehrlich zu handeln \u2013 was viel zu lange nicht mehr passiert.&#8221;<\/p>\n<p>Zusammenfassend fordert die Rede ein Ende der einseitigen US-Finanzierung endloser Konflikte, mehr Eigenverantwortung der NATO-Europ\u00e4er und eine Konzentration auf die Auseinandersetzung mit China statt einer Eskalation mit Russland.<\/p>\n<p><strong>Mehr zum Thema<\/strong>\u00a0\u2012 <a rel=\"nofollow noopener\" target=\"_blank\" href=\"https:\/\/freedert.online\/europa\/264098-finanzielle-unterstuetzung-ukraine-broeckelt-nyt-nyt-deckt-hochgradige-korruption-um-selenskij-auf\/\">Finanzielle Unterst\u00fctzung der Ukraine br\u00f6ckelt \u2013 NYT deckt hochgradige Korruption um Selenskij auf <\/a><\/p>\n<\/p>\n<\/div>\n<p><br \/>\n<br \/><a href=\"https:\/\/de.rt.com\/international\/264213-donald-trump-junior-trat-in\/\">Source link <\/a><\/p>\n","protected":false},"excerpt":{"rendered":"<p>Der Sohn des US-Pr\u00e4sidenten Trump sagte am vergangenen Wochenende laut und deutlich, was auch hierzulande viele denken: Die abgehobenen EU-Eliten unterst\u00fctzen \u2013 nicht ganz uneigenn\u00fctzig \u2013 Kiew mit zig Milliarden, damit der Krieg gegen Russland weitergeht, w\u00e4hrend ihre eigenen V\u00f6lker zunehmend leiden. Von Rainer Rupp Die Botschaft von Donald Trump Jr. beim 23. Doha Forum [&hellip;]<\/p>\n","protected":false},"author":3,"featured_media":95434,"comment_status":"open","ping_status":"open","sticky":false,"template":"","format":"standard","meta":{"_yoast_indexnow_last_ping":["1765266932"],"wp_automatic_camp":["217"],"85f7ea3768d0efb331692ede388e81f9":["Donald Trump Jr. trat in Doha in die Fu\u00dfstapfen seines Vaters"],"original_link":["https:\/\/de.rt.com\/international\/264213-donald-trump-junior-trat-in\/"],"_thumbnail_id":["95434"],"jnews_social_counter_last_update":["1777181823"],"_wptgpro_p2tg_sent2tg":["a:1:{i:23737;s:19:\"2025-12-09 09:56:31\";}"]},"categories":[19,23],"tags":[45,26362,3129,10229,841,69756,1639,26036],"yoast_head":"<!-- This site is optimized with the Yoast SEO Premium plugin v22.7 (Yoast SEO v22.7) - https:\/\/yoast.com\/wordpress\/plugins\/seo\/ -->\n<title>Donald Trump Jr. trat in Doha in die Fu\u00dfstapfen seines Vaters - just-now.NEWS Deutschland<\/title>\n<meta name=\"robots\" content=\"index, follow, max-snippet:-1, max-image-preview:large, max-video-preview:-1\" \/>\n<link rel=\"canonical\" href=\"https:\/\/now-news.de\/de\/deutschland\/donald-trump-jr-trat-in-doha-in-die-fussstapfen-seines-vaters\/\" \/>\n<meta property=\"og:locale\" content=\"de_DE\" \/>\n<meta property=\"og:type\" content=\"article\" \/>\n<meta property=\"og:title\" content=\"Donald Trump Jr. trat in Doha in die Fu\u00dfstapfen seines Vaters\" \/>\n<meta property=\"og:description\" content=\"Der Sohn des US-Pr\u00e4sidenten Trump sagte am vergangenen Wochenende laut und deutlich, was auch hierzulande viele denken: Die abgehobenen EU-Eliten unterst\u00fctzen \u2013 nicht ganz uneigenn\u00fctzig \u2013 Kiew mit zig Milliarden, damit der Krieg gegen Russland weitergeht, w\u00e4hrend ihre eigenen V\u00f6lker zunehmend leiden. Von Rainer Rupp Die Botschaft von Donald Trump Jr. beim 23. Doha Forum [&hellip;]\" \/>\n<meta property=\"og:url\" content=\"https:\/\/now-news.de\/de\/deutschland\/donald-trump-jr-trat-in-doha-in-die-fussstapfen-seines-vaters\/\" \/>\n<meta property=\"og:site_name\" content=\"just-now.NEWS Deutschland\" \/>\n<meta property=\"article:publisher\" content=\"https:\/\/www.facebook.com\/wirmachenauf\" \/>\n<meta property=\"article:published_time\" content=\"2025-12-09T07:44:28+00:00\" \/>\n<meta property=\"og:image\" content=\"https:\/\/now-news.de\/de\/wp-content\/uploads\/sites\/3\/2025\/12\/693725fab480cc357824cef6.jpg\" \/>\n<meta name=\"author\" content=\"rtnews\" \/>\n<meta name=\"twitter:card\" content=\"summary_large_image\" \/>\n<meta name=\"twitter:creator\" content=\"@WirMachenAuf_de\" \/>\n<meta name=\"twitter:site\" content=\"@WirMachenAuf_de\" \/>\n<meta name=\"twitter:label1\" content=\"Verfasst von\" \/>\n\t<meta name=\"twitter:data1\" content=\"rtnews\" \/>\n\t<meta name=\"twitter:label2\" content=\"Gesch\u00e4tzte Lesezeit\" \/>\n\t<meta name=\"twitter:data2\" content=\"6\u00a0Minuten\" \/>\n<script type=\"application\/ld+json\" class=\"yoast-schema-graph\">{\"@context\":\"https:\/\/schema.org\",\"@graph\":[{\"@type\":\"Article\",\"@id\":\"https:\/\/now-news.de\/de\/deutschland\/donald-trump-jr-trat-in-doha-in-die-fussstapfen-seines-vaters\/#article\",\"isPartOf\":{\"@id\":\"https:\/\/now-news.de\/de\/deutschland\/donald-trump-jr-trat-in-doha-in-die-fussstapfen-seines-vaters\/\"},\"author\":{\"name\":\"rtnews\",\"@id\":\"https:\/\/now-news.de\/de\/#\/schema\/person\/fb534a4e865501d8b3285208df34a9b5\"},\"headline\":\"Donald Trump Jr. trat in Doha in die Fu\u00dfstapfen seines Vaters\",\"datePublished\":\"2025-12-09T07:44:28+00:00\",\"dateModified\":\"2025-12-09T07:44:28+00:00\",\"mainEntityOfPage\":{\"@id\":\"https:\/\/now-news.de\/de\/deutschland\/donald-trump-jr-trat-in-doha-in-die-fussstapfen-seines-vaters\/\"},\"wordCount\":1292,\"commentCount\":0,\"publisher\":{\"@id\":\"https:\/\/now-news.de\/de\/#organization\"},\"image\":{\"@id\":\"https:\/\/now-news.de\/de\/deutschland\/donald-trump-jr-trat-in-doha-in-die-fussstapfen-seines-vaters\/#primaryimage\"},\"thumbnailUrl\":\"https:\/\/now-news.de\/de\/wp-content\/uploads\/sites\/3\/2025\/12\/Donald-Trump-Jr-trat-in-Doha-in-die-Fussstapfen-seines.jpg\",\"keywords\":[\"die\",\"Doha\",\"Donald\",\"Fu\u00dfstapfen\",\"seines\",\"trat\",\"trump\",\"Vaters\"],\"articleSection\":[\"Deutschland\",\"Russland\"],\"inLanguage\":\"de\",\"potentialAction\":[{\"@type\":\"CommentAction\",\"name\":\"Comment\",\"target\":[\"https:\/\/now-news.de\/de\/deutschland\/donald-trump-jr-trat-in-doha-in-die-fussstapfen-seines-vaters\/#respond\"]}]},{\"@type\":\"WebPage\",\"@id\":\"https:\/\/now-news.de\/de\/deutschland\/donald-trump-jr-trat-in-doha-in-die-fussstapfen-seines-vaters\/\",\"url\":\"https:\/\/now-news.de\/de\/deutschland\/donald-trump-jr-trat-in-doha-in-die-fussstapfen-seines-vaters\/\",\"name\":\"Donald Trump Jr. trat in Doha in die Fu\u00dfstapfen seines Vaters - just-now.NEWS Deutschland\",\"isPartOf\":{\"@id\":\"https:\/\/now-news.de\/de\/#website\"},\"primaryImageOfPage\":{\"@id\":\"https:\/\/now-news.de\/de\/deutschland\/donald-trump-jr-trat-in-doha-in-die-fussstapfen-seines-vaters\/#primaryimage\"},\"image\":{\"@id\":\"https:\/\/now-news.de\/de\/deutschland\/donald-trump-jr-trat-in-doha-in-die-fussstapfen-seines-vaters\/#primaryimage\"},\"thumbnailUrl\":\"https:\/\/now-news.de\/de\/wp-content\/uploads\/sites\/3\/2025\/12\/Donald-Trump-Jr-trat-in-Doha-in-die-Fussstapfen-seines.jpg\",\"datePublished\":\"2025-12-09T07:44:28+00:00\",\"dateModified\":\"2025-12-09T07:44:28+00:00\",\"breadcrumb\":{\"@id\":\"https:\/\/now-news.de\/de\/deutschland\/donald-trump-jr-trat-in-doha-in-die-fussstapfen-seines-vaters\/#breadcrumb\"},\"inLanguage\":\"de\",\"potentialAction\":[{\"@type\":\"ReadAction\",\"target\":[\"https:\/\/now-news.de\/de\/deutschland\/donald-trump-jr-trat-in-doha-in-die-fussstapfen-seines-vaters\/\"]}]},{\"@type\":\"ImageObject\",\"inLanguage\":\"de\",\"@id\":\"https:\/\/now-news.de\/de\/deutschland\/donald-trump-jr-trat-in-doha-in-die-fussstapfen-seines-vaters\/#primaryimage\",\"url\":\"https:\/\/now-news.de\/de\/wp-content\/uploads\/sites\/3\/2025\/12\/Donald-Trump-Jr-trat-in-Doha-in-die-Fussstapfen-seines.jpg\",\"contentUrl\":\"https:\/\/now-news.de\/de\/wp-content\/uploads\/sites\/3\/2025\/12\/Donald-Trump-Jr-trat-in-Doha-in-die-Fussstapfen-seines.jpg\",\"width\":460,\"height\":259,\"caption\":\"Donald Trump Jr. trat in Doha in die Fu\u00dfstapfen seines Vaters\"},{\"@type\":\"BreadcrumbList\",\"@id\":\"https:\/\/now-news.de\/de\/deutschland\/donald-trump-jr-trat-in-doha-in-die-fussstapfen-seines-vaters\/#breadcrumb\",\"itemListElement\":[{\"@type\":\"ListItem\",\"position\":1,\"name\":\"Home\",\"item\":\"https:\/\/now-news.de\/de\/\"},{\"@type\":\"ListItem\",\"position\":2,\"name\":\"Donald Trump Jr. trat in Doha in die Fu\u00dfstapfen seines Vaters\"}]},{\"@type\":\"WebSite\",\"@id\":\"https:\/\/now-news.de\/de\/#website\",\"url\":\"https:\/\/now-news.de\/de\/\",\"name\":\"just-now.NEWS Deutschland\",\"description\":\"Das Portal f\u00fcr unzensierte Nachrichten aus der Welt\",\"publisher\":{\"@id\":\"https:\/\/now-news.de\/de\/#organization\"},\"potentialAction\":[{\"@type\":\"SearchAction\",\"target\":{\"@type\":\"EntryPoint\",\"urlTemplate\":\"https:\/\/now-news.de\/de\/?s={search_term_string}\"},\"query-input\":\"required name=search_term_string\"}],\"inLanguage\":\"de\"},{\"@type\":\"Organization\",\"@id\":\"https:\/\/now-news.de\/de\/#organization\",\"name\":\"Just Now News\",\"url\":\"https:\/\/now-news.de\/de\/\",\"logo\":{\"@type\":\"ImageObject\",\"inLanguage\":\"de\",\"@id\":\"https:\/\/now-news.de\/de\/#\/schema\/logo\/image\/\",\"url\":\"http:\/\/just-now.news\/de\/wp-content\/uploads\/sites\/3\/2022\/04\/logo500x500.jpg\",\"contentUrl\":\"http:\/\/just-now.news\/de\/wp-content\/uploads\/sites\/3\/2022\/04\/logo500x500.jpg\",\"width\":500,\"height\":500,\"caption\":\"Just Now News\"},\"image\":{\"@id\":\"https:\/\/now-news.de\/de\/#\/schema\/logo\/image\/\"},\"sameAs\":[\"https:\/\/www.facebook.com\/wirmachenauf\",\"https:\/\/x.com\/WirMachenAuf_de\"]},{\"@type\":\"Person\",\"@id\":\"https:\/\/now-news.de\/de\/#\/schema\/person\/fb534a4e865501d8b3285208df34a9b5\",\"name\":\"rtnews\",\"image\":{\"@type\":\"ImageObject\",\"inLanguage\":\"de\",\"@id\":\"https:\/\/now-news.de\/de\/#\/schema\/person\/image\/\",\"url\":\"https:\/\/secure.gravatar.com\/avatar\/82aafea7d8127119dd649515f56e2117?s=96&d=mm&r=g\",\"contentUrl\":\"https:\/\/secure.gravatar.com\/avatar\/82aafea7d8127119dd649515f56e2117?s=96&d=mm&r=g\",\"caption\":\"rtnews\"},\"url\":\"https:\/\/now-news.de\/de\/author\/rnews\/\"}]}<\/script>\n<!-- \/ Yoast SEO Premium plugin. -->","yoast_head_json":{"title":"Donald Trump Jr. trat in Doha in die Fu\u00dfstapfen seines Vaters - just-now.NEWS Deutschland","robots":{"index":"index","follow":"follow","max-snippet":"max-snippet:-1","max-image-preview":"max-image-preview:large","max-video-preview":"max-video-preview:-1"},"canonical":"https:\/\/now-news.de\/de\/deutschland\/donald-trump-jr-trat-in-doha-in-die-fussstapfen-seines-vaters\/","og_locale":"de_DE","og_type":"article","og_title":"Donald Trump Jr. trat in Doha in die Fu\u00dfstapfen seines Vaters","og_description":"Der Sohn des US-Pr\u00e4sidenten Trump sagte am vergangenen Wochenende laut und deutlich, was auch hierzulande viele denken: Die abgehobenen EU-Eliten unterst\u00fctzen \u2013 nicht ganz uneigenn\u00fctzig \u2013 Kiew mit zig Milliarden, damit der Krieg gegen Russland weitergeht, w\u00e4hrend ihre eigenen V\u00f6lker zunehmend leiden. Von Rainer Rupp Die Botschaft von Donald Trump Jr. beim 23. Doha Forum [&hellip;]","og_url":"https:\/\/now-news.de\/de\/deutschland\/donald-trump-jr-trat-in-doha-in-die-fussstapfen-seines-vaters\/","og_site_name":"just-now.NEWS Deutschland","article_publisher":"https:\/\/www.facebook.com\/wirmachenauf","article_published_time":"2025-12-09T07:44:28+00:00","og_image":[{"url":"https:\/\/now-news.de\/de\/wp-content\/uploads\/sites\/3\/2025\/12\/693725fab480cc357824cef6.jpg"}],"author":"rtnews","twitter_card":"summary_large_image","twitter_creator":"@WirMachenAuf_de","twitter_site":"@WirMachenAuf_de","twitter_misc":{"Verfasst von":"rtnews","Gesch\u00e4tzte Lesezeit":"6\u00a0Minuten"},"schema":{"@context":"https:\/\/schema.org","@graph":[{"@type":"Article","@id":"https:\/\/now-news.de\/de\/deutschland\/donald-trump-jr-trat-in-doha-in-die-fussstapfen-seines-vaters\/#article","isPartOf":{"@id":"https:\/\/now-news.de\/de\/deutschland\/donald-trump-jr-trat-in-doha-in-die-fussstapfen-seines-vaters\/"},"author":{"name":"rtnews","@id":"https:\/\/now-news.de\/de\/#\/schema\/person\/fb534a4e865501d8b3285208df34a9b5"},"headline":"Donald Trump Jr. trat in Doha in die Fu\u00dfstapfen seines Vaters","datePublished":"2025-12-09T07:44:28+00:00","dateModified":"2025-12-09T07:44:28+00:00","mainEntityOfPage":{"@id":"https:\/\/now-news.de\/de\/deutschland\/donald-trump-jr-trat-in-doha-in-die-fussstapfen-seines-vaters\/"},"wordCount":1292,"commentCount":0,"publisher":{"@id":"https:\/\/now-news.de\/de\/#organization"},"image":{"@id":"https:\/\/now-news.de\/de\/deutschland\/donald-trump-jr-trat-in-doha-in-die-fussstapfen-seines-vaters\/#primaryimage"},"thumbnailUrl":"https:\/\/now-news.de\/de\/wp-content\/uploads\/sites\/3\/2025\/12\/Donald-Trump-Jr-trat-in-Doha-in-die-Fussstapfen-seines.jpg","keywords":["die","Doha","Donald","Fu\u00dfstapfen","seines","trat","trump","Vaters"],"articleSection":["Deutschland","Russland"],"inLanguage":"de","potentialAction":[{"@type":"CommentAction","name":"Comment","target":["https:\/\/now-news.de\/de\/deutschland\/donald-trump-jr-trat-in-doha-in-die-fussstapfen-seines-vaters\/#respond"]}]},{"@type":"WebPage","@id":"https:\/\/now-news.de\/de\/deutschland\/donald-trump-jr-trat-in-doha-in-die-fussstapfen-seines-vaters\/","url":"https:\/\/now-news.de\/de\/deutschland\/donald-trump-jr-trat-in-doha-in-die-fussstapfen-seines-vaters\/","name":"Donald Trump Jr. trat in Doha in die Fu\u00dfstapfen seines Vaters - just-now.NEWS Deutschland","isPartOf":{"@id":"https:\/\/now-news.de\/de\/#website"},"primaryImageOfPage":{"@id":"https:\/\/now-news.de\/de\/deutschland\/donald-trump-jr-trat-in-doha-in-die-fussstapfen-seines-vaters\/#primaryimage"},"image":{"@id":"https:\/\/now-news.de\/de\/deutschland\/donald-trump-jr-trat-in-doha-in-die-fussstapfen-seines-vaters\/#primaryimage"},"thumbnailUrl":"https:\/\/now-news.de\/de\/wp-content\/uploads\/sites\/3\/2025\/12\/Donald-Trump-Jr-trat-in-Doha-in-die-Fussstapfen-seines.jpg","datePublished":"2025-12-09T07:44:28+00:00","dateModified":"2025-12-09T07:44:28+00:00","breadcrumb":{"@id":"https:\/\/now-news.de\/de\/deutschland\/donald-trump-jr-trat-in-doha-in-die-fussstapfen-seines-vaters\/#breadcrumb"},"inLanguage":"de","potentialAction":[{"@type":"ReadAction","target":["https:\/\/now-news.de\/de\/deutschland\/donald-trump-jr-trat-in-doha-in-die-fussstapfen-seines-vaters\/"]}]},{"@type":"ImageObject","inLanguage":"de","@id":"https:\/\/now-news.de\/de\/deutschland\/donald-trump-jr-trat-in-doha-in-die-fussstapfen-seines-vaters\/#primaryimage","url":"https:\/\/now-news.de\/de\/wp-content\/uploads\/sites\/3\/2025\/12\/Donald-Trump-Jr-trat-in-Doha-in-die-Fussstapfen-seines.jpg","contentUrl":"https:\/\/now-news.de\/de\/wp-content\/uploads\/sites\/3\/2025\/12\/Donald-Trump-Jr-trat-in-Doha-in-die-Fussstapfen-seines.jpg","width":460,"height":259,"caption":"Donald Trump Jr. trat in Doha in die Fu\u00dfstapfen seines Vaters"},{"@type":"BreadcrumbList","@id":"https:\/\/now-news.de\/de\/deutschland\/donald-trump-jr-trat-in-doha-in-die-fussstapfen-seines-vaters\/#breadcrumb","itemListElement":[{"@type":"ListItem","position":1,"name":"Home","item":"https:\/\/now-news.de\/de\/"},{"@type":"ListItem","position":2,"name":"Donald Trump Jr. trat in Doha in die Fu\u00dfstapfen seines Vaters"}]},{"@type":"WebSite","@id":"https:\/\/now-news.de\/de\/#website","url":"https:\/\/now-news.de\/de\/","name":"just-now.NEWS Deutschland","description":"Das Portal f\u00fcr unzensierte Nachrichten aus der Welt","publisher":{"@id":"https:\/\/now-news.de\/de\/#organization"},"potentialAction":[{"@type":"SearchAction","target":{"@type":"EntryPoint","urlTemplate":"https:\/\/now-news.de\/de\/?s={search_term_string}"},"query-input":"required name=search_term_string"}],"inLanguage":"de"},{"@type":"Organization","@id":"https:\/\/now-news.de\/de\/#organization","name":"Just Now News","url":"https:\/\/now-news.de\/de\/","logo":{"@type":"ImageObject","inLanguage":"de","@id":"https:\/\/now-news.de\/de\/#\/schema\/logo\/image\/","url":"http:\/\/just-now.news\/de\/wp-content\/uploads\/sites\/3\/2022\/04\/logo500x500.jpg","contentUrl":"http:\/\/just-now.news\/de\/wp-content\/uploads\/sites\/3\/2022\/04\/logo500x500.jpg","width":500,"height":500,"caption":"Just Now News"},"image":{"@id":"https:\/\/now-news.de\/de\/#\/schema\/logo\/image\/"},"sameAs":["https:\/\/www.facebook.com\/wirmachenauf","https:\/\/x.com\/WirMachenAuf_de"]},{"@type":"Person","@id":"https:\/\/now-news.de\/de\/#\/schema\/person\/fb534a4e865501d8b3285208df34a9b5","name":"rtnews","image":{"@type":"ImageObject","inLanguage":"de","@id":"https:\/\/now-news.de\/de\/#\/schema\/person\/image\/","url":"https:\/\/secure.gravatar.com\/avatar\/82aafea7d8127119dd649515f56e2117?s=96&d=mm&r=g","contentUrl":"https:\/\/secure.gravatar.com\/avatar\/82aafea7d8127119dd649515f56e2117?s=96&d=mm&r=g","caption":"rtnews"},"url":"https:\/\/now-news.de\/de\/author\/rnews\/"}]}},"_links":{"self":[{"href":"https:\/\/now-news.de\/de\/wp-json\/wp\/v2\/posts\/95433"}],"collection":[{"href":"https:\/\/now-news.de\/de\/wp-json\/wp\/v2\/posts"}],"about":[{"href":"https:\/\/now-news.de\/de\/wp-json\/wp\/v2\/types\/post"}],"author":[{"embeddable":true,"href":"https:\/\/now-news.de\/de\/wp-json\/wp\/v2\/users\/3"}],"replies":[{"embeddable":true,"href":"https:\/\/now-news.de\/de\/wp-json\/wp\/v2\/comments?post=95433"}],"version-history":[{"count":0,"href":"https:\/\/now-news.de\/de\/wp-json\/wp\/v2\/posts\/95433\/revisions"}],"wp:featuredmedia":[{"embeddable":true,"href":"https:\/\/now-news.de\/de\/wp-json\/wp\/v2\/media\/95434"}],"wp:attachment":[{"href":"https:\/\/now-news.de\/de\/wp-json\/wp\/v2\/media?parent=95433"}],"wp:term":[{"taxonomy":"category","embeddable":true,"href":"https:\/\/now-news.de\/de\/wp-json\/wp\/v2\/categories?post=95433"},{"taxonomy":"post_tag","embeddable":true,"href":"https:\/\/now-news.de\/de\/wp-json\/wp\/v2\/tags?post=95433"}],"curies":[{"name":"wp","href":"https:\/\/api.w.org\/{rel}","templated":true}]}}