{"id":95401,"date":"2025-12-08T19:02:32","date_gmt":"2025-12-08T17:02:32","guid":{"rendered":"https:\/\/now-news.de\/de\/deutschland\/die-eu-ist-in-einen-ideologiekrieg-mit-den-usa-eingetreten\/"},"modified":"2025-12-08T19:02:32","modified_gmt":"2025-12-08T17:02:32","slug":"die-eu-ist-in-einen-ideologiekrieg-mit-den-usa-eingetreten","status":"publish","type":"post","link":"https:\/\/now-news.de\/de\/deutschland\/die-eu-ist-in-einen-ideologiekrieg-mit-den-usa-eingetreten\/","title":{"rendered":"Die EU ist in einen Ideologiekrieg mit den USA eingetreten"},"content":{"rendered":"<p><img decoding=\"async\" src=\"https:\/\/now-news.de\/de\/wp-content\/uploads\/sites\/3\/2025\/12\/6936bf3a48fbef7619411990.jpg\" \/><\/p>\n<div class=\"Text-root Text-type_1 \">\n                Die EU-Kommission hat gegen das soziale Netzwerk X eine Geldstrafe in H\u00f6he von 120 Millionen Euro verh\u00e4ngt. Dieses Ereignis l\u00f6ste eine Flut von Kritik seitens der US-Beh\u00f6rden aus. Experten zufolge offenbart dieser Vorfall eine tiefe ideologische Kluft zwischen den USA und der EU.\n            <\/div>\n<p><\/p>\n<div class=\"Text-root Text-type_5 ArticleView-text ViewText-root \">\n<p><em>Von Jewgeni Posdnjakow<\/em><\/p>\n<p>Die Europ\u00e4ische Kommission m\u00fcsse die Einhaltung ihrer digitalen Vorschriften streng durchsetzen. Dies fordert Bas Eickhout, Co-Vorsitzender der Gr\u00fcnen im Europ\u00e4ischen Parlament, laut der Zeitung\u00a0<em>Politico<\/em>. Seiner Meinung nach m\u00fcsse Br\u00fcssel der ganzen Welt klarmachen, dass es der Einzige ist, der &#8220;gegen die gro\u00dfen US-amerikanischen Technologieunternehmen k\u00e4mpft&#8221;, entgegen deren Versuchen, &#8220;die Meinungsfreiheit in der EU zu unterdr\u00fccken&#8221;.<\/p>\n<p>Zuvor hatte die EU-Kommission gegen X (ehemals Twitter) eine Geldstrafe in H\u00f6he von 120 Millionen Euro gem\u00e4\u00df dem Gesetz \u00fcber digitale Dienste verh\u00e4ngt. Der Hauptvorwurf Br\u00fcssels betrifft das &#8220;blaue H\u00e4kchen&#8221; zur Verifizierung, das die Nutzer des sozialen Netzwerks irref\u00fchre, da es jeder f\u00fcr nur sieben Euro im Monat erhalten kann. Au\u00dferdem st\u00f6rt Br\u00fcssel, dass es keinen vollst\u00e4ndigen Zugang zu \u00f6ffentlichen Daten auf der Plattform gebe.<\/p>\n<p>Dies hat bei der US-amerikanischen F\u00fchrung erhebliche Emp\u00f6rung ausgel\u00f6st. So erkl\u00e4rte US-Au\u00dfenminister Marco Rubio, dass die Geldstrafe der Europ\u00e4ischen Kommission nicht nur ein Angriff auf X sei, sondern &#8220;ein Angriff ausl\u00e4ndischer Regierungen auf alle US-amerikanischen Technologieplattformen und das US-amerikanische Volk&#8221;.<\/p>\n<p>Unterdessen betonte der stellvertretende US-Au\u00dfenminister Christopher Landau, dass die Umsetzung der eigenen Technologievorschriften durch die EU die transatlantische Einheit untergrabe, schreibt Politico. Er erkl\u00e4rte:<\/p>\n<p><em>&#8220;Die L\u00e4nder Europas k\u00f6nnen sich in Fragen ihrer eigenen Sicherheit nicht auf die USA verlassen und gleichzeitig die Sicherheit der USA selbst durch eine nicht gew\u00e4hlte, undemokratische und nicht repr\u00e4sentative EU entscheidend untergraben.&#8221;<\/em><\/p>\n<p>Die Reaktion von X-Chef Elon Musk selbst auf die Ereignisse war nicht weniger heftig. So forderte der Unternehmer in seinem sozialen Netzwerk die Abschaffung der Europ\u00e4ischen Union und die R\u00fcckgabe der vollst\u00e4ndigen Souver\u00e4nit\u00e4t an ihre Mitgliedsl\u00e4nder. Seiner Einsch\u00e4tzung nach w\u00fcrde dies den nationalen Regierungen helfen, &#8220;die Interessen ihrer eigenen V\u00f6lker besser zu vertreten&#8221;.<\/p>\n<p>Sp\u00e4ter bezeichnete Musk die EU auch als &#8220;Viertes Reich&#8221;. Parallel dazu wurde laut Nikita Bir, Leiter der Produktionsabteilung von X, der Werbeaccount der Europ\u00e4ischen Kommission aus dem sozialen Netzwerk gel\u00f6scht. \u00c4hnliche \u00c4u\u00dferungen und Handlungen des Unternehmers veranlassten den polnischen Au\u00dfenminister Rados\u0142aw Sikorski zu einer scharfen Reaktion. Er richtete sich an Musk:<\/p>\n<p><em>&#8220;Geh auf den Mars. Dort gibt es keine Zensur f\u00fcr Nazi-Gr\u00fc\u00dfe.&#8221;<\/em><\/p>\n<p>Interessanterweise entwickelt sich der Konflikt um X vor dem Hintergrund eines beispiellosen R\u00fcckgangs der Beziehungen zwischen den USA und der EU. So schreibt die Nachrichtenagentur Bloomberg, dass die k\u00fcrzlich ver\u00f6ffentlichte Nationale Sicherheitsstrategie der Vereinigten Staaten eine &#8220;Warnung&#8221; an Europa enth\u00e4lt: Der Alte Kontinent l\u00e4uft Gefahr, zerst\u00f6rt zu werden, wenn er seine Kultur und seine etablierte Politik nicht \u00e4ndert.<\/p>\n<p>Stanislaw Tkatschenko, Professor am Lehrstuhl f\u00fcr Europastudien der Fakult\u00e4t f\u00fcr Internationale Beziehungen der Staatlichen Universit\u00e4t Sankt Petersburg und Experte des internationalen Diskussionsclubs Waldai, erkl\u00e4rt dazu:<\/p>\n<p><em>&#8220;Der Konflikt um das soziale Netzwerk X war urspr\u00fcnglich eher eine rein technische Angelegenheit. Die EU besch\u00e4ftigt sich schon seit mehreren Jahren mit der \u00dcberarbeitung ihrer eigenen Digitalgesetzgebung. Dieser Prozess stie\u00df bereits bei einigen US-amerikanischen Giganten auf Ablehnung, beispielsweise bei Bill Gates, dem Gr\u00fcnder von Microsoft.<\/em><\/p>\n<p><em>Insbesondere viele Vertreter der IT-Branche bezeichneten die Gesetzgebungsinitiativen der EU als Versuche, sich vom Einfluss der USA im digitalen Bereich abzuschotten. Bis zuletzt waren diese Debatten nicht ideologischer Natur, und die entsprechenden Diskussionen \u00fcber das Problem verliefen recht konstruktiv.<\/em><\/p>\n<p><em>Derzeit hat diese Situation jedoch eine v\u00f6llig neue Dimension erreicht.<\/em><\/p>\n<p><em>Die Sanktionen gegen X fielen mit einer Reihe von Meinungsverschiedenheiten zwischen Washington und Br\u00fcssel in anderen Bereichen zusammen. In diesem Zusammenhang wollten die Konfliktparteien auf beiden Seiten das Geschehen in den Strom ideologischer Auseinandersetzungen einflie\u00dfen lassen.<\/em><\/p>\n<p><em>Somit hat die Situation mit X erneut die Kluft zwischen den konservativen USA und dem liberalen Europa aufgezeigt, die aufgrund ihrer grundlegend unterschiedlichen Ansichten nicht in der Lage sind, normal zu kommunizieren. Washington betrachtet die vereinte EU mit ziemlicher Geringsch\u00e4tzung und ist der Ansicht, dass es f\u00fcr sie angenehmer w\u00e4re, mit ihren Mitgliedstaaten einzeln zu kommunizieren.&#8221;<\/em><\/p>\n<p>Dass die Gr\u00fcnen sich als wichtigste Kritiker der US-amerikanischen IT-Unternehmen hervorgetan haben, ist nicht \u00fcberraschend, bemerkt der deutsche Politologe Alexander Rahr. Er meint:<\/p>\n<p><em>&#8220;Sie sind die wichtigsten Gegner von Trump in der gesamten Europ\u00e4ischen Union. Es handelt sich um eine Fraktion, die die liberalen Werte ma\u00dfgeblich vertritt.<\/em><\/p>\n<p><em>Im Westen tobt seit Jahren ein regelrechter Krieg zwischen den sogenannten Globalisten und Traditionalisten.<\/em><\/p>\n<p><em>Letztere haben in Gestalt von Donald Trump, J. D. Vance und Elon Musk in den USA gesiegt, doch in der Europ\u00e4ischen Union hat sich eine ganz andere Situation entwickelt. Hier werden rechtsgerichtete Kr\u00e4fte von den Anh\u00e4ngern liberaler Werte brutal mundtot gemacht.<\/em><\/p>\n<p><em>Dennoch haben Trump und sein Team versucht, sich f\u00fcr die Traditionalisten in der EU einzusetzen, was die in Br\u00fcssel regierenden Kr\u00e4fte in einen Schockzustand versetzt hat. Die Ma\u00dfnahmen Washingtons zwangen die EU, mit den US-Amerikanern um &#8216;Freiheit und Demokratie&#8217; zu k\u00e4mpfen. Genau aus diesem Grund hat Br\u00fcssel beschlossen, soziale Plattformen wie X zu zensieren.<\/em><\/p>\n<p><em>Aber die US-Amerikaner werden auf solche Bestrebungen mit neuen Schl\u00e4gen gegen Europa reagieren. Es werden schmerzhafte Reaktionen aller Seiten folgen. Dies ist ein echter Kampf zweier Ideologien. Die Hauptschaupl\u00e4tze der K\u00e4mpfe werden Polen und Deutschland sein, wo noch immer liberale Kr\u00e4fte an der Macht sind, aber rechte Parteien, deren Unterst\u00fctzung in der Gesellschaft w\u00e4chst, bereitstehen, um sie abzul\u00f6sen.<\/em><\/p>\n<p><em>Es ist wichtig, eine weitere Besonderheit des sich abzeichnenden Konflikts zu verstehen: Donald Trump wird den liberalen Politikern der EU ihre Unterst\u00fctzung f\u00fcr Kamala Harris niemals verzeihen. Was die Europ\u00e4er betrifft, so widersetzen sie sich dem Chef des Wei\u00dfen Hauses nur deshalb so verzweifelt, weil sie glauben, dass er bald vom tiefen Staat der Vereinigten Staaten hinweggefegt werden wird.&#8221;<\/em><\/p>\n<p>Die heftige Reaktion der aktuellen US-Regierung auf die Versuche der Europ\u00e4ischen Kommission, gegen das soziale Netzwerk X eine Geldstrafe zu verh\u00e4ngen, lasse sich dadurch erkl\u00e4ren, dass Washington zum ersten Mal seit langer Zeit nur sehr begrenzte M\u00f6glichkeiten habe, auf internationaler Ebene Informationsdruck auszu\u00fcben, sagt der Amerikanist Boris Meschujew. Er erkl\u00e4rt:<\/p>\n<p><em>&#8220;Die Sache ist die, dass nach der R\u00fcckkehr von Donald Trump ins Wei\u00dfe Haus seine wichtigsten Plattformen f\u00fcr die Verbreitung bestimmter Ideen Truth Social und X geblieben sind.<\/em><\/p>\n<p><em>Alle anderen Plattformen, sogar Fox News nach dem Weggang von Tucker Carlson, stehen der Agenda, die das heutige Washington zu verbreiten versucht, ziemlich ablehnend gegen\u00fcber.<\/em><\/p>\n<p><em>Jetzt versuchen die Europ\u00e4er, Elon Musks X f\u00fcr ihre Zwecke zu nutzen und den Unternehmer dazu zu zwingen, Informationen in diesem sozialen Netzwerk entsprechend den Bed\u00fcrfnissen Br\u00fcssels zu &#8216;filtern&#8217;. Dahinter verbirgt sich die ziemlich banale Angst, dass bei den n\u00e4chsten Wahlen in einem Land der EU rechte Parteien an die Macht kommen k\u00f6nnten.<\/em><\/p>\n<p><em>Tats\u00e4chlich war gerade X f\u00fcr die Alternative f\u00fcr Deutschland die einzige Plattform, auf der die Fraktion ihre eigenen Ideen relativ frei verbreiten konnte. Jetzt versucht die Eurob\u00fcrokratie, ihren Gegnern diesen Luxus zu nehmen, was Donald Trump nat\u00fcrlich nicht gef\u00e4llt, der auf den Machtantritt rechter Kr\u00e4fte in der EU hofft.<\/em><\/p>\n<p><em>Daher ist von seiner Seite mit Gegenma\u00dfnahmen zu rechnen. Ich glaube nicht, dass derzeit mit einem US-amerikanischen Schlag gegen Europa au\u00dferhalb des Informationskontexts gerechnet werden muss. Es w\u00e4re doch etwas \u00fcbertrieben, wegen des Drucks auf X die Wirtschaft oder Sicherheitsinteressen zu &#8216;treffen&#8217;. Wenn sich die Lage jedoch weiter versch\u00e4rft, schlie\u00dfe ich nicht aus, dass die Sanktionen auch die genannten Bereiche betreffen k\u00f6nnten.<\/em><\/p>\n<p><em>Zun\u00e4chst wird Trump wahrscheinlich versuchen, den informativen Einfluss der EU so weit wie m\u00f6glich zu verringern. Einer dieser Schritte wird der Ausschluss der europ\u00e4ischen Medien aus dem Pressepool des Wei\u00dfen Hauses sein.&#8221;<\/em><\/p>\n<p>F\u00fcr deutsche und franz\u00f6sische Medien, die es gewohnt sind, &#8220;an vorderster Front&#8221; zu stehen, sei dies eine ziemlich harte Ma\u00dfnahme, schlie\u00dft Meschujew.<\/p>\n<p><em>\u00dcbersetzt aus dem\u00a0<a rel=\"nofollow noopener\" target=\"_blank\" href=\"https:\/\/vz.ru\/politics\/2025\/12\/7\/1379179.html\">Russischen<\/a>. Der Artikel ist am 7. Dezember 2025 zuerst auf der Webseite der Zeitung &#8220;Wsgljad&#8221; erschienen.<\/em><\/p>\n<p><em><strong>Jewgeni Posdnjakow<\/strong>\u00a0ist ein russischer Journalist, Fernseh- und Radiomoderator.<\/em><\/p>\n<p><strong>Mehr zum Thema<\/strong> \u2013\u00a0<a rel=\"nofollow noopener\" target=\"_blank\" href=\"https:\/\/freedert.online\/meinung\/264014-bruessel-uebt-druck-auf-elon\/\">Br\u00fcssel \u00fcbt Druck auf Elon Musk aus: Redefreiheit auf dem Pr\u00fcfstand <\/a><\/p>\n<div class=\"EmbedBlock-root EmbedBlock-externalVideo EmbedBlock-rumble\">\n<div class=\"VkEmbed\"><iframe class=\"lazyload\" data-src=\"https:\/\/rumble.com\/embed\/v70k7s4\" frameborder=\"0\" width=\"853\" height=\"480\" allowfullscreen><\/iframe><\/div>\n<\/div>\n<\/div>\n<p><br \/>\n<br \/><a href=\"https:\/\/de.rt.com\/international\/264171-eu-ideologiekrieg-mit-usa\/\">Source link <\/a><\/p>\n","protected":false},"excerpt":{"rendered":"<p>Die EU-Kommission hat gegen das soziale Netzwerk X eine Geldstrafe in H\u00f6he von 120 Millionen Euro verh\u00e4ngt. Dieses Ereignis l\u00f6ste eine Flut von Kritik seitens der US-Beh\u00f6rden aus. Experten zufolge offenbart dieser Vorfall eine tiefe ideologische Kluft zwischen den USA und der EU. Von Jewgeni Posdnjakow Die Europ\u00e4ische Kommission m\u00fcsse die Einhaltung ihrer digitalen Vorschriften [&hellip;]<\/p>\n","protected":false},"author":3,"featured_media":95402,"comment_status":"open","ping_status":"open","sticky":false,"template":"","format":"standard","meta":{"_yoast_indexnow_last_ping":["1765214056"],"wp_automatic_camp":["217"],"e8f5dc2eb3b2d7f3130436afc2778ffc":["Die EU ist in einen Ideologiekrieg mit den USA eingetreten"],"original_link":["https:\/\/de.rt.com\/international\/264171-eu-ideologiekrieg-mit-usa\/"],"_thumbnail_id":["95402"],"jnews_social_counter_last_update":["1777437549"],"_wptgpro_p2tg_sent2tg":["a:1:{i:23737;s:19:\"2025-12-08 19:15:17\";}"]},"categories":[19,23],"tags":[48,45,768,19134,69738,414,419,193],"yoast_head":"<!-- This site is optimized with the Yoast SEO Premium plugin v22.7 (Yoast SEO v22.7) - https:\/\/yoast.com\/wordpress\/plugins\/seo\/ -->\n<title>Die EU ist in einen Ideologiekrieg mit den USA eingetreten - just-now.NEWS Deutschland<\/title>\n<meta name=\"robots\" content=\"index, follow, max-snippet:-1, max-image-preview:large, max-video-preview:-1\" \/>\n<link rel=\"canonical\" href=\"https:\/\/now-news.de\/de\/deutschland\/die-eu-ist-in-einen-ideologiekrieg-mit-den-usa-eingetreten\/\" \/>\n<meta property=\"og:locale\" content=\"de_DE\" \/>\n<meta property=\"og:type\" content=\"article\" \/>\n<meta property=\"og:title\" content=\"Die EU ist in einen Ideologiekrieg mit den USA eingetreten\" \/>\n<meta property=\"og:description\" content=\"Die EU-Kommission hat gegen das soziale Netzwerk X eine Geldstrafe in H\u00f6he von 120 Millionen Euro verh\u00e4ngt. Dieses Ereignis l\u00f6ste eine Flut von Kritik seitens der US-Beh\u00f6rden aus. Experten zufolge offenbart dieser Vorfall eine tiefe ideologische Kluft zwischen den USA und der EU. Von Jewgeni Posdnjakow Die Europ\u00e4ische Kommission m\u00fcsse die Einhaltung ihrer digitalen Vorschriften [&hellip;]\" \/>\n<meta property=\"og:url\" content=\"https:\/\/now-news.de\/de\/deutschland\/die-eu-ist-in-einen-ideologiekrieg-mit-den-usa-eingetreten\/\" \/>\n<meta property=\"og:site_name\" content=\"just-now.NEWS Deutschland\" \/>\n<meta property=\"article:publisher\" content=\"https:\/\/www.facebook.com\/wirmachenauf\" \/>\n<meta property=\"article:published_time\" content=\"2025-12-08T17:02:32+00:00\" \/>\n<meta property=\"og:image\" content=\"https:\/\/now-news.de\/de\/wp-content\/uploads\/sites\/3\/2025\/12\/6936bf3a48fbef7619411990.jpg\" \/>\n<meta name=\"author\" content=\"rtnews\" \/>\n<meta name=\"twitter:card\" content=\"summary_large_image\" \/>\n<meta name=\"twitter:creator\" content=\"@WirMachenAuf_de\" \/>\n<meta name=\"twitter:site\" content=\"@WirMachenAuf_de\" \/>\n<meta name=\"twitter:label1\" content=\"Verfasst von\" \/>\n\t<meta name=\"twitter:data1\" content=\"rtnews\" \/>\n\t<meta name=\"twitter:label2\" content=\"Gesch\u00e4tzte Lesezeit\" \/>\n\t<meta name=\"twitter:data2\" content=\"7\u00a0Minuten\" \/>\n<script type=\"application\/ld+json\" class=\"yoast-schema-graph\">{\"@context\":\"https:\/\/schema.org\",\"@graph\":[{\"@type\":\"Article\",\"@id\":\"https:\/\/now-news.de\/de\/deutschland\/die-eu-ist-in-einen-ideologiekrieg-mit-den-usa-eingetreten\/#article\",\"isPartOf\":{\"@id\":\"https:\/\/now-news.de\/de\/deutschland\/die-eu-ist-in-einen-ideologiekrieg-mit-den-usa-eingetreten\/\"},\"author\":{\"name\":\"rtnews\",\"@id\":\"https:\/\/now-news.de\/de\/#\/schema\/person\/fb534a4e865501d8b3285208df34a9b5\"},\"headline\":\"Die EU ist in einen Ideologiekrieg mit den USA eingetreten\",\"datePublished\":\"2025-12-08T17:02:32+00:00\",\"dateModified\":\"2025-12-08T17:02:32+00:00\",\"mainEntityOfPage\":{\"@id\":\"https:\/\/now-news.de\/de\/deutschland\/die-eu-ist-in-einen-ideologiekrieg-mit-den-usa-eingetreten\/\"},\"wordCount\":1429,\"commentCount\":0,\"publisher\":{\"@id\":\"https:\/\/now-news.de\/de\/#organization\"},\"image\":{\"@id\":\"https:\/\/now-news.de\/de\/deutschland\/die-eu-ist-in-einen-ideologiekrieg-mit-den-usa-eingetreten\/#primaryimage\"},\"thumbnailUrl\":\"https:\/\/now-news.de\/de\/wp-content\/uploads\/sites\/3\/2025\/12\/Die-EU-ist-in-einen-Ideologiekrieg-mit-den-USA-eingetreten.jpg\",\"keywords\":[\"den\",\"die\",\"einen\",\"eingetreten\",\"Ideologiekrieg\",\"ist\",\"mit\",\"USA\"],\"articleSection\":[\"Deutschland\",\"Russland\"],\"inLanguage\":\"de\",\"potentialAction\":[{\"@type\":\"CommentAction\",\"name\":\"Comment\",\"target\":[\"https:\/\/now-news.de\/de\/deutschland\/die-eu-ist-in-einen-ideologiekrieg-mit-den-usa-eingetreten\/#respond\"]}]},{\"@type\":\"WebPage\",\"@id\":\"https:\/\/now-news.de\/de\/deutschland\/die-eu-ist-in-einen-ideologiekrieg-mit-den-usa-eingetreten\/\",\"url\":\"https:\/\/now-news.de\/de\/deutschland\/die-eu-ist-in-einen-ideologiekrieg-mit-den-usa-eingetreten\/\",\"name\":\"Die EU ist in einen Ideologiekrieg mit den USA eingetreten - just-now.NEWS Deutschland\",\"isPartOf\":{\"@id\":\"https:\/\/now-news.de\/de\/#website\"},\"primaryImageOfPage\":{\"@id\":\"https:\/\/now-news.de\/de\/deutschland\/die-eu-ist-in-einen-ideologiekrieg-mit-den-usa-eingetreten\/#primaryimage\"},\"image\":{\"@id\":\"https:\/\/now-news.de\/de\/deutschland\/die-eu-ist-in-einen-ideologiekrieg-mit-den-usa-eingetreten\/#primaryimage\"},\"thumbnailUrl\":\"https:\/\/now-news.de\/de\/wp-content\/uploads\/sites\/3\/2025\/12\/Die-EU-ist-in-einen-Ideologiekrieg-mit-den-USA-eingetreten.jpg\",\"datePublished\":\"2025-12-08T17:02:32+00:00\",\"dateModified\":\"2025-12-08T17:02:32+00:00\",\"breadcrumb\":{\"@id\":\"https:\/\/now-news.de\/de\/deutschland\/die-eu-ist-in-einen-ideologiekrieg-mit-den-usa-eingetreten\/#breadcrumb\"},\"inLanguage\":\"de\",\"potentialAction\":[{\"@type\":\"ReadAction\",\"target\":[\"https:\/\/now-news.de\/de\/deutschland\/die-eu-ist-in-einen-ideologiekrieg-mit-den-usa-eingetreten\/\"]}]},{\"@type\":\"ImageObject\",\"inLanguage\":\"de\",\"@id\":\"https:\/\/now-news.de\/de\/deutschland\/die-eu-ist-in-einen-ideologiekrieg-mit-den-usa-eingetreten\/#primaryimage\",\"url\":\"https:\/\/now-news.de\/de\/wp-content\/uploads\/sites\/3\/2025\/12\/Die-EU-ist-in-einen-Ideologiekrieg-mit-den-USA-eingetreten.jpg\",\"contentUrl\":\"https:\/\/now-news.de\/de\/wp-content\/uploads\/sites\/3\/2025\/12\/Die-EU-ist-in-einen-Ideologiekrieg-mit-den-USA-eingetreten.jpg\",\"width\":460,\"height\":259,\"caption\":\"Die EU ist in einen Ideologiekrieg mit den USA eingetreten\"},{\"@type\":\"BreadcrumbList\",\"@id\":\"https:\/\/now-news.de\/de\/deutschland\/die-eu-ist-in-einen-ideologiekrieg-mit-den-usa-eingetreten\/#breadcrumb\",\"itemListElement\":[{\"@type\":\"ListItem\",\"position\":1,\"name\":\"Home\",\"item\":\"https:\/\/now-news.de\/de\/\"},{\"@type\":\"ListItem\",\"position\":2,\"name\":\"Die EU ist in einen Ideologiekrieg mit den USA eingetreten\"}]},{\"@type\":\"WebSite\",\"@id\":\"https:\/\/now-news.de\/de\/#website\",\"url\":\"https:\/\/now-news.de\/de\/\",\"name\":\"just-now.NEWS Deutschland\",\"description\":\"Das Portal f\u00fcr unzensierte Nachrichten aus der Welt\",\"publisher\":{\"@id\":\"https:\/\/now-news.de\/de\/#organization\"},\"potentialAction\":[{\"@type\":\"SearchAction\",\"target\":{\"@type\":\"EntryPoint\",\"urlTemplate\":\"https:\/\/now-news.de\/de\/?s={search_term_string}\"},\"query-input\":\"required name=search_term_string\"}],\"inLanguage\":\"de\"},{\"@type\":\"Organization\",\"@id\":\"https:\/\/now-news.de\/de\/#organization\",\"name\":\"Just Now News\",\"url\":\"https:\/\/now-news.de\/de\/\",\"logo\":{\"@type\":\"ImageObject\",\"inLanguage\":\"de\",\"@id\":\"https:\/\/now-news.de\/de\/#\/schema\/logo\/image\/\",\"url\":\"http:\/\/just-now.news\/de\/wp-content\/uploads\/sites\/3\/2022\/04\/logo500x500.jpg\",\"contentUrl\":\"http:\/\/just-now.news\/de\/wp-content\/uploads\/sites\/3\/2022\/04\/logo500x500.jpg\",\"width\":500,\"height\":500,\"caption\":\"Just Now News\"},\"image\":{\"@id\":\"https:\/\/now-news.de\/de\/#\/schema\/logo\/image\/\"},\"sameAs\":[\"https:\/\/www.facebook.com\/wirmachenauf\",\"https:\/\/x.com\/WirMachenAuf_de\"]},{\"@type\":\"Person\",\"@id\":\"https:\/\/now-news.de\/de\/#\/schema\/person\/fb534a4e865501d8b3285208df34a9b5\",\"name\":\"rtnews\",\"image\":{\"@type\":\"ImageObject\",\"inLanguage\":\"de\",\"@id\":\"https:\/\/now-news.de\/de\/#\/schema\/person\/image\/\",\"url\":\"https:\/\/secure.gravatar.com\/avatar\/82aafea7d8127119dd649515f56e2117?s=96&d=mm&r=g\",\"contentUrl\":\"https:\/\/secure.gravatar.com\/avatar\/82aafea7d8127119dd649515f56e2117?s=96&d=mm&r=g\",\"caption\":\"rtnews\"},\"url\":\"https:\/\/now-news.de\/de\/author\/rnews\/\"}]}<\/script>\n<!-- \/ Yoast SEO Premium plugin. -->","yoast_head_json":{"title":"Die EU ist in einen Ideologiekrieg mit den USA eingetreten - just-now.NEWS Deutschland","robots":{"index":"index","follow":"follow","max-snippet":"max-snippet:-1","max-image-preview":"max-image-preview:large","max-video-preview":"max-video-preview:-1"},"canonical":"https:\/\/now-news.de\/de\/deutschland\/die-eu-ist-in-einen-ideologiekrieg-mit-den-usa-eingetreten\/","og_locale":"de_DE","og_type":"article","og_title":"Die EU ist in einen Ideologiekrieg mit den USA eingetreten","og_description":"Die EU-Kommission hat gegen das soziale Netzwerk X eine Geldstrafe in H\u00f6he von 120 Millionen Euro verh\u00e4ngt. Dieses Ereignis l\u00f6ste eine Flut von Kritik seitens der US-Beh\u00f6rden aus. Experten zufolge offenbart dieser Vorfall eine tiefe ideologische Kluft zwischen den USA und der EU. Von Jewgeni Posdnjakow Die Europ\u00e4ische Kommission m\u00fcsse die Einhaltung ihrer digitalen Vorschriften [&hellip;]","og_url":"https:\/\/now-news.de\/de\/deutschland\/die-eu-ist-in-einen-ideologiekrieg-mit-den-usa-eingetreten\/","og_site_name":"just-now.NEWS Deutschland","article_publisher":"https:\/\/www.facebook.com\/wirmachenauf","article_published_time":"2025-12-08T17:02:32+00:00","og_image":[{"url":"https:\/\/now-news.de\/de\/wp-content\/uploads\/sites\/3\/2025\/12\/6936bf3a48fbef7619411990.jpg"}],"author":"rtnews","twitter_card":"summary_large_image","twitter_creator":"@WirMachenAuf_de","twitter_site":"@WirMachenAuf_de","twitter_misc":{"Verfasst von":"rtnews","Gesch\u00e4tzte Lesezeit":"7\u00a0Minuten"},"schema":{"@context":"https:\/\/schema.org","@graph":[{"@type":"Article","@id":"https:\/\/now-news.de\/de\/deutschland\/die-eu-ist-in-einen-ideologiekrieg-mit-den-usa-eingetreten\/#article","isPartOf":{"@id":"https:\/\/now-news.de\/de\/deutschland\/die-eu-ist-in-einen-ideologiekrieg-mit-den-usa-eingetreten\/"},"author":{"name":"rtnews","@id":"https:\/\/now-news.de\/de\/#\/schema\/person\/fb534a4e865501d8b3285208df34a9b5"},"headline":"Die EU ist in einen Ideologiekrieg mit den USA eingetreten","datePublished":"2025-12-08T17:02:32+00:00","dateModified":"2025-12-08T17:02:32+00:00","mainEntityOfPage":{"@id":"https:\/\/now-news.de\/de\/deutschland\/die-eu-ist-in-einen-ideologiekrieg-mit-den-usa-eingetreten\/"},"wordCount":1429,"commentCount":0,"publisher":{"@id":"https:\/\/now-news.de\/de\/#organization"},"image":{"@id":"https:\/\/now-news.de\/de\/deutschland\/die-eu-ist-in-einen-ideologiekrieg-mit-den-usa-eingetreten\/#primaryimage"},"thumbnailUrl":"https:\/\/now-news.de\/de\/wp-content\/uploads\/sites\/3\/2025\/12\/Die-EU-ist-in-einen-Ideologiekrieg-mit-den-USA-eingetreten.jpg","keywords":["den","die","einen","eingetreten","Ideologiekrieg","ist","mit","USA"],"articleSection":["Deutschland","Russland"],"inLanguage":"de","potentialAction":[{"@type":"CommentAction","name":"Comment","target":["https:\/\/now-news.de\/de\/deutschland\/die-eu-ist-in-einen-ideologiekrieg-mit-den-usa-eingetreten\/#respond"]}]},{"@type":"WebPage","@id":"https:\/\/now-news.de\/de\/deutschland\/die-eu-ist-in-einen-ideologiekrieg-mit-den-usa-eingetreten\/","url":"https:\/\/now-news.de\/de\/deutschland\/die-eu-ist-in-einen-ideologiekrieg-mit-den-usa-eingetreten\/","name":"Die EU ist in einen Ideologiekrieg mit den USA eingetreten - just-now.NEWS Deutschland","isPartOf":{"@id":"https:\/\/now-news.de\/de\/#website"},"primaryImageOfPage":{"@id":"https:\/\/now-news.de\/de\/deutschland\/die-eu-ist-in-einen-ideologiekrieg-mit-den-usa-eingetreten\/#primaryimage"},"image":{"@id":"https:\/\/now-news.de\/de\/deutschland\/die-eu-ist-in-einen-ideologiekrieg-mit-den-usa-eingetreten\/#primaryimage"},"thumbnailUrl":"https:\/\/now-news.de\/de\/wp-content\/uploads\/sites\/3\/2025\/12\/Die-EU-ist-in-einen-Ideologiekrieg-mit-den-USA-eingetreten.jpg","datePublished":"2025-12-08T17:02:32+00:00","dateModified":"2025-12-08T17:02:32+00:00","breadcrumb":{"@id":"https:\/\/now-news.de\/de\/deutschland\/die-eu-ist-in-einen-ideologiekrieg-mit-den-usa-eingetreten\/#breadcrumb"},"inLanguage":"de","potentialAction":[{"@type":"ReadAction","target":["https:\/\/now-news.de\/de\/deutschland\/die-eu-ist-in-einen-ideologiekrieg-mit-den-usa-eingetreten\/"]}]},{"@type":"ImageObject","inLanguage":"de","@id":"https:\/\/now-news.de\/de\/deutschland\/die-eu-ist-in-einen-ideologiekrieg-mit-den-usa-eingetreten\/#primaryimage","url":"https:\/\/now-news.de\/de\/wp-content\/uploads\/sites\/3\/2025\/12\/Die-EU-ist-in-einen-Ideologiekrieg-mit-den-USA-eingetreten.jpg","contentUrl":"https:\/\/now-news.de\/de\/wp-content\/uploads\/sites\/3\/2025\/12\/Die-EU-ist-in-einen-Ideologiekrieg-mit-den-USA-eingetreten.jpg","width":460,"height":259,"caption":"Die EU ist in einen Ideologiekrieg mit den USA eingetreten"},{"@type":"BreadcrumbList","@id":"https:\/\/now-news.de\/de\/deutschland\/die-eu-ist-in-einen-ideologiekrieg-mit-den-usa-eingetreten\/#breadcrumb","itemListElement":[{"@type":"ListItem","position":1,"name":"Home","item":"https:\/\/now-news.de\/de\/"},{"@type":"ListItem","position":2,"name":"Die EU ist in einen Ideologiekrieg mit den USA eingetreten"}]},{"@type":"WebSite","@id":"https:\/\/now-news.de\/de\/#website","url":"https:\/\/now-news.de\/de\/","name":"just-now.NEWS Deutschland","description":"Das Portal f\u00fcr unzensierte Nachrichten aus der Welt","publisher":{"@id":"https:\/\/now-news.de\/de\/#organization"},"potentialAction":[{"@type":"SearchAction","target":{"@type":"EntryPoint","urlTemplate":"https:\/\/now-news.de\/de\/?s={search_term_string}"},"query-input":"required name=search_term_string"}],"inLanguage":"de"},{"@type":"Organization","@id":"https:\/\/now-news.de\/de\/#organization","name":"Just Now News","url":"https:\/\/now-news.de\/de\/","logo":{"@type":"ImageObject","inLanguage":"de","@id":"https:\/\/now-news.de\/de\/#\/schema\/logo\/image\/","url":"http:\/\/just-now.news\/de\/wp-content\/uploads\/sites\/3\/2022\/04\/logo500x500.jpg","contentUrl":"http:\/\/just-now.news\/de\/wp-content\/uploads\/sites\/3\/2022\/04\/logo500x500.jpg","width":500,"height":500,"caption":"Just Now News"},"image":{"@id":"https:\/\/now-news.de\/de\/#\/schema\/logo\/image\/"},"sameAs":["https:\/\/www.facebook.com\/wirmachenauf","https:\/\/x.com\/WirMachenAuf_de"]},{"@type":"Person","@id":"https:\/\/now-news.de\/de\/#\/schema\/person\/fb534a4e865501d8b3285208df34a9b5","name":"rtnews","image":{"@type":"ImageObject","inLanguage":"de","@id":"https:\/\/now-news.de\/de\/#\/schema\/person\/image\/","url":"https:\/\/secure.gravatar.com\/avatar\/82aafea7d8127119dd649515f56e2117?s=96&d=mm&r=g","contentUrl":"https:\/\/secure.gravatar.com\/avatar\/82aafea7d8127119dd649515f56e2117?s=96&d=mm&r=g","caption":"rtnews"},"url":"https:\/\/now-news.de\/de\/author\/rnews\/"}]}},"_links":{"self":[{"href":"https:\/\/now-news.de\/de\/wp-json\/wp\/v2\/posts\/95401"}],"collection":[{"href":"https:\/\/now-news.de\/de\/wp-json\/wp\/v2\/posts"}],"about":[{"href":"https:\/\/now-news.de\/de\/wp-json\/wp\/v2\/types\/post"}],"author":[{"embeddable":true,"href":"https:\/\/now-news.de\/de\/wp-json\/wp\/v2\/users\/3"}],"replies":[{"embeddable":true,"href":"https:\/\/now-news.de\/de\/wp-json\/wp\/v2\/comments?post=95401"}],"version-history":[{"count":0,"href":"https:\/\/now-news.de\/de\/wp-json\/wp\/v2\/posts\/95401\/revisions"}],"wp:featuredmedia":[{"embeddable":true,"href":"https:\/\/now-news.de\/de\/wp-json\/wp\/v2\/media\/95402"}],"wp:attachment":[{"href":"https:\/\/now-news.de\/de\/wp-json\/wp\/v2\/media?parent=95401"}],"wp:term":[{"taxonomy":"category","embeddable":true,"href":"https:\/\/now-news.de\/de\/wp-json\/wp\/v2\/categories?post=95401"},{"taxonomy":"post_tag","embeddable":true,"href":"https:\/\/now-news.de\/de\/wp-json\/wp\/v2\/tags?post=95401"}],"curies":[{"name":"wp","href":"https:\/\/api.w.org\/{rel}","templated":true}]}}