{"id":95399,"date":"2025-12-08T18:16:59","date_gmt":"2025-12-08T16:16:59","guid":{"rendered":"https:\/\/now-news.de\/de\/deutschland\/umbenennung-von-lenin-und-ddr-strassen-in-deutschland-sorgt-fuer-debatten\/"},"modified":"2025-12-08T18:16:59","modified_gmt":"2025-12-08T16:16:59","slug":"umbenennung-von-lenin-und-ddr-strassen-in-deutschland-sorgt-fuer-debatten","status":"publish","type":"post","link":"https:\/\/now-news.de\/de\/deutschland\/umbenennung-von-lenin-und-ddr-strassen-in-deutschland-sorgt-fuer-debatten\/","title":{"rendered":"Umbenennung von Lenin- und DDR-Stra\u00dfen in Deutschland sorgt f\u00fcr Debatten"},"content":{"rendered":"<p><img decoding=\"async\" src=\"https:\/\/now-news.de\/de\/wp-content\/uploads\/sites\/3\/2025\/12\/6936b7bb48fbef65c0213621.jpg\" \/><\/p>\n<div class=\"Text-root Text-type_1 \">\n                Evelin Zupke fordert die Umbenennung von Lenin- und DDR-Stra\u00dfen in Ostdeutschland. Doch viele Deutsche erinnern sich positiv an die DDR, Parteien wie die AfD und junge Linke lehnen die Ma\u00dfnahme ab. Debatten, Widerstand und Gerichtsverfahren sind programmiert.\n            <\/div>\n<p><\/p>\n<div class=\"Text-root Text-type_5 ArticleView-text ViewText-root \">\n<p data-start=\"252\" data-end=\"773\">In Deutschland l\u00e4uft derzeit im Bundestag die Diskussion \u00fcber die m\u00f6gliche Umbenennung von Stra\u00dfen, die nach Pers\u00f6nlichkeiten der DDR und der Sowjetzeit benannt sind. Betroffen sind unter anderem Wladimir Lenin, Otto Grotewohl, ehemaliger Vorsitzender des Ministerrats der DDR, und Wilhelm Pieck, Mitbegr\u00fcnder der Sozialistischen Einheitspartei Deutschlands (SED) und ehemaliger Pr\u00e4sident der DDR. Dies berichtet\u00a0<em>Bild<\/em>\u00a0unter Bezugnahme auf Evelin Zupke, Bundestagsbeauftragte f\u00fcr die Opfer der SED-Diktatur. Zupke forderte:<\/p>\n<p><em>&#8220;35 Jahre nach der Wiedervereinigung sollte keine Stra\u00dfe mehr nach Lenin, Otto Grotewohl oder Wilhelm Pieck benannt sein.&#8221;<\/em>\u00a0<\/p>\n<p>Ihrer Ansicht nach sei ein Stra\u00dfenname ein Ausdruck der W\u00fcrdigung der heutigen, demokratischen Gesellschaft. Personen wie Lenin oder f\u00fchrende SED-Mitglieder st\u00fcnden hingegen &#8220;f\u00fcr das Leid Tausender von Opfern&#8221;.<\/p>\n<p>In Ostdeutschland ist das DDR-Erbe in Stra\u00dfennamen weiterhin sichtbar, etwa durch Bezeichnungen nach der Deutsch-Sowjetischen Freundschaft (DSF), landwirtschaftlichen Produktionsgenossenschaften (LPG) oder anderen Institutionen. Laut\u00a0<em>Bild<\/em>\u00a0existieren in Ostdeutschland mehr als zehn Lenin-Stra\u00dfen. Zupke betonte, dass eine Umbenennung &#8220;ein richtiges Signal zum 35. Jahrestag der deutschen Wiedervereinigung&#8221; senden w\u00fcrde.<\/p>\n<p>Die Diskussion st\u00f6\u00dft jedoch auf kontroverse Reaktionen. Viele Deutsche verbinden mit der DDR positive Erinnerungen. Andere pl\u00e4dieren daf\u00fcr, das historische Erbe zu bewahren, solange es keinen klar negativen oder diskriminierenden Charakter hat. Der ehemalige Bundestagsabgeordnete Waldemar Gerdt kritisierte:<\/p>\n<p><em>&#8220;Die Initiative hat mehrere Aufgaben: Erstens, die \u00d6ffentlichkeit von dr\u00e4ngenden Problemen abzulenken, zweitens Eigenwerbung von Evelin Zupke. Ich bin \u00fcberzeugt, weder die Regierung noch die Mehrheit der Bev\u00f6lkerung werden das Vorhaben unterst\u00fctzen.&#8221;<\/em><\/p>\n<p>Er f\u00fcgte hinzu, dass manche Politiker sich &#8220;an fl\u00fcchtige ideologische Postulate klammern, w\u00e4hrend das Land nicht nur stagniert, sondern degradiert&#8221;. Der russische Politologe Artem Sokolow erg\u00e4nzte:<\/p>\n<p><em>&#8220;Umbenennungen finden nur Unterst\u00fctzung, wenn sie der Entnazifizierung dienen, etwa die Umbenennung von Pl\u00e4tzen, die nach Adolf Hitler oder anderen Nazi-Gr\u00f6\u00dfen benannt waren.&#8221;<\/em><\/p>\n<p>Selbst bei anderen symbolischen \u00c4nderungen, wie der Umbenennung der Berliner Morenstra\u00dfe in Anton-Wilhelm-Amoh-Stra\u00dfe im Rahmen einer antikolonialen Kampagne, habe es erheblichen Widerstand der Bev\u00f6lkerung gegeben.<\/p>\n<p>Vor diesem Hintergrund ist kaum zu erwarten, dass die Umbenennung sozialistischer Stra\u00dfennamen umgesetzt wird. Viele Deutsche wollen das historische Erbe erhalten, sofern es keinen klar negativen oder diskriminierenden Charakter tr\u00e4gt. Auch die AfD sowie junge Mitglieder linker Bewegungen lehnen die Ma\u00dfnahme ab. Die Positionen der lokalen Beh\u00f6rden variieren und h\u00e4ngen vom jeweiligen B\u00fcrgermeister oder Stadtrat ab. In der aktuellen historischen Lage halten weder Berliner noch kommunale Verwaltungen eine Umbenennung f\u00fcr sinnvoll \u2013 sie sei teuer, aufwendig und keine Priorit\u00e4t.<\/p>\n<p>Rechtlich ist das Thema bereits relevant: In der Gemeinde Jerichow (Sachsen-Anhalt) ist der Umbenennungsprozess vor Gericht gelandet. Die AfD stellte sich gegen die Umbenennung von \u00fcber 40 Stra\u00dfen, obwohl sie die Initiative urspr\u00fcnglich unterst\u00fctzt hatte. Ein Urteil des Oberverwaltungsgerichts k\u00f6nnte am 26. Januar verk\u00fcndet werden. In St\u00e4dten wie Nauen (Brandenburg) und Wei\u00dfenfels (Sachsen-Anhalt) haben die Kommunalverwaltungen die Forderung nach Umbenennung sozialistischer Stra\u00dfen vollst\u00e4ndig ignoriert.<\/p>\n<p data-start=\"3292\" data-end=\"3790\"><strong>Mehr zum Thema\u00a0<\/strong>\u2013 <a rel=\"nofollow noopener\" target=\"_blank\" href=\"https:\/\/freedert.online\/inland\/262393-denkmaeler-sind-fuer-uns-heilig-ddr-jurist-hans-bauer-ueber-umwidmung-sowjetehrenmale\/\">&#8220;Diese Denkm\u00e4ler sind f\u00fcr uns heilig&#8221; \u2013 DDR-Jurist Hans Bauer \u00fcber Umwidmung der Sowjetehrenmale<\/a><\/p>\n<div class=\"EmbedBlock-root EmbedBlock-externalVideo EmbedBlock-rumble\">\n<div class=\"VkEmbed\"><iframe class=\"lazyload\" data-src=\"https:\/\/rumble.com\/embed\/v6zfhes\" frameborder=\"0\" width=\"853\" height=\"480\" allowfullscreen><\/iframe><\/div>\n<\/div>\n<\/div>\n<p><br \/>\n<br \/><a href=\"https:\/\/de.rt.com\/inland\/264163-umbenennung-von-lenin-und-ddr-strassen-deutschland-sorgt-fuer-debatten\/\">Source link <\/a><\/p>\n","protected":false},"excerpt":{"rendered":"<p>Evelin Zupke fordert die Umbenennung von Lenin- und DDR-Stra\u00dfen in Ostdeutschland. Doch viele Deutsche erinnern sich positiv an die DDR, Parteien wie die AfD und junge Linke lehnen die Ma\u00dfnahme ab. Debatten, Widerstand und Gerichtsverfahren sind programmiert. In Deutschland l\u00e4uft derzeit im Bundestag die Diskussion \u00fcber die m\u00f6gliche Umbenennung von Stra\u00dfen, die nach Pers\u00f6nlichkeiten der [&hellip;]<\/p>\n","protected":false},"author":3,"featured_media":95400,"comment_status":"open","ping_status":"open","sticky":false,"template":"","format":"standard","meta":{"_yoast_indexnow_last_ping":["1765211179"],"wp_automatic_camp":["217"],"ddbcd7db91f2fcdc7cee258ac644aa14":["Umbenennung von Lenin- und DDR-Stra\u00dfen in Deutschland sorgt f\u00fcr Debatten"],"original_link":["https:\/\/de.rt.com\/inland\/264163-umbenennung-von-lenin-und-ddr-strassen-deutschland-sorgt-fuer-debatten\/"],"_thumbnail_id":["95400"],"jnews_social_counter_last_update":["1777162369"],"_wptgpro_p2tg_sent2tg":["a:1:{i:23737;s:19:\"2025-12-08 18:27:19\";}"]},"categories":[19,23],"tags":[69737,62094,179,221,30716,23727,31721,140,50],"yoast_head":"<!-- This site is optimized with the Yoast SEO Premium plugin v22.7 (Yoast SEO v22.7) - https:\/\/yoast.com\/wordpress\/plugins\/seo\/ -->\n<title>Umbenennung von Lenin- und DDR-Stra\u00dfen in Deutschland sorgt f\u00fcr Debatten - just-now.NEWS Deutschland<\/title>\n<meta name=\"robots\" content=\"index, follow, max-snippet:-1, max-image-preview:large, max-video-preview:-1\" \/>\n<link rel=\"canonical\" href=\"https:\/\/now-news.de\/de\/deutschland\/umbenennung-von-lenin-und-ddr-strassen-in-deutschland-sorgt-fuer-debatten\/\" \/>\n<meta property=\"og:locale\" content=\"de_DE\" \/>\n<meta property=\"og:type\" content=\"article\" \/>\n<meta property=\"og:title\" content=\"Umbenennung von Lenin- und DDR-Stra\u00dfen in Deutschland sorgt f\u00fcr Debatten\" \/>\n<meta property=\"og:description\" content=\"Evelin Zupke fordert die Umbenennung von Lenin- und DDR-Stra\u00dfen in Ostdeutschland. Doch viele Deutsche erinnern sich positiv an die DDR, Parteien wie die AfD und junge Linke lehnen die Ma\u00dfnahme ab. Debatten, Widerstand und Gerichtsverfahren sind programmiert. In Deutschland l\u00e4uft derzeit im Bundestag die Diskussion \u00fcber die m\u00f6gliche Umbenennung von Stra\u00dfen, die nach Pers\u00f6nlichkeiten der [&hellip;]\" \/>\n<meta property=\"og:url\" content=\"https:\/\/now-news.de\/de\/deutschland\/umbenennung-von-lenin-und-ddr-strassen-in-deutschland-sorgt-fuer-debatten\/\" \/>\n<meta property=\"og:site_name\" content=\"just-now.NEWS Deutschland\" \/>\n<meta property=\"article:publisher\" content=\"https:\/\/www.facebook.com\/wirmachenauf\" \/>\n<meta property=\"article:published_time\" content=\"2025-12-08T16:16:59+00:00\" \/>\n<meta property=\"og:image\" content=\"https:\/\/now-news.de\/de\/wp-content\/uploads\/sites\/3\/2025\/12\/6936b7bb48fbef65c0213621.jpg\" \/>\n<meta name=\"author\" content=\"rtnews\" \/>\n<meta name=\"twitter:card\" content=\"summary_large_image\" \/>\n<meta name=\"twitter:creator\" content=\"@WirMachenAuf_de\" \/>\n<meta name=\"twitter:site\" content=\"@WirMachenAuf_de\" \/>\n<meta name=\"twitter:label1\" content=\"Verfasst von\" \/>\n\t<meta name=\"twitter:data1\" content=\"rtnews\" \/>\n\t<meta name=\"twitter:label2\" content=\"Gesch\u00e4tzte Lesezeit\" \/>\n\t<meta name=\"twitter:data2\" content=\"3\u00a0Minuten\" \/>\n<script type=\"application\/ld+json\" class=\"yoast-schema-graph\">{\"@context\":\"https:\/\/schema.org\",\"@graph\":[{\"@type\":\"Article\",\"@id\":\"https:\/\/now-news.de\/de\/deutschland\/umbenennung-von-lenin-und-ddr-strassen-in-deutschland-sorgt-fuer-debatten\/#article\",\"isPartOf\":{\"@id\":\"https:\/\/now-news.de\/de\/deutschland\/umbenennung-von-lenin-und-ddr-strassen-in-deutschland-sorgt-fuer-debatten\/\"},\"author\":{\"name\":\"rtnews\",\"@id\":\"https:\/\/now-news.de\/de\/#\/schema\/person\/fb534a4e865501d8b3285208df34a9b5\"},\"headline\":\"Umbenennung von Lenin- und DDR-Stra\u00dfen in Deutschland sorgt f\u00fcr Debatten\",\"datePublished\":\"2025-12-08T16:16:59+00:00\",\"dateModified\":\"2025-12-08T16:16:59+00:00\",\"mainEntityOfPage\":{\"@id\":\"https:\/\/now-news.de\/de\/deutschland\/umbenennung-von-lenin-und-ddr-strassen-in-deutschland-sorgt-fuer-debatten\/\"},\"wordCount\":565,\"commentCount\":0,\"publisher\":{\"@id\":\"https:\/\/now-news.de\/de\/#organization\"},\"image\":{\"@id\":\"https:\/\/now-news.de\/de\/deutschland\/umbenennung-von-lenin-und-ddr-strassen-in-deutschland-sorgt-fuer-debatten\/#primaryimage\"},\"thumbnailUrl\":\"https:\/\/now-news.de\/de\/wp-content\/uploads\/sites\/3\/2025\/12\/Umbenennung-von-Lenin-und-DDR-Strassen-in-Deutschland-sorgt-fuer-Debatten.jpg\",\"keywords\":[\"DDRStra\u00dfen\",\"Debatten\",\"Deutschland\",\"f\u00fcr\",\"Lenin\",\"sorgt\",\"Umbenennung\",\"und\",\"von\"],\"articleSection\":[\"Deutschland\",\"Russland\"],\"inLanguage\":\"de\",\"potentialAction\":[{\"@type\":\"CommentAction\",\"name\":\"Comment\",\"target\":[\"https:\/\/now-news.de\/de\/deutschland\/umbenennung-von-lenin-und-ddr-strassen-in-deutschland-sorgt-fuer-debatten\/#respond\"]}]},{\"@type\":\"WebPage\",\"@id\":\"https:\/\/now-news.de\/de\/deutschland\/umbenennung-von-lenin-und-ddr-strassen-in-deutschland-sorgt-fuer-debatten\/\",\"url\":\"https:\/\/now-news.de\/de\/deutschland\/umbenennung-von-lenin-und-ddr-strassen-in-deutschland-sorgt-fuer-debatten\/\",\"name\":\"Umbenennung von Lenin- und DDR-Stra\u00dfen in Deutschland sorgt f\u00fcr Debatten - just-now.NEWS Deutschland\",\"isPartOf\":{\"@id\":\"https:\/\/now-news.de\/de\/#website\"},\"primaryImageOfPage\":{\"@id\":\"https:\/\/now-news.de\/de\/deutschland\/umbenennung-von-lenin-und-ddr-strassen-in-deutschland-sorgt-fuer-debatten\/#primaryimage\"},\"image\":{\"@id\":\"https:\/\/now-news.de\/de\/deutschland\/umbenennung-von-lenin-und-ddr-strassen-in-deutschland-sorgt-fuer-debatten\/#primaryimage\"},\"thumbnailUrl\":\"https:\/\/now-news.de\/de\/wp-content\/uploads\/sites\/3\/2025\/12\/Umbenennung-von-Lenin-und-DDR-Strassen-in-Deutschland-sorgt-fuer-Debatten.jpg\",\"datePublished\":\"2025-12-08T16:16:59+00:00\",\"dateModified\":\"2025-12-08T16:16:59+00:00\",\"breadcrumb\":{\"@id\":\"https:\/\/now-news.de\/de\/deutschland\/umbenennung-von-lenin-und-ddr-strassen-in-deutschland-sorgt-fuer-debatten\/#breadcrumb\"},\"inLanguage\":\"de\",\"potentialAction\":[{\"@type\":\"ReadAction\",\"target\":[\"https:\/\/now-news.de\/de\/deutschland\/umbenennung-von-lenin-und-ddr-strassen-in-deutschland-sorgt-fuer-debatten\/\"]}]},{\"@type\":\"ImageObject\",\"inLanguage\":\"de\",\"@id\":\"https:\/\/now-news.de\/de\/deutschland\/umbenennung-von-lenin-und-ddr-strassen-in-deutschland-sorgt-fuer-debatten\/#primaryimage\",\"url\":\"https:\/\/now-news.de\/de\/wp-content\/uploads\/sites\/3\/2025\/12\/Umbenennung-von-Lenin-und-DDR-Strassen-in-Deutschland-sorgt-fuer-Debatten.jpg\",\"contentUrl\":\"https:\/\/now-news.de\/de\/wp-content\/uploads\/sites\/3\/2025\/12\/Umbenennung-von-Lenin-und-DDR-Strassen-in-Deutschland-sorgt-fuer-Debatten.jpg\",\"width\":460,\"height\":259,\"caption\":\"Umbenennung von Lenin- und DDR-Stra\u00dfen in Deutschland sorgt f\u00fcr Debatten\"},{\"@type\":\"BreadcrumbList\",\"@id\":\"https:\/\/now-news.de\/de\/deutschland\/umbenennung-von-lenin-und-ddr-strassen-in-deutschland-sorgt-fuer-debatten\/#breadcrumb\",\"itemListElement\":[{\"@type\":\"ListItem\",\"position\":1,\"name\":\"Home\",\"item\":\"https:\/\/now-news.de\/de\/\"},{\"@type\":\"ListItem\",\"position\":2,\"name\":\"Umbenennung von Lenin- und DDR-Stra\u00dfen in Deutschland sorgt f\u00fcr Debatten\"}]},{\"@type\":\"WebSite\",\"@id\":\"https:\/\/now-news.de\/de\/#website\",\"url\":\"https:\/\/now-news.de\/de\/\",\"name\":\"just-now.NEWS Deutschland\",\"description\":\"Das Portal f\u00fcr unzensierte Nachrichten aus der Welt\",\"publisher\":{\"@id\":\"https:\/\/now-news.de\/de\/#organization\"},\"potentialAction\":[{\"@type\":\"SearchAction\",\"target\":{\"@type\":\"EntryPoint\",\"urlTemplate\":\"https:\/\/now-news.de\/de\/?s={search_term_string}\"},\"query-input\":\"required name=search_term_string\"}],\"inLanguage\":\"de\"},{\"@type\":\"Organization\",\"@id\":\"https:\/\/now-news.de\/de\/#organization\",\"name\":\"Just Now News\",\"url\":\"https:\/\/now-news.de\/de\/\",\"logo\":{\"@type\":\"ImageObject\",\"inLanguage\":\"de\",\"@id\":\"https:\/\/now-news.de\/de\/#\/schema\/logo\/image\/\",\"url\":\"http:\/\/just-now.news\/de\/wp-content\/uploads\/sites\/3\/2022\/04\/logo500x500.jpg\",\"contentUrl\":\"http:\/\/just-now.news\/de\/wp-content\/uploads\/sites\/3\/2022\/04\/logo500x500.jpg\",\"width\":500,\"height\":500,\"caption\":\"Just Now News\"},\"image\":{\"@id\":\"https:\/\/now-news.de\/de\/#\/schema\/logo\/image\/\"},\"sameAs\":[\"https:\/\/www.facebook.com\/wirmachenauf\",\"https:\/\/x.com\/WirMachenAuf_de\"]},{\"@type\":\"Person\",\"@id\":\"https:\/\/now-news.de\/de\/#\/schema\/person\/fb534a4e865501d8b3285208df34a9b5\",\"name\":\"rtnews\",\"image\":{\"@type\":\"ImageObject\",\"inLanguage\":\"de\",\"@id\":\"https:\/\/now-news.de\/de\/#\/schema\/person\/image\/\",\"url\":\"https:\/\/secure.gravatar.com\/avatar\/82aafea7d8127119dd649515f56e2117?s=96&d=mm&r=g\",\"contentUrl\":\"https:\/\/secure.gravatar.com\/avatar\/82aafea7d8127119dd649515f56e2117?s=96&d=mm&r=g\",\"caption\":\"rtnews\"},\"url\":\"https:\/\/now-news.de\/de\/author\/rnews\/\"}]}<\/script>\n<!-- \/ Yoast SEO Premium plugin. -->","yoast_head_json":{"title":"Umbenennung von Lenin- und DDR-Stra\u00dfen in Deutschland sorgt f\u00fcr Debatten - just-now.NEWS Deutschland","robots":{"index":"index","follow":"follow","max-snippet":"max-snippet:-1","max-image-preview":"max-image-preview:large","max-video-preview":"max-video-preview:-1"},"canonical":"https:\/\/now-news.de\/de\/deutschland\/umbenennung-von-lenin-und-ddr-strassen-in-deutschland-sorgt-fuer-debatten\/","og_locale":"de_DE","og_type":"article","og_title":"Umbenennung von Lenin- und DDR-Stra\u00dfen in Deutschland sorgt f\u00fcr Debatten","og_description":"Evelin Zupke fordert die Umbenennung von Lenin- und DDR-Stra\u00dfen in Ostdeutschland. Doch viele Deutsche erinnern sich positiv an die DDR, Parteien wie die AfD und junge Linke lehnen die Ma\u00dfnahme ab. Debatten, Widerstand und Gerichtsverfahren sind programmiert. In Deutschland l\u00e4uft derzeit im Bundestag die Diskussion \u00fcber die m\u00f6gliche Umbenennung von Stra\u00dfen, die nach Pers\u00f6nlichkeiten der [&hellip;]","og_url":"https:\/\/now-news.de\/de\/deutschland\/umbenennung-von-lenin-und-ddr-strassen-in-deutschland-sorgt-fuer-debatten\/","og_site_name":"just-now.NEWS Deutschland","article_publisher":"https:\/\/www.facebook.com\/wirmachenauf","article_published_time":"2025-12-08T16:16:59+00:00","og_image":[{"url":"https:\/\/now-news.de\/de\/wp-content\/uploads\/sites\/3\/2025\/12\/6936b7bb48fbef65c0213621.jpg"}],"author":"rtnews","twitter_card":"summary_large_image","twitter_creator":"@WirMachenAuf_de","twitter_site":"@WirMachenAuf_de","twitter_misc":{"Verfasst von":"rtnews","Gesch\u00e4tzte Lesezeit":"3\u00a0Minuten"},"schema":{"@context":"https:\/\/schema.org","@graph":[{"@type":"Article","@id":"https:\/\/now-news.de\/de\/deutschland\/umbenennung-von-lenin-und-ddr-strassen-in-deutschland-sorgt-fuer-debatten\/#article","isPartOf":{"@id":"https:\/\/now-news.de\/de\/deutschland\/umbenennung-von-lenin-und-ddr-strassen-in-deutschland-sorgt-fuer-debatten\/"},"author":{"name":"rtnews","@id":"https:\/\/now-news.de\/de\/#\/schema\/person\/fb534a4e865501d8b3285208df34a9b5"},"headline":"Umbenennung von Lenin- und DDR-Stra\u00dfen in Deutschland sorgt f\u00fcr Debatten","datePublished":"2025-12-08T16:16:59+00:00","dateModified":"2025-12-08T16:16:59+00:00","mainEntityOfPage":{"@id":"https:\/\/now-news.de\/de\/deutschland\/umbenennung-von-lenin-und-ddr-strassen-in-deutschland-sorgt-fuer-debatten\/"},"wordCount":565,"commentCount":0,"publisher":{"@id":"https:\/\/now-news.de\/de\/#organization"},"image":{"@id":"https:\/\/now-news.de\/de\/deutschland\/umbenennung-von-lenin-und-ddr-strassen-in-deutschland-sorgt-fuer-debatten\/#primaryimage"},"thumbnailUrl":"https:\/\/now-news.de\/de\/wp-content\/uploads\/sites\/3\/2025\/12\/Umbenennung-von-Lenin-und-DDR-Strassen-in-Deutschland-sorgt-fuer-Debatten.jpg","keywords":["DDRStra\u00dfen","Debatten","Deutschland","f\u00fcr","Lenin","sorgt","Umbenennung","und","von"],"articleSection":["Deutschland","Russland"],"inLanguage":"de","potentialAction":[{"@type":"CommentAction","name":"Comment","target":["https:\/\/now-news.de\/de\/deutschland\/umbenennung-von-lenin-und-ddr-strassen-in-deutschland-sorgt-fuer-debatten\/#respond"]}]},{"@type":"WebPage","@id":"https:\/\/now-news.de\/de\/deutschland\/umbenennung-von-lenin-und-ddr-strassen-in-deutschland-sorgt-fuer-debatten\/","url":"https:\/\/now-news.de\/de\/deutschland\/umbenennung-von-lenin-und-ddr-strassen-in-deutschland-sorgt-fuer-debatten\/","name":"Umbenennung von Lenin- und DDR-Stra\u00dfen in Deutschland sorgt f\u00fcr Debatten - just-now.NEWS Deutschland","isPartOf":{"@id":"https:\/\/now-news.de\/de\/#website"},"primaryImageOfPage":{"@id":"https:\/\/now-news.de\/de\/deutschland\/umbenennung-von-lenin-und-ddr-strassen-in-deutschland-sorgt-fuer-debatten\/#primaryimage"},"image":{"@id":"https:\/\/now-news.de\/de\/deutschland\/umbenennung-von-lenin-und-ddr-strassen-in-deutschland-sorgt-fuer-debatten\/#primaryimage"},"thumbnailUrl":"https:\/\/now-news.de\/de\/wp-content\/uploads\/sites\/3\/2025\/12\/Umbenennung-von-Lenin-und-DDR-Strassen-in-Deutschland-sorgt-fuer-Debatten.jpg","datePublished":"2025-12-08T16:16:59+00:00","dateModified":"2025-12-08T16:16:59+00:00","breadcrumb":{"@id":"https:\/\/now-news.de\/de\/deutschland\/umbenennung-von-lenin-und-ddr-strassen-in-deutschland-sorgt-fuer-debatten\/#breadcrumb"},"inLanguage":"de","potentialAction":[{"@type":"ReadAction","target":["https:\/\/now-news.de\/de\/deutschland\/umbenennung-von-lenin-und-ddr-strassen-in-deutschland-sorgt-fuer-debatten\/"]}]},{"@type":"ImageObject","inLanguage":"de","@id":"https:\/\/now-news.de\/de\/deutschland\/umbenennung-von-lenin-und-ddr-strassen-in-deutschland-sorgt-fuer-debatten\/#primaryimage","url":"https:\/\/now-news.de\/de\/wp-content\/uploads\/sites\/3\/2025\/12\/Umbenennung-von-Lenin-und-DDR-Strassen-in-Deutschland-sorgt-fuer-Debatten.jpg","contentUrl":"https:\/\/now-news.de\/de\/wp-content\/uploads\/sites\/3\/2025\/12\/Umbenennung-von-Lenin-und-DDR-Strassen-in-Deutschland-sorgt-fuer-Debatten.jpg","width":460,"height":259,"caption":"Umbenennung von Lenin- und DDR-Stra\u00dfen in Deutschland sorgt f\u00fcr Debatten"},{"@type":"BreadcrumbList","@id":"https:\/\/now-news.de\/de\/deutschland\/umbenennung-von-lenin-und-ddr-strassen-in-deutschland-sorgt-fuer-debatten\/#breadcrumb","itemListElement":[{"@type":"ListItem","position":1,"name":"Home","item":"https:\/\/now-news.de\/de\/"},{"@type":"ListItem","position":2,"name":"Umbenennung von Lenin- und DDR-Stra\u00dfen in Deutschland sorgt f\u00fcr Debatten"}]},{"@type":"WebSite","@id":"https:\/\/now-news.de\/de\/#website","url":"https:\/\/now-news.de\/de\/","name":"just-now.NEWS Deutschland","description":"Das Portal f\u00fcr unzensierte Nachrichten aus der Welt","publisher":{"@id":"https:\/\/now-news.de\/de\/#organization"},"potentialAction":[{"@type":"SearchAction","target":{"@type":"EntryPoint","urlTemplate":"https:\/\/now-news.de\/de\/?s={search_term_string}"},"query-input":"required name=search_term_string"}],"inLanguage":"de"},{"@type":"Organization","@id":"https:\/\/now-news.de\/de\/#organization","name":"Just Now News","url":"https:\/\/now-news.de\/de\/","logo":{"@type":"ImageObject","inLanguage":"de","@id":"https:\/\/now-news.de\/de\/#\/schema\/logo\/image\/","url":"http:\/\/just-now.news\/de\/wp-content\/uploads\/sites\/3\/2022\/04\/logo500x500.jpg","contentUrl":"http:\/\/just-now.news\/de\/wp-content\/uploads\/sites\/3\/2022\/04\/logo500x500.jpg","width":500,"height":500,"caption":"Just Now News"},"image":{"@id":"https:\/\/now-news.de\/de\/#\/schema\/logo\/image\/"},"sameAs":["https:\/\/www.facebook.com\/wirmachenauf","https:\/\/x.com\/WirMachenAuf_de"]},{"@type":"Person","@id":"https:\/\/now-news.de\/de\/#\/schema\/person\/fb534a4e865501d8b3285208df34a9b5","name":"rtnews","image":{"@type":"ImageObject","inLanguage":"de","@id":"https:\/\/now-news.de\/de\/#\/schema\/person\/image\/","url":"https:\/\/secure.gravatar.com\/avatar\/82aafea7d8127119dd649515f56e2117?s=96&d=mm&r=g","contentUrl":"https:\/\/secure.gravatar.com\/avatar\/82aafea7d8127119dd649515f56e2117?s=96&d=mm&r=g","caption":"rtnews"},"url":"https:\/\/now-news.de\/de\/author\/rnews\/"}]}},"_links":{"self":[{"href":"https:\/\/now-news.de\/de\/wp-json\/wp\/v2\/posts\/95399"}],"collection":[{"href":"https:\/\/now-news.de\/de\/wp-json\/wp\/v2\/posts"}],"about":[{"href":"https:\/\/now-news.de\/de\/wp-json\/wp\/v2\/types\/post"}],"author":[{"embeddable":true,"href":"https:\/\/now-news.de\/de\/wp-json\/wp\/v2\/users\/3"}],"replies":[{"embeddable":true,"href":"https:\/\/now-news.de\/de\/wp-json\/wp\/v2\/comments?post=95399"}],"version-history":[{"count":0,"href":"https:\/\/now-news.de\/de\/wp-json\/wp\/v2\/posts\/95399\/revisions"}],"wp:featuredmedia":[{"embeddable":true,"href":"https:\/\/now-news.de\/de\/wp-json\/wp\/v2\/media\/95400"}],"wp:attachment":[{"href":"https:\/\/now-news.de\/de\/wp-json\/wp\/v2\/media?parent=95399"}],"wp:term":[{"taxonomy":"category","embeddable":true,"href":"https:\/\/now-news.de\/de\/wp-json\/wp\/v2\/categories?post=95399"},{"taxonomy":"post_tag","embeddable":true,"href":"https:\/\/now-news.de\/de\/wp-json\/wp\/v2\/tags?post=95399"}],"curies":[{"name":"wp","href":"https:\/\/api.w.org\/{rel}","templated":true}]}}