{"id":95387,"date":"2025-12-08T14:59:21","date_gmt":"2025-12-08T12:59:21","guid":{"rendered":"https:\/\/now-news.de\/de\/deutschland\/10-000-exilsyrer-feiern-in-essen-jahrestag-von-assads-sturz-messerattacke-inklusive\/"},"modified":"2025-12-08T14:59:21","modified_gmt":"2025-12-08T12:59:21","slug":"10-000-exilsyrer-feiern-in-essen-jahrestag-von-assads-sturz-messerattacke-inklusive","status":"publish","type":"post","link":"https:\/\/now-news.de\/de\/deutschland\/10-000-exilsyrer-feiern-in-essen-jahrestag-von-assads-sturz-messerattacke-inklusive\/","title":{"rendered":"10.000 Exilsyrer &quot;feiern&quot; in Essen Jahrestag von Assads Sturz: Messerattacke inklusive"},"content":{"rendered":"<p><img decoding=\"async\" src=\"https:\/\/now-news.de\/de\/wp-content\/uploads\/sites\/3\/2025\/12\/6936c400b480cc0a1d2be30f.jpg\" \/><\/p>\n<div class=\"Text-root Text-type_1 \">\n                Machtdemonstration in Essen: Am Sonntag gingen tausende Exilsyrer in NRW auf die Stra\u00dfe. Sie feierten das Ende der Herrschaft des langj\u00e4hrigen Pr\u00e4sidenten Baschar al-Assad vor einem Jahr. Offenbar im Kontext dieses Geschehens wurde am Essener Hauptbahnhof ein Mann mit einem Messer attackiert.\n            <\/div>\n<p><\/p>\n<div class=\"Text-root Text-type_5 ArticleView-text ViewText-root \">\n<p data-external=\"Article.FirstParagraph\">Am Hauptbahnhof Essen ist am Sonntag ein junger Mann mit einem Messer verletzt worden. Das Opfer wurde ins Krankenhaus gebracht, wie die Polizei auf Nachfrage best\u00e4tigte. Eine Mordkommission ermittele in dem Fall, sagte ein Polizeisprecher, wie der <em>WDR<\/em>\u00a0berichtet.<\/p>\n<p>Unmittelbar zuvor hatte in der Essener Innenstadt eine Versammlung stattgefunden: \u00dcber\u00a010.000 Exilsyrer feierten den Sturz von Baschar al-Assad vor einem Jahr in Syrien. Ob es einen Zusammenhang zwischen der Veranstaltung und der Tat gab, ist laut Polizei unklar. Die lautstarke (Macht-)Demonstration wurde von Pyrotechnik, zahlreichen Kopft\u00fcchern und verbotenen Fahnen begleitet, berichtet die <em>Bild<\/em>. Dabei k\u00f6nnte es sich um Fahnen der Terrororganisation &#8220;Islamischer Staat&#8221; gehandelt haben.<\/p>\n<div class=\"EmbedBlock-root EmbedBlock-twitter\">\n<div class=\"TwitterEmbed\">\n<blockquote class=\"twitter-tweet lazyload\" data-twitter=\"twitter-tweet\" data-media-max-width=\"560\">\n<p lang=\"de\" dir=\"ltr\">Tausende Syrer feierten gestern in <a rel=\"nofollow noopener\" target=\"_blank\" href=\"https:\/\/twitter.com\/hashtag\/Essen?src=hash&amp;ref_src=twsrc%5Etfw\">#Essen<\/a> den Jahrestag der Befreiung ihres Landes. Ja in Essen, NRW, Deutschland. <a rel=\"nofollow noopener\" target=\"_blank\" href=\"https:\/\/t.co\/H3YIzrgXjc\">pic.twitter.com\/H3YIzrgXjc<\/a><\/p>\n<p>\u2014 Dara \ud83c\udde9\ud83c\uddea (@Raeubertochtah) <a rel=\"nofollow noopener\" target=\"_blank\" href=\"https:\/\/twitter.com\/Raeubertochtah\/status\/1997986286091559103?ref_src=twsrc%5Etfw\">December 8, 2025<\/a><\/p><\/blockquote>\n<\/div>\n<\/div>\n<p>Ein Mitglied des Hessischen Landtags,\u00a0Jochen Kurt Roos (AfD), postete dazu auf X:<\/p>\n<blockquote>\n<p><em>&#8220;\u00dcber 10.000 Syrer werden in k\u00fcrzester Zeit in Essen mobilisiert und verwandeln die dortige Innenstadt in einen zu gro\u00dfen Teilen rechtsfreien Raum. Nebendran der \u00f6rtliche Weihnachtsmarkt, als w\u00e4re alles in bester Ordnung. Aber nat\u00fcrlich kommt die Gefahr von Rechts und der AfD!&#8221;<\/em><\/p>\n<\/blockquote>\n<div class=\"EmbedBlock-root EmbedBlock-twitter\">\n<div class=\"TwitterEmbed\">\n<blockquote class=\"twitter-tweet lazyload\" data-twitter=\"twitter-tweet\">\n<p lang=\"de\" dir=\"ltr\">\u00dcber 10.000 Syrer werden in k\u00fcrzester Zeit in Essen mobilisiert und verwandeln die dortige Innenstadt in einen zu gro\u00dfen Teilen rechtsfreien Raum. Nebendran der \u00f6rtliche Weihnachtsmarkt, als w\u00e4re alles in bester Ordnung. Aber nat\u00fcrlich kommt die Gefahr von Rechts und der AfD! \ud83d\ude02<\/p>\n<p>\u2014 Jochen K. Roos, MdL (@Jochen_K_Roos) <a rel=\"nofollow noopener\" target=\"_blank\" href=\"https:\/\/twitter.com\/Jochen_K_Roos\/status\/1997767351140335853?ref_src=twsrc%5Etfw\">December 7, 2025<\/a><\/p><\/blockquote>\n<\/div>\n<\/div>\n<p>Die Polizei musste zahlreiche Stra\u00dfen in der Innenstadt sperren \u2012 auch am Hauptbahnhof kam es dadurch am 2. Advent zu noch mehr Verkehrschaos als ohnehin \u00fcblich. Die Lage wurde un\u00fcbersichtlich, da viele Demonstranten mit dem Zug an- und abreisten. Im Get\u00fcmmel am Bahnhof waren pl\u00f6tzlich Schreie zu h\u00f6ren \u2012 ein junger Mann wurde laut Augenzeugenberichten mit drei Messerstichen niedergestreckt. Es folgte ein Gro\u00dfeinsatz der Polizei.<\/p>\n<p>Dieser Gro\u00dfeinsatz ging mit zahlreichen Zeugenbefragungen vor Ort in der einstigen Industriemetropole einher.\u00a0W\u00e4hrenddessen wurden auch mehrere m\u00f6gliche Verd\u00e4chtige rund um den Tatort von Beamten einer Beweissicherungs- und Festnahme-Einheit kontrolliert. Au\u00dferdem wurden umliegende M\u00fclleimer nach der Tatwaffe abgesucht.<\/p>\n<p>Die Organisation &#8220;Syrischer Jasmin&#8221; hatte zu der Versammlung aufgerufen. Bereits am 8. Dezember 2024, vor fast genau einem Jahr, feierten bereits 11.000 Syrer in\u00a0Essen\u00a0den Sturz von Assad. Wie viele andere St\u00e4dte in Nordrhein-Westfalen ist die einstige Hochburg des Kohleabbaus und der deutschen Stahlproduktion durch einen enorm hohen Migrantenanteil in der Bev\u00f6lkerung und zahlreiche, vor allem islamistische Parallelgesellschaften bekannt.\u00a0<\/p>\n<p><strong>Mehr zum Thema<\/strong>\u00a0\u2012 <a rel=\"nofollow noopener\" target=\"_blank\" href=\"https:\/\/freedert.online\/inland\/263523-mit-messern-guerteln-und-stoecken\/\">Mit Messern, G\u00fcrteln und St\u00f6cken: Arabischsprechende Teenager gehen in Chemnitz aufeinander los<\/a><\/p>\n<\/p>\n<\/div>\n<p><script async src=\"https:\/\/platform.twitter.com\/widgets.js\" charset=\"utf-8\"><\/script><br \/>\n<br \/><br \/>\n<br \/><a href=\"https:\/\/de.rt.com\/inland\/264160-10000-exilsyrer-feiern-in-essen\/\">Source link <\/a><\/p>\n","protected":false},"excerpt":{"rendered":"<p>Machtdemonstration in Essen: Am Sonntag gingen tausende Exilsyrer in NRW auf die Stra\u00dfe. Sie feierten das Ende der Herrschaft des langj\u00e4hrigen Pr\u00e4sidenten Baschar al-Assad vor einem Jahr. Offenbar im Kontext dieses Geschehens wurde am Essener Hauptbahnhof ein Mann mit einem Messer attackiert. Am Hauptbahnhof Essen ist am Sonntag ein junger Mann mit einem Messer verletzt [&hellip;]<\/p>\n","protected":false},"author":3,"featured_media":95388,"comment_status":"open","ping_status":"open","sticky":false,"template":"","format":"standard","meta":{"_yoast_indexnow_last_ping":["1765199596"],"wp_automatic_camp":["217"],"479eda21286b6b8342f8590299454440":["10.000 Exilsyrer &quot;feiern&quot; in Essen Jahrestag von Assads Sturz: Messerattacke inklusive"],"original_link":["https:\/\/de.rt.com\/inland\/264160-10000-exilsyrer-feiern-in-essen\/"],"_thumbnail_id":["95388"],"jnews_social_counter_last_update":["1777611240"],"_wptgpro_p2tg_sent2tg":["a:1:{i:23737;s:19:\"2025-12-08 15:14:19\";}"]},"categories":[19,23],"tags":[44525,13899,69730,19309,16868,7078,69731,8170,50],"yoast_head":"<!-- This site is optimized with the Yoast SEO Premium plugin v22.7 (Yoast SEO v22.7) - https:\/\/yoast.com\/wordpress\/plugins\/seo\/ -->\n<title>10.000 Exilsyrer &quot;feiern&quot; in Essen Jahrestag von Assads Sturz: Messerattacke inklusive - just-now.NEWS Deutschland<\/title>\n<meta name=\"robots\" content=\"index, follow, max-snippet:-1, max-image-preview:large, max-video-preview:-1\" \/>\n<link rel=\"canonical\" href=\"https:\/\/now-news.de\/de\/deutschland\/10-000-exilsyrer-feiern-in-essen-jahrestag-von-assads-sturz-messerattacke-inklusive\/\" \/>\n<meta property=\"og:locale\" content=\"de_DE\" \/>\n<meta property=\"og:type\" content=\"article\" \/>\n<meta property=\"og:title\" content=\"10.000 Exilsyrer &quot;feiern&quot; in Essen Jahrestag von Assads Sturz: Messerattacke inklusive\" \/>\n<meta property=\"og:description\" content=\"Machtdemonstration in Essen: Am Sonntag gingen tausende Exilsyrer in NRW auf die Stra\u00dfe. Sie feierten das Ende der Herrschaft des langj\u00e4hrigen Pr\u00e4sidenten Baschar al-Assad vor einem Jahr. Offenbar im Kontext dieses Geschehens wurde am Essener Hauptbahnhof ein Mann mit einem Messer attackiert. Am Hauptbahnhof Essen ist am Sonntag ein junger Mann mit einem Messer verletzt [&hellip;]\" \/>\n<meta property=\"og:url\" content=\"https:\/\/now-news.de\/de\/deutschland\/10-000-exilsyrer-feiern-in-essen-jahrestag-von-assads-sturz-messerattacke-inklusive\/\" \/>\n<meta property=\"og:site_name\" content=\"just-now.NEWS Deutschland\" \/>\n<meta property=\"article:publisher\" content=\"https:\/\/www.facebook.com\/wirmachenauf\" \/>\n<meta property=\"article:published_time\" content=\"2025-12-08T12:59:21+00:00\" \/>\n<meta property=\"og:image\" content=\"https:\/\/now-news.de\/de\/wp-content\/uploads\/sites\/3\/2025\/12\/6936c400b480cc0a1d2be30f.jpg\" \/>\n<meta name=\"author\" content=\"rtnews\" \/>\n<meta name=\"twitter:card\" content=\"summary_large_image\" \/>\n<meta name=\"twitter:creator\" content=\"@WirMachenAuf_de\" \/>\n<meta name=\"twitter:site\" content=\"@WirMachenAuf_de\" \/>\n<meta name=\"twitter:label1\" content=\"Verfasst von\" \/>\n\t<meta name=\"twitter:data1\" content=\"rtnews\" \/>\n\t<meta name=\"twitter:label2\" content=\"Gesch\u00e4tzte Lesezeit\" \/>\n\t<meta name=\"twitter:data2\" content=\"2\u00a0Minuten\" \/>\n<script type=\"application\/ld+json\" class=\"yoast-schema-graph\">{\"@context\":\"https:\/\/schema.org\",\"@graph\":[{\"@type\":\"Article\",\"@id\":\"https:\/\/now-news.de\/de\/deutschland\/10-000-exilsyrer-feiern-in-essen-jahrestag-von-assads-sturz-messerattacke-inklusive\/#article\",\"isPartOf\":{\"@id\":\"https:\/\/now-news.de\/de\/deutschland\/10-000-exilsyrer-feiern-in-essen-jahrestag-von-assads-sturz-messerattacke-inklusive\/\"},\"author\":{\"name\":\"rtnews\",\"@id\":\"https:\/\/now-news.de\/de\/#\/schema\/person\/fb534a4e865501d8b3285208df34a9b5\"},\"headline\":\"10.000 Exilsyrer &quot;feiern&quot; in Essen Jahrestag von Assads Sturz: Messerattacke inklusive\",\"datePublished\":\"2025-12-08T12:59:21+00:00\",\"dateModified\":\"2025-12-08T12:59:21+00:00\",\"mainEntityOfPage\":{\"@id\":\"https:\/\/now-news.de\/de\/deutschland\/10-000-exilsyrer-feiern-in-essen-jahrestag-von-assads-sturz-messerattacke-inklusive\/\"},\"wordCount\":492,\"commentCount\":0,\"publisher\":{\"@id\":\"https:\/\/now-news.de\/de\/#organization\"},\"image\":{\"@id\":\"https:\/\/now-news.de\/de\/deutschland\/10-000-exilsyrer-feiern-in-essen-jahrestag-von-assads-sturz-messerattacke-inklusive\/#primaryimage\"},\"thumbnailUrl\":\"https:\/\/now-news.de\/de\/wp-content\/uploads\/sites\/3\/2025\/12\/10000-Exilsyrer-quotfeiernquot-in-Essen-Jahrestag-von-Assads-Sturz-Messerattacke.jpg\",\"keywords\":[\"Assads\",\"Essen\",\"Exilsyrer\",\"inklusive\",\"Jahrestag\",\"Messerattacke\",\"quotfeiernquot\",\"Sturz\",\"von\"],\"articleSection\":[\"Deutschland\",\"Russland\"],\"inLanguage\":\"de\",\"potentialAction\":[{\"@type\":\"CommentAction\",\"name\":\"Comment\",\"target\":[\"https:\/\/now-news.de\/de\/deutschland\/10-000-exilsyrer-feiern-in-essen-jahrestag-von-assads-sturz-messerattacke-inklusive\/#respond\"]}]},{\"@type\":\"WebPage\",\"@id\":\"https:\/\/now-news.de\/de\/deutschland\/10-000-exilsyrer-feiern-in-essen-jahrestag-von-assads-sturz-messerattacke-inklusive\/\",\"url\":\"https:\/\/now-news.de\/de\/deutschland\/10-000-exilsyrer-feiern-in-essen-jahrestag-von-assads-sturz-messerattacke-inklusive\/\",\"name\":\"10.000 Exilsyrer &quot;feiern&quot; in Essen Jahrestag von Assads Sturz: Messerattacke inklusive - just-now.NEWS Deutschland\",\"isPartOf\":{\"@id\":\"https:\/\/now-news.de\/de\/#website\"},\"primaryImageOfPage\":{\"@id\":\"https:\/\/now-news.de\/de\/deutschland\/10-000-exilsyrer-feiern-in-essen-jahrestag-von-assads-sturz-messerattacke-inklusive\/#primaryimage\"},\"image\":{\"@id\":\"https:\/\/now-news.de\/de\/deutschland\/10-000-exilsyrer-feiern-in-essen-jahrestag-von-assads-sturz-messerattacke-inklusive\/#primaryimage\"},\"thumbnailUrl\":\"https:\/\/now-news.de\/de\/wp-content\/uploads\/sites\/3\/2025\/12\/10000-Exilsyrer-quotfeiernquot-in-Essen-Jahrestag-von-Assads-Sturz-Messerattacke.jpg\",\"datePublished\":\"2025-12-08T12:59:21+00:00\",\"dateModified\":\"2025-12-08T12:59:21+00:00\",\"breadcrumb\":{\"@id\":\"https:\/\/now-news.de\/de\/deutschland\/10-000-exilsyrer-feiern-in-essen-jahrestag-von-assads-sturz-messerattacke-inklusive\/#breadcrumb\"},\"inLanguage\":\"de\",\"potentialAction\":[{\"@type\":\"ReadAction\",\"target\":[\"https:\/\/now-news.de\/de\/deutschland\/10-000-exilsyrer-feiern-in-essen-jahrestag-von-assads-sturz-messerattacke-inklusive\/\"]}]},{\"@type\":\"ImageObject\",\"inLanguage\":\"de\",\"@id\":\"https:\/\/now-news.de\/de\/deutschland\/10-000-exilsyrer-feiern-in-essen-jahrestag-von-assads-sturz-messerattacke-inklusive\/#primaryimage\",\"url\":\"https:\/\/now-news.de\/de\/wp-content\/uploads\/sites\/3\/2025\/12\/10000-Exilsyrer-quotfeiernquot-in-Essen-Jahrestag-von-Assads-Sturz-Messerattacke.jpg\",\"contentUrl\":\"https:\/\/now-news.de\/de\/wp-content\/uploads\/sites\/3\/2025\/12\/10000-Exilsyrer-quotfeiernquot-in-Essen-Jahrestag-von-Assads-Sturz-Messerattacke.jpg\",\"width\":460,\"height\":259,\"caption\":\"10.000 Exilsyrer &quot;feiern&quot; in Essen Jahrestag von Assads Sturz: Messerattacke inklusive\"},{\"@type\":\"BreadcrumbList\",\"@id\":\"https:\/\/now-news.de\/de\/deutschland\/10-000-exilsyrer-feiern-in-essen-jahrestag-von-assads-sturz-messerattacke-inklusive\/#breadcrumb\",\"itemListElement\":[{\"@type\":\"ListItem\",\"position\":1,\"name\":\"Home\",\"item\":\"https:\/\/now-news.de\/de\/\"},{\"@type\":\"ListItem\",\"position\":2,\"name\":\"10.000 Exilsyrer &quot;feiern&quot; in Essen Jahrestag von Assads Sturz: Messerattacke inklusive\"}]},{\"@type\":\"WebSite\",\"@id\":\"https:\/\/now-news.de\/de\/#website\",\"url\":\"https:\/\/now-news.de\/de\/\",\"name\":\"just-now.NEWS Deutschland\",\"description\":\"Das Portal f\u00fcr unzensierte Nachrichten aus der Welt\",\"publisher\":{\"@id\":\"https:\/\/now-news.de\/de\/#organization\"},\"potentialAction\":[{\"@type\":\"SearchAction\",\"target\":{\"@type\":\"EntryPoint\",\"urlTemplate\":\"https:\/\/now-news.de\/de\/?s={search_term_string}\"},\"query-input\":\"required name=search_term_string\"}],\"inLanguage\":\"de\"},{\"@type\":\"Organization\",\"@id\":\"https:\/\/now-news.de\/de\/#organization\",\"name\":\"Just Now News\",\"url\":\"https:\/\/now-news.de\/de\/\",\"logo\":{\"@type\":\"ImageObject\",\"inLanguage\":\"de\",\"@id\":\"https:\/\/now-news.de\/de\/#\/schema\/logo\/image\/\",\"url\":\"http:\/\/just-now.news\/de\/wp-content\/uploads\/sites\/3\/2022\/04\/logo500x500.jpg\",\"contentUrl\":\"http:\/\/just-now.news\/de\/wp-content\/uploads\/sites\/3\/2022\/04\/logo500x500.jpg\",\"width\":500,\"height\":500,\"caption\":\"Just Now News\"},\"image\":{\"@id\":\"https:\/\/now-news.de\/de\/#\/schema\/logo\/image\/\"},\"sameAs\":[\"https:\/\/www.facebook.com\/wirmachenauf\",\"https:\/\/x.com\/WirMachenAuf_de\"]},{\"@type\":\"Person\",\"@id\":\"https:\/\/now-news.de\/de\/#\/schema\/person\/fb534a4e865501d8b3285208df34a9b5\",\"name\":\"rtnews\",\"image\":{\"@type\":\"ImageObject\",\"inLanguage\":\"de\",\"@id\":\"https:\/\/now-news.de\/de\/#\/schema\/person\/image\/\",\"url\":\"https:\/\/secure.gravatar.com\/avatar\/82aafea7d8127119dd649515f56e2117?s=96&d=mm&r=g\",\"contentUrl\":\"https:\/\/secure.gravatar.com\/avatar\/82aafea7d8127119dd649515f56e2117?s=96&d=mm&r=g\",\"caption\":\"rtnews\"},\"url\":\"https:\/\/now-news.de\/de\/author\/rnews\/\"}]}<\/script>\n<!-- \/ Yoast SEO Premium plugin. -->","yoast_head_json":{"title":"10.000 Exilsyrer &quot;feiern&quot; in Essen Jahrestag von Assads Sturz: Messerattacke inklusive - just-now.NEWS Deutschland","robots":{"index":"index","follow":"follow","max-snippet":"max-snippet:-1","max-image-preview":"max-image-preview:large","max-video-preview":"max-video-preview:-1"},"canonical":"https:\/\/now-news.de\/de\/deutschland\/10-000-exilsyrer-feiern-in-essen-jahrestag-von-assads-sturz-messerattacke-inklusive\/","og_locale":"de_DE","og_type":"article","og_title":"10.000 Exilsyrer &quot;feiern&quot; in Essen Jahrestag von Assads Sturz: Messerattacke inklusive","og_description":"Machtdemonstration in Essen: Am Sonntag gingen tausende Exilsyrer in NRW auf die Stra\u00dfe. Sie feierten das Ende der Herrschaft des langj\u00e4hrigen Pr\u00e4sidenten Baschar al-Assad vor einem Jahr. Offenbar im Kontext dieses Geschehens wurde am Essener Hauptbahnhof ein Mann mit einem Messer attackiert. Am Hauptbahnhof Essen ist am Sonntag ein junger Mann mit einem Messer verletzt [&hellip;]","og_url":"https:\/\/now-news.de\/de\/deutschland\/10-000-exilsyrer-feiern-in-essen-jahrestag-von-assads-sturz-messerattacke-inklusive\/","og_site_name":"just-now.NEWS Deutschland","article_publisher":"https:\/\/www.facebook.com\/wirmachenauf","article_published_time":"2025-12-08T12:59:21+00:00","og_image":[{"url":"https:\/\/now-news.de\/de\/wp-content\/uploads\/sites\/3\/2025\/12\/6936c400b480cc0a1d2be30f.jpg"}],"author":"rtnews","twitter_card":"summary_large_image","twitter_creator":"@WirMachenAuf_de","twitter_site":"@WirMachenAuf_de","twitter_misc":{"Verfasst von":"rtnews","Gesch\u00e4tzte Lesezeit":"2\u00a0Minuten"},"schema":{"@context":"https:\/\/schema.org","@graph":[{"@type":"Article","@id":"https:\/\/now-news.de\/de\/deutschland\/10-000-exilsyrer-feiern-in-essen-jahrestag-von-assads-sturz-messerattacke-inklusive\/#article","isPartOf":{"@id":"https:\/\/now-news.de\/de\/deutschland\/10-000-exilsyrer-feiern-in-essen-jahrestag-von-assads-sturz-messerattacke-inklusive\/"},"author":{"name":"rtnews","@id":"https:\/\/now-news.de\/de\/#\/schema\/person\/fb534a4e865501d8b3285208df34a9b5"},"headline":"10.000 Exilsyrer &quot;feiern&quot; in Essen Jahrestag von Assads Sturz: Messerattacke inklusive","datePublished":"2025-12-08T12:59:21+00:00","dateModified":"2025-12-08T12:59:21+00:00","mainEntityOfPage":{"@id":"https:\/\/now-news.de\/de\/deutschland\/10-000-exilsyrer-feiern-in-essen-jahrestag-von-assads-sturz-messerattacke-inklusive\/"},"wordCount":492,"commentCount":0,"publisher":{"@id":"https:\/\/now-news.de\/de\/#organization"},"image":{"@id":"https:\/\/now-news.de\/de\/deutschland\/10-000-exilsyrer-feiern-in-essen-jahrestag-von-assads-sturz-messerattacke-inklusive\/#primaryimage"},"thumbnailUrl":"https:\/\/now-news.de\/de\/wp-content\/uploads\/sites\/3\/2025\/12\/10000-Exilsyrer-quotfeiernquot-in-Essen-Jahrestag-von-Assads-Sturz-Messerattacke.jpg","keywords":["Assads","Essen","Exilsyrer","inklusive","Jahrestag","Messerattacke","quotfeiernquot","Sturz","von"],"articleSection":["Deutschland","Russland"],"inLanguage":"de","potentialAction":[{"@type":"CommentAction","name":"Comment","target":["https:\/\/now-news.de\/de\/deutschland\/10-000-exilsyrer-feiern-in-essen-jahrestag-von-assads-sturz-messerattacke-inklusive\/#respond"]}]},{"@type":"WebPage","@id":"https:\/\/now-news.de\/de\/deutschland\/10-000-exilsyrer-feiern-in-essen-jahrestag-von-assads-sturz-messerattacke-inklusive\/","url":"https:\/\/now-news.de\/de\/deutschland\/10-000-exilsyrer-feiern-in-essen-jahrestag-von-assads-sturz-messerattacke-inklusive\/","name":"10.000 Exilsyrer &quot;feiern&quot; in Essen Jahrestag von Assads Sturz: Messerattacke inklusive - just-now.NEWS Deutschland","isPartOf":{"@id":"https:\/\/now-news.de\/de\/#website"},"primaryImageOfPage":{"@id":"https:\/\/now-news.de\/de\/deutschland\/10-000-exilsyrer-feiern-in-essen-jahrestag-von-assads-sturz-messerattacke-inklusive\/#primaryimage"},"image":{"@id":"https:\/\/now-news.de\/de\/deutschland\/10-000-exilsyrer-feiern-in-essen-jahrestag-von-assads-sturz-messerattacke-inklusive\/#primaryimage"},"thumbnailUrl":"https:\/\/now-news.de\/de\/wp-content\/uploads\/sites\/3\/2025\/12\/10000-Exilsyrer-quotfeiernquot-in-Essen-Jahrestag-von-Assads-Sturz-Messerattacke.jpg","datePublished":"2025-12-08T12:59:21+00:00","dateModified":"2025-12-08T12:59:21+00:00","breadcrumb":{"@id":"https:\/\/now-news.de\/de\/deutschland\/10-000-exilsyrer-feiern-in-essen-jahrestag-von-assads-sturz-messerattacke-inklusive\/#breadcrumb"},"inLanguage":"de","potentialAction":[{"@type":"ReadAction","target":["https:\/\/now-news.de\/de\/deutschland\/10-000-exilsyrer-feiern-in-essen-jahrestag-von-assads-sturz-messerattacke-inklusive\/"]}]},{"@type":"ImageObject","inLanguage":"de","@id":"https:\/\/now-news.de\/de\/deutschland\/10-000-exilsyrer-feiern-in-essen-jahrestag-von-assads-sturz-messerattacke-inklusive\/#primaryimage","url":"https:\/\/now-news.de\/de\/wp-content\/uploads\/sites\/3\/2025\/12\/10000-Exilsyrer-quotfeiernquot-in-Essen-Jahrestag-von-Assads-Sturz-Messerattacke.jpg","contentUrl":"https:\/\/now-news.de\/de\/wp-content\/uploads\/sites\/3\/2025\/12\/10000-Exilsyrer-quotfeiernquot-in-Essen-Jahrestag-von-Assads-Sturz-Messerattacke.jpg","width":460,"height":259,"caption":"10.000 Exilsyrer &quot;feiern&quot; in Essen Jahrestag von Assads Sturz: Messerattacke inklusive"},{"@type":"BreadcrumbList","@id":"https:\/\/now-news.de\/de\/deutschland\/10-000-exilsyrer-feiern-in-essen-jahrestag-von-assads-sturz-messerattacke-inklusive\/#breadcrumb","itemListElement":[{"@type":"ListItem","position":1,"name":"Home","item":"https:\/\/now-news.de\/de\/"},{"@type":"ListItem","position":2,"name":"10.000 Exilsyrer &quot;feiern&quot; in Essen Jahrestag von Assads Sturz: Messerattacke inklusive"}]},{"@type":"WebSite","@id":"https:\/\/now-news.de\/de\/#website","url":"https:\/\/now-news.de\/de\/","name":"just-now.NEWS Deutschland","description":"Das Portal f\u00fcr unzensierte Nachrichten aus der Welt","publisher":{"@id":"https:\/\/now-news.de\/de\/#organization"},"potentialAction":[{"@type":"SearchAction","target":{"@type":"EntryPoint","urlTemplate":"https:\/\/now-news.de\/de\/?s={search_term_string}"},"query-input":"required name=search_term_string"}],"inLanguage":"de"},{"@type":"Organization","@id":"https:\/\/now-news.de\/de\/#organization","name":"Just Now News","url":"https:\/\/now-news.de\/de\/","logo":{"@type":"ImageObject","inLanguage":"de","@id":"https:\/\/now-news.de\/de\/#\/schema\/logo\/image\/","url":"http:\/\/just-now.news\/de\/wp-content\/uploads\/sites\/3\/2022\/04\/logo500x500.jpg","contentUrl":"http:\/\/just-now.news\/de\/wp-content\/uploads\/sites\/3\/2022\/04\/logo500x500.jpg","width":500,"height":500,"caption":"Just Now News"},"image":{"@id":"https:\/\/now-news.de\/de\/#\/schema\/logo\/image\/"},"sameAs":["https:\/\/www.facebook.com\/wirmachenauf","https:\/\/x.com\/WirMachenAuf_de"]},{"@type":"Person","@id":"https:\/\/now-news.de\/de\/#\/schema\/person\/fb534a4e865501d8b3285208df34a9b5","name":"rtnews","image":{"@type":"ImageObject","inLanguage":"de","@id":"https:\/\/now-news.de\/de\/#\/schema\/person\/image\/","url":"https:\/\/secure.gravatar.com\/avatar\/82aafea7d8127119dd649515f56e2117?s=96&d=mm&r=g","contentUrl":"https:\/\/secure.gravatar.com\/avatar\/82aafea7d8127119dd649515f56e2117?s=96&d=mm&r=g","caption":"rtnews"},"url":"https:\/\/now-news.de\/de\/author\/rnews\/"}]}},"_links":{"self":[{"href":"https:\/\/now-news.de\/de\/wp-json\/wp\/v2\/posts\/95387"}],"collection":[{"href":"https:\/\/now-news.de\/de\/wp-json\/wp\/v2\/posts"}],"about":[{"href":"https:\/\/now-news.de\/de\/wp-json\/wp\/v2\/types\/post"}],"author":[{"embeddable":true,"href":"https:\/\/now-news.de\/de\/wp-json\/wp\/v2\/users\/3"}],"replies":[{"embeddable":true,"href":"https:\/\/now-news.de\/de\/wp-json\/wp\/v2\/comments?post=95387"}],"version-history":[{"count":0,"href":"https:\/\/now-news.de\/de\/wp-json\/wp\/v2\/posts\/95387\/revisions"}],"wp:featuredmedia":[{"embeddable":true,"href":"https:\/\/now-news.de\/de\/wp-json\/wp\/v2\/media\/95388"}],"wp:attachment":[{"href":"https:\/\/now-news.de\/de\/wp-json\/wp\/v2\/media?parent=95387"}],"wp:term":[{"taxonomy":"category","embeddable":true,"href":"https:\/\/now-news.de\/de\/wp-json\/wp\/v2\/categories?post=95387"},{"taxonomy":"post_tag","embeddable":true,"href":"https:\/\/now-news.de\/de\/wp-json\/wp\/v2\/tags?post=95387"}],"curies":[{"name":"wp","href":"https:\/\/api.w.org\/{rel}","templated":true}]}}