{"id":95378,"date":"2025-12-08T11:42:31","date_gmt":"2025-12-08T09:42:31","guid":{"rendered":"https:\/\/now-news.de\/de\/deutschland\/trump-erhaelt-neuen-fifa-friedenspreis-fuer-weltweiten-einsatz\/"},"modified":"2025-12-08T11:42:31","modified_gmt":"2025-12-08T09:42:31","slug":"trump-erhaelt-neuen-fifa-friedenspreis-fuer-weltweiten-einsatz","status":"publish","type":"post","link":"https:\/\/now-news.de\/de\/deutschland\/trump-erhaelt-neuen-fifa-friedenspreis-fuer-weltweiten-einsatz\/","title":{"rendered":"Trump erh\u00e4lt neuen FIFA-Friedenspreis f\u00fcr weltweiten Einsatz"},"content":{"rendered":"<p><img decoding=\"async\" src=\"https:\/\/now-news.de\/de\/wp-content\/uploads\/sites\/3\/2025\/12\/693699a648fbef75a323a514.jpg\" \/><\/p>\n<div class=\"Text-root Text-type_1 \">\n                Donald Trump erh\u00e4lt den FIFA-Friedenspreis f\u00fcr seinen Einsatz f\u00fcr weltweiten Frieden, darunter Konfliktl\u00f6sungen im Kongo und in Nahost. Trump nennt diese Ehrung &#8220;eine der gr\u00f6\u00dften meines Lebens&#8221;.\n            <\/div>\n<p><\/p>\n<div class=\"Text-root Text-type_5 ArticleView-text ViewText-root \">\n<p data-start=\"182\" data-end=\"578\">US-Pr\u00e4sident Donald Trump wurde bei der Auslosung der Fu\u00dfball-WM 2026 in Washington mit dem neu geschaffenen FIFA-Friedenspreis ausgezeichnet.<\/p>\n<p data-start=\"40\" data-end=\"289\" data-is-last-node=\"\" data-is-only-node=\"\">FIFA-Pr\u00e4sident Gianni Infantino \u00fcberreichte Trump die goldene Medaille, das Zertifikat und den Friedenspokal, eine goldene Weltkugel, getragen von mehreren H\u00e4nden.\u00a0Er w\u00fcrdigte Trumps &#8220;unersch\u00fctterlichen Einsatz f\u00fcr den Frieden auf der ganzen Welt&#8221;.<\/p>\n<p data-start=\"580\" data-end=\"931\">Trump selbst bezeichnete die Ehrung als &#8220;eine der gr\u00f6\u00dften meines Lebens&#8221; und verwies auf seine Verdienste bei der Konfliktl\u00f6sung in Gaza, im Kongo und in weiteren Krisenregionen.<\/p>\n<blockquote>\n<p data-start=\"580\" data-end=\"931\"><em>&#8220;Millionen Leben wurden gerettet, Kriege beendet oder verhindert&#8221;,<\/em><\/p>\n<\/blockquote>\n<p data-start=\"580\" data-end=\"931\">betonte der US-Pr\u00e4sident vor den versammelten G\u00e4sten im John F. Kennedy Center for the Performing Arts.<\/p>\n<p data-start=\"933\" data-end=\"1341\">Trotz Kritik aus Menschenrechtskreisen und Teilen der internationalen Presse zeigte sich Trump unbeeindruckt. W\u00e4hrend Kritiker die Vergabekriterien des Preises infrage stellen, stellte Infantino klar, dass der FIFA-Friedenspreis j\u00e4hrlich an Pers\u00f6nlichkeiten vergeben wird, die sich durch au\u00dfergew\u00f6hnliche Taten f\u00fcr Frieden und V\u00f6lkerverst\u00e4ndigung auszeichnen, und dass ein Bezug zum Fu\u00dfball nicht erforderlich ist.<\/p>\n<p data-start=\"1343\" data-end=\"1644\">Der Preis markiert die enge Zusammenarbeit zwischen Trump und der FIFA im Vorfeld der WM 2026, die in den USA, Kanada und Mexiko ausgetragen wird. Der USA-Pr\u00e4sident\u00a0fungiert als Vorsitzender der amerikanischen WM-Task-Force und war zusammen mit Infantino ma\u00dfgeblich an den Vorbereitungen des Turniers beteiligt.<\/p>\n<p data-start=\"1646\" data-end=\"1907\">DFB-Pr\u00e4sident Bernd Neuendorf <a rel=\"nofollow noopener\" target=\"_blank\" href=\"https:\/\/www.faz.net\/aktuell\/sport\/fussball-wm\/donald-trump-erhaelt-fifa-friedenspreis-von-gianni-infantino-accg-200330400.html\">begr\u00fc\u00dfte<\/a> die Ehrung Trumps und hob dessen Verdienste bei der Stabilisierung internationaler Konflikte hervor.<\/p>\n<p data-start=\"62\" data-end=\"182\" data-is-last-node=\"\" data-is-only-node=\"\">Neuendorf betonte, dass ohne den Einsatz der USA und Pr\u00e4sident Trump viele Friedensabkommen nicht m\u00f6glich gewesen w\u00e4ren:<\/p>\n<blockquote>\n<p data-start=\"62\" data-end=\"182\" data-is-last-node=\"\" data-is-only-node=\"\"><em>&#8220;F\u00fcr mich ist wichtig, dass mit so einem Preis verbunden ist, dass man sich f\u00fcr die Zukunft, f\u00fcr den Frieden auf der Welt einsetzt. Er ist der einflussreichste Mann der Welt.&#8221;<\/em><\/p>\n<\/blockquote>\n<p data-start=\"737\" data-end=\"1067\">Die Ehrung macht Trumps Rolle in der globalen Friedenspolitik und der sportlichen Diplomatie sichtbar und w\u00fcrdigt ihn als einflussreiche Pers\u00f6nlichkeit. Kritische Stimmen zu m\u00f6glichen Eigeninteressen blieben wirkungslos, w\u00e4hrend die FIFA seinen konkreten Beitrag zur internationalen Friedenssicherung hervorhebt.<\/p>\n<p data-start=\"1646\" data-end=\"1907\"><strong>Mehr zum Thema &#8211;<\/strong>\u00a0<a rel=\"nofollow noopener\" target=\"_blank\" href=\"https:\/\/dert.online\/amerika\/258704-bericht-usa-erwaegen-plan-zur\/\">Bericht:<\/a><a rel=\"nofollow noopener\" target=\"_blank\" href=\"https:\/\/dert.online\/amerika\/258704-bericht-usa-erwaegen-plan-zur\/\">\u00a0USA erw\u00e4gen Plan zur Ermordung von Maduro<\/a><\/p>\n<div class=\"EmbedBlock-root EmbedBlock-externalVideo EmbedBlock-rumble\">\n<div class=\"VkEmbed\"><iframe class=\"lazyload\" data-src=\"https:\/\/rumble.com\/embed\/v6vs5iy\" frameborder=\"0\" width=\"853\" height=\"480\" allowfullscreen><\/iframe><\/div>\n<\/div>\n<\/div>\n<p><br \/>\n<br \/><a href=\"https:\/\/de.rt.com\/nordamerika\/264149-trump-erhaelt-neuen-fifa-friedenspreis\/\">Source link <\/a><\/p>\n","protected":false},"excerpt":{"rendered":"<p>Donald Trump erh\u00e4lt den FIFA-Friedenspreis f\u00fcr seinen Einsatz f\u00fcr weltweiten Frieden, darunter Konfliktl\u00f6sungen im Kongo und in Nahost. Trump nennt diese Ehrung &#8220;eine der gr\u00f6\u00dften meines Lebens&#8221;. US-Pr\u00e4sident Donald Trump wurde bei der Auslosung der Fu\u00dfball-WM 2026 in Washington mit dem neu geschaffenen FIFA-Friedenspreis ausgezeichnet. FIFA-Pr\u00e4sident Gianni Infantino \u00fcberreichte Trump die goldene Medaille, das Zertifikat [&hellip;]<\/p>\n","protected":false},"author":3,"featured_media":95379,"comment_status":"open","ping_status":"open","sticky":false,"template":"","format":"standard","meta":{"_yoast_indexnow_last_ping":["1765187116"],"wp_automatic_camp":["217"],"81e5191b58acd1dbbd166526dbf2d4fe":["Trump erh\u00e4lt neuen FIFA-Friedenspreis f\u00fcr weltweiten Einsatz"],"original_link":["https:\/\/de.rt.com\/nordamerika\/264149-trump-erhaelt-neuen-fifa-friedenspreis\/"],"_thumbnail_id":["95379"],"jnews_social_counter_last_update":["1777282271"],"_wptgpro_p2tg_sent2tg":["a:1:{i:23737;s:19:\"2025-12-08 11:46:16\";}"]},"categories":[19,23],"tags":[1021,822,69726,221,213,1639,23412],"yoast_head":"<!-- This site is optimized with the Yoast SEO Premium plugin v22.7 (Yoast SEO v22.7) - https:\/\/yoast.com\/wordpress\/plugins\/seo\/ -->\n<title>Trump erh\u00e4lt neuen FIFA-Friedenspreis f\u00fcr weltweiten Einsatz - just-now.NEWS Deutschland<\/title>\n<meta name=\"robots\" content=\"index, follow, max-snippet:-1, max-image-preview:large, max-video-preview:-1\" \/>\n<link rel=\"canonical\" href=\"https:\/\/now-news.de\/de\/deutschland\/trump-erhaelt-neuen-fifa-friedenspreis-fuer-weltweiten-einsatz\/\" \/>\n<meta property=\"og:locale\" content=\"de_DE\" \/>\n<meta property=\"og:type\" content=\"article\" \/>\n<meta property=\"og:title\" content=\"Trump erh\u00e4lt neuen FIFA-Friedenspreis f\u00fcr weltweiten Einsatz\" \/>\n<meta property=\"og:description\" content=\"Donald Trump erh\u00e4lt den FIFA-Friedenspreis f\u00fcr seinen Einsatz f\u00fcr weltweiten Frieden, darunter Konfliktl\u00f6sungen im Kongo und in Nahost. Trump nennt diese Ehrung &#8220;eine der gr\u00f6\u00dften meines Lebens&#8221;. US-Pr\u00e4sident Donald Trump wurde bei der Auslosung der Fu\u00dfball-WM 2026 in Washington mit dem neu geschaffenen FIFA-Friedenspreis ausgezeichnet. FIFA-Pr\u00e4sident Gianni Infantino \u00fcberreichte Trump die goldene Medaille, das Zertifikat [&hellip;]\" \/>\n<meta property=\"og:url\" content=\"https:\/\/now-news.de\/de\/deutschland\/trump-erhaelt-neuen-fifa-friedenspreis-fuer-weltweiten-einsatz\/\" \/>\n<meta property=\"og:site_name\" content=\"just-now.NEWS Deutschland\" \/>\n<meta property=\"article:publisher\" content=\"https:\/\/www.facebook.com\/wirmachenauf\" \/>\n<meta property=\"article:published_time\" content=\"2025-12-08T09:42:31+00:00\" \/>\n<meta property=\"og:image\" content=\"https:\/\/now-news.de\/de\/wp-content\/uploads\/sites\/3\/2025\/12\/693699a648fbef75a323a514.jpg\" \/>\n<meta name=\"author\" content=\"rtnews\" \/>\n<meta name=\"twitter:card\" content=\"summary_large_image\" \/>\n<meta name=\"twitter:creator\" content=\"@WirMachenAuf_de\" \/>\n<meta name=\"twitter:site\" content=\"@WirMachenAuf_de\" \/>\n<meta name=\"twitter:label1\" content=\"Verfasst von\" \/>\n\t<meta name=\"twitter:data1\" content=\"rtnews\" \/>\n\t<meta name=\"twitter:label2\" content=\"Gesch\u00e4tzte Lesezeit\" \/>\n\t<meta name=\"twitter:data2\" content=\"2\u00a0Minuten\" \/>\n<script type=\"application\/ld+json\" class=\"yoast-schema-graph\">{\"@context\":\"https:\/\/schema.org\",\"@graph\":[{\"@type\":\"Article\",\"@id\":\"https:\/\/now-news.de\/de\/deutschland\/trump-erhaelt-neuen-fifa-friedenspreis-fuer-weltweiten-einsatz\/#article\",\"isPartOf\":{\"@id\":\"https:\/\/now-news.de\/de\/deutschland\/trump-erhaelt-neuen-fifa-friedenspreis-fuer-weltweiten-einsatz\/\"},\"author\":{\"name\":\"rtnews\",\"@id\":\"https:\/\/now-news.de\/de\/#\/schema\/person\/fb534a4e865501d8b3285208df34a9b5\"},\"headline\":\"Trump erh\u00e4lt neuen FIFA-Friedenspreis f\u00fcr weltweiten Einsatz\",\"datePublished\":\"2025-12-08T09:42:31+00:00\",\"dateModified\":\"2025-12-08T09:42:31+00:00\",\"mainEntityOfPage\":{\"@id\":\"https:\/\/now-news.de\/de\/deutschland\/trump-erhaelt-neuen-fifa-friedenspreis-fuer-weltweiten-einsatz\/\"},\"wordCount\":388,\"commentCount\":0,\"publisher\":{\"@id\":\"https:\/\/now-news.de\/de\/#organization\"},\"image\":{\"@id\":\"https:\/\/now-news.de\/de\/deutschland\/trump-erhaelt-neuen-fifa-friedenspreis-fuer-weltweiten-einsatz\/#primaryimage\"},\"thumbnailUrl\":\"https:\/\/now-news.de\/de\/wp-content\/uploads\/sites\/3\/2025\/12\/Trump-erhaelt-neuen-FIFA-Friedenspreis-fuer-weltweiten-Einsatz.jpg\",\"keywords\":[\"Einsatz\",\"erh\u00e4lt\",\"FIFAFriedenspreis\",\"f\u00fcr\",\"neuen\",\"trump\",\"weltweiten\"],\"articleSection\":[\"Deutschland\",\"Russland\"],\"inLanguage\":\"de\",\"potentialAction\":[{\"@type\":\"CommentAction\",\"name\":\"Comment\",\"target\":[\"https:\/\/now-news.de\/de\/deutschland\/trump-erhaelt-neuen-fifa-friedenspreis-fuer-weltweiten-einsatz\/#respond\"]}]},{\"@type\":\"WebPage\",\"@id\":\"https:\/\/now-news.de\/de\/deutschland\/trump-erhaelt-neuen-fifa-friedenspreis-fuer-weltweiten-einsatz\/\",\"url\":\"https:\/\/now-news.de\/de\/deutschland\/trump-erhaelt-neuen-fifa-friedenspreis-fuer-weltweiten-einsatz\/\",\"name\":\"Trump erh\u00e4lt neuen FIFA-Friedenspreis f\u00fcr weltweiten Einsatz - just-now.NEWS Deutschland\",\"isPartOf\":{\"@id\":\"https:\/\/now-news.de\/de\/#website\"},\"primaryImageOfPage\":{\"@id\":\"https:\/\/now-news.de\/de\/deutschland\/trump-erhaelt-neuen-fifa-friedenspreis-fuer-weltweiten-einsatz\/#primaryimage\"},\"image\":{\"@id\":\"https:\/\/now-news.de\/de\/deutschland\/trump-erhaelt-neuen-fifa-friedenspreis-fuer-weltweiten-einsatz\/#primaryimage\"},\"thumbnailUrl\":\"https:\/\/now-news.de\/de\/wp-content\/uploads\/sites\/3\/2025\/12\/Trump-erhaelt-neuen-FIFA-Friedenspreis-fuer-weltweiten-Einsatz.jpg\",\"datePublished\":\"2025-12-08T09:42:31+00:00\",\"dateModified\":\"2025-12-08T09:42:31+00:00\",\"breadcrumb\":{\"@id\":\"https:\/\/now-news.de\/de\/deutschland\/trump-erhaelt-neuen-fifa-friedenspreis-fuer-weltweiten-einsatz\/#breadcrumb\"},\"inLanguage\":\"de\",\"potentialAction\":[{\"@type\":\"ReadAction\",\"target\":[\"https:\/\/now-news.de\/de\/deutschland\/trump-erhaelt-neuen-fifa-friedenspreis-fuer-weltweiten-einsatz\/\"]}]},{\"@type\":\"ImageObject\",\"inLanguage\":\"de\",\"@id\":\"https:\/\/now-news.de\/de\/deutschland\/trump-erhaelt-neuen-fifa-friedenspreis-fuer-weltweiten-einsatz\/#primaryimage\",\"url\":\"https:\/\/now-news.de\/de\/wp-content\/uploads\/sites\/3\/2025\/12\/Trump-erhaelt-neuen-FIFA-Friedenspreis-fuer-weltweiten-Einsatz.jpg\",\"contentUrl\":\"https:\/\/now-news.de\/de\/wp-content\/uploads\/sites\/3\/2025\/12\/Trump-erhaelt-neuen-FIFA-Friedenspreis-fuer-weltweiten-Einsatz.jpg\",\"width\":460,\"height\":259,\"caption\":\"Trump erh\u00e4lt neuen FIFA-Friedenspreis f\u00fcr weltweiten Einsatz\"},{\"@type\":\"BreadcrumbList\",\"@id\":\"https:\/\/now-news.de\/de\/deutschland\/trump-erhaelt-neuen-fifa-friedenspreis-fuer-weltweiten-einsatz\/#breadcrumb\",\"itemListElement\":[{\"@type\":\"ListItem\",\"position\":1,\"name\":\"Home\",\"item\":\"https:\/\/now-news.de\/de\/\"},{\"@type\":\"ListItem\",\"position\":2,\"name\":\"Trump erh\u00e4lt neuen FIFA-Friedenspreis f\u00fcr weltweiten Einsatz\"}]},{\"@type\":\"WebSite\",\"@id\":\"https:\/\/now-news.de\/de\/#website\",\"url\":\"https:\/\/now-news.de\/de\/\",\"name\":\"just-now.NEWS Deutschland\",\"description\":\"Das Portal f\u00fcr unzensierte Nachrichten aus der Welt\",\"publisher\":{\"@id\":\"https:\/\/now-news.de\/de\/#organization\"},\"potentialAction\":[{\"@type\":\"SearchAction\",\"target\":{\"@type\":\"EntryPoint\",\"urlTemplate\":\"https:\/\/now-news.de\/de\/?s={search_term_string}\"},\"query-input\":\"required name=search_term_string\"}],\"inLanguage\":\"de\"},{\"@type\":\"Organization\",\"@id\":\"https:\/\/now-news.de\/de\/#organization\",\"name\":\"Just Now News\",\"url\":\"https:\/\/now-news.de\/de\/\",\"logo\":{\"@type\":\"ImageObject\",\"inLanguage\":\"de\",\"@id\":\"https:\/\/now-news.de\/de\/#\/schema\/logo\/image\/\",\"url\":\"http:\/\/just-now.news\/de\/wp-content\/uploads\/sites\/3\/2022\/04\/logo500x500.jpg\",\"contentUrl\":\"http:\/\/just-now.news\/de\/wp-content\/uploads\/sites\/3\/2022\/04\/logo500x500.jpg\",\"width\":500,\"height\":500,\"caption\":\"Just Now News\"},\"image\":{\"@id\":\"https:\/\/now-news.de\/de\/#\/schema\/logo\/image\/\"},\"sameAs\":[\"https:\/\/www.facebook.com\/wirmachenauf\",\"https:\/\/x.com\/WirMachenAuf_de\"]},{\"@type\":\"Person\",\"@id\":\"https:\/\/now-news.de\/de\/#\/schema\/person\/fb534a4e865501d8b3285208df34a9b5\",\"name\":\"rtnews\",\"image\":{\"@type\":\"ImageObject\",\"inLanguage\":\"de\",\"@id\":\"https:\/\/now-news.de\/de\/#\/schema\/person\/image\/\",\"url\":\"https:\/\/secure.gravatar.com\/avatar\/82aafea7d8127119dd649515f56e2117?s=96&d=mm&r=g\",\"contentUrl\":\"https:\/\/secure.gravatar.com\/avatar\/82aafea7d8127119dd649515f56e2117?s=96&d=mm&r=g\",\"caption\":\"rtnews\"},\"url\":\"https:\/\/now-news.de\/de\/author\/rnews\/\"}]}<\/script>\n<!-- \/ Yoast SEO Premium plugin. -->","yoast_head_json":{"title":"Trump erh\u00e4lt neuen FIFA-Friedenspreis f\u00fcr weltweiten Einsatz - just-now.NEWS Deutschland","robots":{"index":"index","follow":"follow","max-snippet":"max-snippet:-1","max-image-preview":"max-image-preview:large","max-video-preview":"max-video-preview:-1"},"canonical":"https:\/\/now-news.de\/de\/deutschland\/trump-erhaelt-neuen-fifa-friedenspreis-fuer-weltweiten-einsatz\/","og_locale":"de_DE","og_type":"article","og_title":"Trump erh\u00e4lt neuen FIFA-Friedenspreis f\u00fcr weltweiten Einsatz","og_description":"Donald Trump erh\u00e4lt den FIFA-Friedenspreis f\u00fcr seinen Einsatz f\u00fcr weltweiten Frieden, darunter Konfliktl\u00f6sungen im Kongo und in Nahost. Trump nennt diese Ehrung &#8220;eine der gr\u00f6\u00dften meines Lebens&#8221;. US-Pr\u00e4sident Donald Trump wurde bei der Auslosung der Fu\u00dfball-WM 2026 in Washington mit dem neu geschaffenen FIFA-Friedenspreis ausgezeichnet. FIFA-Pr\u00e4sident Gianni Infantino \u00fcberreichte Trump die goldene Medaille, das Zertifikat [&hellip;]","og_url":"https:\/\/now-news.de\/de\/deutschland\/trump-erhaelt-neuen-fifa-friedenspreis-fuer-weltweiten-einsatz\/","og_site_name":"just-now.NEWS Deutschland","article_publisher":"https:\/\/www.facebook.com\/wirmachenauf","article_published_time":"2025-12-08T09:42:31+00:00","og_image":[{"url":"https:\/\/now-news.de\/de\/wp-content\/uploads\/sites\/3\/2025\/12\/693699a648fbef75a323a514.jpg"}],"author":"rtnews","twitter_card":"summary_large_image","twitter_creator":"@WirMachenAuf_de","twitter_site":"@WirMachenAuf_de","twitter_misc":{"Verfasst von":"rtnews","Gesch\u00e4tzte Lesezeit":"2\u00a0Minuten"},"schema":{"@context":"https:\/\/schema.org","@graph":[{"@type":"Article","@id":"https:\/\/now-news.de\/de\/deutschland\/trump-erhaelt-neuen-fifa-friedenspreis-fuer-weltweiten-einsatz\/#article","isPartOf":{"@id":"https:\/\/now-news.de\/de\/deutschland\/trump-erhaelt-neuen-fifa-friedenspreis-fuer-weltweiten-einsatz\/"},"author":{"name":"rtnews","@id":"https:\/\/now-news.de\/de\/#\/schema\/person\/fb534a4e865501d8b3285208df34a9b5"},"headline":"Trump erh\u00e4lt neuen FIFA-Friedenspreis f\u00fcr weltweiten Einsatz","datePublished":"2025-12-08T09:42:31+00:00","dateModified":"2025-12-08T09:42:31+00:00","mainEntityOfPage":{"@id":"https:\/\/now-news.de\/de\/deutschland\/trump-erhaelt-neuen-fifa-friedenspreis-fuer-weltweiten-einsatz\/"},"wordCount":388,"commentCount":0,"publisher":{"@id":"https:\/\/now-news.de\/de\/#organization"},"image":{"@id":"https:\/\/now-news.de\/de\/deutschland\/trump-erhaelt-neuen-fifa-friedenspreis-fuer-weltweiten-einsatz\/#primaryimage"},"thumbnailUrl":"https:\/\/now-news.de\/de\/wp-content\/uploads\/sites\/3\/2025\/12\/Trump-erhaelt-neuen-FIFA-Friedenspreis-fuer-weltweiten-Einsatz.jpg","keywords":["Einsatz","erh\u00e4lt","FIFAFriedenspreis","f\u00fcr","neuen","trump","weltweiten"],"articleSection":["Deutschland","Russland"],"inLanguage":"de","potentialAction":[{"@type":"CommentAction","name":"Comment","target":["https:\/\/now-news.de\/de\/deutschland\/trump-erhaelt-neuen-fifa-friedenspreis-fuer-weltweiten-einsatz\/#respond"]}]},{"@type":"WebPage","@id":"https:\/\/now-news.de\/de\/deutschland\/trump-erhaelt-neuen-fifa-friedenspreis-fuer-weltweiten-einsatz\/","url":"https:\/\/now-news.de\/de\/deutschland\/trump-erhaelt-neuen-fifa-friedenspreis-fuer-weltweiten-einsatz\/","name":"Trump erh\u00e4lt neuen FIFA-Friedenspreis f\u00fcr weltweiten Einsatz - just-now.NEWS Deutschland","isPartOf":{"@id":"https:\/\/now-news.de\/de\/#website"},"primaryImageOfPage":{"@id":"https:\/\/now-news.de\/de\/deutschland\/trump-erhaelt-neuen-fifa-friedenspreis-fuer-weltweiten-einsatz\/#primaryimage"},"image":{"@id":"https:\/\/now-news.de\/de\/deutschland\/trump-erhaelt-neuen-fifa-friedenspreis-fuer-weltweiten-einsatz\/#primaryimage"},"thumbnailUrl":"https:\/\/now-news.de\/de\/wp-content\/uploads\/sites\/3\/2025\/12\/Trump-erhaelt-neuen-FIFA-Friedenspreis-fuer-weltweiten-Einsatz.jpg","datePublished":"2025-12-08T09:42:31+00:00","dateModified":"2025-12-08T09:42:31+00:00","breadcrumb":{"@id":"https:\/\/now-news.de\/de\/deutschland\/trump-erhaelt-neuen-fifa-friedenspreis-fuer-weltweiten-einsatz\/#breadcrumb"},"inLanguage":"de","potentialAction":[{"@type":"ReadAction","target":["https:\/\/now-news.de\/de\/deutschland\/trump-erhaelt-neuen-fifa-friedenspreis-fuer-weltweiten-einsatz\/"]}]},{"@type":"ImageObject","inLanguage":"de","@id":"https:\/\/now-news.de\/de\/deutschland\/trump-erhaelt-neuen-fifa-friedenspreis-fuer-weltweiten-einsatz\/#primaryimage","url":"https:\/\/now-news.de\/de\/wp-content\/uploads\/sites\/3\/2025\/12\/Trump-erhaelt-neuen-FIFA-Friedenspreis-fuer-weltweiten-Einsatz.jpg","contentUrl":"https:\/\/now-news.de\/de\/wp-content\/uploads\/sites\/3\/2025\/12\/Trump-erhaelt-neuen-FIFA-Friedenspreis-fuer-weltweiten-Einsatz.jpg","width":460,"height":259,"caption":"Trump erh\u00e4lt neuen FIFA-Friedenspreis f\u00fcr weltweiten Einsatz"},{"@type":"BreadcrumbList","@id":"https:\/\/now-news.de\/de\/deutschland\/trump-erhaelt-neuen-fifa-friedenspreis-fuer-weltweiten-einsatz\/#breadcrumb","itemListElement":[{"@type":"ListItem","position":1,"name":"Home","item":"https:\/\/now-news.de\/de\/"},{"@type":"ListItem","position":2,"name":"Trump erh\u00e4lt neuen FIFA-Friedenspreis f\u00fcr weltweiten Einsatz"}]},{"@type":"WebSite","@id":"https:\/\/now-news.de\/de\/#website","url":"https:\/\/now-news.de\/de\/","name":"just-now.NEWS Deutschland","description":"Das Portal f\u00fcr unzensierte Nachrichten aus der Welt","publisher":{"@id":"https:\/\/now-news.de\/de\/#organization"},"potentialAction":[{"@type":"SearchAction","target":{"@type":"EntryPoint","urlTemplate":"https:\/\/now-news.de\/de\/?s={search_term_string}"},"query-input":"required name=search_term_string"}],"inLanguage":"de"},{"@type":"Organization","@id":"https:\/\/now-news.de\/de\/#organization","name":"Just Now News","url":"https:\/\/now-news.de\/de\/","logo":{"@type":"ImageObject","inLanguage":"de","@id":"https:\/\/now-news.de\/de\/#\/schema\/logo\/image\/","url":"http:\/\/just-now.news\/de\/wp-content\/uploads\/sites\/3\/2022\/04\/logo500x500.jpg","contentUrl":"http:\/\/just-now.news\/de\/wp-content\/uploads\/sites\/3\/2022\/04\/logo500x500.jpg","width":500,"height":500,"caption":"Just Now News"},"image":{"@id":"https:\/\/now-news.de\/de\/#\/schema\/logo\/image\/"},"sameAs":["https:\/\/www.facebook.com\/wirmachenauf","https:\/\/x.com\/WirMachenAuf_de"]},{"@type":"Person","@id":"https:\/\/now-news.de\/de\/#\/schema\/person\/fb534a4e865501d8b3285208df34a9b5","name":"rtnews","image":{"@type":"ImageObject","inLanguage":"de","@id":"https:\/\/now-news.de\/de\/#\/schema\/person\/image\/","url":"https:\/\/secure.gravatar.com\/avatar\/82aafea7d8127119dd649515f56e2117?s=96&d=mm&r=g","contentUrl":"https:\/\/secure.gravatar.com\/avatar\/82aafea7d8127119dd649515f56e2117?s=96&d=mm&r=g","caption":"rtnews"},"url":"https:\/\/now-news.de\/de\/author\/rnews\/"}]}},"_links":{"self":[{"href":"https:\/\/now-news.de\/de\/wp-json\/wp\/v2\/posts\/95378"}],"collection":[{"href":"https:\/\/now-news.de\/de\/wp-json\/wp\/v2\/posts"}],"about":[{"href":"https:\/\/now-news.de\/de\/wp-json\/wp\/v2\/types\/post"}],"author":[{"embeddable":true,"href":"https:\/\/now-news.de\/de\/wp-json\/wp\/v2\/users\/3"}],"replies":[{"embeddable":true,"href":"https:\/\/now-news.de\/de\/wp-json\/wp\/v2\/comments?post=95378"}],"version-history":[{"count":0,"href":"https:\/\/now-news.de\/de\/wp-json\/wp\/v2\/posts\/95378\/revisions"}],"wp:featuredmedia":[{"embeddable":true,"href":"https:\/\/now-news.de\/de\/wp-json\/wp\/v2\/media\/95379"}],"wp:attachment":[{"href":"https:\/\/now-news.de\/de\/wp-json\/wp\/v2\/media?parent=95378"}],"wp:term":[{"taxonomy":"category","embeddable":true,"href":"https:\/\/now-news.de\/de\/wp-json\/wp\/v2\/categories?post=95378"},{"taxonomy":"post_tag","embeddable":true,"href":"https:\/\/now-news.de\/de\/wp-json\/wp\/v2\/tags?post=95378"}],"curies":[{"name":"wp","href":"https:\/\/api.w.org\/{rel}","templated":true}]}}