{"id":95374,"date":"2025-12-08T10:26:17","date_gmt":"2025-12-08T08:26:17","guid":{"rendered":"https:\/\/now-news.de\/de\/deutschland\/energie-sanktionen-ungarn-und-die-slowakei-klagen-gegen-die-eu\/"},"modified":"2025-12-08T10:26:17","modified_gmt":"2025-12-08T08:26:17","slug":"energie-sanktionen-ungarn-und-die-slowakei-klagen-gegen-die-eu","status":"publish","type":"post","link":"https:\/\/now-news.de\/de\/deutschland\/energie-sanktionen-ungarn-und-die-slowakei-klagen-gegen-die-eu\/","title":{"rendered":"Energie-Sanktionen: Ungarn und die Slowakei klagen gegen die EU"},"content":{"rendered":"<p><img decoding=\"async\" src=\"https:\/\/now-news.de\/de\/wp-content\/uploads\/sites\/3\/2025\/12\/69367c9148fbef7619411966.jpg\" \/><\/p>\n<div class=\"Text-root Text-type_1 \">\n                Ungarns Au\u00dfenminister P\u00e9ter Szijj\u00e1rt\u00f3 k\u00fcndigte auf X an, dass er und sein slowakischer Amtskollege Juraj Blanar gegen den seitens Br\u00fcssels von den Mitgliedsl\u00e4ndern eingeforderten EU-Energieplan &#8220;RePowerEU&#8221; vor dem Europ\u00e4ischen Gerichtshof Klage einreichen werden.\n            <\/div>\n<p><\/p>\n<div class=\"Text-root Text-type_5 ArticleView-text ViewText-root \">\n<p>Ungarns Regierung wird versuchen, das auferlegte russische Energieverbot der EU im Rahmen\u00a0des Br\u00fcsseler RePowerEU-Plans vor dem Europ\u00e4ischen Gerichtshof anzufechten. Die Klage w\u00fcrde zusammen mit der Slowakei eingereicht, sobald der Plan verabschiedet w\u00fcrde, so der ungarische Au\u00dfenminister P\u00e9ter Szijj\u00e1rt\u00f3 auf X. Br\u00fcssel startete die RePowerEU-Initiative im Jahr 2022 unmittelbar nach dem Beginn des Ukraine-Konflikts mit dem Ziel, alle Importe russischer fossiler Brennstoffe bis Ende 2027 final zu verbieten.<\/p>\n<p>In der Vorwoche wurde\u00a0eine vorl\u00e4ufige Vereinbarung zwischen dem Europ\u00e4ischen Rat und dem Europ\u00e4ischen Parlament bekannt gegeben, wonach die Einfuhr von russischem Fl\u00fcssigerdgas bis Ende 2026 eingestellt und die Lieferungen \u00fcber Pipelines bis November 2027 auslaufen sollen.\u00a0<\/p>\n<p>F\u00fcr weiterhin existierende russische \u00d6limporte in die Slowakei und Ungarn beabsichtigt die EU-Kommission laut der in Br\u00fcssel erzielten Einigung im kommenden Jahr &#8220;einen Plan f\u00fcr den Ausstieg&#8221;, den die beiden betroffenen Staaten &#8220;bis Ende 2027&#8221; vorzulegen haben.<\/p>\n<p>Budapest und Bratislava,\u00a0die nach wie vor stark von russischen Lieferungen abh\u00e4ngig sind, hatten bereits zuvor ihre Einw\u00e4nde gegen den EU-Plan erhoben und argumentieren, dass die Ma\u00dfnahmen ihre Energiesicherheit gef\u00e4hrden w\u00fcrden.\u00a0<\/p>\n<p>In einem am Sonntag ver\u00f6ffentlichten Beitrag auf X erkl\u00e4rte Ungarns Au\u00dfenminister Szijj\u00e1rt\u00f3, dass die ungarische Regierung zusammen mit der Slowakei &#8220;beim Europ\u00e4ischen Gerichtshof einen Antrag auf Nichtigerkl\u00e4rung&#8221; einreichen werde, sobald die Verordnung verabschiedet sei, und\u00a0eine wirksame Aussetzung der Vorschriften beantragen werde, solange der Fall gepr\u00fcft werde. So hei\u00dft es in dem X-Beitrag.<\/p>\n<p><em>&#8220;Wir unternehmen diesen Schritt, weil ein Verbot der Einfuhr von russischem \u00d6l und Gas die sichere Energieversorgung Ungarns und der Slowakei unm\u00f6glich machen und zu dramatischen Preissteigerungen f\u00fchren w\u00fcrde.&#8221;<\/em><\/p>\n<div class=\"EmbedBlock-root EmbedBlock-twitter\">\n<div class=\"TwitterEmbed\">\n<blockquote class=\"twitter-tweet lazyload\" data-twitter=\"twitter-tweet\">\n<p lang=\"en\" dir=\"ltr\">As soon as the RePowerEU plan is adopted next week, together with Slovakia we will submit an annulment request to the European Court of Justice and we will ask for the suspension of the regulation for the duration of the court proceedings.We are taking this step because banning\u2026<\/p>\n<p>\u2014 P\u00e9ter Szijj\u00e1rt\u00f3 (@FM_Szijjarto) <a rel=\"nofollow noopener\" target=\"_blank\" href=\"https:\/\/twitter.com\/FM_Szijjarto\/status\/1997695682019278932?ref_src=twsrc%5Etfw\">December 7, 2025<\/a><\/p><\/blockquote>\n<\/div>\n<\/div>\n<p>Die Minister argumentieren, dass es sich bei der Verordnung um eine offensichtliche &#8220;Sanktionsma\u00dfnahme&#8221; handele, die der einstimmigen Zustimmung aller 27 Mitgliedstaaten bed\u00fcrfe. Die Europ\u00e4ische Kommission umging dabei das Veto Ungarns und der Slowakei, indem sie die Entscheidung auf EU-Handels- und Energierechte verlagerte, die nur eine qualifizierte Mehrheit erfordern. Dazu erkl\u00e4rt Szijj\u00e1rt\u00f3 auf X:<\/p>\n<p><em>&#8220;Sie verst\u00f6\u00dft auch gegen die EU-Vertr\u00e4ge, die festlegen, dass die Energiepolitik in die Zust\u00e4ndigkeit der einzelnen Staaten f\u00e4llt, und widerspricht sogar der eigenen Einsch\u00e4tzung der EU-Kommission.&#8221;<\/em><\/p>\n<p>Der ungarische Ministerpr\u00e4sident Viktor Orb\u00e1n hatte zuvor im Rahmen der Br\u00fcsseler Sanktionspolitik gegen Russland wiederholt davor gewarnt, dass eine Unterbrechung der russischen Lieferungen die Kosten in die H\u00f6he treiben und die langfristige Energieversorgungssicherheit gef\u00e4hrden w\u00fcrde (<em>RT DE<\/em>\u00a0<a rel=\"nofollow noopener\" target=\"_blank\" href=\"https:\/\/freedert.online\/europa\/263787-ungarn-will-eu-wegen-bruesseler-zur-abkehr-von-russischer-energie-verklagen\/\">berichtete<\/a>). Die Slowakei vertritt eine \u00e4hnliche Position. Ministerpr\u00e4sident Robert Fico erkl\u00e4rte am Mittwoch, sein Land habe &#8220;ausreichende rechtliche Gr\u00fcnde, um eine Klage in Betracht zu ziehen&#8221;.<\/p>\n<p><strong>Mehr zum Thema &#8211;<\/strong>\u00a0<a rel=\"nofollow noopener\" target=\"_blank\" href=\"https:\/\/freedert.online\/europa\/256324-warum-zahlt-europa-fuenfmal-mehr-fuer-erdgas-als-usa\/\">Warum zahlt Europa f\u00fcnfmal mehr f\u00fcr Erdgas als die USA?<\/a><\/p>\n<div class=\"EmbedBlock-root EmbedBlock-externalVideo EmbedBlock-rumble\">\n<div class=\"VkEmbed\"><iframe class=\"lazyload\" data-src=\"https:\/\/rumble.com\/embed\/v70bbx0\" frameborder=\"0\" width=\"853\" height=\"480\" allowfullscreen><\/iframe><\/div>\n<\/div>\n<\/div>\n<p><script async src=\"https:\/\/platform.twitter.com\/widgets.js\" charset=\"utf-8\"><\/script><br \/>\n<br \/><br \/>\n<br \/><a href=\"https:\/\/de.rt.com\/europa\/264139-ungarn-und-slowakei-klagen-wegen\/\">Source link <\/a><\/p>\n","protected":false},"excerpt":{"rendered":"<p>Ungarns Au\u00dfenminister P\u00e9ter Szijj\u00e1rt\u00f3 k\u00fcndigte auf X an, dass er und sein slowakischer Amtskollege Juraj Blanar gegen den seitens Br\u00fcssels von den Mitgliedsl\u00e4ndern eingeforderten EU-Energieplan &#8220;RePowerEU&#8221; vor dem Europ\u00e4ischen Gerichtshof Klage einreichen werden. Ungarns Regierung wird versuchen, das auferlegte russische Energieverbot der EU im Rahmen\u00a0des Br\u00fcsseler RePowerEU-Plans vor dem Europ\u00e4ischen Gerichtshof anzufechten. Die Klage w\u00fcrde [&hellip;]<\/p>\n","protected":false},"author":3,"featured_media":95375,"comment_status":"open","ping_status":"open","sticky":false,"template":"","format":"standard","meta":{"_yoast_indexnow_last_ping":["1765183276"],"wp_automatic_camp":["217"],"7e021623b9b16c9ddd60db697c5aa1e2":["Energie-Sanktionen: Ungarn und die Slowakei klagen gegen die EU"],"original_link":["https:\/\/de.rt.com\/europa\/264139-ungarn-und-slowakei-klagen-wegen\/"],"_thumbnail_id":["95375"],"jnews_social_counter_last_update":["1777291860"],"_wptgpro_p2tg_sent2tg":["a:1:{i:23737;s:19:\"2025-12-08 10:42:18\";}"]},"categories":[19,23],"tags":[45,25583,278,22673,41775,140,11664],"yoast_head":"<!-- This site is optimized with the Yoast SEO Premium plugin v22.7 (Yoast SEO v22.7) - https:\/\/yoast.com\/wordpress\/plugins\/seo\/ -->\n<title>Energie-Sanktionen: Ungarn und die Slowakei klagen gegen die EU - just-now.NEWS Deutschland<\/title>\n<meta name=\"robots\" content=\"index, follow, max-snippet:-1, max-image-preview:large, max-video-preview:-1\" \/>\n<link rel=\"canonical\" href=\"https:\/\/now-news.de\/de\/deutschland\/energie-sanktionen-ungarn-und-die-slowakei-klagen-gegen-die-eu\/\" \/>\n<meta property=\"og:locale\" content=\"de_DE\" \/>\n<meta property=\"og:type\" content=\"article\" \/>\n<meta property=\"og:title\" content=\"Energie-Sanktionen: Ungarn und die Slowakei klagen gegen die EU\" \/>\n<meta property=\"og:description\" content=\"Ungarns Au\u00dfenminister P\u00e9ter Szijj\u00e1rt\u00f3 k\u00fcndigte auf X an, dass er und sein slowakischer Amtskollege Juraj Blanar gegen den seitens Br\u00fcssels von den Mitgliedsl\u00e4ndern eingeforderten EU-Energieplan &#8220;RePowerEU&#8221; vor dem Europ\u00e4ischen Gerichtshof Klage einreichen werden. Ungarns Regierung wird versuchen, das auferlegte russische Energieverbot der EU im Rahmen\u00a0des Br\u00fcsseler RePowerEU-Plans vor dem Europ\u00e4ischen Gerichtshof anzufechten. Die Klage w\u00fcrde [&hellip;]\" \/>\n<meta property=\"og:url\" content=\"https:\/\/now-news.de\/de\/deutschland\/energie-sanktionen-ungarn-und-die-slowakei-klagen-gegen-die-eu\/\" \/>\n<meta property=\"og:site_name\" content=\"just-now.NEWS Deutschland\" \/>\n<meta property=\"article:publisher\" content=\"https:\/\/www.facebook.com\/wirmachenauf\" \/>\n<meta property=\"article:published_time\" content=\"2025-12-08T08:26:17+00:00\" \/>\n<meta property=\"og:image\" content=\"https:\/\/now-news.de\/de\/wp-content\/uploads\/sites\/3\/2025\/12\/69367c9148fbef7619411966.jpg\" \/>\n<meta name=\"author\" content=\"rtnews\" \/>\n<meta name=\"twitter:card\" content=\"summary_large_image\" \/>\n<meta name=\"twitter:creator\" content=\"@WirMachenAuf_de\" \/>\n<meta name=\"twitter:site\" content=\"@WirMachenAuf_de\" \/>\n<meta name=\"twitter:label1\" content=\"Verfasst von\" \/>\n\t<meta name=\"twitter:data1\" content=\"rtnews\" \/>\n\t<meta name=\"twitter:label2\" content=\"Gesch\u00e4tzte Lesezeit\" \/>\n\t<meta name=\"twitter:data2\" content=\"3\u00a0Minuten\" \/>\n<script type=\"application\/ld+json\" class=\"yoast-schema-graph\">{\"@context\":\"https:\/\/schema.org\",\"@graph\":[{\"@type\":\"Article\",\"@id\":\"https:\/\/now-news.de\/de\/deutschland\/energie-sanktionen-ungarn-und-die-slowakei-klagen-gegen-die-eu\/#article\",\"isPartOf\":{\"@id\":\"https:\/\/now-news.de\/de\/deutschland\/energie-sanktionen-ungarn-und-die-slowakei-klagen-gegen-die-eu\/\"},\"author\":{\"name\":\"rtnews\",\"@id\":\"https:\/\/now-news.de\/de\/#\/schema\/person\/fb534a4e865501d8b3285208df34a9b5\"},\"headline\":\"Energie-Sanktionen: Ungarn und die Slowakei klagen gegen die EU\",\"datePublished\":\"2025-12-08T08:26:17+00:00\",\"dateModified\":\"2025-12-08T08:26:17+00:00\",\"mainEntityOfPage\":{\"@id\":\"https:\/\/now-news.de\/de\/deutschland\/energie-sanktionen-ungarn-und-die-slowakei-klagen-gegen-die-eu\/\"},\"wordCount\":565,\"commentCount\":0,\"publisher\":{\"@id\":\"https:\/\/now-news.de\/de\/#organization\"},\"image\":{\"@id\":\"https:\/\/now-news.de\/de\/deutschland\/energie-sanktionen-ungarn-und-die-slowakei-klagen-gegen-die-eu\/#primaryimage\"},\"thumbnailUrl\":\"https:\/\/now-news.de\/de\/wp-content\/uploads\/sites\/3\/2025\/12\/Energie-Sanktionen-Ungarn-und-die-Slowakei-klagen-gegen-die-EU.jpg\",\"keywords\":[\"die\",\"EnergieSanktionen\",\"gegen\",\"klagen\",\"Slowakei\",\"und\",\"Ungarn\"],\"articleSection\":[\"Deutschland\",\"Russland\"],\"inLanguage\":\"de\",\"potentialAction\":[{\"@type\":\"CommentAction\",\"name\":\"Comment\",\"target\":[\"https:\/\/now-news.de\/de\/deutschland\/energie-sanktionen-ungarn-und-die-slowakei-klagen-gegen-die-eu\/#respond\"]}]},{\"@type\":\"WebPage\",\"@id\":\"https:\/\/now-news.de\/de\/deutschland\/energie-sanktionen-ungarn-und-die-slowakei-klagen-gegen-die-eu\/\",\"url\":\"https:\/\/now-news.de\/de\/deutschland\/energie-sanktionen-ungarn-und-die-slowakei-klagen-gegen-die-eu\/\",\"name\":\"Energie-Sanktionen: Ungarn und die Slowakei klagen gegen die EU - just-now.NEWS Deutschland\",\"isPartOf\":{\"@id\":\"https:\/\/now-news.de\/de\/#website\"},\"primaryImageOfPage\":{\"@id\":\"https:\/\/now-news.de\/de\/deutschland\/energie-sanktionen-ungarn-und-die-slowakei-klagen-gegen-die-eu\/#primaryimage\"},\"image\":{\"@id\":\"https:\/\/now-news.de\/de\/deutschland\/energie-sanktionen-ungarn-und-die-slowakei-klagen-gegen-die-eu\/#primaryimage\"},\"thumbnailUrl\":\"https:\/\/now-news.de\/de\/wp-content\/uploads\/sites\/3\/2025\/12\/Energie-Sanktionen-Ungarn-und-die-Slowakei-klagen-gegen-die-EU.jpg\",\"datePublished\":\"2025-12-08T08:26:17+00:00\",\"dateModified\":\"2025-12-08T08:26:17+00:00\",\"breadcrumb\":{\"@id\":\"https:\/\/now-news.de\/de\/deutschland\/energie-sanktionen-ungarn-und-die-slowakei-klagen-gegen-die-eu\/#breadcrumb\"},\"inLanguage\":\"de\",\"potentialAction\":[{\"@type\":\"ReadAction\",\"target\":[\"https:\/\/now-news.de\/de\/deutschland\/energie-sanktionen-ungarn-und-die-slowakei-klagen-gegen-die-eu\/\"]}]},{\"@type\":\"ImageObject\",\"inLanguage\":\"de\",\"@id\":\"https:\/\/now-news.de\/de\/deutschland\/energie-sanktionen-ungarn-und-die-slowakei-klagen-gegen-die-eu\/#primaryimage\",\"url\":\"https:\/\/now-news.de\/de\/wp-content\/uploads\/sites\/3\/2025\/12\/Energie-Sanktionen-Ungarn-und-die-Slowakei-klagen-gegen-die-EU.jpg\",\"contentUrl\":\"https:\/\/now-news.de\/de\/wp-content\/uploads\/sites\/3\/2025\/12\/Energie-Sanktionen-Ungarn-und-die-Slowakei-klagen-gegen-die-EU.jpg\",\"width\":460,\"height\":259,\"caption\":\"Energie-Sanktionen: Ungarn und die Slowakei klagen gegen die EU\"},{\"@type\":\"BreadcrumbList\",\"@id\":\"https:\/\/now-news.de\/de\/deutschland\/energie-sanktionen-ungarn-und-die-slowakei-klagen-gegen-die-eu\/#breadcrumb\",\"itemListElement\":[{\"@type\":\"ListItem\",\"position\":1,\"name\":\"Home\",\"item\":\"https:\/\/now-news.de\/de\/\"},{\"@type\":\"ListItem\",\"position\":2,\"name\":\"Energie-Sanktionen: Ungarn und die Slowakei klagen gegen die EU\"}]},{\"@type\":\"WebSite\",\"@id\":\"https:\/\/now-news.de\/de\/#website\",\"url\":\"https:\/\/now-news.de\/de\/\",\"name\":\"just-now.NEWS Deutschland\",\"description\":\"Das Portal f\u00fcr unzensierte Nachrichten aus der Welt\",\"publisher\":{\"@id\":\"https:\/\/now-news.de\/de\/#organization\"},\"potentialAction\":[{\"@type\":\"SearchAction\",\"target\":{\"@type\":\"EntryPoint\",\"urlTemplate\":\"https:\/\/now-news.de\/de\/?s={search_term_string}\"},\"query-input\":\"required name=search_term_string\"}],\"inLanguage\":\"de\"},{\"@type\":\"Organization\",\"@id\":\"https:\/\/now-news.de\/de\/#organization\",\"name\":\"Just Now News\",\"url\":\"https:\/\/now-news.de\/de\/\",\"logo\":{\"@type\":\"ImageObject\",\"inLanguage\":\"de\",\"@id\":\"https:\/\/now-news.de\/de\/#\/schema\/logo\/image\/\",\"url\":\"http:\/\/just-now.news\/de\/wp-content\/uploads\/sites\/3\/2022\/04\/logo500x500.jpg\",\"contentUrl\":\"http:\/\/just-now.news\/de\/wp-content\/uploads\/sites\/3\/2022\/04\/logo500x500.jpg\",\"width\":500,\"height\":500,\"caption\":\"Just Now News\"},\"image\":{\"@id\":\"https:\/\/now-news.de\/de\/#\/schema\/logo\/image\/\"},\"sameAs\":[\"https:\/\/www.facebook.com\/wirmachenauf\",\"https:\/\/x.com\/WirMachenAuf_de\"]},{\"@type\":\"Person\",\"@id\":\"https:\/\/now-news.de\/de\/#\/schema\/person\/fb534a4e865501d8b3285208df34a9b5\",\"name\":\"rtnews\",\"image\":{\"@type\":\"ImageObject\",\"inLanguage\":\"de\",\"@id\":\"https:\/\/now-news.de\/de\/#\/schema\/person\/image\/\",\"url\":\"https:\/\/secure.gravatar.com\/avatar\/82aafea7d8127119dd649515f56e2117?s=96&d=mm&r=g\",\"contentUrl\":\"https:\/\/secure.gravatar.com\/avatar\/82aafea7d8127119dd649515f56e2117?s=96&d=mm&r=g\",\"caption\":\"rtnews\"},\"url\":\"https:\/\/now-news.de\/de\/author\/rnews\/\"}]}<\/script>\n<!-- \/ Yoast SEO Premium plugin. -->","yoast_head_json":{"title":"Energie-Sanktionen: Ungarn und die Slowakei klagen gegen die EU - just-now.NEWS Deutschland","robots":{"index":"index","follow":"follow","max-snippet":"max-snippet:-1","max-image-preview":"max-image-preview:large","max-video-preview":"max-video-preview:-1"},"canonical":"https:\/\/now-news.de\/de\/deutschland\/energie-sanktionen-ungarn-und-die-slowakei-klagen-gegen-die-eu\/","og_locale":"de_DE","og_type":"article","og_title":"Energie-Sanktionen: Ungarn und die Slowakei klagen gegen die EU","og_description":"Ungarns Au\u00dfenminister P\u00e9ter Szijj\u00e1rt\u00f3 k\u00fcndigte auf X an, dass er und sein slowakischer Amtskollege Juraj Blanar gegen den seitens Br\u00fcssels von den Mitgliedsl\u00e4ndern eingeforderten EU-Energieplan &#8220;RePowerEU&#8221; vor dem Europ\u00e4ischen Gerichtshof Klage einreichen werden. Ungarns Regierung wird versuchen, das auferlegte russische Energieverbot der EU im Rahmen\u00a0des Br\u00fcsseler RePowerEU-Plans vor dem Europ\u00e4ischen Gerichtshof anzufechten. Die Klage w\u00fcrde [&hellip;]","og_url":"https:\/\/now-news.de\/de\/deutschland\/energie-sanktionen-ungarn-und-die-slowakei-klagen-gegen-die-eu\/","og_site_name":"just-now.NEWS Deutschland","article_publisher":"https:\/\/www.facebook.com\/wirmachenauf","article_published_time":"2025-12-08T08:26:17+00:00","og_image":[{"url":"https:\/\/now-news.de\/de\/wp-content\/uploads\/sites\/3\/2025\/12\/69367c9148fbef7619411966.jpg"}],"author":"rtnews","twitter_card":"summary_large_image","twitter_creator":"@WirMachenAuf_de","twitter_site":"@WirMachenAuf_de","twitter_misc":{"Verfasst von":"rtnews","Gesch\u00e4tzte Lesezeit":"3\u00a0Minuten"},"schema":{"@context":"https:\/\/schema.org","@graph":[{"@type":"Article","@id":"https:\/\/now-news.de\/de\/deutschland\/energie-sanktionen-ungarn-und-die-slowakei-klagen-gegen-die-eu\/#article","isPartOf":{"@id":"https:\/\/now-news.de\/de\/deutschland\/energie-sanktionen-ungarn-und-die-slowakei-klagen-gegen-die-eu\/"},"author":{"name":"rtnews","@id":"https:\/\/now-news.de\/de\/#\/schema\/person\/fb534a4e865501d8b3285208df34a9b5"},"headline":"Energie-Sanktionen: Ungarn und die Slowakei klagen gegen die EU","datePublished":"2025-12-08T08:26:17+00:00","dateModified":"2025-12-08T08:26:17+00:00","mainEntityOfPage":{"@id":"https:\/\/now-news.de\/de\/deutschland\/energie-sanktionen-ungarn-und-die-slowakei-klagen-gegen-die-eu\/"},"wordCount":565,"commentCount":0,"publisher":{"@id":"https:\/\/now-news.de\/de\/#organization"},"image":{"@id":"https:\/\/now-news.de\/de\/deutschland\/energie-sanktionen-ungarn-und-die-slowakei-klagen-gegen-die-eu\/#primaryimage"},"thumbnailUrl":"https:\/\/now-news.de\/de\/wp-content\/uploads\/sites\/3\/2025\/12\/Energie-Sanktionen-Ungarn-und-die-Slowakei-klagen-gegen-die-EU.jpg","keywords":["die","EnergieSanktionen","gegen","klagen","Slowakei","und","Ungarn"],"articleSection":["Deutschland","Russland"],"inLanguage":"de","potentialAction":[{"@type":"CommentAction","name":"Comment","target":["https:\/\/now-news.de\/de\/deutschland\/energie-sanktionen-ungarn-und-die-slowakei-klagen-gegen-die-eu\/#respond"]}]},{"@type":"WebPage","@id":"https:\/\/now-news.de\/de\/deutschland\/energie-sanktionen-ungarn-und-die-slowakei-klagen-gegen-die-eu\/","url":"https:\/\/now-news.de\/de\/deutschland\/energie-sanktionen-ungarn-und-die-slowakei-klagen-gegen-die-eu\/","name":"Energie-Sanktionen: Ungarn und die Slowakei klagen gegen die EU - just-now.NEWS Deutschland","isPartOf":{"@id":"https:\/\/now-news.de\/de\/#website"},"primaryImageOfPage":{"@id":"https:\/\/now-news.de\/de\/deutschland\/energie-sanktionen-ungarn-und-die-slowakei-klagen-gegen-die-eu\/#primaryimage"},"image":{"@id":"https:\/\/now-news.de\/de\/deutschland\/energie-sanktionen-ungarn-und-die-slowakei-klagen-gegen-die-eu\/#primaryimage"},"thumbnailUrl":"https:\/\/now-news.de\/de\/wp-content\/uploads\/sites\/3\/2025\/12\/Energie-Sanktionen-Ungarn-und-die-Slowakei-klagen-gegen-die-EU.jpg","datePublished":"2025-12-08T08:26:17+00:00","dateModified":"2025-12-08T08:26:17+00:00","breadcrumb":{"@id":"https:\/\/now-news.de\/de\/deutschland\/energie-sanktionen-ungarn-und-die-slowakei-klagen-gegen-die-eu\/#breadcrumb"},"inLanguage":"de","potentialAction":[{"@type":"ReadAction","target":["https:\/\/now-news.de\/de\/deutschland\/energie-sanktionen-ungarn-und-die-slowakei-klagen-gegen-die-eu\/"]}]},{"@type":"ImageObject","inLanguage":"de","@id":"https:\/\/now-news.de\/de\/deutschland\/energie-sanktionen-ungarn-und-die-slowakei-klagen-gegen-die-eu\/#primaryimage","url":"https:\/\/now-news.de\/de\/wp-content\/uploads\/sites\/3\/2025\/12\/Energie-Sanktionen-Ungarn-und-die-Slowakei-klagen-gegen-die-EU.jpg","contentUrl":"https:\/\/now-news.de\/de\/wp-content\/uploads\/sites\/3\/2025\/12\/Energie-Sanktionen-Ungarn-und-die-Slowakei-klagen-gegen-die-EU.jpg","width":460,"height":259,"caption":"Energie-Sanktionen: Ungarn und die Slowakei klagen gegen die EU"},{"@type":"BreadcrumbList","@id":"https:\/\/now-news.de\/de\/deutschland\/energie-sanktionen-ungarn-und-die-slowakei-klagen-gegen-die-eu\/#breadcrumb","itemListElement":[{"@type":"ListItem","position":1,"name":"Home","item":"https:\/\/now-news.de\/de\/"},{"@type":"ListItem","position":2,"name":"Energie-Sanktionen: Ungarn und die Slowakei klagen gegen die EU"}]},{"@type":"WebSite","@id":"https:\/\/now-news.de\/de\/#website","url":"https:\/\/now-news.de\/de\/","name":"just-now.NEWS Deutschland","description":"Das Portal f\u00fcr unzensierte Nachrichten aus der Welt","publisher":{"@id":"https:\/\/now-news.de\/de\/#organization"},"potentialAction":[{"@type":"SearchAction","target":{"@type":"EntryPoint","urlTemplate":"https:\/\/now-news.de\/de\/?s={search_term_string}"},"query-input":"required name=search_term_string"}],"inLanguage":"de"},{"@type":"Organization","@id":"https:\/\/now-news.de\/de\/#organization","name":"Just Now News","url":"https:\/\/now-news.de\/de\/","logo":{"@type":"ImageObject","inLanguage":"de","@id":"https:\/\/now-news.de\/de\/#\/schema\/logo\/image\/","url":"http:\/\/just-now.news\/de\/wp-content\/uploads\/sites\/3\/2022\/04\/logo500x500.jpg","contentUrl":"http:\/\/just-now.news\/de\/wp-content\/uploads\/sites\/3\/2022\/04\/logo500x500.jpg","width":500,"height":500,"caption":"Just Now News"},"image":{"@id":"https:\/\/now-news.de\/de\/#\/schema\/logo\/image\/"},"sameAs":["https:\/\/www.facebook.com\/wirmachenauf","https:\/\/x.com\/WirMachenAuf_de"]},{"@type":"Person","@id":"https:\/\/now-news.de\/de\/#\/schema\/person\/fb534a4e865501d8b3285208df34a9b5","name":"rtnews","image":{"@type":"ImageObject","inLanguage":"de","@id":"https:\/\/now-news.de\/de\/#\/schema\/person\/image\/","url":"https:\/\/secure.gravatar.com\/avatar\/82aafea7d8127119dd649515f56e2117?s=96&d=mm&r=g","contentUrl":"https:\/\/secure.gravatar.com\/avatar\/82aafea7d8127119dd649515f56e2117?s=96&d=mm&r=g","caption":"rtnews"},"url":"https:\/\/now-news.de\/de\/author\/rnews\/"}]}},"_links":{"self":[{"href":"https:\/\/now-news.de\/de\/wp-json\/wp\/v2\/posts\/95374"}],"collection":[{"href":"https:\/\/now-news.de\/de\/wp-json\/wp\/v2\/posts"}],"about":[{"href":"https:\/\/now-news.de\/de\/wp-json\/wp\/v2\/types\/post"}],"author":[{"embeddable":true,"href":"https:\/\/now-news.de\/de\/wp-json\/wp\/v2\/users\/3"}],"replies":[{"embeddable":true,"href":"https:\/\/now-news.de\/de\/wp-json\/wp\/v2\/comments?post=95374"}],"version-history":[{"count":0,"href":"https:\/\/now-news.de\/de\/wp-json\/wp\/v2\/posts\/95374\/revisions"}],"wp:featuredmedia":[{"embeddable":true,"href":"https:\/\/now-news.de\/de\/wp-json\/wp\/v2\/media\/95375"}],"wp:attachment":[{"href":"https:\/\/now-news.de\/de\/wp-json\/wp\/v2\/media?parent=95374"}],"wp:term":[{"taxonomy":"category","embeddable":true,"href":"https:\/\/now-news.de\/de\/wp-json\/wp\/v2\/categories?post=95374"},{"taxonomy":"post_tag","embeddable":true,"href":"https:\/\/now-news.de\/de\/wp-json\/wp\/v2\/tags?post=95374"}],"curies":[{"name":"wp","href":"https:\/\/api.w.org\/{rel}","templated":true}]}}