{"id":95344,"date":"2025-12-07T20:19:30","date_gmt":"2025-12-07T18:19:30","guid":{"rendered":"https:\/\/now-news.de\/de\/deutschland\/die-kriegsniederlage-der-ukraine-waere-fuer-merz-eine-persoenliche-niederlage\/"},"modified":"2025-12-07T20:19:30","modified_gmt":"2025-12-07T18:19:30","slug":"die-kriegsniederlage-der-ukraine-waere-fuer-merz-eine-persoenliche-niederlage","status":"publish","type":"post","link":"https:\/\/now-news.de\/de\/deutschland\/die-kriegsniederlage-der-ukraine-waere-fuer-merz-eine-persoenliche-niederlage\/","title":{"rendered":"Die Kriegsniederlage der Ukraine w\u00e4re f\u00fcr Merz eine pers\u00f6nliche Niederlage"},"content":{"rendered":"<p><img decoding=\"async\" src=\"https:\/\/now-news.de\/de\/wp-content\/uploads\/sites\/3\/2025\/12\/69331cecb480cc1cf87eb19c.jpg\" \/><\/p>\n<div class=\"Text-root Text-type_1 \">\n                Laut dem Politologen Alexander Rahr versucht Friedrich Merz, die Rolle des &#8220;Hauptwerbers&#8221; im Interesse Kiews zu \u00fcbernehmen. Jetzt reist er zu diesem Zweck nach Br\u00fcssel, um Belgiens Regierungschef f\u00fcr die Enteignung russischer Milliarden zu gewinnen, und ist bereit, Deutschland f\u00fcr diesen Diebstahl haften zu lassen.\n            <\/div>\n<p><\/p>\n<div class=\"Text-root Text-type_5 ArticleView-text ViewText-root \">\n<p><a rel=\"nofollow noopener\" target=\"_blank\" href=\"https:\/\/vz.ru\/news\/2025\/12\/5\/1378774.html\"><\/a><em>Von Anastassija Kulikowa<\/em><\/p>\n<p>Der deutsche Bundeskanzler Friedrich Merz versucht, die F\u00fchrungsrolle in Europa zu \u00fcbernehmen und sogar die USA als Besch\u00fctzer des Westens und der Ukraine zu ersetzen. F\u00fcr ihn komme eine Niederlage der ukrainischen Seite einer pers\u00f6nlichen Niederlage und Kapitulation Europas sowie der NATO gleich, erkl\u00e4rte der Politologe Alexander Rahr in einem Interview mit der Zeitung <em>Wsgljad<\/em>.<\/p>\n<p>So kommentierte Rahr die Entscheidung von Merz, seinen Besuch in Norwegen zu verschieben, um mit dem belgischen Premierminister die Frage der eingefrorenen Verm\u00f6genswerte Russlands zu er\u00f6rtern. Er bemerkt dazu:<\/p>\n<p><em>&#8220;Die meisten europ\u00e4ischen Regierungen sind der Unterst\u00fctzung der Ukraine \u00fcberdr\u00fcssig geworden. Vor diesem Hintergrund \u00fcbernimmt Berlin die Rolle des &#8216;Hauptwerbers&#8217; f\u00fcr die Interessen Kiews.&#8221;<\/em><\/p>\n<p>Innenpolitisch habe Merz, f\u00e4hrt der Experte fort, mit enormen Schwierigkeiten zu k\u00e4mpfen, versucht jedoch, seine Amtszeit als Kanzler mit Erfolgen auf au\u00dfenpolitischer Ebene zu besch\u00f6nigen:<\/p>\n<p><a><\/a>\u00a0<em>&#8220;Merz versucht, sich zum Anf\u00fchrer Europas zu machen und sogar an die Stelle der USA als Besch\u00fctzer des Westens und Kiews zu treten. Nicht alle Europ\u00e4er m\u00f6gen diese ehrgeizige Rolle dieses Deutschen, aber er strebt mit aller Kraft nach vorne, denn f\u00fcr ihn\u00a0\u2013 wie auch f\u00fcr Ursula von der Leyen\u00a0\u2013 bedeutet die Niederlage der Ukraine eine pers\u00f6nliche Niederlage und die Kapitulation Europas sowie der NATO.\u00a0<\/em><em>Aus Sicht Berlins darf es auf keinen Fall zu einer solchen Entwicklung kommen. Die Schw\u00e4chung der Position Kiews w\u00fcrde einen pers\u00f6nlichen Schlag f\u00fcr Merz bedeuten: In seinem ersten Jahr als Kanzler hat er so viel M\u00fche in die Unterst\u00fctzung Wladimir Selenskijs investiert.&#8221;<\/em><\/p>\n<p>Zuvor hatte Merz seinen Besuch in Norwegen abgesagt, um sich am Freitag in Br\u00fcssel mit EU-Kommissionschefin Ursula von der Leyen und dem belgischen Premierminister Bart De Wever zu treffen. Wie <em>Politico<\/em> schreibt, will der deutsche Kanzler Druck auf De Wever aus\u00fcben, damit dieser seine Einw\u00e4nde gegen die Verwendung russischer Verm\u00f6genswerte f\u00fcr einen &#8220;Reparationskredit&#8221; an die Ukraine zur\u00fcckziehe.<\/p>\n<p>Der Politiker best\u00e4tigt diese Plan\u00e4nderung:<\/p>\n<p><em>&#8220;Ich werde versuchen, ihn [De Wever] davon zu \u00fcberzeugen, dass der von uns vorgeschlagene Weg der richtige ist. Und wenn wir diesen Weg einschlagen, dann nur, um der Ukraine zu helfen&#8221;<\/em>, sagte Merz \u00fcber die Ziele seines Besuchs in Br\u00fcssel.<\/p>\n<p>Die Bedenken der belgischen Regierung nehme er ernst, beschwichtigte der Bundeskanzler, Deutschland k\u00f6nne einer der Garantiestaaten in der Frage der Verm\u00f6genswerte werden.<\/p>\n<p>Erw\u00e4hnenswert ist in diesem Zusammenhang, dass die deutschen Regierungsstellen den zweiten Platz in der von der Redaktion der Zeitung <em>Wsgljad<\/em> erstellten Rangliste der unfreundlichen Regierungen einnehmen. Belgien steht in dieser Liste an sechster Stelle.<\/p>\n<p>Der vor fast zwei Monaten vorgeschlagene Plan zur Enteignung der eingefrorenen Verm\u00f6genswerte Russlands wird von Belgien weiterhin entschieden abgelehnt. Zur Erinnerung: Der in Br\u00fcssel ans\u00e4ssige Wertpapierverwahrer Euroclear verwahrt etwa zwei Drittel der russischen Verm\u00f6genswerte im Wert von 290\u00a0Milliarden Euro.<\/p>\n<p><a><\/a>\u00a0<em>&#8220;Dies ist ein sehr wichtiger Punkt. Wir sind uns bewusst, dass es f\u00fcr 27 Mitgliedstaaten nicht immer einfach ist, zu einer Einigung zu gelangen. Wenn wir jedoch nicht in der Lage sind, etwas so Wichtiges wie die Bereitstellung von Finanzmitteln f\u00fcr die Ukraine zu erreichen, werden wir tats\u00e4chlich scheitern\u00a0\u2013 sowohl wir als auch Kiew&#8221;<\/em>, zitiert der <em>Guardian<\/em> eine Quelle im belgischen Au\u00dfenministerium.<\/p>\n<p>Bereits zuvor hatte De Wever gesagt:<\/p>\n<p><em>&#8220;Es ist im Grunde genommen keine schlechte Idee, von einem B\u00f6sen zu stehlen und es einem Guten zu geben. Allerdings hat der Diebstahl eingefrorener Verm\u00f6genswerte eines anderen Staates noch nie zu etwas Gutem gef\u00fchrt.&#8221;<\/em><\/p>\n<p>Das belgische Repr\u00e4sentantenhaus reagierte mit Applaus auf die Rede des Premierministers, in der er seine Weigerung bekr\u00e4ftigte, russische Verm\u00f6genswerte unter die Kontrolle der Europ\u00e4ischen Kommission zu stellen.<\/p>\n<p>Er betonte, dass er nicht im Interesse Moskaus handele, und nannte drei Bedingungen f\u00fcr die Zustimmung Belgiens zum Plan der Europ\u00e4ischen Kommission, berichtet die Zeitung <em>Kommersant<\/em>. Die erste Bedingung sei, dass alle Risiken, einschlie\u00dflich der Geldstrafen f\u00fcr &#8220;illegale Enteignung&#8221;, auf alle EU-L\u00e4nder verteilt werden m\u00fcssten und nicht allein von Belgien getragen werden sollten.<\/p>\n<p>Als zweite Bedingung m\u00fcsse der Euroclear-Wertpapierverwahrstelle eine garantierte Liquidit\u00e4t zur Verf\u00fcgung stehen, um Sch\u00e4den durch m\u00f6gliche russische Gegenma\u00dfnahmen auszugleichen. Die dritte Bedingung sei, dass alle EU-Mitgliedstaaten, in deren Hoheitsgebiet sich russische Staatsverm\u00f6gen befinden, die Kosten zu gleichen Teilen tragen m\u00fcssen. Er unterstrich dabei, dass Belgien &#8220;die Ukraine voll und ganz unterst\u00fctzt&#8221;, aber nicht bereit sei, die Risiken allein zu tragen.<\/p>\n<p><a><\/a><em>\u00dcbersetzt aus dem <a rel=\"nofollow noopener\" target=\"_blank\" href=\"https:\/\/vz.ru\/news\/2025\/12\/5\/1378774.html\">Russischen<\/a>. Der Artikel ist am 5.\u00a0Dezember 2025 zuerst auf der Homepage der Zeitung Wsgljad erschienen.<\/em><\/p>\n<p><strong>Mehr zum Thema<\/strong> \u2013 <a rel=\"nofollow noopener\" target=\"_blank\" href=\"https:\/\/freedert.online\/meinung\/263929-belgischer-premier-verraet-merzens-deutschland\/\">Belgischer Premier: Merz bereit, Deutschland f\u00fcr Diebstahl russischer Milliarden haften zu lassen<\/a><\/p>\n<\/p>\n<\/div>\n<p><br \/>\n<br \/><a href=\"https:\/\/de.rt.com\/europa\/263949-kriegsniederlage-der-ukraine-waere-fuer-merz-eine-persoenliche-niederlage\/\">Source link <\/a><\/p>\n","protected":false},"excerpt":{"rendered":"<p>Laut dem Politologen Alexander Rahr versucht Friedrich Merz, die Rolle des &#8220;Hauptwerbers&#8221; im Interesse Kiews zu \u00fcbernehmen. Jetzt reist er zu diesem Zweck nach Br\u00fcssel, um Belgiens Regierungschef f\u00fcr die Enteignung russischer Milliarden zu gewinnen, und ist bereit, Deutschland f\u00fcr diesen Diebstahl haften zu lassen. Von Anastassija Kulikowa Der deutsche Bundeskanzler Friedrich Merz versucht, die [&hellip;]<\/p>\n","protected":false},"author":3,"featured_media":95345,"comment_status":"open","ping_status":"open","sticky":false,"template":"","format":"standard","meta":{"_yoast_indexnow_last_ping":["1765132138"],"wp_automatic_camp":["217"],"3ad45bf43f608ce3a8a06a4295091901":["Die Kriegsniederlage der Ukraine w\u00e4re f\u00fcr Merz eine pers\u00f6nliche Niederlage"],"original_link":["https:\/\/de.rt.com\/europa\/263949-kriegsniederlage-der-ukraine-waere-fuer-merz-eine-persoenliche-niederlage\/"],"_thumbnail_id":["95345"],"jnews_social_counter_last_update":["1777665175"],"_wptgpro_p2tg_sent2tg":["a:1:{i:23737;s:19:\"2025-12-07 20:29:56\";}"]},"categories":[19,23],"tags":[82,45,275,221,37624,18728,3948,24535,127,7156],"yoast_head":"<!-- This site is optimized with the Yoast SEO Premium plugin v22.7 (Yoast SEO v22.7) - https:\/\/yoast.com\/wordpress\/plugins\/seo\/ -->\n<title>Die Kriegsniederlage der Ukraine w\u00e4re f\u00fcr Merz eine pers\u00f6nliche Niederlage - just-now.NEWS Deutschland<\/title>\n<meta name=\"robots\" content=\"index, follow, max-snippet:-1, max-image-preview:large, max-video-preview:-1\" \/>\n<link rel=\"canonical\" href=\"https:\/\/now-news.de\/de\/deutschland\/die-kriegsniederlage-der-ukraine-waere-fuer-merz-eine-persoenliche-niederlage\/\" \/>\n<meta property=\"og:locale\" content=\"de_DE\" \/>\n<meta property=\"og:type\" content=\"article\" \/>\n<meta property=\"og:title\" content=\"Die Kriegsniederlage der Ukraine w\u00e4re f\u00fcr Merz eine pers\u00f6nliche Niederlage\" \/>\n<meta property=\"og:description\" content=\"Laut dem Politologen Alexander Rahr versucht Friedrich Merz, die Rolle des &#8220;Hauptwerbers&#8221; im Interesse Kiews zu \u00fcbernehmen. Jetzt reist er zu diesem Zweck nach Br\u00fcssel, um Belgiens Regierungschef f\u00fcr die Enteignung russischer Milliarden zu gewinnen, und ist bereit, Deutschland f\u00fcr diesen Diebstahl haften zu lassen. Von Anastassija Kulikowa Der deutsche Bundeskanzler Friedrich Merz versucht, die [&hellip;]\" \/>\n<meta property=\"og:url\" content=\"https:\/\/now-news.de\/de\/deutschland\/die-kriegsniederlage-der-ukraine-waere-fuer-merz-eine-persoenliche-niederlage\/\" \/>\n<meta property=\"og:site_name\" content=\"just-now.NEWS Deutschland\" \/>\n<meta property=\"article:publisher\" content=\"https:\/\/www.facebook.com\/wirmachenauf\" \/>\n<meta property=\"article:published_time\" content=\"2025-12-07T18:19:30+00:00\" \/>\n<meta property=\"og:image\" content=\"https:\/\/now-news.de\/de\/wp-content\/uploads\/sites\/3\/2025\/12\/69331cecb480cc1cf87eb19c.jpg\" \/>\n<meta name=\"author\" content=\"rtnews\" \/>\n<meta name=\"twitter:card\" content=\"summary_large_image\" \/>\n<meta name=\"twitter:creator\" content=\"@WirMachenAuf_de\" \/>\n<meta name=\"twitter:site\" content=\"@WirMachenAuf_de\" \/>\n<meta name=\"twitter:label1\" content=\"Verfasst von\" \/>\n\t<meta name=\"twitter:data1\" content=\"rtnews\" \/>\n\t<meta name=\"twitter:label2\" content=\"Gesch\u00e4tzte Lesezeit\" \/>\n\t<meta name=\"twitter:data2\" content=\"4\u00a0Minuten\" \/>\n<script type=\"application\/ld+json\" class=\"yoast-schema-graph\">{\"@context\":\"https:\/\/schema.org\",\"@graph\":[{\"@type\":\"Article\",\"@id\":\"https:\/\/now-news.de\/de\/deutschland\/die-kriegsniederlage-der-ukraine-waere-fuer-merz-eine-persoenliche-niederlage\/#article\",\"isPartOf\":{\"@id\":\"https:\/\/now-news.de\/de\/deutschland\/die-kriegsniederlage-der-ukraine-waere-fuer-merz-eine-persoenliche-niederlage\/\"},\"author\":{\"name\":\"rtnews\",\"@id\":\"https:\/\/now-news.de\/de\/#\/schema\/person\/fb534a4e865501d8b3285208df34a9b5\"},\"headline\":\"Die Kriegsniederlage der Ukraine w\u00e4re f\u00fcr Merz eine pers\u00f6nliche Niederlage\",\"datePublished\":\"2025-12-07T18:19:30+00:00\",\"dateModified\":\"2025-12-07T18:19:30+00:00\",\"mainEntityOfPage\":{\"@id\":\"https:\/\/now-news.de\/de\/deutschland\/die-kriegsniederlage-der-ukraine-waere-fuer-merz-eine-persoenliche-niederlage\/\"},\"wordCount\":848,\"commentCount\":0,\"publisher\":{\"@id\":\"https:\/\/now-news.de\/de\/#organization\"},\"image\":{\"@id\":\"https:\/\/now-news.de\/de\/deutschland\/die-kriegsniederlage-der-ukraine-waere-fuer-merz-eine-persoenliche-niederlage\/#primaryimage\"},\"thumbnailUrl\":\"https:\/\/now-news.de\/de\/wp-content\/uploads\/sites\/3\/2025\/12\/Die-Kriegsniederlage-der-Ukraine-waere-fuer-Merz-eine-persoenliche-Niederlage.jpg\",\"keywords\":[\"der\",\"die\",\"eine\",\"f\u00fcr\",\"Kriegsniederlage\",\"Merz\",\"Niederlage\",\"pers\u00f6nliche\",\"ukraine\",\"w\u00e4re\"],\"articleSection\":[\"Deutschland\",\"Russland\"],\"inLanguage\":\"de\",\"potentialAction\":[{\"@type\":\"CommentAction\",\"name\":\"Comment\",\"target\":[\"https:\/\/now-news.de\/de\/deutschland\/die-kriegsniederlage-der-ukraine-waere-fuer-merz-eine-persoenliche-niederlage\/#respond\"]}]},{\"@type\":\"WebPage\",\"@id\":\"https:\/\/now-news.de\/de\/deutschland\/die-kriegsniederlage-der-ukraine-waere-fuer-merz-eine-persoenliche-niederlage\/\",\"url\":\"https:\/\/now-news.de\/de\/deutschland\/die-kriegsniederlage-der-ukraine-waere-fuer-merz-eine-persoenliche-niederlage\/\",\"name\":\"Die Kriegsniederlage der Ukraine w\u00e4re f\u00fcr Merz eine pers\u00f6nliche Niederlage - just-now.NEWS Deutschland\",\"isPartOf\":{\"@id\":\"https:\/\/now-news.de\/de\/#website\"},\"primaryImageOfPage\":{\"@id\":\"https:\/\/now-news.de\/de\/deutschland\/die-kriegsniederlage-der-ukraine-waere-fuer-merz-eine-persoenliche-niederlage\/#primaryimage\"},\"image\":{\"@id\":\"https:\/\/now-news.de\/de\/deutschland\/die-kriegsniederlage-der-ukraine-waere-fuer-merz-eine-persoenliche-niederlage\/#primaryimage\"},\"thumbnailUrl\":\"https:\/\/now-news.de\/de\/wp-content\/uploads\/sites\/3\/2025\/12\/Die-Kriegsniederlage-der-Ukraine-waere-fuer-Merz-eine-persoenliche-Niederlage.jpg\",\"datePublished\":\"2025-12-07T18:19:30+00:00\",\"dateModified\":\"2025-12-07T18:19:30+00:00\",\"breadcrumb\":{\"@id\":\"https:\/\/now-news.de\/de\/deutschland\/die-kriegsniederlage-der-ukraine-waere-fuer-merz-eine-persoenliche-niederlage\/#breadcrumb\"},\"inLanguage\":\"de\",\"potentialAction\":[{\"@type\":\"ReadAction\",\"target\":[\"https:\/\/now-news.de\/de\/deutschland\/die-kriegsniederlage-der-ukraine-waere-fuer-merz-eine-persoenliche-niederlage\/\"]}]},{\"@type\":\"ImageObject\",\"inLanguage\":\"de\",\"@id\":\"https:\/\/now-news.de\/de\/deutschland\/die-kriegsniederlage-der-ukraine-waere-fuer-merz-eine-persoenliche-niederlage\/#primaryimage\",\"url\":\"https:\/\/now-news.de\/de\/wp-content\/uploads\/sites\/3\/2025\/12\/Die-Kriegsniederlage-der-Ukraine-waere-fuer-Merz-eine-persoenliche-Niederlage.jpg\",\"contentUrl\":\"https:\/\/now-news.de\/de\/wp-content\/uploads\/sites\/3\/2025\/12\/Die-Kriegsniederlage-der-Ukraine-waere-fuer-Merz-eine-persoenliche-Niederlage.jpg\",\"width\":460,\"height\":259,\"caption\":\"Die Kriegsniederlage der Ukraine w\u00e4re f\u00fcr Merz eine pers\u00f6nliche Niederlage\"},{\"@type\":\"BreadcrumbList\",\"@id\":\"https:\/\/now-news.de\/de\/deutschland\/die-kriegsniederlage-der-ukraine-waere-fuer-merz-eine-persoenliche-niederlage\/#breadcrumb\",\"itemListElement\":[{\"@type\":\"ListItem\",\"position\":1,\"name\":\"Home\",\"item\":\"https:\/\/now-news.de\/de\/\"},{\"@type\":\"ListItem\",\"position\":2,\"name\":\"Die Kriegsniederlage der Ukraine w\u00e4re f\u00fcr Merz eine pers\u00f6nliche Niederlage\"}]},{\"@type\":\"WebSite\",\"@id\":\"https:\/\/now-news.de\/de\/#website\",\"url\":\"https:\/\/now-news.de\/de\/\",\"name\":\"just-now.NEWS Deutschland\",\"description\":\"Das Portal f\u00fcr unzensierte Nachrichten aus der Welt\",\"publisher\":{\"@id\":\"https:\/\/now-news.de\/de\/#organization\"},\"potentialAction\":[{\"@type\":\"SearchAction\",\"target\":{\"@type\":\"EntryPoint\",\"urlTemplate\":\"https:\/\/now-news.de\/de\/?s={search_term_string}\"},\"query-input\":\"required name=search_term_string\"}],\"inLanguage\":\"de\"},{\"@type\":\"Organization\",\"@id\":\"https:\/\/now-news.de\/de\/#organization\",\"name\":\"Just Now News\",\"url\":\"https:\/\/now-news.de\/de\/\",\"logo\":{\"@type\":\"ImageObject\",\"inLanguage\":\"de\",\"@id\":\"https:\/\/now-news.de\/de\/#\/schema\/logo\/image\/\",\"url\":\"http:\/\/just-now.news\/de\/wp-content\/uploads\/sites\/3\/2022\/04\/logo500x500.jpg\",\"contentUrl\":\"http:\/\/just-now.news\/de\/wp-content\/uploads\/sites\/3\/2022\/04\/logo500x500.jpg\",\"width\":500,\"height\":500,\"caption\":\"Just Now News\"},\"image\":{\"@id\":\"https:\/\/now-news.de\/de\/#\/schema\/logo\/image\/\"},\"sameAs\":[\"https:\/\/www.facebook.com\/wirmachenauf\",\"https:\/\/x.com\/WirMachenAuf_de\"]},{\"@type\":\"Person\",\"@id\":\"https:\/\/now-news.de\/de\/#\/schema\/person\/fb534a4e865501d8b3285208df34a9b5\",\"name\":\"rtnews\",\"image\":{\"@type\":\"ImageObject\",\"inLanguage\":\"de\",\"@id\":\"https:\/\/now-news.de\/de\/#\/schema\/person\/image\/\",\"url\":\"https:\/\/secure.gravatar.com\/avatar\/82aafea7d8127119dd649515f56e2117?s=96&d=mm&r=g\",\"contentUrl\":\"https:\/\/secure.gravatar.com\/avatar\/82aafea7d8127119dd649515f56e2117?s=96&d=mm&r=g\",\"caption\":\"rtnews\"},\"url\":\"https:\/\/now-news.de\/de\/author\/rnews\/\"}]}<\/script>\n<!-- \/ Yoast SEO Premium plugin. -->","yoast_head_json":{"title":"Die Kriegsniederlage der Ukraine w\u00e4re f\u00fcr Merz eine pers\u00f6nliche Niederlage - just-now.NEWS Deutschland","robots":{"index":"index","follow":"follow","max-snippet":"max-snippet:-1","max-image-preview":"max-image-preview:large","max-video-preview":"max-video-preview:-1"},"canonical":"https:\/\/now-news.de\/de\/deutschland\/die-kriegsniederlage-der-ukraine-waere-fuer-merz-eine-persoenliche-niederlage\/","og_locale":"de_DE","og_type":"article","og_title":"Die Kriegsniederlage der Ukraine w\u00e4re f\u00fcr Merz eine pers\u00f6nliche Niederlage","og_description":"Laut dem Politologen Alexander Rahr versucht Friedrich Merz, die Rolle des &#8220;Hauptwerbers&#8221; im Interesse Kiews zu \u00fcbernehmen. Jetzt reist er zu diesem Zweck nach Br\u00fcssel, um Belgiens Regierungschef f\u00fcr die Enteignung russischer Milliarden zu gewinnen, und ist bereit, Deutschland f\u00fcr diesen Diebstahl haften zu lassen. Von Anastassija Kulikowa Der deutsche Bundeskanzler Friedrich Merz versucht, die [&hellip;]","og_url":"https:\/\/now-news.de\/de\/deutschland\/die-kriegsniederlage-der-ukraine-waere-fuer-merz-eine-persoenliche-niederlage\/","og_site_name":"just-now.NEWS Deutschland","article_publisher":"https:\/\/www.facebook.com\/wirmachenauf","article_published_time":"2025-12-07T18:19:30+00:00","og_image":[{"url":"https:\/\/now-news.de\/de\/wp-content\/uploads\/sites\/3\/2025\/12\/69331cecb480cc1cf87eb19c.jpg"}],"author":"rtnews","twitter_card":"summary_large_image","twitter_creator":"@WirMachenAuf_de","twitter_site":"@WirMachenAuf_de","twitter_misc":{"Verfasst von":"rtnews","Gesch\u00e4tzte Lesezeit":"4\u00a0Minuten"},"schema":{"@context":"https:\/\/schema.org","@graph":[{"@type":"Article","@id":"https:\/\/now-news.de\/de\/deutschland\/die-kriegsniederlage-der-ukraine-waere-fuer-merz-eine-persoenliche-niederlage\/#article","isPartOf":{"@id":"https:\/\/now-news.de\/de\/deutschland\/die-kriegsniederlage-der-ukraine-waere-fuer-merz-eine-persoenliche-niederlage\/"},"author":{"name":"rtnews","@id":"https:\/\/now-news.de\/de\/#\/schema\/person\/fb534a4e865501d8b3285208df34a9b5"},"headline":"Die Kriegsniederlage der Ukraine w\u00e4re f\u00fcr Merz eine pers\u00f6nliche Niederlage","datePublished":"2025-12-07T18:19:30+00:00","dateModified":"2025-12-07T18:19:30+00:00","mainEntityOfPage":{"@id":"https:\/\/now-news.de\/de\/deutschland\/die-kriegsniederlage-der-ukraine-waere-fuer-merz-eine-persoenliche-niederlage\/"},"wordCount":848,"commentCount":0,"publisher":{"@id":"https:\/\/now-news.de\/de\/#organization"},"image":{"@id":"https:\/\/now-news.de\/de\/deutschland\/die-kriegsniederlage-der-ukraine-waere-fuer-merz-eine-persoenliche-niederlage\/#primaryimage"},"thumbnailUrl":"https:\/\/now-news.de\/de\/wp-content\/uploads\/sites\/3\/2025\/12\/Die-Kriegsniederlage-der-Ukraine-waere-fuer-Merz-eine-persoenliche-Niederlage.jpg","keywords":["der","die","eine","f\u00fcr","Kriegsniederlage","Merz","Niederlage","pers\u00f6nliche","ukraine","w\u00e4re"],"articleSection":["Deutschland","Russland"],"inLanguage":"de","potentialAction":[{"@type":"CommentAction","name":"Comment","target":["https:\/\/now-news.de\/de\/deutschland\/die-kriegsniederlage-der-ukraine-waere-fuer-merz-eine-persoenliche-niederlage\/#respond"]}]},{"@type":"WebPage","@id":"https:\/\/now-news.de\/de\/deutschland\/die-kriegsniederlage-der-ukraine-waere-fuer-merz-eine-persoenliche-niederlage\/","url":"https:\/\/now-news.de\/de\/deutschland\/die-kriegsniederlage-der-ukraine-waere-fuer-merz-eine-persoenliche-niederlage\/","name":"Die Kriegsniederlage der Ukraine w\u00e4re f\u00fcr Merz eine pers\u00f6nliche Niederlage - just-now.NEWS Deutschland","isPartOf":{"@id":"https:\/\/now-news.de\/de\/#website"},"primaryImageOfPage":{"@id":"https:\/\/now-news.de\/de\/deutschland\/die-kriegsniederlage-der-ukraine-waere-fuer-merz-eine-persoenliche-niederlage\/#primaryimage"},"image":{"@id":"https:\/\/now-news.de\/de\/deutschland\/die-kriegsniederlage-der-ukraine-waere-fuer-merz-eine-persoenliche-niederlage\/#primaryimage"},"thumbnailUrl":"https:\/\/now-news.de\/de\/wp-content\/uploads\/sites\/3\/2025\/12\/Die-Kriegsniederlage-der-Ukraine-waere-fuer-Merz-eine-persoenliche-Niederlage.jpg","datePublished":"2025-12-07T18:19:30+00:00","dateModified":"2025-12-07T18:19:30+00:00","breadcrumb":{"@id":"https:\/\/now-news.de\/de\/deutschland\/die-kriegsniederlage-der-ukraine-waere-fuer-merz-eine-persoenliche-niederlage\/#breadcrumb"},"inLanguage":"de","potentialAction":[{"@type":"ReadAction","target":["https:\/\/now-news.de\/de\/deutschland\/die-kriegsniederlage-der-ukraine-waere-fuer-merz-eine-persoenliche-niederlage\/"]}]},{"@type":"ImageObject","inLanguage":"de","@id":"https:\/\/now-news.de\/de\/deutschland\/die-kriegsniederlage-der-ukraine-waere-fuer-merz-eine-persoenliche-niederlage\/#primaryimage","url":"https:\/\/now-news.de\/de\/wp-content\/uploads\/sites\/3\/2025\/12\/Die-Kriegsniederlage-der-Ukraine-waere-fuer-Merz-eine-persoenliche-Niederlage.jpg","contentUrl":"https:\/\/now-news.de\/de\/wp-content\/uploads\/sites\/3\/2025\/12\/Die-Kriegsniederlage-der-Ukraine-waere-fuer-Merz-eine-persoenliche-Niederlage.jpg","width":460,"height":259,"caption":"Die Kriegsniederlage der Ukraine w\u00e4re f\u00fcr Merz eine pers\u00f6nliche Niederlage"},{"@type":"BreadcrumbList","@id":"https:\/\/now-news.de\/de\/deutschland\/die-kriegsniederlage-der-ukraine-waere-fuer-merz-eine-persoenliche-niederlage\/#breadcrumb","itemListElement":[{"@type":"ListItem","position":1,"name":"Home","item":"https:\/\/now-news.de\/de\/"},{"@type":"ListItem","position":2,"name":"Die Kriegsniederlage der Ukraine w\u00e4re f\u00fcr Merz eine pers\u00f6nliche Niederlage"}]},{"@type":"WebSite","@id":"https:\/\/now-news.de\/de\/#website","url":"https:\/\/now-news.de\/de\/","name":"just-now.NEWS Deutschland","description":"Das Portal f\u00fcr unzensierte Nachrichten aus der Welt","publisher":{"@id":"https:\/\/now-news.de\/de\/#organization"},"potentialAction":[{"@type":"SearchAction","target":{"@type":"EntryPoint","urlTemplate":"https:\/\/now-news.de\/de\/?s={search_term_string}"},"query-input":"required name=search_term_string"}],"inLanguage":"de"},{"@type":"Organization","@id":"https:\/\/now-news.de\/de\/#organization","name":"Just Now News","url":"https:\/\/now-news.de\/de\/","logo":{"@type":"ImageObject","inLanguage":"de","@id":"https:\/\/now-news.de\/de\/#\/schema\/logo\/image\/","url":"http:\/\/just-now.news\/de\/wp-content\/uploads\/sites\/3\/2022\/04\/logo500x500.jpg","contentUrl":"http:\/\/just-now.news\/de\/wp-content\/uploads\/sites\/3\/2022\/04\/logo500x500.jpg","width":500,"height":500,"caption":"Just Now News"},"image":{"@id":"https:\/\/now-news.de\/de\/#\/schema\/logo\/image\/"},"sameAs":["https:\/\/www.facebook.com\/wirmachenauf","https:\/\/x.com\/WirMachenAuf_de"]},{"@type":"Person","@id":"https:\/\/now-news.de\/de\/#\/schema\/person\/fb534a4e865501d8b3285208df34a9b5","name":"rtnews","image":{"@type":"ImageObject","inLanguage":"de","@id":"https:\/\/now-news.de\/de\/#\/schema\/person\/image\/","url":"https:\/\/secure.gravatar.com\/avatar\/82aafea7d8127119dd649515f56e2117?s=96&d=mm&r=g","contentUrl":"https:\/\/secure.gravatar.com\/avatar\/82aafea7d8127119dd649515f56e2117?s=96&d=mm&r=g","caption":"rtnews"},"url":"https:\/\/now-news.de\/de\/author\/rnews\/"}]}},"_links":{"self":[{"href":"https:\/\/now-news.de\/de\/wp-json\/wp\/v2\/posts\/95344"}],"collection":[{"href":"https:\/\/now-news.de\/de\/wp-json\/wp\/v2\/posts"}],"about":[{"href":"https:\/\/now-news.de\/de\/wp-json\/wp\/v2\/types\/post"}],"author":[{"embeddable":true,"href":"https:\/\/now-news.de\/de\/wp-json\/wp\/v2\/users\/3"}],"replies":[{"embeddable":true,"href":"https:\/\/now-news.de\/de\/wp-json\/wp\/v2\/comments?post=95344"}],"version-history":[{"count":0,"href":"https:\/\/now-news.de\/de\/wp-json\/wp\/v2\/posts\/95344\/revisions"}],"wp:featuredmedia":[{"embeddable":true,"href":"https:\/\/now-news.de\/de\/wp-json\/wp\/v2\/media\/95345"}],"wp:attachment":[{"href":"https:\/\/now-news.de\/de\/wp-json\/wp\/v2\/media?parent=95344"}],"wp:term":[{"taxonomy":"category","embeddable":true,"href":"https:\/\/now-news.de\/de\/wp-json\/wp\/v2\/categories?post=95344"},{"taxonomy":"post_tag","embeddable":true,"href":"https:\/\/now-news.de\/de\/wp-json\/wp\/v2\/tags?post=95344"}],"curies":[{"name":"wp","href":"https:\/\/api.w.org\/{rel}","templated":true}]}}