{"id":95322,"date":"2025-12-07T15:47:35","date_gmt":"2025-12-07T13:47:35","guid":{"rendered":"https:\/\/now-news.de\/de\/deutschland\/friedrich-merz-in-israel-wirbt-zuvor-fuer-friedensplan-bei-mahmoud-abbas\/"},"modified":"2025-12-07T15:47:35","modified_gmt":"2025-12-07T13:47:35","slug":"friedrich-merz-in-israel-wirbt-zuvor-fuer-friedensplan-bei-mahmoud-abbas","status":"publish","type":"post","link":"https:\/\/now-news.de\/de\/deutschland\/friedrich-merz-in-israel-wirbt-zuvor-fuer-friedensplan-bei-mahmoud-abbas\/","title":{"rendered":"Friedrich Merz in Israel: Wirbt zuvor f\u00fcr Friedensplan bei Mahmoud Abbas"},"content":{"rendered":"<p><img decoding=\"async\" src=\"https:\/\/now-news.de\/de\/wp-content\/uploads\/sites\/3\/2025\/12\/69357efc48fbef64e558a829.jpg\" \/><\/p>\n<div class=\"Text-root Text-type_1 \">\n                Vor seiner Israel-Reise hat Friedrich Merz mit Mahmud Abbas telefoniert und den jordanischen K\u00f6nig Abdullah II. besucht. Bei beiden sprach er sich f\u00fcr die Zwei-Staaten-L\u00f6sung aus. Gegen\u00fcber Jitzchak Herzog best\u00e4tigte er Deutschlands fortw\u00e4hrende Verpflichtung gegen\u00fcber dem j\u00fcdischen Staat.\n            <\/div>\n<p><\/p>\n<div class=\"Text-root Text-type_5 ArticleView-text ViewText-root \">\n<p>Im Rahmen seiner dreit\u00e4gigen Staatsbesuche im Nahen Osten ist Bundeskanzler Friedrich Merz am Samstagabend in Israel eingetroffen. Vor seiner Reise telefonierte er mit dem Pr\u00e4sidenten der Pal\u00e4stinensischen Autonomiebeh\u00f6rde, Mahmud Abbas, und sprach mit ihm\u00a0\u00fcber den US-Friedensplan. Dabei forderte er Reformen in der pal\u00e4stinensischen F\u00fchrung.<\/p>\n<p>Das Gespr\u00e4ch zwischen Merz und Abbas sei in freundlicher Atmosph\u00e4re verlaufen,\u00a0<a rel=\"nofollow noopener\" target=\"_blank\" href=\"https:\/\/www.euronews.com\/2025\/12\/06\/merz-promotes-peace-plan-with-abbas-ahead-of-visit-to-israel\">berichtete<\/a>\u00a0<em>Euronews<\/em> am Samstag. Merz habe die deutsche Unterst\u00fctzung f\u00fcr den US- Friedensplan bekr\u00e4ftigt und die kooperative Haltung der Pal\u00e4stinensischen Autonomiebeh\u00f6rde gelobt. \u00a0<\/p>\n<p>Er habe aber auch auf &#8220;dringend notwendige Reformen&#8221; in der pal\u00e4stinensischen F\u00fchrung hingewiesen. Diese seien laut Merz notwendig, &#8220;damit die Beh\u00f6rde eine konstruktive Rolle in einer m\u00f6glichen Nachkriegsordnung spielen k\u00f6nne&#8221; gab <em>Euronews<\/em> die Begr\u00fcndung des Bundeskanzlers wieder. Das Ziel bleibe eine Zwei-Staaten-L\u00f6sung als Garant f\u00fcr eine langfristige Sicherheit f\u00fcr Israelis und Pal\u00e4stinenser, so Merz.<\/p>\n<p>Wie die <em>Tagesschau<\/em> am Sonntag <a rel=\"nofollow noopener\" target=\"_blank\" href=\"https:\/\/www.tagesschau.de\/ausland\/asien\/merz-besuch-jordanien-israel-100.html\">meldete<\/a>, habe Merz bei seinem Treffen mit dem israelischen Staatspr\u00e4sidenten Jitzchak Herzog am Samstagabend Deutschlands fortw\u00e4hrende Verpflichtung gegen\u00fcber dem j\u00fcdischen Staat bekr\u00e4ftigt. &#8220;Deutschland stehe bis heute fest an der Seite Israels, &#8216;insbesondere nach dem schrecklichen Massaker (der Hamas) am 7. Oktober 2023&#8217;. Deutschland werde &#8216;immer an der Seite dieses Landes stehen'&#8221;, zitierte die <em>Tagesschau<\/em> den Bundeskanzler. Dieser habe aber auch auf die Kompliziertheit der politischen Lage hingewiesen und gegen\u00fcber Herzog erkl\u00e4rt:\u00a0&#8220;Ich komme zu einem Zeitpunkt nach Israel, der komplizierter kaum sein k\u00f6nnte.&#8221;<\/p>\n<p>Denn das Vorgehen der israelischen Armee im Gaza-Krieg habe Deutschland &#8220;vor einige Dilemmata gestellt&#8221;. Aber im Grundsatz habe man bis heute keinerlei Differenzen. Israel habe das Recht, sich selbst zu verteidigen.\u00a0Unter Bezugnahme auf den US-Friedensplan erkl\u00e4rte Merz:\u00a0<\/p>\n<p>&#8220;Wir hoffen nun, dass dieser Friedensprozess in die n\u00e4chste Phase eintreten kann und insbesondere, dass es gelingt, die Hamas zu entwaffnen, denn dieser Krieg geht ausschlie\u00dflich von der Hamas aus.&#8221;<\/p>\n<p>Am Sonntagmorgen besuchte der Kanzler die zentrale Gedenkst\u00e4tte Yad Vashem in Jerusalem.\u00a0Dar\u00fcber <a rel=\"nofollow noopener\" target=\"_blank\" href=\"https:\/\/www.haaretz.com\/israel-news\/2025-12-07\/ty-article-live\/idf-palestinian-bystander-killed-after-attempted-ramming-attack-in-west-banks-hebron\/0000019a-f6c7-d23a-a19e-fed7c4390005?liveBlogItemId=545771749#545771749\">berichtete<\/a> am Sonntagmorgen auch die israelische Tageszeitung <em>Haaretz<\/em>. Merz habe w\u00e4hrend seines Antrittsbesuchs in Israel an der Gedenkst\u00e4tte Yad Vashem der sechs Millionen Juden gedacht, die w\u00e4hrend der Nazi-Diktatur ermordet wurden. <em>Haaretz<\/em> ver\u00f6ffentlichte den G\u00e4stebucheintrag des Kanzlers:<\/p>\n<p><em>&#8220;Wir werden die Erinnerung an das schreckliche Verbrechen der Shoah, das die Deutschen am j\u00fcdischen Volk begangen haben, wachhalten.&#8221;<\/em><\/p>\n<p><em>&#8220;Hier in Yad Vashem wird die bleibende historische Verantwortung Deutschlands sp\u00fcrbar: Deutschland muss f\u00fcr die Existenz und Sicherheit Israels eintreten. Das ist Teil des unver\u00e4nderlichen Kerns unserer Beziehung und wird es auch f\u00fcr immer bleiben.&#8221;<\/em><\/p>\n<p>Auf <em>Al Arabiya Net<\/em>\u00a0<a rel=\"nofollow noopener\" target=\"_blank\" href=\"https:\/\/english.alarabiya.net\/News\/middle-east\/2025\/12\/07\/germany-s-merz-reaffirms-support-for-israel-during-israel-visit-\">gab es am Sonntagmorgen<\/a> auch einen Bericht \u00fcber die Gespr\u00e4che des Bundeskanzlers mit dem jordanischen K\u00f6nig Abdullah II., den er am Samstag kurz vor seiner Reise nach Israel besuchte. Gegen\u00fcber Journalisten habe Merz erkl\u00e4rt, dass er mit K\u00f6nig Abdullah II. vor allem \u00fcber den &#8220;fragilen Friedensprozess in Israel und die pal\u00e4stinensischen Gebiete&#8221; gesprochen habe.<\/p>\n<p>In dem Bericht hie\u00df es weiter, Merz habe mehr humanit\u00e4re Hilfe f\u00fcr den Gazastreifen sowie die Niederlegung der Waffen durch die Hamas-K\u00e4mpfer gefordert. Dabei seien sowohl Jordanien als auch Deutschland weiterhin zu einer Zwei-Staaten-L\u00f6sung verpflichtet. In der gemeinsamen Zukunft d\u00fcrfe es &#8220;keinen Platz f\u00fcr Terrorismus und Antisemitismus geben,&#8221; so Merz.<\/p>\n<p>Am Sonntag trifft der deutsche Bundeskanzler neben dem\u00a0 israelischen Premierminister Benjamin Netanjahu auch\u00a0 Vertreter der Zivilgesellschaft, sowie freigelassene Hamas-Geiseln und Angeh\u00f6rige von get\u00f6teten Geiseln.<\/p>\n<p><strong>Mehr zum Thema<\/strong> &#8211;\u00a0<a rel=\"nofollow noopener\" target=\"_blank\" href=\"https:\/\/dert.online\/der-nahe-osten\/257014-trumps-friedensplan-fuer-gaza-stoesst\/\">Trumps Friedensplan f\u00fcr den Gazastreifen st\u00f6\u00dft bei regionalen Staaten auf Zustimmung <\/a><\/p>\n<div class=\"EmbedBlock-root EmbedBlock-externalVideo EmbedBlock-rumble\">\n<div class=\"VkEmbed\"><iframe class=\"lazyload\" data-src=\"https:\/\/rumble.com\/embed\/v70hsqu\" frameborder=\"0\" width=\"853\" height=\"480\" allowfullscreen><\/iframe><\/div>\n<\/div>\n<\/div>\n<p><br \/>\n<br \/><a href=\"https:\/\/de.rt.com\/der-nahe-osten\/264103-friedrich-merz-in-israel-wirbt\/\">Source link <\/a><\/p>\n","protected":false},"excerpt":{"rendered":"<p>Vor seiner Israel-Reise hat Friedrich Merz mit Mahmud Abbas telefoniert und den jordanischen K\u00f6nig Abdullah II. besucht. Bei beiden sprach er sich f\u00fcr die Zwei-Staaten-L\u00f6sung aus. Gegen\u00fcber Jitzchak Herzog best\u00e4tigte er Deutschlands fortw\u00e4hrende Verpflichtung gegen\u00fcber dem j\u00fcdischen Staat. Im Rahmen seiner dreit\u00e4gigen Staatsbesuche im Nahen Osten ist Bundeskanzler Friedrich Merz am Samstagabend in Israel eingetroffen. [&hellip;]<\/p>\n","protected":false},"author":3,"featured_media":95323,"comment_status":"open","ping_status":"open","sticky":false,"template":"","format":"standard","meta":{"_yoast_indexnow_last_ping":["1765115697"],"wp_automatic_camp":["217"],"953a43976f20f646f48f9c8ddc7c5fdb":["Friedrich Merz in Israel: Wirbt zuvor f\u00fcr Friedensplan bei Mahmoud Abbas"],"original_link":["https:\/\/de.rt.com\/der-nahe-osten\/264103-friedrich-merz-in-israel-wirbt\/"],"_thumbnail_id":["95323"],"jnews_social_counter_last_update":["1777177191"],"_wptgpro_p2tg_sent2tg":["a:1:{i:23737;s:19:\"2025-12-07 15:55:55\";}"]},"categories":[19,23],"tags":[7488,363,24828,18727,221,432,69703,18728,19126,19568],"yoast_head":"<!-- This site is optimized with the Yoast SEO Premium plugin v22.7 (Yoast SEO v22.7) - https:\/\/yoast.com\/wordpress\/plugins\/seo\/ -->\n<title>Friedrich Merz in Israel: Wirbt zuvor f\u00fcr Friedensplan bei Mahmoud Abbas - just-now.NEWS Deutschland<\/title>\n<meta name=\"robots\" content=\"index, follow, max-snippet:-1, max-image-preview:large, max-video-preview:-1\" \/>\n<link rel=\"canonical\" href=\"https:\/\/now-news.de\/de\/deutschland\/friedrich-merz-in-israel-wirbt-zuvor-fuer-friedensplan-bei-mahmoud-abbas\/\" \/>\n<meta property=\"og:locale\" content=\"de_DE\" \/>\n<meta property=\"og:type\" content=\"article\" \/>\n<meta property=\"og:title\" content=\"Friedrich Merz in Israel: Wirbt zuvor f\u00fcr Friedensplan bei Mahmoud Abbas\" \/>\n<meta property=\"og:description\" content=\"Vor seiner Israel-Reise hat Friedrich Merz mit Mahmud Abbas telefoniert und den jordanischen K\u00f6nig Abdullah II. besucht. Bei beiden sprach er sich f\u00fcr die Zwei-Staaten-L\u00f6sung aus. Gegen\u00fcber Jitzchak Herzog best\u00e4tigte er Deutschlands fortw\u00e4hrende Verpflichtung gegen\u00fcber dem j\u00fcdischen Staat. Im Rahmen seiner dreit\u00e4gigen Staatsbesuche im Nahen Osten ist Bundeskanzler Friedrich Merz am Samstagabend in Israel eingetroffen. [&hellip;]\" \/>\n<meta property=\"og:url\" content=\"https:\/\/now-news.de\/de\/deutschland\/friedrich-merz-in-israel-wirbt-zuvor-fuer-friedensplan-bei-mahmoud-abbas\/\" \/>\n<meta property=\"og:site_name\" content=\"just-now.NEWS Deutschland\" \/>\n<meta property=\"article:publisher\" content=\"https:\/\/www.facebook.com\/wirmachenauf\" \/>\n<meta property=\"article:published_time\" content=\"2025-12-07T13:47:35+00:00\" \/>\n<meta property=\"og:image\" content=\"https:\/\/now-news.de\/de\/wp-content\/uploads\/sites\/3\/2025\/12\/69357efc48fbef64e558a829.jpg\" \/>\n<meta name=\"author\" content=\"rtnews\" \/>\n<meta name=\"twitter:card\" content=\"summary_large_image\" \/>\n<meta name=\"twitter:creator\" content=\"@WirMachenAuf_de\" \/>\n<meta name=\"twitter:site\" content=\"@WirMachenAuf_de\" \/>\n<meta name=\"twitter:label1\" content=\"Verfasst von\" \/>\n\t<meta name=\"twitter:data1\" content=\"rtnews\" \/>\n\t<meta name=\"twitter:label2\" content=\"Gesch\u00e4tzte Lesezeit\" \/>\n\t<meta name=\"twitter:data2\" content=\"3\u00a0Minuten\" \/>\n<script type=\"application\/ld+json\" class=\"yoast-schema-graph\">{\"@context\":\"https:\/\/schema.org\",\"@graph\":[{\"@type\":\"Article\",\"@id\":\"https:\/\/now-news.de\/de\/deutschland\/friedrich-merz-in-israel-wirbt-zuvor-fuer-friedensplan-bei-mahmoud-abbas\/#article\",\"isPartOf\":{\"@id\":\"https:\/\/now-news.de\/de\/deutschland\/friedrich-merz-in-israel-wirbt-zuvor-fuer-friedensplan-bei-mahmoud-abbas\/\"},\"author\":{\"name\":\"rtnews\",\"@id\":\"https:\/\/now-news.de\/de\/#\/schema\/person\/fb534a4e865501d8b3285208df34a9b5\"},\"headline\":\"Friedrich Merz in Israel: Wirbt zuvor f\u00fcr Friedensplan bei Mahmoud Abbas\",\"datePublished\":\"2025-12-07T13:47:35+00:00\",\"dateModified\":\"2025-12-07T13:47:35+00:00\",\"mainEntityOfPage\":{\"@id\":\"https:\/\/now-news.de\/de\/deutschland\/friedrich-merz-in-israel-wirbt-zuvor-fuer-friedensplan-bei-mahmoud-abbas\/\"},\"wordCount\":660,\"commentCount\":0,\"publisher\":{\"@id\":\"https:\/\/now-news.de\/de\/#organization\"},\"image\":{\"@id\":\"https:\/\/now-news.de\/de\/deutschland\/friedrich-merz-in-israel-wirbt-zuvor-fuer-friedensplan-bei-mahmoud-abbas\/#primaryimage\"},\"thumbnailUrl\":\"https:\/\/now-news.de\/de\/wp-content\/uploads\/sites\/3\/2025\/12\/Friedrich-Merz-in-Israel-Wirbt-zuvor-fuer-Friedensplan-bei-Mahmoud.jpg\",\"keywords\":[\"Abbas\",\"bei\",\"Friedensplan\",\"Friedrich\",\"f\u00fcr\",\"Israel\",\"Mahmoud\",\"Merz\",\"wirbt\",\"zuvor\"],\"articleSection\":[\"Deutschland\",\"Russland\"],\"inLanguage\":\"de\",\"potentialAction\":[{\"@type\":\"CommentAction\",\"name\":\"Comment\",\"target\":[\"https:\/\/now-news.de\/de\/deutschland\/friedrich-merz-in-israel-wirbt-zuvor-fuer-friedensplan-bei-mahmoud-abbas\/#respond\"]}]},{\"@type\":\"WebPage\",\"@id\":\"https:\/\/now-news.de\/de\/deutschland\/friedrich-merz-in-israel-wirbt-zuvor-fuer-friedensplan-bei-mahmoud-abbas\/\",\"url\":\"https:\/\/now-news.de\/de\/deutschland\/friedrich-merz-in-israel-wirbt-zuvor-fuer-friedensplan-bei-mahmoud-abbas\/\",\"name\":\"Friedrich Merz in Israel: Wirbt zuvor f\u00fcr Friedensplan bei Mahmoud Abbas - just-now.NEWS Deutschland\",\"isPartOf\":{\"@id\":\"https:\/\/now-news.de\/de\/#website\"},\"primaryImageOfPage\":{\"@id\":\"https:\/\/now-news.de\/de\/deutschland\/friedrich-merz-in-israel-wirbt-zuvor-fuer-friedensplan-bei-mahmoud-abbas\/#primaryimage\"},\"image\":{\"@id\":\"https:\/\/now-news.de\/de\/deutschland\/friedrich-merz-in-israel-wirbt-zuvor-fuer-friedensplan-bei-mahmoud-abbas\/#primaryimage\"},\"thumbnailUrl\":\"https:\/\/now-news.de\/de\/wp-content\/uploads\/sites\/3\/2025\/12\/Friedrich-Merz-in-Israel-Wirbt-zuvor-fuer-Friedensplan-bei-Mahmoud.jpg\",\"datePublished\":\"2025-12-07T13:47:35+00:00\",\"dateModified\":\"2025-12-07T13:47:35+00:00\",\"breadcrumb\":{\"@id\":\"https:\/\/now-news.de\/de\/deutschland\/friedrich-merz-in-israel-wirbt-zuvor-fuer-friedensplan-bei-mahmoud-abbas\/#breadcrumb\"},\"inLanguage\":\"de\",\"potentialAction\":[{\"@type\":\"ReadAction\",\"target\":[\"https:\/\/now-news.de\/de\/deutschland\/friedrich-merz-in-israel-wirbt-zuvor-fuer-friedensplan-bei-mahmoud-abbas\/\"]}]},{\"@type\":\"ImageObject\",\"inLanguage\":\"de\",\"@id\":\"https:\/\/now-news.de\/de\/deutschland\/friedrich-merz-in-israel-wirbt-zuvor-fuer-friedensplan-bei-mahmoud-abbas\/#primaryimage\",\"url\":\"https:\/\/now-news.de\/de\/wp-content\/uploads\/sites\/3\/2025\/12\/Friedrich-Merz-in-Israel-Wirbt-zuvor-fuer-Friedensplan-bei-Mahmoud.jpg\",\"contentUrl\":\"https:\/\/now-news.de\/de\/wp-content\/uploads\/sites\/3\/2025\/12\/Friedrich-Merz-in-Israel-Wirbt-zuvor-fuer-Friedensplan-bei-Mahmoud.jpg\",\"width\":460,\"height\":259,\"caption\":\"Friedrich Merz in Israel: Wirbt zuvor f\u00fcr Friedensplan bei Mahmoud Abbas\"},{\"@type\":\"BreadcrumbList\",\"@id\":\"https:\/\/now-news.de\/de\/deutschland\/friedrich-merz-in-israel-wirbt-zuvor-fuer-friedensplan-bei-mahmoud-abbas\/#breadcrumb\",\"itemListElement\":[{\"@type\":\"ListItem\",\"position\":1,\"name\":\"Home\",\"item\":\"https:\/\/now-news.de\/de\/\"},{\"@type\":\"ListItem\",\"position\":2,\"name\":\"Friedrich Merz in Israel: Wirbt zuvor f\u00fcr Friedensplan bei Mahmoud Abbas\"}]},{\"@type\":\"WebSite\",\"@id\":\"https:\/\/now-news.de\/de\/#website\",\"url\":\"https:\/\/now-news.de\/de\/\",\"name\":\"just-now.NEWS Deutschland\",\"description\":\"Das Portal f\u00fcr unzensierte Nachrichten aus der Welt\",\"publisher\":{\"@id\":\"https:\/\/now-news.de\/de\/#organization\"},\"potentialAction\":[{\"@type\":\"SearchAction\",\"target\":{\"@type\":\"EntryPoint\",\"urlTemplate\":\"https:\/\/now-news.de\/de\/?s={search_term_string}\"},\"query-input\":\"required name=search_term_string\"}],\"inLanguage\":\"de\"},{\"@type\":\"Organization\",\"@id\":\"https:\/\/now-news.de\/de\/#organization\",\"name\":\"Just Now News\",\"url\":\"https:\/\/now-news.de\/de\/\",\"logo\":{\"@type\":\"ImageObject\",\"inLanguage\":\"de\",\"@id\":\"https:\/\/now-news.de\/de\/#\/schema\/logo\/image\/\",\"url\":\"http:\/\/just-now.news\/de\/wp-content\/uploads\/sites\/3\/2022\/04\/logo500x500.jpg\",\"contentUrl\":\"http:\/\/just-now.news\/de\/wp-content\/uploads\/sites\/3\/2022\/04\/logo500x500.jpg\",\"width\":500,\"height\":500,\"caption\":\"Just Now News\"},\"image\":{\"@id\":\"https:\/\/now-news.de\/de\/#\/schema\/logo\/image\/\"},\"sameAs\":[\"https:\/\/www.facebook.com\/wirmachenauf\",\"https:\/\/x.com\/WirMachenAuf_de\"]},{\"@type\":\"Person\",\"@id\":\"https:\/\/now-news.de\/de\/#\/schema\/person\/fb534a4e865501d8b3285208df34a9b5\",\"name\":\"rtnews\",\"image\":{\"@type\":\"ImageObject\",\"inLanguage\":\"de\",\"@id\":\"https:\/\/now-news.de\/de\/#\/schema\/person\/image\/\",\"url\":\"https:\/\/secure.gravatar.com\/avatar\/82aafea7d8127119dd649515f56e2117?s=96&d=mm&r=g\",\"contentUrl\":\"https:\/\/secure.gravatar.com\/avatar\/82aafea7d8127119dd649515f56e2117?s=96&d=mm&r=g\",\"caption\":\"rtnews\"},\"url\":\"https:\/\/now-news.de\/de\/author\/rnews\/\"}]}<\/script>\n<!-- \/ Yoast SEO Premium plugin. -->","yoast_head_json":{"title":"Friedrich Merz in Israel: Wirbt zuvor f\u00fcr Friedensplan bei Mahmoud Abbas - just-now.NEWS Deutschland","robots":{"index":"index","follow":"follow","max-snippet":"max-snippet:-1","max-image-preview":"max-image-preview:large","max-video-preview":"max-video-preview:-1"},"canonical":"https:\/\/now-news.de\/de\/deutschland\/friedrich-merz-in-israel-wirbt-zuvor-fuer-friedensplan-bei-mahmoud-abbas\/","og_locale":"de_DE","og_type":"article","og_title":"Friedrich Merz in Israel: Wirbt zuvor f\u00fcr Friedensplan bei Mahmoud Abbas","og_description":"Vor seiner Israel-Reise hat Friedrich Merz mit Mahmud Abbas telefoniert und den jordanischen K\u00f6nig Abdullah II. besucht. Bei beiden sprach er sich f\u00fcr die Zwei-Staaten-L\u00f6sung aus. Gegen\u00fcber Jitzchak Herzog best\u00e4tigte er Deutschlands fortw\u00e4hrende Verpflichtung gegen\u00fcber dem j\u00fcdischen Staat. Im Rahmen seiner dreit\u00e4gigen Staatsbesuche im Nahen Osten ist Bundeskanzler Friedrich Merz am Samstagabend in Israel eingetroffen. [&hellip;]","og_url":"https:\/\/now-news.de\/de\/deutschland\/friedrich-merz-in-israel-wirbt-zuvor-fuer-friedensplan-bei-mahmoud-abbas\/","og_site_name":"just-now.NEWS Deutschland","article_publisher":"https:\/\/www.facebook.com\/wirmachenauf","article_published_time":"2025-12-07T13:47:35+00:00","og_image":[{"url":"https:\/\/now-news.de\/de\/wp-content\/uploads\/sites\/3\/2025\/12\/69357efc48fbef64e558a829.jpg"}],"author":"rtnews","twitter_card":"summary_large_image","twitter_creator":"@WirMachenAuf_de","twitter_site":"@WirMachenAuf_de","twitter_misc":{"Verfasst von":"rtnews","Gesch\u00e4tzte Lesezeit":"3\u00a0Minuten"},"schema":{"@context":"https:\/\/schema.org","@graph":[{"@type":"Article","@id":"https:\/\/now-news.de\/de\/deutschland\/friedrich-merz-in-israel-wirbt-zuvor-fuer-friedensplan-bei-mahmoud-abbas\/#article","isPartOf":{"@id":"https:\/\/now-news.de\/de\/deutschland\/friedrich-merz-in-israel-wirbt-zuvor-fuer-friedensplan-bei-mahmoud-abbas\/"},"author":{"name":"rtnews","@id":"https:\/\/now-news.de\/de\/#\/schema\/person\/fb534a4e865501d8b3285208df34a9b5"},"headline":"Friedrich Merz in Israel: Wirbt zuvor f\u00fcr Friedensplan bei Mahmoud Abbas","datePublished":"2025-12-07T13:47:35+00:00","dateModified":"2025-12-07T13:47:35+00:00","mainEntityOfPage":{"@id":"https:\/\/now-news.de\/de\/deutschland\/friedrich-merz-in-israel-wirbt-zuvor-fuer-friedensplan-bei-mahmoud-abbas\/"},"wordCount":660,"commentCount":0,"publisher":{"@id":"https:\/\/now-news.de\/de\/#organization"},"image":{"@id":"https:\/\/now-news.de\/de\/deutschland\/friedrich-merz-in-israel-wirbt-zuvor-fuer-friedensplan-bei-mahmoud-abbas\/#primaryimage"},"thumbnailUrl":"https:\/\/now-news.de\/de\/wp-content\/uploads\/sites\/3\/2025\/12\/Friedrich-Merz-in-Israel-Wirbt-zuvor-fuer-Friedensplan-bei-Mahmoud.jpg","keywords":["Abbas","bei","Friedensplan","Friedrich","f\u00fcr","Israel","Mahmoud","Merz","wirbt","zuvor"],"articleSection":["Deutschland","Russland"],"inLanguage":"de","potentialAction":[{"@type":"CommentAction","name":"Comment","target":["https:\/\/now-news.de\/de\/deutschland\/friedrich-merz-in-israel-wirbt-zuvor-fuer-friedensplan-bei-mahmoud-abbas\/#respond"]}]},{"@type":"WebPage","@id":"https:\/\/now-news.de\/de\/deutschland\/friedrich-merz-in-israel-wirbt-zuvor-fuer-friedensplan-bei-mahmoud-abbas\/","url":"https:\/\/now-news.de\/de\/deutschland\/friedrich-merz-in-israel-wirbt-zuvor-fuer-friedensplan-bei-mahmoud-abbas\/","name":"Friedrich Merz in Israel: Wirbt zuvor f\u00fcr Friedensplan bei Mahmoud Abbas - just-now.NEWS Deutschland","isPartOf":{"@id":"https:\/\/now-news.de\/de\/#website"},"primaryImageOfPage":{"@id":"https:\/\/now-news.de\/de\/deutschland\/friedrich-merz-in-israel-wirbt-zuvor-fuer-friedensplan-bei-mahmoud-abbas\/#primaryimage"},"image":{"@id":"https:\/\/now-news.de\/de\/deutschland\/friedrich-merz-in-israel-wirbt-zuvor-fuer-friedensplan-bei-mahmoud-abbas\/#primaryimage"},"thumbnailUrl":"https:\/\/now-news.de\/de\/wp-content\/uploads\/sites\/3\/2025\/12\/Friedrich-Merz-in-Israel-Wirbt-zuvor-fuer-Friedensplan-bei-Mahmoud.jpg","datePublished":"2025-12-07T13:47:35+00:00","dateModified":"2025-12-07T13:47:35+00:00","breadcrumb":{"@id":"https:\/\/now-news.de\/de\/deutschland\/friedrich-merz-in-israel-wirbt-zuvor-fuer-friedensplan-bei-mahmoud-abbas\/#breadcrumb"},"inLanguage":"de","potentialAction":[{"@type":"ReadAction","target":["https:\/\/now-news.de\/de\/deutschland\/friedrich-merz-in-israel-wirbt-zuvor-fuer-friedensplan-bei-mahmoud-abbas\/"]}]},{"@type":"ImageObject","inLanguage":"de","@id":"https:\/\/now-news.de\/de\/deutschland\/friedrich-merz-in-israel-wirbt-zuvor-fuer-friedensplan-bei-mahmoud-abbas\/#primaryimage","url":"https:\/\/now-news.de\/de\/wp-content\/uploads\/sites\/3\/2025\/12\/Friedrich-Merz-in-Israel-Wirbt-zuvor-fuer-Friedensplan-bei-Mahmoud.jpg","contentUrl":"https:\/\/now-news.de\/de\/wp-content\/uploads\/sites\/3\/2025\/12\/Friedrich-Merz-in-Israel-Wirbt-zuvor-fuer-Friedensplan-bei-Mahmoud.jpg","width":460,"height":259,"caption":"Friedrich Merz in Israel: Wirbt zuvor f\u00fcr Friedensplan bei Mahmoud Abbas"},{"@type":"BreadcrumbList","@id":"https:\/\/now-news.de\/de\/deutschland\/friedrich-merz-in-israel-wirbt-zuvor-fuer-friedensplan-bei-mahmoud-abbas\/#breadcrumb","itemListElement":[{"@type":"ListItem","position":1,"name":"Home","item":"https:\/\/now-news.de\/de\/"},{"@type":"ListItem","position":2,"name":"Friedrich Merz in Israel: Wirbt zuvor f\u00fcr Friedensplan bei Mahmoud Abbas"}]},{"@type":"WebSite","@id":"https:\/\/now-news.de\/de\/#website","url":"https:\/\/now-news.de\/de\/","name":"just-now.NEWS Deutschland","description":"Das Portal f\u00fcr unzensierte Nachrichten aus der Welt","publisher":{"@id":"https:\/\/now-news.de\/de\/#organization"},"potentialAction":[{"@type":"SearchAction","target":{"@type":"EntryPoint","urlTemplate":"https:\/\/now-news.de\/de\/?s={search_term_string}"},"query-input":"required name=search_term_string"}],"inLanguage":"de"},{"@type":"Organization","@id":"https:\/\/now-news.de\/de\/#organization","name":"Just Now News","url":"https:\/\/now-news.de\/de\/","logo":{"@type":"ImageObject","inLanguage":"de","@id":"https:\/\/now-news.de\/de\/#\/schema\/logo\/image\/","url":"http:\/\/just-now.news\/de\/wp-content\/uploads\/sites\/3\/2022\/04\/logo500x500.jpg","contentUrl":"http:\/\/just-now.news\/de\/wp-content\/uploads\/sites\/3\/2022\/04\/logo500x500.jpg","width":500,"height":500,"caption":"Just Now News"},"image":{"@id":"https:\/\/now-news.de\/de\/#\/schema\/logo\/image\/"},"sameAs":["https:\/\/www.facebook.com\/wirmachenauf","https:\/\/x.com\/WirMachenAuf_de"]},{"@type":"Person","@id":"https:\/\/now-news.de\/de\/#\/schema\/person\/fb534a4e865501d8b3285208df34a9b5","name":"rtnews","image":{"@type":"ImageObject","inLanguage":"de","@id":"https:\/\/now-news.de\/de\/#\/schema\/person\/image\/","url":"https:\/\/secure.gravatar.com\/avatar\/82aafea7d8127119dd649515f56e2117?s=96&d=mm&r=g","contentUrl":"https:\/\/secure.gravatar.com\/avatar\/82aafea7d8127119dd649515f56e2117?s=96&d=mm&r=g","caption":"rtnews"},"url":"https:\/\/now-news.de\/de\/author\/rnews\/"}]}},"_links":{"self":[{"href":"https:\/\/now-news.de\/de\/wp-json\/wp\/v2\/posts\/95322"}],"collection":[{"href":"https:\/\/now-news.de\/de\/wp-json\/wp\/v2\/posts"}],"about":[{"href":"https:\/\/now-news.de\/de\/wp-json\/wp\/v2\/types\/post"}],"author":[{"embeddable":true,"href":"https:\/\/now-news.de\/de\/wp-json\/wp\/v2\/users\/3"}],"replies":[{"embeddable":true,"href":"https:\/\/now-news.de\/de\/wp-json\/wp\/v2\/comments?post=95322"}],"version-history":[{"count":0,"href":"https:\/\/now-news.de\/de\/wp-json\/wp\/v2\/posts\/95322\/revisions"}],"wp:featuredmedia":[{"embeddable":true,"href":"https:\/\/now-news.de\/de\/wp-json\/wp\/v2\/media\/95323"}],"wp:attachment":[{"href":"https:\/\/now-news.de\/de\/wp-json\/wp\/v2\/media?parent=95322"}],"wp:term":[{"taxonomy":"category","embeddable":true,"href":"https:\/\/now-news.de\/de\/wp-json\/wp\/v2\/categories?post=95322"},{"taxonomy":"post_tag","embeddable":true,"href":"https:\/\/now-news.de\/de\/wp-json\/wp\/v2\/tags?post=95322"}],"curies":[{"name":"wp","href":"https:\/\/api.w.org\/{rel}","templated":true}]}}