{"id":95318,"date":"2025-12-07T13:34:42","date_gmt":"2025-12-07T11:34:42","guid":{"rendered":"https:\/\/now-news.de\/de\/deutschland\/benin-militaer-versucht-staatsstreich\/"},"modified":"2025-12-07T13:34:42","modified_gmt":"2025-12-07T11:34:42","slug":"benin-militaer-versucht-staatsstreich","status":"publish","type":"post","link":"https:\/\/now-news.de\/de\/deutschland\/benin-militaer-versucht-staatsstreich\/","title":{"rendered":"Benin: Milit\u00e4r versucht Staatsstreich\u00a0"},"content":{"rendered":"<p><img decoding=\"async\" src=\"https:\/\/now-news.de\/de\/wp-content\/uploads\/sites\/3\/2025\/12\/69355d5348fbef1ab442854b.jpg\" \/><\/p>\n<div class=\"Text-root Text-type_1 \">\n                In Cotonou im westafrikanischen Staat Benin sind am fr\u00fchen Sonntagmorgen (Ortszeit) Sch\u00fcsse gefallen. Die Zeitschrift &#8220;Jeune Afrique&#8221; berichtet \u00fcber einen Putschversuch. Der Angriff auf die Pr\u00e4sidentenresidenz sei zwar abgewehrt worden. Die Lage sei aber weiterhin un\u00fcbersichtlich.\n            <\/div>\n<p><\/p>\n<div class=\"Text-root Text-type_5 ArticleView-text ViewText-root \">\n<p>Soldaten unter F\u00fchrung von Oberstleutnant Pascal Tigri, dem Chef der Spezialeinheit, sollen die Residenz des beninischen Pr\u00e4sidenten Patrice Talon in Cotonou angegriffen haben. Fr\u00fch am Sonntagmorgen (Ortszeit) seien Sch\u00fcsse gefallen. Dar\u00fcber <a rel=\"nofollow noopener\" target=\"_blank\" href=\"https:\/\/www.jeuneafrique.com\/1747191\/politique\/tentative-de-coup-detat-en-cours-a-cotonou\/\">berichtet<\/a> die Zeitschrift <em>Jeune Afrique<\/em>.<\/p>\n<p>Die Milit\u00e4rgruppe, die sich als Milit\u00e4rkomitee f\u00fcr die Neugr\u00fcndung (Military Committee for Refoundation) ausgab, behauptete, in Benin die Macht \u00fcbernommen zu haben.<\/p>\n<p>Die Lage in Cotonou bleibe weiterhin un\u00fcbersichtlich, hei\u00dft es im Bericht. Laut einer dem Pr\u00e4sidenten nahestehenden Quelle sei der Angriff auf die Residenz abgewehrt worden, und Talon selbst sei in Sicherheit.<\/p>\n<p>Romuald Wadagni, Benins Finanzminister, erkl\u00e4rte gegen\u00fcber <em>Jeune Afrique<\/em>, dass die Lage unter Kontrolle sei. &#8220;Die Rebellen haben sich verschanzt&#8221;, wird der Minister zitiert. &#8220;Wir r\u00e4umen das Gebiet, aber es ist noch nicht vorbei. Wir sind in Sicherheit.&#8221;<\/p>\n<p>Die Soldaten brachten am Sonntagmorgen kurzzeitig das Hauptquartier des nationalen Fernsehsenders <em>ORTB<\/em> unter ihre Kontrolle und verk\u00fcndeten ihre Botschaft, berichtet die Zeitschrift weiter.<\/p>\n<p>Bevor die Fernseh\u00fcbertragung unterbrochen werden konnte, h\u00e4tten die Milit\u00e4rs die Verfassung sowie alle Institutionen und politischen Parteien f\u00fcr ung\u00fcltig erkl\u00e4rt. Au\u00dferdem behaupteten die Milit\u00e4rs, Benins Grenzen zu schlie\u00dfen.<\/p>\n<p>Patrice Talon ist seit dem Jahr 2016 an der Macht. Die n\u00e4chsten Pr\u00e4sidentschaftswahlen sind f\u00fcr April angesetzt. Laut <em>Jeune Afrique<\/em> will Talon nicht zur Wiederwahl antreten. Er habe den Finanzminister Romuald Wadagni als seinen Nachfolger bestimmt.<\/p>\n<p><strong>Mehr zum Thema<\/strong>\u00a0\u2012 <a rel=\"nofollow noopener\" target=\"_blank\" href=\"https:\/\/freedert.online\/meinung\/263521-schwierige-entstehung-darwinistischen-multipolaritaet\/\">Die schwierige Entstehung der darwinistischen Multipolarit\u00e4t<\/a><\/p>\n<div class=\"EmbedBlock-root EmbedBlock-externalVideo EmbedBlock-rumble\">\n<div class=\"VkEmbed\"><iframe class=\"lazyload\" data-src=\"https:\/\/rumble.com\/embed\/v70ity4\" frameborder=\"0\" width=\"853\" height=\"480\" allowfullscreen><\/iframe><\/div>\n<\/div>\n<\/div>\n<p><br \/>\n<br \/><a href=\"https:\/\/de.rt.com\/international\/264090-benin-militaer-versucht-staatsstreich\/\">Source link <\/a><\/p>\n","protected":false},"excerpt":{"rendered":"<p>In Cotonou im westafrikanischen Staat Benin sind am fr\u00fchen Sonntagmorgen (Ortszeit) Sch\u00fcsse gefallen. Die Zeitschrift &#8220;Jeune Afrique&#8221; berichtet \u00fcber einen Putschversuch. Der Angriff auf die Pr\u00e4sidentenresidenz sei zwar abgewehrt worden. Die Lage sei aber weiterhin un\u00fcbersichtlich. Soldaten unter F\u00fchrung von Oberstleutnant Pascal Tigri, dem Chef der Spezialeinheit, sollen die Residenz des beninischen Pr\u00e4sidenten Patrice Talon [&hellip;]<\/p>\n","protected":false},"author":3,"featured_media":95319,"comment_status":"open","ping_status":"open","sticky":false,"template":"","format":"standard","meta":{"_yoast_indexnow_last_ping":["1765108024"],"wp_automatic_camp":["217"],"bf2f7b74b8d20b4a90fd656455bc2589":["Benin: Milit\u00e4r versucht Staatsstreich\u00a0"],"original_link":["https:\/\/de.rt.com\/international\/264090-benin-militaer-versucht-staatsstreich\/"],"jnews_social_counter_last_update":["1777437055"],"_wptgpro_p2tg_sent2tg":["a:1:{i:23737;s:19:\"2025-12-07 13:47:57\";}"],"_thumbnail_id":["95319"]},"categories":[19,23],"tags":[44254,4029,26384,47],"yoast_head":"<!-- This site is optimized with the Yoast SEO Premium plugin v22.7 (Yoast SEO v22.7) - https:\/\/yoast.com\/wordpress\/plugins\/seo\/ -->\n<title>Benin: Milit\u00e4r versucht Staatsstreich\u00a0 - just-now.NEWS Deutschland<\/title>\n<meta name=\"robots\" content=\"index, follow, max-snippet:-1, max-image-preview:large, max-video-preview:-1\" \/>\n<link rel=\"canonical\" href=\"https:\/\/now-news.de\/de\/deutschland\/benin-militaer-versucht-staatsstreich\/\" \/>\n<meta property=\"og:locale\" content=\"de_DE\" \/>\n<meta property=\"og:type\" content=\"article\" \/>\n<meta property=\"og:title\" content=\"Benin: Milit\u00e4r versucht Staatsstreich\u00a0\" \/>\n<meta property=\"og:description\" content=\"In Cotonou im westafrikanischen Staat Benin sind am fr\u00fchen Sonntagmorgen (Ortszeit) Sch\u00fcsse gefallen. Die Zeitschrift &#8220;Jeune Afrique&#8221; berichtet \u00fcber einen Putschversuch. Der Angriff auf die Pr\u00e4sidentenresidenz sei zwar abgewehrt worden. Die Lage sei aber weiterhin un\u00fcbersichtlich. Soldaten unter F\u00fchrung von Oberstleutnant Pascal Tigri, dem Chef der Spezialeinheit, sollen die Residenz des beninischen Pr\u00e4sidenten Patrice Talon [&hellip;]\" \/>\n<meta property=\"og:url\" content=\"https:\/\/now-news.de\/de\/deutschland\/benin-militaer-versucht-staatsstreich\/\" \/>\n<meta property=\"og:site_name\" content=\"just-now.NEWS Deutschland\" \/>\n<meta property=\"article:publisher\" content=\"https:\/\/www.facebook.com\/wirmachenauf\" \/>\n<meta property=\"article:published_time\" content=\"2025-12-07T11:34:42+00:00\" \/>\n<meta property=\"og:image\" content=\"https:\/\/now-news.de\/de\/wp-content\/uploads\/sites\/3\/2025\/12\/69355d5348fbef1ab442854b.jpg\" \/>\n<meta name=\"author\" content=\"rtnews\" \/>\n<meta name=\"twitter:card\" content=\"summary_large_image\" \/>\n<meta name=\"twitter:creator\" content=\"@WirMachenAuf_de\" \/>\n<meta name=\"twitter:site\" content=\"@WirMachenAuf_de\" \/>\n<meta name=\"twitter:label1\" content=\"Verfasst von\" \/>\n\t<meta name=\"twitter:data1\" content=\"rtnews\" \/>\n\t<meta name=\"twitter:label2\" content=\"Gesch\u00e4tzte Lesezeit\" \/>\n\t<meta name=\"twitter:data2\" content=\"1\u00a0Minute\" \/>\n<script type=\"application\/ld+json\" class=\"yoast-schema-graph\">{\"@context\":\"https:\/\/schema.org\",\"@graph\":[{\"@type\":\"Article\",\"@id\":\"https:\/\/now-news.de\/de\/deutschland\/benin-militaer-versucht-staatsstreich\/#article\",\"isPartOf\":{\"@id\":\"https:\/\/now-news.de\/de\/deutschland\/benin-militaer-versucht-staatsstreich\/\"},\"author\":{\"name\":\"rtnews\",\"@id\":\"https:\/\/now-news.de\/de\/#\/schema\/person\/fb534a4e865501d8b3285208df34a9b5\"},\"headline\":\"Benin: Milit\u00e4r versucht Staatsstreich\u00a0\",\"datePublished\":\"2025-12-07T11:34:42+00:00\",\"dateModified\":\"2025-12-07T11:34:42+00:00\",\"mainEntityOfPage\":{\"@id\":\"https:\/\/now-news.de\/de\/deutschland\/benin-militaer-versucht-staatsstreich\/\"},\"wordCount\":298,\"commentCount\":0,\"publisher\":{\"@id\":\"https:\/\/now-news.de\/de\/#organization\"},\"image\":{\"@id\":\"https:\/\/now-news.de\/de\/deutschland\/benin-militaer-versucht-staatsstreich\/#primaryimage\"},\"thumbnailUrl\":\"https:\/\/now-news.de\/de\/wp-content\/uploads\/sites\/3\/2025\/12\/Benin-Militaer-versucht-Staatsstreich.jpg\",\"keywords\":[\"Benin\",\"Milit\u00e4r\",\"Staatsstreich\",\"versucht\"],\"articleSection\":[\"Deutschland\",\"Russland\"],\"inLanguage\":\"de\",\"potentialAction\":[{\"@type\":\"CommentAction\",\"name\":\"Comment\",\"target\":[\"https:\/\/now-news.de\/de\/deutschland\/benin-militaer-versucht-staatsstreich\/#respond\"]}]},{\"@type\":\"WebPage\",\"@id\":\"https:\/\/now-news.de\/de\/deutschland\/benin-militaer-versucht-staatsstreich\/\",\"url\":\"https:\/\/now-news.de\/de\/deutschland\/benin-militaer-versucht-staatsstreich\/\",\"name\":\"Benin: Milit\u00e4r versucht Staatsstreich\u00a0 - just-now.NEWS Deutschland\",\"isPartOf\":{\"@id\":\"https:\/\/now-news.de\/de\/#website\"},\"primaryImageOfPage\":{\"@id\":\"https:\/\/now-news.de\/de\/deutschland\/benin-militaer-versucht-staatsstreich\/#primaryimage\"},\"image\":{\"@id\":\"https:\/\/now-news.de\/de\/deutschland\/benin-militaer-versucht-staatsstreich\/#primaryimage\"},\"thumbnailUrl\":\"https:\/\/now-news.de\/de\/wp-content\/uploads\/sites\/3\/2025\/12\/Benin-Militaer-versucht-Staatsstreich.jpg\",\"datePublished\":\"2025-12-07T11:34:42+00:00\",\"dateModified\":\"2025-12-07T11:34:42+00:00\",\"breadcrumb\":{\"@id\":\"https:\/\/now-news.de\/de\/deutschland\/benin-militaer-versucht-staatsstreich\/#breadcrumb\"},\"inLanguage\":\"de\",\"potentialAction\":[{\"@type\":\"ReadAction\",\"target\":[\"https:\/\/now-news.de\/de\/deutschland\/benin-militaer-versucht-staatsstreich\/\"]}]},{\"@type\":\"ImageObject\",\"inLanguage\":\"de\",\"@id\":\"https:\/\/now-news.de\/de\/deutschland\/benin-militaer-versucht-staatsstreich\/#primaryimage\",\"url\":\"https:\/\/now-news.de\/de\/wp-content\/uploads\/sites\/3\/2025\/12\/Benin-Militaer-versucht-Staatsstreich.jpg\",\"contentUrl\":\"https:\/\/now-news.de\/de\/wp-content\/uploads\/sites\/3\/2025\/12\/Benin-Militaer-versucht-Staatsstreich.jpg\",\"width\":460,\"height\":259,\"caption\":\"Benin: Milit\u00e4r versucht Staatsstreich\u00a0\"},{\"@type\":\"BreadcrumbList\",\"@id\":\"https:\/\/now-news.de\/de\/deutschland\/benin-militaer-versucht-staatsstreich\/#breadcrumb\",\"itemListElement\":[{\"@type\":\"ListItem\",\"position\":1,\"name\":\"Home\",\"item\":\"https:\/\/now-news.de\/de\/\"},{\"@type\":\"ListItem\",\"position\":2,\"name\":\"Benin: Milit\u00e4r versucht Staatsstreich\u00a0\"}]},{\"@type\":\"WebSite\",\"@id\":\"https:\/\/now-news.de\/de\/#website\",\"url\":\"https:\/\/now-news.de\/de\/\",\"name\":\"just-now.NEWS Deutschland\",\"description\":\"Das Portal f\u00fcr unzensierte Nachrichten aus der Welt\",\"publisher\":{\"@id\":\"https:\/\/now-news.de\/de\/#organization\"},\"potentialAction\":[{\"@type\":\"SearchAction\",\"target\":{\"@type\":\"EntryPoint\",\"urlTemplate\":\"https:\/\/now-news.de\/de\/?s={search_term_string}\"},\"query-input\":\"required name=search_term_string\"}],\"inLanguage\":\"de\"},{\"@type\":\"Organization\",\"@id\":\"https:\/\/now-news.de\/de\/#organization\",\"name\":\"Just Now News\",\"url\":\"https:\/\/now-news.de\/de\/\",\"logo\":{\"@type\":\"ImageObject\",\"inLanguage\":\"de\",\"@id\":\"https:\/\/now-news.de\/de\/#\/schema\/logo\/image\/\",\"url\":\"http:\/\/just-now.news\/de\/wp-content\/uploads\/sites\/3\/2022\/04\/logo500x500.jpg\",\"contentUrl\":\"http:\/\/just-now.news\/de\/wp-content\/uploads\/sites\/3\/2022\/04\/logo500x500.jpg\",\"width\":500,\"height\":500,\"caption\":\"Just Now News\"},\"image\":{\"@id\":\"https:\/\/now-news.de\/de\/#\/schema\/logo\/image\/\"},\"sameAs\":[\"https:\/\/www.facebook.com\/wirmachenauf\",\"https:\/\/x.com\/WirMachenAuf_de\"]},{\"@type\":\"Person\",\"@id\":\"https:\/\/now-news.de\/de\/#\/schema\/person\/fb534a4e865501d8b3285208df34a9b5\",\"name\":\"rtnews\",\"image\":{\"@type\":\"ImageObject\",\"inLanguage\":\"de\",\"@id\":\"https:\/\/now-news.de\/de\/#\/schema\/person\/image\/\",\"url\":\"https:\/\/secure.gravatar.com\/avatar\/82aafea7d8127119dd649515f56e2117?s=96&d=mm&r=g\",\"contentUrl\":\"https:\/\/secure.gravatar.com\/avatar\/82aafea7d8127119dd649515f56e2117?s=96&d=mm&r=g\",\"caption\":\"rtnews\"},\"url\":\"https:\/\/now-news.de\/de\/author\/rnews\/\"}]}<\/script>\n<!-- \/ Yoast SEO Premium plugin. -->","yoast_head_json":{"title":"Benin: Milit\u00e4r versucht Staatsstreich\u00a0 - just-now.NEWS Deutschland","robots":{"index":"index","follow":"follow","max-snippet":"max-snippet:-1","max-image-preview":"max-image-preview:large","max-video-preview":"max-video-preview:-1"},"canonical":"https:\/\/now-news.de\/de\/deutschland\/benin-militaer-versucht-staatsstreich\/","og_locale":"de_DE","og_type":"article","og_title":"Benin: Milit\u00e4r versucht Staatsstreich\u00a0","og_description":"In Cotonou im westafrikanischen Staat Benin sind am fr\u00fchen Sonntagmorgen (Ortszeit) Sch\u00fcsse gefallen. Die Zeitschrift &#8220;Jeune Afrique&#8221; berichtet \u00fcber einen Putschversuch. Der Angriff auf die Pr\u00e4sidentenresidenz sei zwar abgewehrt worden. Die Lage sei aber weiterhin un\u00fcbersichtlich. Soldaten unter F\u00fchrung von Oberstleutnant Pascal Tigri, dem Chef der Spezialeinheit, sollen die Residenz des beninischen Pr\u00e4sidenten Patrice Talon [&hellip;]","og_url":"https:\/\/now-news.de\/de\/deutschland\/benin-militaer-versucht-staatsstreich\/","og_site_name":"just-now.NEWS Deutschland","article_publisher":"https:\/\/www.facebook.com\/wirmachenauf","article_published_time":"2025-12-07T11:34:42+00:00","og_image":[{"url":"https:\/\/now-news.de\/de\/wp-content\/uploads\/sites\/3\/2025\/12\/69355d5348fbef1ab442854b.jpg"}],"author":"rtnews","twitter_card":"summary_large_image","twitter_creator":"@WirMachenAuf_de","twitter_site":"@WirMachenAuf_de","twitter_misc":{"Verfasst von":"rtnews","Gesch\u00e4tzte Lesezeit":"1\u00a0Minute"},"schema":{"@context":"https:\/\/schema.org","@graph":[{"@type":"Article","@id":"https:\/\/now-news.de\/de\/deutschland\/benin-militaer-versucht-staatsstreich\/#article","isPartOf":{"@id":"https:\/\/now-news.de\/de\/deutschland\/benin-militaer-versucht-staatsstreich\/"},"author":{"name":"rtnews","@id":"https:\/\/now-news.de\/de\/#\/schema\/person\/fb534a4e865501d8b3285208df34a9b5"},"headline":"Benin: Milit\u00e4r versucht Staatsstreich\u00a0","datePublished":"2025-12-07T11:34:42+00:00","dateModified":"2025-12-07T11:34:42+00:00","mainEntityOfPage":{"@id":"https:\/\/now-news.de\/de\/deutschland\/benin-militaer-versucht-staatsstreich\/"},"wordCount":298,"commentCount":0,"publisher":{"@id":"https:\/\/now-news.de\/de\/#organization"},"image":{"@id":"https:\/\/now-news.de\/de\/deutschland\/benin-militaer-versucht-staatsstreich\/#primaryimage"},"thumbnailUrl":"https:\/\/now-news.de\/de\/wp-content\/uploads\/sites\/3\/2025\/12\/Benin-Militaer-versucht-Staatsstreich.jpg","keywords":["Benin","Milit\u00e4r","Staatsstreich","versucht"],"articleSection":["Deutschland","Russland"],"inLanguage":"de","potentialAction":[{"@type":"CommentAction","name":"Comment","target":["https:\/\/now-news.de\/de\/deutschland\/benin-militaer-versucht-staatsstreich\/#respond"]}]},{"@type":"WebPage","@id":"https:\/\/now-news.de\/de\/deutschland\/benin-militaer-versucht-staatsstreich\/","url":"https:\/\/now-news.de\/de\/deutschland\/benin-militaer-versucht-staatsstreich\/","name":"Benin: Milit\u00e4r versucht Staatsstreich\u00a0 - just-now.NEWS Deutschland","isPartOf":{"@id":"https:\/\/now-news.de\/de\/#website"},"primaryImageOfPage":{"@id":"https:\/\/now-news.de\/de\/deutschland\/benin-militaer-versucht-staatsstreich\/#primaryimage"},"image":{"@id":"https:\/\/now-news.de\/de\/deutschland\/benin-militaer-versucht-staatsstreich\/#primaryimage"},"thumbnailUrl":"https:\/\/now-news.de\/de\/wp-content\/uploads\/sites\/3\/2025\/12\/Benin-Militaer-versucht-Staatsstreich.jpg","datePublished":"2025-12-07T11:34:42+00:00","dateModified":"2025-12-07T11:34:42+00:00","breadcrumb":{"@id":"https:\/\/now-news.de\/de\/deutschland\/benin-militaer-versucht-staatsstreich\/#breadcrumb"},"inLanguage":"de","potentialAction":[{"@type":"ReadAction","target":["https:\/\/now-news.de\/de\/deutschland\/benin-militaer-versucht-staatsstreich\/"]}]},{"@type":"ImageObject","inLanguage":"de","@id":"https:\/\/now-news.de\/de\/deutschland\/benin-militaer-versucht-staatsstreich\/#primaryimage","url":"https:\/\/now-news.de\/de\/wp-content\/uploads\/sites\/3\/2025\/12\/Benin-Militaer-versucht-Staatsstreich.jpg","contentUrl":"https:\/\/now-news.de\/de\/wp-content\/uploads\/sites\/3\/2025\/12\/Benin-Militaer-versucht-Staatsstreich.jpg","width":460,"height":259,"caption":"Benin: Milit\u00e4r versucht Staatsstreich\u00a0"},{"@type":"BreadcrumbList","@id":"https:\/\/now-news.de\/de\/deutschland\/benin-militaer-versucht-staatsstreich\/#breadcrumb","itemListElement":[{"@type":"ListItem","position":1,"name":"Home","item":"https:\/\/now-news.de\/de\/"},{"@type":"ListItem","position":2,"name":"Benin: Milit\u00e4r versucht Staatsstreich\u00a0"}]},{"@type":"WebSite","@id":"https:\/\/now-news.de\/de\/#website","url":"https:\/\/now-news.de\/de\/","name":"just-now.NEWS Deutschland","description":"Das Portal f\u00fcr unzensierte Nachrichten aus der Welt","publisher":{"@id":"https:\/\/now-news.de\/de\/#organization"},"potentialAction":[{"@type":"SearchAction","target":{"@type":"EntryPoint","urlTemplate":"https:\/\/now-news.de\/de\/?s={search_term_string}"},"query-input":"required name=search_term_string"}],"inLanguage":"de"},{"@type":"Organization","@id":"https:\/\/now-news.de\/de\/#organization","name":"Just Now News","url":"https:\/\/now-news.de\/de\/","logo":{"@type":"ImageObject","inLanguage":"de","@id":"https:\/\/now-news.de\/de\/#\/schema\/logo\/image\/","url":"http:\/\/just-now.news\/de\/wp-content\/uploads\/sites\/3\/2022\/04\/logo500x500.jpg","contentUrl":"http:\/\/just-now.news\/de\/wp-content\/uploads\/sites\/3\/2022\/04\/logo500x500.jpg","width":500,"height":500,"caption":"Just Now News"},"image":{"@id":"https:\/\/now-news.de\/de\/#\/schema\/logo\/image\/"},"sameAs":["https:\/\/www.facebook.com\/wirmachenauf","https:\/\/x.com\/WirMachenAuf_de"]},{"@type":"Person","@id":"https:\/\/now-news.de\/de\/#\/schema\/person\/fb534a4e865501d8b3285208df34a9b5","name":"rtnews","image":{"@type":"ImageObject","inLanguage":"de","@id":"https:\/\/now-news.de\/de\/#\/schema\/person\/image\/","url":"https:\/\/secure.gravatar.com\/avatar\/82aafea7d8127119dd649515f56e2117?s=96&d=mm&r=g","contentUrl":"https:\/\/secure.gravatar.com\/avatar\/82aafea7d8127119dd649515f56e2117?s=96&d=mm&r=g","caption":"rtnews"},"url":"https:\/\/now-news.de\/de\/author\/rnews\/"}]}},"_links":{"self":[{"href":"https:\/\/now-news.de\/de\/wp-json\/wp\/v2\/posts\/95318"}],"collection":[{"href":"https:\/\/now-news.de\/de\/wp-json\/wp\/v2\/posts"}],"about":[{"href":"https:\/\/now-news.de\/de\/wp-json\/wp\/v2\/types\/post"}],"author":[{"embeddable":true,"href":"https:\/\/now-news.de\/de\/wp-json\/wp\/v2\/users\/3"}],"replies":[{"embeddable":true,"href":"https:\/\/now-news.de\/de\/wp-json\/wp\/v2\/comments?post=95318"}],"version-history":[{"count":0,"href":"https:\/\/now-news.de\/de\/wp-json\/wp\/v2\/posts\/95318\/revisions"}],"wp:featuredmedia":[{"embeddable":true,"href":"https:\/\/now-news.de\/de\/wp-json\/wp\/v2\/media\/95319"}],"wp:attachment":[{"href":"https:\/\/now-news.de\/de\/wp-json\/wp\/v2\/media?parent=95318"}],"wp:term":[{"taxonomy":"category","embeddable":true,"href":"https:\/\/now-news.de\/de\/wp-json\/wp\/v2\/categories?post=95318"},{"taxonomy":"post_tag","embeddable":true,"href":"https:\/\/now-news.de\/de\/wp-json\/wp\/v2\/tags?post=95318"}],"curies":[{"name":"wp","href":"https:\/\/api.w.org\/{rel}","templated":true}]}}