{"id":95290,"date":"2025-12-06T19:23:32","date_gmt":"2025-12-06T17:23:32","guid":{"rendered":"https:\/\/now-news.de\/de\/deutschland\/bundesparteitag-des-bsw-beginnt-in-magdeburg\/"},"modified":"2025-12-06T19:23:32","modified_gmt":"2025-12-06T17:23:32","slug":"bundesparteitag-des-bsw-beginnt-in-magdeburg","status":"publish","type":"post","link":"https:\/\/now-news.de\/de\/deutschland\/bundesparteitag-des-bsw-beginnt-in-magdeburg\/","title":{"rendered":"Bundesparteitag des BSW beginnt in Magdeburg"},"content":{"rendered":"<p><img decoding=\"async\" src=\"https:\/\/now-news.de\/de\/wp-content\/uploads\/sites\/3\/2025\/12\/6934608348fbef50a06fd78d.jpg\" \/><\/p>\n<div class=\"Text-root Text-type_1 \">\n                Das B\u00fcndnis Sahra Wagenknecht (BSW) h\u00e4lt an diesem Wochenende seinen dritten Bundesparteitag ab. Auf dem Programm stehen ein neuer Parteiname und die Wahl eines neuen Vorsitzenden, denn die Parteigr\u00fcnderin tritt nicht wieder an.\n            <\/div>\n<p><\/p>\n<div class=\"Text-root Text-type_5 ArticleView-text ViewText-root \">\n<p>Der 3. Bundesparteitag des B\u00fcndnisses Sahra Wagenknecht begann am Sonnabend in Magdeburg. Es handelt sich um den ersten Delegiertenparteitag der im Januar 2024 gegr\u00fcndeten Partei \u2013 an den bisherigen Parteiversammlungen konnten alle Mitglieder teilnehmen. Das ist nun nicht mehr m\u00f6glich, da die Zahl der Mitglieder inzwischen stark gewachsen ist, sagte Co-Vorsitzende Amira Mohamed Ali in ihrer Er\u00f6ffnungsrede. Offiziell gibt es mit Stand vom 15. November 2025 7.000 Mitglieder.\u00a0<\/p>\n<p>Auch die Gr\u00fcnderin und Namensgeberin Sahra Wagenknecht hielt eine rund 50 Minuten lange Ansprache an die Delegierten. In ihrer Rede forderte sie erneut eine Neuausz\u00e4hlung der Stimmen der Bundestagswahl vom Februar:\u00a0\u00a0<\/p>\n<p><em>&#8220;Nat\u00fcrlich gibt es manche, die sagen: Jedes Volk hat die Regierung, die es verdient.\u00a0Aber ich muss ehrlich sagen: Nein, die W\u00e4hlerinnen und W\u00e4hler in Deutschland haben diese Regierung nicht verdient, denn sie haben sie wahrscheinlich gar nicht gew\u00e4hlt. Wenn denn endlich mal korrekt gez\u00e4hlt w\u00fcrde!&#8221; <\/em><\/p>\n<p>Wagenknecht verwies auf &#8220;offenkundige Z\u00e4hlfehler&#8221; und &#8220;offenkundige Unregelm\u00e4\u00dfigkeiten&#8221; bei der Wahlausz\u00e4hlung. Sie k\u00fcndigte eine Klage beim Bundesverfassungsgericht an, man werde &#8220;das durchklagen, auch in Karlsruhe&#8221;.<\/p>\n<p>Der Parteitag ist f\u00fcr zwei Tage terminiert. Am Sonntag sollen die rund 660 Delegierten \u00fcber den Leitantrag der Parteif\u00fchrung zur programmatischen Ausrichtung und einen neuen Parteinamen abstimmen. Au\u00dferdem soll ein neuer Parteivorsitzender gew\u00e4hlt werden. Wagenknecht hatte schon vor Monaten angek\u00fcndigt, nicht mehr anzutreten. Sie wolle jedoch Vorsitzende einer m\u00f6glichen k\u00fcnftigen Bundestagsfraktion der Partei werden, erkl\u00e4rte sie vor den Delegierten am Sonnabend.<\/p>\n<p>Wenn der Antrag des Parteivorstands zum k\u00fcnftigen Parteinamen angenommen wird, soll das K\u00fcrzel BSW k\u00fcnftig f\u00fcr &#8220;B\u00fcndnis Soziale Gerechtigkeit und Wirtschaftliche Vernunft&#8221; stehen.<\/p>\n<p><strong>Mehr zum Thema<\/strong> \u2013 <a rel=\"nofollow noopener\" target=\"_blank\" href=\"https:\/\/freedert.online\/meinung\/263864-unsere-demokratietm-braucht-keine-ueberpruefung\/\">&#8220;Unsere Demokratie\u2122&#8221; braucht keine \u00dcberpr\u00fcfung<\/a><\/p>\n<div class=\"EmbedBlock-root EmbedBlock-externalVideo EmbedBlock-rumble\">\n<div class=\"VkEmbed\"><iframe class=\"lazyload\" data-src=\"https:\/\/rumble.com\/embed\/v704q5m\" frameborder=\"0\" width=\"853\" height=\"480\" allowfullscreen><\/iframe><\/div>\n<\/div>\n<\/div>\n<p><br \/>\n<br \/><a href=\"https:\/\/de.rt.com\/inland\/264057-bundesparteitag-bsw-beginnt-in-magdeburg\/\">Source link <\/a><\/p>\n","protected":false},"excerpt":{"rendered":"<p>Das B\u00fcndnis Sahra Wagenknecht (BSW) h\u00e4lt an diesem Wochenende seinen dritten Bundesparteitag ab. Auf dem Programm stehen ein neuer Parteiname und die Wahl eines neuen Vorsitzenden, denn die Parteigr\u00fcnderin tritt nicht wieder an. Der 3. Bundesparteitag des B\u00fcndnisses Sahra Wagenknecht begann am Sonnabend in Magdeburg. Es handelt sich um den ersten Delegiertenparteitag der im Januar [&hellip;]<\/p>\n","protected":false},"author":3,"featured_media":95291,"comment_status":"open","ping_status":"open","sticky":false,"template":"","format":"standard","meta":{"_yoast_indexnow_last_ping":["1765042485"],"wp_automatic_camp":["217"],"48a85821d62fb64030dc6fb1ed40343f":["Bundesparteitag des BSW beginnt in Magdeburg"],"original_link":["https:\/\/de.rt.com\/inland\/264057-bundesparteitag-bsw-beginnt-in-magdeburg\/"],"_thumbnail_id":["95291"],"jnews_social_counter_last_update":["1777419024"],"_wptgpro_p2tg_sent2tg":["a:1:{i:23737;s:19:\"2025-12-06 19:35:45\";}"]},"categories":[19,23],"tags":[490,51583,45905,583,40441],"yoast_head":"<!-- This site is optimized with the Yoast SEO Premium plugin v22.7 (Yoast SEO v22.7) - https:\/\/yoast.com\/wordpress\/plugins\/seo\/ -->\n<title>Bundesparteitag des BSW beginnt in Magdeburg - just-now.NEWS Deutschland<\/title>\n<meta name=\"robots\" content=\"index, follow, max-snippet:-1, max-image-preview:large, max-video-preview:-1\" \/>\n<link rel=\"canonical\" href=\"https:\/\/now-news.de\/de\/deutschland\/bundesparteitag-des-bsw-beginnt-in-magdeburg\/\" \/>\n<meta property=\"og:locale\" content=\"de_DE\" \/>\n<meta property=\"og:type\" content=\"article\" \/>\n<meta property=\"og:title\" content=\"Bundesparteitag des BSW beginnt in Magdeburg\" \/>\n<meta property=\"og:description\" content=\"Das B\u00fcndnis Sahra Wagenknecht (BSW) h\u00e4lt an diesem Wochenende seinen dritten Bundesparteitag ab. Auf dem Programm stehen ein neuer Parteiname und die Wahl eines neuen Vorsitzenden, denn die Parteigr\u00fcnderin tritt nicht wieder an. Der 3. Bundesparteitag des B\u00fcndnisses Sahra Wagenknecht begann am Sonnabend in Magdeburg. Es handelt sich um den ersten Delegiertenparteitag der im Januar [&hellip;]\" \/>\n<meta property=\"og:url\" content=\"https:\/\/now-news.de\/de\/deutschland\/bundesparteitag-des-bsw-beginnt-in-magdeburg\/\" \/>\n<meta property=\"og:site_name\" content=\"just-now.NEWS Deutschland\" \/>\n<meta property=\"article:publisher\" content=\"https:\/\/www.facebook.com\/wirmachenauf\" \/>\n<meta property=\"article:published_time\" content=\"2025-12-06T17:23:32+00:00\" \/>\n<meta property=\"og:image\" content=\"https:\/\/now-news.de\/de\/wp-content\/uploads\/sites\/3\/2025\/12\/6934608348fbef50a06fd78d.jpg\" \/>\n<meta name=\"author\" content=\"rtnews\" \/>\n<meta name=\"twitter:card\" content=\"summary_large_image\" \/>\n<meta name=\"twitter:creator\" content=\"@WirMachenAuf_de\" \/>\n<meta name=\"twitter:site\" content=\"@WirMachenAuf_de\" \/>\n<meta name=\"twitter:label1\" content=\"Verfasst von\" \/>\n\t<meta name=\"twitter:data1\" content=\"rtnews\" \/>\n\t<meta name=\"twitter:label2\" content=\"Gesch\u00e4tzte Lesezeit\" \/>\n\t<meta name=\"twitter:data2\" content=\"2\u00a0Minuten\" \/>\n<script type=\"application\/ld+json\" class=\"yoast-schema-graph\">{\"@context\":\"https:\/\/schema.org\",\"@graph\":[{\"@type\":\"Article\",\"@id\":\"https:\/\/now-news.de\/de\/deutschland\/bundesparteitag-des-bsw-beginnt-in-magdeburg\/#article\",\"isPartOf\":{\"@id\":\"https:\/\/now-news.de\/de\/deutschland\/bundesparteitag-des-bsw-beginnt-in-magdeburg\/\"},\"author\":{\"name\":\"rtnews\",\"@id\":\"https:\/\/now-news.de\/de\/#\/schema\/person\/fb534a4e865501d8b3285208df34a9b5\"},\"headline\":\"Bundesparteitag des BSW beginnt in Magdeburg\",\"datePublished\":\"2025-12-06T17:23:32+00:00\",\"dateModified\":\"2025-12-06T17:23:32+00:00\",\"mainEntityOfPage\":{\"@id\":\"https:\/\/now-news.de\/de\/deutschland\/bundesparteitag-des-bsw-beginnt-in-magdeburg\/\"},\"wordCount\":329,\"commentCount\":0,\"publisher\":{\"@id\":\"https:\/\/now-news.de\/de\/#organization\"},\"image\":{\"@id\":\"https:\/\/now-news.de\/de\/deutschland\/bundesparteitag-des-bsw-beginnt-in-magdeburg\/#primaryimage\"},\"thumbnailUrl\":\"https:\/\/now-news.de\/de\/wp-content\/uploads\/sites\/3\/2025\/12\/Bundesparteitag-des-BSW-beginnt-in-Magdeburg.jpg\",\"keywords\":[\"beginnt\",\"BSW\",\"Bundesparteitag\",\"des\",\"Magdeburg\"],\"articleSection\":[\"Deutschland\",\"Russland\"],\"inLanguage\":\"de\",\"potentialAction\":[{\"@type\":\"CommentAction\",\"name\":\"Comment\",\"target\":[\"https:\/\/now-news.de\/de\/deutschland\/bundesparteitag-des-bsw-beginnt-in-magdeburg\/#respond\"]}]},{\"@type\":\"WebPage\",\"@id\":\"https:\/\/now-news.de\/de\/deutschland\/bundesparteitag-des-bsw-beginnt-in-magdeburg\/\",\"url\":\"https:\/\/now-news.de\/de\/deutschland\/bundesparteitag-des-bsw-beginnt-in-magdeburg\/\",\"name\":\"Bundesparteitag des BSW beginnt in Magdeburg - just-now.NEWS Deutschland\",\"isPartOf\":{\"@id\":\"https:\/\/now-news.de\/de\/#website\"},\"primaryImageOfPage\":{\"@id\":\"https:\/\/now-news.de\/de\/deutschland\/bundesparteitag-des-bsw-beginnt-in-magdeburg\/#primaryimage\"},\"image\":{\"@id\":\"https:\/\/now-news.de\/de\/deutschland\/bundesparteitag-des-bsw-beginnt-in-magdeburg\/#primaryimage\"},\"thumbnailUrl\":\"https:\/\/now-news.de\/de\/wp-content\/uploads\/sites\/3\/2025\/12\/Bundesparteitag-des-BSW-beginnt-in-Magdeburg.jpg\",\"datePublished\":\"2025-12-06T17:23:32+00:00\",\"dateModified\":\"2025-12-06T17:23:32+00:00\",\"breadcrumb\":{\"@id\":\"https:\/\/now-news.de\/de\/deutschland\/bundesparteitag-des-bsw-beginnt-in-magdeburg\/#breadcrumb\"},\"inLanguage\":\"de\",\"potentialAction\":[{\"@type\":\"ReadAction\",\"target\":[\"https:\/\/now-news.de\/de\/deutschland\/bundesparteitag-des-bsw-beginnt-in-magdeburg\/\"]}]},{\"@type\":\"ImageObject\",\"inLanguage\":\"de\",\"@id\":\"https:\/\/now-news.de\/de\/deutschland\/bundesparteitag-des-bsw-beginnt-in-magdeburg\/#primaryimage\",\"url\":\"https:\/\/now-news.de\/de\/wp-content\/uploads\/sites\/3\/2025\/12\/Bundesparteitag-des-BSW-beginnt-in-Magdeburg.jpg\",\"contentUrl\":\"https:\/\/now-news.de\/de\/wp-content\/uploads\/sites\/3\/2025\/12\/Bundesparteitag-des-BSW-beginnt-in-Magdeburg.jpg\",\"width\":460,\"height\":259,\"caption\":\"Bundesparteitag des BSW beginnt in Magdeburg\"},{\"@type\":\"BreadcrumbList\",\"@id\":\"https:\/\/now-news.de\/de\/deutschland\/bundesparteitag-des-bsw-beginnt-in-magdeburg\/#breadcrumb\",\"itemListElement\":[{\"@type\":\"ListItem\",\"position\":1,\"name\":\"Home\",\"item\":\"https:\/\/now-news.de\/de\/\"},{\"@type\":\"ListItem\",\"position\":2,\"name\":\"Bundesparteitag des BSW beginnt in Magdeburg\"}]},{\"@type\":\"WebSite\",\"@id\":\"https:\/\/now-news.de\/de\/#website\",\"url\":\"https:\/\/now-news.de\/de\/\",\"name\":\"just-now.NEWS Deutschland\",\"description\":\"Das Portal f\u00fcr unzensierte Nachrichten aus der Welt\",\"publisher\":{\"@id\":\"https:\/\/now-news.de\/de\/#organization\"},\"potentialAction\":[{\"@type\":\"SearchAction\",\"target\":{\"@type\":\"EntryPoint\",\"urlTemplate\":\"https:\/\/now-news.de\/de\/?s={search_term_string}\"},\"query-input\":\"required name=search_term_string\"}],\"inLanguage\":\"de\"},{\"@type\":\"Organization\",\"@id\":\"https:\/\/now-news.de\/de\/#organization\",\"name\":\"Just Now News\",\"url\":\"https:\/\/now-news.de\/de\/\",\"logo\":{\"@type\":\"ImageObject\",\"inLanguage\":\"de\",\"@id\":\"https:\/\/now-news.de\/de\/#\/schema\/logo\/image\/\",\"url\":\"http:\/\/just-now.news\/de\/wp-content\/uploads\/sites\/3\/2022\/04\/logo500x500.jpg\",\"contentUrl\":\"http:\/\/just-now.news\/de\/wp-content\/uploads\/sites\/3\/2022\/04\/logo500x500.jpg\",\"width\":500,\"height\":500,\"caption\":\"Just Now News\"},\"image\":{\"@id\":\"https:\/\/now-news.de\/de\/#\/schema\/logo\/image\/\"},\"sameAs\":[\"https:\/\/www.facebook.com\/wirmachenauf\",\"https:\/\/x.com\/WirMachenAuf_de\"]},{\"@type\":\"Person\",\"@id\":\"https:\/\/now-news.de\/de\/#\/schema\/person\/fb534a4e865501d8b3285208df34a9b5\",\"name\":\"rtnews\",\"image\":{\"@type\":\"ImageObject\",\"inLanguage\":\"de\",\"@id\":\"https:\/\/now-news.de\/de\/#\/schema\/person\/image\/\",\"url\":\"https:\/\/secure.gravatar.com\/avatar\/82aafea7d8127119dd649515f56e2117?s=96&d=mm&r=g\",\"contentUrl\":\"https:\/\/secure.gravatar.com\/avatar\/82aafea7d8127119dd649515f56e2117?s=96&d=mm&r=g\",\"caption\":\"rtnews\"},\"url\":\"https:\/\/now-news.de\/de\/author\/rnews\/\"}]}<\/script>\n<!-- \/ Yoast SEO Premium plugin. -->","yoast_head_json":{"title":"Bundesparteitag des BSW beginnt in Magdeburg - just-now.NEWS Deutschland","robots":{"index":"index","follow":"follow","max-snippet":"max-snippet:-1","max-image-preview":"max-image-preview:large","max-video-preview":"max-video-preview:-1"},"canonical":"https:\/\/now-news.de\/de\/deutschland\/bundesparteitag-des-bsw-beginnt-in-magdeburg\/","og_locale":"de_DE","og_type":"article","og_title":"Bundesparteitag des BSW beginnt in Magdeburg","og_description":"Das B\u00fcndnis Sahra Wagenknecht (BSW) h\u00e4lt an diesem Wochenende seinen dritten Bundesparteitag ab. Auf dem Programm stehen ein neuer Parteiname und die Wahl eines neuen Vorsitzenden, denn die Parteigr\u00fcnderin tritt nicht wieder an. Der 3. Bundesparteitag des B\u00fcndnisses Sahra Wagenknecht begann am Sonnabend in Magdeburg. Es handelt sich um den ersten Delegiertenparteitag der im Januar [&hellip;]","og_url":"https:\/\/now-news.de\/de\/deutschland\/bundesparteitag-des-bsw-beginnt-in-magdeburg\/","og_site_name":"just-now.NEWS Deutschland","article_publisher":"https:\/\/www.facebook.com\/wirmachenauf","article_published_time":"2025-12-06T17:23:32+00:00","og_image":[{"url":"https:\/\/now-news.de\/de\/wp-content\/uploads\/sites\/3\/2025\/12\/6934608348fbef50a06fd78d.jpg"}],"author":"rtnews","twitter_card":"summary_large_image","twitter_creator":"@WirMachenAuf_de","twitter_site":"@WirMachenAuf_de","twitter_misc":{"Verfasst von":"rtnews","Gesch\u00e4tzte Lesezeit":"2\u00a0Minuten"},"schema":{"@context":"https:\/\/schema.org","@graph":[{"@type":"Article","@id":"https:\/\/now-news.de\/de\/deutschland\/bundesparteitag-des-bsw-beginnt-in-magdeburg\/#article","isPartOf":{"@id":"https:\/\/now-news.de\/de\/deutschland\/bundesparteitag-des-bsw-beginnt-in-magdeburg\/"},"author":{"name":"rtnews","@id":"https:\/\/now-news.de\/de\/#\/schema\/person\/fb534a4e865501d8b3285208df34a9b5"},"headline":"Bundesparteitag des BSW beginnt in Magdeburg","datePublished":"2025-12-06T17:23:32+00:00","dateModified":"2025-12-06T17:23:32+00:00","mainEntityOfPage":{"@id":"https:\/\/now-news.de\/de\/deutschland\/bundesparteitag-des-bsw-beginnt-in-magdeburg\/"},"wordCount":329,"commentCount":0,"publisher":{"@id":"https:\/\/now-news.de\/de\/#organization"},"image":{"@id":"https:\/\/now-news.de\/de\/deutschland\/bundesparteitag-des-bsw-beginnt-in-magdeburg\/#primaryimage"},"thumbnailUrl":"https:\/\/now-news.de\/de\/wp-content\/uploads\/sites\/3\/2025\/12\/Bundesparteitag-des-BSW-beginnt-in-Magdeburg.jpg","keywords":["beginnt","BSW","Bundesparteitag","des","Magdeburg"],"articleSection":["Deutschland","Russland"],"inLanguage":"de","potentialAction":[{"@type":"CommentAction","name":"Comment","target":["https:\/\/now-news.de\/de\/deutschland\/bundesparteitag-des-bsw-beginnt-in-magdeburg\/#respond"]}]},{"@type":"WebPage","@id":"https:\/\/now-news.de\/de\/deutschland\/bundesparteitag-des-bsw-beginnt-in-magdeburg\/","url":"https:\/\/now-news.de\/de\/deutschland\/bundesparteitag-des-bsw-beginnt-in-magdeburg\/","name":"Bundesparteitag des BSW beginnt in Magdeburg - just-now.NEWS Deutschland","isPartOf":{"@id":"https:\/\/now-news.de\/de\/#website"},"primaryImageOfPage":{"@id":"https:\/\/now-news.de\/de\/deutschland\/bundesparteitag-des-bsw-beginnt-in-magdeburg\/#primaryimage"},"image":{"@id":"https:\/\/now-news.de\/de\/deutschland\/bundesparteitag-des-bsw-beginnt-in-magdeburg\/#primaryimage"},"thumbnailUrl":"https:\/\/now-news.de\/de\/wp-content\/uploads\/sites\/3\/2025\/12\/Bundesparteitag-des-BSW-beginnt-in-Magdeburg.jpg","datePublished":"2025-12-06T17:23:32+00:00","dateModified":"2025-12-06T17:23:32+00:00","breadcrumb":{"@id":"https:\/\/now-news.de\/de\/deutschland\/bundesparteitag-des-bsw-beginnt-in-magdeburg\/#breadcrumb"},"inLanguage":"de","potentialAction":[{"@type":"ReadAction","target":["https:\/\/now-news.de\/de\/deutschland\/bundesparteitag-des-bsw-beginnt-in-magdeburg\/"]}]},{"@type":"ImageObject","inLanguage":"de","@id":"https:\/\/now-news.de\/de\/deutschland\/bundesparteitag-des-bsw-beginnt-in-magdeburg\/#primaryimage","url":"https:\/\/now-news.de\/de\/wp-content\/uploads\/sites\/3\/2025\/12\/Bundesparteitag-des-BSW-beginnt-in-Magdeburg.jpg","contentUrl":"https:\/\/now-news.de\/de\/wp-content\/uploads\/sites\/3\/2025\/12\/Bundesparteitag-des-BSW-beginnt-in-Magdeburg.jpg","width":460,"height":259,"caption":"Bundesparteitag des BSW beginnt in Magdeburg"},{"@type":"BreadcrumbList","@id":"https:\/\/now-news.de\/de\/deutschland\/bundesparteitag-des-bsw-beginnt-in-magdeburg\/#breadcrumb","itemListElement":[{"@type":"ListItem","position":1,"name":"Home","item":"https:\/\/now-news.de\/de\/"},{"@type":"ListItem","position":2,"name":"Bundesparteitag des BSW beginnt in Magdeburg"}]},{"@type":"WebSite","@id":"https:\/\/now-news.de\/de\/#website","url":"https:\/\/now-news.de\/de\/","name":"just-now.NEWS Deutschland","description":"Das Portal f\u00fcr unzensierte Nachrichten aus der Welt","publisher":{"@id":"https:\/\/now-news.de\/de\/#organization"},"potentialAction":[{"@type":"SearchAction","target":{"@type":"EntryPoint","urlTemplate":"https:\/\/now-news.de\/de\/?s={search_term_string}"},"query-input":"required name=search_term_string"}],"inLanguage":"de"},{"@type":"Organization","@id":"https:\/\/now-news.de\/de\/#organization","name":"Just Now News","url":"https:\/\/now-news.de\/de\/","logo":{"@type":"ImageObject","inLanguage":"de","@id":"https:\/\/now-news.de\/de\/#\/schema\/logo\/image\/","url":"http:\/\/just-now.news\/de\/wp-content\/uploads\/sites\/3\/2022\/04\/logo500x500.jpg","contentUrl":"http:\/\/just-now.news\/de\/wp-content\/uploads\/sites\/3\/2022\/04\/logo500x500.jpg","width":500,"height":500,"caption":"Just Now News"},"image":{"@id":"https:\/\/now-news.de\/de\/#\/schema\/logo\/image\/"},"sameAs":["https:\/\/www.facebook.com\/wirmachenauf","https:\/\/x.com\/WirMachenAuf_de"]},{"@type":"Person","@id":"https:\/\/now-news.de\/de\/#\/schema\/person\/fb534a4e865501d8b3285208df34a9b5","name":"rtnews","image":{"@type":"ImageObject","inLanguage":"de","@id":"https:\/\/now-news.de\/de\/#\/schema\/person\/image\/","url":"https:\/\/secure.gravatar.com\/avatar\/82aafea7d8127119dd649515f56e2117?s=96&d=mm&r=g","contentUrl":"https:\/\/secure.gravatar.com\/avatar\/82aafea7d8127119dd649515f56e2117?s=96&d=mm&r=g","caption":"rtnews"},"url":"https:\/\/now-news.de\/de\/author\/rnews\/"}]}},"_links":{"self":[{"href":"https:\/\/now-news.de\/de\/wp-json\/wp\/v2\/posts\/95290"}],"collection":[{"href":"https:\/\/now-news.de\/de\/wp-json\/wp\/v2\/posts"}],"about":[{"href":"https:\/\/now-news.de\/de\/wp-json\/wp\/v2\/types\/post"}],"author":[{"embeddable":true,"href":"https:\/\/now-news.de\/de\/wp-json\/wp\/v2\/users\/3"}],"replies":[{"embeddable":true,"href":"https:\/\/now-news.de\/de\/wp-json\/wp\/v2\/comments?post=95290"}],"version-history":[{"count":0,"href":"https:\/\/now-news.de\/de\/wp-json\/wp\/v2\/posts\/95290\/revisions"}],"wp:featuredmedia":[{"embeddable":true,"href":"https:\/\/now-news.de\/de\/wp-json\/wp\/v2\/media\/95291"}],"wp:attachment":[{"href":"https:\/\/now-news.de\/de\/wp-json\/wp\/v2\/media?parent=95290"}],"wp:term":[{"taxonomy":"category","embeddable":true,"href":"https:\/\/now-news.de\/de\/wp-json\/wp\/v2\/categories?post=95290"},{"taxonomy":"post_tag","embeddable":true,"href":"https:\/\/now-news.de\/de\/wp-json\/wp\/v2\/tags?post=95290"}],"curies":[{"name":"wp","href":"https:\/\/api.w.org\/{rel}","templated":true}]}}