{"id":9528,"date":"2022-06-01T21:41:16","date_gmt":"2022-06-01T19:41:16","guid":{"rendered":"http:\/\/just-now.news\/de\/deutschland\/papst-franziskus-man-nutze-bitte-nicht-getreide-als-kriegswaffe\/"},"modified":"2022-06-01T21:41:16","modified_gmt":"2022-06-01T19:41:16","slug":"papst-franziskus-man-nutze-bitte-nicht-getreide-als-kriegswaffe","status":"publish","type":"post","link":"https:\/\/now-news.de\/de\/deutschland\/papst-franziskus-man-nutze-bitte-nicht-getreide-als-kriegswaffe\/","title":{"rendered":"Papst Franziskus: &quot;Man nutze bitte nicht Getreide als Kriegswaffe&quot;"},"content":{"rendered":"<p><img decoding=\"async\" src=\"http:\/\/just-now.news\/de\/wp-content\/uploads\/sites\/3\/2022\/06\/6297523fb480cc02bb406ed7.jpg\" \/><\/p>\n<div class=\"Text-root Text-type_1 \">\n                Das Oberhaupt der r\u00f6misch-katholischen Kirche, Papst Franziskus, hat die Weltgemeinschaft auf Probleme des Mangels an Grundnahrungsmitteln aufmerksam gemacht und dazu aufgerufen, Getreide nicht als Kriegswaffe zu nutzen. Davon h\u00e4nge das Leben von Millionen Menschen ab.\n            <\/div>\n<p><\/p>\n<div class=\"Text-root Text-type_5 ArticleView-text ViewText-root \">\n<p>Papst Franziskus hat bei der Generalaudienz vor zahlreichen Gl\u00e4ubigen auf dem Petersplatz in Rom die Problematik der Weizen-Knappheit in der Welt angesprochen. In diesem Zusammenhang forderte der Papst dazu auf, die Blockade der Getreideexporte aus der Ukraine aufzuheben. W\u00f6rtlich hie\u00df es:<\/p>\n<blockquote>\n<p><em>&#8220;Die Blockade der Exporte von Getreide aus der Ukraine, von denen das Leben von Millionen von Menschen abh\u00e4ngt, besonders in den \u00e4rmsten L\u00e4ndern, l\u00f6st gro\u00dfe Sorge aus.&#8221;<\/em><\/p>\n<\/blockquote>\n<p>Von den Staats- und Regierungschefs der Welt m\u00fcssten alle Anstrengungen unternommen werden, um dieses Problem zu l\u00f6sen und das allgemeine Menschenrecht auf Nahrung zu garantieren, hie\u00df es weiter. Der 85 Jahre alte Argentinier appellierte an die Weltgemeinschaft:<\/p>\n<blockquote>\n<p><em>&#8220;Man nutze bitte nicht das Getreide, ein Grundnahrungsmittel, als Kriegswaffe.&#8221;<\/em><\/p>\n<\/blockquote>\n<p>Die Ukraine ist einer der gr\u00f6\u00dften Weizenproduzenten der Welt. Vom 1. bis 30. Mai 2022 exportierte das Land 1,06 Millionen Tonnen Getreide und damit 2,7 Mal weniger als im Mai 2021 (2,81 Mio. Tonnen), teilte das Ministerium f\u00fcr Agrarpolitik und Ern\u00e4hrung des Landes mit.<\/p>\n<p>Die ukrainischen Beh\u00f6rden erkl\u00e4rten wiederum den R\u00fcckgang der Ausfuhren mit der Blockade der Seeh\u00e4fen im S\u00fcden des Landes aufgrund der russischen Milit\u00e4roperation. Die UNO forderte Russland auf, die Blockade der H\u00e4fen aufzuheben. Das russische Au\u00dfenamt lie\u00df diese M\u00f6glichkeit zu, allerdings unter der Voraussetzung, dass die Sanktionen gegen Russland aufgehoben werden.<\/p>\n<p>Auch die T\u00fcrkei meldete sich zu Wort und schlug ihre Unterst\u00fctzung bei der L\u00f6sung des Problems der Getreideexporte aus der Ukraine vor. Der Staat sprach sich f\u00fcr die Einrichtung einer vierk\u00f6pfigen Kontaktgruppe aus, an der die UNO, die T\u00fcrkei, Russland und die Ukraine beteiligt sein sollten.<\/p>\n<p>Der t\u00fcrkische Au\u00dfenminister\u00a0Mevl\u00fct \u00c7avu\u015fo\u011flu betonte, dass die Freigabe der H\u00e4fen nicht vorankomme, weil die Ukraine nicht wolle, dass russische Schiffe in die H\u00e4fen von Odessa einlaufen, w\u00e4hrend Russland nicht wolle, dass Schiffe, die die H\u00e4fen \u00fcber Korridore anfahren, Waffen in die Ukraine liefern. Daher sei ein \u00dcberpr\u00fcfungsmechanismus notwendig, hie\u00df es. Kremlsprecher Dmitri Peskow best\u00e4tigte Pl\u00e4ne f\u00fcr ein Treffen zwischen dem russischen Au\u00dfenminister Sergei Lawrow und seinem t\u00fcrkischen Amtskollegen Mevl\u00fct \u00c7avu\u015fo\u011flu, bei dem die Weizenexporte zur Sprache kommen sollten. Einen genauen Termin nannte Peskow jedoch nicht.<\/p>\n<p>Russland sei bereit, zur \u00dcberwindung der Nahrungsmittelkrise beizutragen, wenn die politisch motivierten Sanktionen aufgehoben w\u00fcrden. Dies unterstrich auch der russische Pr\u00e4sident Wladimir Putin in einem Telefongespr\u00e4ch mit dem italienischen Ministerpr\u00e4sidenten Mario Draghi.<\/p>\n<p>Laut Peskow stehe das Thema Weizen auf der t\u00e4glichen Agenda und werde \u00fcber verschiedene Kan\u00e4le diskutiert. Als Ursache daf\u00fcr bezeichnete Peskow allerdings &#8220;illegale Einschr\u00e4nkungen&#8221; gegen Russland als einen der wichtigsten Lieferanten. Die Krise sei auch mit den Handlungen der Beh\u00f6rden in Kiew verbunden, die Zufahrtswege zu H\u00e4fen im Schwarzen Meer vermint h\u00e4tten und somit Weizenlieferungen von dort aus unm\u00f6glich machen, obwohl Moskau sie keineswegs behindere.\u00a0<\/p>\n<p><strong>Mehr zum Thema\u00a0<\/strong>&#8211; <a rel=\"nofollow noopener\" target=\"_blank\" href=\"https:\/\/de.rt.com\/kurzclips\/video\/139687-nahrungsmittelkrise-mangel-an-wasser-irak\/\">Nahrungsmittelkrise: Mangel an Wasser und D\u00fcnger bedrohen Getreideernte im Irak<\/a><\/p>\n<\/div>\n<p><br \/>\n<br \/><a href=\"https:\/\/de.rt.com\/international\/139946-papst-franziskus-man-nutze-bitte\/\">Source link <\/a><\/p>\n","protected":false},"excerpt":{"rendered":"<p>Das Oberhaupt der r\u00f6misch-katholischen Kirche, Papst Franziskus, hat die Weltgemeinschaft auf Probleme des Mangels an Grundnahrungsmitteln aufmerksam gemacht und dazu aufgerufen, Getreide nicht als Kriegswaffe zu nutzen. Davon h\u00e4nge das Leben von Millionen Menschen ab. Papst Franziskus hat bei der Generalaudienz vor zahlreichen Gl\u00e4ubigen auf dem Petersplatz in Rom die Problematik der Weizen-Knappheit in der [&hellip;]<\/p>\n","protected":false},"author":3,"featured_media":9529,"comment_status":"open","ping_status":"open","sticky":false,"template":"","format":"standard","meta":{"wp_automatic_camp":["217"],"ab9e6625b589828eeedfb58c608dd9b1":["Papst Franziskus: &quot;Man nutze bitte nicht Getreide als Kriegswaffe&quot;"],"original_link":["https:\/\/de.rt.com\/international\/139946-papst-franziskus-man-nutze-bitte\/"],"_thumbnail_id":["9529"],"_wptg_p2tg_sent2tg":["2022-06-01 21:51:08"],"jnews_social_counter_last_update":["1777382002"]},"categories":[19,23],"tags":[273,22757,13270,21610,22758,800,22756,2665,22755],"yoast_head":"<!-- This site is optimized with the Yoast SEO Premium plugin v22.7 (Yoast SEO v22.7) - https:\/\/yoast.com\/wordpress\/plugins\/seo\/ -->\n<title>Papst Franziskus: &quot;Man nutze bitte nicht Getreide als Kriegswaffe&quot; - just-now.NEWS Deutschland<\/title>\n<meta name=\"robots\" content=\"index, follow, max-snippet:-1, max-image-preview:large, max-video-preview:-1\" \/>\n<link rel=\"canonical\" href=\"https:\/\/now-news.de\/de\/deutschland\/papst-franziskus-man-nutze-bitte-nicht-getreide-als-kriegswaffe\/\" \/>\n<meta property=\"og:locale\" content=\"de_DE\" \/>\n<meta property=\"og:type\" content=\"article\" \/>\n<meta property=\"og:title\" content=\"Papst Franziskus: &quot;Man nutze bitte nicht Getreide als Kriegswaffe&quot;\" \/>\n<meta property=\"og:description\" content=\"Das Oberhaupt der r\u00f6misch-katholischen Kirche, Papst Franziskus, hat die Weltgemeinschaft auf Probleme des Mangels an Grundnahrungsmitteln aufmerksam gemacht und dazu aufgerufen, Getreide nicht als Kriegswaffe zu nutzen. Davon h\u00e4nge das Leben von Millionen Menschen ab. Papst Franziskus hat bei der Generalaudienz vor zahlreichen Gl\u00e4ubigen auf dem Petersplatz in Rom die Problematik der Weizen-Knappheit in der [&hellip;]\" \/>\n<meta property=\"og:url\" content=\"https:\/\/now-news.de\/de\/deutschland\/papst-franziskus-man-nutze-bitte-nicht-getreide-als-kriegswaffe\/\" \/>\n<meta property=\"og:site_name\" content=\"just-now.NEWS Deutschland\" \/>\n<meta property=\"article:publisher\" content=\"https:\/\/www.facebook.com\/wirmachenauf\" \/>\n<meta property=\"article:published_time\" content=\"2022-06-01T19:41:16+00:00\" \/>\n<meta property=\"og:image\" content=\"https:\/\/now-news.de\/de\/wp-content\/uploads\/sites\/3\/2022\/06\/Papst-Franziskus-quotMan-nutze-bitte-nicht-Getreide-als-Kriegswaffequot.jpg\" \/>\n\t<meta property=\"og:image:width\" content=\"460\" \/>\n\t<meta property=\"og:image:height\" content=\"259\" \/>\n\t<meta property=\"og:image:type\" content=\"image\/jpeg\" \/>\n<meta name=\"author\" content=\"rtnews\" \/>\n<meta name=\"twitter:card\" content=\"summary_large_image\" \/>\n<meta name=\"twitter:creator\" content=\"@WirMachenAuf_de\" \/>\n<meta name=\"twitter:site\" content=\"@WirMachenAuf_de\" \/>\n<meta name=\"twitter:label1\" content=\"Verfasst von\" \/>\n\t<meta name=\"twitter:data1\" content=\"rtnews\" \/>\n\t<meta name=\"twitter:label2\" content=\"Gesch\u00e4tzte Lesezeit\" \/>\n\t<meta name=\"twitter:data2\" content=\"3\u00a0Minuten\" \/>\n<script type=\"application\/ld+json\" class=\"yoast-schema-graph\">{\"@context\":\"https:\/\/schema.org\",\"@graph\":[{\"@type\":\"Article\",\"@id\":\"https:\/\/now-news.de\/de\/deutschland\/papst-franziskus-man-nutze-bitte-nicht-getreide-als-kriegswaffe\/#article\",\"isPartOf\":{\"@id\":\"https:\/\/now-news.de\/de\/deutschland\/papst-franziskus-man-nutze-bitte-nicht-getreide-als-kriegswaffe\/\"},\"author\":{\"name\":\"rtnews\",\"@id\":\"https:\/\/now-news.de\/de\/#\/schema\/person\/fb534a4e865501d8b3285208df34a9b5\"},\"headline\":\"Papst Franziskus: &quot;Man nutze bitte nicht Getreide als Kriegswaffe&quot;\",\"datePublished\":\"2022-06-01T19:41:16+00:00\",\"dateModified\":\"2022-06-01T19:41:16+00:00\",\"mainEntityOfPage\":{\"@id\":\"https:\/\/now-news.de\/de\/deutschland\/papst-franziskus-man-nutze-bitte-nicht-getreide-als-kriegswaffe\/\"},\"wordCount\":552,\"commentCount\":0,\"publisher\":{\"@id\":\"https:\/\/now-news.de\/de\/#organization\"},\"image\":{\"@id\":\"https:\/\/now-news.de\/de\/deutschland\/papst-franziskus-man-nutze-bitte-nicht-getreide-als-kriegswaffe\/#primaryimage\"},\"thumbnailUrl\":\"https:\/\/now-news.de\/de\/wp-content\/uploads\/sites\/3\/2022\/06\/Papst-Franziskus-quotMan-nutze-bitte-nicht-Getreide-als-Kriegswaffequot.jpg\",\"keywords\":[\"als\",\"bitte\",\"FRANZISKUS\",\"Getreide\",\"Kriegswaffequot\",\"nicht\",\"nutze\",\"papst\",\"quotMan\"],\"articleSection\":[\"Deutschland\",\"Russland\"],\"inLanguage\":\"de\",\"potentialAction\":[{\"@type\":\"CommentAction\",\"name\":\"Comment\",\"target\":[\"https:\/\/now-news.de\/de\/deutschland\/papst-franziskus-man-nutze-bitte-nicht-getreide-als-kriegswaffe\/#respond\"]}]},{\"@type\":\"WebPage\",\"@id\":\"https:\/\/now-news.de\/de\/deutschland\/papst-franziskus-man-nutze-bitte-nicht-getreide-als-kriegswaffe\/\",\"url\":\"https:\/\/now-news.de\/de\/deutschland\/papst-franziskus-man-nutze-bitte-nicht-getreide-als-kriegswaffe\/\",\"name\":\"Papst Franziskus: &quot;Man nutze bitte nicht Getreide als Kriegswaffe&quot; - just-now.NEWS Deutschland\",\"isPartOf\":{\"@id\":\"https:\/\/now-news.de\/de\/#website\"},\"primaryImageOfPage\":{\"@id\":\"https:\/\/now-news.de\/de\/deutschland\/papst-franziskus-man-nutze-bitte-nicht-getreide-als-kriegswaffe\/#primaryimage\"},\"image\":{\"@id\":\"https:\/\/now-news.de\/de\/deutschland\/papst-franziskus-man-nutze-bitte-nicht-getreide-als-kriegswaffe\/#primaryimage\"},\"thumbnailUrl\":\"https:\/\/now-news.de\/de\/wp-content\/uploads\/sites\/3\/2022\/06\/Papst-Franziskus-quotMan-nutze-bitte-nicht-Getreide-als-Kriegswaffequot.jpg\",\"datePublished\":\"2022-06-01T19:41:16+00:00\",\"dateModified\":\"2022-06-01T19:41:16+00:00\",\"breadcrumb\":{\"@id\":\"https:\/\/now-news.de\/de\/deutschland\/papst-franziskus-man-nutze-bitte-nicht-getreide-als-kriegswaffe\/#breadcrumb\"},\"inLanguage\":\"de\",\"potentialAction\":[{\"@type\":\"ReadAction\",\"target\":[\"https:\/\/now-news.de\/de\/deutschland\/papst-franziskus-man-nutze-bitte-nicht-getreide-als-kriegswaffe\/\"]}]},{\"@type\":\"ImageObject\",\"inLanguage\":\"de\",\"@id\":\"https:\/\/now-news.de\/de\/deutschland\/papst-franziskus-man-nutze-bitte-nicht-getreide-als-kriegswaffe\/#primaryimage\",\"url\":\"https:\/\/now-news.de\/de\/wp-content\/uploads\/sites\/3\/2022\/06\/Papst-Franziskus-quotMan-nutze-bitte-nicht-Getreide-als-Kriegswaffequot.jpg\",\"contentUrl\":\"https:\/\/now-news.de\/de\/wp-content\/uploads\/sites\/3\/2022\/06\/Papst-Franziskus-quotMan-nutze-bitte-nicht-Getreide-als-Kriegswaffequot.jpg\",\"width\":460,\"height\":259,\"caption\":\"Papst Franziskus: &quot;Man nutze bitte nicht Getreide als Kriegswaffe&quot;\"},{\"@type\":\"BreadcrumbList\",\"@id\":\"https:\/\/now-news.de\/de\/deutschland\/papst-franziskus-man-nutze-bitte-nicht-getreide-als-kriegswaffe\/#breadcrumb\",\"itemListElement\":[{\"@type\":\"ListItem\",\"position\":1,\"name\":\"Home\",\"item\":\"https:\/\/now-news.de\/de\/\"},{\"@type\":\"ListItem\",\"position\":2,\"name\":\"Papst Franziskus: &quot;Man nutze bitte nicht Getreide als Kriegswaffe&quot;\"}]},{\"@type\":\"WebSite\",\"@id\":\"https:\/\/now-news.de\/de\/#website\",\"url\":\"https:\/\/now-news.de\/de\/\",\"name\":\"just-now.NEWS Deutschland\",\"description\":\"Das Portal f\u00fcr unzensierte Nachrichten aus der Welt\",\"publisher\":{\"@id\":\"https:\/\/now-news.de\/de\/#organization\"},\"potentialAction\":[{\"@type\":\"SearchAction\",\"target\":{\"@type\":\"EntryPoint\",\"urlTemplate\":\"https:\/\/now-news.de\/de\/?s={search_term_string}\"},\"query-input\":\"required name=search_term_string\"}],\"inLanguage\":\"de\"},{\"@type\":\"Organization\",\"@id\":\"https:\/\/now-news.de\/de\/#organization\",\"name\":\"Just Now News\",\"url\":\"https:\/\/now-news.de\/de\/\",\"logo\":{\"@type\":\"ImageObject\",\"inLanguage\":\"de\",\"@id\":\"https:\/\/now-news.de\/de\/#\/schema\/logo\/image\/\",\"url\":\"http:\/\/just-now.news\/de\/wp-content\/uploads\/sites\/3\/2022\/04\/logo500x500.jpg\",\"contentUrl\":\"http:\/\/just-now.news\/de\/wp-content\/uploads\/sites\/3\/2022\/04\/logo500x500.jpg\",\"width\":500,\"height\":500,\"caption\":\"Just Now News\"},\"image\":{\"@id\":\"https:\/\/now-news.de\/de\/#\/schema\/logo\/image\/\"},\"sameAs\":[\"https:\/\/www.facebook.com\/wirmachenauf\",\"https:\/\/x.com\/WirMachenAuf_de\"]},{\"@type\":\"Person\",\"@id\":\"https:\/\/now-news.de\/de\/#\/schema\/person\/fb534a4e865501d8b3285208df34a9b5\",\"name\":\"rtnews\",\"image\":{\"@type\":\"ImageObject\",\"inLanguage\":\"de\",\"@id\":\"https:\/\/now-news.de\/de\/#\/schema\/person\/image\/\",\"url\":\"https:\/\/secure.gravatar.com\/avatar\/82aafea7d8127119dd649515f56e2117?s=96&d=mm&r=g\",\"contentUrl\":\"https:\/\/secure.gravatar.com\/avatar\/82aafea7d8127119dd649515f56e2117?s=96&d=mm&r=g\",\"caption\":\"rtnews\"},\"url\":\"https:\/\/now-news.de\/de\/author\/rnews\/\"}]}<\/script>\n<!-- \/ Yoast SEO Premium plugin. -->","yoast_head_json":{"title":"Papst Franziskus: &quot;Man nutze bitte nicht Getreide als Kriegswaffe&quot; - just-now.NEWS Deutschland","robots":{"index":"index","follow":"follow","max-snippet":"max-snippet:-1","max-image-preview":"max-image-preview:large","max-video-preview":"max-video-preview:-1"},"canonical":"https:\/\/now-news.de\/de\/deutschland\/papst-franziskus-man-nutze-bitte-nicht-getreide-als-kriegswaffe\/","og_locale":"de_DE","og_type":"article","og_title":"Papst Franziskus: &quot;Man nutze bitte nicht Getreide als Kriegswaffe&quot;","og_description":"Das Oberhaupt der r\u00f6misch-katholischen Kirche, Papst Franziskus, hat die Weltgemeinschaft auf Probleme des Mangels an Grundnahrungsmitteln aufmerksam gemacht und dazu aufgerufen, Getreide nicht als Kriegswaffe zu nutzen. Davon h\u00e4nge das Leben von Millionen Menschen ab. Papst Franziskus hat bei der Generalaudienz vor zahlreichen Gl\u00e4ubigen auf dem Petersplatz in Rom die Problematik der Weizen-Knappheit in der [&hellip;]","og_url":"https:\/\/now-news.de\/de\/deutschland\/papst-franziskus-man-nutze-bitte-nicht-getreide-als-kriegswaffe\/","og_site_name":"just-now.NEWS Deutschland","article_publisher":"https:\/\/www.facebook.com\/wirmachenauf","article_published_time":"2022-06-01T19:41:16+00:00","og_image":[{"width":460,"height":259,"url":"https:\/\/now-news.de\/de\/wp-content\/uploads\/sites\/3\/2022\/06\/Papst-Franziskus-quotMan-nutze-bitte-nicht-Getreide-als-Kriegswaffequot.jpg","type":"image\/jpeg"}],"author":"rtnews","twitter_card":"summary_large_image","twitter_creator":"@WirMachenAuf_de","twitter_site":"@WirMachenAuf_de","twitter_misc":{"Verfasst von":"rtnews","Gesch\u00e4tzte Lesezeit":"3\u00a0Minuten"},"schema":{"@context":"https:\/\/schema.org","@graph":[{"@type":"Article","@id":"https:\/\/now-news.de\/de\/deutschland\/papst-franziskus-man-nutze-bitte-nicht-getreide-als-kriegswaffe\/#article","isPartOf":{"@id":"https:\/\/now-news.de\/de\/deutschland\/papst-franziskus-man-nutze-bitte-nicht-getreide-als-kriegswaffe\/"},"author":{"name":"rtnews","@id":"https:\/\/now-news.de\/de\/#\/schema\/person\/fb534a4e865501d8b3285208df34a9b5"},"headline":"Papst Franziskus: &quot;Man nutze bitte nicht Getreide als Kriegswaffe&quot;","datePublished":"2022-06-01T19:41:16+00:00","dateModified":"2022-06-01T19:41:16+00:00","mainEntityOfPage":{"@id":"https:\/\/now-news.de\/de\/deutschland\/papst-franziskus-man-nutze-bitte-nicht-getreide-als-kriegswaffe\/"},"wordCount":552,"commentCount":0,"publisher":{"@id":"https:\/\/now-news.de\/de\/#organization"},"image":{"@id":"https:\/\/now-news.de\/de\/deutschland\/papst-franziskus-man-nutze-bitte-nicht-getreide-als-kriegswaffe\/#primaryimage"},"thumbnailUrl":"https:\/\/now-news.de\/de\/wp-content\/uploads\/sites\/3\/2022\/06\/Papst-Franziskus-quotMan-nutze-bitte-nicht-Getreide-als-Kriegswaffequot.jpg","keywords":["als","bitte","FRANZISKUS","Getreide","Kriegswaffequot","nicht","nutze","papst","quotMan"],"articleSection":["Deutschland","Russland"],"inLanguage":"de","potentialAction":[{"@type":"CommentAction","name":"Comment","target":["https:\/\/now-news.de\/de\/deutschland\/papst-franziskus-man-nutze-bitte-nicht-getreide-als-kriegswaffe\/#respond"]}]},{"@type":"WebPage","@id":"https:\/\/now-news.de\/de\/deutschland\/papst-franziskus-man-nutze-bitte-nicht-getreide-als-kriegswaffe\/","url":"https:\/\/now-news.de\/de\/deutschland\/papst-franziskus-man-nutze-bitte-nicht-getreide-als-kriegswaffe\/","name":"Papst Franziskus: &quot;Man nutze bitte nicht Getreide als Kriegswaffe&quot; - just-now.NEWS Deutschland","isPartOf":{"@id":"https:\/\/now-news.de\/de\/#website"},"primaryImageOfPage":{"@id":"https:\/\/now-news.de\/de\/deutschland\/papst-franziskus-man-nutze-bitte-nicht-getreide-als-kriegswaffe\/#primaryimage"},"image":{"@id":"https:\/\/now-news.de\/de\/deutschland\/papst-franziskus-man-nutze-bitte-nicht-getreide-als-kriegswaffe\/#primaryimage"},"thumbnailUrl":"https:\/\/now-news.de\/de\/wp-content\/uploads\/sites\/3\/2022\/06\/Papst-Franziskus-quotMan-nutze-bitte-nicht-Getreide-als-Kriegswaffequot.jpg","datePublished":"2022-06-01T19:41:16+00:00","dateModified":"2022-06-01T19:41:16+00:00","breadcrumb":{"@id":"https:\/\/now-news.de\/de\/deutschland\/papst-franziskus-man-nutze-bitte-nicht-getreide-als-kriegswaffe\/#breadcrumb"},"inLanguage":"de","potentialAction":[{"@type":"ReadAction","target":["https:\/\/now-news.de\/de\/deutschland\/papst-franziskus-man-nutze-bitte-nicht-getreide-als-kriegswaffe\/"]}]},{"@type":"ImageObject","inLanguage":"de","@id":"https:\/\/now-news.de\/de\/deutschland\/papst-franziskus-man-nutze-bitte-nicht-getreide-als-kriegswaffe\/#primaryimage","url":"https:\/\/now-news.de\/de\/wp-content\/uploads\/sites\/3\/2022\/06\/Papst-Franziskus-quotMan-nutze-bitte-nicht-Getreide-als-Kriegswaffequot.jpg","contentUrl":"https:\/\/now-news.de\/de\/wp-content\/uploads\/sites\/3\/2022\/06\/Papst-Franziskus-quotMan-nutze-bitte-nicht-Getreide-als-Kriegswaffequot.jpg","width":460,"height":259,"caption":"Papst Franziskus: &quot;Man nutze bitte nicht Getreide als Kriegswaffe&quot;"},{"@type":"BreadcrumbList","@id":"https:\/\/now-news.de\/de\/deutschland\/papst-franziskus-man-nutze-bitte-nicht-getreide-als-kriegswaffe\/#breadcrumb","itemListElement":[{"@type":"ListItem","position":1,"name":"Home","item":"https:\/\/now-news.de\/de\/"},{"@type":"ListItem","position":2,"name":"Papst Franziskus: &quot;Man nutze bitte nicht Getreide als Kriegswaffe&quot;"}]},{"@type":"WebSite","@id":"https:\/\/now-news.de\/de\/#website","url":"https:\/\/now-news.de\/de\/","name":"just-now.NEWS Deutschland","description":"Das Portal f\u00fcr unzensierte Nachrichten aus der Welt","publisher":{"@id":"https:\/\/now-news.de\/de\/#organization"},"potentialAction":[{"@type":"SearchAction","target":{"@type":"EntryPoint","urlTemplate":"https:\/\/now-news.de\/de\/?s={search_term_string}"},"query-input":"required name=search_term_string"}],"inLanguage":"de"},{"@type":"Organization","@id":"https:\/\/now-news.de\/de\/#organization","name":"Just Now News","url":"https:\/\/now-news.de\/de\/","logo":{"@type":"ImageObject","inLanguage":"de","@id":"https:\/\/now-news.de\/de\/#\/schema\/logo\/image\/","url":"http:\/\/just-now.news\/de\/wp-content\/uploads\/sites\/3\/2022\/04\/logo500x500.jpg","contentUrl":"http:\/\/just-now.news\/de\/wp-content\/uploads\/sites\/3\/2022\/04\/logo500x500.jpg","width":500,"height":500,"caption":"Just Now News"},"image":{"@id":"https:\/\/now-news.de\/de\/#\/schema\/logo\/image\/"},"sameAs":["https:\/\/www.facebook.com\/wirmachenauf","https:\/\/x.com\/WirMachenAuf_de"]},{"@type":"Person","@id":"https:\/\/now-news.de\/de\/#\/schema\/person\/fb534a4e865501d8b3285208df34a9b5","name":"rtnews","image":{"@type":"ImageObject","inLanguage":"de","@id":"https:\/\/now-news.de\/de\/#\/schema\/person\/image\/","url":"https:\/\/secure.gravatar.com\/avatar\/82aafea7d8127119dd649515f56e2117?s=96&d=mm&r=g","contentUrl":"https:\/\/secure.gravatar.com\/avatar\/82aafea7d8127119dd649515f56e2117?s=96&d=mm&r=g","caption":"rtnews"},"url":"https:\/\/now-news.de\/de\/author\/rnews\/"}]}},"_links":{"self":[{"href":"https:\/\/now-news.de\/de\/wp-json\/wp\/v2\/posts\/9528"}],"collection":[{"href":"https:\/\/now-news.de\/de\/wp-json\/wp\/v2\/posts"}],"about":[{"href":"https:\/\/now-news.de\/de\/wp-json\/wp\/v2\/types\/post"}],"author":[{"embeddable":true,"href":"https:\/\/now-news.de\/de\/wp-json\/wp\/v2\/users\/3"}],"replies":[{"embeddable":true,"href":"https:\/\/now-news.de\/de\/wp-json\/wp\/v2\/comments?post=9528"}],"version-history":[{"count":0,"href":"https:\/\/now-news.de\/de\/wp-json\/wp\/v2\/posts\/9528\/revisions"}],"wp:featuredmedia":[{"embeddable":true,"href":"https:\/\/now-news.de\/de\/wp-json\/wp\/v2\/media\/9529"}],"wp:attachment":[{"href":"https:\/\/now-news.de\/de\/wp-json\/wp\/v2\/media?parent=9528"}],"wp:term":[{"taxonomy":"category","embeddable":true,"href":"https:\/\/now-news.de\/de\/wp-json\/wp\/v2\/categories?post=9528"},{"taxonomy":"post_tag","embeddable":true,"href":"https:\/\/now-news.de\/de\/wp-json\/wp\/v2\/tags?post=9528"}],"curies":[{"name":"wp","href":"https:\/\/api.w.org\/{rel}","templated":true}]}}