{"id":95199,"date":"2025-12-05T07:30:45","date_gmt":"2025-12-05T05:30:45","guid":{"rendered":"https:\/\/now-news.de\/de\/deutschland\/jahresbilanz-mit-wladimir-putin-kremlchef-antwortet-am-19-dezember-im-tv-auf-fragen\/"},"modified":"2025-12-05T07:30:45","modified_gmt":"2025-12-05T05:30:45","slug":"jahresbilanz-mit-wladimir-putin-kremlchef-antwortet-am-19-dezember-im-tv-auf-fragen","status":"publish","type":"post","link":"https:\/\/now-news.de\/de\/deutschland\/jahresbilanz-mit-wladimir-putin-kremlchef-antwortet-am-19-dezember-im-tv-auf-fragen\/","title":{"rendered":"&quot;Jahresbilanz mit Wladimir Putin&quot;: Kremlchef antwortet am 19. Dezember im TV auf Fragen"},"content":{"rendered":"<p><img decoding=\"async\" src=\"https:\/\/now-news.de\/de\/wp-content\/uploads\/sites\/3\/2025\/12\/69314dd1b480cc12e21d5401.jpg\" \/><\/p>\n<div class=\"Text-root Text-type_1 \">\n                Jedes Jahr organisiert Russlands Staatschef Wladimir Putin einen direkten Draht zu seinen Mitb\u00fcrgern und Journalisten. Diesmal findet die Veranstaltung am 19. Dezember statt. Seit diesem Donnerstag werden landesweit Fragen f\u00fcr die &#8220;Jahresbilanz mit Wladimir Putin&#8221; gesammelt.\n            <\/div>\n<p><\/p>\n<div class=\"Text-root Text-type_5 ArticleView-text ViewText-root \">\n<p>Diese j\u00e4hrliche Veranstaltung wird von langer Hand und aufs Gr\u00fcndlichste vorbereitet \u2013 die &#8220;Jahresbilanz mit Wladimir Putin&#8221;. Seit Anfang der 2000er Jahre organisiert der russische Pr\u00e4sident einen direkten Draht zu seinen Landsleuten und Journalisten, indem er im Fernsehen in Echtzeit auf ihre Fragen antwortet. Diesmal findet die Fragerunde am 19. Dezember um 10 Uhr MEZ statt.<\/p>\n<p>Seit dem 4. Dezember werden landesweit Fragen f\u00fcr die Veranstaltung gesammelt. Wer den Kremlchef um Auskunft bitten will, kann dies auf der extra daf\u00fcr eingerichteten Webseite <a rel=\"nofollow noopener\" target=\"_blank\" href=\"https:\/\/moskva-putinu.ru\/\">moskva-putinu.ru<\/a>, per SMS oder MMS unter 0-40-40, per Telefon unter 8-800-200-40-40,\u00a0\u00fcber die sozialen Netzwerke Vkontakte und Odnoklassniki oder per Messaging-Dienst MAX tun. Fragen werden als Text, Audio-Datei und Video angenommen. Man kann sie bis zum Ende der Veranstaltung am 19. Dezember stellen.<\/p>\n<p>Im\u00a0vergangenen\u00a0Jahr hatte die &#8220;Jahresbilanz mit Wladimir Putin&#8221; ebenfalls am 19. Dezember stattgefunden. Sie dauerte 4,5 Stunden lang. In dieser Zeit beantwortete der Pr\u00e4sident 76 Fragen.<\/p>\n<p>Vor dem Ausbruch der COVID-19-Pandemie im Jahr 2020 veranstaltete Putin jedes Jahr zwei separate Fragerunden \u2013 eine f\u00fcr Journalisten und\u00a0eine weitere f\u00fcr Russlands Staatsb\u00fcrger. Im Zusammenhang mit den Corona-Beschr\u00e4nkungen musste das Format ge\u00e4ndert werden, sodass man die beiden TV-Sendungen zu einer einzigen fusionierte. Im Jahr 2022 fiel die Veranstaltung aus und fand 2023 erstmals unter dem aktuellen Namen &#8220;Jahresbilanz mit Wladimir Putin&#8221; wieder statt. Im Rahmen seiner Direkter-Draht-Konferenzen stand der Kremlchef bislang gew\u00f6hnlich donnerstags Rede und Antwort. Es gab nur zwei Ausnahmen: am 23. Dezember 2016 und am 30. Juni 2021 \u2013 das waren ein Freitag und ein Mittwoch.<\/p>\n<p><strong>Mehr zum Thema &#8211;<\/strong>\u00a0<a rel=\"nofollow noopener\" target=\"_blank\" href=\"https:\/\/freedert.online\/russland\/140608-erstmals-seit-vielen-jahren-putins\/\">Erstmals seit vielen Jahren: Putins traditionelle Fragestunde verschoben<\/a><\/p>\n<\/div>\n<p><br \/>\n<br \/><a href=\"https:\/\/de.rt.com\/russland\/263758-jahresbilanz-mit-wladimir-putin-kremlchef-antwortet-am-19-dezember-auf-fragen\/\">Source link <\/a><\/p>\n","protected":false},"excerpt":{"rendered":"<p>Jedes Jahr organisiert Russlands Staatschef Wladimir Putin einen direkten Draht zu seinen Mitb\u00fcrgern und Journalisten. Diesmal findet die Veranstaltung am 19. Dezember statt. Seit diesem Donnerstag werden landesweit Fragen f\u00fcr die &#8220;Jahresbilanz mit Wladimir Putin&#8221; gesammelt. Diese j\u00e4hrliche Veranstaltung wird von langer Hand und aufs Gr\u00fcndlichste vorbereitet \u2013 die &#8220;Jahresbilanz mit Wladimir Putin&#8221;. Seit Anfang [&hellip;]<\/p>\n","protected":false},"author":3,"featured_media":95200,"comment_status":"open","ping_status":"open","sticky":false,"template":"","format":"standard","meta":{"_yoast_indexnow_last_ping":["1764920980"],"wp_automatic_camp":["217"],"ee0056fa4e61334b2b17a7f8eb7fb484":["&quot;Jahresbilanz mit Wladimir Putin&quot;: Kremlchef antwortet am 19. Dezember im TV auf Fragen"],"original_link":["https:\/\/de.rt.com\/russland\/263758-jahresbilanz-mit-wladimir-putin-kremlchef-antwortet-am-19-dezember-auf-fragen\/"],"_thumbnail_id":["95200"],"jnews_social_counter_last_update":["1777580624"],"_wptgpro_p2tg_sent2tg":["a:1:{i:23737;s:19:\"2025-12-05 09:50:40\";}"]},"categories":[19,23],"tags":[19076,133,27170,13035,69657,419,22883,69656,6987],"yoast_head":"<!-- This site is optimized with the Yoast SEO Premium plugin v22.7 (Yoast SEO v22.7) - https:\/\/yoast.com\/wordpress\/plugins\/seo\/ -->\n<title>&quot;Jahresbilanz mit Wladimir Putin&quot;: Kremlchef antwortet am 19. Dezember im TV auf Fragen - just-now.NEWS Deutschland<\/title>\n<meta name=\"robots\" content=\"index, follow, max-snippet:-1, max-image-preview:large, max-video-preview:-1\" \/>\n<link rel=\"canonical\" href=\"https:\/\/now-news.de\/de\/deutschland\/jahresbilanz-mit-wladimir-putin-kremlchef-antwortet-am-19-dezember-im-tv-auf-fragen\/\" \/>\n<meta property=\"og:locale\" content=\"de_DE\" \/>\n<meta property=\"og:type\" content=\"article\" \/>\n<meta property=\"og:title\" content=\"&quot;Jahresbilanz mit Wladimir Putin&quot;: Kremlchef antwortet am 19. Dezember im TV auf Fragen\" \/>\n<meta property=\"og:description\" content=\"Jedes Jahr organisiert Russlands Staatschef Wladimir Putin einen direkten Draht zu seinen Mitb\u00fcrgern und Journalisten. Diesmal findet die Veranstaltung am 19. Dezember statt. Seit diesem Donnerstag werden landesweit Fragen f\u00fcr die &#8220;Jahresbilanz mit Wladimir Putin&#8221; gesammelt. Diese j\u00e4hrliche Veranstaltung wird von langer Hand und aufs Gr\u00fcndlichste vorbereitet \u2013 die &#8220;Jahresbilanz mit Wladimir Putin&#8221;. Seit Anfang [&hellip;]\" \/>\n<meta property=\"og:url\" content=\"https:\/\/now-news.de\/de\/deutschland\/jahresbilanz-mit-wladimir-putin-kremlchef-antwortet-am-19-dezember-im-tv-auf-fragen\/\" \/>\n<meta property=\"og:site_name\" content=\"just-now.NEWS Deutschland\" \/>\n<meta property=\"article:publisher\" content=\"https:\/\/www.facebook.com\/wirmachenauf\" \/>\n<meta property=\"article:published_time\" content=\"2025-12-05T05:30:45+00:00\" \/>\n<meta property=\"og:image\" content=\"https:\/\/now-news.de\/de\/wp-content\/uploads\/sites\/3\/2025\/12\/69314dd1b480cc12e21d5401.jpg\" \/>\n<meta name=\"author\" content=\"rtnews\" \/>\n<meta name=\"twitter:card\" content=\"summary_large_image\" \/>\n<meta name=\"twitter:creator\" content=\"@WirMachenAuf_de\" \/>\n<meta name=\"twitter:site\" content=\"@WirMachenAuf_de\" \/>\n<meta name=\"twitter:label1\" content=\"Verfasst von\" \/>\n\t<meta name=\"twitter:data1\" content=\"rtnews\" \/>\n\t<meta name=\"twitter:label2\" content=\"Gesch\u00e4tzte Lesezeit\" \/>\n\t<meta name=\"twitter:data2\" content=\"2\u00a0Minuten\" \/>\n<script type=\"application\/ld+json\" class=\"yoast-schema-graph\">{\"@context\":\"https:\/\/schema.org\",\"@graph\":[{\"@type\":\"Article\",\"@id\":\"https:\/\/now-news.de\/de\/deutschland\/jahresbilanz-mit-wladimir-putin-kremlchef-antwortet-am-19-dezember-im-tv-auf-fragen\/#article\",\"isPartOf\":{\"@id\":\"https:\/\/now-news.de\/de\/deutschland\/jahresbilanz-mit-wladimir-putin-kremlchef-antwortet-am-19-dezember-im-tv-auf-fragen\/\"},\"author\":{\"name\":\"rtnews\",\"@id\":\"https:\/\/now-news.de\/de\/#\/schema\/person\/fb534a4e865501d8b3285208df34a9b5\"},\"headline\":\"&quot;Jahresbilanz mit Wladimir Putin&quot;: Kremlchef antwortet am 19. Dezember im TV auf Fragen\",\"datePublished\":\"2025-12-05T05:30:45+00:00\",\"dateModified\":\"2025-12-05T05:30:45+00:00\",\"mainEntityOfPage\":{\"@id\":\"https:\/\/now-news.de\/de\/deutschland\/jahresbilanz-mit-wladimir-putin-kremlchef-antwortet-am-19-dezember-im-tv-auf-fragen\/\"},\"wordCount\":319,\"commentCount\":0,\"publisher\":{\"@id\":\"https:\/\/now-news.de\/de\/#organization\"},\"image\":{\"@id\":\"https:\/\/now-news.de\/de\/deutschland\/jahresbilanz-mit-wladimir-putin-kremlchef-antwortet-am-19-dezember-im-tv-auf-fragen\/#primaryimage\"},\"thumbnailUrl\":\"https:\/\/now-news.de\/de\/wp-content\/uploads\/sites\/3\/2025\/12\/quotJahresbilanz-mit-Wladimir-Putinquot-Kremlchef-antwortet-am-19-Dezember-im.jpg\",\"keywords\":[\"antwortet\",\"AUF\",\"Dezember\",\"Fragen\",\"Kremlchef\",\"mit\",\"Putinquot\",\"quotJahresbilanz\",\"Wladimir\"],\"articleSection\":[\"Deutschland\",\"Russland\"],\"inLanguage\":\"de\",\"potentialAction\":[{\"@type\":\"CommentAction\",\"name\":\"Comment\",\"target\":[\"https:\/\/now-news.de\/de\/deutschland\/jahresbilanz-mit-wladimir-putin-kremlchef-antwortet-am-19-dezember-im-tv-auf-fragen\/#respond\"]}]},{\"@type\":\"WebPage\",\"@id\":\"https:\/\/now-news.de\/de\/deutschland\/jahresbilanz-mit-wladimir-putin-kremlchef-antwortet-am-19-dezember-im-tv-auf-fragen\/\",\"url\":\"https:\/\/now-news.de\/de\/deutschland\/jahresbilanz-mit-wladimir-putin-kremlchef-antwortet-am-19-dezember-im-tv-auf-fragen\/\",\"name\":\"&quot;Jahresbilanz mit Wladimir Putin&quot;: Kremlchef antwortet am 19. Dezember im TV auf Fragen - just-now.NEWS Deutschland\",\"isPartOf\":{\"@id\":\"https:\/\/now-news.de\/de\/#website\"},\"primaryImageOfPage\":{\"@id\":\"https:\/\/now-news.de\/de\/deutschland\/jahresbilanz-mit-wladimir-putin-kremlchef-antwortet-am-19-dezember-im-tv-auf-fragen\/#primaryimage\"},\"image\":{\"@id\":\"https:\/\/now-news.de\/de\/deutschland\/jahresbilanz-mit-wladimir-putin-kremlchef-antwortet-am-19-dezember-im-tv-auf-fragen\/#primaryimage\"},\"thumbnailUrl\":\"https:\/\/now-news.de\/de\/wp-content\/uploads\/sites\/3\/2025\/12\/quotJahresbilanz-mit-Wladimir-Putinquot-Kremlchef-antwortet-am-19-Dezember-im.jpg\",\"datePublished\":\"2025-12-05T05:30:45+00:00\",\"dateModified\":\"2025-12-05T05:30:45+00:00\",\"breadcrumb\":{\"@id\":\"https:\/\/now-news.de\/de\/deutschland\/jahresbilanz-mit-wladimir-putin-kremlchef-antwortet-am-19-dezember-im-tv-auf-fragen\/#breadcrumb\"},\"inLanguage\":\"de\",\"potentialAction\":[{\"@type\":\"ReadAction\",\"target\":[\"https:\/\/now-news.de\/de\/deutschland\/jahresbilanz-mit-wladimir-putin-kremlchef-antwortet-am-19-dezember-im-tv-auf-fragen\/\"]}]},{\"@type\":\"ImageObject\",\"inLanguage\":\"de\",\"@id\":\"https:\/\/now-news.de\/de\/deutschland\/jahresbilanz-mit-wladimir-putin-kremlchef-antwortet-am-19-dezember-im-tv-auf-fragen\/#primaryimage\",\"url\":\"https:\/\/now-news.de\/de\/wp-content\/uploads\/sites\/3\/2025\/12\/quotJahresbilanz-mit-Wladimir-Putinquot-Kremlchef-antwortet-am-19-Dezember-im.jpg\",\"contentUrl\":\"https:\/\/now-news.de\/de\/wp-content\/uploads\/sites\/3\/2025\/12\/quotJahresbilanz-mit-Wladimir-Putinquot-Kremlchef-antwortet-am-19-Dezember-im.jpg\",\"width\":460,\"height\":259,\"caption\":\"&quot;Jahresbilanz mit Wladimir Putin&quot;: Kremlchef antwortet am 19. Dezember im TV auf Fragen\"},{\"@type\":\"BreadcrumbList\",\"@id\":\"https:\/\/now-news.de\/de\/deutschland\/jahresbilanz-mit-wladimir-putin-kremlchef-antwortet-am-19-dezember-im-tv-auf-fragen\/#breadcrumb\",\"itemListElement\":[{\"@type\":\"ListItem\",\"position\":1,\"name\":\"Home\",\"item\":\"https:\/\/now-news.de\/de\/\"},{\"@type\":\"ListItem\",\"position\":2,\"name\":\"&quot;Jahresbilanz mit Wladimir Putin&quot;: Kremlchef antwortet am 19. Dezember im TV auf Fragen\"}]},{\"@type\":\"WebSite\",\"@id\":\"https:\/\/now-news.de\/de\/#website\",\"url\":\"https:\/\/now-news.de\/de\/\",\"name\":\"just-now.NEWS Deutschland\",\"description\":\"Das Portal f\u00fcr unzensierte Nachrichten aus der Welt\",\"publisher\":{\"@id\":\"https:\/\/now-news.de\/de\/#organization\"},\"potentialAction\":[{\"@type\":\"SearchAction\",\"target\":{\"@type\":\"EntryPoint\",\"urlTemplate\":\"https:\/\/now-news.de\/de\/?s={search_term_string}\"},\"query-input\":\"required name=search_term_string\"}],\"inLanguage\":\"de\"},{\"@type\":\"Organization\",\"@id\":\"https:\/\/now-news.de\/de\/#organization\",\"name\":\"Just Now News\",\"url\":\"https:\/\/now-news.de\/de\/\",\"logo\":{\"@type\":\"ImageObject\",\"inLanguage\":\"de\",\"@id\":\"https:\/\/now-news.de\/de\/#\/schema\/logo\/image\/\",\"url\":\"http:\/\/just-now.news\/de\/wp-content\/uploads\/sites\/3\/2022\/04\/logo500x500.jpg\",\"contentUrl\":\"http:\/\/just-now.news\/de\/wp-content\/uploads\/sites\/3\/2022\/04\/logo500x500.jpg\",\"width\":500,\"height\":500,\"caption\":\"Just Now News\"},\"image\":{\"@id\":\"https:\/\/now-news.de\/de\/#\/schema\/logo\/image\/\"},\"sameAs\":[\"https:\/\/www.facebook.com\/wirmachenauf\",\"https:\/\/x.com\/WirMachenAuf_de\"]},{\"@type\":\"Person\",\"@id\":\"https:\/\/now-news.de\/de\/#\/schema\/person\/fb534a4e865501d8b3285208df34a9b5\",\"name\":\"rtnews\",\"image\":{\"@type\":\"ImageObject\",\"inLanguage\":\"de\",\"@id\":\"https:\/\/now-news.de\/de\/#\/schema\/person\/image\/\",\"url\":\"https:\/\/secure.gravatar.com\/avatar\/82aafea7d8127119dd649515f56e2117?s=96&d=mm&r=g\",\"contentUrl\":\"https:\/\/secure.gravatar.com\/avatar\/82aafea7d8127119dd649515f56e2117?s=96&d=mm&r=g\",\"caption\":\"rtnews\"},\"url\":\"https:\/\/now-news.de\/de\/author\/rnews\/\"}]}<\/script>\n<!-- \/ Yoast SEO Premium plugin. -->","yoast_head_json":{"title":"&quot;Jahresbilanz mit Wladimir Putin&quot;: Kremlchef antwortet am 19. Dezember im TV auf Fragen - just-now.NEWS Deutschland","robots":{"index":"index","follow":"follow","max-snippet":"max-snippet:-1","max-image-preview":"max-image-preview:large","max-video-preview":"max-video-preview:-1"},"canonical":"https:\/\/now-news.de\/de\/deutschland\/jahresbilanz-mit-wladimir-putin-kremlchef-antwortet-am-19-dezember-im-tv-auf-fragen\/","og_locale":"de_DE","og_type":"article","og_title":"&quot;Jahresbilanz mit Wladimir Putin&quot;: Kremlchef antwortet am 19. Dezember im TV auf Fragen","og_description":"Jedes Jahr organisiert Russlands Staatschef Wladimir Putin einen direkten Draht zu seinen Mitb\u00fcrgern und Journalisten. Diesmal findet die Veranstaltung am 19. Dezember statt. Seit diesem Donnerstag werden landesweit Fragen f\u00fcr die &#8220;Jahresbilanz mit Wladimir Putin&#8221; gesammelt. Diese j\u00e4hrliche Veranstaltung wird von langer Hand und aufs Gr\u00fcndlichste vorbereitet \u2013 die &#8220;Jahresbilanz mit Wladimir Putin&#8221;. Seit Anfang [&hellip;]","og_url":"https:\/\/now-news.de\/de\/deutschland\/jahresbilanz-mit-wladimir-putin-kremlchef-antwortet-am-19-dezember-im-tv-auf-fragen\/","og_site_name":"just-now.NEWS Deutschland","article_publisher":"https:\/\/www.facebook.com\/wirmachenauf","article_published_time":"2025-12-05T05:30:45+00:00","og_image":[{"url":"https:\/\/now-news.de\/de\/wp-content\/uploads\/sites\/3\/2025\/12\/69314dd1b480cc12e21d5401.jpg"}],"author":"rtnews","twitter_card":"summary_large_image","twitter_creator":"@WirMachenAuf_de","twitter_site":"@WirMachenAuf_de","twitter_misc":{"Verfasst von":"rtnews","Gesch\u00e4tzte Lesezeit":"2\u00a0Minuten"},"schema":{"@context":"https:\/\/schema.org","@graph":[{"@type":"Article","@id":"https:\/\/now-news.de\/de\/deutschland\/jahresbilanz-mit-wladimir-putin-kremlchef-antwortet-am-19-dezember-im-tv-auf-fragen\/#article","isPartOf":{"@id":"https:\/\/now-news.de\/de\/deutschland\/jahresbilanz-mit-wladimir-putin-kremlchef-antwortet-am-19-dezember-im-tv-auf-fragen\/"},"author":{"name":"rtnews","@id":"https:\/\/now-news.de\/de\/#\/schema\/person\/fb534a4e865501d8b3285208df34a9b5"},"headline":"&quot;Jahresbilanz mit Wladimir Putin&quot;: Kremlchef antwortet am 19. Dezember im TV auf Fragen","datePublished":"2025-12-05T05:30:45+00:00","dateModified":"2025-12-05T05:30:45+00:00","mainEntityOfPage":{"@id":"https:\/\/now-news.de\/de\/deutschland\/jahresbilanz-mit-wladimir-putin-kremlchef-antwortet-am-19-dezember-im-tv-auf-fragen\/"},"wordCount":319,"commentCount":0,"publisher":{"@id":"https:\/\/now-news.de\/de\/#organization"},"image":{"@id":"https:\/\/now-news.de\/de\/deutschland\/jahresbilanz-mit-wladimir-putin-kremlchef-antwortet-am-19-dezember-im-tv-auf-fragen\/#primaryimage"},"thumbnailUrl":"https:\/\/now-news.de\/de\/wp-content\/uploads\/sites\/3\/2025\/12\/quotJahresbilanz-mit-Wladimir-Putinquot-Kremlchef-antwortet-am-19-Dezember-im.jpg","keywords":["antwortet","AUF","Dezember","Fragen","Kremlchef","mit","Putinquot","quotJahresbilanz","Wladimir"],"articleSection":["Deutschland","Russland"],"inLanguage":"de","potentialAction":[{"@type":"CommentAction","name":"Comment","target":["https:\/\/now-news.de\/de\/deutschland\/jahresbilanz-mit-wladimir-putin-kremlchef-antwortet-am-19-dezember-im-tv-auf-fragen\/#respond"]}]},{"@type":"WebPage","@id":"https:\/\/now-news.de\/de\/deutschland\/jahresbilanz-mit-wladimir-putin-kremlchef-antwortet-am-19-dezember-im-tv-auf-fragen\/","url":"https:\/\/now-news.de\/de\/deutschland\/jahresbilanz-mit-wladimir-putin-kremlchef-antwortet-am-19-dezember-im-tv-auf-fragen\/","name":"&quot;Jahresbilanz mit Wladimir Putin&quot;: Kremlchef antwortet am 19. Dezember im TV auf Fragen - just-now.NEWS Deutschland","isPartOf":{"@id":"https:\/\/now-news.de\/de\/#website"},"primaryImageOfPage":{"@id":"https:\/\/now-news.de\/de\/deutschland\/jahresbilanz-mit-wladimir-putin-kremlchef-antwortet-am-19-dezember-im-tv-auf-fragen\/#primaryimage"},"image":{"@id":"https:\/\/now-news.de\/de\/deutschland\/jahresbilanz-mit-wladimir-putin-kremlchef-antwortet-am-19-dezember-im-tv-auf-fragen\/#primaryimage"},"thumbnailUrl":"https:\/\/now-news.de\/de\/wp-content\/uploads\/sites\/3\/2025\/12\/quotJahresbilanz-mit-Wladimir-Putinquot-Kremlchef-antwortet-am-19-Dezember-im.jpg","datePublished":"2025-12-05T05:30:45+00:00","dateModified":"2025-12-05T05:30:45+00:00","breadcrumb":{"@id":"https:\/\/now-news.de\/de\/deutschland\/jahresbilanz-mit-wladimir-putin-kremlchef-antwortet-am-19-dezember-im-tv-auf-fragen\/#breadcrumb"},"inLanguage":"de","potentialAction":[{"@type":"ReadAction","target":["https:\/\/now-news.de\/de\/deutschland\/jahresbilanz-mit-wladimir-putin-kremlchef-antwortet-am-19-dezember-im-tv-auf-fragen\/"]}]},{"@type":"ImageObject","inLanguage":"de","@id":"https:\/\/now-news.de\/de\/deutschland\/jahresbilanz-mit-wladimir-putin-kremlchef-antwortet-am-19-dezember-im-tv-auf-fragen\/#primaryimage","url":"https:\/\/now-news.de\/de\/wp-content\/uploads\/sites\/3\/2025\/12\/quotJahresbilanz-mit-Wladimir-Putinquot-Kremlchef-antwortet-am-19-Dezember-im.jpg","contentUrl":"https:\/\/now-news.de\/de\/wp-content\/uploads\/sites\/3\/2025\/12\/quotJahresbilanz-mit-Wladimir-Putinquot-Kremlchef-antwortet-am-19-Dezember-im.jpg","width":460,"height":259,"caption":"&quot;Jahresbilanz mit Wladimir Putin&quot;: Kremlchef antwortet am 19. Dezember im TV auf Fragen"},{"@type":"BreadcrumbList","@id":"https:\/\/now-news.de\/de\/deutschland\/jahresbilanz-mit-wladimir-putin-kremlchef-antwortet-am-19-dezember-im-tv-auf-fragen\/#breadcrumb","itemListElement":[{"@type":"ListItem","position":1,"name":"Home","item":"https:\/\/now-news.de\/de\/"},{"@type":"ListItem","position":2,"name":"&quot;Jahresbilanz mit Wladimir Putin&quot;: Kremlchef antwortet am 19. Dezember im TV auf Fragen"}]},{"@type":"WebSite","@id":"https:\/\/now-news.de\/de\/#website","url":"https:\/\/now-news.de\/de\/","name":"just-now.NEWS Deutschland","description":"Das Portal f\u00fcr unzensierte Nachrichten aus der Welt","publisher":{"@id":"https:\/\/now-news.de\/de\/#organization"},"potentialAction":[{"@type":"SearchAction","target":{"@type":"EntryPoint","urlTemplate":"https:\/\/now-news.de\/de\/?s={search_term_string}"},"query-input":"required name=search_term_string"}],"inLanguage":"de"},{"@type":"Organization","@id":"https:\/\/now-news.de\/de\/#organization","name":"Just Now News","url":"https:\/\/now-news.de\/de\/","logo":{"@type":"ImageObject","inLanguage":"de","@id":"https:\/\/now-news.de\/de\/#\/schema\/logo\/image\/","url":"http:\/\/just-now.news\/de\/wp-content\/uploads\/sites\/3\/2022\/04\/logo500x500.jpg","contentUrl":"http:\/\/just-now.news\/de\/wp-content\/uploads\/sites\/3\/2022\/04\/logo500x500.jpg","width":500,"height":500,"caption":"Just Now News"},"image":{"@id":"https:\/\/now-news.de\/de\/#\/schema\/logo\/image\/"},"sameAs":["https:\/\/www.facebook.com\/wirmachenauf","https:\/\/x.com\/WirMachenAuf_de"]},{"@type":"Person","@id":"https:\/\/now-news.de\/de\/#\/schema\/person\/fb534a4e865501d8b3285208df34a9b5","name":"rtnews","image":{"@type":"ImageObject","inLanguage":"de","@id":"https:\/\/now-news.de\/de\/#\/schema\/person\/image\/","url":"https:\/\/secure.gravatar.com\/avatar\/82aafea7d8127119dd649515f56e2117?s=96&d=mm&r=g","contentUrl":"https:\/\/secure.gravatar.com\/avatar\/82aafea7d8127119dd649515f56e2117?s=96&d=mm&r=g","caption":"rtnews"},"url":"https:\/\/now-news.de\/de\/author\/rnews\/"}]}},"_links":{"self":[{"href":"https:\/\/now-news.de\/de\/wp-json\/wp\/v2\/posts\/95199"}],"collection":[{"href":"https:\/\/now-news.de\/de\/wp-json\/wp\/v2\/posts"}],"about":[{"href":"https:\/\/now-news.de\/de\/wp-json\/wp\/v2\/types\/post"}],"author":[{"embeddable":true,"href":"https:\/\/now-news.de\/de\/wp-json\/wp\/v2\/users\/3"}],"replies":[{"embeddable":true,"href":"https:\/\/now-news.de\/de\/wp-json\/wp\/v2\/comments?post=95199"}],"version-history":[{"count":0,"href":"https:\/\/now-news.de\/de\/wp-json\/wp\/v2\/posts\/95199\/revisions"}],"wp:featuredmedia":[{"embeddable":true,"href":"https:\/\/now-news.de\/de\/wp-json\/wp\/v2\/media\/95200"}],"wp:attachment":[{"href":"https:\/\/now-news.de\/de\/wp-json\/wp\/v2\/media?parent=95199"}],"wp:term":[{"taxonomy":"category","embeddable":true,"href":"https:\/\/now-news.de\/de\/wp-json\/wp\/v2\/categories?post=95199"},{"taxonomy":"post_tag","embeddable":true,"href":"https:\/\/now-news.de\/de\/wp-json\/wp\/v2\/tags?post=95199"}],"curies":[{"name":"wp","href":"https:\/\/api.w.org\/{rel}","templated":true}]}}