{"id":95114,"date":"2025-12-03T20:24:14","date_gmt":"2025-12-03T18:24:14","guid":{"rendered":"https:\/\/now-news.de\/de\/deutschland\/5-000-soldaten-%e2%80%92-litauen-kuendigt-plaene-zur-wehrpflicht-an\/"},"modified":"2025-12-03T20:24:14","modified_gmt":"2025-12-03T18:24:14","slug":"5-000-soldaten-%e2%80%92-litauen-kuendigt-plaene-zur-wehrpflicht-an","status":"publish","type":"post","link":"https:\/\/now-news.de\/de\/deutschland\/5-000-soldaten-%e2%80%92-litauen-kuendigt-plaene-zur-wehrpflicht-an\/","title":{"rendered":"5.000 Soldaten \u2012 Litauen k\u00fcndigt Pl\u00e4ne zur Wehrpflicht an"},"content":{"rendered":"<p><img decoding=\"async\" src=\"https:\/\/now-news.de\/de\/wp-content\/uploads\/sites\/3\/2025\/12\/69306d2cb480cc5e6a638c39.jpg\" \/><\/p>\n<div class=\"Text-root Text-type_1 \">\n                Die litauischen Streitkr\u00e4fte haben ihre Pl\u00e4ne f\u00fcr die Wehrpflicht im Jahr 2026 bekannt gegeben. Insgesamt sollen 5.000 Milit\u00e4rangeh\u00f6rige eingezogen werden. Im n\u00e4chsten Jahr wird die Wehrpflicht das ganze Jahr \u00fcber gelten \u2013 vom 2. Januar bis zum 31. Dezember.\n            <\/div>\n<p><\/p>\n<div class=\"Text-root Text-type_5 ArticleView-text ViewText-root \">\n<p>Das litauische Milit\u00e4r hat Pl\u00e4ne f\u00fcr die Wehrpflicht im Jahr 2026 bekannt gegeben. Nach Angaben der Streitkr\u00e4fte des Landes sollen insgesamt etwa 5.000 Soldaten <a rel=\"nofollow noopener\" target=\"_blank\" href=\"https:\/\/www.karys.lt\/bendraukime\/naujienos\/nustatyta-2026-m.-saukimo-pradzia-ir-saukiamu-asmenu-skaicius\/753\">eingezogen<\/a> werden.<em><\/em><\/p>\n<p>Im Jahr 2026 wird die Wehrpflicht das ganze Jahr \u00fcber gelten \u2013 vom 2. Januar bis zum 31. Dezember.<\/p>\n<p>Der Kommandeur der Milit\u00e4rkommandanturen, Danas Mock\u016bnas, erkl\u00e4rte:<\/p>\n<blockquote>\n<p><em>&#8220;Die Einberufung im Jahr 2026 ist ein gezielter Schritt zur St\u00e4rkung des Verteidigungssystems unseres Staates. [&#8230;] Die Aufmerksamkeit f\u00fcr die Reserve und die milit\u00e4rische Bereitschaft sind wichtige Priorit\u00e4ten im heutigen Sicherheitsumfeld.&#8221;<\/em><\/p>\n<\/blockquote>\n<p>Dar\u00fcber hinaus wird der obligatorische Wehrdienst im Jahr 2026 zus\u00e4tzlich zu den \u00fcblichen Dienstorten auch bei den Spezialeinheiten verf\u00fcgbar sein. Zu den Programmen geh\u00f6ren die Ausbildung zum Fallschirmj\u00e4ger, zum Drohnenpiloten und eine spezielle Ausbildung f\u00fcr Eins\u00e4tze auf Binnengew\u00e4ssern.<\/p>\n<p>Im Juni 2024 verabschiedete der litauische Seimas (Parlament) \u00c4nderungen zum Wehrpflichtgesetz, die die Einberufung junger Menschen zum Milit\u00e4rdienst unmittelbar nach dem Schulabschluss vorsehen. Personen, die einen freiwilligen Dienst leisten m\u00f6chten, k\u00f6nnen dies im Alter von 18 bis 39 Jahren tun.<\/p>\n<p>Im Jahr 2015 hat Litauen die 2008 abgeschaffte Wehrpflicht wieder eingef\u00fchrt. Urspr\u00fcnglich wurde behauptet, dass es sich um eine vor\u00fcbergehende Ma\u00dfnahme handele, doch sp\u00e4ter beschloss der Seimas, dass die Einberufung dauerhaft sein werde.<\/p>\n<p><strong>Mehr zum Thema<\/strong>\u00a0\u2012 <a rel=\"nofollow noopener\" target=\"_blank\" href=\"https:\/\/freedert.online\/europa\/263211-baltischen-staaten-und-finnland-halten\/\">Die baltischen Staaten und Finnland halten den Sanktionen gegen Russland nicht stand<\/a><\/p>\n<\/div>\n<p><br \/>\n<br \/><a href=\"https:\/\/de.rt.com\/europa\/263735-5000-soldaten-litauen-kuendigt-plaene\/\">Source link <\/a><\/p>\n","protected":false},"excerpt":{"rendered":"<p>Die litauischen Streitkr\u00e4fte haben ihre Pl\u00e4ne f\u00fcr die Wehrpflicht im Jahr 2026 bekannt gegeben. Insgesamt sollen 5.000 Milit\u00e4rangeh\u00f6rige eingezogen werden. Im n\u00e4chsten Jahr wird die Wehrpflicht das ganze Jahr \u00fcber gelten \u2013 vom 2. Januar bis zum 31. Dezember. Das litauische Milit\u00e4r hat Pl\u00e4ne f\u00fcr die Wehrpflicht im Jahr 2026 bekannt gegeben. Nach Angaben der [&hellip;]<\/p>\n","protected":false},"author":3,"featured_media":95115,"comment_status":"open","ping_status":"open","sticky":false,"template":"","format":"standard","meta":{"_yoast_indexnow_last_ping":["1764787172"],"wp_automatic_camp":["217"],"8f87b86b48986856aa3a8c99eceb1124":["5.000 Soldaten \u2012 Litauen k\u00fcndigt Pl\u00e4ne zur Wehrpflicht an"],"original_link":["https:\/\/de.rt.com\/europa\/263735-5000-soldaten-litauen-kuendigt-plaene\/"],"_thumbnail_id":["95115"],"jnews_social_counter_last_update":["1777431197"],"_wptgpro_p2tg_sent2tg":["a:1:{i:23737;s:19:\"2025-12-03 20:40:30\";}"]},"categories":[19,23],"tags":[4224,14610,5349,2333,31451,581],"yoast_head":"<!-- This site is optimized with the Yoast SEO Premium plugin v22.7 (Yoast SEO v22.7) - https:\/\/yoast.com\/wordpress\/plugins\/seo\/ -->\n<title>5.000 Soldaten \u2012 Litauen k\u00fcndigt Pl\u00e4ne zur Wehrpflicht an - just-now.NEWS Deutschland<\/title>\n<meta name=\"robots\" content=\"index, follow, max-snippet:-1, max-image-preview:large, max-video-preview:-1\" \/>\n<link rel=\"canonical\" href=\"https:\/\/now-news.de\/de\/deutschland\/5-000-soldaten-\u2012-litauen-kuendigt-plaene-zur-wehrpflicht-an\/\" \/>\n<meta property=\"og:locale\" content=\"de_DE\" \/>\n<meta property=\"og:type\" content=\"article\" \/>\n<meta property=\"og:title\" content=\"5.000 Soldaten \u2012 Litauen k\u00fcndigt Pl\u00e4ne zur Wehrpflicht an\" \/>\n<meta property=\"og:description\" content=\"Die litauischen Streitkr\u00e4fte haben ihre Pl\u00e4ne f\u00fcr die Wehrpflicht im Jahr 2026 bekannt gegeben. Insgesamt sollen 5.000 Milit\u00e4rangeh\u00f6rige eingezogen werden. Im n\u00e4chsten Jahr wird die Wehrpflicht das ganze Jahr \u00fcber gelten \u2013 vom 2. Januar bis zum 31. Dezember. Das litauische Milit\u00e4r hat Pl\u00e4ne f\u00fcr die Wehrpflicht im Jahr 2026 bekannt gegeben. Nach Angaben der [&hellip;]\" \/>\n<meta property=\"og:url\" content=\"https:\/\/now-news.de\/de\/deutschland\/5-000-soldaten-\u2012-litauen-kuendigt-plaene-zur-wehrpflicht-an\/\" \/>\n<meta property=\"og:site_name\" content=\"just-now.NEWS Deutschland\" \/>\n<meta property=\"article:publisher\" content=\"https:\/\/www.facebook.com\/wirmachenauf\" \/>\n<meta property=\"article:published_time\" content=\"2025-12-03T18:24:14+00:00\" \/>\n<meta property=\"og:image\" content=\"https:\/\/now-news.de\/de\/wp-content\/uploads\/sites\/3\/2025\/12\/69306d2cb480cc5e6a638c39.jpg\" \/>\n<meta name=\"author\" content=\"rtnews\" \/>\n<meta name=\"twitter:card\" content=\"summary_large_image\" \/>\n<meta name=\"twitter:creator\" content=\"@WirMachenAuf_de\" \/>\n<meta name=\"twitter:site\" content=\"@WirMachenAuf_de\" \/>\n<meta name=\"twitter:label1\" content=\"Verfasst von\" \/>\n\t<meta name=\"twitter:data1\" content=\"rtnews\" \/>\n\t<meta name=\"twitter:label2\" content=\"Gesch\u00e4tzte Lesezeit\" \/>\n\t<meta name=\"twitter:data2\" content=\"1\u00a0Minute\" \/>\n<script type=\"application\/ld+json\" class=\"yoast-schema-graph\">{\"@context\":\"https:\/\/schema.org\",\"@graph\":[{\"@type\":\"Article\",\"@id\":\"https:\/\/now-news.de\/de\/deutschland\/5-000-soldaten-%e2%80%92-litauen-kuendigt-plaene-zur-wehrpflicht-an\/#article\",\"isPartOf\":{\"@id\":\"https:\/\/now-news.de\/de\/deutschland\/5-000-soldaten-%e2%80%92-litauen-kuendigt-plaene-zur-wehrpflicht-an\/\"},\"author\":{\"name\":\"rtnews\",\"@id\":\"https:\/\/now-news.de\/de\/#\/schema\/person\/fb534a4e865501d8b3285208df34a9b5\"},\"headline\":\"5.000 Soldaten \u2012 Litauen k\u00fcndigt Pl\u00e4ne zur Wehrpflicht an\",\"datePublished\":\"2025-12-03T18:24:14+00:00\",\"dateModified\":\"2025-12-03T18:24:14+00:00\",\"mainEntityOfPage\":{\"@id\":\"https:\/\/now-news.de\/de\/deutschland\/5-000-soldaten-%e2%80%92-litauen-kuendigt-plaene-zur-wehrpflicht-an\/\"},\"wordCount\":274,\"commentCount\":0,\"publisher\":{\"@id\":\"https:\/\/now-news.de\/de\/#organization\"},\"image\":{\"@id\":\"https:\/\/now-news.de\/de\/deutschland\/5-000-soldaten-%e2%80%92-litauen-kuendigt-plaene-zur-wehrpflicht-an\/#primaryimage\"},\"thumbnailUrl\":\"https:\/\/now-news.de\/de\/wp-content\/uploads\/sites\/3\/2025\/12\/5000-Soldaten-\u2012-Litauen-kuendigt-Plaene-zur-Wehrpflicht-an.jpg\",\"keywords\":[\"k\u00fcndigt\",\"Litauen\",\"Pl\u00e4ne\",\"Soldaten\",\"Wehrpflicht\",\"zur\"],\"articleSection\":[\"Deutschland\",\"Russland\"],\"inLanguage\":\"de\",\"potentialAction\":[{\"@type\":\"CommentAction\",\"name\":\"Comment\",\"target\":[\"https:\/\/now-news.de\/de\/deutschland\/5-000-soldaten-%e2%80%92-litauen-kuendigt-plaene-zur-wehrpflicht-an\/#respond\"]}]},{\"@type\":\"WebPage\",\"@id\":\"https:\/\/now-news.de\/de\/deutschland\/5-000-soldaten-%e2%80%92-litauen-kuendigt-plaene-zur-wehrpflicht-an\/\",\"url\":\"https:\/\/now-news.de\/de\/deutschland\/5-000-soldaten-%e2%80%92-litauen-kuendigt-plaene-zur-wehrpflicht-an\/\",\"name\":\"5.000 Soldaten \u2012 Litauen k\u00fcndigt Pl\u00e4ne zur Wehrpflicht an - just-now.NEWS Deutschland\",\"isPartOf\":{\"@id\":\"https:\/\/now-news.de\/de\/#website\"},\"primaryImageOfPage\":{\"@id\":\"https:\/\/now-news.de\/de\/deutschland\/5-000-soldaten-%e2%80%92-litauen-kuendigt-plaene-zur-wehrpflicht-an\/#primaryimage\"},\"image\":{\"@id\":\"https:\/\/now-news.de\/de\/deutschland\/5-000-soldaten-%e2%80%92-litauen-kuendigt-plaene-zur-wehrpflicht-an\/#primaryimage\"},\"thumbnailUrl\":\"https:\/\/now-news.de\/de\/wp-content\/uploads\/sites\/3\/2025\/12\/5000-Soldaten-\u2012-Litauen-kuendigt-Plaene-zur-Wehrpflicht-an.jpg\",\"datePublished\":\"2025-12-03T18:24:14+00:00\",\"dateModified\":\"2025-12-03T18:24:14+00:00\",\"breadcrumb\":{\"@id\":\"https:\/\/now-news.de\/de\/deutschland\/5-000-soldaten-%e2%80%92-litauen-kuendigt-plaene-zur-wehrpflicht-an\/#breadcrumb\"},\"inLanguage\":\"de\",\"potentialAction\":[{\"@type\":\"ReadAction\",\"target\":[\"https:\/\/now-news.de\/de\/deutschland\/5-000-soldaten-%e2%80%92-litauen-kuendigt-plaene-zur-wehrpflicht-an\/\"]}]},{\"@type\":\"ImageObject\",\"inLanguage\":\"de\",\"@id\":\"https:\/\/now-news.de\/de\/deutschland\/5-000-soldaten-%e2%80%92-litauen-kuendigt-plaene-zur-wehrpflicht-an\/#primaryimage\",\"url\":\"https:\/\/now-news.de\/de\/wp-content\/uploads\/sites\/3\/2025\/12\/5000-Soldaten-\u2012-Litauen-kuendigt-Plaene-zur-Wehrpflicht-an.jpg\",\"contentUrl\":\"https:\/\/now-news.de\/de\/wp-content\/uploads\/sites\/3\/2025\/12\/5000-Soldaten-\u2012-Litauen-kuendigt-Plaene-zur-Wehrpflicht-an.jpg\",\"width\":460,\"height\":259,\"caption\":\"5.000 Soldaten \u2012 Litauen k\u00fcndigt Pl\u00e4ne zur Wehrpflicht an\"},{\"@type\":\"BreadcrumbList\",\"@id\":\"https:\/\/now-news.de\/de\/deutschland\/5-000-soldaten-%e2%80%92-litauen-kuendigt-plaene-zur-wehrpflicht-an\/#breadcrumb\",\"itemListElement\":[{\"@type\":\"ListItem\",\"position\":1,\"name\":\"Home\",\"item\":\"https:\/\/now-news.de\/de\/\"},{\"@type\":\"ListItem\",\"position\":2,\"name\":\"5.000 Soldaten \u2012 Litauen k\u00fcndigt Pl\u00e4ne zur Wehrpflicht an\"}]},{\"@type\":\"WebSite\",\"@id\":\"https:\/\/now-news.de\/de\/#website\",\"url\":\"https:\/\/now-news.de\/de\/\",\"name\":\"just-now.NEWS Deutschland\",\"description\":\"Das Portal f\u00fcr unzensierte Nachrichten aus der Welt\",\"publisher\":{\"@id\":\"https:\/\/now-news.de\/de\/#organization\"},\"potentialAction\":[{\"@type\":\"SearchAction\",\"target\":{\"@type\":\"EntryPoint\",\"urlTemplate\":\"https:\/\/now-news.de\/de\/?s={search_term_string}\"},\"query-input\":\"required name=search_term_string\"}],\"inLanguage\":\"de\"},{\"@type\":\"Organization\",\"@id\":\"https:\/\/now-news.de\/de\/#organization\",\"name\":\"Just Now News\",\"url\":\"https:\/\/now-news.de\/de\/\",\"logo\":{\"@type\":\"ImageObject\",\"inLanguage\":\"de\",\"@id\":\"https:\/\/now-news.de\/de\/#\/schema\/logo\/image\/\",\"url\":\"http:\/\/just-now.news\/de\/wp-content\/uploads\/sites\/3\/2022\/04\/logo500x500.jpg\",\"contentUrl\":\"http:\/\/just-now.news\/de\/wp-content\/uploads\/sites\/3\/2022\/04\/logo500x500.jpg\",\"width\":500,\"height\":500,\"caption\":\"Just Now News\"},\"image\":{\"@id\":\"https:\/\/now-news.de\/de\/#\/schema\/logo\/image\/\"},\"sameAs\":[\"https:\/\/www.facebook.com\/wirmachenauf\",\"https:\/\/x.com\/WirMachenAuf_de\"]},{\"@type\":\"Person\",\"@id\":\"https:\/\/now-news.de\/de\/#\/schema\/person\/fb534a4e865501d8b3285208df34a9b5\",\"name\":\"rtnews\",\"image\":{\"@type\":\"ImageObject\",\"inLanguage\":\"de\",\"@id\":\"https:\/\/now-news.de\/de\/#\/schema\/person\/image\/\",\"url\":\"https:\/\/secure.gravatar.com\/avatar\/82aafea7d8127119dd649515f56e2117?s=96&d=mm&r=g\",\"contentUrl\":\"https:\/\/secure.gravatar.com\/avatar\/82aafea7d8127119dd649515f56e2117?s=96&d=mm&r=g\",\"caption\":\"rtnews\"},\"url\":\"https:\/\/now-news.de\/de\/author\/rnews\/\"}]}<\/script>\n<!-- \/ Yoast SEO Premium plugin. -->","yoast_head_json":{"title":"5.000 Soldaten \u2012 Litauen k\u00fcndigt Pl\u00e4ne zur Wehrpflicht an - just-now.NEWS Deutschland","robots":{"index":"index","follow":"follow","max-snippet":"max-snippet:-1","max-image-preview":"max-image-preview:large","max-video-preview":"max-video-preview:-1"},"canonical":"https:\/\/now-news.de\/de\/deutschland\/5-000-soldaten-\u2012-litauen-kuendigt-plaene-zur-wehrpflicht-an\/","og_locale":"de_DE","og_type":"article","og_title":"5.000 Soldaten \u2012 Litauen k\u00fcndigt Pl\u00e4ne zur Wehrpflicht an","og_description":"Die litauischen Streitkr\u00e4fte haben ihre Pl\u00e4ne f\u00fcr die Wehrpflicht im Jahr 2026 bekannt gegeben. Insgesamt sollen 5.000 Milit\u00e4rangeh\u00f6rige eingezogen werden. Im n\u00e4chsten Jahr wird die Wehrpflicht das ganze Jahr \u00fcber gelten \u2013 vom 2. Januar bis zum 31. Dezember. Das litauische Milit\u00e4r hat Pl\u00e4ne f\u00fcr die Wehrpflicht im Jahr 2026 bekannt gegeben. Nach Angaben der [&hellip;]","og_url":"https:\/\/now-news.de\/de\/deutschland\/5-000-soldaten-\u2012-litauen-kuendigt-plaene-zur-wehrpflicht-an\/","og_site_name":"just-now.NEWS Deutschland","article_publisher":"https:\/\/www.facebook.com\/wirmachenauf","article_published_time":"2025-12-03T18:24:14+00:00","og_image":[{"url":"https:\/\/now-news.de\/de\/wp-content\/uploads\/sites\/3\/2025\/12\/69306d2cb480cc5e6a638c39.jpg"}],"author":"rtnews","twitter_card":"summary_large_image","twitter_creator":"@WirMachenAuf_de","twitter_site":"@WirMachenAuf_de","twitter_misc":{"Verfasst von":"rtnews","Gesch\u00e4tzte Lesezeit":"1\u00a0Minute"},"schema":{"@context":"https:\/\/schema.org","@graph":[{"@type":"Article","@id":"https:\/\/now-news.de\/de\/deutschland\/5-000-soldaten-%e2%80%92-litauen-kuendigt-plaene-zur-wehrpflicht-an\/#article","isPartOf":{"@id":"https:\/\/now-news.de\/de\/deutschland\/5-000-soldaten-%e2%80%92-litauen-kuendigt-plaene-zur-wehrpflicht-an\/"},"author":{"name":"rtnews","@id":"https:\/\/now-news.de\/de\/#\/schema\/person\/fb534a4e865501d8b3285208df34a9b5"},"headline":"5.000 Soldaten \u2012 Litauen k\u00fcndigt Pl\u00e4ne zur Wehrpflicht an","datePublished":"2025-12-03T18:24:14+00:00","dateModified":"2025-12-03T18:24:14+00:00","mainEntityOfPage":{"@id":"https:\/\/now-news.de\/de\/deutschland\/5-000-soldaten-%e2%80%92-litauen-kuendigt-plaene-zur-wehrpflicht-an\/"},"wordCount":274,"commentCount":0,"publisher":{"@id":"https:\/\/now-news.de\/de\/#organization"},"image":{"@id":"https:\/\/now-news.de\/de\/deutschland\/5-000-soldaten-%e2%80%92-litauen-kuendigt-plaene-zur-wehrpflicht-an\/#primaryimage"},"thumbnailUrl":"https:\/\/now-news.de\/de\/wp-content\/uploads\/sites\/3\/2025\/12\/5000-Soldaten-\u2012-Litauen-kuendigt-Plaene-zur-Wehrpflicht-an.jpg","keywords":["k\u00fcndigt","Litauen","Pl\u00e4ne","Soldaten","Wehrpflicht","zur"],"articleSection":["Deutschland","Russland"],"inLanguage":"de","potentialAction":[{"@type":"CommentAction","name":"Comment","target":["https:\/\/now-news.de\/de\/deutschland\/5-000-soldaten-%e2%80%92-litauen-kuendigt-plaene-zur-wehrpflicht-an\/#respond"]}]},{"@type":"WebPage","@id":"https:\/\/now-news.de\/de\/deutschland\/5-000-soldaten-%e2%80%92-litauen-kuendigt-plaene-zur-wehrpflicht-an\/","url":"https:\/\/now-news.de\/de\/deutschland\/5-000-soldaten-%e2%80%92-litauen-kuendigt-plaene-zur-wehrpflicht-an\/","name":"5.000 Soldaten \u2012 Litauen k\u00fcndigt Pl\u00e4ne zur Wehrpflicht an - just-now.NEWS Deutschland","isPartOf":{"@id":"https:\/\/now-news.de\/de\/#website"},"primaryImageOfPage":{"@id":"https:\/\/now-news.de\/de\/deutschland\/5-000-soldaten-%e2%80%92-litauen-kuendigt-plaene-zur-wehrpflicht-an\/#primaryimage"},"image":{"@id":"https:\/\/now-news.de\/de\/deutschland\/5-000-soldaten-%e2%80%92-litauen-kuendigt-plaene-zur-wehrpflicht-an\/#primaryimage"},"thumbnailUrl":"https:\/\/now-news.de\/de\/wp-content\/uploads\/sites\/3\/2025\/12\/5000-Soldaten-\u2012-Litauen-kuendigt-Plaene-zur-Wehrpflicht-an.jpg","datePublished":"2025-12-03T18:24:14+00:00","dateModified":"2025-12-03T18:24:14+00:00","breadcrumb":{"@id":"https:\/\/now-news.de\/de\/deutschland\/5-000-soldaten-%e2%80%92-litauen-kuendigt-plaene-zur-wehrpflicht-an\/#breadcrumb"},"inLanguage":"de","potentialAction":[{"@type":"ReadAction","target":["https:\/\/now-news.de\/de\/deutschland\/5-000-soldaten-%e2%80%92-litauen-kuendigt-plaene-zur-wehrpflicht-an\/"]}]},{"@type":"ImageObject","inLanguage":"de","@id":"https:\/\/now-news.de\/de\/deutschland\/5-000-soldaten-%e2%80%92-litauen-kuendigt-plaene-zur-wehrpflicht-an\/#primaryimage","url":"https:\/\/now-news.de\/de\/wp-content\/uploads\/sites\/3\/2025\/12\/5000-Soldaten-\u2012-Litauen-kuendigt-Plaene-zur-Wehrpflicht-an.jpg","contentUrl":"https:\/\/now-news.de\/de\/wp-content\/uploads\/sites\/3\/2025\/12\/5000-Soldaten-\u2012-Litauen-kuendigt-Plaene-zur-Wehrpflicht-an.jpg","width":460,"height":259,"caption":"5.000 Soldaten \u2012 Litauen k\u00fcndigt Pl\u00e4ne zur Wehrpflicht an"},{"@type":"BreadcrumbList","@id":"https:\/\/now-news.de\/de\/deutschland\/5-000-soldaten-%e2%80%92-litauen-kuendigt-plaene-zur-wehrpflicht-an\/#breadcrumb","itemListElement":[{"@type":"ListItem","position":1,"name":"Home","item":"https:\/\/now-news.de\/de\/"},{"@type":"ListItem","position":2,"name":"5.000 Soldaten \u2012 Litauen k\u00fcndigt Pl\u00e4ne zur Wehrpflicht an"}]},{"@type":"WebSite","@id":"https:\/\/now-news.de\/de\/#website","url":"https:\/\/now-news.de\/de\/","name":"just-now.NEWS Deutschland","description":"Das Portal f\u00fcr unzensierte Nachrichten aus der Welt","publisher":{"@id":"https:\/\/now-news.de\/de\/#organization"},"potentialAction":[{"@type":"SearchAction","target":{"@type":"EntryPoint","urlTemplate":"https:\/\/now-news.de\/de\/?s={search_term_string}"},"query-input":"required name=search_term_string"}],"inLanguage":"de"},{"@type":"Organization","@id":"https:\/\/now-news.de\/de\/#organization","name":"Just Now News","url":"https:\/\/now-news.de\/de\/","logo":{"@type":"ImageObject","inLanguage":"de","@id":"https:\/\/now-news.de\/de\/#\/schema\/logo\/image\/","url":"http:\/\/just-now.news\/de\/wp-content\/uploads\/sites\/3\/2022\/04\/logo500x500.jpg","contentUrl":"http:\/\/just-now.news\/de\/wp-content\/uploads\/sites\/3\/2022\/04\/logo500x500.jpg","width":500,"height":500,"caption":"Just Now News"},"image":{"@id":"https:\/\/now-news.de\/de\/#\/schema\/logo\/image\/"},"sameAs":["https:\/\/www.facebook.com\/wirmachenauf","https:\/\/x.com\/WirMachenAuf_de"]},{"@type":"Person","@id":"https:\/\/now-news.de\/de\/#\/schema\/person\/fb534a4e865501d8b3285208df34a9b5","name":"rtnews","image":{"@type":"ImageObject","inLanguage":"de","@id":"https:\/\/now-news.de\/de\/#\/schema\/person\/image\/","url":"https:\/\/secure.gravatar.com\/avatar\/82aafea7d8127119dd649515f56e2117?s=96&d=mm&r=g","contentUrl":"https:\/\/secure.gravatar.com\/avatar\/82aafea7d8127119dd649515f56e2117?s=96&d=mm&r=g","caption":"rtnews"},"url":"https:\/\/now-news.de\/de\/author\/rnews\/"}]}},"_links":{"self":[{"href":"https:\/\/now-news.de\/de\/wp-json\/wp\/v2\/posts\/95114"}],"collection":[{"href":"https:\/\/now-news.de\/de\/wp-json\/wp\/v2\/posts"}],"about":[{"href":"https:\/\/now-news.de\/de\/wp-json\/wp\/v2\/types\/post"}],"author":[{"embeddable":true,"href":"https:\/\/now-news.de\/de\/wp-json\/wp\/v2\/users\/3"}],"replies":[{"embeddable":true,"href":"https:\/\/now-news.de\/de\/wp-json\/wp\/v2\/comments?post=95114"}],"version-history":[{"count":0,"href":"https:\/\/now-news.de\/de\/wp-json\/wp\/v2\/posts\/95114\/revisions"}],"wp:featuredmedia":[{"embeddable":true,"href":"https:\/\/now-news.de\/de\/wp-json\/wp\/v2\/media\/95115"}],"wp:attachment":[{"href":"https:\/\/now-news.de\/de\/wp-json\/wp\/v2\/media?parent=95114"}],"wp:term":[{"taxonomy":"category","embeddable":true,"href":"https:\/\/now-news.de\/de\/wp-json\/wp\/v2\/categories?post=95114"},{"taxonomy":"post_tag","embeddable":true,"href":"https:\/\/now-news.de\/de\/wp-json\/wp\/v2\/tags?post=95114"}],"curies":[{"name":"wp","href":"https:\/\/api.w.org\/{rel}","templated":true}]}}