{"id":95112,"date":"2025-12-03T19:34:59","date_gmt":"2025-12-03T17:34:59","guid":{"rendered":"https:\/\/now-news.de\/de\/deutschland\/schulstreik-gegen-wehrpflicht-bundesweite-protestaktionen-der-jugend-geplant\/"},"modified":"2025-12-03T19:34:59","modified_gmt":"2025-12-03T17:34:59","slug":"schulstreik-gegen-wehrpflicht-bundesweite-protestaktionen-der-jugend-geplant","status":"publish","type":"post","link":"https:\/\/now-news.de\/de\/deutschland\/schulstreik-gegen-wehrpflicht-bundesweite-protestaktionen-der-jugend-geplant\/","title":{"rendered":"&quot;Schulstreik gegen Wehrpflicht&quot;: Bundesweite Protestaktionen der Jugend geplant"},"content":{"rendered":"<p><img decoding=\"async\" src=\"https:\/\/now-news.de\/de\/wp-content\/uploads\/sites\/3\/2025\/12\/6930644db480cc5cc25766e2.JPG\" \/><\/p>\n<div class=\"Text-root Text-type_1 \">\n                Mehrere Jugend- und Sch\u00fclerorganisationen haben f\u00fcr Freitag zu einem bundesweiten Protesttag gegen die Wehrdienstpl\u00e4ne der Bundesregierung aufgerufen. Proteste finden vielerorts in Berlin, Hamburg, Leipzig und in anderen St\u00e4dten statt. Hintergrund ist, dass der Bundestag am Freitag \u00fcber das geplante Wehrdienstgesetz abstimmt.\n            <\/div>\n<p><\/p>\n<div class=\"Text-root Text-type_5 ArticleView-text ViewText-root \">\n<p>Bundesweit werden am Freitag Tausende Sch\u00fcler \u00e4lterer Jahrg\u00e4nge wohl der Schule fernbleiben. Sie folgen einem Aufruf des B\u00fcndnisses &#8220;Schulstreik gegen Wehrpflicht&#8221;, der unter anderem von Friedensorganisationen, Gewerkschaften und dem BSW unterst\u00fctzt wird. Nach Angaben der Organisatoren gibt es bereits rund 90 Streikkomitees in verschiedenen St\u00e4dten, darunter Berlin, Hamburg, M\u00fcnchen, K\u00f6ln, Leipzig, Magdeburg und Rostock.<\/p>\n<p>In Berlin soll es neben der Kundgebung am Brandenburger Tor auch eine Demo mit dem Titel &#8220;Gegen die Wehrpflicht&#8221; geben, unterst\u00fctzt von der Gewerkschaft GEW. Sie ist f\u00fcr 2.000 Teilnehmer angemeldet und soll ab 16 Uhr vom Kreuzberger Oranienplatz bis zum Rathaus Neuk\u00f6lln f\u00fchren. Nach Angaben eines Polizeisprechers werden 3.000 Teilnehmer erwartet.<\/p>\n<p>Auch Sch\u00fcler in Potsdam (10 Uhr am Alten Markt) und Cottbus (13.30 Uhr, Stadthallenvorplatz) wollen sich beteiligen. &#8220;Wir wollen nicht als Kanonenfutter enden&#8221;, hei\u00dft es auf Instagram unter einem Aufruf zum &#8220;Schulstreik gegen Wehrpflicht&#8221;. &#8220;Wir schauen nicht stumm zu, wie wir und unsere Freunde per Los zum T\u00f6ten und Sterben gezwungen werden.&#8221; Die Wehrpflicht erh\u00f6he nur die Kriegsgefahr, sagt eine Aktivistin. Sie diene nicht unserer Sicherheit, sondern der Profitsicherung in der R\u00fcstungsbranche.\u00a0\u00a0<\/p>\n<p>Die Sch\u00fcler wenden sich zum einen gegen den zun\u00e4chst geplanten freiwilligen Wehrdienst, dem ein m\u00f6gliches Losverfahren folgen k\u00f6nnte, sofern sich zu wenige Rekruten finden. Der Protest richtet sich auch gegen eine unter Umst\u00e4nden sp\u00e4ter folgende Wehrpflicht sowie gegen alle anderen Zwangsdienste.<\/p>\n<p>Die Bundesregierung begr\u00fcndet ihr Vorgehen mit einer ver\u00e4nderten Bedrohungslage nach dem Beginn der russischen milit\u00e4rischen Sonderoperation wegen der NATO-Osterweiterung. Die milit\u00e4rische Auseinandersetzung mit einer massiv vom Westen unterst\u00fctzten ukrainischen Armee wird als Angriffskrieg gegen die Ukraine gebrandmarkt. Das entsprechende Gesetz soll am Freitag vom Bundestag verabschiedet werden.<\/p>\n<p>Das Bildungsministerium in Potsdam teilte auf Anfrage zu den Schulstreiks am Freitag mit: &#8220;Die Teilnahme an einer Demonstration zur Unterrichtszeit ist als unentschuldigte Fehlzeit zu werten; es gilt die Schulpflicht.&#8221; Die Sch\u00fcler m\u00fcssten mit den Konsequenzen leben. So k\u00f6nnten nicht erbrachte Leistungen bei unentschuldigtem Fehlen mit &#8220;ungen\u00fcgend&#8221; bewertet werden.<\/p>\n<p><strong>Stimmen aus der Opposition\u00a0<\/strong><\/p>\n<p>Die AfD-Fraktion in Sachsen-Anhalt\u00a0nannte in einer Stellungnahme die Protestaktion\u00a0ein legitimes Anliegen. &#8220;Kein junger Mensch, der seelisch gesund ist, will in der\u00a0Ukraine\u00a0f\u00fcr die\u00a0NATO-Osterweiterung sterben&#8221;, sagte der AfD-Sprecher f\u00fcr Kultur und Bildung, Hans-Thomas Tillschneider.\u00a0Die Wiedereinf\u00fchrung der Wehrpflicht diene nichts anderem, betonte er. Der Politiker wies darauf hin, dass sich unter den Unterst\u00fctzern der Sch\u00fcleraktion auch Vertreter der bellizistischen Parteien wie die Gr\u00fcnen befinden. Vertretern des BSW, der &#8220;Altlinken&#8221; und der &#8220;Friedensbewegung&#8221; reichte Tillschneider die Hand. Sie sollten begreifen, &#8220;dass ihr Feind nicht die AfD ist, sondern die Altparteien und insbesondere linke\u00a0Kriegstreiber\u00a0wie etwa die\u00a0Gr\u00fcnen&#8221;. \u00dcber \u00e4hnlich lautende Statements aus anderen Landtagsfraktionen der AfD ist nichts bekannt.\u00a0<\/p>\n<p>Christian Albrecht, Fraktionsvorsitzender der Linken in der Rostocker B\u00fcrgerschaft, begr\u00fc\u00dfte ebenso den &#8220;Schulstreik gegen Wehrpflicht&#8221;. &#8220;Ich bin auf jeden Fall dabei am Freitag und spreche mich gegen die Wiedereinf\u00fchrung der Wehrpflicht aus&#8221;, so Albrecht. &#8220;Die jungen Menschen d\u00fcrfen zwar an der Ostfront sterben, aber wenn es um ihre Belange geht, also zum Beispiel um Bildungschancen, interessiert sich die Regierung nicht f\u00fcr sie&#8221;, kritisiert er. Albrecht fordert einen Dialog mit den jungen Leuten, statt &#8220;von oben etwas zu verordnen&#8221;.\u00a0<\/p>\n<p><strong>Mehr zum Thema \u2013<\/strong>\u00a0<a rel=\"nofollow noopener\" target=\"_blank\" href=\"https:\/\/freedert.online\/meinung\/263657-ich-werde-vilnius-beschuetzen-litauer-meiseln-merz-versprechen-stein\/\">&#8220;Ich werde Vilnius besch\u00fctzen&#8221; \u2013 Litauer mei\u00dfeln Merz-Versprechen in Stein<\/a><\/p>\n<div class=\"EmbedBlock-root EmbedBlock-externalVideo EmbedBlock-rumble\">\n<div class=\"VkEmbed\"><iframe class=\"lazyload\" data-src=\"https:\/\/rumble.com\/embed\/v701lgq\" frameborder=\"0\" width=\"853\" height=\"480\" allowfullscreen><\/iframe><\/div>\n<\/div>\n<\/div>\n<p><br \/>\n<br \/><a href=\"https:\/\/de.rt.com\/inland\/263724-schulstreik-gegen-wehrpflicht-bundesweite-protestaktionen-jugend-geplant\/\">Source link <\/a><\/p>\n","protected":false},"excerpt":{"rendered":"<p>Mehrere Jugend- und Sch\u00fclerorganisationen haben f\u00fcr Freitag zu einem bundesweiten Protesttag gegen die Wehrdienstpl\u00e4ne der Bundesregierung aufgerufen. Proteste finden vielerorts in Berlin, Hamburg, Leipzig und in anderen St\u00e4dten statt. Hintergrund ist, dass der Bundestag am Freitag \u00fcber das geplante Wehrdienstgesetz abstimmt. Bundesweit werden am Freitag Tausende Sch\u00fcler \u00e4lterer Jahrg\u00e4nge wohl der Schule fernbleiben. Sie folgen [&hellip;]<\/p>\n","protected":false},"author":3,"featured_media":95113,"comment_status":"open","ping_status":"open","sticky":false,"template":"","format":"standard","meta":{"_yoast_indexnow_last_ping":["1764783335"],"wp_automatic_camp":["217"],"3e2406c92d5e1fbf8cef4df45217e361":["&quot;Schulstreik gegen Wehrpflicht&quot;: Bundesweite Protestaktionen der Jugend geplant"],"original_link":["https:\/\/de.rt.com\/inland\/263724-schulstreik-gegen-wehrpflicht-bundesweite-protestaktionen-jugend-geplant\/"],"_thumbnail_id":["95113"],"jnews_social_counter_last_update":["1776857324"],"_wptgpro_p2tg_sent2tg":["a:1:{i:23737;s:19:\"2025-12-03 19:36:35\";}"]},"categories":[19,23],"tags":[22086,82,278,1312,12244,35519,69627,68409],"yoast_head":"<!-- This site is optimized with the Yoast SEO Premium plugin v22.7 (Yoast SEO v22.7) - https:\/\/yoast.com\/wordpress\/plugins\/seo\/ -->\n<title>&quot;Schulstreik gegen Wehrpflicht&quot;: Bundesweite Protestaktionen der Jugend geplant - just-now.NEWS Deutschland<\/title>\n<meta name=\"robots\" content=\"index, follow, max-snippet:-1, max-image-preview:large, max-video-preview:-1\" \/>\n<link rel=\"canonical\" href=\"https:\/\/now-news.de\/de\/deutschland\/schulstreik-gegen-wehrpflicht-bundesweite-protestaktionen-der-jugend-geplant\/\" \/>\n<meta property=\"og:locale\" content=\"de_DE\" \/>\n<meta property=\"og:type\" content=\"article\" \/>\n<meta property=\"og:title\" content=\"&quot;Schulstreik gegen Wehrpflicht&quot;: Bundesweite Protestaktionen der Jugend geplant\" \/>\n<meta property=\"og:description\" content=\"Mehrere Jugend- und Sch\u00fclerorganisationen haben f\u00fcr Freitag zu einem bundesweiten Protesttag gegen die Wehrdienstpl\u00e4ne der Bundesregierung aufgerufen. Proteste finden vielerorts in Berlin, Hamburg, Leipzig und in anderen St\u00e4dten statt. Hintergrund ist, dass der Bundestag am Freitag \u00fcber das geplante Wehrdienstgesetz abstimmt. Bundesweit werden am Freitag Tausende Sch\u00fcler \u00e4lterer Jahrg\u00e4nge wohl der Schule fernbleiben. Sie folgen [&hellip;]\" \/>\n<meta property=\"og:url\" content=\"https:\/\/now-news.de\/de\/deutschland\/schulstreik-gegen-wehrpflicht-bundesweite-protestaktionen-der-jugend-geplant\/\" \/>\n<meta property=\"og:site_name\" content=\"just-now.NEWS Deutschland\" \/>\n<meta property=\"article:publisher\" content=\"https:\/\/www.facebook.com\/wirmachenauf\" \/>\n<meta property=\"article:published_time\" content=\"2025-12-03T17:34:59+00:00\" \/>\n<meta property=\"og:image\" content=\"https:\/\/now-news.de\/de\/wp-content\/uploads\/sites\/3\/2025\/12\/6930644db480cc5cc25766e2.JPG\" \/>\n<meta name=\"author\" content=\"rtnews\" \/>\n<meta name=\"twitter:card\" content=\"summary_large_image\" \/>\n<meta name=\"twitter:creator\" content=\"@WirMachenAuf_de\" \/>\n<meta name=\"twitter:site\" content=\"@WirMachenAuf_de\" \/>\n<meta name=\"twitter:label1\" content=\"Verfasst von\" \/>\n\t<meta name=\"twitter:data1\" content=\"rtnews\" \/>\n\t<meta name=\"twitter:label2\" content=\"Gesch\u00e4tzte Lesezeit\" \/>\n\t<meta name=\"twitter:data2\" content=\"3\u00a0Minuten\" \/>\n<script type=\"application\/ld+json\" class=\"yoast-schema-graph\">{\"@context\":\"https:\/\/schema.org\",\"@graph\":[{\"@type\":\"Article\",\"@id\":\"https:\/\/now-news.de\/de\/deutschland\/schulstreik-gegen-wehrpflicht-bundesweite-protestaktionen-der-jugend-geplant\/#article\",\"isPartOf\":{\"@id\":\"https:\/\/now-news.de\/de\/deutschland\/schulstreik-gegen-wehrpflicht-bundesweite-protestaktionen-der-jugend-geplant\/\"},\"author\":{\"name\":\"rtnews\",\"@id\":\"https:\/\/now-news.de\/de\/#\/schema\/person\/fb534a4e865501d8b3285208df34a9b5\"},\"headline\":\"&quot;Schulstreik gegen Wehrpflicht&quot;: Bundesweite Protestaktionen der Jugend geplant\",\"datePublished\":\"2025-12-03T17:34:59+00:00\",\"dateModified\":\"2025-12-03T17:34:59+00:00\",\"mainEntityOfPage\":{\"@id\":\"https:\/\/now-news.de\/de\/deutschland\/schulstreik-gegen-wehrpflicht-bundesweite-protestaktionen-der-jugend-geplant\/\"},\"wordCount\":618,\"commentCount\":0,\"publisher\":{\"@id\":\"https:\/\/now-news.de\/de\/#organization\"},\"image\":{\"@id\":\"https:\/\/now-news.de\/de\/deutschland\/schulstreik-gegen-wehrpflicht-bundesweite-protestaktionen-der-jugend-geplant\/#primaryimage\"},\"thumbnailUrl\":\"https:\/\/now-news.de\/de\/wp-content\/uploads\/sites\/3\/2025\/12\/quotSchulstreik-gegen-Wehrpflichtquot-Bundesweite-Protestaktionen-der-Jugend-geplant.JPG\",\"keywords\":[\"bundesweite\",\"der\",\"gegen\",\"geplant\",\"Jugend\",\"Protestaktionen\",\"quotSchulstreik\",\"Wehrpflichtquot\"],\"articleSection\":[\"Deutschland\",\"Russland\"],\"inLanguage\":\"de\",\"potentialAction\":[{\"@type\":\"CommentAction\",\"name\":\"Comment\",\"target\":[\"https:\/\/now-news.de\/de\/deutschland\/schulstreik-gegen-wehrpflicht-bundesweite-protestaktionen-der-jugend-geplant\/#respond\"]}]},{\"@type\":\"WebPage\",\"@id\":\"https:\/\/now-news.de\/de\/deutschland\/schulstreik-gegen-wehrpflicht-bundesweite-protestaktionen-der-jugend-geplant\/\",\"url\":\"https:\/\/now-news.de\/de\/deutschland\/schulstreik-gegen-wehrpflicht-bundesweite-protestaktionen-der-jugend-geplant\/\",\"name\":\"&quot;Schulstreik gegen Wehrpflicht&quot;: Bundesweite Protestaktionen der Jugend geplant - just-now.NEWS Deutschland\",\"isPartOf\":{\"@id\":\"https:\/\/now-news.de\/de\/#website\"},\"primaryImageOfPage\":{\"@id\":\"https:\/\/now-news.de\/de\/deutschland\/schulstreik-gegen-wehrpflicht-bundesweite-protestaktionen-der-jugend-geplant\/#primaryimage\"},\"image\":{\"@id\":\"https:\/\/now-news.de\/de\/deutschland\/schulstreik-gegen-wehrpflicht-bundesweite-protestaktionen-der-jugend-geplant\/#primaryimage\"},\"thumbnailUrl\":\"https:\/\/now-news.de\/de\/wp-content\/uploads\/sites\/3\/2025\/12\/quotSchulstreik-gegen-Wehrpflichtquot-Bundesweite-Protestaktionen-der-Jugend-geplant.JPG\",\"datePublished\":\"2025-12-03T17:34:59+00:00\",\"dateModified\":\"2025-12-03T17:34:59+00:00\",\"breadcrumb\":{\"@id\":\"https:\/\/now-news.de\/de\/deutschland\/schulstreik-gegen-wehrpflicht-bundesweite-protestaktionen-der-jugend-geplant\/#breadcrumb\"},\"inLanguage\":\"de\",\"potentialAction\":[{\"@type\":\"ReadAction\",\"target\":[\"https:\/\/now-news.de\/de\/deutschland\/schulstreik-gegen-wehrpflicht-bundesweite-protestaktionen-der-jugend-geplant\/\"]}]},{\"@type\":\"ImageObject\",\"inLanguage\":\"de\",\"@id\":\"https:\/\/now-news.de\/de\/deutschland\/schulstreik-gegen-wehrpflicht-bundesweite-protestaktionen-der-jugend-geplant\/#primaryimage\",\"url\":\"https:\/\/now-news.de\/de\/wp-content\/uploads\/sites\/3\/2025\/12\/quotSchulstreik-gegen-Wehrpflichtquot-Bundesweite-Protestaktionen-der-Jugend-geplant.JPG\",\"contentUrl\":\"https:\/\/now-news.de\/de\/wp-content\/uploads\/sites\/3\/2025\/12\/quotSchulstreik-gegen-Wehrpflichtquot-Bundesweite-Protestaktionen-der-Jugend-geplant.JPG\",\"width\":460,\"height\":259,\"caption\":\"&quot;Schulstreik gegen Wehrpflicht&quot;: Bundesweite Protestaktionen der Jugend geplant\"},{\"@type\":\"BreadcrumbList\",\"@id\":\"https:\/\/now-news.de\/de\/deutschland\/schulstreik-gegen-wehrpflicht-bundesweite-protestaktionen-der-jugend-geplant\/#breadcrumb\",\"itemListElement\":[{\"@type\":\"ListItem\",\"position\":1,\"name\":\"Home\",\"item\":\"https:\/\/now-news.de\/de\/\"},{\"@type\":\"ListItem\",\"position\":2,\"name\":\"&quot;Schulstreik gegen Wehrpflicht&quot;: Bundesweite Protestaktionen der Jugend geplant\"}]},{\"@type\":\"WebSite\",\"@id\":\"https:\/\/now-news.de\/de\/#website\",\"url\":\"https:\/\/now-news.de\/de\/\",\"name\":\"just-now.NEWS Deutschland\",\"description\":\"Das Portal f\u00fcr unzensierte Nachrichten aus der Welt\",\"publisher\":{\"@id\":\"https:\/\/now-news.de\/de\/#organization\"},\"potentialAction\":[{\"@type\":\"SearchAction\",\"target\":{\"@type\":\"EntryPoint\",\"urlTemplate\":\"https:\/\/now-news.de\/de\/?s={search_term_string}\"},\"query-input\":\"required name=search_term_string\"}],\"inLanguage\":\"de\"},{\"@type\":\"Organization\",\"@id\":\"https:\/\/now-news.de\/de\/#organization\",\"name\":\"Just Now News\",\"url\":\"https:\/\/now-news.de\/de\/\",\"logo\":{\"@type\":\"ImageObject\",\"inLanguage\":\"de\",\"@id\":\"https:\/\/now-news.de\/de\/#\/schema\/logo\/image\/\",\"url\":\"http:\/\/just-now.news\/de\/wp-content\/uploads\/sites\/3\/2022\/04\/logo500x500.jpg\",\"contentUrl\":\"http:\/\/just-now.news\/de\/wp-content\/uploads\/sites\/3\/2022\/04\/logo500x500.jpg\",\"width\":500,\"height\":500,\"caption\":\"Just Now News\"},\"image\":{\"@id\":\"https:\/\/now-news.de\/de\/#\/schema\/logo\/image\/\"},\"sameAs\":[\"https:\/\/www.facebook.com\/wirmachenauf\",\"https:\/\/x.com\/WirMachenAuf_de\"]},{\"@type\":\"Person\",\"@id\":\"https:\/\/now-news.de\/de\/#\/schema\/person\/fb534a4e865501d8b3285208df34a9b5\",\"name\":\"rtnews\",\"image\":{\"@type\":\"ImageObject\",\"inLanguage\":\"de\",\"@id\":\"https:\/\/now-news.de\/de\/#\/schema\/person\/image\/\",\"url\":\"https:\/\/secure.gravatar.com\/avatar\/82aafea7d8127119dd649515f56e2117?s=96&d=mm&r=g\",\"contentUrl\":\"https:\/\/secure.gravatar.com\/avatar\/82aafea7d8127119dd649515f56e2117?s=96&d=mm&r=g\",\"caption\":\"rtnews\"},\"url\":\"https:\/\/now-news.de\/de\/author\/rnews\/\"}]}<\/script>\n<!-- \/ Yoast SEO Premium plugin. -->","yoast_head_json":{"title":"&quot;Schulstreik gegen Wehrpflicht&quot;: Bundesweite Protestaktionen der Jugend geplant - just-now.NEWS Deutschland","robots":{"index":"index","follow":"follow","max-snippet":"max-snippet:-1","max-image-preview":"max-image-preview:large","max-video-preview":"max-video-preview:-1"},"canonical":"https:\/\/now-news.de\/de\/deutschland\/schulstreik-gegen-wehrpflicht-bundesweite-protestaktionen-der-jugend-geplant\/","og_locale":"de_DE","og_type":"article","og_title":"&quot;Schulstreik gegen Wehrpflicht&quot;: Bundesweite Protestaktionen der Jugend geplant","og_description":"Mehrere Jugend- und Sch\u00fclerorganisationen haben f\u00fcr Freitag zu einem bundesweiten Protesttag gegen die Wehrdienstpl\u00e4ne der Bundesregierung aufgerufen. Proteste finden vielerorts in Berlin, Hamburg, Leipzig und in anderen St\u00e4dten statt. Hintergrund ist, dass der Bundestag am Freitag \u00fcber das geplante Wehrdienstgesetz abstimmt. Bundesweit werden am Freitag Tausende Sch\u00fcler \u00e4lterer Jahrg\u00e4nge wohl der Schule fernbleiben. Sie folgen [&hellip;]","og_url":"https:\/\/now-news.de\/de\/deutschland\/schulstreik-gegen-wehrpflicht-bundesweite-protestaktionen-der-jugend-geplant\/","og_site_name":"just-now.NEWS Deutschland","article_publisher":"https:\/\/www.facebook.com\/wirmachenauf","article_published_time":"2025-12-03T17:34:59+00:00","og_image":[{"url":"https:\/\/now-news.de\/de\/wp-content\/uploads\/sites\/3\/2025\/12\/6930644db480cc5cc25766e2.JPG"}],"author":"rtnews","twitter_card":"summary_large_image","twitter_creator":"@WirMachenAuf_de","twitter_site":"@WirMachenAuf_de","twitter_misc":{"Verfasst von":"rtnews","Gesch\u00e4tzte Lesezeit":"3\u00a0Minuten"},"schema":{"@context":"https:\/\/schema.org","@graph":[{"@type":"Article","@id":"https:\/\/now-news.de\/de\/deutschland\/schulstreik-gegen-wehrpflicht-bundesweite-protestaktionen-der-jugend-geplant\/#article","isPartOf":{"@id":"https:\/\/now-news.de\/de\/deutschland\/schulstreik-gegen-wehrpflicht-bundesweite-protestaktionen-der-jugend-geplant\/"},"author":{"name":"rtnews","@id":"https:\/\/now-news.de\/de\/#\/schema\/person\/fb534a4e865501d8b3285208df34a9b5"},"headline":"&quot;Schulstreik gegen Wehrpflicht&quot;: Bundesweite Protestaktionen der Jugend geplant","datePublished":"2025-12-03T17:34:59+00:00","dateModified":"2025-12-03T17:34:59+00:00","mainEntityOfPage":{"@id":"https:\/\/now-news.de\/de\/deutschland\/schulstreik-gegen-wehrpflicht-bundesweite-protestaktionen-der-jugend-geplant\/"},"wordCount":618,"commentCount":0,"publisher":{"@id":"https:\/\/now-news.de\/de\/#organization"},"image":{"@id":"https:\/\/now-news.de\/de\/deutschland\/schulstreik-gegen-wehrpflicht-bundesweite-protestaktionen-der-jugend-geplant\/#primaryimage"},"thumbnailUrl":"https:\/\/now-news.de\/de\/wp-content\/uploads\/sites\/3\/2025\/12\/quotSchulstreik-gegen-Wehrpflichtquot-Bundesweite-Protestaktionen-der-Jugend-geplant.JPG","keywords":["bundesweite","der","gegen","geplant","Jugend","Protestaktionen","quotSchulstreik","Wehrpflichtquot"],"articleSection":["Deutschland","Russland"],"inLanguage":"de","potentialAction":[{"@type":"CommentAction","name":"Comment","target":["https:\/\/now-news.de\/de\/deutschland\/schulstreik-gegen-wehrpflicht-bundesweite-protestaktionen-der-jugend-geplant\/#respond"]}]},{"@type":"WebPage","@id":"https:\/\/now-news.de\/de\/deutschland\/schulstreik-gegen-wehrpflicht-bundesweite-protestaktionen-der-jugend-geplant\/","url":"https:\/\/now-news.de\/de\/deutschland\/schulstreik-gegen-wehrpflicht-bundesweite-protestaktionen-der-jugend-geplant\/","name":"&quot;Schulstreik gegen Wehrpflicht&quot;: Bundesweite Protestaktionen der Jugend geplant - just-now.NEWS Deutschland","isPartOf":{"@id":"https:\/\/now-news.de\/de\/#website"},"primaryImageOfPage":{"@id":"https:\/\/now-news.de\/de\/deutschland\/schulstreik-gegen-wehrpflicht-bundesweite-protestaktionen-der-jugend-geplant\/#primaryimage"},"image":{"@id":"https:\/\/now-news.de\/de\/deutschland\/schulstreik-gegen-wehrpflicht-bundesweite-protestaktionen-der-jugend-geplant\/#primaryimage"},"thumbnailUrl":"https:\/\/now-news.de\/de\/wp-content\/uploads\/sites\/3\/2025\/12\/quotSchulstreik-gegen-Wehrpflichtquot-Bundesweite-Protestaktionen-der-Jugend-geplant.JPG","datePublished":"2025-12-03T17:34:59+00:00","dateModified":"2025-12-03T17:34:59+00:00","breadcrumb":{"@id":"https:\/\/now-news.de\/de\/deutschland\/schulstreik-gegen-wehrpflicht-bundesweite-protestaktionen-der-jugend-geplant\/#breadcrumb"},"inLanguage":"de","potentialAction":[{"@type":"ReadAction","target":["https:\/\/now-news.de\/de\/deutschland\/schulstreik-gegen-wehrpflicht-bundesweite-protestaktionen-der-jugend-geplant\/"]}]},{"@type":"ImageObject","inLanguage":"de","@id":"https:\/\/now-news.de\/de\/deutschland\/schulstreik-gegen-wehrpflicht-bundesweite-protestaktionen-der-jugend-geplant\/#primaryimage","url":"https:\/\/now-news.de\/de\/wp-content\/uploads\/sites\/3\/2025\/12\/quotSchulstreik-gegen-Wehrpflichtquot-Bundesweite-Protestaktionen-der-Jugend-geplant.JPG","contentUrl":"https:\/\/now-news.de\/de\/wp-content\/uploads\/sites\/3\/2025\/12\/quotSchulstreik-gegen-Wehrpflichtquot-Bundesweite-Protestaktionen-der-Jugend-geplant.JPG","width":460,"height":259,"caption":"&quot;Schulstreik gegen Wehrpflicht&quot;: Bundesweite Protestaktionen der Jugend geplant"},{"@type":"BreadcrumbList","@id":"https:\/\/now-news.de\/de\/deutschland\/schulstreik-gegen-wehrpflicht-bundesweite-protestaktionen-der-jugend-geplant\/#breadcrumb","itemListElement":[{"@type":"ListItem","position":1,"name":"Home","item":"https:\/\/now-news.de\/de\/"},{"@type":"ListItem","position":2,"name":"&quot;Schulstreik gegen Wehrpflicht&quot;: Bundesweite Protestaktionen der Jugend geplant"}]},{"@type":"WebSite","@id":"https:\/\/now-news.de\/de\/#website","url":"https:\/\/now-news.de\/de\/","name":"just-now.NEWS Deutschland","description":"Das Portal f\u00fcr unzensierte Nachrichten aus der Welt","publisher":{"@id":"https:\/\/now-news.de\/de\/#organization"},"potentialAction":[{"@type":"SearchAction","target":{"@type":"EntryPoint","urlTemplate":"https:\/\/now-news.de\/de\/?s={search_term_string}"},"query-input":"required name=search_term_string"}],"inLanguage":"de"},{"@type":"Organization","@id":"https:\/\/now-news.de\/de\/#organization","name":"Just Now News","url":"https:\/\/now-news.de\/de\/","logo":{"@type":"ImageObject","inLanguage":"de","@id":"https:\/\/now-news.de\/de\/#\/schema\/logo\/image\/","url":"http:\/\/just-now.news\/de\/wp-content\/uploads\/sites\/3\/2022\/04\/logo500x500.jpg","contentUrl":"http:\/\/just-now.news\/de\/wp-content\/uploads\/sites\/3\/2022\/04\/logo500x500.jpg","width":500,"height":500,"caption":"Just Now News"},"image":{"@id":"https:\/\/now-news.de\/de\/#\/schema\/logo\/image\/"},"sameAs":["https:\/\/www.facebook.com\/wirmachenauf","https:\/\/x.com\/WirMachenAuf_de"]},{"@type":"Person","@id":"https:\/\/now-news.de\/de\/#\/schema\/person\/fb534a4e865501d8b3285208df34a9b5","name":"rtnews","image":{"@type":"ImageObject","inLanguage":"de","@id":"https:\/\/now-news.de\/de\/#\/schema\/person\/image\/","url":"https:\/\/secure.gravatar.com\/avatar\/82aafea7d8127119dd649515f56e2117?s=96&d=mm&r=g","contentUrl":"https:\/\/secure.gravatar.com\/avatar\/82aafea7d8127119dd649515f56e2117?s=96&d=mm&r=g","caption":"rtnews"},"url":"https:\/\/now-news.de\/de\/author\/rnews\/"}]}},"_links":{"self":[{"href":"https:\/\/now-news.de\/de\/wp-json\/wp\/v2\/posts\/95112"}],"collection":[{"href":"https:\/\/now-news.de\/de\/wp-json\/wp\/v2\/posts"}],"about":[{"href":"https:\/\/now-news.de\/de\/wp-json\/wp\/v2\/types\/post"}],"author":[{"embeddable":true,"href":"https:\/\/now-news.de\/de\/wp-json\/wp\/v2\/users\/3"}],"replies":[{"embeddable":true,"href":"https:\/\/now-news.de\/de\/wp-json\/wp\/v2\/comments?post=95112"}],"version-history":[{"count":0,"href":"https:\/\/now-news.de\/de\/wp-json\/wp\/v2\/posts\/95112\/revisions"}],"wp:featuredmedia":[{"embeddable":true,"href":"https:\/\/now-news.de\/de\/wp-json\/wp\/v2\/media\/95113"}],"wp:attachment":[{"href":"https:\/\/now-news.de\/de\/wp-json\/wp\/v2\/media?parent=95112"}],"wp:term":[{"taxonomy":"category","embeddable":true,"href":"https:\/\/now-news.de\/de\/wp-json\/wp\/v2\/categories?post=95112"},{"taxonomy":"post_tag","embeddable":true,"href":"https:\/\/now-news.de\/de\/wp-json\/wp\/v2\/tags?post=95112"}],"curies":[{"name":"wp","href":"https:\/\/api.w.org\/{rel}","templated":true}]}}