{"id":95045,"date":"2025-12-02T15:23:40","date_gmt":"2025-12-02T13:23:40","guid":{"rendered":"https:\/\/now-news.de\/de\/deutschland\/geruechte-um-selenskij-ruecktritt-wegen-korruptionsskandal\/"},"modified":"2025-12-02T15:23:40","modified_gmt":"2025-12-02T13:23:40","slug":"geruechte-um-selenskij-ruecktritt-wegen-korruptionsskandal","status":"publish","type":"post","link":"https:\/\/now-news.de\/de\/deutschland\/geruechte-um-selenskij-ruecktritt-wegen-korruptionsskandal\/","title":{"rendered":"Ger\u00fcchte um Selenskij-R\u00fccktritt wegen Korruptionsskandal"},"content":{"rendered":"<p><img decoding=\"async\" src=\"https:\/\/now-news.de\/de\/wp-content\/uploads\/sites\/3\/2025\/12\/692ed6f048fbef372d279e9a.jpg\" \/><\/p>\n<div class=\"Text-root Text-type_1 \">\n                Die Ger\u00fcchtek\u00fcche brodelt und die Spekulationen um einen baldigen R\u00fccktritt von Wladimir Selenskij werden immer lauter. Denn der Korruptionsskandal in der Ukraine f\u00e4llt immer mehr auf den Pr\u00e4sidenten selbst zur\u00fcck.\n            <\/div>\n<p><\/p>\n<div class=\"Text-root Text-type_5 ArticleView-text ViewText-root \">\n<p>Nachdem Wladimir Selenskij sich Ende letzter Woche aufgrund des Korruptionsskandals gezwungen sah, seinen Stabschef Andrei Jermak zu entlassen, zieht sich die Schlinge immer enger um den Hals des ukrainischen Pr\u00e4sidenten selbst.\u00a0<\/p>\n<p>So forderte der US-General Michael Flynn nach dem R\u00fccktritt von Jermak die <a rel=\"nofollow noopener\" target=\"_blank\" href=\"https:\/\/freedert.online\/europa\/263501-korruptions-skandal-us-general-flynn\/\">Verhaftung von Selenskij<\/a>. Flynn diente in der ersten Amtszeit von Donald Trump als Nationaler Sicherheitsberater des US-Pr\u00e4sidenten.<\/p>\n<p>Nun mehren sich die Ger\u00fcchte, dass auch Selenskij in naher Zukunft zur\u00fccktreten k\u00f6nnte. Der ukrainische Abgeordnete Artem Dmitruk behauptet, dass Selenskij angewiesen wurde, innerhalb der n\u00e4chsten Tage sein Amt niederzulegen. &#8220;Am Wochenende wurde mir mitgeteilt, dass Selenskij angewiesen wurde, diese Woche zu gehen&#8221;, sagte der Abgeordnete.<\/p>\n<p>Laut Dmitruk wurde eine \u00e4hnliche Anweisung bereits vor dem 9. Mai 2024 erteilt \u2013 kurz nach dem Termin, an dem eigentlich Pr\u00e4sidentschaftswahlen in der Ukraine h\u00e4tten stattfinden m\u00fcssen. Doch Selenskij lie\u00df die Wahlen unter Berufung auf das Kriegsrecht ausfallen, und hat laut Dmitruk auch die Anweisung zum R\u00fccktritt ignoriert. Wer diese Anweisung gegeben haben soll, lie\u00df der Abgeordnete offen.<\/p>\n<p>Dmitruk argumentiert, dass die aktuelle Situation f\u00fcr den ukrainischen Staatschef au\u00dferordentlich schwierig geworden sei, w\u00e4hrend sie f\u00fcr viele B\u00fcrger einen m\u00f6glichen Wendepunkt und die Aussicht auf einen Machtwechsel bedeuten k\u00f6nnte.<\/p>\n<p>Dmitruk vermutet, dass Selenskij wahrscheinlich versuchen werde, seinen R\u00fccktritt so lange wie m\u00f6glich hinauszuz\u00f6gern. Er f\u00fcgte hinzu, dass sich der Prozess \u00fcber Wochen oder sogar Monate hinziehen k\u00f6nnte. Der Abgeordnete bezeichnete den Zeitplan als vage und behauptete, Selenskij k\u00f6nnte die Umsetzung einer solchen Anweisung auf unbestimmte Zeit hinausz\u00f6gern.<\/p>\n<p>Gen\u00e4hrt werden die R\u00fccktritts-Ger\u00fcchte auch von Wladimir Petrow, der als einer der f\u00fchrenden politischen Strategen im Pr\u00e4sidialamt gilt. Er vermutet, dass Selenskij bis Neujahr seinen R\u00fccktritt bekannt geben k\u00f6nnte. Diese Prognose \u00e4u\u00dferte Petrow in einem Interview, das von dem Telegram-Kanal <em>Politika Strany<\/em> ver\u00f6ffentlicht wurde. Petrow sagte, er habe den Eindruck, dass der ukrainische Pr\u00e4sident sich darauf vorbereite, &#8220;allen ein klares Signal zu senden.&#8221;<\/p>\n<p>Laut Petrow k\u00f6nnte Kiew bis zum 15. Dezember ein Waffenstillstandsabkommen unterzeichnen. Er gehe davon aus, dass dieser Zeitraum von einer Flut von \u00f6ffentlichen Erkl\u00e4rungen, politischen Skandalen und hitzigen Debatten gepr\u00e4gt sein werde.<\/p>\n<p>Petrow glaubt, dass Selenskij infolgedessen am Silvesterabend eine Rede an die \u00d6ffentlichkeit halten und seinen R\u00fccktritt bekannt geben k\u00f6nnte. In diesem Szenario, so Petrow, w\u00fcrden die Verhandlungen nach dem Waffenstillstand vom Parlamentspr\u00e4sidenten gef\u00fchrt werden. Selenskij werde weder bei den n\u00e4chsten Wahlen kandidieren noch versuchen, ein neues politisches Projekt zu beginnen.<\/p>\n<p>Der Politikstratege gesteht jedoch ein, dass es sich hierbei um Spekulationen seinerseits handele, die er nicht mit belastbaren Belegen untermauern k\u00f6nne. Eins steht aber dennoch fest: Der Korruptionsskandal f\u00e4llt immer mehr auf Selenskij zur\u00fcck, dessen Ansehen in der Bev\u00f6lkerung dadurch massiven Schaden genommen hat. Klar ist auch: Die Ger\u00fcchtek\u00fcche um seinen R\u00fccktritt wird weiter brodeln.\u00a0<\/p>\n<p><strong>Mehr zum Thema &#8211;<\/strong>\u00a0<a rel=\"nofollow noopener\" target=\"_blank\" href=\"https:\/\/freedert.online\/international\/262113-ukrainischer-abgeordneter-selenskijs-umfragewerte-nach\/\">Ukrainischer Abgeordneter: Selenskijs Umfragewerte nach Korruptionsskandal eingebrochen<\/a><\/p>\n<div class=\"EmbedBlock-root EmbedBlock-externalVideo EmbedBlock-rumble\">\n<div class=\"VkEmbed\"><iframe class=\"lazyload\" data-src=\"https:\/\/rumble.com\/embed\/v70aelo\" frameborder=\"0\" width=\"853\" height=\"480\" allowfullscreen><\/iframe><\/div>\n<\/div>\n<\/div>\n<p><br \/>\n<br \/><a href=\"https:\/\/de.rt.com\/europa\/263577-geruechte-um-selenskij-ruecktritt-wegen\/\">Source link <\/a><\/p>\n","protected":false},"excerpt":{"rendered":"<p>Die Ger\u00fcchtek\u00fcche brodelt und die Spekulationen um einen baldigen R\u00fccktritt von Wladimir Selenskij werden immer lauter. Denn der Korruptionsskandal in der Ukraine f\u00e4llt immer mehr auf den Pr\u00e4sidenten selbst zur\u00fcck. Nachdem Wladimir Selenskij sich Ende letzter Woche aufgrund des Korruptionsskandals gezwungen sah, seinen Stabschef Andrei Jermak zu entlassen, zieht sich die Schlinge immer enger um [&hellip;]<\/p>\n","protected":false},"author":3,"featured_media":95046,"comment_status":"open","ping_status":"open","sticky":false,"template":"","format":"standard","meta":{"_yoast_indexnow_last_ping":["1764683027"],"wp_automatic_camp":["217"],"b57d31927d19b5d51921b8c25db14e30":["Ger\u00fcchte um Selenskij-R\u00fccktritt wegen Korruptionsskandal"],"original_link":["https:\/\/de.rt.com\/europa\/263577-geruechte-um-selenskij-ruecktritt-wegen\/"],"_thumbnail_id":["95046"],"jnews_social_counter_last_update":["1777337706"],"_wptgpro_p2tg_sent2tg":["a:1:{i:23737;s:19:\"2025-12-02 15:44:48\";}"]},"categories":[19,23],"tags":[34017,37340,69596,145],"yoast_head":"<!-- This site is optimized with the Yoast SEO Premium plugin v22.7 (Yoast SEO v22.7) - https:\/\/yoast.com\/wordpress\/plugins\/seo\/ -->\n<title>Ger\u00fcchte um Selenskij-R\u00fccktritt wegen Korruptionsskandal - just-now.NEWS Deutschland<\/title>\n<meta name=\"robots\" content=\"index, follow, max-snippet:-1, max-image-preview:large, max-video-preview:-1\" \/>\n<link rel=\"canonical\" href=\"https:\/\/now-news.de\/de\/deutschland\/geruechte-um-selenskij-ruecktritt-wegen-korruptionsskandal\/\" \/>\n<meta property=\"og:locale\" content=\"de_DE\" \/>\n<meta property=\"og:type\" content=\"article\" \/>\n<meta property=\"og:title\" content=\"Ger\u00fcchte um Selenskij-R\u00fccktritt wegen Korruptionsskandal\" \/>\n<meta property=\"og:description\" content=\"Die Ger\u00fcchtek\u00fcche brodelt und die Spekulationen um einen baldigen R\u00fccktritt von Wladimir Selenskij werden immer lauter. Denn der Korruptionsskandal in der Ukraine f\u00e4llt immer mehr auf den Pr\u00e4sidenten selbst zur\u00fcck. Nachdem Wladimir Selenskij sich Ende letzter Woche aufgrund des Korruptionsskandals gezwungen sah, seinen Stabschef Andrei Jermak zu entlassen, zieht sich die Schlinge immer enger um [&hellip;]\" \/>\n<meta property=\"og:url\" content=\"https:\/\/now-news.de\/de\/deutschland\/geruechte-um-selenskij-ruecktritt-wegen-korruptionsskandal\/\" \/>\n<meta property=\"og:site_name\" content=\"just-now.NEWS Deutschland\" \/>\n<meta property=\"article:publisher\" content=\"https:\/\/www.facebook.com\/wirmachenauf\" \/>\n<meta property=\"article:published_time\" content=\"2025-12-02T13:23:40+00:00\" \/>\n<meta property=\"og:image\" content=\"https:\/\/now-news.de\/de\/wp-content\/uploads\/sites\/3\/2025\/12\/692ed6f048fbef372d279e9a.jpg\" \/>\n<meta name=\"author\" content=\"rtnews\" \/>\n<meta name=\"twitter:card\" content=\"summary_large_image\" \/>\n<meta name=\"twitter:creator\" content=\"@WirMachenAuf_de\" \/>\n<meta name=\"twitter:site\" content=\"@WirMachenAuf_de\" \/>\n<meta name=\"twitter:label1\" content=\"Verfasst von\" \/>\n\t<meta name=\"twitter:data1\" content=\"rtnews\" \/>\n\t<meta name=\"twitter:label2\" content=\"Gesch\u00e4tzte Lesezeit\" \/>\n\t<meta name=\"twitter:data2\" content=\"3\u00a0Minuten\" \/>\n<script type=\"application\/ld+json\" class=\"yoast-schema-graph\">{\"@context\":\"https:\/\/schema.org\",\"@graph\":[{\"@type\":\"Article\",\"@id\":\"https:\/\/now-news.de\/de\/deutschland\/geruechte-um-selenskij-ruecktritt-wegen-korruptionsskandal\/#article\",\"isPartOf\":{\"@id\":\"https:\/\/now-news.de\/de\/deutschland\/geruechte-um-selenskij-ruecktritt-wegen-korruptionsskandal\/\"},\"author\":{\"name\":\"rtnews\",\"@id\":\"https:\/\/now-news.de\/de\/#\/schema\/person\/fb534a4e865501d8b3285208df34a9b5\"},\"headline\":\"Ger\u00fcchte um Selenskij-R\u00fccktritt wegen Korruptionsskandal\",\"datePublished\":\"2025-12-02T13:23:40+00:00\",\"dateModified\":\"2025-12-02T13:23:40+00:00\",\"mainEntityOfPage\":{\"@id\":\"https:\/\/now-news.de\/de\/deutschland\/geruechte-um-selenskij-ruecktritt-wegen-korruptionsskandal\/\"},\"wordCount\":547,\"commentCount\":0,\"publisher\":{\"@id\":\"https:\/\/now-news.de\/de\/#organization\"},\"image\":{\"@id\":\"https:\/\/now-news.de\/de\/deutschland\/geruechte-um-selenskij-ruecktritt-wegen-korruptionsskandal\/#primaryimage\"},\"thumbnailUrl\":\"https:\/\/now-news.de\/de\/wp-content\/uploads\/sites\/3\/2025\/12\/Geruechte-um-Selenskij-Ruecktritt-wegen-Korruptionsskandal.jpg\",\"keywords\":[\"Ger\u00fcchte\",\"Korruptionsskandal\",\"SelenskijR\u00fccktritt\",\"wegen\"],\"articleSection\":[\"Deutschland\",\"Russland\"],\"inLanguage\":\"de\",\"potentialAction\":[{\"@type\":\"CommentAction\",\"name\":\"Comment\",\"target\":[\"https:\/\/now-news.de\/de\/deutschland\/geruechte-um-selenskij-ruecktritt-wegen-korruptionsskandal\/#respond\"]}]},{\"@type\":\"WebPage\",\"@id\":\"https:\/\/now-news.de\/de\/deutschland\/geruechte-um-selenskij-ruecktritt-wegen-korruptionsskandal\/\",\"url\":\"https:\/\/now-news.de\/de\/deutschland\/geruechte-um-selenskij-ruecktritt-wegen-korruptionsskandal\/\",\"name\":\"Ger\u00fcchte um Selenskij-R\u00fccktritt wegen Korruptionsskandal - just-now.NEWS Deutschland\",\"isPartOf\":{\"@id\":\"https:\/\/now-news.de\/de\/#website\"},\"primaryImageOfPage\":{\"@id\":\"https:\/\/now-news.de\/de\/deutschland\/geruechte-um-selenskij-ruecktritt-wegen-korruptionsskandal\/#primaryimage\"},\"image\":{\"@id\":\"https:\/\/now-news.de\/de\/deutschland\/geruechte-um-selenskij-ruecktritt-wegen-korruptionsskandal\/#primaryimage\"},\"thumbnailUrl\":\"https:\/\/now-news.de\/de\/wp-content\/uploads\/sites\/3\/2025\/12\/Geruechte-um-Selenskij-Ruecktritt-wegen-Korruptionsskandal.jpg\",\"datePublished\":\"2025-12-02T13:23:40+00:00\",\"dateModified\":\"2025-12-02T13:23:40+00:00\",\"breadcrumb\":{\"@id\":\"https:\/\/now-news.de\/de\/deutschland\/geruechte-um-selenskij-ruecktritt-wegen-korruptionsskandal\/#breadcrumb\"},\"inLanguage\":\"de\",\"potentialAction\":[{\"@type\":\"ReadAction\",\"target\":[\"https:\/\/now-news.de\/de\/deutschland\/geruechte-um-selenskij-ruecktritt-wegen-korruptionsskandal\/\"]}]},{\"@type\":\"ImageObject\",\"inLanguage\":\"de\",\"@id\":\"https:\/\/now-news.de\/de\/deutschland\/geruechte-um-selenskij-ruecktritt-wegen-korruptionsskandal\/#primaryimage\",\"url\":\"https:\/\/now-news.de\/de\/wp-content\/uploads\/sites\/3\/2025\/12\/Geruechte-um-Selenskij-Ruecktritt-wegen-Korruptionsskandal.jpg\",\"contentUrl\":\"https:\/\/now-news.de\/de\/wp-content\/uploads\/sites\/3\/2025\/12\/Geruechte-um-Selenskij-Ruecktritt-wegen-Korruptionsskandal.jpg\",\"width\":460,\"height\":259,\"caption\":\"Ger\u00fcchte um Selenskij-R\u00fccktritt wegen Korruptionsskandal\"},{\"@type\":\"BreadcrumbList\",\"@id\":\"https:\/\/now-news.de\/de\/deutschland\/geruechte-um-selenskij-ruecktritt-wegen-korruptionsskandal\/#breadcrumb\",\"itemListElement\":[{\"@type\":\"ListItem\",\"position\":1,\"name\":\"Home\",\"item\":\"https:\/\/now-news.de\/de\/\"},{\"@type\":\"ListItem\",\"position\":2,\"name\":\"Ger\u00fcchte um Selenskij-R\u00fccktritt wegen Korruptionsskandal\"}]},{\"@type\":\"WebSite\",\"@id\":\"https:\/\/now-news.de\/de\/#website\",\"url\":\"https:\/\/now-news.de\/de\/\",\"name\":\"just-now.NEWS Deutschland\",\"description\":\"Das Portal f\u00fcr unzensierte Nachrichten aus der Welt\",\"publisher\":{\"@id\":\"https:\/\/now-news.de\/de\/#organization\"},\"potentialAction\":[{\"@type\":\"SearchAction\",\"target\":{\"@type\":\"EntryPoint\",\"urlTemplate\":\"https:\/\/now-news.de\/de\/?s={search_term_string}\"},\"query-input\":\"required name=search_term_string\"}],\"inLanguage\":\"de\"},{\"@type\":\"Organization\",\"@id\":\"https:\/\/now-news.de\/de\/#organization\",\"name\":\"Just Now News\",\"url\":\"https:\/\/now-news.de\/de\/\",\"logo\":{\"@type\":\"ImageObject\",\"inLanguage\":\"de\",\"@id\":\"https:\/\/now-news.de\/de\/#\/schema\/logo\/image\/\",\"url\":\"http:\/\/just-now.news\/de\/wp-content\/uploads\/sites\/3\/2022\/04\/logo500x500.jpg\",\"contentUrl\":\"http:\/\/just-now.news\/de\/wp-content\/uploads\/sites\/3\/2022\/04\/logo500x500.jpg\",\"width\":500,\"height\":500,\"caption\":\"Just Now News\"},\"image\":{\"@id\":\"https:\/\/now-news.de\/de\/#\/schema\/logo\/image\/\"},\"sameAs\":[\"https:\/\/www.facebook.com\/wirmachenauf\",\"https:\/\/x.com\/WirMachenAuf_de\"]},{\"@type\":\"Person\",\"@id\":\"https:\/\/now-news.de\/de\/#\/schema\/person\/fb534a4e865501d8b3285208df34a9b5\",\"name\":\"rtnews\",\"image\":{\"@type\":\"ImageObject\",\"inLanguage\":\"de\",\"@id\":\"https:\/\/now-news.de\/de\/#\/schema\/person\/image\/\",\"url\":\"https:\/\/secure.gravatar.com\/avatar\/82aafea7d8127119dd649515f56e2117?s=96&d=mm&r=g\",\"contentUrl\":\"https:\/\/secure.gravatar.com\/avatar\/82aafea7d8127119dd649515f56e2117?s=96&d=mm&r=g\",\"caption\":\"rtnews\"},\"url\":\"https:\/\/now-news.de\/de\/author\/rnews\/\"}]}<\/script>\n<!-- \/ Yoast SEO Premium plugin. -->","yoast_head_json":{"title":"Ger\u00fcchte um Selenskij-R\u00fccktritt wegen Korruptionsskandal - just-now.NEWS Deutschland","robots":{"index":"index","follow":"follow","max-snippet":"max-snippet:-1","max-image-preview":"max-image-preview:large","max-video-preview":"max-video-preview:-1"},"canonical":"https:\/\/now-news.de\/de\/deutschland\/geruechte-um-selenskij-ruecktritt-wegen-korruptionsskandal\/","og_locale":"de_DE","og_type":"article","og_title":"Ger\u00fcchte um Selenskij-R\u00fccktritt wegen Korruptionsskandal","og_description":"Die Ger\u00fcchtek\u00fcche brodelt und die Spekulationen um einen baldigen R\u00fccktritt von Wladimir Selenskij werden immer lauter. Denn der Korruptionsskandal in der Ukraine f\u00e4llt immer mehr auf den Pr\u00e4sidenten selbst zur\u00fcck. Nachdem Wladimir Selenskij sich Ende letzter Woche aufgrund des Korruptionsskandals gezwungen sah, seinen Stabschef Andrei Jermak zu entlassen, zieht sich die Schlinge immer enger um [&hellip;]","og_url":"https:\/\/now-news.de\/de\/deutschland\/geruechte-um-selenskij-ruecktritt-wegen-korruptionsskandal\/","og_site_name":"just-now.NEWS Deutschland","article_publisher":"https:\/\/www.facebook.com\/wirmachenauf","article_published_time":"2025-12-02T13:23:40+00:00","og_image":[{"url":"https:\/\/now-news.de\/de\/wp-content\/uploads\/sites\/3\/2025\/12\/692ed6f048fbef372d279e9a.jpg"}],"author":"rtnews","twitter_card":"summary_large_image","twitter_creator":"@WirMachenAuf_de","twitter_site":"@WirMachenAuf_de","twitter_misc":{"Verfasst von":"rtnews","Gesch\u00e4tzte Lesezeit":"3\u00a0Minuten"},"schema":{"@context":"https:\/\/schema.org","@graph":[{"@type":"Article","@id":"https:\/\/now-news.de\/de\/deutschland\/geruechte-um-selenskij-ruecktritt-wegen-korruptionsskandal\/#article","isPartOf":{"@id":"https:\/\/now-news.de\/de\/deutschland\/geruechte-um-selenskij-ruecktritt-wegen-korruptionsskandal\/"},"author":{"name":"rtnews","@id":"https:\/\/now-news.de\/de\/#\/schema\/person\/fb534a4e865501d8b3285208df34a9b5"},"headline":"Ger\u00fcchte um Selenskij-R\u00fccktritt wegen Korruptionsskandal","datePublished":"2025-12-02T13:23:40+00:00","dateModified":"2025-12-02T13:23:40+00:00","mainEntityOfPage":{"@id":"https:\/\/now-news.de\/de\/deutschland\/geruechte-um-selenskij-ruecktritt-wegen-korruptionsskandal\/"},"wordCount":547,"commentCount":0,"publisher":{"@id":"https:\/\/now-news.de\/de\/#organization"},"image":{"@id":"https:\/\/now-news.de\/de\/deutschland\/geruechte-um-selenskij-ruecktritt-wegen-korruptionsskandal\/#primaryimage"},"thumbnailUrl":"https:\/\/now-news.de\/de\/wp-content\/uploads\/sites\/3\/2025\/12\/Geruechte-um-Selenskij-Ruecktritt-wegen-Korruptionsskandal.jpg","keywords":["Ger\u00fcchte","Korruptionsskandal","SelenskijR\u00fccktritt","wegen"],"articleSection":["Deutschland","Russland"],"inLanguage":"de","potentialAction":[{"@type":"CommentAction","name":"Comment","target":["https:\/\/now-news.de\/de\/deutschland\/geruechte-um-selenskij-ruecktritt-wegen-korruptionsskandal\/#respond"]}]},{"@type":"WebPage","@id":"https:\/\/now-news.de\/de\/deutschland\/geruechte-um-selenskij-ruecktritt-wegen-korruptionsskandal\/","url":"https:\/\/now-news.de\/de\/deutschland\/geruechte-um-selenskij-ruecktritt-wegen-korruptionsskandal\/","name":"Ger\u00fcchte um Selenskij-R\u00fccktritt wegen Korruptionsskandal - just-now.NEWS Deutschland","isPartOf":{"@id":"https:\/\/now-news.de\/de\/#website"},"primaryImageOfPage":{"@id":"https:\/\/now-news.de\/de\/deutschland\/geruechte-um-selenskij-ruecktritt-wegen-korruptionsskandal\/#primaryimage"},"image":{"@id":"https:\/\/now-news.de\/de\/deutschland\/geruechte-um-selenskij-ruecktritt-wegen-korruptionsskandal\/#primaryimage"},"thumbnailUrl":"https:\/\/now-news.de\/de\/wp-content\/uploads\/sites\/3\/2025\/12\/Geruechte-um-Selenskij-Ruecktritt-wegen-Korruptionsskandal.jpg","datePublished":"2025-12-02T13:23:40+00:00","dateModified":"2025-12-02T13:23:40+00:00","breadcrumb":{"@id":"https:\/\/now-news.de\/de\/deutschland\/geruechte-um-selenskij-ruecktritt-wegen-korruptionsskandal\/#breadcrumb"},"inLanguage":"de","potentialAction":[{"@type":"ReadAction","target":["https:\/\/now-news.de\/de\/deutschland\/geruechte-um-selenskij-ruecktritt-wegen-korruptionsskandal\/"]}]},{"@type":"ImageObject","inLanguage":"de","@id":"https:\/\/now-news.de\/de\/deutschland\/geruechte-um-selenskij-ruecktritt-wegen-korruptionsskandal\/#primaryimage","url":"https:\/\/now-news.de\/de\/wp-content\/uploads\/sites\/3\/2025\/12\/Geruechte-um-Selenskij-Ruecktritt-wegen-Korruptionsskandal.jpg","contentUrl":"https:\/\/now-news.de\/de\/wp-content\/uploads\/sites\/3\/2025\/12\/Geruechte-um-Selenskij-Ruecktritt-wegen-Korruptionsskandal.jpg","width":460,"height":259,"caption":"Ger\u00fcchte um Selenskij-R\u00fccktritt wegen Korruptionsskandal"},{"@type":"BreadcrumbList","@id":"https:\/\/now-news.de\/de\/deutschland\/geruechte-um-selenskij-ruecktritt-wegen-korruptionsskandal\/#breadcrumb","itemListElement":[{"@type":"ListItem","position":1,"name":"Home","item":"https:\/\/now-news.de\/de\/"},{"@type":"ListItem","position":2,"name":"Ger\u00fcchte um Selenskij-R\u00fccktritt wegen Korruptionsskandal"}]},{"@type":"WebSite","@id":"https:\/\/now-news.de\/de\/#website","url":"https:\/\/now-news.de\/de\/","name":"just-now.NEWS Deutschland","description":"Das Portal f\u00fcr unzensierte Nachrichten aus der Welt","publisher":{"@id":"https:\/\/now-news.de\/de\/#organization"},"potentialAction":[{"@type":"SearchAction","target":{"@type":"EntryPoint","urlTemplate":"https:\/\/now-news.de\/de\/?s={search_term_string}"},"query-input":"required name=search_term_string"}],"inLanguage":"de"},{"@type":"Organization","@id":"https:\/\/now-news.de\/de\/#organization","name":"Just Now News","url":"https:\/\/now-news.de\/de\/","logo":{"@type":"ImageObject","inLanguage":"de","@id":"https:\/\/now-news.de\/de\/#\/schema\/logo\/image\/","url":"http:\/\/just-now.news\/de\/wp-content\/uploads\/sites\/3\/2022\/04\/logo500x500.jpg","contentUrl":"http:\/\/just-now.news\/de\/wp-content\/uploads\/sites\/3\/2022\/04\/logo500x500.jpg","width":500,"height":500,"caption":"Just Now News"},"image":{"@id":"https:\/\/now-news.de\/de\/#\/schema\/logo\/image\/"},"sameAs":["https:\/\/www.facebook.com\/wirmachenauf","https:\/\/x.com\/WirMachenAuf_de"]},{"@type":"Person","@id":"https:\/\/now-news.de\/de\/#\/schema\/person\/fb534a4e865501d8b3285208df34a9b5","name":"rtnews","image":{"@type":"ImageObject","inLanguage":"de","@id":"https:\/\/now-news.de\/de\/#\/schema\/person\/image\/","url":"https:\/\/secure.gravatar.com\/avatar\/82aafea7d8127119dd649515f56e2117?s=96&d=mm&r=g","contentUrl":"https:\/\/secure.gravatar.com\/avatar\/82aafea7d8127119dd649515f56e2117?s=96&d=mm&r=g","caption":"rtnews"},"url":"https:\/\/now-news.de\/de\/author\/rnews\/"}]}},"_links":{"self":[{"href":"https:\/\/now-news.de\/de\/wp-json\/wp\/v2\/posts\/95045"}],"collection":[{"href":"https:\/\/now-news.de\/de\/wp-json\/wp\/v2\/posts"}],"about":[{"href":"https:\/\/now-news.de\/de\/wp-json\/wp\/v2\/types\/post"}],"author":[{"embeddable":true,"href":"https:\/\/now-news.de\/de\/wp-json\/wp\/v2\/users\/3"}],"replies":[{"embeddable":true,"href":"https:\/\/now-news.de\/de\/wp-json\/wp\/v2\/comments?post=95045"}],"version-history":[{"count":0,"href":"https:\/\/now-news.de\/de\/wp-json\/wp\/v2\/posts\/95045\/revisions"}],"wp:featuredmedia":[{"embeddable":true,"href":"https:\/\/now-news.de\/de\/wp-json\/wp\/v2\/media\/95046"}],"wp:attachment":[{"href":"https:\/\/now-news.de\/de\/wp-json\/wp\/v2\/media?parent=95045"}],"wp:term":[{"taxonomy":"category","embeddable":true,"href":"https:\/\/now-news.de\/de\/wp-json\/wp\/v2\/categories?post=95045"},{"taxonomy":"post_tag","embeddable":true,"href":"https:\/\/now-news.de\/de\/wp-json\/wp\/v2\/tags?post=95045"}],"curies":[{"name":"wp","href":"https:\/\/api.w.org\/{rel}","templated":true}]}}