{"id":95032,"date":"2025-12-02T14:04:46","date_gmt":"2025-12-02T12:04:46","guid":{"rendered":"https:\/\/now-news.de\/de\/deutschland\/bundesverband-der-deutschen-industrie-wirtschaftsstandort-deutschland-im-freien-fall\/"},"modified":"2025-12-02T14:04:46","modified_gmt":"2025-12-02T12:04:46","slug":"bundesverband-der-deutschen-industrie-wirtschaftsstandort-deutschland-im-freien-fall","status":"publish","type":"post","link":"https:\/\/now-news.de\/de\/deutschland\/bundesverband-der-deutschen-industrie-wirtschaftsstandort-deutschland-im-freien-fall\/","title":{"rendered":"Bundesverband der Deutschen Industrie: Wirtschaftsstandort Deutschland &quot;im freien Fall&quot;"},"content":{"rendered":"<p><img decoding=\"async\" src=\"https:\/\/now-news.de\/de\/wp-content\/uploads\/sites\/3\/2025\/12\/692eb05fb480cc5d6a009fc0.jpg\" \/><\/p>\n<div class=\"Text-root Text-type_1 \">\n                Der Bundesverband der Deutschen Industrie (BDI) kommt zu dem desastr\u00f6sen Ergebnis, dass sich der Wirtschaftsstandort Deutschland weiterhin im &#8220;freien Fall&#8221; befindet. Die Kritik lautet, dass die Gro\u00dfe Koalition &#8220;nicht entschlossen genug&#8221; reagiert.\n            <\/div>\n<p><\/p>\n<div class=\"Text-root Text-type_5 ArticleView-text ViewText-root \">\n<p>In dem j\u00fcngsten BDI-Industriebericht wird f\u00fcr dieses Jahr ein R\u00fcckgang der Produktion in der Industrie um zwei Prozent prognostiziert. Damit w\u00fcrde die deutsche Protektionswirtschaft das vierte Jahr in Folge schrumpfen, so das Ergebnis der 34-seitigen Studie. Zudem geht der Bundesverband davon aus, dass die deutschen Warenexporte im Jahr 2025 nicht weiter sinken d\u00fcrften.<\/p>\n<p>Deutschland braucht eine umgehende &#8220;wirtschaftspolitische Wende mit klaren Priorit\u00e4ten f\u00fcr Wettbewerbsf\u00e4higkeit und Wachstum&#8221;, so die unmissverst\u00e4ndliche Formulierung des Bundesverbands der Deutschen Industrie (BDI) an die Bundesregierung gerichtet. Der j\u00fcngste\u00a0Industriebericht f\u00e4llt auf allen Ebenen kritisch bis vernichtend aus, dies bezogen auf die weiter stagnierende Situation im ehemals ger\u00fchmten Wirtschaftsstandort Deutschland. So hei\u00dft es unmissverst\u00e4ndlich formuliert in der\u00a0<a rel=\"nofollow noopener\" target=\"_blank\" href=\"https:\/\/bdi.eu\/artikel\/news\/bdi-zu-industriebericht-wirtschaftsstandort-im-freien-fall-bundesregierung-reagiert-nicht-entschlossen-genug\">Presseerkl\u00e4rung<\/a>\u00a0zum Bericht:<\/p>\n<p><em>&#8220;Wir erwarten f\u00fcr dieses Jahr einen Produktionseinbruch um zwei Prozent, somit geht die Industrieproduktion das vierte Jahr in Folge zur\u00fcck. Das ist keine konjunkturelle Delle, sondern ein struktureller Abstieg.\u00a0Die Industrieproduktion schrumpft das neunte Quartal in Folge, vom Peak 2018 sind wir weit entfernt. Die deutsche Industrie verliert kontinuierlich an Substanz. Im dritten Quartal ging die Produktion erneut um 0,9 Prozent gegen\u00fcber dem Vorquartal und um 1,2 Prozent im Jahresvergleich zur\u00fcck.&#8221;\u00a0<\/em><\/p>\n<p>Die dringende Empfehlung an\u00a0das Berliner Regierungsviertel lautet, dass das Land &#8220;jetzt eine wirtschaftspolitische Wende mit klaren Priorit\u00e4ten f\u00fcr Wettbewerbsf\u00e4higkeit und Wachstum&#8221; ben\u00f6tige. Die Warnung lautet:<\/p>\n<p><em>&#8220;Jeder Monat ohne entschlossene Strukturreformen kostet weitere Arbeitspl\u00e4tze und Wohlstand und engt k\u00fcnftige Spielr\u00e4ume des Staates massiv ein.\u00a0Die Bundesregierung muss Investitionen Vorrang vor konsumtiven Ausgaben einr\u00e4umen. Das Sonderverm\u00f6gen muss transparent f\u00fcr zus\u00e4tzliche Investitionen genutzt werden.&#8221;\u00a0<\/em><\/p>\n<p>In den ersten zehn Monaten dieses Jahres w\u00e4ren in der Automobilindustrie &#8220;3,5 Millionen Pkw im Inland gefertigt&#8221;, so die Studie. Das entsprach einem Zuwachs von gut einem Prozent zum Vorjahreszeitraum. Unter anderem hei\u00dft es weiter\u00a0<a rel=\"nofollow noopener\" target=\"_blank\" href=\"https:\/\/bdi.eu\/publikation\/news\/industriebericht-dezember-2025\">in dem Bericht<\/a>\u00a0zu Eckdaten der angeschlagenen Wirtschaft:<\/p>\n<ul>\n<li>Im Vergleich zum Jahresbeginn hat sich die Stimmung im Bauhauptgewerbe nach vier Jahren r\u00fcckl\u00e4ufiger Ums\u00e4tze in Folge deutlich verbessert. Dies ist aber allein auf positivere Gesch\u00e4ftserwartungen aufgrund der Ank\u00fcndigung des Sonderverm\u00f6gens Infrastruktur und Klimaneutralit\u00e4t zur\u00fcckzuf\u00fchren. Denn w\u00e4hrend sich der saisonbereinigte Saldo der Gesch\u00e4ftserwartungen von minus 40 Punkten im Januar schrittweise auf minus 19 Punkte im Oktober verbessert hat, lag der Saldo der aktuellen Gesch\u00e4ftslage fast unver\u00e4ndert bei minus 11 Punkten.<\/li>\n<li>Chemie und Pharmaindustrie \u2013 Herbst der Depressionen. Das Jahr 2025 brachte f\u00fcr die deutsche Chemie- und Pharmaindustrie keine Trendwende. Im Gegenteil: Produktion, Umsatz und Preise gingen von Quartal zu Quartal zur\u00fcck. Und trotz der Stilllegung von Anlagen blieb die Kapazit\u00e4tsauslastung weit unter einem Normalbereich. Zuletzt lag die Auslastung der Chemieanlagen nur noch bei 70 Prozent.<\/li>\n<li>Gie\u00dferei-Industrie\u00a0\u2013 Branche in existenzieller Krise: Die deutsche Gussproduktion sank in den ersten acht Monaten des Jahres 2025 um 6,2 Prozent auf 2,234 Millionen Tonnen. Die Eisen- und Stahlgie\u00dfereien verb\u00fc\u00dften hierbei einen R\u00fcckgang von 5,8 Prozent, w\u00e4hrend die Nichteisen-Metallgie\u00dfereien 7,7 Prozent weniger gegossen haben als im Vorjahreszeitraum.<\/li>\n<li>Luftverkehrswirtschaft: Europa erholt sich \u2013 Deutschland bleibt zur\u00fcck. Im bisherigen Jahresverlauf hat sich das Sitzplatzangebot in Deutschland verbessert, liegt aber weiterhin deutlich hinter der Entwicklung im restlichen Europa zur\u00fcck. Die anhaltende Schw\u00e4che der deutschen Wirtschaft trifft auch die Luftfracht.<\/li>\n<li>Stahlstandort Deutschland f\u00e4llt weiter zur\u00fcck: Der Abw\u00e4rtstrend in der Stahlproduktion setzt sich im bisherigen Jahresverlauf fort. Das bereits im letzten Jahr \u00e4u\u00dferst geringe Produktionsniveau wurde im Zeitraum von Januar bis September um rund elf Prozent unterboten.<\/li>\n<\/ul>\n<p>In der Europ\u00e4ischen Union w\u00fcrde demgegen\u00fcber die Industrierezession &#8220;bereits beendet sein&#8221;, so die BDI-Analysten. Die geltende Prognose w\u00fcrde daher &#8220;nach oben korrigiert&#8221;, zudem w\u00fcrde man laut dem Verband im laufenden Jahr mit einem Anstieg der [EU-]Industrieproduktion um einen Prozent (bisher -1 Prozent) rechnen.<\/p>\n<p>Regierungskritiker w\u00fcrden laut\u00a0<em>ARD<\/em>-Tagesschau monieren, dass die Bundesregierung ihre Vorhaben aus dem Kernhaushalt &#8220;in das Milliarden-Sonderverm\u00f6gen f\u00fcr Infrastruktur und Klimaschutz verschiebt&#8221;, um somit durch die freigewordenen Mittel &#8220;Projekte wie die Ausweitung der M\u00fctterrente zu finanzieren&#8221; und nicht den Wirtschaftsstandort.<\/p>\n<p>BDI-Pr\u00e4sident Peter Leibinger dr\u00e4ngt laut Medien nun darauf, steuerfinanzierte &#8220;Investitionen\u00a0<a rel=\"nofollow noopener\" target=\"_blank\" href=\"https:\/\/www.investmentweek.com\/bdi-prognostiziert-verfall-des-deutschen-wirtschaftsstandorts\/\">zu beschleunigen<\/a>\u00a0und das bestehende Sonderverm\u00f6gen strategisch zur F\u00f6rderung dieser Investitionen zu nutzen&#8221;. Zudem sei ein dringender Abbau b\u00fcrokratischer H\u00fcrden erforderlich, &#8220;um den Unternehmen die dringend ben\u00f6tigten Entlastungen zu erm\u00f6glichen und die Innovationskraft der deutschen Wirtschaft wieder zu erh\u00f6hen&#8221;.<\/p>\n<p><strong>Mehr zum Thema &#8211;<\/strong>\u00a0<a rel=\"nofollow noopener\" target=\"_blank\" href=\"https:\/\/freedert.online\/inland\/262855-deutschland-stagniert-von-wirtschaftlichen-kehrtwende\/\">Deutschlands Bau- und Metallindustrie besonders von Pleiten betroffen<\/a><\/p>\n<div class=\"EmbedBlock-root EmbedBlock-externalVideo EmbedBlock-rumble\">\n<div class=\"VkEmbed\"><iframe class=\"lazyload\" data-src=\"https:\/\/rumble.com\/embed\/v707ive\" frameborder=\"0\" width=\"853\" height=\"480\" allowfullscreen><\/iframe><\/div>\n<\/div>\n<\/div>\n<p><br \/>\n<br \/><a href=\"https:\/\/de.rt.com\/inland\/263563-bundesverband-deutschen-industrie-wirtschaftsstandort-deutschland\/\">Source link <\/a><\/p>\n","protected":false},"excerpt":{"rendered":"<p>Der Bundesverband der Deutschen Industrie (BDI) kommt zu dem desastr\u00f6sen Ergebnis, dass sich der Wirtschaftsstandort Deutschland weiterhin im &#8220;freien Fall&#8221; befindet. Die Kritik lautet, dass die Gro\u00dfe Koalition &#8220;nicht entschlossen genug&#8221; reagiert. In dem j\u00fcngsten BDI-Industriebericht wird f\u00fcr dieses Jahr ein R\u00fcckgang der Produktion in der Industrie um zwei Prozent prognostiziert. Damit w\u00fcrde die deutsche [&hellip;]<\/p>\n","protected":false},"author":3,"featured_media":95033,"comment_status":"open","ping_status":"open","sticky":false,"template":"","format":"standard","meta":{"_yoast_indexnow_last_ping":["1764677190"],"wp_automatic_camp":["217"],"a459cbe8c1aecfb7e3012175a3f5f48f":["Bundesverband der Deutschen Industrie: Wirtschaftsstandort Deutschland &quot;im freien Fall&quot;"],"original_link":["https:\/\/de.rt.com\/inland\/263563-bundesverband-deutschen-industrie-wirtschaftsstandort-deutschland\/"],"_thumbnail_id":["95033"],"jnews_social_counter_last_update":["1777276783"],"_wptgpro_p2tg_sent2tg":["a:1:{i:23737;s:19:\"2025-12-02 14:07:44\";}"]},"categories":[19,23],"tags":[32044,82,577,179,16064,11265,7923,36708,69591],"yoast_head":"<!-- This site is optimized with the Yoast SEO Premium plugin v22.7 (Yoast SEO v22.7) - https:\/\/yoast.com\/wordpress\/plugins\/seo\/ -->\n<title>Bundesverband der Deutschen Industrie: Wirtschaftsstandort Deutschland &quot;im freien Fall&quot; - just-now.NEWS Deutschland<\/title>\n<meta name=\"robots\" content=\"index, follow, max-snippet:-1, max-image-preview:large, max-video-preview:-1\" \/>\n<link rel=\"canonical\" href=\"https:\/\/now-news.de\/de\/deutschland\/bundesverband-der-deutschen-industrie-wirtschaftsstandort-deutschland-im-freien-fall\/\" \/>\n<meta property=\"og:locale\" content=\"de_DE\" \/>\n<meta property=\"og:type\" content=\"article\" \/>\n<meta property=\"og:title\" content=\"Bundesverband der Deutschen Industrie: Wirtschaftsstandort Deutschland &quot;im freien Fall&quot;\" \/>\n<meta property=\"og:description\" content=\"Der Bundesverband der Deutschen Industrie (BDI) kommt zu dem desastr\u00f6sen Ergebnis, dass sich der Wirtschaftsstandort Deutschland weiterhin im &#8220;freien Fall&#8221; befindet. Die Kritik lautet, dass die Gro\u00dfe Koalition &#8220;nicht entschlossen genug&#8221; reagiert. In dem j\u00fcngsten BDI-Industriebericht wird f\u00fcr dieses Jahr ein R\u00fcckgang der Produktion in der Industrie um zwei Prozent prognostiziert. Damit w\u00fcrde die deutsche [&hellip;]\" \/>\n<meta property=\"og:url\" content=\"https:\/\/now-news.de\/de\/deutschland\/bundesverband-der-deutschen-industrie-wirtschaftsstandort-deutschland-im-freien-fall\/\" \/>\n<meta property=\"og:site_name\" content=\"just-now.NEWS Deutschland\" \/>\n<meta property=\"article:publisher\" content=\"https:\/\/www.facebook.com\/wirmachenauf\" \/>\n<meta property=\"article:published_time\" content=\"2025-12-02T12:04:46+00:00\" \/>\n<meta property=\"og:image\" content=\"https:\/\/now-news.de\/de\/wp-content\/uploads\/sites\/3\/2025\/12\/692eb05fb480cc5d6a009fc0.jpg\" \/>\n<meta name=\"author\" content=\"rtnews\" \/>\n<meta name=\"twitter:card\" content=\"summary_large_image\" \/>\n<meta name=\"twitter:creator\" content=\"@WirMachenAuf_de\" \/>\n<meta name=\"twitter:site\" content=\"@WirMachenAuf_de\" \/>\n<meta name=\"twitter:label1\" content=\"Verfasst von\" \/>\n\t<meta name=\"twitter:data1\" content=\"rtnews\" \/>\n\t<meta name=\"twitter:label2\" content=\"Gesch\u00e4tzte Lesezeit\" \/>\n\t<meta name=\"twitter:data2\" content=\"4\u00a0Minuten\" \/>\n<script type=\"application\/ld+json\" class=\"yoast-schema-graph\">{\"@context\":\"https:\/\/schema.org\",\"@graph\":[{\"@type\":\"Article\",\"@id\":\"https:\/\/now-news.de\/de\/deutschland\/bundesverband-der-deutschen-industrie-wirtschaftsstandort-deutschland-im-freien-fall\/#article\",\"isPartOf\":{\"@id\":\"https:\/\/now-news.de\/de\/deutschland\/bundesverband-der-deutschen-industrie-wirtschaftsstandort-deutschland-im-freien-fall\/\"},\"author\":{\"name\":\"rtnews\",\"@id\":\"https:\/\/now-news.de\/de\/#\/schema\/person\/fb534a4e865501d8b3285208df34a9b5\"},\"headline\":\"Bundesverband der Deutschen Industrie: Wirtschaftsstandort Deutschland &quot;im freien Fall&quot;\",\"datePublished\":\"2025-12-02T12:04:46+00:00\",\"dateModified\":\"2025-12-02T12:04:46+00:00\",\"mainEntityOfPage\":{\"@id\":\"https:\/\/now-news.de\/de\/deutschland\/bundesverband-der-deutschen-industrie-wirtschaftsstandort-deutschland-im-freien-fall\/\"},\"wordCount\":789,\"commentCount\":0,\"publisher\":{\"@id\":\"https:\/\/now-news.de\/de\/#organization\"},\"image\":{\"@id\":\"https:\/\/now-news.de\/de\/deutschland\/bundesverband-der-deutschen-industrie-wirtschaftsstandort-deutschland-im-freien-fall\/#primaryimage\"},\"thumbnailUrl\":\"https:\/\/now-news.de\/de\/wp-content\/uploads\/sites\/3\/2025\/12\/Bundesverband-der-Deutschen-Industrie-Wirtschaftsstandort-Deutschland-quotim-freien-Fallquot.jpg\",\"keywords\":[\"Bundesverband\",\"der\",\"Deutschen\",\"Deutschland\",\"Fallquot\",\"Freien\",\"Industrie\",\"quotIm\",\"Wirtschaftsstandort\"],\"articleSection\":[\"Deutschland\",\"Russland\"],\"inLanguage\":\"de\",\"potentialAction\":[{\"@type\":\"CommentAction\",\"name\":\"Comment\",\"target\":[\"https:\/\/now-news.de\/de\/deutschland\/bundesverband-der-deutschen-industrie-wirtschaftsstandort-deutschland-im-freien-fall\/#respond\"]}]},{\"@type\":\"WebPage\",\"@id\":\"https:\/\/now-news.de\/de\/deutschland\/bundesverband-der-deutschen-industrie-wirtschaftsstandort-deutschland-im-freien-fall\/\",\"url\":\"https:\/\/now-news.de\/de\/deutschland\/bundesverband-der-deutschen-industrie-wirtschaftsstandort-deutschland-im-freien-fall\/\",\"name\":\"Bundesverband der Deutschen Industrie: Wirtschaftsstandort Deutschland &quot;im freien Fall&quot; - just-now.NEWS Deutschland\",\"isPartOf\":{\"@id\":\"https:\/\/now-news.de\/de\/#website\"},\"primaryImageOfPage\":{\"@id\":\"https:\/\/now-news.de\/de\/deutschland\/bundesverband-der-deutschen-industrie-wirtschaftsstandort-deutschland-im-freien-fall\/#primaryimage\"},\"image\":{\"@id\":\"https:\/\/now-news.de\/de\/deutschland\/bundesverband-der-deutschen-industrie-wirtschaftsstandort-deutschland-im-freien-fall\/#primaryimage\"},\"thumbnailUrl\":\"https:\/\/now-news.de\/de\/wp-content\/uploads\/sites\/3\/2025\/12\/Bundesverband-der-Deutschen-Industrie-Wirtschaftsstandort-Deutschland-quotim-freien-Fallquot.jpg\",\"datePublished\":\"2025-12-02T12:04:46+00:00\",\"dateModified\":\"2025-12-02T12:04:46+00:00\",\"breadcrumb\":{\"@id\":\"https:\/\/now-news.de\/de\/deutschland\/bundesverband-der-deutschen-industrie-wirtschaftsstandort-deutschland-im-freien-fall\/#breadcrumb\"},\"inLanguage\":\"de\",\"potentialAction\":[{\"@type\":\"ReadAction\",\"target\":[\"https:\/\/now-news.de\/de\/deutschland\/bundesverband-der-deutschen-industrie-wirtschaftsstandort-deutschland-im-freien-fall\/\"]}]},{\"@type\":\"ImageObject\",\"inLanguage\":\"de\",\"@id\":\"https:\/\/now-news.de\/de\/deutschland\/bundesverband-der-deutschen-industrie-wirtschaftsstandort-deutschland-im-freien-fall\/#primaryimage\",\"url\":\"https:\/\/now-news.de\/de\/wp-content\/uploads\/sites\/3\/2025\/12\/Bundesverband-der-Deutschen-Industrie-Wirtschaftsstandort-Deutschland-quotim-freien-Fallquot.jpg\",\"contentUrl\":\"https:\/\/now-news.de\/de\/wp-content\/uploads\/sites\/3\/2025\/12\/Bundesverband-der-Deutschen-Industrie-Wirtschaftsstandort-Deutschland-quotim-freien-Fallquot.jpg\",\"width\":460,\"height\":259,\"caption\":\"Bundesverband der Deutschen Industrie: Wirtschaftsstandort Deutschland &quot;im freien Fall&quot;\"},{\"@type\":\"BreadcrumbList\",\"@id\":\"https:\/\/now-news.de\/de\/deutschland\/bundesverband-der-deutschen-industrie-wirtschaftsstandort-deutschland-im-freien-fall\/#breadcrumb\",\"itemListElement\":[{\"@type\":\"ListItem\",\"position\":1,\"name\":\"Home\",\"item\":\"https:\/\/now-news.de\/de\/\"},{\"@type\":\"ListItem\",\"position\":2,\"name\":\"Bundesverband der Deutschen Industrie: Wirtschaftsstandort Deutschland &quot;im freien Fall&quot;\"}]},{\"@type\":\"WebSite\",\"@id\":\"https:\/\/now-news.de\/de\/#website\",\"url\":\"https:\/\/now-news.de\/de\/\",\"name\":\"just-now.NEWS Deutschland\",\"description\":\"Das Portal f\u00fcr unzensierte Nachrichten aus der Welt\",\"publisher\":{\"@id\":\"https:\/\/now-news.de\/de\/#organization\"},\"potentialAction\":[{\"@type\":\"SearchAction\",\"target\":{\"@type\":\"EntryPoint\",\"urlTemplate\":\"https:\/\/now-news.de\/de\/?s={search_term_string}\"},\"query-input\":\"required name=search_term_string\"}],\"inLanguage\":\"de\"},{\"@type\":\"Organization\",\"@id\":\"https:\/\/now-news.de\/de\/#organization\",\"name\":\"Just Now News\",\"url\":\"https:\/\/now-news.de\/de\/\",\"logo\":{\"@type\":\"ImageObject\",\"inLanguage\":\"de\",\"@id\":\"https:\/\/now-news.de\/de\/#\/schema\/logo\/image\/\",\"url\":\"http:\/\/just-now.news\/de\/wp-content\/uploads\/sites\/3\/2022\/04\/logo500x500.jpg\",\"contentUrl\":\"http:\/\/just-now.news\/de\/wp-content\/uploads\/sites\/3\/2022\/04\/logo500x500.jpg\",\"width\":500,\"height\":500,\"caption\":\"Just Now News\"},\"image\":{\"@id\":\"https:\/\/now-news.de\/de\/#\/schema\/logo\/image\/\"},\"sameAs\":[\"https:\/\/www.facebook.com\/wirmachenauf\",\"https:\/\/x.com\/WirMachenAuf_de\"]},{\"@type\":\"Person\",\"@id\":\"https:\/\/now-news.de\/de\/#\/schema\/person\/fb534a4e865501d8b3285208df34a9b5\",\"name\":\"rtnews\",\"image\":{\"@type\":\"ImageObject\",\"inLanguage\":\"de\",\"@id\":\"https:\/\/now-news.de\/de\/#\/schema\/person\/image\/\",\"url\":\"https:\/\/secure.gravatar.com\/avatar\/82aafea7d8127119dd649515f56e2117?s=96&d=mm&r=g\",\"contentUrl\":\"https:\/\/secure.gravatar.com\/avatar\/82aafea7d8127119dd649515f56e2117?s=96&d=mm&r=g\",\"caption\":\"rtnews\"},\"url\":\"https:\/\/now-news.de\/de\/author\/rnews\/\"}]}<\/script>\n<!-- \/ Yoast SEO Premium plugin. -->","yoast_head_json":{"title":"Bundesverband der Deutschen Industrie: Wirtschaftsstandort Deutschland &quot;im freien Fall&quot; - just-now.NEWS Deutschland","robots":{"index":"index","follow":"follow","max-snippet":"max-snippet:-1","max-image-preview":"max-image-preview:large","max-video-preview":"max-video-preview:-1"},"canonical":"https:\/\/now-news.de\/de\/deutschland\/bundesverband-der-deutschen-industrie-wirtschaftsstandort-deutschland-im-freien-fall\/","og_locale":"de_DE","og_type":"article","og_title":"Bundesverband der Deutschen Industrie: Wirtschaftsstandort Deutschland &quot;im freien Fall&quot;","og_description":"Der Bundesverband der Deutschen Industrie (BDI) kommt zu dem desastr\u00f6sen Ergebnis, dass sich der Wirtschaftsstandort Deutschland weiterhin im &#8220;freien Fall&#8221; befindet. Die Kritik lautet, dass die Gro\u00dfe Koalition &#8220;nicht entschlossen genug&#8221; reagiert. In dem j\u00fcngsten BDI-Industriebericht wird f\u00fcr dieses Jahr ein R\u00fcckgang der Produktion in der Industrie um zwei Prozent prognostiziert. Damit w\u00fcrde die deutsche [&hellip;]","og_url":"https:\/\/now-news.de\/de\/deutschland\/bundesverband-der-deutschen-industrie-wirtschaftsstandort-deutschland-im-freien-fall\/","og_site_name":"just-now.NEWS Deutschland","article_publisher":"https:\/\/www.facebook.com\/wirmachenauf","article_published_time":"2025-12-02T12:04:46+00:00","og_image":[{"url":"https:\/\/now-news.de\/de\/wp-content\/uploads\/sites\/3\/2025\/12\/692eb05fb480cc5d6a009fc0.jpg"}],"author":"rtnews","twitter_card":"summary_large_image","twitter_creator":"@WirMachenAuf_de","twitter_site":"@WirMachenAuf_de","twitter_misc":{"Verfasst von":"rtnews","Gesch\u00e4tzte Lesezeit":"4\u00a0Minuten"},"schema":{"@context":"https:\/\/schema.org","@graph":[{"@type":"Article","@id":"https:\/\/now-news.de\/de\/deutschland\/bundesverband-der-deutschen-industrie-wirtschaftsstandort-deutschland-im-freien-fall\/#article","isPartOf":{"@id":"https:\/\/now-news.de\/de\/deutschland\/bundesverband-der-deutschen-industrie-wirtschaftsstandort-deutschland-im-freien-fall\/"},"author":{"name":"rtnews","@id":"https:\/\/now-news.de\/de\/#\/schema\/person\/fb534a4e865501d8b3285208df34a9b5"},"headline":"Bundesverband der Deutschen Industrie: Wirtschaftsstandort Deutschland &quot;im freien Fall&quot;","datePublished":"2025-12-02T12:04:46+00:00","dateModified":"2025-12-02T12:04:46+00:00","mainEntityOfPage":{"@id":"https:\/\/now-news.de\/de\/deutschland\/bundesverband-der-deutschen-industrie-wirtschaftsstandort-deutschland-im-freien-fall\/"},"wordCount":789,"commentCount":0,"publisher":{"@id":"https:\/\/now-news.de\/de\/#organization"},"image":{"@id":"https:\/\/now-news.de\/de\/deutschland\/bundesverband-der-deutschen-industrie-wirtschaftsstandort-deutschland-im-freien-fall\/#primaryimage"},"thumbnailUrl":"https:\/\/now-news.de\/de\/wp-content\/uploads\/sites\/3\/2025\/12\/Bundesverband-der-Deutschen-Industrie-Wirtschaftsstandort-Deutschland-quotim-freien-Fallquot.jpg","keywords":["Bundesverband","der","Deutschen","Deutschland","Fallquot","Freien","Industrie","quotIm","Wirtschaftsstandort"],"articleSection":["Deutschland","Russland"],"inLanguage":"de","potentialAction":[{"@type":"CommentAction","name":"Comment","target":["https:\/\/now-news.de\/de\/deutschland\/bundesverband-der-deutschen-industrie-wirtschaftsstandort-deutschland-im-freien-fall\/#respond"]}]},{"@type":"WebPage","@id":"https:\/\/now-news.de\/de\/deutschland\/bundesverband-der-deutschen-industrie-wirtschaftsstandort-deutschland-im-freien-fall\/","url":"https:\/\/now-news.de\/de\/deutschland\/bundesverband-der-deutschen-industrie-wirtschaftsstandort-deutschland-im-freien-fall\/","name":"Bundesverband der Deutschen Industrie: Wirtschaftsstandort Deutschland &quot;im freien Fall&quot; - just-now.NEWS Deutschland","isPartOf":{"@id":"https:\/\/now-news.de\/de\/#website"},"primaryImageOfPage":{"@id":"https:\/\/now-news.de\/de\/deutschland\/bundesverband-der-deutschen-industrie-wirtschaftsstandort-deutschland-im-freien-fall\/#primaryimage"},"image":{"@id":"https:\/\/now-news.de\/de\/deutschland\/bundesverband-der-deutschen-industrie-wirtschaftsstandort-deutschland-im-freien-fall\/#primaryimage"},"thumbnailUrl":"https:\/\/now-news.de\/de\/wp-content\/uploads\/sites\/3\/2025\/12\/Bundesverband-der-Deutschen-Industrie-Wirtschaftsstandort-Deutschland-quotim-freien-Fallquot.jpg","datePublished":"2025-12-02T12:04:46+00:00","dateModified":"2025-12-02T12:04:46+00:00","breadcrumb":{"@id":"https:\/\/now-news.de\/de\/deutschland\/bundesverband-der-deutschen-industrie-wirtschaftsstandort-deutschland-im-freien-fall\/#breadcrumb"},"inLanguage":"de","potentialAction":[{"@type":"ReadAction","target":["https:\/\/now-news.de\/de\/deutschland\/bundesverband-der-deutschen-industrie-wirtschaftsstandort-deutschland-im-freien-fall\/"]}]},{"@type":"ImageObject","inLanguage":"de","@id":"https:\/\/now-news.de\/de\/deutschland\/bundesverband-der-deutschen-industrie-wirtschaftsstandort-deutschland-im-freien-fall\/#primaryimage","url":"https:\/\/now-news.de\/de\/wp-content\/uploads\/sites\/3\/2025\/12\/Bundesverband-der-Deutschen-Industrie-Wirtschaftsstandort-Deutschland-quotim-freien-Fallquot.jpg","contentUrl":"https:\/\/now-news.de\/de\/wp-content\/uploads\/sites\/3\/2025\/12\/Bundesverband-der-Deutschen-Industrie-Wirtschaftsstandort-Deutschland-quotim-freien-Fallquot.jpg","width":460,"height":259,"caption":"Bundesverband der Deutschen Industrie: Wirtschaftsstandort Deutschland &quot;im freien Fall&quot;"},{"@type":"BreadcrumbList","@id":"https:\/\/now-news.de\/de\/deutschland\/bundesverband-der-deutschen-industrie-wirtschaftsstandort-deutschland-im-freien-fall\/#breadcrumb","itemListElement":[{"@type":"ListItem","position":1,"name":"Home","item":"https:\/\/now-news.de\/de\/"},{"@type":"ListItem","position":2,"name":"Bundesverband der Deutschen Industrie: Wirtschaftsstandort Deutschland &quot;im freien Fall&quot;"}]},{"@type":"WebSite","@id":"https:\/\/now-news.de\/de\/#website","url":"https:\/\/now-news.de\/de\/","name":"just-now.NEWS Deutschland","description":"Das Portal f\u00fcr unzensierte Nachrichten aus der Welt","publisher":{"@id":"https:\/\/now-news.de\/de\/#organization"},"potentialAction":[{"@type":"SearchAction","target":{"@type":"EntryPoint","urlTemplate":"https:\/\/now-news.de\/de\/?s={search_term_string}"},"query-input":"required name=search_term_string"}],"inLanguage":"de"},{"@type":"Organization","@id":"https:\/\/now-news.de\/de\/#organization","name":"Just Now News","url":"https:\/\/now-news.de\/de\/","logo":{"@type":"ImageObject","inLanguage":"de","@id":"https:\/\/now-news.de\/de\/#\/schema\/logo\/image\/","url":"http:\/\/just-now.news\/de\/wp-content\/uploads\/sites\/3\/2022\/04\/logo500x500.jpg","contentUrl":"http:\/\/just-now.news\/de\/wp-content\/uploads\/sites\/3\/2022\/04\/logo500x500.jpg","width":500,"height":500,"caption":"Just Now News"},"image":{"@id":"https:\/\/now-news.de\/de\/#\/schema\/logo\/image\/"},"sameAs":["https:\/\/www.facebook.com\/wirmachenauf","https:\/\/x.com\/WirMachenAuf_de"]},{"@type":"Person","@id":"https:\/\/now-news.de\/de\/#\/schema\/person\/fb534a4e865501d8b3285208df34a9b5","name":"rtnews","image":{"@type":"ImageObject","inLanguage":"de","@id":"https:\/\/now-news.de\/de\/#\/schema\/person\/image\/","url":"https:\/\/secure.gravatar.com\/avatar\/82aafea7d8127119dd649515f56e2117?s=96&d=mm&r=g","contentUrl":"https:\/\/secure.gravatar.com\/avatar\/82aafea7d8127119dd649515f56e2117?s=96&d=mm&r=g","caption":"rtnews"},"url":"https:\/\/now-news.de\/de\/author\/rnews\/"}]}},"_links":{"self":[{"href":"https:\/\/now-news.de\/de\/wp-json\/wp\/v2\/posts\/95032"}],"collection":[{"href":"https:\/\/now-news.de\/de\/wp-json\/wp\/v2\/posts"}],"about":[{"href":"https:\/\/now-news.de\/de\/wp-json\/wp\/v2\/types\/post"}],"author":[{"embeddable":true,"href":"https:\/\/now-news.de\/de\/wp-json\/wp\/v2\/users\/3"}],"replies":[{"embeddable":true,"href":"https:\/\/now-news.de\/de\/wp-json\/wp\/v2\/comments?post=95032"}],"version-history":[{"count":0,"href":"https:\/\/now-news.de\/de\/wp-json\/wp\/v2\/posts\/95032\/revisions"}],"wp:featuredmedia":[{"embeddable":true,"href":"https:\/\/now-news.de\/de\/wp-json\/wp\/v2\/media\/95033"}],"wp:attachment":[{"href":"https:\/\/now-news.de\/de\/wp-json\/wp\/v2\/media?parent=95032"}],"wp:term":[{"taxonomy":"category","embeddable":true,"href":"https:\/\/now-news.de\/de\/wp-json\/wp\/v2\/categories?post=95032"},{"taxonomy":"post_tag","embeddable":true,"href":"https:\/\/now-news.de\/de\/wp-json\/wp\/v2\/tags?post=95032"}],"curies":[{"name":"wp","href":"https:\/\/api.w.org\/{rel}","templated":true}]}}