{"id":95010,"date":"2025-12-01T22:58:19","date_gmt":"2025-12-01T20:58:19","guid":{"rendered":"https:\/\/now-news.de\/de\/deutschland\/estnischer-aussenminister-warnt-kiew-vor-angriffen-auf-oeltanker-in-der-ostsee\/"},"modified":"2025-12-01T22:58:19","modified_gmt":"2025-12-01T20:58:19","slug":"estnischer-aussenminister-warnt-kiew-vor-angriffen-auf-oeltanker-in-der-ostsee","status":"publish","type":"post","link":"https:\/\/now-news.de\/de\/deutschland\/estnischer-aussenminister-warnt-kiew-vor-angriffen-auf-oeltanker-in-der-ostsee\/","title":{"rendered":"Estnischer Au\u00dfenminister warnt Kiew vor Angriffen auf \u00d6ltanker in der Ostsee"},"content":{"rendered":"<p><img decoding=\"async\" src=\"https:\/\/now-news.de\/de\/wp-content\/uploads\/sites\/3\/2025\/12\/692df52248fbef4353372c68.jpg\" \/><\/p>\n<div class=\"Text-root Text-type_1 \">\n                Nach ukrainischen Angriffen auf \u00d6ltanker im Schwarzen Meer h\u00e4lt Tallinn es f\u00fcr m\u00f6glich, dass Kiew \u00e4hnliche Angriffe auch in der Ostsee anordnen k\u00f6nnte. Dazu kommt vorsichtige Ablehnung, jedoch keine klare Ansage zu m\u00f6glichen Konsequenzen.\n            <\/div>\n<p><\/p>\n<div class=\"Text-root Text-type_5 ArticleView-text ViewText-root \">\n<p>Ungew\u00f6hnliche T\u00f6ne kommen aus Tallinn: Der estnische Au\u00dfenminister Margus Tsahkna hat die Ukraine davor gewarnt, Schiffe in der Ostsee anzugreifen\u00a0\u2012 auch solche, die mit Russland in Verbindung stehen.<\/p>\n<p><em>&#8220;Das k\u00f6nnte wirklich zu einer Eskalation der Lage in der Ostsee f\u00fchren&#8221;<\/em>, sagte er in einem Interview mit dem Fernsehsender <em>ERR<\/em> am Montag.<\/p>\n<p>Tsahkna erkl\u00e4rte, dass Tallinn Kiew zwar nicht ausdr\u00fccklich aufgefordert habe, von Angriffen in der Ostsee abzusehen, es jedoch f\u00fcr die Ukrainer &#8220;vern\u00fcnftiger w\u00e4re, es nicht zu tun&#8221;.<\/p>\n<p>Nach Ansicht von Raimond Kaljulaid, Mitglied der Kommission f\u00fcr Landesverteidigung des estnischen Parlaments, ist das Regime in Kiew \u00fcberzeugt, dass solche Angriffe kaum Konsequenzen f\u00fcr die Milit\u00e4r- und Finanzhilfen aus dem Westen haben werden, sondern dass sich die Reaktion maximal auf verbale Verurteilungen und den Ausdruck tiefer Besorgnis beschr\u00e4nken wird.\u00a0<\/p>\n<p><em>&#8220;Verbale Verurteilungen k\u00f6nnten irgendwann jede Wirkung verlieren, wenn die [in Kiew] zu dem Schluss kommen, dass auch dies nicht zu einem vollst\u00e4ndigen Abbruch der [europ\u00e4ischen] Unterst\u00fctzung f\u00fchren wird&#8221;<\/em>, sagte der Abgeordnete.<\/p>\n<p>Am Freitag teilte die t\u00fcrkische Seeschifffahrtsbeh\u00f6rde mit, dass 28 Meilen vor der K\u00fcste des Landes im Schwarzen Meer der unter gambischer Flagge fahrende Tanker Kairos, der auf dem Weg nach Noworossijsk war, in Brand geraten sei. 25 Besatzungsmitglieder wurden vom Schiff evakuiert. Der Brand konnte erst nach fast zwei Tagen gel\u00f6scht werden.<\/p>\n<p>Sp\u00e4ter meldete die Besatzung des Tankers Virat, dass sie 35 Meilen vor der t\u00fcrkischen K\u00fcste angegriffen worden sei. Die 20-k\u00f6pfige Besatzung weigerte sich, das Schiff zu verlassen. Am Samstag wurde der Tanker erneut von unbemannten Motorbooten angegriffen.<\/p>\n<p>Am Montag berichtete die Zeitung <em>The Guardian<\/em> unter Berufung auf eine Quelle aus den ukrainischen Geheimdiensten, dass Kiew seine Beteiligung an den Angriffen von Seedrohnen auf zwei Tanker vor der t\u00fcrkischen K\u00fcste best\u00e4tigt habe.<\/p>\n<p>Die Nachrichtenagentur <em>RIA Nowosti<\/em> berichtet unter Berufung auf diplomatische Quellen in Moskau, dass sich an Bord beider Schiffe russische Zivilisten befanden.<\/p>\n<p>Das t\u00fcrkische Au\u00dfenministerium \u00e4u\u00dferte sich besorgt \u00fcber diese Angriffe und wies auf die Gefahr f\u00fcr Menschenleben, die Schifffahrt und die \u00f6kologische Sicherheit hin. Das Ministerium erkl\u00e4rte,\u00a0Ankara stehe mit allen Seiten in Kontakt, um eine Ausweitung des Konflikts zu verhindern und negative Auswirkungen auf die eigenen wirtschaftlichen Interessen abzuwenden.<\/p>\n<p><strong>Mehr zum Thema<\/strong> \u2013 <a rel=\"nofollow noopener\" target=\"_blank\" href=\"https:\/\/freedert.online\/international\/263279-zwei-oeltanker-brennen-im-schwarzen\/\">Zwei \u00d6ltanker brennen im Schwarzen Meer \u2013 T\u00fcrkei spricht von \u00e4u\u00dferer Einwirkung<\/a><\/p>\n<\/p>\n<\/div>\n<p><br \/>\n<br \/><a href=\"https:\/\/de.rt.com\/europa\/263534-unerwartet-estnischer-aussenminister-warnt-kiew\/\">Source link <\/a><\/p>\n","protected":false},"excerpt":{"rendered":"<p>Nach ukrainischen Angriffen auf \u00d6ltanker im Schwarzen Meer h\u00e4lt Tallinn es f\u00fcr m\u00f6glich, dass Kiew \u00e4hnliche Angriffe auch in der Ostsee anordnen k\u00f6nnte. Dazu kommt vorsichtige Ablehnung, jedoch keine klare Ansage zu m\u00f6glichen Konsequenzen. Ungew\u00f6hnliche T\u00f6ne kommen aus Tallinn: Der estnische Au\u00dfenminister Margus Tsahkna hat die Ukraine davor gewarnt, Schiffe in der Ostsee anzugreifen\u00a0\u2012 auch [&hellip;]<\/p>\n","protected":false},"author":3,"featured_media":95011,"comment_status":"open","ping_status":"open","sticky":false,"template":"","format":"standard","meta":{"_yoast_indexnow_last_ping":["1764625856"],"wp_automatic_camp":["217"],"f17e97d144946fb505608decc93e7efd":["Estnischer Au\u00dfenminister warnt Kiew vor Angriffen auf \u00d6ltanker in der Ostsee"],"original_link":["https:\/\/de.rt.com\/europa\/263534-unerwartet-estnischer-aussenminister-warnt-kiew\/"],"_thumbnail_id":["95011"],"jnews_social_counter_last_update":["1777204885"],"_wptgpro_p2tg_sent2tg":["a:1:{i:23737;s:19:\"2025-12-01 23:52:04\";}"]},"categories":[19,23],"tags":[3013,133,13830,82,45907,1025,22081,1123,320,912],"yoast_head":"<!-- This site is optimized with the Yoast SEO Premium plugin v22.7 (Yoast SEO v22.7) - https:\/\/yoast.com\/wordpress\/plugins\/seo\/ -->\n<title>Estnischer Au\u00dfenminister warnt Kiew vor Angriffen auf \u00d6ltanker in der Ostsee - just-now.NEWS Deutschland<\/title>\n<meta name=\"robots\" content=\"index, follow, max-snippet:-1, max-image-preview:large, max-video-preview:-1\" \/>\n<link rel=\"canonical\" href=\"https:\/\/now-news.de\/de\/deutschland\/estnischer-aussenminister-warnt-kiew-vor-angriffen-auf-oeltanker-in-der-ostsee\/\" \/>\n<meta property=\"og:locale\" content=\"de_DE\" \/>\n<meta property=\"og:type\" content=\"article\" \/>\n<meta property=\"og:title\" content=\"Estnischer Au\u00dfenminister warnt Kiew vor Angriffen auf \u00d6ltanker in der Ostsee\" \/>\n<meta property=\"og:description\" content=\"Nach ukrainischen Angriffen auf \u00d6ltanker im Schwarzen Meer h\u00e4lt Tallinn es f\u00fcr m\u00f6glich, dass Kiew \u00e4hnliche Angriffe auch in der Ostsee anordnen k\u00f6nnte. Dazu kommt vorsichtige Ablehnung, jedoch keine klare Ansage zu m\u00f6glichen Konsequenzen. Ungew\u00f6hnliche T\u00f6ne kommen aus Tallinn: Der estnische Au\u00dfenminister Margus Tsahkna hat die Ukraine davor gewarnt, Schiffe in der Ostsee anzugreifen\u00a0\u2012 auch [&hellip;]\" \/>\n<meta property=\"og:url\" content=\"https:\/\/now-news.de\/de\/deutschland\/estnischer-aussenminister-warnt-kiew-vor-angriffen-auf-oeltanker-in-der-ostsee\/\" \/>\n<meta property=\"og:site_name\" content=\"just-now.NEWS Deutschland\" \/>\n<meta property=\"article:publisher\" content=\"https:\/\/www.facebook.com\/wirmachenauf\" \/>\n<meta property=\"article:published_time\" content=\"2025-12-01T20:58:19+00:00\" \/>\n<meta property=\"og:image\" content=\"https:\/\/now-news.de\/de\/wp-content\/uploads\/sites\/3\/2025\/12\/692df52248fbef4353372c68.jpg\" \/>\n<meta name=\"author\" content=\"rtnews\" \/>\n<meta name=\"twitter:card\" content=\"summary_large_image\" \/>\n<meta name=\"twitter:creator\" content=\"@WirMachenAuf_de\" \/>\n<meta name=\"twitter:site\" content=\"@WirMachenAuf_de\" \/>\n<meta name=\"twitter:label1\" content=\"Verfasst von\" \/>\n\t<meta name=\"twitter:data1\" content=\"rtnews\" \/>\n\t<meta name=\"twitter:label2\" content=\"Gesch\u00e4tzte Lesezeit\" \/>\n\t<meta name=\"twitter:data2\" content=\"2\u00a0Minuten\" \/>\n<script type=\"application\/ld+json\" class=\"yoast-schema-graph\">{\"@context\":\"https:\/\/schema.org\",\"@graph\":[{\"@type\":\"Article\",\"@id\":\"https:\/\/now-news.de\/de\/deutschland\/estnischer-aussenminister-warnt-kiew-vor-angriffen-auf-oeltanker-in-der-ostsee\/#article\",\"isPartOf\":{\"@id\":\"https:\/\/now-news.de\/de\/deutschland\/estnischer-aussenminister-warnt-kiew-vor-angriffen-auf-oeltanker-in-der-ostsee\/\"},\"author\":{\"name\":\"rtnews\",\"@id\":\"https:\/\/now-news.de\/de\/#\/schema\/person\/fb534a4e865501d8b3285208df34a9b5\"},\"headline\":\"Estnischer Au\u00dfenminister warnt Kiew vor Angriffen auf \u00d6ltanker in der Ostsee\",\"datePublished\":\"2025-12-01T20:58:19+00:00\",\"dateModified\":\"2025-12-01T20:58:19+00:00\",\"mainEntityOfPage\":{\"@id\":\"https:\/\/now-news.de\/de\/deutschland\/estnischer-aussenminister-warnt-kiew-vor-angriffen-auf-oeltanker-in-der-ostsee\/\"},\"wordCount\":454,\"commentCount\":0,\"publisher\":{\"@id\":\"https:\/\/now-news.de\/de\/#organization\"},\"image\":{\"@id\":\"https:\/\/now-news.de\/de\/deutschland\/estnischer-aussenminister-warnt-kiew-vor-angriffen-auf-oeltanker-in-der-ostsee\/#primaryimage\"},\"thumbnailUrl\":\"https:\/\/now-news.de\/de\/wp-content\/uploads\/sites\/3\/2025\/12\/Estnischer-Aussenminister-warnt-Kiew-vor-Angriffen-auf-Oeltanker-in-der.jpg\",\"keywords\":[\"Angriffen\",\"AUF\",\"Au\u00dfenminister\",\"der\",\"Estnischer\",\"Kiew\",\"\u00d6ltanker\",\"Ostsee\",\"vor\",\"warnt\"],\"articleSection\":[\"Deutschland\",\"Russland\"],\"inLanguage\":\"de\",\"potentialAction\":[{\"@type\":\"CommentAction\",\"name\":\"Comment\",\"target\":[\"https:\/\/now-news.de\/de\/deutschland\/estnischer-aussenminister-warnt-kiew-vor-angriffen-auf-oeltanker-in-der-ostsee\/#respond\"]}]},{\"@type\":\"WebPage\",\"@id\":\"https:\/\/now-news.de\/de\/deutschland\/estnischer-aussenminister-warnt-kiew-vor-angriffen-auf-oeltanker-in-der-ostsee\/\",\"url\":\"https:\/\/now-news.de\/de\/deutschland\/estnischer-aussenminister-warnt-kiew-vor-angriffen-auf-oeltanker-in-der-ostsee\/\",\"name\":\"Estnischer Au\u00dfenminister warnt Kiew vor Angriffen auf \u00d6ltanker in der Ostsee - just-now.NEWS Deutschland\",\"isPartOf\":{\"@id\":\"https:\/\/now-news.de\/de\/#website\"},\"primaryImageOfPage\":{\"@id\":\"https:\/\/now-news.de\/de\/deutschland\/estnischer-aussenminister-warnt-kiew-vor-angriffen-auf-oeltanker-in-der-ostsee\/#primaryimage\"},\"image\":{\"@id\":\"https:\/\/now-news.de\/de\/deutschland\/estnischer-aussenminister-warnt-kiew-vor-angriffen-auf-oeltanker-in-der-ostsee\/#primaryimage\"},\"thumbnailUrl\":\"https:\/\/now-news.de\/de\/wp-content\/uploads\/sites\/3\/2025\/12\/Estnischer-Aussenminister-warnt-Kiew-vor-Angriffen-auf-Oeltanker-in-der.jpg\",\"datePublished\":\"2025-12-01T20:58:19+00:00\",\"dateModified\":\"2025-12-01T20:58:19+00:00\",\"breadcrumb\":{\"@id\":\"https:\/\/now-news.de\/de\/deutschland\/estnischer-aussenminister-warnt-kiew-vor-angriffen-auf-oeltanker-in-der-ostsee\/#breadcrumb\"},\"inLanguage\":\"de\",\"potentialAction\":[{\"@type\":\"ReadAction\",\"target\":[\"https:\/\/now-news.de\/de\/deutschland\/estnischer-aussenminister-warnt-kiew-vor-angriffen-auf-oeltanker-in-der-ostsee\/\"]}]},{\"@type\":\"ImageObject\",\"inLanguage\":\"de\",\"@id\":\"https:\/\/now-news.de\/de\/deutschland\/estnischer-aussenminister-warnt-kiew-vor-angriffen-auf-oeltanker-in-der-ostsee\/#primaryimage\",\"url\":\"https:\/\/now-news.de\/de\/wp-content\/uploads\/sites\/3\/2025\/12\/Estnischer-Aussenminister-warnt-Kiew-vor-Angriffen-auf-Oeltanker-in-der.jpg\",\"contentUrl\":\"https:\/\/now-news.de\/de\/wp-content\/uploads\/sites\/3\/2025\/12\/Estnischer-Aussenminister-warnt-Kiew-vor-Angriffen-auf-Oeltanker-in-der.jpg\",\"width\":460,\"height\":259,\"caption\":\"Estnischer Au\u00dfenminister warnt Kiew vor Angriffen auf \u00d6ltanker in der Ostsee\"},{\"@type\":\"BreadcrumbList\",\"@id\":\"https:\/\/now-news.de\/de\/deutschland\/estnischer-aussenminister-warnt-kiew-vor-angriffen-auf-oeltanker-in-der-ostsee\/#breadcrumb\",\"itemListElement\":[{\"@type\":\"ListItem\",\"position\":1,\"name\":\"Home\",\"item\":\"https:\/\/now-news.de\/de\/\"},{\"@type\":\"ListItem\",\"position\":2,\"name\":\"Estnischer Au\u00dfenminister warnt Kiew vor Angriffen auf \u00d6ltanker in der Ostsee\"}]},{\"@type\":\"WebSite\",\"@id\":\"https:\/\/now-news.de\/de\/#website\",\"url\":\"https:\/\/now-news.de\/de\/\",\"name\":\"just-now.NEWS Deutschland\",\"description\":\"Das Portal f\u00fcr unzensierte Nachrichten aus der Welt\",\"publisher\":{\"@id\":\"https:\/\/now-news.de\/de\/#organization\"},\"potentialAction\":[{\"@type\":\"SearchAction\",\"target\":{\"@type\":\"EntryPoint\",\"urlTemplate\":\"https:\/\/now-news.de\/de\/?s={search_term_string}\"},\"query-input\":\"required name=search_term_string\"}],\"inLanguage\":\"de\"},{\"@type\":\"Organization\",\"@id\":\"https:\/\/now-news.de\/de\/#organization\",\"name\":\"Just Now News\",\"url\":\"https:\/\/now-news.de\/de\/\",\"logo\":{\"@type\":\"ImageObject\",\"inLanguage\":\"de\",\"@id\":\"https:\/\/now-news.de\/de\/#\/schema\/logo\/image\/\",\"url\":\"http:\/\/just-now.news\/de\/wp-content\/uploads\/sites\/3\/2022\/04\/logo500x500.jpg\",\"contentUrl\":\"http:\/\/just-now.news\/de\/wp-content\/uploads\/sites\/3\/2022\/04\/logo500x500.jpg\",\"width\":500,\"height\":500,\"caption\":\"Just Now News\"},\"image\":{\"@id\":\"https:\/\/now-news.de\/de\/#\/schema\/logo\/image\/\"},\"sameAs\":[\"https:\/\/www.facebook.com\/wirmachenauf\",\"https:\/\/x.com\/WirMachenAuf_de\"]},{\"@type\":\"Person\",\"@id\":\"https:\/\/now-news.de\/de\/#\/schema\/person\/fb534a4e865501d8b3285208df34a9b5\",\"name\":\"rtnews\",\"image\":{\"@type\":\"ImageObject\",\"inLanguage\":\"de\",\"@id\":\"https:\/\/now-news.de\/de\/#\/schema\/person\/image\/\",\"url\":\"https:\/\/secure.gravatar.com\/avatar\/82aafea7d8127119dd649515f56e2117?s=96&d=mm&r=g\",\"contentUrl\":\"https:\/\/secure.gravatar.com\/avatar\/82aafea7d8127119dd649515f56e2117?s=96&d=mm&r=g\",\"caption\":\"rtnews\"},\"url\":\"https:\/\/now-news.de\/de\/author\/rnews\/\"}]}<\/script>\n<!-- \/ Yoast SEO Premium plugin. -->","yoast_head_json":{"title":"Estnischer Au\u00dfenminister warnt Kiew vor Angriffen auf \u00d6ltanker in der Ostsee - just-now.NEWS Deutschland","robots":{"index":"index","follow":"follow","max-snippet":"max-snippet:-1","max-image-preview":"max-image-preview:large","max-video-preview":"max-video-preview:-1"},"canonical":"https:\/\/now-news.de\/de\/deutschland\/estnischer-aussenminister-warnt-kiew-vor-angriffen-auf-oeltanker-in-der-ostsee\/","og_locale":"de_DE","og_type":"article","og_title":"Estnischer Au\u00dfenminister warnt Kiew vor Angriffen auf \u00d6ltanker in der Ostsee","og_description":"Nach ukrainischen Angriffen auf \u00d6ltanker im Schwarzen Meer h\u00e4lt Tallinn es f\u00fcr m\u00f6glich, dass Kiew \u00e4hnliche Angriffe auch in der Ostsee anordnen k\u00f6nnte. Dazu kommt vorsichtige Ablehnung, jedoch keine klare Ansage zu m\u00f6glichen Konsequenzen. Ungew\u00f6hnliche T\u00f6ne kommen aus Tallinn: Der estnische Au\u00dfenminister Margus Tsahkna hat die Ukraine davor gewarnt, Schiffe in der Ostsee anzugreifen\u00a0\u2012 auch [&hellip;]","og_url":"https:\/\/now-news.de\/de\/deutschland\/estnischer-aussenminister-warnt-kiew-vor-angriffen-auf-oeltanker-in-der-ostsee\/","og_site_name":"just-now.NEWS Deutschland","article_publisher":"https:\/\/www.facebook.com\/wirmachenauf","article_published_time":"2025-12-01T20:58:19+00:00","og_image":[{"url":"https:\/\/now-news.de\/de\/wp-content\/uploads\/sites\/3\/2025\/12\/692df52248fbef4353372c68.jpg"}],"author":"rtnews","twitter_card":"summary_large_image","twitter_creator":"@WirMachenAuf_de","twitter_site":"@WirMachenAuf_de","twitter_misc":{"Verfasst von":"rtnews","Gesch\u00e4tzte Lesezeit":"2\u00a0Minuten"},"schema":{"@context":"https:\/\/schema.org","@graph":[{"@type":"Article","@id":"https:\/\/now-news.de\/de\/deutschland\/estnischer-aussenminister-warnt-kiew-vor-angriffen-auf-oeltanker-in-der-ostsee\/#article","isPartOf":{"@id":"https:\/\/now-news.de\/de\/deutschland\/estnischer-aussenminister-warnt-kiew-vor-angriffen-auf-oeltanker-in-der-ostsee\/"},"author":{"name":"rtnews","@id":"https:\/\/now-news.de\/de\/#\/schema\/person\/fb534a4e865501d8b3285208df34a9b5"},"headline":"Estnischer Au\u00dfenminister warnt Kiew vor Angriffen auf \u00d6ltanker in der Ostsee","datePublished":"2025-12-01T20:58:19+00:00","dateModified":"2025-12-01T20:58:19+00:00","mainEntityOfPage":{"@id":"https:\/\/now-news.de\/de\/deutschland\/estnischer-aussenminister-warnt-kiew-vor-angriffen-auf-oeltanker-in-der-ostsee\/"},"wordCount":454,"commentCount":0,"publisher":{"@id":"https:\/\/now-news.de\/de\/#organization"},"image":{"@id":"https:\/\/now-news.de\/de\/deutschland\/estnischer-aussenminister-warnt-kiew-vor-angriffen-auf-oeltanker-in-der-ostsee\/#primaryimage"},"thumbnailUrl":"https:\/\/now-news.de\/de\/wp-content\/uploads\/sites\/3\/2025\/12\/Estnischer-Aussenminister-warnt-Kiew-vor-Angriffen-auf-Oeltanker-in-der.jpg","keywords":["Angriffen","AUF","Au\u00dfenminister","der","Estnischer","Kiew","\u00d6ltanker","Ostsee","vor","warnt"],"articleSection":["Deutschland","Russland"],"inLanguage":"de","potentialAction":[{"@type":"CommentAction","name":"Comment","target":["https:\/\/now-news.de\/de\/deutschland\/estnischer-aussenminister-warnt-kiew-vor-angriffen-auf-oeltanker-in-der-ostsee\/#respond"]}]},{"@type":"WebPage","@id":"https:\/\/now-news.de\/de\/deutschland\/estnischer-aussenminister-warnt-kiew-vor-angriffen-auf-oeltanker-in-der-ostsee\/","url":"https:\/\/now-news.de\/de\/deutschland\/estnischer-aussenminister-warnt-kiew-vor-angriffen-auf-oeltanker-in-der-ostsee\/","name":"Estnischer Au\u00dfenminister warnt Kiew vor Angriffen auf \u00d6ltanker in der Ostsee - just-now.NEWS Deutschland","isPartOf":{"@id":"https:\/\/now-news.de\/de\/#website"},"primaryImageOfPage":{"@id":"https:\/\/now-news.de\/de\/deutschland\/estnischer-aussenminister-warnt-kiew-vor-angriffen-auf-oeltanker-in-der-ostsee\/#primaryimage"},"image":{"@id":"https:\/\/now-news.de\/de\/deutschland\/estnischer-aussenminister-warnt-kiew-vor-angriffen-auf-oeltanker-in-der-ostsee\/#primaryimage"},"thumbnailUrl":"https:\/\/now-news.de\/de\/wp-content\/uploads\/sites\/3\/2025\/12\/Estnischer-Aussenminister-warnt-Kiew-vor-Angriffen-auf-Oeltanker-in-der.jpg","datePublished":"2025-12-01T20:58:19+00:00","dateModified":"2025-12-01T20:58:19+00:00","breadcrumb":{"@id":"https:\/\/now-news.de\/de\/deutschland\/estnischer-aussenminister-warnt-kiew-vor-angriffen-auf-oeltanker-in-der-ostsee\/#breadcrumb"},"inLanguage":"de","potentialAction":[{"@type":"ReadAction","target":["https:\/\/now-news.de\/de\/deutschland\/estnischer-aussenminister-warnt-kiew-vor-angriffen-auf-oeltanker-in-der-ostsee\/"]}]},{"@type":"ImageObject","inLanguage":"de","@id":"https:\/\/now-news.de\/de\/deutschland\/estnischer-aussenminister-warnt-kiew-vor-angriffen-auf-oeltanker-in-der-ostsee\/#primaryimage","url":"https:\/\/now-news.de\/de\/wp-content\/uploads\/sites\/3\/2025\/12\/Estnischer-Aussenminister-warnt-Kiew-vor-Angriffen-auf-Oeltanker-in-der.jpg","contentUrl":"https:\/\/now-news.de\/de\/wp-content\/uploads\/sites\/3\/2025\/12\/Estnischer-Aussenminister-warnt-Kiew-vor-Angriffen-auf-Oeltanker-in-der.jpg","width":460,"height":259,"caption":"Estnischer Au\u00dfenminister warnt Kiew vor Angriffen auf \u00d6ltanker in der Ostsee"},{"@type":"BreadcrumbList","@id":"https:\/\/now-news.de\/de\/deutschland\/estnischer-aussenminister-warnt-kiew-vor-angriffen-auf-oeltanker-in-der-ostsee\/#breadcrumb","itemListElement":[{"@type":"ListItem","position":1,"name":"Home","item":"https:\/\/now-news.de\/de\/"},{"@type":"ListItem","position":2,"name":"Estnischer Au\u00dfenminister warnt Kiew vor Angriffen auf \u00d6ltanker in der Ostsee"}]},{"@type":"WebSite","@id":"https:\/\/now-news.de\/de\/#website","url":"https:\/\/now-news.de\/de\/","name":"just-now.NEWS Deutschland","description":"Das Portal f\u00fcr unzensierte Nachrichten aus der Welt","publisher":{"@id":"https:\/\/now-news.de\/de\/#organization"},"potentialAction":[{"@type":"SearchAction","target":{"@type":"EntryPoint","urlTemplate":"https:\/\/now-news.de\/de\/?s={search_term_string}"},"query-input":"required name=search_term_string"}],"inLanguage":"de"},{"@type":"Organization","@id":"https:\/\/now-news.de\/de\/#organization","name":"Just Now News","url":"https:\/\/now-news.de\/de\/","logo":{"@type":"ImageObject","inLanguage":"de","@id":"https:\/\/now-news.de\/de\/#\/schema\/logo\/image\/","url":"http:\/\/just-now.news\/de\/wp-content\/uploads\/sites\/3\/2022\/04\/logo500x500.jpg","contentUrl":"http:\/\/just-now.news\/de\/wp-content\/uploads\/sites\/3\/2022\/04\/logo500x500.jpg","width":500,"height":500,"caption":"Just Now News"},"image":{"@id":"https:\/\/now-news.de\/de\/#\/schema\/logo\/image\/"},"sameAs":["https:\/\/www.facebook.com\/wirmachenauf","https:\/\/x.com\/WirMachenAuf_de"]},{"@type":"Person","@id":"https:\/\/now-news.de\/de\/#\/schema\/person\/fb534a4e865501d8b3285208df34a9b5","name":"rtnews","image":{"@type":"ImageObject","inLanguage":"de","@id":"https:\/\/now-news.de\/de\/#\/schema\/person\/image\/","url":"https:\/\/secure.gravatar.com\/avatar\/82aafea7d8127119dd649515f56e2117?s=96&d=mm&r=g","contentUrl":"https:\/\/secure.gravatar.com\/avatar\/82aafea7d8127119dd649515f56e2117?s=96&d=mm&r=g","caption":"rtnews"},"url":"https:\/\/now-news.de\/de\/author\/rnews\/"}]}},"_links":{"self":[{"href":"https:\/\/now-news.de\/de\/wp-json\/wp\/v2\/posts\/95010"}],"collection":[{"href":"https:\/\/now-news.de\/de\/wp-json\/wp\/v2\/posts"}],"about":[{"href":"https:\/\/now-news.de\/de\/wp-json\/wp\/v2\/types\/post"}],"author":[{"embeddable":true,"href":"https:\/\/now-news.de\/de\/wp-json\/wp\/v2\/users\/3"}],"replies":[{"embeddable":true,"href":"https:\/\/now-news.de\/de\/wp-json\/wp\/v2\/comments?post=95010"}],"version-history":[{"count":0,"href":"https:\/\/now-news.de\/de\/wp-json\/wp\/v2\/posts\/95010\/revisions"}],"wp:featuredmedia":[{"embeddable":true,"href":"https:\/\/now-news.de\/de\/wp-json\/wp\/v2\/media\/95011"}],"wp:attachment":[{"href":"https:\/\/now-news.de\/de\/wp-json\/wp\/v2\/media?parent=95010"}],"wp:term":[{"taxonomy":"category","embeddable":true,"href":"https:\/\/now-news.de\/de\/wp-json\/wp\/v2\/categories?post=95010"},{"taxonomy":"post_tag","embeddable":true,"href":"https:\/\/now-news.de\/de\/wp-json\/wp\/v2\/tags?post=95010"}],"curies":[{"name":"wp","href":"https:\/\/api.w.org\/{rel}","templated":true}]}}