{"id":94936,"date":"2025-11-30T17:13:35","date_gmt":"2025-11-30T15:13:35","guid":{"rendered":"https:\/\/now-news.de\/de\/deutschland\/ukraine-konflikt-orban-warnt-vor-politischem-erdbeben-in-der-europaeischen-politik\/"},"modified":"2025-11-30T17:13:35","modified_gmt":"2025-11-30T15:13:35","slug":"ukraine-konflikt-orban-warnt-vor-politischem-erdbeben-in-der-europaeischen-politik","status":"publish","type":"post","link":"https:\/\/now-news.de\/de\/deutschland\/ukraine-konflikt-orban-warnt-vor-politischem-erdbeben-in-der-europaeischen-politik\/","title":{"rendered":"Ukraine-Konflikt \u2013 Orb\u00e1n warnt vor &quot;politischem Erdbeben in der europ\u00e4ischen Politik&quot;\u00a0"},"content":{"rendered":"<p><img decoding=\"async\" src=\"https:\/\/now-news.de\/de\/wp-content\/uploads\/sites\/3\/2025\/11\/692c2ad948fbef304c29efcb.jpg\" \/><\/p>\n<div class=\"Text-root Text-type_1 \">\n                Ein Eingest\u00e4ndnis der Niederlage der Ukraine im Konflikt mit Russland w\u00fcrde in Europa &#8220;ein politisches Erdbeben ausl\u00f6sen&#8221;, erkl\u00e4rte der ungarische Premier Viktor Orb\u00e1n. Er warnte, dass sich der Westen darauf vorbereitet, Truppen in die Ukraine zu entsenden, und zul\u00e4sst, dass der Konflikt &#8220;zu einem Gesch\u00e4ft wird&#8221;.\n            <\/div>\n<p><\/p>\n<div class=\"Text-root Text-type_5 ArticleView-text ViewText-root \">\n<p>Der ungarische Regierungschef Viktor Orb\u00e1n hat sich erneut zum Konflikt in der Ukraine ge\u00e4u\u00dfert. Einen Tag nach seiner Reise nach Moskau, wo er sich mit dem russischen Pr\u00e4sidenten Wladimir Putin traf, um die Lage in der Ukraine und die ungarisch-russischen Handels- und Wirtschaftsbeziehungen zu besprechen, gab\u00a0Orb\u00e1n\u00a0eine Stellungnahme. Trotz des diplomatischen Boykotts der EU habe Ungarn dem Druck, die Beziehungen zu Russland abzubrechen, nicht nachgegeben. Dar\u00fcber hinaus schlug der Politiker erneut vor, Ungarn als einen Verhandlungsort f\u00fcr die Ukraine-Gespr\u00e4che zur Verf\u00fcgung zu stellen.<\/p>\n<p>Ein Eingest\u00e4ndnis, dass Kiew gescheitert sei und dass es so nicht weitergehen k\u00f6nne, w\u00fcrde &#8220;ein fundamentales Erdbeben in der europ\u00e4ischen Politik ausl\u00f6sen&#8221;, sagte Orb\u00e1n am Samstag w\u00e4hrend der Antikriegskundgebung &#8220;Digitale B\u00fcrgerkreise&#8221;.<\/p>\n<p>Er warnte, dass der Westen immer offener f\u00fcr eine direkte Beteiligung sei.<\/p>\n<blockquote>\n<p><em>&#8220;Zuerst haben sie Geld gegeben, dann Waffen, und jetzt stellt sich heraus, dass sie, wenn n\u00f6tig, auch Soldaten bereitstellen w\u00fcrden.&#8221;<\/em><\/p>\n<\/blockquote>\n<p>Budapest hat sich geweigert, Waffen oder Soldaten f\u00fcr die Ukraine zur Verf\u00fcgung zu stellen, und rief wiederholt zum Waffenstillstand auf. Orb\u00e1ns Regierung ist wegen ihrer Position wiederholt mit der NATO und der EU aneinandergeraten.<\/p>\n<p>Der Politiker ist der Ansicht, dass die Diplomatie der Waffenindustrie\u00a0zum Opfer gefallen sei. &#8220;Krieg ist auch ein Gesch\u00e4ft, und die mit der R\u00fcstungsindustrie verbundenen Wirtschaftskreise haben einen immer gr\u00f6\u00dferen Einfluss auf die Politik&#8221;, sagte er und bezog sich dabei auf den Deal zwischen Paris und Kiew \u00fcber den Kauf von 100 Kampfjets und den Bau deutscher R\u00fcstungswerkst\u00e4tten in der Ukraine.<\/p>\n<p>Dem Westen sei es gelungen, eine Friedensvereinbarung zu Beginn des Konflikts zu blockieren, was der Ukraine nur geschadet habe, so der ungarische Regierungschef weiter.\u00a0&#8220;Die Westm\u00e4chte hatten die Ukrainer daran gehindert, eine Einigung zu erzielen, indem sie ihnen sagten, dass die Zeit auf ihrer Seite sei. Aber es stellte sich heraus, dass dies nicht der Fall war: Die Zeit war nicht auf ihrer Seite, und heute sind sie in einer schlechteren Lage, als wenn sie im April eine Einigung erzielt h\u00e4tten&#8221;, sagte Orb\u00e1n und\u00a0verwies dabei auf die Vereinbarung, die w\u00e4hrend der Gespr\u00e4che in Istanbul im Jahr 2022 erreicht worden war. Kiew hatte sich damals aus diesen Verhandlungen zur\u00fcckgezogen.<\/p>\n<p><strong>Mehr zum Thema \u2013 <\/strong><a rel=\"nofollow noopener\" target=\"_blank\" href=\"https:\/\/freedert.online\/international\/263348-orban-appelliert-an-europa-hochrangige\/\">Orb\u00e1n appelliert an Europa: Hochrangige Gespr\u00e4che mit Russland schnellstm\u00f6glich starten<\/a><\/p>\n<div class=\"EmbedBlock-root EmbedBlock-externalVideo EmbedBlock-rumble\">\n<div class=\"VkEmbed\"><iframe class=\"lazyload\" data-src=\"https:\/\/rumble.com\/embed\/v7067ey\" frameborder=\"0\" width=\"853\" height=\"480\" allowfullscreen><\/iframe><\/div>\n<\/div>\n<\/div>\n<p><br \/>\n<br \/><a href=\"https:\/\/de.rt.com\/europa\/263408-ukraine-konflikt-orban-warnt-vor\/\">Source link <\/a><\/p>\n","protected":false},"excerpt":{"rendered":"<p>Ein Eingest\u00e4ndnis der Niederlage der Ukraine im Konflikt mit Russland w\u00fcrde in Europa &#8220;ein politisches Erdbeben ausl\u00f6sen&#8221;, erkl\u00e4rte der ungarische Premier Viktor Orb\u00e1n. Er warnte, dass sich der Westen darauf vorbereitet, Truppen in die Ukraine zu entsenden, und zul\u00e4sst, dass der Konflikt &#8220;zu einem Gesch\u00e4ft wird&#8221;. Der ungarische Regierungschef Viktor Orb\u00e1n hat sich erneut zum [&hellip;]<\/p>\n","protected":false},"author":3,"featured_media":94937,"comment_status":"open","ping_status":"open","sticky":false,"template":"","format":"standard","meta":{"_yoast_indexnow_last_ping":["1764516115"],"wp_automatic_camp":["217"],"5092e36365f8b90a525e035083ff757c":["Ukraine-Konflikt \u2013 Orb\u00e1n warnt vor &quot;politischem Erdbeben in der europ\u00e4ischen Politik&quot;\u00a0"],"original_link":["https:\/\/de.rt.com\/europa\/263408-ukraine-konflikt-orban-warnt-vor\/"],"_thumbnail_id":["94937"],"jnews_social_counter_last_update":["1777185163"],"_wptgpro_p2tg_sent2tg":["a:1:{i:23737;s:19:\"2025-11-30 17:22:59\";}"]},"categories":[19,23],"tags":[82,25402,20513,6397,23100,69558,1173,320,912],"yoast_head":"<!-- This site is optimized with the Yoast SEO Premium plugin v22.7 (Yoast SEO v22.7) - https:\/\/yoast.com\/wordpress\/plugins\/seo\/ -->\n<title>Ukraine-Konflikt \u2013 Orb\u00e1n warnt vor &quot;politischem Erdbeben in der europ\u00e4ischen Politik&quot;\u00a0 - just-now.NEWS Deutschland<\/title>\n<meta name=\"robots\" content=\"index, follow, max-snippet:-1, max-image-preview:large, max-video-preview:-1\" \/>\n<link rel=\"canonical\" href=\"https:\/\/now-news.de\/de\/deutschland\/ukraine-konflikt-orban-warnt-vor-politischem-erdbeben-in-der-europaeischen-politik\/\" \/>\n<meta property=\"og:locale\" content=\"de_DE\" \/>\n<meta property=\"og:type\" content=\"article\" \/>\n<meta property=\"og:title\" content=\"Ukraine-Konflikt \u2013 Orb\u00e1n warnt vor &quot;politischem Erdbeben in der europ\u00e4ischen Politik&quot;\u00a0\" \/>\n<meta property=\"og:description\" content=\"Ein Eingest\u00e4ndnis der Niederlage der Ukraine im Konflikt mit Russland w\u00fcrde in Europa &#8220;ein politisches Erdbeben ausl\u00f6sen&#8221;, erkl\u00e4rte der ungarische Premier Viktor Orb\u00e1n. Er warnte, dass sich der Westen darauf vorbereitet, Truppen in die Ukraine zu entsenden, und zul\u00e4sst, dass der Konflikt &#8220;zu einem Gesch\u00e4ft wird&#8221;. Der ungarische Regierungschef Viktor Orb\u00e1n hat sich erneut zum [&hellip;]\" \/>\n<meta property=\"og:url\" content=\"https:\/\/now-news.de\/de\/deutschland\/ukraine-konflikt-orban-warnt-vor-politischem-erdbeben-in-der-europaeischen-politik\/\" \/>\n<meta property=\"og:site_name\" content=\"just-now.NEWS Deutschland\" \/>\n<meta property=\"article:publisher\" content=\"https:\/\/www.facebook.com\/wirmachenauf\" \/>\n<meta property=\"article:published_time\" content=\"2025-11-30T15:13:35+00:00\" \/>\n<meta property=\"og:image\" content=\"https:\/\/now-news.de\/de\/wp-content\/uploads\/sites\/3\/2025\/11\/692c2ad948fbef304c29efcb.jpg\" \/>\n<meta name=\"author\" content=\"rtnews\" \/>\n<meta name=\"twitter:card\" content=\"summary_large_image\" \/>\n<meta name=\"twitter:creator\" content=\"@WirMachenAuf_de\" \/>\n<meta name=\"twitter:site\" content=\"@WirMachenAuf_de\" \/>\n<meta name=\"twitter:label1\" content=\"Verfasst von\" \/>\n\t<meta name=\"twitter:data1\" content=\"rtnews\" \/>\n\t<meta name=\"twitter:label2\" content=\"Gesch\u00e4tzte Lesezeit\" \/>\n\t<meta name=\"twitter:data2\" content=\"2\u00a0Minuten\" \/>\n<script type=\"application\/ld+json\" class=\"yoast-schema-graph\">{\"@context\":\"https:\/\/schema.org\",\"@graph\":[{\"@type\":\"Article\",\"@id\":\"https:\/\/now-news.de\/de\/deutschland\/ukraine-konflikt-orban-warnt-vor-politischem-erdbeben-in-der-europaeischen-politik\/#article\",\"isPartOf\":{\"@id\":\"https:\/\/now-news.de\/de\/deutschland\/ukraine-konflikt-orban-warnt-vor-politischem-erdbeben-in-der-europaeischen-politik\/\"},\"author\":{\"name\":\"rtnews\",\"@id\":\"https:\/\/now-news.de\/de\/#\/schema\/person\/fb534a4e865501d8b3285208df34a9b5\"},\"headline\":\"Ukraine-Konflikt \u2013 Orb\u00e1n warnt vor &quot;politischem Erdbeben in der europ\u00e4ischen Politik&quot;\u00a0\",\"datePublished\":\"2025-11-30T15:13:35+00:00\",\"dateModified\":\"2025-11-30T15:13:35+00:00\",\"mainEntityOfPage\":{\"@id\":\"https:\/\/now-news.de\/de\/deutschland\/ukraine-konflikt-orban-warnt-vor-politischem-erdbeben-in-der-europaeischen-politik\/\"},\"wordCount\":469,\"commentCount\":0,\"publisher\":{\"@id\":\"https:\/\/now-news.de\/de\/#organization\"},\"image\":{\"@id\":\"https:\/\/now-news.de\/de\/deutschland\/ukraine-konflikt-orban-warnt-vor-politischem-erdbeben-in-der-europaeischen-politik\/#primaryimage\"},\"thumbnailUrl\":\"https:\/\/now-news.de\/de\/wp-content\/uploads\/sites\/3\/2025\/11\/Ukraine-Konflikt-\u2013-Orban-warnt-vor-quotpolitischem-Erdbeben-in-der-europaeischen.jpg\",\"keywords\":[\"der\",\"Erdbeben\",\"Europ\u00e4ischen\",\"Orb\u00e1n\",\"Politikquot\",\"quotpolitischem\",\"UkraineKonflikt\",\"vor\",\"warnt\"],\"articleSection\":[\"Deutschland\",\"Russland\"],\"inLanguage\":\"de\",\"potentialAction\":[{\"@type\":\"CommentAction\",\"name\":\"Comment\",\"target\":[\"https:\/\/now-news.de\/de\/deutschland\/ukraine-konflikt-orban-warnt-vor-politischem-erdbeben-in-der-europaeischen-politik\/#respond\"]}]},{\"@type\":\"WebPage\",\"@id\":\"https:\/\/now-news.de\/de\/deutschland\/ukraine-konflikt-orban-warnt-vor-politischem-erdbeben-in-der-europaeischen-politik\/\",\"url\":\"https:\/\/now-news.de\/de\/deutschland\/ukraine-konflikt-orban-warnt-vor-politischem-erdbeben-in-der-europaeischen-politik\/\",\"name\":\"Ukraine-Konflikt \u2013 Orb\u00e1n warnt vor &quot;politischem Erdbeben in der europ\u00e4ischen Politik&quot;\u00a0 - just-now.NEWS Deutschland\",\"isPartOf\":{\"@id\":\"https:\/\/now-news.de\/de\/#website\"},\"primaryImageOfPage\":{\"@id\":\"https:\/\/now-news.de\/de\/deutschland\/ukraine-konflikt-orban-warnt-vor-politischem-erdbeben-in-der-europaeischen-politik\/#primaryimage\"},\"image\":{\"@id\":\"https:\/\/now-news.de\/de\/deutschland\/ukraine-konflikt-orban-warnt-vor-politischem-erdbeben-in-der-europaeischen-politik\/#primaryimage\"},\"thumbnailUrl\":\"https:\/\/now-news.de\/de\/wp-content\/uploads\/sites\/3\/2025\/11\/Ukraine-Konflikt-\u2013-Orban-warnt-vor-quotpolitischem-Erdbeben-in-der-europaeischen.jpg\",\"datePublished\":\"2025-11-30T15:13:35+00:00\",\"dateModified\":\"2025-11-30T15:13:35+00:00\",\"breadcrumb\":{\"@id\":\"https:\/\/now-news.de\/de\/deutschland\/ukraine-konflikt-orban-warnt-vor-politischem-erdbeben-in-der-europaeischen-politik\/#breadcrumb\"},\"inLanguage\":\"de\",\"potentialAction\":[{\"@type\":\"ReadAction\",\"target\":[\"https:\/\/now-news.de\/de\/deutschland\/ukraine-konflikt-orban-warnt-vor-politischem-erdbeben-in-der-europaeischen-politik\/\"]}]},{\"@type\":\"ImageObject\",\"inLanguage\":\"de\",\"@id\":\"https:\/\/now-news.de\/de\/deutschland\/ukraine-konflikt-orban-warnt-vor-politischem-erdbeben-in-der-europaeischen-politik\/#primaryimage\",\"url\":\"https:\/\/now-news.de\/de\/wp-content\/uploads\/sites\/3\/2025\/11\/Ukraine-Konflikt-\u2013-Orban-warnt-vor-quotpolitischem-Erdbeben-in-der-europaeischen.jpg\",\"contentUrl\":\"https:\/\/now-news.de\/de\/wp-content\/uploads\/sites\/3\/2025\/11\/Ukraine-Konflikt-\u2013-Orban-warnt-vor-quotpolitischem-Erdbeben-in-der-europaeischen.jpg\",\"width\":460,\"height\":259,\"caption\":\"Ukraine-Konflikt \u2013 Orb\u00e1n warnt vor &quot;politischem Erdbeben in der europ\u00e4ischen Politik&quot;\u00a0\"},{\"@type\":\"BreadcrumbList\",\"@id\":\"https:\/\/now-news.de\/de\/deutschland\/ukraine-konflikt-orban-warnt-vor-politischem-erdbeben-in-der-europaeischen-politik\/#breadcrumb\",\"itemListElement\":[{\"@type\":\"ListItem\",\"position\":1,\"name\":\"Home\",\"item\":\"https:\/\/now-news.de\/de\/\"},{\"@type\":\"ListItem\",\"position\":2,\"name\":\"Ukraine-Konflikt \u2013 Orb\u00e1n warnt vor &quot;politischem Erdbeben in der europ\u00e4ischen Politik&quot;\u00a0\"}]},{\"@type\":\"WebSite\",\"@id\":\"https:\/\/now-news.de\/de\/#website\",\"url\":\"https:\/\/now-news.de\/de\/\",\"name\":\"just-now.NEWS Deutschland\",\"description\":\"Das Portal f\u00fcr unzensierte Nachrichten aus der Welt\",\"publisher\":{\"@id\":\"https:\/\/now-news.de\/de\/#organization\"},\"potentialAction\":[{\"@type\":\"SearchAction\",\"target\":{\"@type\":\"EntryPoint\",\"urlTemplate\":\"https:\/\/now-news.de\/de\/?s={search_term_string}\"},\"query-input\":\"required name=search_term_string\"}],\"inLanguage\":\"de\"},{\"@type\":\"Organization\",\"@id\":\"https:\/\/now-news.de\/de\/#organization\",\"name\":\"Just Now News\",\"url\":\"https:\/\/now-news.de\/de\/\",\"logo\":{\"@type\":\"ImageObject\",\"inLanguage\":\"de\",\"@id\":\"https:\/\/now-news.de\/de\/#\/schema\/logo\/image\/\",\"url\":\"http:\/\/just-now.news\/de\/wp-content\/uploads\/sites\/3\/2022\/04\/logo500x500.jpg\",\"contentUrl\":\"http:\/\/just-now.news\/de\/wp-content\/uploads\/sites\/3\/2022\/04\/logo500x500.jpg\",\"width\":500,\"height\":500,\"caption\":\"Just Now News\"},\"image\":{\"@id\":\"https:\/\/now-news.de\/de\/#\/schema\/logo\/image\/\"},\"sameAs\":[\"https:\/\/www.facebook.com\/wirmachenauf\",\"https:\/\/x.com\/WirMachenAuf_de\"]},{\"@type\":\"Person\",\"@id\":\"https:\/\/now-news.de\/de\/#\/schema\/person\/fb534a4e865501d8b3285208df34a9b5\",\"name\":\"rtnews\",\"image\":{\"@type\":\"ImageObject\",\"inLanguage\":\"de\",\"@id\":\"https:\/\/now-news.de\/de\/#\/schema\/person\/image\/\",\"url\":\"https:\/\/secure.gravatar.com\/avatar\/82aafea7d8127119dd649515f56e2117?s=96&d=mm&r=g\",\"contentUrl\":\"https:\/\/secure.gravatar.com\/avatar\/82aafea7d8127119dd649515f56e2117?s=96&d=mm&r=g\",\"caption\":\"rtnews\"},\"url\":\"https:\/\/now-news.de\/de\/author\/rnews\/\"}]}<\/script>\n<!-- \/ Yoast SEO Premium plugin. -->","yoast_head_json":{"title":"Ukraine-Konflikt \u2013 Orb\u00e1n warnt vor &quot;politischem Erdbeben in der europ\u00e4ischen Politik&quot;\u00a0 - just-now.NEWS Deutschland","robots":{"index":"index","follow":"follow","max-snippet":"max-snippet:-1","max-image-preview":"max-image-preview:large","max-video-preview":"max-video-preview:-1"},"canonical":"https:\/\/now-news.de\/de\/deutschland\/ukraine-konflikt-orban-warnt-vor-politischem-erdbeben-in-der-europaeischen-politik\/","og_locale":"de_DE","og_type":"article","og_title":"Ukraine-Konflikt \u2013 Orb\u00e1n warnt vor &quot;politischem Erdbeben in der europ\u00e4ischen Politik&quot;\u00a0","og_description":"Ein Eingest\u00e4ndnis der Niederlage der Ukraine im Konflikt mit Russland w\u00fcrde in Europa &#8220;ein politisches Erdbeben ausl\u00f6sen&#8221;, erkl\u00e4rte der ungarische Premier Viktor Orb\u00e1n. Er warnte, dass sich der Westen darauf vorbereitet, Truppen in die Ukraine zu entsenden, und zul\u00e4sst, dass der Konflikt &#8220;zu einem Gesch\u00e4ft wird&#8221;. Der ungarische Regierungschef Viktor Orb\u00e1n hat sich erneut zum [&hellip;]","og_url":"https:\/\/now-news.de\/de\/deutschland\/ukraine-konflikt-orban-warnt-vor-politischem-erdbeben-in-der-europaeischen-politik\/","og_site_name":"just-now.NEWS Deutschland","article_publisher":"https:\/\/www.facebook.com\/wirmachenauf","article_published_time":"2025-11-30T15:13:35+00:00","og_image":[{"url":"https:\/\/now-news.de\/de\/wp-content\/uploads\/sites\/3\/2025\/11\/692c2ad948fbef304c29efcb.jpg"}],"author":"rtnews","twitter_card":"summary_large_image","twitter_creator":"@WirMachenAuf_de","twitter_site":"@WirMachenAuf_de","twitter_misc":{"Verfasst von":"rtnews","Gesch\u00e4tzte Lesezeit":"2\u00a0Minuten"},"schema":{"@context":"https:\/\/schema.org","@graph":[{"@type":"Article","@id":"https:\/\/now-news.de\/de\/deutschland\/ukraine-konflikt-orban-warnt-vor-politischem-erdbeben-in-der-europaeischen-politik\/#article","isPartOf":{"@id":"https:\/\/now-news.de\/de\/deutschland\/ukraine-konflikt-orban-warnt-vor-politischem-erdbeben-in-der-europaeischen-politik\/"},"author":{"name":"rtnews","@id":"https:\/\/now-news.de\/de\/#\/schema\/person\/fb534a4e865501d8b3285208df34a9b5"},"headline":"Ukraine-Konflikt \u2013 Orb\u00e1n warnt vor &quot;politischem Erdbeben in der europ\u00e4ischen Politik&quot;\u00a0","datePublished":"2025-11-30T15:13:35+00:00","dateModified":"2025-11-30T15:13:35+00:00","mainEntityOfPage":{"@id":"https:\/\/now-news.de\/de\/deutschland\/ukraine-konflikt-orban-warnt-vor-politischem-erdbeben-in-der-europaeischen-politik\/"},"wordCount":469,"commentCount":0,"publisher":{"@id":"https:\/\/now-news.de\/de\/#organization"},"image":{"@id":"https:\/\/now-news.de\/de\/deutschland\/ukraine-konflikt-orban-warnt-vor-politischem-erdbeben-in-der-europaeischen-politik\/#primaryimage"},"thumbnailUrl":"https:\/\/now-news.de\/de\/wp-content\/uploads\/sites\/3\/2025\/11\/Ukraine-Konflikt-\u2013-Orban-warnt-vor-quotpolitischem-Erdbeben-in-der-europaeischen.jpg","keywords":["der","Erdbeben","Europ\u00e4ischen","Orb\u00e1n","Politikquot","quotpolitischem","UkraineKonflikt","vor","warnt"],"articleSection":["Deutschland","Russland"],"inLanguage":"de","potentialAction":[{"@type":"CommentAction","name":"Comment","target":["https:\/\/now-news.de\/de\/deutschland\/ukraine-konflikt-orban-warnt-vor-politischem-erdbeben-in-der-europaeischen-politik\/#respond"]}]},{"@type":"WebPage","@id":"https:\/\/now-news.de\/de\/deutschland\/ukraine-konflikt-orban-warnt-vor-politischem-erdbeben-in-der-europaeischen-politik\/","url":"https:\/\/now-news.de\/de\/deutschland\/ukraine-konflikt-orban-warnt-vor-politischem-erdbeben-in-der-europaeischen-politik\/","name":"Ukraine-Konflikt \u2013 Orb\u00e1n warnt vor &quot;politischem Erdbeben in der europ\u00e4ischen Politik&quot;\u00a0 - just-now.NEWS Deutschland","isPartOf":{"@id":"https:\/\/now-news.de\/de\/#website"},"primaryImageOfPage":{"@id":"https:\/\/now-news.de\/de\/deutschland\/ukraine-konflikt-orban-warnt-vor-politischem-erdbeben-in-der-europaeischen-politik\/#primaryimage"},"image":{"@id":"https:\/\/now-news.de\/de\/deutschland\/ukraine-konflikt-orban-warnt-vor-politischem-erdbeben-in-der-europaeischen-politik\/#primaryimage"},"thumbnailUrl":"https:\/\/now-news.de\/de\/wp-content\/uploads\/sites\/3\/2025\/11\/Ukraine-Konflikt-\u2013-Orban-warnt-vor-quotpolitischem-Erdbeben-in-der-europaeischen.jpg","datePublished":"2025-11-30T15:13:35+00:00","dateModified":"2025-11-30T15:13:35+00:00","breadcrumb":{"@id":"https:\/\/now-news.de\/de\/deutschland\/ukraine-konflikt-orban-warnt-vor-politischem-erdbeben-in-der-europaeischen-politik\/#breadcrumb"},"inLanguage":"de","potentialAction":[{"@type":"ReadAction","target":["https:\/\/now-news.de\/de\/deutschland\/ukraine-konflikt-orban-warnt-vor-politischem-erdbeben-in-der-europaeischen-politik\/"]}]},{"@type":"ImageObject","inLanguage":"de","@id":"https:\/\/now-news.de\/de\/deutschland\/ukraine-konflikt-orban-warnt-vor-politischem-erdbeben-in-der-europaeischen-politik\/#primaryimage","url":"https:\/\/now-news.de\/de\/wp-content\/uploads\/sites\/3\/2025\/11\/Ukraine-Konflikt-\u2013-Orban-warnt-vor-quotpolitischem-Erdbeben-in-der-europaeischen.jpg","contentUrl":"https:\/\/now-news.de\/de\/wp-content\/uploads\/sites\/3\/2025\/11\/Ukraine-Konflikt-\u2013-Orban-warnt-vor-quotpolitischem-Erdbeben-in-der-europaeischen.jpg","width":460,"height":259,"caption":"Ukraine-Konflikt \u2013 Orb\u00e1n warnt vor &quot;politischem Erdbeben in der europ\u00e4ischen Politik&quot;\u00a0"},{"@type":"BreadcrumbList","@id":"https:\/\/now-news.de\/de\/deutschland\/ukraine-konflikt-orban-warnt-vor-politischem-erdbeben-in-der-europaeischen-politik\/#breadcrumb","itemListElement":[{"@type":"ListItem","position":1,"name":"Home","item":"https:\/\/now-news.de\/de\/"},{"@type":"ListItem","position":2,"name":"Ukraine-Konflikt \u2013 Orb\u00e1n warnt vor &quot;politischem Erdbeben in der europ\u00e4ischen Politik&quot;\u00a0"}]},{"@type":"WebSite","@id":"https:\/\/now-news.de\/de\/#website","url":"https:\/\/now-news.de\/de\/","name":"just-now.NEWS Deutschland","description":"Das Portal f\u00fcr unzensierte Nachrichten aus der Welt","publisher":{"@id":"https:\/\/now-news.de\/de\/#organization"},"potentialAction":[{"@type":"SearchAction","target":{"@type":"EntryPoint","urlTemplate":"https:\/\/now-news.de\/de\/?s={search_term_string}"},"query-input":"required name=search_term_string"}],"inLanguage":"de"},{"@type":"Organization","@id":"https:\/\/now-news.de\/de\/#organization","name":"Just Now News","url":"https:\/\/now-news.de\/de\/","logo":{"@type":"ImageObject","inLanguage":"de","@id":"https:\/\/now-news.de\/de\/#\/schema\/logo\/image\/","url":"http:\/\/just-now.news\/de\/wp-content\/uploads\/sites\/3\/2022\/04\/logo500x500.jpg","contentUrl":"http:\/\/just-now.news\/de\/wp-content\/uploads\/sites\/3\/2022\/04\/logo500x500.jpg","width":500,"height":500,"caption":"Just Now News"},"image":{"@id":"https:\/\/now-news.de\/de\/#\/schema\/logo\/image\/"},"sameAs":["https:\/\/www.facebook.com\/wirmachenauf","https:\/\/x.com\/WirMachenAuf_de"]},{"@type":"Person","@id":"https:\/\/now-news.de\/de\/#\/schema\/person\/fb534a4e865501d8b3285208df34a9b5","name":"rtnews","image":{"@type":"ImageObject","inLanguage":"de","@id":"https:\/\/now-news.de\/de\/#\/schema\/person\/image\/","url":"https:\/\/secure.gravatar.com\/avatar\/82aafea7d8127119dd649515f56e2117?s=96&d=mm&r=g","contentUrl":"https:\/\/secure.gravatar.com\/avatar\/82aafea7d8127119dd649515f56e2117?s=96&d=mm&r=g","caption":"rtnews"},"url":"https:\/\/now-news.de\/de\/author\/rnews\/"}]}},"_links":{"self":[{"href":"https:\/\/now-news.de\/de\/wp-json\/wp\/v2\/posts\/94936"}],"collection":[{"href":"https:\/\/now-news.de\/de\/wp-json\/wp\/v2\/posts"}],"about":[{"href":"https:\/\/now-news.de\/de\/wp-json\/wp\/v2\/types\/post"}],"author":[{"embeddable":true,"href":"https:\/\/now-news.de\/de\/wp-json\/wp\/v2\/users\/3"}],"replies":[{"embeddable":true,"href":"https:\/\/now-news.de\/de\/wp-json\/wp\/v2\/comments?post=94936"}],"version-history":[{"count":0,"href":"https:\/\/now-news.de\/de\/wp-json\/wp\/v2\/posts\/94936\/revisions"}],"wp:featuredmedia":[{"embeddable":true,"href":"https:\/\/now-news.de\/de\/wp-json\/wp\/v2\/media\/94937"}],"wp:attachment":[{"href":"https:\/\/now-news.de\/de\/wp-json\/wp\/v2\/media?parent=94936"}],"wp:term":[{"taxonomy":"category","embeddable":true,"href":"https:\/\/now-news.de\/de\/wp-json\/wp\/v2\/categories?post=94936"},{"taxonomy":"post_tag","embeddable":true,"href":"https:\/\/now-news.de\/de\/wp-json\/wp\/v2\/tags?post=94936"}],"curies":[{"name":"wp","href":"https:\/\/api.w.org\/{rel}","templated":true}]}}