{"id":94890,"date":"2025-11-29T19:14:42","date_gmt":"2025-11-29T17:14:42","guid":{"rendered":"https:\/\/now-news.de\/de\/deutschland\/who-maennliche-gewalt-weltweit-immer-noch-eines-der-groessten-gesundheitsrisikos-fuer-frauen\/"},"modified":"2025-11-29T19:14:42","modified_gmt":"2025-11-29T17:14:42","slug":"who-maennliche-gewalt-weltweit-immer-noch-eines-der-groessten-gesundheitsrisikos-fuer-frauen","status":"publish","type":"post","link":"https:\/\/now-news.de\/de\/deutschland\/who-maennliche-gewalt-weltweit-immer-noch-eines-der-groessten-gesundheitsrisikos-fuer-frauen\/","title":{"rendered":"WHO: M\u00e4nnliche Gewalt weltweit immer noch eines der gr\u00f6\u00dften Gesundheitsrisikos f\u00fcr Frauen"},"content":{"rendered":"<div class=\"Text-root Text-type_1 \">\n                Im Jahr 1981 wurde der 25. November zum Internationalen Tag gegen Gewalt an Frauen und M\u00e4dchen erkl\u00e4rt. Laut einem aktuellen WHO-Bericht erlebt weltweit fast jede dritte Frau im Laufe ihres Lebens Gewalt oder sexuelle Gewalt. Pro Tag wird in Deutschland eine Frau Opfer eines Mordversuchs durch ihren Partner.\n            <\/div>\n<p><\/p>\n<div class=\"Text-root Text-type_5 ArticleView-text ViewText-root \">\n<p><em>Von Felicitas Rabe<\/em><\/p>\n<p>Das B\u00fcndnis Lila in K\u00f6ln veranstaltete am Dienstagabend unter dem Motto &#8220;Wir nehmen uns die Nacht zur\u00fcck&#8221; eine Demonstration gegen Gewalt an Frauen und M\u00e4dchen. Rund 2000 Teilnehmerinnen und Teilnehmer protestierten im K\u00f6lner Stadtteil Ehrenfeld lautstark gegen die nicht abnehmende Gewalt an Frauen und M\u00e4dchen in Deutschland und weltweit. Auf der Kundgebung setzten sich die Rednerinnen auch gegen Diskriminierung und Gewalt an Menschen mit transsexuellen Identit\u00e4ten ein.<\/p>\n<figure class=\"RTImage-root\">\n<div class=\"RTImage-image RTImage-original\"><picture class=\"Picture-root Picture-original\"><!--[if IE 9]><video style=\"display: none;\"><![endif]--><source media=\"(-webkit-min-device-pixel-ratio: 2) and (min-resolution: 120dpi)\" data-srcset=\" \nhttps:\/\/now-news.de\/de\/wp-content\/uploads\/sites\/3\/2025\/11\/6926eb65b480cc180f79011e.jpg 850w,\n                https:\/\/now-news.de\/de\/wp-content\/uploads\/sites\/3\/2025\/11\/6926eb65b480cc180f79011e.jpg 1960w,            \" ><source data-srcset=\" \nhttps:\/\/now-news.de\/de\/wp-content\/uploads\/sites\/3\/2025\/11\/6926eb65b480cc180f79011e.jpg 460w,\n              https:\/\/now-news.de\/de\/wp-content\/uploads\/sites\/3\/2025\/11\/6926eb65b480cc180f79011e.jpg 980w,\n            \" ><!--[if IE 9]><\/video><![endif]--><img decoding=\"async\" data- src=\"data:image\/png;base64,iVBORw0KGgoAAAANSUhEUgAAABAAAAAJCAQAAACRI2S5AAAAEElEQVR42mNkIAAYRxWAAQAG9gAKqv6+AwAAAABJRU5ErkJggg==\" class=\"Picture-root Picture-original lazyload\" data-src=\"https:\/\/now-news.de\/de\/wp-content\/uploads\/sites\/3\/2025\/11\/6926eb65b480cc180f79011e.jpg\" alt=\"\"><\/source><\/source><\/picture><!-- noscript pattern --><noscript><img decoding=\"async\" src=\"https:\/\/now-news.de\/de\/wp-content\/uploads\/sites\/3\/2025\/11\/6926eb65b480cc180f79011e.jpg\" alt=\"\"><\/noscript><\/div><figcaption class=\"RTImage-footer\"><span class=\"RTImage-caption\"><span class=\"RTImage-captionItem\">Demonstration &#8220;Wir nehmen uns die Nacht&#8221; gegen Gewalt an Frauen und M\u00e4dchen, K\u00f6ln, 25. November 2025<\/span><\/span><span class=\"RTImage-source\"><span class=\"RTImage-captionItem\">Felicitas Rabe<\/span><\/span><\/figcaption><\/figure>\n<p>Der 25. November ist der Internationale Tag gegen Gewalt an Frauen und M\u00e4dchen.\u00a0An diesem Tag wird an die drei Schwestern Patria, Minerva und Mar\u00eda Teresa Mirabal erinnert, die sich in den 1950er Jahren in der Dominikanischen Republik gegen die Diktatur engagierten. Im Jahr 1960 wurden sie von Milit\u00e4rs des Regimes von\u00a0Rafael Le\u00f3nidas Trujillo Molina verschleppt und nach monatelanger Folter ermordet.<\/p>\n<p>Auf einer Versammlung lateinamerikanischer Feministinnen wurde 1981 der 25. November zum Internationalen Gedenktag f\u00fcr ermordete Frauen ausgerufen. Die Vereinten Nationen <a rel=\"nofollow noopener\" target=\"_blank\" href=\"https:\/\/unwomen.de\/\">schlossen<\/a> sich dem Gedenktag im Jahr 1999 mit einer Resolution an. Seitdem rufen die UN j\u00e4hrlich vom 25. November bis zum 10. Dezember\u00a0<a rel=\"nofollow noopener\" target=\"_blank\" href=\"https:\/\/unwomen.de\/tcl-content\/uploads\/2025\/08\/OTW-Flyer-2025-A5.pdf\">in der Kampagne<\/a> &#8220;Orange the World&#8221; zu Aktionen f\u00fcr die St\u00e4rkung von Frauen- und M\u00e4dchenrechten auf. In dieser Zeit wird in vielen St\u00e4dten mit oranger Farbe auf Frauenrechte hingewiesen und mit roten Schuhen an die Opfer von Gewalt an Frauen erinnert.\u00a0<\/p>\n<figure class=\"RTImage-root\">\n<div class=\"RTImage-image RTImage-original\"><picture class=\"Picture-root Picture-original\"><!--[if IE 9]><video style=\"display: none;\"><![endif]--><source media=\"(-webkit-min-device-pixel-ratio: 2) and (min-resolution: 120dpi)\" data-srcset=\" \nhttps:\/\/now-news.de\/de\/wp-content\/uploads\/sites\/3\/2025\/11\/6926ebeeb480cc17282e069b.jpg 850w,\n                https:\/\/now-news.de\/de\/wp-content\/uploads\/sites\/3\/2025\/11\/6926ebeeb480cc17282e069b.jpg 1960w,            \" ><source data-srcset=\" \nhttps:\/\/now-news.de\/de\/wp-content\/uploads\/sites\/3\/2025\/11\/6926ebeeb480cc17282e069b.jpg 460w,\n              https:\/\/now-news.de\/de\/wp-content\/uploads\/sites\/3\/2025\/11\/6926ebeeb480cc17282e069b.jpg 980w,\n            \" ><!--[if IE 9]><\/video><![endif]--><img decoding=\"async\" data- src=\"data:image\/png;base64,iVBORw0KGgoAAAANSUhEUgAAABAAAAAJCAQAAACRI2S5AAAAEElEQVR42mNkIAAYRxWAAQAG9gAKqv6+AwAAAABJRU5ErkJggg==\" class=\"Picture-root Picture-original lazyload\" data-src=\"https:\/\/now-news.de\/de\/wp-content\/uploads\/sites\/3\/2025\/11\/6926ebeeb480cc17282e069b.jpg\" alt=\"\"><\/source><\/source><\/picture><!-- noscript pattern --><noscript><img decoding=\"async\" src=\"https:\/\/now-news.de\/de\/wp-content\/uploads\/sites\/3\/2025\/11\/6926ebeeb480cc17282e069b.jpg\" alt=\"\"><\/noscript><\/div><figcaption class=\"RTImage-footer\"><span class=\"RTImage-caption\"><span class=\"RTImage-captionItem\">Kundgebung auf dem K\u00f6lner Neptunplatz vor der Demonstration &#8220;Wir nehmen uns die Nacht&#8221; gegen Gewalt an Frauen und M\u00e4dchen, K\u00f6ln, 25. November 2025<\/span><\/span><span class=\"RTImage-source\"><span class=\"RTImage-captionItem\">Felicitas Rabe<\/span><\/span><\/figcaption><\/figure>\n<p>Nach einem <a rel=\"nofollow noopener\" target=\"_blank\" href=\"https:\/\/www.who.int\/news\/item\/19-11-2025-lifetime-toll--840-million-women-faced-partner-or-sexual-violence\">Bericht der Weltgesundheitsorganisation<\/a> vom 19. November geh\u00f6ren k\u00f6rperliche Verletzungen durch M\u00e4nner immer noch zu den gr\u00f6\u00dften Gesundheitsrisiken von Frauen weltweit. Im WHO-Bericht <a rel=\"nofollow noopener\" target=\"_blank\" href=\"https:\/\/www.who.int\/news\/item\/19-11-2025-lifetime-toll--840-million-women-faced-partner-or-sexual-violence\">hei\u00dft es dazu<\/a>:<\/p>\n<p><em>&#8220;Fast jede dritte Frau \u2013 weltweit sch\u00e4tzungsweise 840 Millionen \u2013 hat im Laufe ihres Lebens Gewalt durch einen Partner oder sexuelle Gewalt erlebt, eine Zahl, die sich seit dem Jahr 2000 kaum ver\u00e4ndert hat. Allein in den letzten zw\u00f6lf Monaten waren 316 Millionen Frauen \u2013 elf Prozent der \u00fcber 15-J\u00e4hrigen \u2013 k\u00f6rperlicher oder sexueller Gewalt durch einen Intimpartner ausgesetzt.<\/em><\/p>\n<p><em>263 Millionen Frauen haben seit ihrem 15. Lebensjahr sexuelle Gewalt durch andere Personen als ihren Partner erlebt, eine Zahl, die von Experten aufgrund von Stigmatisierung und Angst als deutlich zu niedrig eingesch\u00e4tzt wird.<\/em><\/p>\n<p><em>Gewalt gegen Frauen ist nach wie vor eine der hartn\u00e4ckigsten und am wenigsten beachteten Menschenrechtskrisen weltweit, wobei in den letzten zwei Jahrzehnten nur sehr geringe Fortschritte erzielt wurden.&#8221;<\/em><\/p>\n<figure class=\"RTImage-root\">\n<div class=\"RTImage-image RTImage-original\"><picture class=\"Picture-root Picture-original\"><!--[if IE 9]><video style=\"display: none;\"><![endif]--><source media=\"(-webkit-min-device-pixel-ratio: 2) and (min-resolution: 120dpi)\" data-srcset=\" \nhttps:\/\/now-news.de\/de\/wp-content\/uploads\/sites\/3\/2025\/11\/6926ec3548fbef17fa0f7cf9.jpg 850w,\n                https:\/\/now-news.de\/de\/wp-content\/uploads\/sites\/3\/2025\/11\/6926ec3548fbef17fa0f7cf9.jpg 1960w,            \" ><source data-srcset=\" \nhttps:\/\/now-news.de\/de\/wp-content\/uploads\/sites\/3\/2025\/11\/6926ec3548fbef17fa0f7cf9.jpg 460w,\n              https:\/\/now-news.de\/de\/wp-content\/uploads\/sites\/3\/2025\/11\/6926ec3548fbef17fa0f7cf9.jpg 980w,\n            \" ><!--[if IE 9]><\/video><![endif]--><img decoding=\"async\" data- src=\"data:image\/png;base64,iVBORw0KGgoAAAANSUhEUgAAABAAAAAJCAQAAACRI2S5AAAAEElEQVR42mNkIAAYRxWAAQAG9gAKqv6+AwAAAABJRU5ErkJggg==\" class=\"Picture-root Picture-original lazyload\" data-src=\"https:\/\/now-news.de\/de\/wp-content\/uploads\/sites\/3\/2025\/11\/6926ec3548fbef17fa0f7cf9.jpg\" alt=\"\"><\/source><\/source><\/picture><!-- noscript pattern --><noscript><img decoding=\"async\" src=\"https:\/\/now-news.de\/de\/wp-content\/uploads\/sites\/3\/2025\/11\/6926ec3548fbef17fa0f7cf9.jpg\" alt=\"\"><\/noscript><\/div><figcaption class=\"RTImage-footer\"><span class=\"RTImage-caption\"><span class=\"RTImage-captionItem\">Demonstration &#8220;Wir nehmen uns die Nacht&#8221; gegen Gewalt an Frauen und M\u00e4dchen, K\u00f6ln, 25. November 2025<\/span><\/span><span class=\"RTImage-source\"><span class=\"RTImage-captionItem\">Felicitas Rabe<\/span><\/span><\/figcaption><\/figure>\n<p>Die Exekutivdirektorin des Bev\u00f6lkerungsfonds der Vereinten Nationen UNFPA, Diene Keita, erkl\u00e4rte, dass die verletzten Frauen einen tiefgreifenden und dauerhaften Schaden erlitten, der sich auf ihr Leben, ihre Gesundheit und ihre W\u00fcrde auswirke.\u00a0<\/p>\n<p>Zur\u00a0Gewalt an Frauen in Deutschland\u00a0<a rel=\"nofollow noopener\" target=\"_blank\" href=\"https:\/\/unwomen.de\/gewalt-gegen-frauen-in-deutschland\/\">stellen UN-Studien<\/a> folgende Daten zur Verf\u00fcgung:\u00a0\u00a0<\/p>\n<p><em>&#8220;In Deutschland \u2026<\/em><\/p>\n<ul>\n<li><em>findet fast jeden Tag ein Femizid statt;<\/em><\/li>\n<li><em>t\u00f6tet alle zwei Tage ein Mann seine (Ex-)Partnerin;<\/em><\/li>\n<li><em>erleben 63 Prozent der politisch engagierten Frauen digitale Gewalt;<\/em><\/li>\n<li><em>empfinden 90 Prozent der jungen Frauen starke bis extreme Angst, wenn sie nachts unbekannten M\u00e4nnern begegnen.&#8221;<\/em><\/li>\n<\/ul>\n<p>Nach <a rel=\"nofollow noopener\" target=\"_blank\" href=\"https:\/\/www.bka.de\/SharedDocs\/Downloads\/DE\/Publikationen\/JahresberichteUndLagebilder\/HaeuslicheGewalt\/HaeuslicheGewalt2024.html?nn=219004\">Zahlen des Bundeskriminalamts<\/a> aus dem November 2025 wurden im Jahr 2024 in Deutschland 132 Frauen durch ihren (Ex-)Partner get\u00f6tet. Weitere 308 Frauen wurden Opfer von (versuchtem) Mord oder Totschlag. Insgesamt waren im vergangenen Jahr 171.069 Personen (135.713 Frauen und 35.356 M\u00e4nner) von Partnerschaftsgewalt betroffen. Offiziell wurden 12.912 Frauen von ihrem (Ex-)Partner schwer oder gef\u00e4hrlich k\u00f6rperlich verletzt.<\/p>\n<p>Die aufgef\u00fchrten Zahlen bilden nur angezeigte Straftaten ab. Die Dunkelziffer nicht bekannter Gewalttaten gegen\u00fcber Frauen sei weitaus h\u00f6her. Laut Angaben der ehemaligen Bundesfamilienministerin Lisa Paus werde angenommen, dass rund zwei Drittel der weiblichen Betroffenen nicht zur Polizei gingen. Gem\u00e4\u00df sogenannten Dunkelfeldstudien sei in Deutschland jede dritte Frau mindestens einmal in ihrem Leben von Gewalt betroffen \u2013 mehr als zw\u00f6lf Millionen Frauen.<\/p>\n<figure class=\"RTImage-root\">\n<div class=\"RTImage-image RTImage-original\"><picture class=\"Picture-root Picture-original\"><!--[if IE 9]><video style=\"display: none;\"><![endif]--><source media=\"(-webkit-min-device-pixel-ratio: 2) and (min-resolution: 120dpi)\" data-srcset=\" \nhttps:\/\/now-news.de\/de\/wp-content\/uploads\/sites\/3\/2025\/11\/6926ec9848fbef01596d3067.jpg 850w,\n                https:\/\/now-news.de\/de\/wp-content\/uploads\/sites\/3\/2025\/11\/6926ec9848fbef01596d3067.jpg 1960w,            \" ><source data-srcset=\" \nhttps:\/\/now-news.de\/de\/wp-content\/uploads\/sites\/3\/2025\/11\/6926ec9848fbef01596d3067.jpg 460w,\n              https:\/\/now-news.de\/de\/wp-content\/uploads\/sites\/3\/2025\/11\/6926ec9848fbef01596d3067.jpg 980w,\n            \" ><!--[if IE 9]><\/video><![endif]--><img decoding=\"async\" data- src=\"data:image\/png;base64,iVBORw0KGgoAAAANSUhEUgAAABAAAAAJCAQAAACRI2S5AAAAEElEQVR42mNkIAAYRxWAAQAG9gAKqv6+AwAAAABJRU5ErkJggg==\" class=\"Picture-root Picture-original lazyload\" data-src=\"https:\/\/now-news.de\/de\/wp-content\/uploads\/sites\/3\/2025\/11\/6926ec9848fbef01596d3067.jpg\" alt=\"\"><\/source><\/source><\/picture><!-- noscript pattern --><noscript><img decoding=\"async\" src=\"https:\/\/now-news.de\/de\/wp-content\/uploads\/sites\/3\/2025\/11\/6926ec9848fbef01596d3067.jpg\" alt=\"\"><\/noscript><\/div><figcaption class=\"RTImage-footer\"><span class=\"RTImage-caption\"><span class=\"RTImage-captionItem\">&#8220;Noch 30 Femizide bis Weihnachten&#8221;, Demonstration &#8220;Wir nehmen uns die Nacht&#8221; gegen Gewalt an Frauen und M\u00e4dchen, K\u00f6ln, 25. November 2025<\/span><\/span><span class=\"RTImage-source\"><span class=\"RTImage-captionItem\">Felicitas Rabe<\/span><\/span><\/figcaption><\/figure>\n<p>Statistisch nicht berechnet werden Abwertungen und sexistische Beleidigungen gegen\u00fcber Frauen im Alltag. Insbesondere in der Arbeitswelt nehmen viele der existenziell abh\u00e4ngigen Arbeitnehmerinnen geschlechtsspezifische Herabw\u00fcrdigungen ihrer Person und ihrer Arbeitsleistungen als notwendiges \u00dcbel hin. Viele Frauen akzeptieren oder tolerieren Sexismus und Abwertung auf der Arbeit, um keine Auseinandersetzung f\u00fchren zu m\u00fcssen und ihren Arbeitsplatz nicht zu gef\u00e4hrden.<\/p>\n<p>In diesem Jahr stellte UN WOMEN Deutschland <a rel=\"nofollow noopener\" target=\"_blank\" href=\"https:\/\/unwomen.de\/\">in ihrer Kampagne<\/a> zum Internationalen Tag gegen Gewalt an Frauen, genau jene Gewalt in den Fokus, die Frauen tagt\u00e4glich im Alltag erlebten: auf der Stra\u00dfe, am Arbeitsplatz oder in der digitalen Welt.<\/p>\n<figure class=\"RTImage-root\">\n<div class=\"RTImage-image RTImage-original\"><picture class=\"Picture-root Picture-original\"><!--[if IE 9]><video style=\"display: none;\"><![endif]--><source media=\"(-webkit-min-device-pixel-ratio: 2) and (min-resolution: 120dpi)\" data-srcset=\" \nhttps:\/\/now-news.de\/de\/wp-content\/uploads\/sites\/3\/2025\/11\/6926ece648fbef01596d306a.jpg 850w,\n                https:\/\/now-news.de\/de\/wp-content\/uploads\/sites\/3\/2025\/11\/6926ece648fbef01596d306a.jpg 1960w,            \" ><source data-srcset=\" \nhttps:\/\/now-news.de\/de\/wp-content\/uploads\/sites\/3\/2025\/11\/6926ece648fbef01596d306a.jpg 460w,\n              https:\/\/now-news.de\/de\/wp-content\/uploads\/sites\/3\/2025\/11\/6926ece648fbef01596d306a.jpg 980w,\n            \" ><!--[if IE 9]><\/video><![endif]--><img decoding=\"async\" data- src=\"data:image\/png;base64,iVBORw0KGgoAAAANSUhEUgAAABAAAAAJCAQAAACRI2S5AAAAEElEQVR42mNkIAAYRxWAAQAG9gAKqv6+AwAAAABJRU5ErkJggg==\" class=\"Picture-root Picture-original lazyload\" data-src=\"https:\/\/now-news.de\/de\/wp-content\/uploads\/sites\/3\/2025\/11\/6926ece648fbef01596d306a.jpg\" alt=\"\"><\/source><\/source><\/picture><!-- noscript pattern --><noscript><img decoding=\"async\" src=\"https:\/\/now-news.de\/de\/wp-content\/uploads\/sites\/3\/2025\/11\/6926ece648fbef01596d306a.jpg\" alt=\"\"><\/noscript><\/div><figcaption class=\"RTImage-footer\"><span class=\"RTImage-caption\"><span class=\"RTImage-captionItem\">Demonstration &#8220;Wir nehmen uns die Nacht&#8221; gegen Gewalt an Frauen und M\u00e4dchen, K\u00f6ln, 25. November 2025<\/span><\/span><span class=\"RTImage-source\"><span class=\"RTImage-captionItem\">Felicitas Rabe<\/span><\/span><\/figcaption><\/figure>\n<p><strong>Mehr zum Thema\u00a0<\/strong>\u2013<strong>\u00a0<\/strong><a rel=\"nofollow noopener\" target=\"_blank\" href=\"https:\/\/dert.online\/international\/251750-wie-brics-frauenorganisation-sich-fuer\/\">Wie sich die BRICS-Frauenallianz f\u00fcr eine gerechtere Weltwirtschaft einsetzt <\/a><\/p>\n<\/div>\n<p><br \/>\n<br \/><a href=\"https:\/\/de.rt.com\/international\/262960-who-maennliche-gewalt-weltweit-immer\/\">Source link <\/a><\/p>\n","protected":false},"excerpt":{"rendered":"<p>Im Jahr 1981 wurde der 25. November zum Internationalen Tag gegen Gewalt an Frauen und M\u00e4dchen erkl\u00e4rt. Laut einem aktuellen WHO-Bericht erlebt weltweit fast jede dritte Frau im Laufe ihres Lebens Gewalt oder sexuelle Gewalt. Pro Tag wird in Deutschland eine Frau Opfer eines Mordversuchs durch ihren Partner. Von Felicitas Rabe Das B\u00fcndnis Lila in [&hellip;]<\/p>\n","protected":false},"author":3,"featured_media":94891,"comment_status":"open","ping_status":"open","sticky":false,"template":"","format":"standard","meta":{"_yoast_indexnow_last_ping":["1764437095"],"wp_automatic_camp":["217"],"9a1e3fbc0c6f4e01302fdb203c9c2265":["WHO: M\u00e4nnliche Gewalt weltweit immer noch eines der gr\u00f6\u00dften Gesundheitsrisikos f\u00fcr Frauen"],"original_link":["https:\/\/de.rt.com\/international\/262960-who-maennliche-gewalt-weltweit-immer\/"],"_thumbnail_id":["94891"],"jnews_social_counter_last_update":["1776972674"],"_wptgpro_p2tg_sent2tg":["a:1:{i:23737;s:19:\"2025-11-29 19:26:00\";}"]},"categories":[19,23],"tags":[82,2111,13372,221,69535,7768,14435,2062,56978,1674,11625],"yoast_head":"<!-- This site is optimized with the Yoast SEO Premium plugin v22.7 (Yoast SEO v22.7) - https:\/\/yoast.com\/wordpress\/plugins\/seo\/ -->\n<title>WHO: M\u00e4nnliche Gewalt weltweit immer noch eines der gr\u00f6\u00dften Gesundheitsrisikos f\u00fcr Frauen - just-now.NEWS Deutschland<\/title>\n<meta name=\"robots\" content=\"index, follow, max-snippet:-1, max-image-preview:large, max-video-preview:-1\" \/>\n<link rel=\"canonical\" href=\"https:\/\/now-news.de\/de\/deutschland\/who-maennliche-gewalt-weltweit-immer-noch-eines-der-groessten-gesundheitsrisikos-fuer-frauen\/\" \/>\n<meta property=\"og:locale\" content=\"de_DE\" \/>\n<meta property=\"og:type\" content=\"article\" \/>\n<meta property=\"og:title\" content=\"WHO: M\u00e4nnliche Gewalt weltweit immer noch eines der gr\u00f6\u00dften Gesundheitsrisikos f\u00fcr Frauen\" \/>\n<meta property=\"og:description\" content=\"Im Jahr 1981 wurde der 25. November zum Internationalen Tag gegen Gewalt an Frauen und M\u00e4dchen erkl\u00e4rt. Laut einem aktuellen WHO-Bericht erlebt weltweit fast jede dritte Frau im Laufe ihres Lebens Gewalt oder sexuelle Gewalt. Pro Tag wird in Deutschland eine Frau Opfer eines Mordversuchs durch ihren Partner. Von Felicitas Rabe Das B\u00fcndnis Lila in [&hellip;]\" \/>\n<meta property=\"og:url\" content=\"https:\/\/now-news.de\/de\/deutschland\/who-maennliche-gewalt-weltweit-immer-noch-eines-der-groessten-gesundheitsrisikos-fuer-frauen\/\" \/>\n<meta property=\"og:site_name\" content=\"just-now.NEWS Deutschland\" \/>\n<meta property=\"article:publisher\" content=\"https:\/\/www.facebook.com\/wirmachenauf\" \/>\n<meta property=\"article:published_time\" content=\"2025-11-29T17:14:42+00:00\" \/>\n<meta property=\"og:image\" content=\"https:\/\/now-news.de\/de\/wp-content\/uploads\/sites\/3\/2025\/11\/6926eb65b480cc180f79011e.jpg\" \/>\n<meta name=\"author\" content=\"rtnews\" \/>\n<meta name=\"twitter:card\" content=\"summary_large_image\" \/>\n<meta name=\"twitter:creator\" content=\"@WirMachenAuf_de\" \/>\n<meta name=\"twitter:site\" content=\"@WirMachenAuf_de\" \/>\n<meta name=\"twitter:label1\" content=\"Verfasst von\" \/>\n\t<meta name=\"twitter:data1\" content=\"rtnews\" \/>\n\t<meta name=\"twitter:label2\" content=\"Gesch\u00e4tzte Lesezeit\" \/>\n\t<meta name=\"twitter:data2\" content=\"4\u00a0Minuten\" \/>\n<script type=\"application\/ld+json\" class=\"yoast-schema-graph\">{\"@context\":\"https:\/\/schema.org\",\"@graph\":[{\"@type\":\"Article\",\"@id\":\"https:\/\/now-news.de\/de\/deutschland\/who-maennliche-gewalt-weltweit-immer-noch-eines-der-groessten-gesundheitsrisikos-fuer-frauen\/#article\",\"isPartOf\":{\"@id\":\"https:\/\/now-news.de\/de\/deutschland\/who-maennliche-gewalt-weltweit-immer-noch-eines-der-groessten-gesundheitsrisikos-fuer-frauen\/\"},\"author\":{\"name\":\"rtnews\",\"@id\":\"https:\/\/now-news.de\/de\/#\/schema\/person\/fb534a4e865501d8b3285208df34a9b5\"},\"headline\":\"WHO: M\u00e4nnliche Gewalt weltweit immer noch eines der gr\u00f6\u00dften Gesundheitsrisikos f\u00fcr Frauen\",\"datePublished\":\"2025-11-29T17:14:42+00:00\",\"dateModified\":\"2025-11-29T17:14:42+00:00\",\"mainEntityOfPage\":{\"@id\":\"https:\/\/now-news.de\/de\/deutschland\/who-maennliche-gewalt-weltweit-immer-noch-eines-der-groessten-gesundheitsrisikos-fuer-frauen\/\"},\"wordCount\":868,\"commentCount\":0,\"publisher\":{\"@id\":\"https:\/\/now-news.de\/de\/#organization\"},\"image\":{\"@id\":\"https:\/\/now-news.de\/de\/deutschland\/who-maennliche-gewalt-weltweit-immer-noch-eines-der-groessten-gesundheitsrisikos-fuer-frauen\/#primaryimage\"},\"thumbnailUrl\":\"https:\/\/now-news.de\/de\/wp-content\/uploads\/sites\/3\/2025\/11\/WHO-Maennliche-Gewalt-weltweit-immer-noch-eines-der-groessten-Gesundheitsrisikos.jpg\",\"keywords\":[\"der\",\"eines\",\"Frauen\",\"f\u00fcr\",\"Gesundheitsrisikos\",\"Gewalt\",\"gr\u00f6\u00dften\",\"Immer\",\"m\u00e4nnliche\",\"noch\",\"weltweit\"],\"articleSection\":[\"Deutschland\",\"Russland\"],\"inLanguage\":\"de\",\"potentialAction\":[{\"@type\":\"CommentAction\",\"name\":\"Comment\",\"target\":[\"https:\/\/now-news.de\/de\/deutschland\/who-maennliche-gewalt-weltweit-immer-noch-eines-der-groessten-gesundheitsrisikos-fuer-frauen\/#respond\"]}]},{\"@type\":\"WebPage\",\"@id\":\"https:\/\/now-news.de\/de\/deutschland\/who-maennliche-gewalt-weltweit-immer-noch-eines-der-groessten-gesundheitsrisikos-fuer-frauen\/\",\"url\":\"https:\/\/now-news.de\/de\/deutschland\/who-maennliche-gewalt-weltweit-immer-noch-eines-der-groessten-gesundheitsrisikos-fuer-frauen\/\",\"name\":\"WHO: M\u00e4nnliche Gewalt weltweit immer noch eines der gr\u00f6\u00dften Gesundheitsrisikos f\u00fcr Frauen - just-now.NEWS Deutschland\",\"isPartOf\":{\"@id\":\"https:\/\/now-news.de\/de\/#website\"},\"primaryImageOfPage\":{\"@id\":\"https:\/\/now-news.de\/de\/deutschland\/who-maennliche-gewalt-weltweit-immer-noch-eines-der-groessten-gesundheitsrisikos-fuer-frauen\/#primaryimage\"},\"image\":{\"@id\":\"https:\/\/now-news.de\/de\/deutschland\/who-maennliche-gewalt-weltweit-immer-noch-eines-der-groessten-gesundheitsrisikos-fuer-frauen\/#primaryimage\"},\"thumbnailUrl\":\"https:\/\/now-news.de\/de\/wp-content\/uploads\/sites\/3\/2025\/11\/WHO-Maennliche-Gewalt-weltweit-immer-noch-eines-der-groessten-Gesundheitsrisikos.jpg\",\"datePublished\":\"2025-11-29T17:14:42+00:00\",\"dateModified\":\"2025-11-29T17:14:42+00:00\",\"breadcrumb\":{\"@id\":\"https:\/\/now-news.de\/de\/deutschland\/who-maennliche-gewalt-weltweit-immer-noch-eines-der-groessten-gesundheitsrisikos-fuer-frauen\/#breadcrumb\"},\"inLanguage\":\"de\",\"potentialAction\":[{\"@type\":\"ReadAction\",\"target\":[\"https:\/\/now-news.de\/de\/deutschland\/who-maennliche-gewalt-weltweit-immer-noch-eines-der-groessten-gesundheitsrisikos-fuer-frauen\/\"]}]},{\"@type\":\"ImageObject\",\"inLanguage\":\"de\",\"@id\":\"https:\/\/now-news.de\/de\/deutschland\/who-maennliche-gewalt-weltweit-immer-noch-eines-der-groessten-gesundheitsrisikos-fuer-frauen\/#primaryimage\",\"url\":\"https:\/\/now-news.de\/de\/wp-content\/uploads\/sites\/3\/2025\/11\/WHO-Maennliche-Gewalt-weltweit-immer-noch-eines-der-groessten-Gesundheitsrisikos.jpg\",\"contentUrl\":\"https:\/\/now-news.de\/de\/wp-content\/uploads\/sites\/3\/2025\/11\/WHO-Maennliche-Gewalt-weltweit-immer-noch-eines-der-groessten-Gesundheitsrisikos.jpg\",\"width\":1280,\"height\":960,\"caption\":\"WHO: M\u00e4nnliche Gewalt weltweit immer noch eines der gr\u00f6\u00dften Gesundheitsrisikos f\u00fcr Frauen\"},{\"@type\":\"BreadcrumbList\",\"@id\":\"https:\/\/now-news.de\/de\/deutschland\/who-maennliche-gewalt-weltweit-immer-noch-eines-der-groessten-gesundheitsrisikos-fuer-frauen\/#breadcrumb\",\"itemListElement\":[{\"@type\":\"ListItem\",\"position\":1,\"name\":\"Home\",\"item\":\"https:\/\/now-news.de\/de\/\"},{\"@type\":\"ListItem\",\"position\":2,\"name\":\"WHO: M\u00e4nnliche Gewalt weltweit immer noch eines der gr\u00f6\u00dften Gesundheitsrisikos f\u00fcr Frauen\"}]},{\"@type\":\"WebSite\",\"@id\":\"https:\/\/now-news.de\/de\/#website\",\"url\":\"https:\/\/now-news.de\/de\/\",\"name\":\"just-now.NEWS Deutschland\",\"description\":\"Das Portal f\u00fcr unzensierte Nachrichten aus der Welt\",\"publisher\":{\"@id\":\"https:\/\/now-news.de\/de\/#organization\"},\"potentialAction\":[{\"@type\":\"SearchAction\",\"target\":{\"@type\":\"EntryPoint\",\"urlTemplate\":\"https:\/\/now-news.de\/de\/?s={search_term_string}\"},\"query-input\":\"required name=search_term_string\"}],\"inLanguage\":\"de\"},{\"@type\":\"Organization\",\"@id\":\"https:\/\/now-news.de\/de\/#organization\",\"name\":\"Just Now News\",\"url\":\"https:\/\/now-news.de\/de\/\",\"logo\":{\"@type\":\"ImageObject\",\"inLanguage\":\"de\",\"@id\":\"https:\/\/now-news.de\/de\/#\/schema\/logo\/image\/\",\"url\":\"http:\/\/just-now.news\/de\/wp-content\/uploads\/sites\/3\/2022\/04\/logo500x500.jpg\",\"contentUrl\":\"http:\/\/just-now.news\/de\/wp-content\/uploads\/sites\/3\/2022\/04\/logo500x500.jpg\",\"width\":500,\"height\":500,\"caption\":\"Just Now News\"},\"image\":{\"@id\":\"https:\/\/now-news.de\/de\/#\/schema\/logo\/image\/\"},\"sameAs\":[\"https:\/\/www.facebook.com\/wirmachenauf\",\"https:\/\/x.com\/WirMachenAuf_de\"]},{\"@type\":\"Person\",\"@id\":\"https:\/\/now-news.de\/de\/#\/schema\/person\/fb534a4e865501d8b3285208df34a9b5\",\"name\":\"rtnews\",\"image\":{\"@type\":\"ImageObject\",\"inLanguage\":\"de\",\"@id\":\"https:\/\/now-news.de\/de\/#\/schema\/person\/image\/\",\"url\":\"https:\/\/secure.gravatar.com\/avatar\/82aafea7d8127119dd649515f56e2117?s=96&d=mm&r=g\",\"contentUrl\":\"https:\/\/secure.gravatar.com\/avatar\/82aafea7d8127119dd649515f56e2117?s=96&d=mm&r=g\",\"caption\":\"rtnews\"},\"url\":\"https:\/\/now-news.de\/de\/author\/rnews\/\"}]}<\/script>\n<!-- \/ Yoast SEO Premium plugin. -->","yoast_head_json":{"title":"WHO: M\u00e4nnliche Gewalt weltweit immer noch eines der gr\u00f6\u00dften Gesundheitsrisikos f\u00fcr Frauen - just-now.NEWS Deutschland","robots":{"index":"index","follow":"follow","max-snippet":"max-snippet:-1","max-image-preview":"max-image-preview:large","max-video-preview":"max-video-preview:-1"},"canonical":"https:\/\/now-news.de\/de\/deutschland\/who-maennliche-gewalt-weltweit-immer-noch-eines-der-groessten-gesundheitsrisikos-fuer-frauen\/","og_locale":"de_DE","og_type":"article","og_title":"WHO: M\u00e4nnliche Gewalt weltweit immer noch eines der gr\u00f6\u00dften Gesundheitsrisikos f\u00fcr Frauen","og_description":"Im Jahr 1981 wurde der 25. November zum Internationalen Tag gegen Gewalt an Frauen und M\u00e4dchen erkl\u00e4rt. Laut einem aktuellen WHO-Bericht erlebt weltweit fast jede dritte Frau im Laufe ihres Lebens Gewalt oder sexuelle Gewalt. Pro Tag wird in Deutschland eine Frau Opfer eines Mordversuchs durch ihren Partner. Von Felicitas Rabe Das B\u00fcndnis Lila in [&hellip;]","og_url":"https:\/\/now-news.de\/de\/deutschland\/who-maennliche-gewalt-weltweit-immer-noch-eines-der-groessten-gesundheitsrisikos-fuer-frauen\/","og_site_name":"just-now.NEWS Deutschland","article_publisher":"https:\/\/www.facebook.com\/wirmachenauf","article_published_time":"2025-11-29T17:14:42+00:00","og_image":[{"url":"https:\/\/now-news.de\/de\/wp-content\/uploads\/sites\/3\/2025\/11\/6926eb65b480cc180f79011e.jpg"}],"author":"rtnews","twitter_card":"summary_large_image","twitter_creator":"@WirMachenAuf_de","twitter_site":"@WirMachenAuf_de","twitter_misc":{"Verfasst von":"rtnews","Gesch\u00e4tzte Lesezeit":"4\u00a0Minuten"},"schema":{"@context":"https:\/\/schema.org","@graph":[{"@type":"Article","@id":"https:\/\/now-news.de\/de\/deutschland\/who-maennliche-gewalt-weltweit-immer-noch-eines-der-groessten-gesundheitsrisikos-fuer-frauen\/#article","isPartOf":{"@id":"https:\/\/now-news.de\/de\/deutschland\/who-maennliche-gewalt-weltweit-immer-noch-eines-der-groessten-gesundheitsrisikos-fuer-frauen\/"},"author":{"name":"rtnews","@id":"https:\/\/now-news.de\/de\/#\/schema\/person\/fb534a4e865501d8b3285208df34a9b5"},"headline":"WHO: M\u00e4nnliche Gewalt weltweit immer noch eines der gr\u00f6\u00dften Gesundheitsrisikos f\u00fcr Frauen","datePublished":"2025-11-29T17:14:42+00:00","dateModified":"2025-11-29T17:14:42+00:00","mainEntityOfPage":{"@id":"https:\/\/now-news.de\/de\/deutschland\/who-maennliche-gewalt-weltweit-immer-noch-eines-der-groessten-gesundheitsrisikos-fuer-frauen\/"},"wordCount":868,"commentCount":0,"publisher":{"@id":"https:\/\/now-news.de\/de\/#organization"},"image":{"@id":"https:\/\/now-news.de\/de\/deutschland\/who-maennliche-gewalt-weltweit-immer-noch-eines-der-groessten-gesundheitsrisikos-fuer-frauen\/#primaryimage"},"thumbnailUrl":"https:\/\/now-news.de\/de\/wp-content\/uploads\/sites\/3\/2025\/11\/WHO-Maennliche-Gewalt-weltweit-immer-noch-eines-der-groessten-Gesundheitsrisikos.jpg","keywords":["der","eines","Frauen","f\u00fcr","Gesundheitsrisikos","Gewalt","gr\u00f6\u00dften","Immer","m\u00e4nnliche","noch","weltweit"],"articleSection":["Deutschland","Russland"],"inLanguage":"de","potentialAction":[{"@type":"CommentAction","name":"Comment","target":["https:\/\/now-news.de\/de\/deutschland\/who-maennliche-gewalt-weltweit-immer-noch-eines-der-groessten-gesundheitsrisikos-fuer-frauen\/#respond"]}]},{"@type":"WebPage","@id":"https:\/\/now-news.de\/de\/deutschland\/who-maennliche-gewalt-weltweit-immer-noch-eines-der-groessten-gesundheitsrisikos-fuer-frauen\/","url":"https:\/\/now-news.de\/de\/deutschland\/who-maennliche-gewalt-weltweit-immer-noch-eines-der-groessten-gesundheitsrisikos-fuer-frauen\/","name":"WHO: M\u00e4nnliche Gewalt weltweit immer noch eines der gr\u00f6\u00dften Gesundheitsrisikos f\u00fcr Frauen - just-now.NEWS Deutschland","isPartOf":{"@id":"https:\/\/now-news.de\/de\/#website"},"primaryImageOfPage":{"@id":"https:\/\/now-news.de\/de\/deutschland\/who-maennliche-gewalt-weltweit-immer-noch-eines-der-groessten-gesundheitsrisikos-fuer-frauen\/#primaryimage"},"image":{"@id":"https:\/\/now-news.de\/de\/deutschland\/who-maennliche-gewalt-weltweit-immer-noch-eines-der-groessten-gesundheitsrisikos-fuer-frauen\/#primaryimage"},"thumbnailUrl":"https:\/\/now-news.de\/de\/wp-content\/uploads\/sites\/3\/2025\/11\/WHO-Maennliche-Gewalt-weltweit-immer-noch-eines-der-groessten-Gesundheitsrisikos.jpg","datePublished":"2025-11-29T17:14:42+00:00","dateModified":"2025-11-29T17:14:42+00:00","breadcrumb":{"@id":"https:\/\/now-news.de\/de\/deutschland\/who-maennliche-gewalt-weltweit-immer-noch-eines-der-groessten-gesundheitsrisikos-fuer-frauen\/#breadcrumb"},"inLanguage":"de","potentialAction":[{"@type":"ReadAction","target":["https:\/\/now-news.de\/de\/deutschland\/who-maennliche-gewalt-weltweit-immer-noch-eines-der-groessten-gesundheitsrisikos-fuer-frauen\/"]}]},{"@type":"ImageObject","inLanguage":"de","@id":"https:\/\/now-news.de\/de\/deutschland\/who-maennliche-gewalt-weltweit-immer-noch-eines-der-groessten-gesundheitsrisikos-fuer-frauen\/#primaryimage","url":"https:\/\/now-news.de\/de\/wp-content\/uploads\/sites\/3\/2025\/11\/WHO-Maennliche-Gewalt-weltweit-immer-noch-eines-der-groessten-Gesundheitsrisikos.jpg","contentUrl":"https:\/\/now-news.de\/de\/wp-content\/uploads\/sites\/3\/2025\/11\/WHO-Maennliche-Gewalt-weltweit-immer-noch-eines-der-groessten-Gesundheitsrisikos.jpg","width":1280,"height":960,"caption":"WHO: M\u00e4nnliche Gewalt weltweit immer noch eines der gr\u00f6\u00dften Gesundheitsrisikos f\u00fcr Frauen"},{"@type":"BreadcrumbList","@id":"https:\/\/now-news.de\/de\/deutschland\/who-maennliche-gewalt-weltweit-immer-noch-eines-der-groessten-gesundheitsrisikos-fuer-frauen\/#breadcrumb","itemListElement":[{"@type":"ListItem","position":1,"name":"Home","item":"https:\/\/now-news.de\/de\/"},{"@type":"ListItem","position":2,"name":"WHO: M\u00e4nnliche Gewalt weltweit immer noch eines der gr\u00f6\u00dften Gesundheitsrisikos f\u00fcr Frauen"}]},{"@type":"WebSite","@id":"https:\/\/now-news.de\/de\/#website","url":"https:\/\/now-news.de\/de\/","name":"just-now.NEWS Deutschland","description":"Das Portal f\u00fcr unzensierte Nachrichten aus der Welt","publisher":{"@id":"https:\/\/now-news.de\/de\/#organization"},"potentialAction":[{"@type":"SearchAction","target":{"@type":"EntryPoint","urlTemplate":"https:\/\/now-news.de\/de\/?s={search_term_string}"},"query-input":"required name=search_term_string"}],"inLanguage":"de"},{"@type":"Organization","@id":"https:\/\/now-news.de\/de\/#organization","name":"Just Now News","url":"https:\/\/now-news.de\/de\/","logo":{"@type":"ImageObject","inLanguage":"de","@id":"https:\/\/now-news.de\/de\/#\/schema\/logo\/image\/","url":"http:\/\/just-now.news\/de\/wp-content\/uploads\/sites\/3\/2022\/04\/logo500x500.jpg","contentUrl":"http:\/\/just-now.news\/de\/wp-content\/uploads\/sites\/3\/2022\/04\/logo500x500.jpg","width":500,"height":500,"caption":"Just Now News"},"image":{"@id":"https:\/\/now-news.de\/de\/#\/schema\/logo\/image\/"},"sameAs":["https:\/\/www.facebook.com\/wirmachenauf","https:\/\/x.com\/WirMachenAuf_de"]},{"@type":"Person","@id":"https:\/\/now-news.de\/de\/#\/schema\/person\/fb534a4e865501d8b3285208df34a9b5","name":"rtnews","image":{"@type":"ImageObject","inLanguage":"de","@id":"https:\/\/now-news.de\/de\/#\/schema\/person\/image\/","url":"https:\/\/secure.gravatar.com\/avatar\/82aafea7d8127119dd649515f56e2117?s=96&d=mm&r=g","contentUrl":"https:\/\/secure.gravatar.com\/avatar\/82aafea7d8127119dd649515f56e2117?s=96&d=mm&r=g","caption":"rtnews"},"url":"https:\/\/now-news.de\/de\/author\/rnews\/"}]}},"_links":{"self":[{"href":"https:\/\/now-news.de\/de\/wp-json\/wp\/v2\/posts\/94890"}],"collection":[{"href":"https:\/\/now-news.de\/de\/wp-json\/wp\/v2\/posts"}],"about":[{"href":"https:\/\/now-news.de\/de\/wp-json\/wp\/v2\/types\/post"}],"author":[{"embeddable":true,"href":"https:\/\/now-news.de\/de\/wp-json\/wp\/v2\/users\/3"}],"replies":[{"embeddable":true,"href":"https:\/\/now-news.de\/de\/wp-json\/wp\/v2\/comments?post=94890"}],"version-history":[{"count":0,"href":"https:\/\/now-news.de\/de\/wp-json\/wp\/v2\/posts\/94890\/revisions"}],"wp:featuredmedia":[{"embeddable":true,"href":"https:\/\/now-news.de\/de\/wp-json\/wp\/v2\/media\/94891"}],"wp:attachment":[{"href":"https:\/\/now-news.de\/de\/wp-json\/wp\/v2\/media?parent=94890"}],"wp:term":[{"taxonomy":"category","embeddable":true,"href":"https:\/\/now-news.de\/de\/wp-json\/wp\/v2\/categories?post=94890"},{"taxonomy":"post_tag","embeddable":true,"href":"https:\/\/now-news.de\/de\/wp-json\/wp\/v2\/tags?post=94890"}],"curies":[{"name":"wp","href":"https:\/\/api.w.org\/{rel}","templated":true}]}}