{"id":94886,"date":"2025-11-29T18:45:42","date_gmt":"2025-11-29T16:45:42","guid":{"rendered":"https:\/\/now-news.de\/de\/deutschland\/trump-luftraum-ueber-venezuela-als-gesperrt-betrachten\/"},"modified":"2025-11-29T18:45:42","modified_gmt":"2025-11-29T16:45:42","slug":"trump-luftraum-ueber-venezuela-als-gesperrt-betrachten","status":"publish","type":"post","link":"https:\/\/now-news.de\/de\/deutschland\/trump-luftraum-ueber-venezuela-als-gesperrt-betrachten\/","title":{"rendered":"Trump: Luftraum \u00fcber Venezuela als gesperrt betrachten"},"content":{"rendered":"<p><img decoding=\"async\" src=\"https:\/\/now-news.de\/de\/wp-content\/uploads\/sites\/3\/2025\/11\/692b194cb480cc70b06a5886.jpg\" \/><\/p>\n<div class=\"Text-root Text-type_1 \">\n                Donald Trump erkl\u00e4rte am Samstag, dass der Luftraum \u00fcber und um Venezuela als &#8220;vollst\u00e4ndig gesperrt&#8221; zu betrachten sei. Weitere Details gab er nicht bekannt. Weder die Pressestelle der venezolanischen Regierung noch das US-Kriegsministerium reagierten bislang auf Anfragen.\n            <\/div>\n<p><\/p>\n<div class=\"Text-root Text-type_5 ArticleView-text ViewText-root \">\n<p>In einer <a rel=\"nofollow noopener\" target=\"_blank\" href=\"https:\/\/truthsocial.com\/@realDonaldTrump\/posts\/115633174669225455\">Nachricht auf Truth Social<\/a> teilte US-Pr\u00e4sident Donald Trump am Samstag mit: &#8220;An alle Fluggesellschaften, Piloten, Drogenh\u00e4ndler und Menschenh\u00e4ndler: Bitte betrachten Sie den Luftraum \u00fcber und um Venezuela als vollst\u00e4ndig geschlossen.&#8221;<\/p>\n<p>Nach einer entsprechenden <em>Reuters-<\/em><a rel=\"nofollow noopener\" target=\"_blank\" href=\"https:\/\/www.reuters.com\/world\/americas\/trump-says-airspace-above-surrounding-venezuela-be-closed-its-entirety-2025-11-29\/\">Meldung<\/a>\u00a0hat das f\u00fcr Presseanfragen zust\u00e4ndige venezolanische Kommunikationsministerium eine Anfrage zu Trumps Beitrag zun\u00e4chst nicht beantwortet. Das US-Kriegsministerium habe auch nicht reagiert.<\/p>\n<p>Seit Monaten f\u00fchren die USA Angriffe gegen mutma\u00dfliche Drogenboote in der Karibik durch und verst\u00e4rken ihre milit\u00e4rische Pr\u00e4senz in der Region. Trump hatte verdeckte CIA-Operationen in Venezuela genehmigt.<\/p>\n<p>Der Pr\u00e4sident teilte Angeh\u00f6rigen der US-Streitkr\u00e4fte in der vergangenen Woche mit, dass die USA &#8220;sehr bald&#8221; mit Landoperationen beginnen w\u00fcrden. Damit wolle sie mutma\u00dfliche venezolanische Drogenh\u00e4ndler stoppen.<\/p>\n<p>Erst in der letzten Woche warnte die US-Luftfahrtbeh\u00f6rde gro\u00dfe Fluggesellschaften vor einer &#8220;potenziell gef\u00e4hrlichen Situation&#8221; beim \u00dcberfliegen Venezuelas. &#8220;In oder um&#8221; das s\u00fcdamerikanische Land herrsche eine &#8220;sich verschlechternde Sicherheitslage und verst\u00e4rkte milit\u00e4rische Aktivit\u00e4ten&#8221;, so die Beh\u00f6rde. Venezuela hat sechs gro\u00dfen internationalen Fluggesellschaften, die nach einer Warnung der US-Luftfahrtbeh\u00f6rde FAA ihre Fl\u00fcge in das Land eingestellt hatten, die Betriebsrechte entzogen.<\/p>\n<p>Die Trump-Regierung beschuldigt Nicol\u00e1s Maduro, er sei in den Drogenhandel verwickelt. \u00a0Dies weist der venezolanische Pr\u00e4sident zur\u00fcck. Ihm zufolge will Trump ihn st\u00fcrzen. Maduro erkl\u00e4rte, dass die venezolanischen B\u00fcrger und das Milit\u00e4r sich jedem Umsturzversuch widersetzen w\u00fcrden.<\/p>\n<p>Laut <em>Reuters<\/em> sollen sich die US-Streitkr\u00e4fte in der Region bisher auf Drogenbek\u00e4mpfungsma\u00dfnahmen konzentriert haben, obwohl die eingesetzte Feuerkraft weit \u00fcber das daf\u00fcr erforderliche Ma\u00df hinausgehe. Seit September haben sie mindestens 21 Angriffe auf mutma\u00dfliche Drogenboote in der Karibik und im Pazifik durchgef\u00fchrt, bei denen mindestens 83 Menschen get\u00f6tet wurden.<\/p>\n<p><strong>Mehr zum Thema \u2013\u00a0<\/strong><a rel=\"nofollow noopener\" target=\"_blank\" href=\"https:\/\/freedert.online\/meinung\/262847-donald-trump-yankee-konquistador-fuer\/\">Donald Trump \u2013 Der Yankee-Konquistador f\u00fcr Mittel- und S\u00fcdamerika <\/a><\/p>\n<div class=\"EmbedBlock-root EmbedBlock-externalVideo EmbedBlock-rumble\">\n<div class=\"VkEmbed\"><iframe class=\"lazyload\" data-src=\"https:\/\/rumble.com\/embed\/v6zuwli\" frameborder=\"0\" width=\"853\" height=\"480\" allowfullscreen><\/iframe><\/div>\n<\/div>\n<\/div>\n<p><br \/>\n<br \/><a href=\"https:\/\/de.rt.com\/amerika\/263359-trump-luftraum-ueber-venezuela-als-gesperrt-betrachten\/\">Source link <\/a><\/p>\n","protected":false},"excerpt":{"rendered":"<p>Donald Trump erkl\u00e4rte am Samstag, dass der Luftraum \u00fcber und um Venezuela als &#8220;vollst\u00e4ndig gesperrt&#8221; zu betrachten sei. Weitere Details gab er nicht bekannt. Weder die Pressestelle der venezolanischen Regierung noch das US-Kriegsministerium reagierten bislang auf Anfragen. In einer Nachricht auf Truth Social teilte US-Pr\u00e4sident Donald Trump am Samstag mit: &#8220;An alle Fluggesellschaften, Piloten, Drogenh\u00e4ndler [&hellip;]<\/p>\n","protected":false},"author":3,"featured_media":94887,"comment_status":"open","ping_status":"open","sticky":false,"template":"","format":"standard","meta":{"_yoast_indexnow_last_ping":["1764435174"],"wp_automatic_camp":["217"],"7c9cf40211e99e105ef3884b465ce3ca":["Trump: Luftraum \u00fcber Venezuela als gesperrt betrachten"],"original_link":["https:\/\/de.rt.com\/amerika\/263359-trump-luftraum-ueber-venezuela-als-gesperrt-betrachten\/"],"_thumbnail_id":["94887"],"jnews_social_counter_last_update":["1777160880"],"_wptgpro_p2tg_sent2tg":["a:1:{i:23737;s:19:\"2025-11-29 18:53:55\";}"]},"categories":[19,23],"tags":[273,41198,17339,9895,1639,139,18708],"yoast_head":"<!-- This site is optimized with the Yoast SEO Premium plugin v22.7 (Yoast SEO v22.7) - https:\/\/yoast.com\/wordpress\/plugins\/seo\/ -->\n<title>Trump: Luftraum \u00fcber Venezuela als gesperrt betrachten - just-now.NEWS Deutschland<\/title>\n<meta name=\"robots\" content=\"index, follow, max-snippet:-1, max-image-preview:large, max-video-preview:-1\" \/>\n<link rel=\"canonical\" href=\"https:\/\/now-news.de\/de\/deutschland\/trump-luftraum-ueber-venezuela-als-gesperrt-betrachten\/\" \/>\n<meta property=\"og:locale\" content=\"de_DE\" \/>\n<meta property=\"og:type\" content=\"article\" \/>\n<meta property=\"og:title\" content=\"Trump: Luftraum \u00fcber Venezuela als gesperrt betrachten\" \/>\n<meta property=\"og:description\" content=\"Donald Trump erkl\u00e4rte am Samstag, dass der Luftraum \u00fcber und um Venezuela als &#8220;vollst\u00e4ndig gesperrt&#8221; zu betrachten sei. Weitere Details gab er nicht bekannt. Weder die Pressestelle der venezolanischen Regierung noch das US-Kriegsministerium reagierten bislang auf Anfragen. In einer Nachricht auf Truth Social teilte US-Pr\u00e4sident Donald Trump am Samstag mit: &#8220;An alle Fluggesellschaften, Piloten, Drogenh\u00e4ndler [&hellip;]\" \/>\n<meta property=\"og:url\" content=\"https:\/\/now-news.de\/de\/deutschland\/trump-luftraum-ueber-venezuela-als-gesperrt-betrachten\/\" \/>\n<meta property=\"og:site_name\" content=\"just-now.NEWS Deutschland\" \/>\n<meta property=\"article:publisher\" content=\"https:\/\/www.facebook.com\/wirmachenauf\" \/>\n<meta property=\"article:published_time\" content=\"2025-11-29T16:45:42+00:00\" \/>\n<meta property=\"og:image\" content=\"https:\/\/now-news.de\/de\/wp-content\/uploads\/sites\/3\/2025\/11\/692b194cb480cc70b06a5886.jpg\" \/>\n<meta name=\"author\" content=\"rtnews\" \/>\n<meta name=\"twitter:card\" content=\"summary_large_image\" \/>\n<meta name=\"twitter:creator\" content=\"@WirMachenAuf_de\" \/>\n<meta name=\"twitter:site\" content=\"@WirMachenAuf_de\" \/>\n<meta name=\"twitter:label1\" content=\"Verfasst von\" \/>\n\t<meta name=\"twitter:data1\" content=\"rtnews\" \/>\n\t<meta name=\"twitter:label2\" content=\"Gesch\u00e4tzte Lesezeit\" \/>\n\t<meta name=\"twitter:data2\" content=\"2\u00a0Minuten\" \/>\n<script type=\"application\/ld+json\" class=\"yoast-schema-graph\">{\"@context\":\"https:\/\/schema.org\",\"@graph\":[{\"@type\":\"Article\",\"@id\":\"https:\/\/now-news.de\/de\/deutschland\/trump-luftraum-ueber-venezuela-als-gesperrt-betrachten\/#article\",\"isPartOf\":{\"@id\":\"https:\/\/now-news.de\/de\/deutschland\/trump-luftraum-ueber-venezuela-als-gesperrt-betrachten\/\"},\"author\":{\"name\":\"rtnews\",\"@id\":\"https:\/\/now-news.de\/de\/#\/schema\/person\/fb534a4e865501d8b3285208df34a9b5\"},\"headline\":\"Trump: Luftraum \u00fcber Venezuela als gesperrt betrachten\",\"datePublished\":\"2025-11-29T16:45:42+00:00\",\"dateModified\":\"2025-11-29T16:45:42+00:00\",\"mainEntityOfPage\":{\"@id\":\"https:\/\/now-news.de\/de\/deutschland\/trump-luftraum-ueber-venezuela-als-gesperrt-betrachten\/\"},\"wordCount\":362,\"commentCount\":0,\"publisher\":{\"@id\":\"https:\/\/now-news.de\/de\/#organization\"},\"image\":{\"@id\":\"https:\/\/now-news.de\/de\/deutschland\/trump-luftraum-ueber-venezuela-als-gesperrt-betrachten\/#primaryimage\"},\"thumbnailUrl\":\"https:\/\/now-news.de\/de\/wp-content\/uploads\/sites\/3\/2025\/11\/Trump-Luftraum-ueber-Venezuela-als-gesperrt-betrachten.jpg\",\"keywords\":[\"als\",\"betrachten\",\"gesperrt\",\"Luftraum\",\"trump\",\"\u00fcber\",\"Venezuela\"],\"articleSection\":[\"Deutschland\",\"Russland\"],\"inLanguage\":\"de\",\"potentialAction\":[{\"@type\":\"CommentAction\",\"name\":\"Comment\",\"target\":[\"https:\/\/now-news.de\/de\/deutschland\/trump-luftraum-ueber-venezuela-als-gesperrt-betrachten\/#respond\"]}]},{\"@type\":\"WebPage\",\"@id\":\"https:\/\/now-news.de\/de\/deutschland\/trump-luftraum-ueber-venezuela-als-gesperrt-betrachten\/\",\"url\":\"https:\/\/now-news.de\/de\/deutschland\/trump-luftraum-ueber-venezuela-als-gesperrt-betrachten\/\",\"name\":\"Trump: Luftraum \u00fcber Venezuela als gesperrt betrachten - just-now.NEWS Deutschland\",\"isPartOf\":{\"@id\":\"https:\/\/now-news.de\/de\/#website\"},\"primaryImageOfPage\":{\"@id\":\"https:\/\/now-news.de\/de\/deutschland\/trump-luftraum-ueber-venezuela-als-gesperrt-betrachten\/#primaryimage\"},\"image\":{\"@id\":\"https:\/\/now-news.de\/de\/deutschland\/trump-luftraum-ueber-venezuela-als-gesperrt-betrachten\/#primaryimage\"},\"thumbnailUrl\":\"https:\/\/now-news.de\/de\/wp-content\/uploads\/sites\/3\/2025\/11\/Trump-Luftraum-ueber-Venezuela-als-gesperrt-betrachten.jpg\",\"datePublished\":\"2025-11-29T16:45:42+00:00\",\"dateModified\":\"2025-11-29T16:45:42+00:00\",\"breadcrumb\":{\"@id\":\"https:\/\/now-news.de\/de\/deutschland\/trump-luftraum-ueber-venezuela-als-gesperrt-betrachten\/#breadcrumb\"},\"inLanguage\":\"de\",\"potentialAction\":[{\"@type\":\"ReadAction\",\"target\":[\"https:\/\/now-news.de\/de\/deutschland\/trump-luftraum-ueber-venezuela-als-gesperrt-betrachten\/\"]}]},{\"@type\":\"ImageObject\",\"inLanguage\":\"de\",\"@id\":\"https:\/\/now-news.de\/de\/deutschland\/trump-luftraum-ueber-venezuela-als-gesperrt-betrachten\/#primaryimage\",\"url\":\"https:\/\/now-news.de\/de\/wp-content\/uploads\/sites\/3\/2025\/11\/Trump-Luftraum-ueber-Venezuela-als-gesperrt-betrachten.jpg\",\"contentUrl\":\"https:\/\/now-news.de\/de\/wp-content\/uploads\/sites\/3\/2025\/11\/Trump-Luftraum-ueber-Venezuela-als-gesperrt-betrachten.jpg\",\"width\":460,\"height\":259,\"caption\":\"Trump: Luftraum \u00fcber Venezuela als gesperrt betrachten\"},{\"@type\":\"BreadcrumbList\",\"@id\":\"https:\/\/now-news.de\/de\/deutschland\/trump-luftraum-ueber-venezuela-als-gesperrt-betrachten\/#breadcrumb\",\"itemListElement\":[{\"@type\":\"ListItem\",\"position\":1,\"name\":\"Home\",\"item\":\"https:\/\/now-news.de\/de\/\"},{\"@type\":\"ListItem\",\"position\":2,\"name\":\"Trump: Luftraum \u00fcber Venezuela als gesperrt betrachten\"}]},{\"@type\":\"WebSite\",\"@id\":\"https:\/\/now-news.de\/de\/#website\",\"url\":\"https:\/\/now-news.de\/de\/\",\"name\":\"just-now.NEWS Deutschland\",\"description\":\"Das Portal f\u00fcr unzensierte Nachrichten aus der Welt\",\"publisher\":{\"@id\":\"https:\/\/now-news.de\/de\/#organization\"},\"potentialAction\":[{\"@type\":\"SearchAction\",\"target\":{\"@type\":\"EntryPoint\",\"urlTemplate\":\"https:\/\/now-news.de\/de\/?s={search_term_string}\"},\"query-input\":\"required name=search_term_string\"}],\"inLanguage\":\"de\"},{\"@type\":\"Organization\",\"@id\":\"https:\/\/now-news.de\/de\/#organization\",\"name\":\"Just Now News\",\"url\":\"https:\/\/now-news.de\/de\/\",\"logo\":{\"@type\":\"ImageObject\",\"inLanguage\":\"de\",\"@id\":\"https:\/\/now-news.de\/de\/#\/schema\/logo\/image\/\",\"url\":\"http:\/\/just-now.news\/de\/wp-content\/uploads\/sites\/3\/2022\/04\/logo500x500.jpg\",\"contentUrl\":\"http:\/\/just-now.news\/de\/wp-content\/uploads\/sites\/3\/2022\/04\/logo500x500.jpg\",\"width\":500,\"height\":500,\"caption\":\"Just Now News\"},\"image\":{\"@id\":\"https:\/\/now-news.de\/de\/#\/schema\/logo\/image\/\"},\"sameAs\":[\"https:\/\/www.facebook.com\/wirmachenauf\",\"https:\/\/x.com\/WirMachenAuf_de\"]},{\"@type\":\"Person\",\"@id\":\"https:\/\/now-news.de\/de\/#\/schema\/person\/fb534a4e865501d8b3285208df34a9b5\",\"name\":\"rtnews\",\"image\":{\"@type\":\"ImageObject\",\"inLanguage\":\"de\",\"@id\":\"https:\/\/now-news.de\/de\/#\/schema\/person\/image\/\",\"url\":\"https:\/\/secure.gravatar.com\/avatar\/82aafea7d8127119dd649515f56e2117?s=96&d=mm&r=g\",\"contentUrl\":\"https:\/\/secure.gravatar.com\/avatar\/82aafea7d8127119dd649515f56e2117?s=96&d=mm&r=g\",\"caption\":\"rtnews\"},\"url\":\"https:\/\/now-news.de\/de\/author\/rnews\/\"}]}<\/script>\n<!-- \/ Yoast SEO Premium plugin. -->","yoast_head_json":{"title":"Trump: Luftraum \u00fcber Venezuela als gesperrt betrachten - just-now.NEWS Deutschland","robots":{"index":"index","follow":"follow","max-snippet":"max-snippet:-1","max-image-preview":"max-image-preview:large","max-video-preview":"max-video-preview:-1"},"canonical":"https:\/\/now-news.de\/de\/deutschland\/trump-luftraum-ueber-venezuela-als-gesperrt-betrachten\/","og_locale":"de_DE","og_type":"article","og_title":"Trump: Luftraum \u00fcber Venezuela als gesperrt betrachten","og_description":"Donald Trump erkl\u00e4rte am Samstag, dass der Luftraum \u00fcber und um Venezuela als &#8220;vollst\u00e4ndig gesperrt&#8221; zu betrachten sei. Weitere Details gab er nicht bekannt. Weder die Pressestelle der venezolanischen Regierung noch das US-Kriegsministerium reagierten bislang auf Anfragen. In einer Nachricht auf Truth Social teilte US-Pr\u00e4sident Donald Trump am Samstag mit: &#8220;An alle Fluggesellschaften, Piloten, Drogenh\u00e4ndler [&hellip;]","og_url":"https:\/\/now-news.de\/de\/deutschland\/trump-luftraum-ueber-venezuela-als-gesperrt-betrachten\/","og_site_name":"just-now.NEWS Deutschland","article_publisher":"https:\/\/www.facebook.com\/wirmachenauf","article_published_time":"2025-11-29T16:45:42+00:00","og_image":[{"url":"https:\/\/now-news.de\/de\/wp-content\/uploads\/sites\/3\/2025\/11\/692b194cb480cc70b06a5886.jpg"}],"author":"rtnews","twitter_card":"summary_large_image","twitter_creator":"@WirMachenAuf_de","twitter_site":"@WirMachenAuf_de","twitter_misc":{"Verfasst von":"rtnews","Gesch\u00e4tzte Lesezeit":"2\u00a0Minuten"},"schema":{"@context":"https:\/\/schema.org","@graph":[{"@type":"Article","@id":"https:\/\/now-news.de\/de\/deutschland\/trump-luftraum-ueber-venezuela-als-gesperrt-betrachten\/#article","isPartOf":{"@id":"https:\/\/now-news.de\/de\/deutschland\/trump-luftraum-ueber-venezuela-als-gesperrt-betrachten\/"},"author":{"name":"rtnews","@id":"https:\/\/now-news.de\/de\/#\/schema\/person\/fb534a4e865501d8b3285208df34a9b5"},"headline":"Trump: Luftraum \u00fcber Venezuela als gesperrt betrachten","datePublished":"2025-11-29T16:45:42+00:00","dateModified":"2025-11-29T16:45:42+00:00","mainEntityOfPage":{"@id":"https:\/\/now-news.de\/de\/deutschland\/trump-luftraum-ueber-venezuela-als-gesperrt-betrachten\/"},"wordCount":362,"commentCount":0,"publisher":{"@id":"https:\/\/now-news.de\/de\/#organization"},"image":{"@id":"https:\/\/now-news.de\/de\/deutschland\/trump-luftraum-ueber-venezuela-als-gesperrt-betrachten\/#primaryimage"},"thumbnailUrl":"https:\/\/now-news.de\/de\/wp-content\/uploads\/sites\/3\/2025\/11\/Trump-Luftraum-ueber-Venezuela-als-gesperrt-betrachten.jpg","keywords":["als","betrachten","gesperrt","Luftraum","trump","\u00fcber","Venezuela"],"articleSection":["Deutschland","Russland"],"inLanguage":"de","potentialAction":[{"@type":"CommentAction","name":"Comment","target":["https:\/\/now-news.de\/de\/deutschland\/trump-luftraum-ueber-venezuela-als-gesperrt-betrachten\/#respond"]}]},{"@type":"WebPage","@id":"https:\/\/now-news.de\/de\/deutschland\/trump-luftraum-ueber-venezuela-als-gesperrt-betrachten\/","url":"https:\/\/now-news.de\/de\/deutschland\/trump-luftraum-ueber-venezuela-als-gesperrt-betrachten\/","name":"Trump: Luftraum \u00fcber Venezuela als gesperrt betrachten - just-now.NEWS Deutschland","isPartOf":{"@id":"https:\/\/now-news.de\/de\/#website"},"primaryImageOfPage":{"@id":"https:\/\/now-news.de\/de\/deutschland\/trump-luftraum-ueber-venezuela-als-gesperrt-betrachten\/#primaryimage"},"image":{"@id":"https:\/\/now-news.de\/de\/deutschland\/trump-luftraum-ueber-venezuela-als-gesperrt-betrachten\/#primaryimage"},"thumbnailUrl":"https:\/\/now-news.de\/de\/wp-content\/uploads\/sites\/3\/2025\/11\/Trump-Luftraum-ueber-Venezuela-als-gesperrt-betrachten.jpg","datePublished":"2025-11-29T16:45:42+00:00","dateModified":"2025-11-29T16:45:42+00:00","breadcrumb":{"@id":"https:\/\/now-news.de\/de\/deutschland\/trump-luftraum-ueber-venezuela-als-gesperrt-betrachten\/#breadcrumb"},"inLanguage":"de","potentialAction":[{"@type":"ReadAction","target":["https:\/\/now-news.de\/de\/deutschland\/trump-luftraum-ueber-venezuela-als-gesperrt-betrachten\/"]}]},{"@type":"ImageObject","inLanguage":"de","@id":"https:\/\/now-news.de\/de\/deutschland\/trump-luftraum-ueber-venezuela-als-gesperrt-betrachten\/#primaryimage","url":"https:\/\/now-news.de\/de\/wp-content\/uploads\/sites\/3\/2025\/11\/Trump-Luftraum-ueber-Venezuela-als-gesperrt-betrachten.jpg","contentUrl":"https:\/\/now-news.de\/de\/wp-content\/uploads\/sites\/3\/2025\/11\/Trump-Luftraum-ueber-Venezuela-als-gesperrt-betrachten.jpg","width":460,"height":259,"caption":"Trump: Luftraum \u00fcber Venezuela als gesperrt betrachten"},{"@type":"BreadcrumbList","@id":"https:\/\/now-news.de\/de\/deutschland\/trump-luftraum-ueber-venezuela-als-gesperrt-betrachten\/#breadcrumb","itemListElement":[{"@type":"ListItem","position":1,"name":"Home","item":"https:\/\/now-news.de\/de\/"},{"@type":"ListItem","position":2,"name":"Trump: Luftraum \u00fcber Venezuela als gesperrt betrachten"}]},{"@type":"WebSite","@id":"https:\/\/now-news.de\/de\/#website","url":"https:\/\/now-news.de\/de\/","name":"just-now.NEWS Deutschland","description":"Das Portal f\u00fcr unzensierte Nachrichten aus der Welt","publisher":{"@id":"https:\/\/now-news.de\/de\/#organization"},"potentialAction":[{"@type":"SearchAction","target":{"@type":"EntryPoint","urlTemplate":"https:\/\/now-news.de\/de\/?s={search_term_string}"},"query-input":"required name=search_term_string"}],"inLanguage":"de"},{"@type":"Organization","@id":"https:\/\/now-news.de\/de\/#organization","name":"Just Now News","url":"https:\/\/now-news.de\/de\/","logo":{"@type":"ImageObject","inLanguage":"de","@id":"https:\/\/now-news.de\/de\/#\/schema\/logo\/image\/","url":"http:\/\/just-now.news\/de\/wp-content\/uploads\/sites\/3\/2022\/04\/logo500x500.jpg","contentUrl":"http:\/\/just-now.news\/de\/wp-content\/uploads\/sites\/3\/2022\/04\/logo500x500.jpg","width":500,"height":500,"caption":"Just Now News"},"image":{"@id":"https:\/\/now-news.de\/de\/#\/schema\/logo\/image\/"},"sameAs":["https:\/\/www.facebook.com\/wirmachenauf","https:\/\/x.com\/WirMachenAuf_de"]},{"@type":"Person","@id":"https:\/\/now-news.de\/de\/#\/schema\/person\/fb534a4e865501d8b3285208df34a9b5","name":"rtnews","image":{"@type":"ImageObject","inLanguage":"de","@id":"https:\/\/now-news.de\/de\/#\/schema\/person\/image\/","url":"https:\/\/secure.gravatar.com\/avatar\/82aafea7d8127119dd649515f56e2117?s=96&d=mm&r=g","contentUrl":"https:\/\/secure.gravatar.com\/avatar\/82aafea7d8127119dd649515f56e2117?s=96&d=mm&r=g","caption":"rtnews"},"url":"https:\/\/now-news.de\/de\/author\/rnews\/"}]}},"_links":{"self":[{"href":"https:\/\/now-news.de\/de\/wp-json\/wp\/v2\/posts\/94886"}],"collection":[{"href":"https:\/\/now-news.de\/de\/wp-json\/wp\/v2\/posts"}],"about":[{"href":"https:\/\/now-news.de\/de\/wp-json\/wp\/v2\/types\/post"}],"author":[{"embeddable":true,"href":"https:\/\/now-news.de\/de\/wp-json\/wp\/v2\/users\/3"}],"replies":[{"embeddable":true,"href":"https:\/\/now-news.de\/de\/wp-json\/wp\/v2\/comments?post=94886"}],"version-history":[{"count":0,"href":"https:\/\/now-news.de\/de\/wp-json\/wp\/v2\/posts\/94886\/revisions"}],"wp:featuredmedia":[{"embeddable":true,"href":"https:\/\/now-news.de\/de\/wp-json\/wp\/v2\/media\/94887"}],"wp:attachment":[{"href":"https:\/\/now-news.de\/de\/wp-json\/wp\/v2\/media?parent=94886"}],"wp:term":[{"taxonomy":"category","embeddable":true,"href":"https:\/\/now-news.de\/de\/wp-json\/wp\/v2\/categories?post=94886"},{"taxonomy":"post_tag","embeddable":true,"href":"https:\/\/now-news.de\/de\/wp-json\/wp\/v2\/tags?post=94886"}],"curies":[{"name":"wp","href":"https:\/\/api.w.org\/{rel}","templated":true}]}}