{"id":94882,"date":"2025-11-29T17:26:56","date_gmt":"2025-11-29T15:26:56","guid":{"rendered":"https:\/\/now-news.de\/de\/deutschland\/jean-pascal-hohm-zum-vorsitzenden-von-generation-deutschland-gewaehlt\/"},"modified":"2025-11-29T17:26:56","modified_gmt":"2025-11-29T15:26:56","slug":"jean-pascal-hohm-zum-vorsitzenden-von-generation-deutschland-gewaehlt","status":"publish","type":"post","link":"https:\/\/now-news.de\/de\/deutschland\/jean-pascal-hohm-zum-vorsitzenden-von-generation-deutschland-gewaehlt\/","title":{"rendered":"Jean-Pascal Hohm zum Vorsitzenden von &quot;Generation Deutschland&quot; gew\u00e4hlt"},"content":{"rendered":"<p><img decoding=\"async\" src=\"https:\/\/now-news.de\/de\/wp-content\/uploads\/sites\/3\/2025\/11\/692b09e048fbef3a3b213f5a.jpg\" \/><\/p>\n<div class=\"Text-root Text-type_1 \">\n                Der Cottbuser Jean-Pascal Hohm wurde fast einstimmig und ohne Gegenkandidaten zum Vorsitzenden von &#8220;Generation Deutschland&#8221; gew\u00e4hlt. In seiner Kandidatenrede ging der AfD-Politiker \u00fcberraschend auf das Verh\u00e4ltnis zu Russland ein.\n            <\/div>\n<p><\/p>\n<div class=\"Text-root Text-type_5 ArticleView-text ViewText-root \">\n<p>Bei der Gie\u00dfener Versammlung zur Neu-Gr\u00fcndung der AfD-Parteijugend wurde der Cottbuser Jean-Pascal Hohm mit 90 Prozent zum Vorsitzenden von &#8220;Generation Deutschland&#8221; gew\u00e4hlt.<\/p>\n<p>Der 28j\u00e4hrige ist seit 2014 in der Partei, leitete schon mit 17 Jahren die &#8220;Junge Alternative Brandenburg&#8221; und ist seit Oktober 2024 Abgeordneter im Brandenburger Landtag .<\/p>\n<p>Hohm galt als Kandidat der Parteif\u00fchrung, insbesondere der AfD-Co-Vorsitzenden Alice Weidel. Es gab keinen Gegenkandidaten. Auch auf Fragen an den Kandidaten verzichtete die Parteijugend. Die nahezu einhellige Wahl darf als Bem\u00fchen um Parteidisziplin und zugleich als Vertrauensbeweis gegen\u00fcber Hohm gewertet werden.<\/p>\n<p>In seiner Kandidatenrede versuchte er, die innerparteilichen Lager zu vereinigen. Man d\u00fcrfe nicht die Fehler der Vergangenheit machen und sich als AfD-Jugend-Organisation f\u00fcr innerparteiliche Machtk\u00e4mpfe missbrauchen lassen. Damit spielte er auf die Junge Alternative an, die sich h\u00e4ufig in Opposition zur als beh\u00e4big aufgefassten Gesamtpartei betrachtete.<\/p>\n<p>Auch auf den in der Partei schwelenden Konflikt der au\u00dfenpolitischen Ausrichtung der m\u00f6glicherweise zuk\u00fcnftigen Regierungspartei AfD ging Hohm ein. Bez\u00fcglich des Verh\u00e4ltnisses zu Russland beteuerte er: Weder Alice Weidel noch Tino Chrupalla noch sonst jemand im Raum sei ein Knecht Russlands oder sonst eines anderen Landes. Alle seien deutsche Patrioten, die den Interessen ihres Landes dienen wollten.<\/p>\n<\/p>\n<p>Hohm lieferte auch ein deutliches Bekenntnis zu den staatlichen Institutionen ab: &#8220;Generation Deutschland&#8221; sei die Stimme der jungen Deutschen, die trotz aller geopolitischen Verwerfungen bereit seien, ihren Dienst f\u00fcrs Vaterland in Armee und Polizei zu leisten.<\/p>\n<p>Auch Hohms Berufsleben stand bisher ganz im Zeichen des Engagements f\u00fcr seine Partei. Neben seiner Arbeit f\u00fcr die AfD gr\u00fcndete er eine Agentur f\u00fcr Mediengestaltung. Eine Ausbildung oder einen abgeschlossenen Studienabschluss kann er nicht vorweisen, sehr wohl jedoch Berufserfahrung als Fraktionsmitarbeiter und beim Bundestagsabgeordneten Ren\u00e9 Springer.<\/p>\n<div class=\"EmbedBlock-root EmbedBlock-twitter\">\n<div class=\"TwitterEmbed\">\n<blockquote class=\"twitter-tweet lazyload\" data-twitter=\"twitter-tweet\">\n<p lang=\"de\" dir=\"ltr\">Herzlichen Gl\u00fcckwunsch an <a rel=\"nofollow noopener\" target=\"_blank\" href=\"https:\/\/twitter.com\/JeanPascal_Hohm?ref_src=twsrc%5Etfw\">@JeanPascal_Hohm<\/a>, der gerade zum Vorsitzenden unserer neuen Jugendorganisation &#8220;Generation Deutschland&#8221; (<a rel=\"nofollow noopener\" target=\"_blank\" href=\"https:\/\/twitter.com\/generation_afd?ref_src=twsrc%5Etfw\">@generation_afd<\/a>) gew\u00e4hlt wurde! <a rel=\"nofollow noopener\" target=\"_blank\" href=\"https:\/\/t.co\/THHdLh7RQ8\">pic.twitter.com\/THHdLh7RQ8<\/a><\/p>\n<p>\u2014 Alice Weidel (@Alice_Weidel) <a rel=\"nofollow noopener\" target=\"_blank\" href=\"https:\/\/twitter.com\/Alice_Weidel\/status\/1994779893624651935?ref_src=twsrc%5Etfw\">November 29, 2025<\/a><\/p><\/blockquote>\n<\/div>\n<\/div>\n<p>Viele AfD-Abgeordnete, einschlie\u00dflich Parteicheichefin Alice Weidel begl\u00fcckw\u00fcnschten dem Jungpolitker zu seinem neuen Amt. MdB Rainer Rothfu\u00df schrieb auf sozialen Medien: &#8220;Auf gute Zusammenarbeit mit der AfD f\u00fcr das Ziel eines neuen Aufbruchs f\u00fcr Deutschland!&#8221;. \u00c4hnlich \u00e4u\u00dferte sich auch der bayerische Bundestagsabgeordnete Staphan Proschkla auf Telegram und <a rel=\"nofollow noopener\" target=\"_blank\" href=\"https:\/\/t.me\/Protschka\/5004\">postete<\/a> ein gemeinsames Bild mit Hohm.\u00a0<\/p>\n<p>Einige Politbeobachter merken an, dass der neue Vorsitzende unter frenetischen Applaus und Rufen &#8220;Hohm, Hohm, Hohm&#8221; <a rel=\"nofollow noopener\" target=\"_blank\" href=\"https:\/\/x.com\/AnnLei1\/status\/1994777003354955780\">gew\u00e4hlt<\/a> wurde. Auch sein unaufgefordertes Dementi zum vermeintlichen Vasallenverh\u00e4ltnis zu Russland war aufgefallen. Inwieweit dieses Gr\u00fc\u00dfen des Gesslerhutes ein Kotau vor der Stimmungslage im Land ist oder ob dies seine wahre Positionen in Sachen Russland- und Friedenspolitik\u00a0 wiederspiegelt, muss sich noch zeigen.<\/p>\n<p><strong>Mehr zum Thema<\/strong> &#8211; <a rel=\"nofollow noopener\" target=\"_blank\" href=\"https:\/\/freedert.online\/inland\/263317-afd-jugendkongress-antifa-sperrt-veranstaltungsort-bundestagabgeordnete-angegriffen\/\">Live-Ticker zum AfD-Jugendkongress: Antifa sperrt Veranstaltungsort ab, Abgeordnete angegriffen<\/a><\/p>\n<div class=\"EmbedBlock-root EmbedBlock-externalVideo EmbedBlock-rumble\">\n<div class=\"VkEmbed\"><iframe class=\"lazyload\" data-src=\"https:\/\/rumble.com\/embed\/v706yq6\" frameborder=\"0\" width=\"853\" height=\"480\" allowfullscreen><\/iframe><\/div>\n<\/div>\n<\/div>\n<p><script async src=\"https:\/\/platform.twitter.com\/widgets.js\" charset=\"utf-8\"><\/script><br \/>\n<br \/><br \/>\n<br \/><a href=\"https:\/\/de.rt.com\/inland\/263355-jean-pascal-hohm-zum-vorsitzenden-generation-deutschland-gewae%C3%A4ht\/\">Source link <\/a><\/p>\n","protected":false},"excerpt":{"rendered":"<p>Der Cottbuser Jean-Pascal Hohm wurde fast einstimmig und ohne Gegenkandidaten zum Vorsitzenden von &#8220;Generation Deutschland&#8221; gew\u00e4hlt. In seiner Kandidatenrede ging der AfD-Politiker \u00fcberraschend auf das Verh\u00e4ltnis zu Russland ein. Bei der Gie\u00dfener Versammlung zur Neu-Gr\u00fcndung der AfD-Parteijugend wurde der Cottbuser Jean-Pascal Hohm mit 90 Prozent zum Vorsitzenden von &#8220;Generation Deutschland&#8221; gew\u00e4hlt. Der 28j\u00e4hrige ist seit [&hellip;]<\/p>\n","protected":false},"author":3,"featured_media":94883,"comment_status":"open","ping_status":"open","sticky":false,"template":"","format":"standard","meta":{"_yoast_indexnow_last_ping":["1764430365"],"wp_automatic_camp":["217"],"6030d7f594aac0713e49ec0a82807333":["Jean-Pascal Hohm zum Vorsitzenden von &quot;Generation Deutschland&quot; gew\u00e4hlt"],"original_link":["https:\/\/de.rt.com\/inland\/263355-jean-pascal-hohm-zum-vorsitzenden-generation-deutschland-gewae%C3%A4ht\/"],"_thumbnail_id":["94883"],"jnews_social_counter_last_update":["1777263300"],"_wptgpro_p2tg_sent2tg":["a:1:{i:23737;s:19:\"2025-11-29 17:33:53\";}"]},"categories":[19,23],"tags":[19179,9131,69532,69531,69533,50,45274,565],"yoast_head":"<!-- This site is optimized with the Yoast SEO Premium plugin v22.7 (Yoast SEO v22.7) - https:\/\/yoast.com\/wordpress\/plugins\/seo\/ -->\n<title>Jean-Pascal Hohm zum Vorsitzenden von &quot;Generation Deutschland&quot; gew\u00e4hlt - just-now.NEWS Deutschland<\/title>\n<meta name=\"robots\" content=\"index, follow, max-snippet:-1, max-image-preview:large, max-video-preview:-1\" \/>\n<link rel=\"canonical\" href=\"https:\/\/now-news.de\/de\/deutschland\/jean-pascal-hohm-zum-vorsitzenden-von-generation-deutschland-gewaehlt\/\" \/>\n<meta property=\"og:locale\" content=\"de_DE\" \/>\n<meta property=\"og:type\" content=\"article\" \/>\n<meta property=\"og:title\" content=\"Jean-Pascal Hohm zum Vorsitzenden von &quot;Generation Deutschland&quot; gew\u00e4hlt\" \/>\n<meta property=\"og:description\" content=\"Der Cottbuser Jean-Pascal Hohm wurde fast einstimmig und ohne Gegenkandidaten zum Vorsitzenden von &#8220;Generation Deutschland&#8221; gew\u00e4hlt. In seiner Kandidatenrede ging der AfD-Politiker \u00fcberraschend auf das Verh\u00e4ltnis zu Russland ein. Bei der Gie\u00dfener Versammlung zur Neu-Gr\u00fcndung der AfD-Parteijugend wurde der Cottbuser Jean-Pascal Hohm mit 90 Prozent zum Vorsitzenden von &#8220;Generation Deutschland&#8221; gew\u00e4hlt. Der 28j\u00e4hrige ist seit [&hellip;]\" \/>\n<meta property=\"og:url\" content=\"https:\/\/now-news.de\/de\/deutschland\/jean-pascal-hohm-zum-vorsitzenden-von-generation-deutschland-gewaehlt\/\" \/>\n<meta property=\"og:site_name\" content=\"just-now.NEWS Deutschland\" \/>\n<meta property=\"article:publisher\" content=\"https:\/\/www.facebook.com\/wirmachenauf\" \/>\n<meta property=\"article:published_time\" content=\"2025-11-29T15:26:56+00:00\" \/>\n<meta property=\"og:image\" content=\"https:\/\/now-news.de\/de\/wp-content\/uploads\/sites\/3\/2025\/11\/692b09e048fbef3a3b213f5a.jpg\" \/>\n<meta name=\"author\" content=\"rtnews\" \/>\n<meta name=\"twitter:card\" content=\"summary_large_image\" \/>\n<meta name=\"twitter:creator\" content=\"@WirMachenAuf_de\" \/>\n<meta name=\"twitter:site\" content=\"@WirMachenAuf_de\" \/>\n<meta name=\"twitter:label1\" content=\"Verfasst von\" \/>\n\t<meta name=\"twitter:data1\" content=\"rtnews\" \/>\n\t<meta name=\"twitter:label2\" content=\"Gesch\u00e4tzte Lesezeit\" \/>\n\t<meta name=\"twitter:data2\" content=\"2\u00a0Minuten\" \/>\n<script type=\"application\/ld+json\" class=\"yoast-schema-graph\">{\"@context\":\"https:\/\/schema.org\",\"@graph\":[{\"@type\":\"Article\",\"@id\":\"https:\/\/now-news.de\/de\/deutschland\/jean-pascal-hohm-zum-vorsitzenden-von-generation-deutschland-gewaehlt\/#article\",\"isPartOf\":{\"@id\":\"https:\/\/now-news.de\/de\/deutschland\/jean-pascal-hohm-zum-vorsitzenden-von-generation-deutschland-gewaehlt\/\"},\"author\":{\"name\":\"rtnews\",\"@id\":\"https:\/\/now-news.de\/de\/#\/schema\/person\/fb534a4e865501d8b3285208df34a9b5\"},\"headline\":\"Jean-Pascal Hohm zum Vorsitzenden von &quot;Generation Deutschland&quot; gew\u00e4hlt\",\"datePublished\":\"2025-11-29T15:26:56+00:00\",\"dateModified\":\"2025-11-29T15:26:56+00:00\",\"mainEntityOfPage\":{\"@id\":\"https:\/\/now-news.de\/de\/deutschland\/jean-pascal-hohm-zum-vorsitzenden-von-generation-deutschland-gewaehlt\/\"},\"wordCount\":499,\"commentCount\":0,\"publisher\":{\"@id\":\"https:\/\/now-news.de\/de\/#organization\"},\"image\":{\"@id\":\"https:\/\/now-news.de\/de\/deutschland\/jean-pascal-hohm-zum-vorsitzenden-von-generation-deutschland-gewaehlt\/#primaryimage\"},\"thumbnailUrl\":\"https:\/\/now-news.de\/de\/wp-content\/uploads\/sites\/3\/2025\/11\/Jean-Pascal-Hohm-zum-Vorsitzenden-von-quotGeneration-Deutschlandquot-gewaehlt.jpg\",\"keywords\":[\"Deutschlandquot\",\"gew\u00e4hlt\",\"Hohm\",\"JeanPascal\",\"quotGeneration\",\"von\",\"Vorsitzenden\",\"zum\"],\"articleSection\":[\"Deutschland\",\"Russland\"],\"inLanguage\":\"de\",\"potentialAction\":[{\"@type\":\"CommentAction\",\"name\":\"Comment\",\"target\":[\"https:\/\/now-news.de\/de\/deutschland\/jean-pascal-hohm-zum-vorsitzenden-von-generation-deutschland-gewaehlt\/#respond\"]}]},{\"@type\":\"WebPage\",\"@id\":\"https:\/\/now-news.de\/de\/deutschland\/jean-pascal-hohm-zum-vorsitzenden-von-generation-deutschland-gewaehlt\/\",\"url\":\"https:\/\/now-news.de\/de\/deutschland\/jean-pascal-hohm-zum-vorsitzenden-von-generation-deutschland-gewaehlt\/\",\"name\":\"Jean-Pascal Hohm zum Vorsitzenden von &quot;Generation Deutschland&quot; gew\u00e4hlt - just-now.NEWS Deutschland\",\"isPartOf\":{\"@id\":\"https:\/\/now-news.de\/de\/#website\"},\"primaryImageOfPage\":{\"@id\":\"https:\/\/now-news.de\/de\/deutschland\/jean-pascal-hohm-zum-vorsitzenden-von-generation-deutschland-gewaehlt\/#primaryimage\"},\"image\":{\"@id\":\"https:\/\/now-news.de\/de\/deutschland\/jean-pascal-hohm-zum-vorsitzenden-von-generation-deutschland-gewaehlt\/#primaryimage\"},\"thumbnailUrl\":\"https:\/\/now-news.de\/de\/wp-content\/uploads\/sites\/3\/2025\/11\/Jean-Pascal-Hohm-zum-Vorsitzenden-von-quotGeneration-Deutschlandquot-gewaehlt.jpg\",\"datePublished\":\"2025-11-29T15:26:56+00:00\",\"dateModified\":\"2025-11-29T15:26:56+00:00\",\"breadcrumb\":{\"@id\":\"https:\/\/now-news.de\/de\/deutschland\/jean-pascal-hohm-zum-vorsitzenden-von-generation-deutschland-gewaehlt\/#breadcrumb\"},\"inLanguage\":\"de\",\"potentialAction\":[{\"@type\":\"ReadAction\",\"target\":[\"https:\/\/now-news.de\/de\/deutschland\/jean-pascal-hohm-zum-vorsitzenden-von-generation-deutschland-gewaehlt\/\"]}]},{\"@type\":\"ImageObject\",\"inLanguage\":\"de\",\"@id\":\"https:\/\/now-news.de\/de\/deutschland\/jean-pascal-hohm-zum-vorsitzenden-von-generation-deutschland-gewaehlt\/#primaryimage\",\"url\":\"https:\/\/now-news.de\/de\/wp-content\/uploads\/sites\/3\/2025\/11\/Jean-Pascal-Hohm-zum-Vorsitzenden-von-quotGeneration-Deutschlandquot-gewaehlt.jpg\",\"contentUrl\":\"https:\/\/now-news.de\/de\/wp-content\/uploads\/sites\/3\/2025\/11\/Jean-Pascal-Hohm-zum-Vorsitzenden-von-quotGeneration-Deutschlandquot-gewaehlt.jpg\",\"width\":460,\"height\":259,\"caption\":\"Jean-Pascal Hohm zum Vorsitzenden von &quot;Generation Deutschland&quot; gew\u00e4hlt\"},{\"@type\":\"BreadcrumbList\",\"@id\":\"https:\/\/now-news.de\/de\/deutschland\/jean-pascal-hohm-zum-vorsitzenden-von-generation-deutschland-gewaehlt\/#breadcrumb\",\"itemListElement\":[{\"@type\":\"ListItem\",\"position\":1,\"name\":\"Home\",\"item\":\"https:\/\/now-news.de\/de\/\"},{\"@type\":\"ListItem\",\"position\":2,\"name\":\"Jean-Pascal Hohm zum Vorsitzenden von &quot;Generation Deutschland&quot; gew\u00e4hlt\"}]},{\"@type\":\"WebSite\",\"@id\":\"https:\/\/now-news.de\/de\/#website\",\"url\":\"https:\/\/now-news.de\/de\/\",\"name\":\"just-now.NEWS Deutschland\",\"description\":\"Das Portal f\u00fcr unzensierte Nachrichten aus der Welt\",\"publisher\":{\"@id\":\"https:\/\/now-news.de\/de\/#organization\"},\"potentialAction\":[{\"@type\":\"SearchAction\",\"target\":{\"@type\":\"EntryPoint\",\"urlTemplate\":\"https:\/\/now-news.de\/de\/?s={search_term_string}\"},\"query-input\":\"required name=search_term_string\"}],\"inLanguage\":\"de\"},{\"@type\":\"Organization\",\"@id\":\"https:\/\/now-news.de\/de\/#organization\",\"name\":\"Just Now News\",\"url\":\"https:\/\/now-news.de\/de\/\",\"logo\":{\"@type\":\"ImageObject\",\"inLanguage\":\"de\",\"@id\":\"https:\/\/now-news.de\/de\/#\/schema\/logo\/image\/\",\"url\":\"http:\/\/just-now.news\/de\/wp-content\/uploads\/sites\/3\/2022\/04\/logo500x500.jpg\",\"contentUrl\":\"http:\/\/just-now.news\/de\/wp-content\/uploads\/sites\/3\/2022\/04\/logo500x500.jpg\",\"width\":500,\"height\":500,\"caption\":\"Just Now News\"},\"image\":{\"@id\":\"https:\/\/now-news.de\/de\/#\/schema\/logo\/image\/\"},\"sameAs\":[\"https:\/\/www.facebook.com\/wirmachenauf\",\"https:\/\/x.com\/WirMachenAuf_de\"]},{\"@type\":\"Person\",\"@id\":\"https:\/\/now-news.de\/de\/#\/schema\/person\/fb534a4e865501d8b3285208df34a9b5\",\"name\":\"rtnews\",\"image\":{\"@type\":\"ImageObject\",\"inLanguage\":\"de\",\"@id\":\"https:\/\/now-news.de\/de\/#\/schema\/person\/image\/\",\"url\":\"https:\/\/secure.gravatar.com\/avatar\/82aafea7d8127119dd649515f56e2117?s=96&d=mm&r=g\",\"contentUrl\":\"https:\/\/secure.gravatar.com\/avatar\/82aafea7d8127119dd649515f56e2117?s=96&d=mm&r=g\",\"caption\":\"rtnews\"},\"url\":\"https:\/\/now-news.de\/de\/author\/rnews\/\"}]}<\/script>\n<!-- \/ Yoast SEO Premium plugin. -->","yoast_head_json":{"title":"Jean-Pascal Hohm zum Vorsitzenden von &quot;Generation Deutschland&quot; gew\u00e4hlt - just-now.NEWS Deutschland","robots":{"index":"index","follow":"follow","max-snippet":"max-snippet:-1","max-image-preview":"max-image-preview:large","max-video-preview":"max-video-preview:-1"},"canonical":"https:\/\/now-news.de\/de\/deutschland\/jean-pascal-hohm-zum-vorsitzenden-von-generation-deutschland-gewaehlt\/","og_locale":"de_DE","og_type":"article","og_title":"Jean-Pascal Hohm zum Vorsitzenden von &quot;Generation Deutschland&quot; gew\u00e4hlt","og_description":"Der Cottbuser Jean-Pascal Hohm wurde fast einstimmig und ohne Gegenkandidaten zum Vorsitzenden von &#8220;Generation Deutschland&#8221; gew\u00e4hlt. In seiner Kandidatenrede ging der AfD-Politiker \u00fcberraschend auf das Verh\u00e4ltnis zu Russland ein. Bei der Gie\u00dfener Versammlung zur Neu-Gr\u00fcndung der AfD-Parteijugend wurde der Cottbuser Jean-Pascal Hohm mit 90 Prozent zum Vorsitzenden von &#8220;Generation Deutschland&#8221; gew\u00e4hlt. Der 28j\u00e4hrige ist seit [&hellip;]","og_url":"https:\/\/now-news.de\/de\/deutschland\/jean-pascal-hohm-zum-vorsitzenden-von-generation-deutschland-gewaehlt\/","og_site_name":"just-now.NEWS Deutschland","article_publisher":"https:\/\/www.facebook.com\/wirmachenauf","article_published_time":"2025-11-29T15:26:56+00:00","og_image":[{"url":"https:\/\/now-news.de\/de\/wp-content\/uploads\/sites\/3\/2025\/11\/692b09e048fbef3a3b213f5a.jpg"}],"author":"rtnews","twitter_card":"summary_large_image","twitter_creator":"@WirMachenAuf_de","twitter_site":"@WirMachenAuf_de","twitter_misc":{"Verfasst von":"rtnews","Gesch\u00e4tzte Lesezeit":"2\u00a0Minuten"},"schema":{"@context":"https:\/\/schema.org","@graph":[{"@type":"Article","@id":"https:\/\/now-news.de\/de\/deutschland\/jean-pascal-hohm-zum-vorsitzenden-von-generation-deutschland-gewaehlt\/#article","isPartOf":{"@id":"https:\/\/now-news.de\/de\/deutschland\/jean-pascal-hohm-zum-vorsitzenden-von-generation-deutschland-gewaehlt\/"},"author":{"name":"rtnews","@id":"https:\/\/now-news.de\/de\/#\/schema\/person\/fb534a4e865501d8b3285208df34a9b5"},"headline":"Jean-Pascal Hohm zum Vorsitzenden von &quot;Generation Deutschland&quot; gew\u00e4hlt","datePublished":"2025-11-29T15:26:56+00:00","dateModified":"2025-11-29T15:26:56+00:00","mainEntityOfPage":{"@id":"https:\/\/now-news.de\/de\/deutschland\/jean-pascal-hohm-zum-vorsitzenden-von-generation-deutschland-gewaehlt\/"},"wordCount":499,"commentCount":0,"publisher":{"@id":"https:\/\/now-news.de\/de\/#organization"},"image":{"@id":"https:\/\/now-news.de\/de\/deutschland\/jean-pascal-hohm-zum-vorsitzenden-von-generation-deutschland-gewaehlt\/#primaryimage"},"thumbnailUrl":"https:\/\/now-news.de\/de\/wp-content\/uploads\/sites\/3\/2025\/11\/Jean-Pascal-Hohm-zum-Vorsitzenden-von-quotGeneration-Deutschlandquot-gewaehlt.jpg","keywords":["Deutschlandquot","gew\u00e4hlt","Hohm","JeanPascal","quotGeneration","von","Vorsitzenden","zum"],"articleSection":["Deutschland","Russland"],"inLanguage":"de","potentialAction":[{"@type":"CommentAction","name":"Comment","target":["https:\/\/now-news.de\/de\/deutschland\/jean-pascal-hohm-zum-vorsitzenden-von-generation-deutschland-gewaehlt\/#respond"]}]},{"@type":"WebPage","@id":"https:\/\/now-news.de\/de\/deutschland\/jean-pascal-hohm-zum-vorsitzenden-von-generation-deutschland-gewaehlt\/","url":"https:\/\/now-news.de\/de\/deutschland\/jean-pascal-hohm-zum-vorsitzenden-von-generation-deutschland-gewaehlt\/","name":"Jean-Pascal Hohm zum Vorsitzenden von &quot;Generation Deutschland&quot; gew\u00e4hlt - just-now.NEWS Deutschland","isPartOf":{"@id":"https:\/\/now-news.de\/de\/#website"},"primaryImageOfPage":{"@id":"https:\/\/now-news.de\/de\/deutschland\/jean-pascal-hohm-zum-vorsitzenden-von-generation-deutschland-gewaehlt\/#primaryimage"},"image":{"@id":"https:\/\/now-news.de\/de\/deutschland\/jean-pascal-hohm-zum-vorsitzenden-von-generation-deutschland-gewaehlt\/#primaryimage"},"thumbnailUrl":"https:\/\/now-news.de\/de\/wp-content\/uploads\/sites\/3\/2025\/11\/Jean-Pascal-Hohm-zum-Vorsitzenden-von-quotGeneration-Deutschlandquot-gewaehlt.jpg","datePublished":"2025-11-29T15:26:56+00:00","dateModified":"2025-11-29T15:26:56+00:00","breadcrumb":{"@id":"https:\/\/now-news.de\/de\/deutschland\/jean-pascal-hohm-zum-vorsitzenden-von-generation-deutschland-gewaehlt\/#breadcrumb"},"inLanguage":"de","potentialAction":[{"@type":"ReadAction","target":["https:\/\/now-news.de\/de\/deutschland\/jean-pascal-hohm-zum-vorsitzenden-von-generation-deutschland-gewaehlt\/"]}]},{"@type":"ImageObject","inLanguage":"de","@id":"https:\/\/now-news.de\/de\/deutschland\/jean-pascal-hohm-zum-vorsitzenden-von-generation-deutschland-gewaehlt\/#primaryimage","url":"https:\/\/now-news.de\/de\/wp-content\/uploads\/sites\/3\/2025\/11\/Jean-Pascal-Hohm-zum-Vorsitzenden-von-quotGeneration-Deutschlandquot-gewaehlt.jpg","contentUrl":"https:\/\/now-news.de\/de\/wp-content\/uploads\/sites\/3\/2025\/11\/Jean-Pascal-Hohm-zum-Vorsitzenden-von-quotGeneration-Deutschlandquot-gewaehlt.jpg","width":460,"height":259,"caption":"Jean-Pascal Hohm zum Vorsitzenden von &quot;Generation Deutschland&quot; gew\u00e4hlt"},{"@type":"BreadcrumbList","@id":"https:\/\/now-news.de\/de\/deutschland\/jean-pascal-hohm-zum-vorsitzenden-von-generation-deutschland-gewaehlt\/#breadcrumb","itemListElement":[{"@type":"ListItem","position":1,"name":"Home","item":"https:\/\/now-news.de\/de\/"},{"@type":"ListItem","position":2,"name":"Jean-Pascal Hohm zum Vorsitzenden von &quot;Generation Deutschland&quot; gew\u00e4hlt"}]},{"@type":"WebSite","@id":"https:\/\/now-news.de\/de\/#website","url":"https:\/\/now-news.de\/de\/","name":"just-now.NEWS Deutschland","description":"Das Portal f\u00fcr unzensierte Nachrichten aus der Welt","publisher":{"@id":"https:\/\/now-news.de\/de\/#organization"},"potentialAction":[{"@type":"SearchAction","target":{"@type":"EntryPoint","urlTemplate":"https:\/\/now-news.de\/de\/?s={search_term_string}"},"query-input":"required name=search_term_string"}],"inLanguage":"de"},{"@type":"Organization","@id":"https:\/\/now-news.de\/de\/#organization","name":"Just Now News","url":"https:\/\/now-news.de\/de\/","logo":{"@type":"ImageObject","inLanguage":"de","@id":"https:\/\/now-news.de\/de\/#\/schema\/logo\/image\/","url":"http:\/\/just-now.news\/de\/wp-content\/uploads\/sites\/3\/2022\/04\/logo500x500.jpg","contentUrl":"http:\/\/just-now.news\/de\/wp-content\/uploads\/sites\/3\/2022\/04\/logo500x500.jpg","width":500,"height":500,"caption":"Just Now News"},"image":{"@id":"https:\/\/now-news.de\/de\/#\/schema\/logo\/image\/"},"sameAs":["https:\/\/www.facebook.com\/wirmachenauf","https:\/\/x.com\/WirMachenAuf_de"]},{"@type":"Person","@id":"https:\/\/now-news.de\/de\/#\/schema\/person\/fb534a4e865501d8b3285208df34a9b5","name":"rtnews","image":{"@type":"ImageObject","inLanguage":"de","@id":"https:\/\/now-news.de\/de\/#\/schema\/person\/image\/","url":"https:\/\/secure.gravatar.com\/avatar\/82aafea7d8127119dd649515f56e2117?s=96&d=mm&r=g","contentUrl":"https:\/\/secure.gravatar.com\/avatar\/82aafea7d8127119dd649515f56e2117?s=96&d=mm&r=g","caption":"rtnews"},"url":"https:\/\/now-news.de\/de\/author\/rnews\/"}]}},"_links":{"self":[{"href":"https:\/\/now-news.de\/de\/wp-json\/wp\/v2\/posts\/94882"}],"collection":[{"href":"https:\/\/now-news.de\/de\/wp-json\/wp\/v2\/posts"}],"about":[{"href":"https:\/\/now-news.de\/de\/wp-json\/wp\/v2\/types\/post"}],"author":[{"embeddable":true,"href":"https:\/\/now-news.de\/de\/wp-json\/wp\/v2\/users\/3"}],"replies":[{"embeddable":true,"href":"https:\/\/now-news.de\/de\/wp-json\/wp\/v2\/comments?post=94882"}],"version-history":[{"count":0,"href":"https:\/\/now-news.de\/de\/wp-json\/wp\/v2\/posts\/94882\/revisions"}],"wp:featuredmedia":[{"embeddable":true,"href":"https:\/\/now-news.de\/de\/wp-json\/wp\/v2\/media\/94883"}],"wp:attachment":[{"href":"https:\/\/now-news.de\/de\/wp-json\/wp\/v2\/media?parent=94882"}],"wp:term":[{"taxonomy":"category","embeddable":true,"href":"https:\/\/now-news.de\/de\/wp-json\/wp\/v2\/categories?post=94882"},{"taxonomy":"post_tag","embeddable":true,"href":"https:\/\/now-news.de\/de\/wp-json\/wp\/v2\/tags?post=94882"}],"curies":[{"name":"wp","href":"https:\/\/api.w.org\/{rel}","templated":true}]}}