{"id":94846,"date":"2025-11-28T22:25:42","date_gmt":"2025-11-28T20:25:42","guid":{"rendered":"https:\/\/now-news.de\/de\/deutschland\/zwei-oeltanker-brennen-im-schwarzen-meer-tuerkei-spricht-von-aeusserer-einwirkung\/"},"modified":"2025-11-28T22:25:42","modified_gmt":"2025-11-28T20:25:42","slug":"zwei-oeltanker-brennen-im-schwarzen-meer-tuerkei-spricht-von-aeusserer-einwirkung","status":"publish","type":"post","link":"https:\/\/now-news.de\/de\/deutschland\/zwei-oeltanker-brennen-im-schwarzen-meer-tuerkei-spricht-von-aeusserer-einwirkung\/","title":{"rendered":"Zwei \u00d6ltanker brennen im Schwarzen Meer \u2013 T\u00fcrkei spricht von \u00e4u\u00dferer Einwirkung"},"content":{"rendered":"<p><img decoding=\"async\" src=\"https:\/\/now-news.de\/de\/wp-content\/uploads\/sites\/3\/2024\/05\/breaking3.jpg\" \/><\/p>\n<div class=\"Text-root Text-type_1 \">\n                Im Schwarzen Meer brennen bereits zwei \u00d6ltanker, die in russische H\u00e4fen unterwegs waren. T\u00fcrkische Beh\u00f6rden haben in beiden F\u00e4llen eine &#8220;Einwirkung von au\u00dfen&#8221; als Ursache angegeben.\n            <\/div>\n<p><\/p>\n<div class=\"Text-root Text-type_5 ArticleView-text ViewText-root \">\n<p>Im Schwarzen Meer brennen nach vermutlich ukrainischen Angriffen mit Drohnen oder Seeminen bereits zwei \u00d6ltanker. T\u00fcrkische Beh\u00f6rden haben in beiden F\u00e4llen eine &#8220;Einwirkung von au\u00dfen&#8221; als Ursache angegeben.<\/p>\n<p>Zun\u00e4chst war fr\u00fcher am Freitag ein Tanker in Brand geraten, der auf dem Weg nach in den russischen Hafen Noworossijsk war, teilte die t\u00fcrkische Seeschifffahrtsbeh\u00f6rde mit.<\/p>\n<p><em>&#8220;28 Meilen vor der K\u00fcste der T\u00fcrkei kam es aufgrund \u00e4u\u00dferer Einfl\u00fcsse zu einem Brand auf dem Tanker &#8220;Kairos&#8221;, der ohne Ladung nach Noworossijsk unterwegs war. Der Zustand der 25 Besatzungsmitglieder ist normal&#8221;<\/em>, hei\u00dft es in der Pressemitteilung.<\/p>\n<p>Der Tanker f\u00e4hrt unter der Flagge Gambias. Rettungskr\u00e4fte wurden entsandt, um die Besatzung zu evakuieren.<\/p>\n<p>Sp\u00e4ter meldete die Beh\u00f6rde einen weiteren Vorfall vor der t\u00fcrkischen K\u00fcste. Nach ihren Angaben wurde der unter gambischer Flagge fahrende Tanker &#8220;Virat&#8221; angegriffen. Im Maschinenraum ist starke Rauchentwicklung zu sehen. Rettungskr\u00e4fte und ein Handelsschiff wurden zum Unfallort entsandt.<\/p>\n<p><em>&#8220;Der Tanker Virat wurde etwa 35 Seemeilen vor der K\u00fcste [der T\u00fcrkei] im Schwarzen Meer getroffen. Rettungskr\u00e4fte und ein Handelsschiff wurden zum Unfallort geschickt. Alle 20 Besatzungsmitglieder an Bord sind in zufriedenstellendem Zustand. Im Maschinenraum herrscht dichter Rauch. Die Situation ist unter Kontrolle&#8221;<\/em>, so die Erkl\u00e4rung des Ministeriums.<\/p>\n<p>Beide Vorf\u00e4lle ereigneten sich in einer Entfernung von etwa 270 Kilometern zueinanders.<\/p>\n<p><em>Mehr Informationen in K\u00fcrze &#8230;<\/em>\u00a0<\/p>\n<\/div>\n<p><br \/>\n<br \/><a href=\"https:\/\/de.rt.com\/international\/263279-zwei-oeltanker-brennen-im-schwarzen\/\">Source link <\/a><\/p>\n","protected":false},"excerpt":{"rendered":"<p>Im Schwarzen Meer brennen bereits zwei \u00d6ltanker, die in russische H\u00e4fen unterwegs waren. T\u00fcrkische Beh\u00f6rden haben in beiden F\u00e4llen eine &#8220;Einwirkung von au\u00dfen&#8221; als Ursache angegeben. Im Schwarzen Meer brennen nach vermutlich ukrainischen Angriffen mit Drohnen oder Seeminen bereits zwei \u00d6ltanker. T\u00fcrkische Beh\u00f6rden haben in beiden F\u00e4llen eine &#8220;Einwirkung von au\u00dfen&#8221; als Ursache angegeben. Zun\u00e4chst [&hellip;]<\/p>\n","protected":false},"author":3,"featured_media":58637,"comment_status":"open","ping_status":"open","sticky":false,"template":"","format":"standard","meta":{"_yoast_indexnow_last_ping":["1764361903"],"wp_automatic_camp":["217"],"fafdfce1e237bd1569f354a8025e4152":["Zwei \u00d6ltanker brennen im Schwarzen Meer \u2013 T\u00fcrkei spricht von \u00e4u\u00dferer Einwirkung"],"original_link":["https:\/\/de.rt.com\/international\/263279-zwei-oeltanker-brennen-im-schwarzen\/"],"_thumbnail_id":["58637"],"jnews_social_counter_last_update":["1777347373"],"_wptgpro_p2tg_sent2tg":["a:1:{i:23737;s:19:\"2025-11-28 22:32:48\";}"]},"categories":[19,23],"tags":[69511,1487,69512,1363,22081,13171,4067,1897,50,1003],"yoast_head":"<!-- This site is optimized with the Yoast SEO Premium plugin v22.7 (Yoast SEO v22.7) - https:\/\/yoast.com\/wordpress\/plugins\/seo\/ -->\n<title>Zwei \u00d6ltanker brennen im Schwarzen Meer \u2013 T\u00fcrkei spricht von \u00e4u\u00dferer Einwirkung - just-now.NEWS Deutschland<\/title>\n<meta name=\"robots\" content=\"index, follow, max-snippet:-1, max-image-preview:large, max-video-preview:-1\" \/>\n<link rel=\"canonical\" href=\"https:\/\/now-news.de\/de\/deutschland\/zwei-oeltanker-brennen-im-schwarzen-meer-tuerkei-spricht-von-aeusserer-einwirkung\/\" \/>\n<meta property=\"og:locale\" content=\"de_DE\" \/>\n<meta property=\"og:type\" content=\"article\" \/>\n<meta property=\"og:title\" content=\"Zwei \u00d6ltanker brennen im Schwarzen Meer \u2013 T\u00fcrkei spricht von \u00e4u\u00dferer Einwirkung\" \/>\n<meta property=\"og:description\" content=\"Im Schwarzen Meer brennen bereits zwei \u00d6ltanker, die in russische H\u00e4fen unterwegs waren. T\u00fcrkische Beh\u00f6rden haben in beiden F\u00e4llen eine &#8220;Einwirkung von au\u00dfen&#8221; als Ursache angegeben. Im Schwarzen Meer brennen nach vermutlich ukrainischen Angriffen mit Drohnen oder Seeminen bereits zwei \u00d6ltanker. T\u00fcrkische Beh\u00f6rden haben in beiden F\u00e4llen eine &#8220;Einwirkung von au\u00dfen&#8221; als Ursache angegeben. Zun\u00e4chst [&hellip;]\" \/>\n<meta property=\"og:url\" content=\"https:\/\/now-news.de\/de\/deutschland\/zwei-oeltanker-brennen-im-schwarzen-meer-tuerkei-spricht-von-aeusserer-einwirkung\/\" \/>\n<meta property=\"og:site_name\" content=\"just-now.NEWS Deutschland\" \/>\n<meta property=\"article:publisher\" content=\"https:\/\/www.facebook.com\/wirmachenauf\" \/>\n<meta property=\"article:published_time\" content=\"2025-11-28T20:25:42+00:00\" \/>\n<meta property=\"og:image\" content=\"https:\/\/now-news.de\/de\/wp-content\/uploads\/sites\/3\/2024\/05\/breaking3.jpg\" \/>\n<meta name=\"author\" content=\"rtnews\" \/>\n<meta name=\"twitter:card\" content=\"summary_large_image\" \/>\n<meta name=\"twitter:creator\" content=\"@WirMachenAuf_de\" \/>\n<meta name=\"twitter:site\" content=\"@WirMachenAuf_de\" \/>\n<meta name=\"twitter:label1\" content=\"Verfasst von\" \/>\n\t<meta name=\"twitter:data1\" content=\"rtnews\" \/>\n\t<meta name=\"twitter:label2\" content=\"Gesch\u00e4tzte Lesezeit\" \/>\n\t<meta name=\"twitter:data2\" content=\"1\u00a0Minute\" \/>\n<script type=\"application\/ld+json\" class=\"yoast-schema-graph\">{\"@context\":\"https:\/\/schema.org\",\"@graph\":[{\"@type\":\"Article\",\"@id\":\"https:\/\/now-news.de\/de\/deutschland\/zwei-oeltanker-brennen-im-schwarzen-meer-tuerkei-spricht-von-aeusserer-einwirkung\/#article\",\"isPartOf\":{\"@id\":\"https:\/\/now-news.de\/de\/deutschland\/zwei-oeltanker-brennen-im-schwarzen-meer-tuerkei-spricht-von-aeusserer-einwirkung\/\"},\"author\":{\"name\":\"rtnews\",\"@id\":\"https:\/\/now-news.de\/de\/#\/schema\/person\/fb534a4e865501d8b3285208df34a9b5\"},\"headline\":\"Zwei \u00d6ltanker brennen im Schwarzen Meer \u2013 T\u00fcrkei spricht von \u00e4u\u00dferer Einwirkung\",\"datePublished\":\"2025-11-28T20:25:42+00:00\",\"dateModified\":\"2025-11-28T20:25:42+00:00\",\"mainEntityOfPage\":{\"@id\":\"https:\/\/now-news.de\/de\/deutschland\/zwei-oeltanker-brennen-im-schwarzen-meer-tuerkei-spricht-von-aeusserer-einwirkung\/\"},\"wordCount\":277,\"commentCount\":0,\"publisher\":{\"@id\":\"https:\/\/now-news.de\/de\/#organization\"},\"image\":{\"@id\":\"https:\/\/now-news.de\/de\/deutschland\/zwei-oeltanker-brennen-im-schwarzen-meer-tuerkei-spricht-von-aeusserer-einwirkung\/#primaryimage\"},\"thumbnailUrl\":\"https:\/\/now-news.de\/de\/wp-content\/uploads\/sites\/3\/2024\/05\/China-beginnt-mit-Umzingelungsuebungen-rund-um-Taiwan.jpg\",\"keywords\":[\"\u00e4u\u00dferer\",\"brennen\",\"Einwirkung\",\"Meer\",\"\u00d6ltanker\",\"Schwarzen\",\"spricht\",\"T\u00fcrkei\",\"von\",\"zwei\"],\"articleSection\":[\"Deutschland\",\"Russland\"],\"inLanguage\":\"de\",\"potentialAction\":[{\"@type\":\"CommentAction\",\"name\":\"Comment\",\"target\":[\"https:\/\/now-news.de\/de\/deutschland\/zwei-oeltanker-brennen-im-schwarzen-meer-tuerkei-spricht-von-aeusserer-einwirkung\/#respond\"]}]},{\"@type\":\"WebPage\",\"@id\":\"https:\/\/now-news.de\/de\/deutschland\/zwei-oeltanker-brennen-im-schwarzen-meer-tuerkei-spricht-von-aeusserer-einwirkung\/\",\"url\":\"https:\/\/now-news.de\/de\/deutschland\/zwei-oeltanker-brennen-im-schwarzen-meer-tuerkei-spricht-von-aeusserer-einwirkung\/\",\"name\":\"Zwei \u00d6ltanker brennen im Schwarzen Meer \u2013 T\u00fcrkei spricht von \u00e4u\u00dferer Einwirkung - just-now.NEWS Deutschland\",\"isPartOf\":{\"@id\":\"https:\/\/now-news.de\/de\/#website\"},\"primaryImageOfPage\":{\"@id\":\"https:\/\/now-news.de\/de\/deutschland\/zwei-oeltanker-brennen-im-schwarzen-meer-tuerkei-spricht-von-aeusserer-einwirkung\/#primaryimage\"},\"image\":{\"@id\":\"https:\/\/now-news.de\/de\/deutschland\/zwei-oeltanker-brennen-im-schwarzen-meer-tuerkei-spricht-von-aeusserer-einwirkung\/#primaryimage\"},\"thumbnailUrl\":\"https:\/\/now-news.de\/de\/wp-content\/uploads\/sites\/3\/2024\/05\/China-beginnt-mit-Umzingelungsuebungen-rund-um-Taiwan.jpg\",\"datePublished\":\"2025-11-28T20:25:42+00:00\",\"dateModified\":\"2025-11-28T20:25:42+00:00\",\"breadcrumb\":{\"@id\":\"https:\/\/now-news.de\/de\/deutschland\/zwei-oeltanker-brennen-im-schwarzen-meer-tuerkei-spricht-von-aeusserer-einwirkung\/#breadcrumb\"},\"inLanguage\":\"de\",\"potentialAction\":[{\"@type\":\"ReadAction\",\"target\":[\"https:\/\/now-news.de\/de\/deutschland\/zwei-oeltanker-brennen-im-schwarzen-meer-tuerkei-spricht-von-aeusserer-einwirkung\/\"]}]},{\"@type\":\"ImageObject\",\"inLanguage\":\"de\",\"@id\":\"https:\/\/now-news.de\/de\/deutschland\/zwei-oeltanker-brennen-im-schwarzen-meer-tuerkei-spricht-von-aeusserer-einwirkung\/#primaryimage\",\"url\":\"https:\/\/now-news.de\/de\/wp-content\/uploads\/sites\/3\/2024\/05\/China-beginnt-mit-Umzingelungsuebungen-rund-um-Taiwan.jpg\",\"contentUrl\":\"https:\/\/now-news.de\/de\/wp-content\/uploads\/sites\/3\/2024\/05\/China-beginnt-mit-Umzingelungsuebungen-rund-um-Taiwan.jpg\",\"width\":460,\"height\":259,\"caption\":\"China beginnt mit Umzingelungs\u00fcbungen rund um Taiwan\"},{\"@type\":\"BreadcrumbList\",\"@id\":\"https:\/\/now-news.de\/de\/deutschland\/zwei-oeltanker-brennen-im-schwarzen-meer-tuerkei-spricht-von-aeusserer-einwirkung\/#breadcrumb\",\"itemListElement\":[{\"@type\":\"ListItem\",\"position\":1,\"name\":\"Home\",\"item\":\"https:\/\/now-news.de\/de\/\"},{\"@type\":\"ListItem\",\"position\":2,\"name\":\"Zwei \u00d6ltanker brennen im Schwarzen Meer \u2013 T\u00fcrkei spricht von \u00e4u\u00dferer Einwirkung\"}]},{\"@type\":\"WebSite\",\"@id\":\"https:\/\/now-news.de\/de\/#website\",\"url\":\"https:\/\/now-news.de\/de\/\",\"name\":\"just-now.NEWS Deutschland\",\"description\":\"Das Portal f\u00fcr unzensierte Nachrichten aus der Welt\",\"publisher\":{\"@id\":\"https:\/\/now-news.de\/de\/#organization\"},\"potentialAction\":[{\"@type\":\"SearchAction\",\"target\":{\"@type\":\"EntryPoint\",\"urlTemplate\":\"https:\/\/now-news.de\/de\/?s={search_term_string}\"},\"query-input\":\"required name=search_term_string\"}],\"inLanguage\":\"de\"},{\"@type\":\"Organization\",\"@id\":\"https:\/\/now-news.de\/de\/#organization\",\"name\":\"Just Now News\",\"url\":\"https:\/\/now-news.de\/de\/\",\"logo\":{\"@type\":\"ImageObject\",\"inLanguage\":\"de\",\"@id\":\"https:\/\/now-news.de\/de\/#\/schema\/logo\/image\/\",\"url\":\"http:\/\/just-now.news\/de\/wp-content\/uploads\/sites\/3\/2022\/04\/logo500x500.jpg\",\"contentUrl\":\"http:\/\/just-now.news\/de\/wp-content\/uploads\/sites\/3\/2022\/04\/logo500x500.jpg\",\"width\":500,\"height\":500,\"caption\":\"Just Now News\"},\"image\":{\"@id\":\"https:\/\/now-news.de\/de\/#\/schema\/logo\/image\/\"},\"sameAs\":[\"https:\/\/www.facebook.com\/wirmachenauf\",\"https:\/\/x.com\/WirMachenAuf_de\"]},{\"@type\":\"Person\",\"@id\":\"https:\/\/now-news.de\/de\/#\/schema\/person\/fb534a4e865501d8b3285208df34a9b5\",\"name\":\"rtnews\",\"image\":{\"@type\":\"ImageObject\",\"inLanguage\":\"de\",\"@id\":\"https:\/\/now-news.de\/de\/#\/schema\/person\/image\/\",\"url\":\"https:\/\/secure.gravatar.com\/avatar\/82aafea7d8127119dd649515f56e2117?s=96&d=mm&r=g\",\"contentUrl\":\"https:\/\/secure.gravatar.com\/avatar\/82aafea7d8127119dd649515f56e2117?s=96&d=mm&r=g\",\"caption\":\"rtnews\"},\"url\":\"https:\/\/now-news.de\/de\/author\/rnews\/\"}]}<\/script>\n<!-- \/ Yoast SEO Premium plugin. -->","yoast_head_json":{"title":"Zwei \u00d6ltanker brennen im Schwarzen Meer \u2013 T\u00fcrkei spricht von \u00e4u\u00dferer Einwirkung - just-now.NEWS Deutschland","robots":{"index":"index","follow":"follow","max-snippet":"max-snippet:-1","max-image-preview":"max-image-preview:large","max-video-preview":"max-video-preview:-1"},"canonical":"https:\/\/now-news.de\/de\/deutschland\/zwei-oeltanker-brennen-im-schwarzen-meer-tuerkei-spricht-von-aeusserer-einwirkung\/","og_locale":"de_DE","og_type":"article","og_title":"Zwei \u00d6ltanker brennen im Schwarzen Meer \u2013 T\u00fcrkei spricht von \u00e4u\u00dferer Einwirkung","og_description":"Im Schwarzen Meer brennen bereits zwei \u00d6ltanker, die in russische H\u00e4fen unterwegs waren. T\u00fcrkische Beh\u00f6rden haben in beiden F\u00e4llen eine &#8220;Einwirkung von au\u00dfen&#8221; als Ursache angegeben. Im Schwarzen Meer brennen nach vermutlich ukrainischen Angriffen mit Drohnen oder Seeminen bereits zwei \u00d6ltanker. T\u00fcrkische Beh\u00f6rden haben in beiden F\u00e4llen eine &#8220;Einwirkung von au\u00dfen&#8221; als Ursache angegeben. Zun\u00e4chst [&hellip;]","og_url":"https:\/\/now-news.de\/de\/deutschland\/zwei-oeltanker-brennen-im-schwarzen-meer-tuerkei-spricht-von-aeusserer-einwirkung\/","og_site_name":"just-now.NEWS Deutschland","article_publisher":"https:\/\/www.facebook.com\/wirmachenauf","article_published_time":"2025-11-28T20:25:42+00:00","og_image":[{"url":"https:\/\/now-news.de\/de\/wp-content\/uploads\/sites\/3\/2024\/05\/breaking3.jpg"}],"author":"rtnews","twitter_card":"summary_large_image","twitter_creator":"@WirMachenAuf_de","twitter_site":"@WirMachenAuf_de","twitter_misc":{"Verfasst von":"rtnews","Gesch\u00e4tzte Lesezeit":"1\u00a0Minute"},"schema":{"@context":"https:\/\/schema.org","@graph":[{"@type":"Article","@id":"https:\/\/now-news.de\/de\/deutschland\/zwei-oeltanker-brennen-im-schwarzen-meer-tuerkei-spricht-von-aeusserer-einwirkung\/#article","isPartOf":{"@id":"https:\/\/now-news.de\/de\/deutschland\/zwei-oeltanker-brennen-im-schwarzen-meer-tuerkei-spricht-von-aeusserer-einwirkung\/"},"author":{"name":"rtnews","@id":"https:\/\/now-news.de\/de\/#\/schema\/person\/fb534a4e865501d8b3285208df34a9b5"},"headline":"Zwei \u00d6ltanker brennen im Schwarzen Meer \u2013 T\u00fcrkei spricht von \u00e4u\u00dferer Einwirkung","datePublished":"2025-11-28T20:25:42+00:00","dateModified":"2025-11-28T20:25:42+00:00","mainEntityOfPage":{"@id":"https:\/\/now-news.de\/de\/deutschland\/zwei-oeltanker-brennen-im-schwarzen-meer-tuerkei-spricht-von-aeusserer-einwirkung\/"},"wordCount":277,"commentCount":0,"publisher":{"@id":"https:\/\/now-news.de\/de\/#organization"},"image":{"@id":"https:\/\/now-news.de\/de\/deutschland\/zwei-oeltanker-brennen-im-schwarzen-meer-tuerkei-spricht-von-aeusserer-einwirkung\/#primaryimage"},"thumbnailUrl":"https:\/\/now-news.de\/de\/wp-content\/uploads\/sites\/3\/2024\/05\/China-beginnt-mit-Umzingelungsuebungen-rund-um-Taiwan.jpg","keywords":["\u00e4u\u00dferer","brennen","Einwirkung","Meer","\u00d6ltanker","Schwarzen","spricht","T\u00fcrkei","von","zwei"],"articleSection":["Deutschland","Russland"],"inLanguage":"de","potentialAction":[{"@type":"CommentAction","name":"Comment","target":["https:\/\/now-news.de\/de\/deutschland\/zwei-oeltanker-brennen-im-schwarzen-meer-tuerkei-spricht-von-aeusserer-einwirkung\/#respond"]}]},{"@type":"WebPage","@id":"https:\/\/now-news.de\/de\/deutschland\/zwei-oeltanker-brennen-im-schwarzen-meer-tuerkei-spricht-von-aeusserer-einwirkung\/","url":"https:\/\/now-news.de\/de\/deutschland\/zwei-oeltanker-brennen-im-schwarzen-meer-tuerkei-spricht-von-aeusserer-einwirkung\/","name":"Zwei \u00d6ltanker brennen im Schwarzen Meer \u2013 T\u00fcrkei spricht von \u00e4u\u00dferer Einwirkung - just-now.NEWS Deutschland","isPartOf":{"@id":"https:\/\/now-news.de\/de\/#website"},"primaryImageOfPage":{"@id":"https:\/\/now-news.de\/de\/deutschland\/zwei-oeltanker-brennen-im-schwarzen-meer-tuerkei-spricht-von-aeusserer-einwirkung\/#primaryimage"},"image":{"@id":"https:\/\/now-news.de\/de\/deutschland\/zwei-oeltanker-brennen-im-schwarzen-meer-tuerkei-spricht-von-aeusserer-einwirkung\/#primaryimage"},"thumbnailUrl":"https:\/\/now-news.de\/de\/wp-content\/uploads\/sites\/3\/2024\/05\/China-beginnt-mit-Umzingelungsuebungen-rund-um-Taiwan.jpg","datePublished":"2025-11-28T20:25:42+00:00","dateModified":"2025-11-28T20:25:42+00:00","breadcrumb":{"@id":"https:\/\/now-news.de\/de\/deutschland\/zwei-oeltanker-brennen-im-schwarzen-meer-tuerkei-spricht-von-aeusserer-einwirkung\/#breadcrumb"},"inLanguage":"de","potentialAction":[{"@type":"ReadAction","target":["https:\/\/now-news.de\/de\/deutschland\/zwei-oeltanker-brennen-im-schwarzen-meer-tuerkei-spricht-von-aeusserer-einwirkung\/"]}]},{"@type":"ImageObject","inLanguage":"de","@id":"https:\/\/now-news.de\/de\/deutschland\/zwei-oeltanker-brennen-im-schwarzen-meer-tuerkei-spricht-von-aeusserer-einwirkung\/#primaryimage","url":"https:\/\/now-news.de\/de\/wp-content\/uploads\/sites\/3\/2024\/05\/China-beginnt-mit-Umzingelungsuebungen-rund-um-Taiwan.jpg","contentUrl":"https:\/\/now-news.de\/de\/wp-content\/uploads\/sites\/3\/2024\/05\/China-beginnt-mit-Umzingelungsuebungen-rund-um-Taiwan.jpg","width":460,"height":259,"caption":"China beginnt mit Umzingelungs\u00fcbungen rund um Taiwan"},{"@type":"BreadcrumbList","@id":"https:\/\/now-news.de\/de\/deutschland\/zwei-oeltanker-brennen-im-schwarzen-meer-tuerkei-spricht-von-aeusserer-einwirkung\/#breadcrumb","itemListElement":[{"@type":"ListItem","position":1,"name":"Home","item":"https:\/\/now-news.de\/de\/"},{"@type":"ListItem","position":2,"name":"Zwei \u00d6ltanker brennen im Schwarzen Meer \u2013 T\u00fcrkei spricht von \u00e4u\u00dferer Einwirkung"}]},{"@type":"WebSite","@id":"https:\/\/now-news.de\/de\/#website","url":"https:\/\/now-news.de\/de\/","name":"just-now.NEWS Deutschland","description":"Das Portal f\u00fcr unzensierte Nachrichten aus der Welt","publisher":{"@id":"https:\/\/now-news.de\/de\/#organization"},"potentialAction":[{"@type":"SearchAction","target":{"@type":"EntryPoint","urlTemplate":"https:\/\/now-news.de\/de\/?s={search_term_string}"},"query-input":"required name=search_term_string"}],"inLanguage":"de"},{"@type":"Organization","@id":"https:\/\/now-news.de\/de\/#organization","name":"Just Now News","url":"https:\/\/now-news.de\/de\/","logo":{"@type":"ImageObject","inLanguage":"de","@id":"https:\/\/now-news.de\/de\/#\/schema\/logo\/image\/","url":"http:\/\/just-now.news\/de\/wp-content\/uploads\/sites\/3\/2022\/04\/logo500x500.jpg","contentUrl":"http:\/\/just-now.news\/de\/wp-content\/uploads\/sites\/3\/2022\/04\/logo500x500.jpg","width":500,"height":500,"caption":"Just Now News"},"image":{"@id":"https:\/\/now-news.de\/de\/#\/schema\/logo\/image\/"},"sameAs":["https:\/\/www.facebook.com\/wirmachenauf","https:\/\/x.com\/WirMachenAuf_de"]},{"@type":"Person","@id":"https:\/\/now-news.de\/de\/#\/schema\/person\/fb534a4e865501d8b3285208df34a9b5","name":"rtnews","image":{"@type":"ImageObject","inLanguage":"de","@id":"https:\/\/now-news.de\/de\/#\/schema\/person\/image\/","url":"https:\/\/secure.gravatar.com\/avatar\/82aafea7d8127119dd649515f56e2117?s=96&d=mm&r=g","contentUrl":"https:\/\/secure.gravatar.com\/avatar\/82aafea7d8127119dd649515f56e2117?s=96&d=mm&r=g","caption":"rtnews"},"url":"https:\/\/now-news.de\/de\/author\/rnews\/"}]}},"_links":{"self":[{"href":"https:\/\/now-news.de\/de\/wp-json\/wp\/v2\/posts\/94846"}],"collection":[{"href":"https:\/\/now-news.de\/de\/wp-json\/wp\/v2\/posts"}],"about":[{"href":"https:\/\/now-news.de\/de\/wp-json\/wp\/v2\/types\/post"}],"author":[{"embeddable":true,"href":"https:\/\/now-news.de\/de\/wp-json\/wp\/v2\/users\/3"}],"replies":[{"embeddable":true,"href":"https:\/\/now-news.de\/de\/wp-json\/wp\/v2\/comments?post=94846"}],"version-history":[{"count":0,"href":"https:\/\/now-news.de\/de\/wp-json\/wp\/v2\/posts\/94846\/revisions"}],"wp:featuredmedia":[{"embeddable":true,"href":"https:\/\/now-news.de\/de\/wp-json\/wp\/v2\/media\/58637"}],"wp:attachment":[{"href":"https:\/\/now-news.de\/de\/wp-json\/wp\/v2\/media?parent=94846"}],"wp:term":[{"taxonomy":"category","embeddable":true,"href":"https:\/\/now-news.de\/de\/wp-json\/wp\/v2\/categories?post=94846"},{"taxonomy":"post_tag","embeddable":true,"href":"https:\/\/now-news.de\/de\/wp-json\/wp\/v2\/tags?post=94846"}],"curies":[{"name":"wp","href":"https:\/\/api.w.org\/{rel}","templated":true}]}}