{"id":94790,"date":"2025-11-27T22:28:37","date_gmt":"2025-11-27T20:28:37","guid":{"rendered":"https:\/\/now-news.de\/de\/deutschland\/dresdner-hammerbanden-prozess-die-avantgarde-der-zustaende\/"},"modified":"2025-11-27T22:28:37","modified_gmt":"2025-11-27T20:28:37","slug":"dresdner-hammerbanden-prozess-die-avantgarde-der-zustaende","status":"publish","type":"post","link":"https:\/\/now-news.de\/de\/deutschland\/dresdner-hammerbanden-prozess-die-avantgarde-der-zustaende\/","title":{"rendered":"Dresdner Hammerbanden-Prozess: Die Avantgarde der Zust\u00e4nde?"},"content":{"rendered":"<p><img decoding=\"async\" src=\"https:\/\/now-news.de\/de\/wp-content\/uploads\/sites\/3\/2025\/11\/69286dfa48fbef2506443ec9.jpg\" \/><\/p>\n<div class=\"Text-root Text-type_1 \">\n                Das war schon bizarr genug bei den Sympathieerkl\u00e4rungen f\u00fcr Simeon &#8220;Maja&#8221; T., der in Ungarn vor Gericht steht. Jetzt l\u00e4uft der n\u00e4chste gro\u00dfe Prozess gegen die &#8220;Antifa Ost&#8221; in Dresden. Und die Behauptung, dass sie Antifaschisten w\u00e4ren, wird nicht infrage gestellt.\n            <\/div>\n<p><\/p>\n<div class=\"Text-root Text-type_5 ArticleView-text ViewText-root \">\n<p><em>Von Dagmar Henn<\/em><\/p>\n<p>Schon die \u00dcberschriften fallen auf: Ich kann mich kaum mehr an F\u00e4lle erinnern, in denen &#8220;mutma\u00dflich&#8221; es\u00a0so h\u00e4ufig bis in die Schlagzeile schaffte. &#8220;Mutma\u00dfliche&#8221; Linksextremisten und ihr &#8220;mutma\u00dflicher&#8221; Chef stehen vor Gericht, die aber &#8220;vor zwei Jahren Neonazis brutal attackiert&#8221; h\u00e4tten. Ohne &#8220;mutma\u00dflich&#8221;.<\/p>\n<p>Beifall f\u00fcr die Angeklagten, als sie den Gerichtssaal betreten? Das <em>ZDF<\/em>\u00a0<a rel=\"nofollow noopener\" target=\"_blank\" href=\"https:\/\/www.nzz.ch\/international\/hammerbande-prozess-in-dresden-linksextremismus-vor-gericht-ld.1913391\">filmte<\/a> den Moment, hielt ihn aber nicht f\u00fcr kommentierenswert oder irgendwie auff\u00e4llig. Dabei ist diese Situation extrem ungew\u00f6hnlich\u00a0\u2013 \u00fcblicherweise reagieren die Richter in solchen Momenten scharf, bis hin zur kompletten R\u00e4umung der Zuschauerbank und Unterbrechung der Verhandlung.<\/p>\n<p>Wir reden von acht \u00dcberf\u00e4llen in Deutschland und mindestens vier weiteren in Budapest. &#8220;Eher zuf\u00e4llig habe es bei keiner der Gewalttaten einen Toten gegeben&#8221;, zitiert die <em>Neue Z\u00fcrcher Zeitung<\/em> aus der Anklage. Die Opfer wurden in \u00dcberzahl \u00fcberfallen und mit H\u00e4mmern, Totschl\u00e4gern und Teleskopschl\u00e4gern traktiert. Dabei wurde vorzugsweise auf den Kopf eingeschlagen.<\/p>\n<p>&#8220;Antifa Ost&#8221; nennt sich die Truppe, auch wenn ihr Verhalten eher nahelegt, das &#8220;Anti&#8221; aus der Bezeichnung zu streichen, aber ein Mitglied dieses Haufens ist zu Ruhm gelangt, weil es versehentlich nach Ungarn ausgeliefert wurde: Simeon &#8220;ich bin ein M\u00e4dchen namens Maja&#8221; T. Und f\u00fcr ihn haben inzwischen Politiker der Gr\u00fcnen und der Linkspartei reihenweise ihre Sympathie bekundet.<\/p>\n<p>Und der Haufen wei\u00df, wie man die Presse gewogen macht. &#8220;Antifaschismus zielt darauf ab, die Demokratie gegen faschistische Bedrohung zu verteidigen&#8221;, erkl\u00e4rt ein 32-J\u00e4hriger am zweiten Prozesstag laut <em>MDR<\/em>. Es habe sich bei den \u00dcberf\u00e4llen um keine Angriffe gegen den Staat gehandelt, schlie\u00dflich seien Rechtsextremisten die Gefahr f\u00fcr den Rechtsstaat.<\/p>\n<p>Interessanterweise geht die Bundesanwaltschaft in ihrer Anklage nur bis zur kriminellen Vereinigung, nicht bis zur terroristischen. Das ist \u00fcberhaupt ein pr\u00e4gendes Merkmal bei den Verfahren gegen solche, die sich mittlerweile &#8220;links&#8221; schimpfen; auch die Klimakleber werden nicht als terroristische Vereinigung klassifiziert. Aber dieselbe Bundesanwaltschaft, die in den Totschl\u00e4gern der &#8220;Antifa Ost&#8221; keine Terroristen sieht, h\u00e4lt humanit\u00e4re Hilfe f\u00fcr den Donbass f\u00fcr die Unterst\u00fctzung einer terroristischen Vereinigung\u00a0\u2026<\/p>\n<p>Die Sympathie f\u00fcr die Angeklagten \u00e4u\u00dfert sich subtil. So schreibt der <em>MDR<\/em> zur Anklageverlesung:<\/p>\n<p><em>&#8220;Die Angreifer seien &#8216;planvoll und organisiert&#8217; vorgegangen, sagte Oberstaatsanw\u00e4ltin Alexandra Geilhorn bei der Verlesung der Anklage. In einigen F\u00e4llen h\u00e4tten die Angeklagten zumindest &#8216;billigend in Kauf genommen&#8217;, dass die Angegriffenen zu Tode kommen k\u00f6nnten, befand die Vertreterin der Bundesanwaltschaft.&#8221;<\/em><\/p>\n<p>Es ist der letzte Halbsatz, der die ganze Aussage in Zweifel stellt. Technisch ist er unn\u00f6tig, da zuvor bereits die Verlesung der Anklage erw\u00e4hnt wurde. Inhaltlich markiert er die nicht unerhebliche Aussage, die Angeklagten h\u00e4tten den Tod der \u00dcberfallenen billigend in Kauf genommen, als subjektive Wahrnehmung der Anklagevertreterin.<\/p>\n<p>Allerdings: In dem Moment, in dem der Kopf eines Menschen mit Instrumenten wie einem Hammer oder einem Teleskopschlagstock traktiert wird, ist es eine objektive Tatsache, dass dieser Mensch dabei ums Leben kommen kann; und das ist auch kein derart exotisches Wissen, dass man von der Voraussetzung ausgehen k\u00f6nnte, die Beschuldigten h\u00e4tten das nicht gewusst. Der Vorwurf, die Tat begangen zu haben, ist der Gegenstand des Prozesses und daher bis zum Urteil im rechtlichen Sinne nicht bewiesen, aber die Qualit\u00e4t der Tat selbst ist ein feststehender Fakt.<\/p>\n<p>Drei der sieben Angeklagten sind nicht in Untersuchungshaft; vier sitzen, aber, weil es eben keine Anklage wegen einer terroristischen Vereinigung gibt, nicht unter den Sonderbedingungen, die diese Einstufung zur Folge h\u00e4tte. In den USA und in Ungarn ist die &#8220;Antifa Ost&#8221; \u00fcbrigens als terroristische Vereinigung eingestuft.<\/p>\n<p>Der \u00e4lteste, 49-j\u00e4hrige Angeklagte schilderte in der Stellungnahme der Angeklagten am Dienstag seine Jugend: &#8220;Als linker Jugendlicher sei er einer st\u00e4ndigen Bedrohung ausgesetzt gewesen. Neonazis h\u00e4tten mehrere junge Leute aus seinem Umfeld umgebracht. Antifaschismus sei f\u00fcr ihn demokratische Selbstverteidigung und keine Ablehnung des Rechtsstaats.&#8221;<\/p>\n<p>Tats\u00e4chlich pr\u00e4sentiert sich die &#8220;Antifa Ost&#8221; als eben etwas radikalere Form des derzeit aktuellen, ritualisierten &#8220;Antifaschismus&#8221;, des &#8220;Kampfes gegen Rechts&#8221;. Und wie wenig Letzterer mit echtem Antifaschismus zu tun hat, erweist sich gerade an der Sympathie f\u00fcr diese Bande.<\/p>\n<p>Wobei die Trennlinie nicht bei der Anwendung von Gewalt liegt. Wer w\u00e4re ich, zu behaupten, dass beispielsweise die Bewohner des Donbass nicht das Recht gehabt h\u00e4tten, sich gewaltsam gegen die ukrainischen Nazis zur Wehr zu setzen? Es gibt politische Situationen, in denen Gewalt erforderlich ist.<\/p>\n<p>Aber die &#8220;Antifa Ost&#8221; verr\u00e4t ihren postulierten Antifaschismus durch die Art der Gewalt, die sie angewandt hat, und ihr Verh\u00e4ltnis zu dieser Gewalt. Das zu sehen, daf\u00fcr gen\u00fcgt das eine Video aus Budapest. Aus dem Hinterhalt mit H\u00e4mmern und Schlagst\u00f6cken \u00fcber jemanden herfallen, und dann stolz darauf zu sein, das sind Nazimethoden. Das w\u00e4re bestenfalls im Zusammenhang mit einer aktuellen Auseinandersetzung, als spontanes Ereignis, irgendwie entschuldbar, aber unter keinen Umst\u00e4nden als langfristig vorbereitete, organisierte Handlung, f\u00fcr die man auch noch Hunderte von Kilometern anreist.<\/p>\n<p>Ja, es geht bei Antifaschismus auch um Moral. Es geht um die Bewahrung der eigenen Menschlichkeit, und das setzt voraus, im Gegen\u00fcber immer den Menschen zu sehen. Gewalt um der Gewalt willen verst\u00f6\u00dft gegen diese Forderung.<\/p>\n<p>Man kann sie immer wieder sehen, diese \u00fcberschwappende Gewalt, bei den Ukronazis etwa, die ihre Mordtaten gerne filmen, sie schon im Jahr 2014 gerne filmten, weshalb es so viele Aufnahmen vom Massaker von Odessa gibt. Oder bei den Israelis, die sich bei der Misshandlung pal\u00e4stinensischer Gefangener filmen, weil sie stolz darauf sind, statt sich daf\u00fcr zu sch\u00e4men. Dieses Totpr\u00fcgeln, oder zumindest versuchte Totpr\u00fcgeln, das das Kennzeichen dieser auch als &#8220;Hammerbande&#8221; bekannten sogenannten &#8220;Antifa&#8221; war, f\u00e4llt genau in diese Kategorie, und nur die konspirative Gewohnheit d\u00fcrfte sie davon abgehalten haben, ihre Taten zu filmen und in sozialen Medien zu teilen.<\/p>\n<p>Nun gibt es eine Gruppendynamik, und je abgeschlossener eine Gruppe ist, desto gr\u00f6\u00dfer die M\u00f6glichkeit, gemeinsam auf Abwege zu geraten. Das w\u00e4re denkbar. Damit w\u00e4ren die Handlungen nicht entschuldigt, aber erkl\u00e4rbar. Doch das wirklich \u00fcberraschende Ph\u00e4nomen ist, dass die Gesellschaft drumherum, also die Richter, die den Applaus zulassen, und die Medien, die sie mit Vorsicht bis zu unterschwelliger Sympathie behandeln, die Qualit\u00e4t dieses Verh\u00e4ltnisses zur Gewalt auch nicht wahrnehmen.<\/p>\n<p>Oder: Es ist nicht \u00fcberraschend, denn es gab die staatlich angetriebene Ausgrenzung von Abweichlern auch bei Corona, und der ganze &#8220;Kampf gegen Rechts&#8221; ist nur eine Variation desselben Motivs. Gerade l\u00e4uft eine Kampagne gegen die DM-Drogeriem\u00e4rkte, weil die Kette nicht, wie Konkurrent Rossmann, aus dem Verband der Familienunternehmer ausgetreten ist, weil dieser im Rahmen eines parlamentarischen Abends auch einen AfD-Politiker eingeladen hatte. So die <em>Berliner Morgenpost<\/em>: &#8220;Viele Nutzer werfen dem Unternehmen vor, durch seine Haltung politische Positionen zu unterst\u00fctzen, und rufen teils lautstark zum Boykott von dm auf.&#8221;<\/p>\n<p>Der Artikel setzt sich dann mit der Rechtfertigung von dm auseinander, nicht mit diesen absurden Forderungen. Es wird nicht einmal daran gedacht, dass bezogen auf Rossmann auch entgegengesetzte Reaktionen m\u00f6glich sind, also Aufrufe zum Boykott von Rossmann in den \u00f6stlichen Bundesl\u00e4ndern. Es gibt keine Sekunde des Nachdenkens dar\u00fcber, wie verr\u00fcckt und jenseits jeden vern\u00fcnftigen Ma\u00dfstabs das alles inzwischen ist, im Gegenteil. Eigentlich endet dm auf der Seite des &#8220;B\u00f6sen&#8221;, weil dm-Chef Christoph Werner &#8220;eine polarisierende Brandmauer-Debatte&#8221; ebenso entschieden ablehnt wie die Positionen der AfD, und verlangt, die politische Auseinandersetzung nicht durch &#8220;Ausgrenzung und Diffamierung&#8221; zu f\u00fchren.<\/p>\n<p>Und ja, das eine hat mit dem anderen zu tun. Sehr viel sogar. Dieser \u00dcberschuss der Gewalt, der weder von Moral noch von Gewissen gez\u00fcgelt wird, hat n\u00e4mlich eine Voraussetzung: Das Gegen\u00fcber, also das prospektive Opfer, wird zum Nicht-Menschen erkl\u00e4rt. Dabei sind beide Anteile jeweils ein klarer Hinweis auf das andere \u2013 eine \u00fcberschie\u00dfende Gewalt, die nicht spontan ist, ist ein klares Anzeichen f\u00fcr eine solche Entmenschlichung, und eine solche Entmenschlichung, wenn sie formuliert wird, ist ein klares Anzeichen f\u00fcr derartige Gewalt.<\/p>\n<p>Wer dann das Ziel dieser Entmenschlichung ist, ist verschiebbar. Auch das war in den vergangenen Jahren in Deutschland zu erleben. Von Ungeimpften auf alles, was zu &#8220;Nazi&#8221; erkl\u00e4rt wird, auf Russen, auf\u00a0\u2026 Der entscheidende Schritt, und damit auch der Punkt, der bek\u00e4mpft werden muss, ist die Etablierung einer Vorstellung von &#8220;Untermenschen&#8221;, nicht erst die Projektion dieser Vorstellung auf die eine oder andere Gruppe. Es gab einen Satz, der sich damals, im Jahr 2014, in den Videos aus dem Donbass, aus den beschossenen St\u00e4dten, st\u00e4ndig wiederholte: &#8220;Wir sollten nicht so werden wie sie.&#8221; Sie, das waren die Kiewer Artilleristen, die nichts dabei fanden, Wohnviertel zu beschie\u00dfen, oder die Leute vom Rechten Sektor, die ihre Gefangenen folterten.<\/p>\n<p>Wer noch mit den alten Genossen zu tun hatte, die das KZ \u00fcberlebt hatten, wird es wissen: Sie hatten eine sehr strenge Auffassung von Ehre, und forderten sie auch von anderen. Das war ebenso sehr das Resultat der Begegnung mit extremer Bestialit\u00e4t wie die Voraussetzung, ihr widerstehen zu k\u00f6nnen. Handlungen wie jene der Hammerbande h\u00e4tten sie niemals gebilligt. Nicht, weil die Anwendung von Gewalt gegen Neonazis, sofern es sich wirklich um solche handelte, tabu w\u00e4re, sondern weil die Art der Gewaltanwendung vollkommen ehrlos und politisch v\u00f6llig unsinnig war; weil sie zeigt, dass eben dieses entscheidende Grundprinzip, auch im Feind immer den Menschen zu sehen, nicht vorhanden ist.<\/p>\n<p>Dass das Sympathien weit \u00fcber jene Kreise hinaus weckt, die sich heutzutage &#8220;Antifa&#8221; nennen, belegt, wie weit der Prozess bereits fortgeschritten ist, die Allgemeinheit an die Teilung zwischen Menschen und Nicht-Menschen zu gew\u00f6hnen. Die Auslandsberichterstattung tr\u00e4gt ihren Teil dazu bei, aber auch im Inland wird l\u00e4ngst mit den entsprechenden Etiketten signalisiert, wer sch\u00fctzenswert ist und wer nicht. Jeder, der als &#8220;b\u00f6se&#8221; klassifiziert wird, darf angegriffen werden, und das Handeln der Angreifer unterliegt keiner moralischen Kritik. Das ist der Zustand, in dem sich weite Teile des Landes inzwischen befinden, der Blickwinkel, aus dem die Presse berichtet. Die Dresdner Hammerbande erweist sich wirklich als Avantgarde, als Vorhut der aktuellen Zust\u00e4nde, die mit Antifaschismus jedoch nichts, rein gar nichts zu tun haben.<\/p>\n<p><strong>Mehr zum Thema<\/strong>\u00a0\u2013 <a rel=\"nofollow noopener\" target=\"_blank\" href=\"https:\/\/freedert.online\/meinung\/210708-wenn-deutscher-nicht-binaerer-schlaeger-in-ungarn-landet\/\">Wenn ein deutscher &#8220;nicht-bin\u00e4rer&#8221; Schl\u00e4ger versehentlich in Ungarn landet <\/a><\/p>\n<\/p>\n<\/div>\n<p><br \/>\n<br \/><a href=\"https:\/\/de.rt.com\/meinung\/263115-dresdner-hammerbanden-prozess-avantgarde-zustaende\/\">Source link <\/a><\/p>\n","protected":false},"excerpt":{"rendered":"<p>Das war schon bizarr genug bei den Sympathieerkl\u00e4rungen f\u00fcr Simeon &#8220;Maja&#8221; T., der in Ungarn vor Gericht steht. Jetzt l\u00e4uft der n\u00e4chste gro\u00dfe Prozess gegen die &#8220;Antifa Ost&#8221; in Dresden. Und die Behauptung, dass sie Antifaschisten w\u00e4ren, wird nicht infrage gestellt. Von Dagmar Henn Schon die \u00dcberschriften fallen auf: Ich kann mich kaum mehr an [&hellip;]<\/p>\n","protected":false},"author":3,"featured_media":94791,"comment_status":"open","ping_status":"open","sticky":false,"template":"","format":"standard","meta":{"_yoast_indexnow_last_ping":["1764275674"],"wp_automatic_camp":["217"],"0d5f7dc4626705bf2e6291ef9595ec59":["Dresdner Hammerbanden-Prozess: Die Avantgarde der Zust\u00e4nde?"],"original_link":["https:\/\/de.rt.com\/meinung\/263115-dresdner-hammerbanden-prozess-avantgarde-zustaende\/"],"_thumbnail_id":["94791"],"jnews_social_counter_last_update":["1777317915"],"_wptgpro_p2tg_sent2tg":["a:1:{i:23737;s:19:\"2025-11-27 22:35:36\";}"]},"categories":[19,23],"tags":[23185,82,45,58442,69489,31699],"yoast_head":"<!-- This site is optimized with the Yoast SEO Premium plugin v22.7 (Yoast SEO v22.7) - https:\/\/yoast.com\/wordpress\/plugins\/seo\/ -->\n<title>Dresdner Hammerbanden-Prozess: Die Avantgarde der Zust\u00e4nde? - just-now.NEWS Deutschland<\/title>\n<meta name=\"robots\" content=\"index, follow, max-snippet:-1, max-image-preview:large, max-video-preview:-1\" \/>\n<link rel=\"canonical\" href=\"https:\/\/now-news.de\/de\/deutschland\/dresdner-hammerbanden-prozess-die-avantgarde-der-zustaende\/\" \/>\n<meta property=\"og:locale\" content=\"de_DE\" \/>\n<meta property=\"og:type\" content=\"article\" \/>\n<meta property=\"og:title\" content=\"Dresdner Hammerbanden-Prozess: Die Avantgarde der Zust\u00e4nde?\" \/>\n<meta property=\"og:description\" content=\"Das war schon bizarr genug bei den Sympathieerkl\u00e4rungen f\u00fcr Simeon &#8220;Maja&#8221; T., der in Ungarn vor Gericht steht. Jetzt l\u00e4uft der n\u00e4chste gro\u00dfe Prozess gegen die &#8220;Antifa Ost&#8221; in Dresden. Und die Behauptung, dass sie Antifaschisten w\u00e4ren, wird nicht infrage gestellt. Von Dagmar Henn Schon die \u00dcberschriften fallen auf: Ich kann mich kaum mehr an [&hellip;]\" \/>\n<meta property=\"og:url\" content=\"https:\/\/now-news.de\/de\/deutschland\/dresdner-hammerbanden-prozess-die-avantgarde-der-zustaende\/\" \/>\n<meta property=\"og:site_name\" content=\"just-now.NEWS Deutschland\" \/>\n<meta property=\"article:publisher\" content=\"https:\/\/www.facebook.com\/wirmachenauf\" \/>\n<meta property=\"article:published_time\" content=\"2025-11-27T20:28:37+00:00\" \/>\n<meta property=\"og:image\" content=\"https:\/\/now-news.de\/de\/wp-content\/uploads\/sites\/3\/2025\/11\/69286dfa48fbef2506443ec9.jpg\" \/>\n<meta name=\"author\" content=\"rtnews\" \/>\n<meta name=\"twitter:card\" content=\"summary_large_image\" \/>\n<meta name=\"twitter:creator\" content=\"@WirMachenAuf_de\" \/>\n<meta name=\"twitter:site\" content=\"@WirMachenAuf_de\" \/>\n<meta name=\"twitter:label1\" content=\"Verfasst von\" \/>\n\t<meta name=\"twitter:data1\" content=\"rtnews\" \/>\n\t<meta name=\"twitter:label2\" content=\"Gesch\u00e4tzte Lesezeit\" \/>\n\t<meta name=\"twitter:data2\" content=\"9\u00a0Minuten\" \/>\n<script type=\"application\/ld+json\" class=\"yoast-schema-graph\">{\"@context\":\"https:\/\/schema.org\",\"@graph\":[{\"@type\":\"Article\",\"@id\":\"https:\/\/now-news.de\/de\/deutschland\/dresdner-hammerbanden-prozess-die-avantgarde-der-zustaende\/#article\",\"isPartOf\":{\"@id\":\"https:\/\/now-news.de\/de\/deutschland\/dresdner-hammerbanden-prozess-die-avantgarde-der-zustaende\/\"},\"author\":{\"name\":\"rtnews\",\"@id\":\"https:\/\/now-news.de\/de\/#\/schema\/person\/fb534a4e865501d8b3285208df34a9b5\"},\"headline\":\"Dresdner Hammerbanden-Prozess: Die Avantgarde der Zust\u00e4nde?\",\"datePublished\":\"2025-11-27T20:28:37+00:00\",\"dateModified\":\"2025-11-27T20:28:37+00:00\",\"mainEntityOfPage\":{\"@id\":\"https:\/\/now-news.de\/de\/deutschland\/dresdner-hammerbanden-prozess-die-avantgarde-der-zustaende\/\"},\"wordCount\":1760,\"commentCount\":0,\"publisher\":{\"@id\":\"https:\/\/now-news.de\/de\/#organization\"},\"image\":{\"@id\":\"https:\/\/now-news.de\/de\/deutschland\/dresdner-hammerbanden-prozess-die-avantgarde-der-zustaende\/#primaryimage\"},\"thumbnailUrl\":\"https:\/\/now-news.de\/de\/wp-content\/uploads\/sites\/3\/2025\/11\/Dresdner-Hammerbanden-Prozess-Die-Avantgarde-der-Zustaende.jpg\",\"keywords\":[\"Avantgarde\",\"der\",\"die\",\"Dresdner\",\"HammerbandenProzess\",\"Zust\u00e4nde\"],\"articleSection\":[\"Deutschland\",\"Russland\"],\"inLanguage\":\"de\",\"potentialAction\":[{\"@type\":\"CommentAction\",\"name\":\"Comment\",\"target\":[\"https:\/\/now-news.de\/de\/deutschland\/dresdner-hammerbanden-prozess-die-avantgarde-der-zustaende\/#respond\"]}]},{\"@type\":\"WebPage\",\"@id\":\"https:\/\/now-news.de\/de\/deutschland\/dresdner-hammerbanden-prozess-die-avantgarde-der-zustaende\/\",\"url\":\"https:\/\/now-news.de\/de\/deutschland\/dresdner-hammerbanden-prozess-die-avantgarde-der-zustaende\/\",\"name\":\"Dresdner Hammerbanden-Prozess: Die Avantgarde der Zust\u00e4nde? - just-now.NEWS Deutschland\",\"isPartOf\":{\"@id\":\"https:\/\/now-news.de\/de\/#website\"},\"primaryImageOfPage\":{\"@id\":\"https:\/\/now-news.de\/de\/deutschland\/dresdner-hammerbanden-prozess-die-avantgarde-der-zustaende\/#primaryimage\"},\"image\":{\"@id\":\"https:\/\/now-news.de\/de\/deutschland\/dresdner-hammerbanden-prozess-die-avantgarde-der-zustaende\/#primaryimage\"},\"thumbnailUrl\":\"https:\/\/now-news.de\/de\/wp-content\/uploads\/sites\/3\/2025\/11\/Dresdner-Hammerbanden-Prozess-Die-Avantgarde-der-Zustaende.jpg\",\"datePublished\":\"2025-11-27T20:28:37+00:00\",\"dateModified\":\"2025-11-27T20:28:37+00:00\",\"breadcrumb\":{\"@id\":\"https:\/\/now-news.de\/de\/deutschland\/dresdner-hammerbanden-prozess-die-avantgarde-der-zustaende\/#breadcrumb\"},\"inLanguage\":\"de\",\"potentialAction\":[{\"@type\":\"ReadAction\",\"target\":[\"https:\/\/now-news.de\/de\/deutschland\/dresdner-hammerbanden-prozess-die-avantgarde-der-zustaende\/\"]}]},{\"@type\":\"ImageObject\",\"inLanguage\":\"de\",\"@id\":\"https:\/\/now-news.de\/de\/deutschland\/dresdner-hammerbanden-prozess-die-avantgarde-der-zustaende\/#primaryimage\",\"url\":\"https:\/\/now-news.de\/de\/wp-content\/uploads\/sites\/3\/2025\/11\/Dresdner-Hammerbanden-Prozess-Die-Avantgarde-der-Zustaende.jpg\",\"contentUrl\":\"https:\/\/now-news.de\/de\/wp-content\/uploads\/sites\/3\/2025\/11\/Dresdner-Hammerbanden-Prozess-Die-Avantgarde-der-Zustaende.jpg\",\"width\":460,\"height\":259,\"caption\":\"Dresdner Hammerbanden-Prozess: Die Avantgarde der Zust\u00e4nde?\"},{\"@type\":\"BreadcrumbList\",\"@id\":\"https:\/\/now-news.de\/de\/deutschland\/dresdner-hammerbanden-prozess-die-avantgarde-der-zustaende\/#breadcrumb\",\"itemListElement\":[{\"@type\":\"ListItem\",\"position\":1,\"name\":\"Home\",\"item\":\"https:\/\/now-news.de\/de\/\"},{\"@type\":\"ListItem\",\"position\":2,\"name\":\"Dresdner Hammerbanden-Prozess: Die Avantgarde der Zust\u00e4nde?\"}]},{\"@type\":\"WebSite\",\"@id\":\"https:\/\/now-news.de\/de\/#website\",\"url\":\"https:\/\/now-news.de\/de\/\",\"name\":\"just-now.NEWS Deutschland\",\"description\":\"Das Portal f\u00fcr unzensierte Nachrichten aus der Welt\",\"publisher\":{\"@id\":\"https:\/\/now-news.de\/de\/#organization\"},\"potentialAction\":[{\"@type\":\"SearchAction\",\"target\":{\"@type\":\"EntryPoint\",\"urlTemplate\":\"https:\/\/now-news.de\/de\/?s={search_term_string}\"},\"query-input\":\"required name=search_term_string\"}],\"inLanguage\":\"de\"},{\"@type\":\"Organization\",\"@id\":\"https:\/\/now-news.de\/de\/#organization\",\"name\":\"Just Now News\",\"url\":\"https:\/\/now-news.de\/de\/\",\"logo\":{\"@type\":\"ImageObject\",\"inLanguage\":\"de\",\"@id\":\"https:\/\/now-news.de\/de\/#\/schema\/logo\/image\/\",\"url\":\"http:\/\/just-now.news\/de\/wp-content\/uploads\/sites\/3\/2022\/04\/logo500x500.jpg\",\"contentUrl\":\"http:\/\/just-now.news\/de\/wp-content\/uploads\/sites\/3\/2022\/04\/logo500x500.jpg\",\"width\":500,\"height\":500,\"caption\":\"Just Now News\"},\"image\":{\"@id\":\"https:\/\/now-news.de\/de\/#\/schema\/logo\/image\/\"},\"sameAs\":[\"https:\/\/www.facebook.com\/wirmachenauf\",\"https:\/\/x.com\/WirMachenAuf_de\"]},{\"@type\":\"Person\",\"@id\":\"https:\/\/now-news.de\/de\/#\/schema\/person\/fb534a4e865501d8b3285208df34a9b5\",\"name\":\"rtnews\",\"image\":{\"@type\":\"ImageObject\",\"inLanguage\":\"de\",\"@id\":\"https:\/\/now-news.de\/de\/#\/schema\/person\/image\/\",\"url\":\"https:\/\/secure.gravatar.com\/avatar\/82aafea7d8127119dd649515f56e2117?s=96&d=mm&r=g\",\"contentUrl\":\"https:\/\/secure.gravatar.com\/avatar\/82aafea7d8127119dd649515f56e2117?s=96&d=mm&r=g\",\"caption\":\"rtnews\"},\"url\":\"https:\/\/now-news.de\/de\/author\/rnews\/\"}]}<\/script>\n<!-- \/ Yoast SEO Premium plugin. -->","yoast_head_json":{"title":"Dresdner Hammerbanden-Prozess: Die Avantgarde der Zust\u00e4nde? - just-now.NEWS Deutschland","robots":{"index":"index","follow":"follow","max-snippet":"max-snippet:-1","max-image-preview":"max-image-preview:large","max-video-preview":"max-video-preview:-1"},"canonical":"https:\/\/now-news.de\/de\/deutschland\/dresdner-hammerbanden-prozess-die-avantgarde-der-zustaende\/","og_locale":"de_DE","og_type":"article","og_title":"Dresdner Hammerbanden-Prozess: Die Avantgarde der Zust\u00e4nde?","og_description":"Das war schon bizarr genug bei den Sympathieerkl\u00e4rungen f\u00fcr Simeon &#8220;Maja&#8221; T., der in Ungarn vor Gericht steht. Jetzt l\u00e4uft der n\u00e4chste gro\u00dfe Prozess gegen die &#8220;Antifa Ost&#8221; in Dresden. Und die Behauptung, dass sie Antifaschisten w\u00e4ren, wird nicht infrage gestellt. Von Dagmar Henn Schon die \u00dcberschriften fallen auf: Ich kann mich kaum mehr an [&hellip;]","og_url":"https:\/\/now-news.de\/de\/deutschland\/dresdner-hammerbanden-prozess-die-avantgarde-der-zustaende\/","og_site_name":"just-now.NEWS Deutschland","article_publisher":"https:\/\/www.facebook.com\/wirmachenauf","article_published_time":"2025-11-27T20:28:37+00:00","og_image":[{"url":"https:\/\/now-news.de\/de\/wp-content\/uploads\/sites\/3\/2025\/11\/69286dfa48fbef2506443ec9.jpg"}],"author":"rtnews","twitter_card":"summary_large_image","twitter_creator":"@WirMachenAuf_de","twitter_site":"@WirMachenAuf_de","twitter_misc":{"Verfasst von":"rtnews","Gesch\u00e4tzte Lesezeit":"9\u00a0Minuten"},"schema":{"@context":"https:\/\/schema.org","@graph":[{"@type":"Article","@id":"https:\/\/now-news.de\/de\/deutschland\/dresdner-hammerbanden-prozess-die-avantgarde-der-zustaende\/#article","isPartOf":{"@id":"https:\/\/now-news.de\/de\/deutschland\/dresdner-hammerbanden-prozess-die-avantgarde-der-zustaende\/"},"author":{"name":"rtnews","@id":"https:\/\/now-news.de\/de\/#\/schema\/person\/fb534a4e865501d8b3285208df34a9b5"},"headline":"Dresdner Hammerbanden-Prozess: Die Avantgarde der Zust\u00e4nde?","datePublished":"2025-11-27T20:28:37+00:00","dateModified":"2025-11-27T20:28:37+00:00","mainEntityOfPage":{"@id":"https:\/\/now-news.de\/de\/deutschland\/dresdner-hammerbanden-prozess-die-avantgarde-der-zustaende\/"},"wordCount":1760,"commentCount":0,"publisher":{"@id":"https:\/\/now-news.de\/de\/#organization"},"image":{"@id":"https:\/\/now-news.de\/de\/deutschland\/dresdner-hammerbanden-prozess-die-avantgarde-der-zustaende\/#primaryimage"},"thumbnailUrl":"https:\/\/now-news.de\/de\/wp-content\/uploads\/sites\/3\/2025\/11\/Dresdner-Hammerbanden-Prozess-Die-Avantgarde-der-Zustaende.jpg","keywords":["Avantgarde","der","die","Dresdner","HammerbandenProzess","Zust\u00e4nde"],"articleSection":["Deutschland","Russland"],"inLanguage":"de","potentialAction":[{"@type":"CommentAction","name":"Comment","target":["https:\/\/now-news.de\/de\/deutschland\/dresdner-hammerbanden-prozess-die-avantgarde-der-zustaende\/#respond"]}]},{"@type":"WebPage","@id":"https:\/\/now-news.de\/de\/deutschland\/dresdner-hammerbanden-prozess-die-avantgarde-der-zustaende\/","url":"https:\/\/now-news.de\/de\/deutschland\/dresdner-hammerbanden-prozess-die-avantgarde-der-zustaende\/","name":"Dresdner Hammerbanden-Prozess: Die Avantgarde der Zust\u00e4nde? - just-now.NEWS Deutschland","isPartOf":{"@id":"https:\/\/now-news.de\/de\/#website"},"primaryImageOfPage":{"@id":"https:\/\/now-news.de\/de\/deutschland\/dresdner-hammerbanden-prozess-die-avantgarde-der-zustaende\/#primaryimage"},"image":{"@id":"https:\/\/now-news.de\/de\/deutschland\/dresdner-hammerbanden-prozess-die-avantgarde-der-zustaende\/#primaryimage"},"thumbnailUrl":"https:\/\/now-news.de\/de\/wp-content\/uploads\/sites\/3\/2025\/11\/Dresdner-Hammerbanden-Prozess-Die-Avantgarde-der-Zustaende.jpg","datePublished":"2025-11-27T20:28:37+00:00","dateModified":"2025-11-27T20:28:37+00:00","breadcrumb":{"@id":"https:\/\/now-news.de\/de\/deutschland\/dresdner-hammerbanden-prozess-die-avantgarde-der-zustaende\/#breadcrumb"},"inLanguage":"de","potentialAction":[{"@type":"ReadAction","target":["https:\/\/now-news.de\/de\/deutschland\/dresdner-hammerbanden-prozess-die-avantgarde-der-zustaende\/"]}]},{"@type":"ImageObject","inLanguage":"de","@id":"https:\/\/now-news.de\/de\/deutschland\/dresdner-hammerbanden-prozess-die-avantgarde-der-zustaende\/#primaryimage","url":"https:\/\/now-news.de\/de\/wp-content\/uploads\/sites\/3\/2025\/11\/Dresdner-Hammerbanden-Prozess-Die-Avantgarde-der-Zustaende.jpg","contentUrl":"https:\/\/now-news.de\/de\/wp-content\/uploads\/sites\/3\/2025\/11\/Dresdner-Hammerbanden-Prozess-Die-Avantgarde-der-Zustaende.jpg","width":460,"height":259,"caption":"Dresdner Hammerbanden-Prozess: Die Avantgarde der Zust\u00e4nde?"},{"@type":"BreadcrumbList","@id":"https:\/\/now-news.de\/de\/deutschland\/dresdner-hammerbanden-prozess-die-avantgarde-der-zustaende\/#breadcrumb","itemListElement":[{"@type":"ListItem","position":1,"name":"Home","item":"https:\/\/now-news.de\/de\/"},{"@type":"ListItem","position":2,"name":"Dresdner Hammerbanden-Prozess: Die Avantgarde der Zust\u00e4nde?"}]},{"@type":"WebSite","@id":"https:\/\/now-news.de\/de\/#website","url":"https:\/\/now-news.de\/de\/","name":"just-now.NEWS Deutschland","description":"Das Portal f\u00fcr unzensierte Nachrichten aus der Welt","publisher":{"@id":"https:\/\/now-news.de\/de\/#organization"},"potentialAction":[{"@type":"SearchAction","target":{"@type":"EntryPoint","urlTemplate":"https:\/\/now-news.de\/de\/?s={search_term_string}"},"query-input":"required name=search_term_string"}],"inLanguage":"de"},{"@type":"Organization","@id":"https:\/\/now-news.de\/de\/#organization","name":"Just Now News","url":"https:\/\/now-news.de\/de\/","logo":{"@type":"ImageObject","inLanguage":"de","@id":"https:\/\/now-news.de\/de\/#\/schema\/logo\/image\/","url":"http:\/\/just-now.news\/de\/wp-content\/uploads\/sites\/3\/2022\/04\/logo500x500.jpg","contentUrl":"http:\/\/just-now.news\/de\/wp-content\/uploads\/sites\/3\/2022\/04\/logo500x500.jpg","width":500,"height":500,"caption":"Just Now News"},"image":{"@id":"https:\/\/now-news.de\/de\/#\/schema\/logo\/image\/"},"sameAs":["https:\/\/www.facebook.com\/wirmachenauf","https:\/\/x.com\/WirMachenAuf_de"]},{"@type":"Person","@id":"https:\/\/now-news.de\/de\/#\/schema\/person\/fb534a4e865501d8b3285208df34a9b5","name":"rtnews","image":{"@type":"ImageObject","inLanguage":"de","@id":"https:\/\/now-news.de\/de\/#\/schema\/person\/image\/","url":"https:\/\/secure.gravatar.com\/avatar\/82aafea7d8127119dd649515f56e2117?s=96&d=mm&r=g","contentUrl":"https:\/\/secure.gravatar.com\/avatar\/82aafea7d8127119dd649515f56e2117?s=96&d=mm&r=g","caption":"rtnews"},"url":"https:\/\/now-news.de\/de\/author\/rnews\/"}]}},"_links":{"self":[{"href":"https:\/\/now-news.de\/de\/wp-json\/wp\/v2\/posts\/94790"}],"collection":[{"href":"https:\/\/now-news.de\/de\/wp-json\/wp\/v2\/posts"}],"about":[{"href":"https:\/\/now-news.de\/de\/wp-json\/wp\/v2\/types\/post"}],"author":[{"embeddable":true,"href":"https:\/\/now-news.de\/de\/wp-json\/wp\/v2\/users\/3"}],"replies":[{"embeddable":true,"href":"https:\/\/now-news.de\/de\/wp-json\/wp\/v2\/comments?post=94790"}],"version-history":[{"count":0,"href":"https:\/\/now-news.de\/de\/wp-json\/wp\/v2\/posts\/94790\/revisions"}],"wp:featuredmedia":[{"embeddable":true,"href":"https:\/\/now-news.de\/de\/wp-json\/wp\/v2\/media\/94791"}],"wp:attachment":[{"href":"https:\/\/now-news.de\/de\/wp-json\/wp\/v2\/media?parent=94790"}],"wp:term":[{"taxonomy":"category","embeddable":true,"href":"https:\/\/now-news.de\/de\/wp-json\/wp\/v2\/categories?post=94790"},{"taxonomy":"post_tag","embeddable":true,"href":"https:\/\/now-news.de\/de\/wp-json\/wp\/v2\/tags?post=94790"}],"curies":[{"name":"wp","href":"https:\/\/api.w.org\/{rel}","templated":true}]}}