{"id":94762,"date":"2025-11-27T17:02:44","date_gmt":"2025-11-27T15:02:44","guid":{"rendered":"https:\/\/now-news.de\/de\/deutschland\/nach-washington-schiesserei-trump-verspricht-harte-strafe-fuer-taeter-und-abschiebungen\/"},"modified":"2025-11-27T17:02:44","modified_gmt":"2025-11-27T15:02:44","slug":"nach-washington-schiesserei-trump-verspricht-harte-strafe-fuer-taeter-und-abschiebungen","status":"publish","type":"post","link":"https:\/\/now-news.de\/de\/deutschland\/nach-washington-schiesserei-trump-verspricht-harte-strafe-fuer-taeter-und-abschiebungen\/","title":{"rendered":"Nach Washington-Schie\u00dferei: Trump verspricht harte Strafe f\u00fcr T\u00e4ter und Abschiebungen"},"content":{"rendered":"<p><img decoding=\"async\" src=\"https:\/\/now-news.de\/de\/wp-content\/uploads\/sites\/3\/2025\/11\/6928291448fbef5587015a61.jpg\" \/><\/p>\n<div class=\"Text-root Text-type_1 \">\n                Die USA werden Ausl\u00e4nder aus Afghanistan und anderen L\u00e4ndern einer sorgf\u00e4ltigeren \u00dcberpr\u00fcfung unterziehen, nachdem ein Afghane auf Nationalgardisten in Washington geschossen hat, erkl\u00e4rt Pr\u00e4sident Donald Trump. Er verspricht zudem die h\u00f6chstm\u00f6gliche Strafe f\u00fcr den T\u00e4ter.\n            <\/div>\n<p><\/p>\n<div class=\"Text-root Text-type_5 ArticleView-text ViewText-root \">\n<p>US-Pr\u00e4sident Donald Trump hat den bewaffneten Angriff auf zwei Mitglieder der Nationalgarde am Mittwoch in Washington als &#8220;abscheulichen Anschlag&#8221; und &#8220;b\u00f6sen Akt von Hass und Terror&#8221; verurteilt. F\u00fcr den Sch\u00fctzen stellte das Staatsoberhaupt die h\u00f6chstm\u00f6glichste Strafe in Aussicht. Der Mann werde schnell und\u00a0konsequent zur Rechenschaft gezogen.<\/p>\n<p>Die Schie\u00dferei betone die gr\u00f6\u00dfte Gefahr f\u00fcr die nationale Sicherheit des Landes, setzte Trump fort. Hierbei machte der Pr\u00e4sident darauf aufmerksam, dass der Sch\u00fctze als Afghane identifiziert wurde, der im Jahr 2021 unter der Regierung von Joe Biden in die USA eingereist war. Die aktuelle Administration sollte nun jeden einzelnen Ausl\u00e4nder \u00fcberpr\u00fcfen, der w\u00e4hrend Bidens Amtszeit aus Afghanistan gekommen sei. Au\u00dferdem werde Washington alle notwendigen Ma\u00dfnahmen treffen, um jeden Ausl\u00e4nder aus jedem Land abzuschieben, der keinen Platz in den USA habe oder dem Land keinen Nutzen bringe. Trump betonte:<\/p>\n<blockquote>\n<p><em>&#8220;Die vorherige Regierung hat 20 Millionen unbekannte und nicht \u00fcberpr\u00fcfte Ausl\u00e4nder aus der ganzen Welt reingelassen \u2012 aus den Orten, von denen ihr gar nichts wissen wollt. Kein Land kann ein solches Risiko f\u00fcr sein \u00dcberleben dulden.&#8221;<\/em><\/p>\n<\/blockquote>\n<p>Die US-Einwanderungs- und Ausl\u00e4nderbeh\u00f6rde <a rel=\"nofollow noopener\" target=\"_blank\" href=\"https:\/\/x.com\/USCIS\/status\/1993882694640415163?s=20\">erkl\u00e4rte<\/a>\u00a0am Mittwoch, dass die Bearbeitung von Antr\u00e4gen afghanischer Staatsangeh\u00f6riger bis auf Weiteres eingestellt wurde und erst nach Abschluss einer Untersuchung der Sicherheits- und \u00dcberpr\u00fcfungsprotokolle wieder aufgenommen wird.<\/p>\n<p>Kurz davor gab das Ministerium f\u00fcr Innere Sicherheit bekannt, es <a rel=\"nofollow noopener\" target=\"_blank\" href=\"https:\/\/www.dhs.gov\/news\/2025\/11\/26\/terrorist-who-shot-two-national-guard-members-dc-was-let-country-biden\">handele<\/a> sich bei dem Verbrecher um einen afghanischen Staatsb\u00fcrger namens Rahmanullah Lakanwal. Er soll im Jahr 2021 in die USA eingereist sein, und zwar im Rahmen der Operation &#8220;Allies Welcome&#8221; zur Umsiedlung gef\u00e4hrdeter Afghanen, einschlie\u00dflich derjenigen, die mit US-Truppen in Afghanistan zusammenarbeiteten.<\/p>\n<p>Die\u00a0Schie\u00dferei ereignete sich im Zentrum der US-Hauptstadt in unmittelbarer N\u00e4he des Wei\u00dfen Hauses. Dabei erlitten\u00a0zwei Nationalgardisten aus dem Bundesstaat West Virginia Verletzungen. Der Sch\u00fctze konnte vor Ort in Gewahrsam genommen werden.<\/p>\n<p><strong>Mehr zum Thema<\/strong> \u2013 <a rel=\"nofollow noopener\" target=\"_blank\" href=\"https:\/\/freedert.online\/nordamerika\/263040-mehrere-mitglieder-nationalgarde-nahe-weissen\/\">Mehrere Mitglieder der Nationalgarde nahe des Wei\u00dfen Hauses niedergeschossen<\/a><\/p>\n<div class=\"EmbedBlock-root EmbedBlock-externalVideo EmbedBlock-rumble\">\n<div class=\"VkEmbed\"><iframe class=\"lazyload\" data-src=\"https:\/\/rumble.com\/embed\/v6zwpfe\" frameborder=\"0\" width=\"853\" height=\"480\" allowfullscreen><\/iframe><\/div>\n<\/div>\n<\/div>\n<p><br \/>\n<br \/><a href=\"https:\/\/de.rt.com\/nordamerika\/263076-nach-washington-schiesserei-trump-verspricht\/\">Source link <\/a><\/p>\n","protected":false},"excerpt":{"rendered":"<p>Die USA werden Ausl\u00e4nder aus Afghanistan und anderen L\u00e4ndern einer sorgf\u00e4ltigeren \u00dcberpr\u00fcfung unterziehen, nachdem ein Afghane auf Nationalgardisten in Washington geschossen hat, erkl\u00e4rt Pr\u00e4sident Donald Trump. Er verspricht zudem die h\u00f6chstm\u00f6gliche Strafe f\u00fcr den T\u00e4ter. US-Pr\u00e4sident Donald Trump hat den bewaffneten Angriff auf zwei Mitglieder der Nationalgarde am Mittwoch in Washington als &#8220;abscheulichen Anschlag&#8221; und [&hellip;]<\/p>\n","protected":false},"author":3,"featured_media":94763,"comment_status":"open","ping_status":"open","sticky":false,"template":"","format":"standard","meta":{"_yoast_indexnow_last_ping":["1764256492"],"wp_automatic_camp":["217"],"acc7aba6648a36eca06e0aaf86db91aa":["Nach Washington-Schie\u00dferei: Trump verspricht harte Strafe f\u00fcr T\u00e4ter und Abschiebungen"],"original_link":["https:\/\/de.rt.com\/nordamerika\/263076-nach-washington-schiesserei-trump-verspricht\/"],"_thumbnail_id":["94763"],"jnews_social_counter_last_update":["1777175286"],"_wptgpro_p2tg_sent2tg":["a:1:{i:23737;s:19:\"2025-11-27 17:15:58\";}"]},"categories":[19,23],"tags":[13836,221,19512,979,11215,7079,1639,140,958,69476],"yoast_head":"<!-- This site is optimized with the Yoast SEO Premium plugin v22.7 (Yoast SEO v22.7) - https:\/\/yoast.com\/wordpress\/plugins\/seo\/ -->\n<title>Nach Washington-Schie\u00dferei: Trump verspricht harte Strafe f\u00fcr T\u00e4ter und Abschiebungen - just-now.NEWS Deutschland<\/title>\n<meta name=\"robots\" content=\"index, follow, max-snippet:-1, max-image-preview:large, max-video-preview:-1\" \/>\n<link rel=\"canonical\" href=\"https:\/\/now-news.de\/de\/deutschland\/nach-washington-schiesserei-trump-verspricht-harte-strafe-fuer-taeter-und-abschiebungen\/\" \/>\n<meta property=\"og:locale\" content=\"de_DE\" \/>\n<meta property=\"og:type\" content=\"article\" \/>\n<meta property=\"og:title\" content=\"Nach Washington-Schie\u00dferei: Trump verspricht harte Strafe f\u00fcr T\u00e4ter und Abschiebungen\" \/>\n<meta property=\"og:description\" content=\"Die USA werden Ausl\u00e4nder aus Afghanistan und anderen L\u00e4ndern einer sorgf\u00e4ltigeren \u00dcberpr\u00fcfung unterziehen, nachdem ein Afghane auf Nationalgardisten in Washington geschossen hat, erkl\u00e4rt Pr\u00e4sident Donald Trump. Er verspricht zudem die h\u00f6chstm\u00f6gliche Strafe f\u00fcr den T\u00e4ter. US-Pr\u00e4sident Donald Trump hat den bewaffneten Angriff auf zwei Mitglieder der Nationalgarde am Mittwoch in Washington als &#8220;abscheulichen Anschlag&#8221; und [&hellip;]\" \/>\n<meta property=\"og:url\" content=\"https:\/\/now-news.de\/de\/deutschland\/nach-washington-schiesserei-trump-verspricht-harte-strafe-fuer-taeter-und-abschiebungen\/\" \/>\n<meta property=\"og:site_name\" content=\"just-now.NEWS Deutschland\" \/>\n<meta property=\"article:publisher\" content=\"https:\/\/www.facebook.com\/wirmachenauf\" \/>\n<meta property=\"article:published_time\" content=\"2025-11-27T15:02:44+00:00\" \/>\n<meta property=\"og:image\" content=\"https:\/\/now-news.de\/de\/wp-content\/uploads\/sites\/3\/2025\/11\/6928291448fbef5587015a61.jpg\" \/>\n<meta name=\"author\" content=\"rtnews\" \/>\n<meta name=\"twitter:card\" content=\"summary_large_image\" \/>\n<meta name=\"twitter:creator\" content=\"@WirMachenAuf_de\" \/>\n<meta name=\"twitter:site\" content=\"@WirMachenAuf_de\" \/>\n<meta name=\"twitter:label1\" content=\"Verfasst von\" \/>\n\t<meta name=\"twitter:data1\" content=\"rtnews\" \/>\n\t<meta name=\"twitter:label2\" content=\"Gesch\u00e4tzte Lesezeit\" \/>\n\t<meta name=\"twitter:data2\" content=\"2\u00a0Minuten\" \/>\n<script type=\"application\/ld+json\" class=\"yoast-schema-graph\">{\"@context\":\"https:\/\/schema.org\",\"@graph\":[{\"@type\":\"Article\",\"@id\":\"https:\/\/now-news.de\/de\/deutschland\/nach-washington-schiesserei-trump-verspricht-harte-strafe-fuer-taeter-und-abschiebungen\/#article\",\"isPartOf\":{\"@id\":\"https:\/\/now-news.de\/de\/deutschland\/nach-washington-schiesserei-trump-verspricht-harte-strafe-fuer-taeter-und-abschiebungen\/\"},\"author\":{\"name\":\"rtnews\",\"@id\":\"https:\/\/now-news.de\/de\/#\/schema\/person\/fb534a4e865501d8b3285208df34a9b5\"},\"headline\":\"Nach Washington-Schie\u00dferei: Trump verspricht harte Strafe f\u00fcr T\u00e4ter und Abschiebungen\",\"datePublished\":\"2025-11-27T15:02:44+00:00\",\"dateModified\":\"2025-11-27T15:02:44+00:00\",\"mainEntityOfPage\":{\"@id\":\"https:\/\/now-news.de\/de\/deutschland\/nach-washington-schiesserei-trump-verspricht-harte-strafe-fuer-taeter-und-abschiebungen\/\"},\"wordCount\":394,\"commentCount\":0,\"publisher\":{\"@id\":\"https:\/\/now-news.de\/de\/#organization\"},\"image\":{\"@id\":\"https:\/\/now-news.de\/de\/deutschland\/nach-washington-schiesserei-trump-verspricht-harte-strafe-fuer-taeter-und-abschiebungen\/#primaryimage\"},\"thumbnailUrl\":\"https:\/\/now-news.de\/de\/wp-content\/uploads\/sites\/3\/2025\/11\/Nach-Washington-Schiesserei-Trump-verspricht-harte-Strafe-fuer-Taeter-und-Abschiebungen.jpg\",\"keywords\":[\"Abschiebungen\",\"f\u00fcr\",\"Harte\",\"nach\",\"Strafe\",\"T\u00e4ter\",\"trump\",\"und\",\"verspricht\",\"WashingtonSchie\u00dferei\"],\"articleSection\":[\"Deutschland\",\"Russland\"],\"inLanguage\":\"de\",\"potentialAction\":[{\"@type\":\"CommentAction\",\"name\":\"Comment\",\"target\":[\"https:\/\/now-news.de\/de\/deutschland\/nach-washington-schiesserei-trump-verspricht-harte-strafe-fuer-taeter-und-abschiebungen\/#respond\"]}]},{\"@type\":\"WebPage\",\"@id\":\"https:\/\/now-news.de\/de\/deutschland\/nach-washington-schiesserei-trump-verspricht-harte-strafe-fuer-taeter-und-abschiebungen\/\",\"url\":\"https:\/\/now-news.de\/de\/deutschland\/nach-washington-schiesserei-trump-verspricht-harte-strafe-fuer-taeter-und-abschiebungen\/\",\"name\":\"Nach Washington-Schie\u00dferei: Trump verspricht harte Strafe f\u00fcr T\u00e4ter und Abschiebungen - just-now.NEWS Deutschland\",\"isPartOf\":{\"@id\":\"https:\/\/now-news.de\/de\/#website\"},\"primaryImageOfPage\":{\"@id\":\"https:\/\/now-news.de\/de\/deutschland\/nach-washington-schiesserei-trump-verspricht-harte-strafe-fuer-taeter-und-abschiebungen\/#primaryimage\"},\"image\":{\"@id\":\"https:\/\/now-news.de\/de\/deutschland\/nach-washington-schiesserei-trump-verspricht-harte-strafe-fuer-taeter-und-abschiebungen\/#primaryimage\"},\"thumbnailUrl\":\"https:\/\/now-news.de\/de\/wp-content\/uploads\/sites\/3\/2025\/11\/Nach-Washington-Schiesserei-Trump-verspricht-harte-Strafe-fuer-Taeter-und-Abschiebungen.jpg\",\"datePublished\":\"2025-11-27T15:02:44+00:00\",\"dateModified\":\"2025-11-27T15:02:44+00:00\",\"breadcrumb\":{\"@id\":\"https:\/\/now-news.de\/de\/deutschland\/nach-washington-schiesserei-trump-verspricht-harte-strafe-fuer-taeter-und-abschiebungen\/#breadcrumb\"},\"inLanguage\":\"de\",\"potentialAction\":[{\"@type\":\"ReadAction\",\"target\":[\"https:\/\/now-news.de\/de\/deutschland\/nach-washington-schiesserei-trump-verspricht-harte-strafe-fuer-taeter-und-abschiebungen\/\"]}]},{\"@type\":\"ImageObject\",\"inLanguage\":\"de\",\"@id\":\"https:\/\/now-news.de\/de\/deutschland\/nach-washington-schiesserei-trump-verspricht-harte-strafe-fuer-taeter-und-abschiebungen\/#primaryimage\",\"url\":\"https:\/\/now-news.de\/de\/wp-content\/uploads\/sites\/3\/2025\/11\/Nach-Washington-Schiesserei-Trump-verspricht-harte-Strafe-fuer-Taeter-und-Abschiebungen.jpg\",\"contentUrl\":\"https:\/\/now-news.de\/de\/wp-content\/uploads\/sites\/3\/2025\/11\/Nach-Washington-Schiesserei-Trump-verspricht-harte-Strafe-fuer-Taeter-und-Abschiebungen.jpg\",\"width\":460,\"height\":259,\"caption\":\"Nach Washington-Schie\u00dferei: Trump verspricht harte Strafe f\u00fcr T\u00e4ter und Abschiebungen\"},{\"@type\":\"BreadcrumbList\",\"@id\":\"https:\/\/now-news.de\/de\/deutschland\/nach-washington-schiesserei-trump-verspricht-harte-strafe-fuer-taeter-und-abschiebungen\/#breadcrumb\",\"itemListElement\":[{\"@type\":\"ListItem\",\"position\":1,\"name\":\"Home\",\"item\":\"https:\/\/now-news.de\/de\/\"},{\"@type\":\"ListItem\",\"position\":2,\"name\":\"Nach Washington-Schie\u00dferei: Trump verspricht harte Strafe f\u00fcr T\u00e4ter und Abschiebungen\"}]},{\"@type\":\"WebSite\",\"@id\":\"https:\/\/now-news.de\/de\/#website\",\"url\":\"https:\/\/now-news.de\/de\/\",\"name\":\"just-now.NEWS Deutschland\",\"description\":\"Das Portal f\u00fcr unzensierte Nachrichten aus der Welt\",\"publisher\":{\"@id\":\"https:\/\/now-news.de\/de\/#organization\"},\"potentialAction\":[{\"@type\":\"SearchAction\",\"target\":{\"@type\":\"EntryPoint\",\"urlTemplate\":\"https:\/\/now-news.de\/de\/?s={search_term_string}\"},\"query-input\":\"required name=search_term_string\"}],\"inLanguage\":\"de\"},{\"@type\":\"Organization\",\"@id\":\"https:\/\/now-news.de\/de\/#organization\",\"name\":\"Just Now News\",\"url\":\"https:\/\/now-news.de\/de\/\",\"logo\":{\"@type\":\"ImageObject\",\"inLanguage\":\"de\",\"@id\":\"https:\/\/now-news.de\/de\/#\/schema\/logo\/image\/\",\"url\":\"http:\/\/just-now.news\/de\/wp-content\/uploads\/sites\/3\/2022\/04\/logo500x500.jpg\",\"contentUrl\":\"http:\/\/just-now.news\/de\/wp-content\/uploads\/sites\/3\/2022\/04\/logo500x500.jpg\",\"width\":500,\"height\":500,\"caption\":\"Just Now News\"},\"image\":{\"@id\":\"https:\/\/now-news.de\/de\/#\/schema\/logo\/image\/\"},\"sameAs\":[\"https:\/\/www.facebook.com\/wirmachenauf\",\"https:\/\/x.com\/WirMachenAuf_de\"]},{\"@type\":\"Person\",\"@id\":\"https:\/\/now-news.de\/de\/#\/schema\/person\/fb534a4e865501d8b3285208df34a9b5\",\"name\":\"rtnews\",\"image\":{\"@type\":\"ImageObject\",\"inLanguage\":\"de\",\"@id\":\"https:\/\/now-news.de\/de\/#\/schema\/person\/image\/\",\"url\":\"https:\/\/secure.gravatar.com\/avatar\/82aafea7d8127119dd649515f56e2117?s=96&d=mm&r=g\",\"contentUrl\":\"https:\/\/secure.gravatar.com\/avatar\/82aafea7d8127119dd649515f56e2117?s=96&d=mm&r=g\",\"caption\":\"rtnews\"},\"url\":\"https:\/\/now-news.de\/de\/author\/rnews\/\"}]}<\/script>\n<!-- \/ Yoast SEO Premium plugin. -->","yoast_head_json":{"title":"Nach Washington-Schie\u00dferei: Trump verspricht harte Strafe f\u00fcr T\u00e4ter und Abschiebungen - just-now.NEWS Deutschland","robots":{"index":"index","follow":"follow","max-snippet":"max-snippet:-1","max-image-preview":"max-image-preview:large","max-video-preview":"max-video-preview:-1"},"canonical":"https:\/\/now-news.de\/de\/deutschland\/nach-washington-schiesserei-trump-verspricht-harte-strafe-fuer-taeter-und-abschiebungen\/","og_locale":"de_DE","og_type":"article","og_title":"Nach Washington-Schie\u00dferei: Trump verspricht harte Strafe f\u00fcr T\u00e4ter und Abschiebungen","og_description":"Die USA werden Ausl\u00e4nder aus Afghanistan und anderen L\u00e4ndern einer sorgf\u00e4ltigeren \u00dcberpr\u00fcfung unterziehen, nachdem ein Afghane auf Nationalgardisten in Washington geschossen hat, erkl\u00e4rt Pr\u00e4sident Donald Trump. Er verspricht zudem die h\u00f6chstm\u00f6gliche Strafe f\u00fcr den T\u00e4ter. US-Pr\u00e4sident Donald Trump hat den bewaffneten Angriff auf zwei Mitglieder der Nationalgarde am Mittwoch in Washington als &#8220;abscheulichen Anschlag&#8221; und [&hellip;]","og_url":"https:\/\/now-news.de\/de\/deutschland\/nach-washington-schiesserei-trump-verspricht-harte-strafe-fuer-taeter-und-abschiebungen\/","og_site_name":"just-now.NEWS Deutschland","article_publisher":"https:\/\/www.facebook.com\/wirmachenauf","article_published_time":"2025-11-27T15:02:44+00:00","og_image":[{"url":"https:\/\/now-news.de\/de\/wp-content\/uploads\/sites\/3\/2025\/11\/6928291448fbef5587015a61.jpg"}],"author":"rtnews","twitter_card":"summary_large_image","twitter_creator":"@WirMachenAuf_de","twitter_site":"@WirMachenAuf_de","twitter_misc":{"Verfasst von":"rtnews","Gesch\u00e4tzte Lesezeit":"2\u00a0Minuten"},"schema":{"@context":"https:\/\/schema.org","@graph":[{"@type":"Article","@id":"https:\/\/now-news.de\/de\/deutschland\/nach-washington-schiesserei-trump-verspricht-harte-strafe-fuer-taeter-und-abschiebungen\/#article","isPartOf":{"@id":"https:\/\/now-news.de\/de\/deutschland\/nach-washington-schiesserei-trump-verspricht-harte-strafe-fuer-taeter-und-abschiebungen\/"},"author":{"name":"rtnews","@id":"https:\/\/now-news.de\/de\/#\/schema\/person\/fb534a4e865501d8b3285208df34a9b5"},"headline":"Nach Washington-Schie\u00dferei: Trump verspricht harte Strafe f\u00fcr T\u00e4ter und Abschiebungen","datePublished":"2025-11-27T15:02:44+00:00","dateModified":"2025-11-27T15:02:44+00:00","mainEntityOfPage":{"@id":"https:\/\/now-news.de\/de\/deutschland\/nach-washington-schiesserei-trump-verspricht-harte-strafe-fuer-taeter-und-abschiebungen\/"},"wordCount":394,"commentCount":0,"publisher":{"@id":"https:\/\/now-news.de\/de\/#organization"},"image":{"@id":"https:\/\/now-news.de\/de\/deutschland\/nach-washington-schiesserei-trump-verspricht-harte-strafe-fuer-taeter-und-abschiebungen\/#primaryimage"},"thumbnailUrl":"https:\/\/now-news.de\/de\/wp-content\/uploads\/sites\/3\/2025\/11\/Nach-Washington-Schiesserei-Trump-verspricht-harte-Strafe-fuer-Taeter-und-Abschiebungen.jpg","keywords":["Abschiebungen","f\u00fcr","Harte","nach","Strafe","T\u00e4ter","trump","und","verspricht","WashingtonSchie\u00dferei"],"articleSection":["Deutschland","Russland"],"inLanguage":"de","potentialAction":[{"@type":"CommentAction","name":"Comment","target":["https:\/\/now-news.de\/de\/deutschland\/nach-washington-schiesserei-trump-verspricht-harte-strafe-fuer-taeter-und-abschiebungen\/#respond"]}]},{"@type":"WebPage","@id":"https:\/\/now-news.de\/de\/deutschland\/nach-washington-schiesserei-trump-verspricht-harte-strafe-fuer-taeter-und-abschiebungen\/","url":"https:\/\/now-news.de\/de\/deutschland\/nach-washington-schiesserei-trump-verspricht-harte-strafe-fuer-taeter-und-abschiebungen\/","name":"Nach Washington-Schie\u00dferei: Trump verspricht harte Strafe f\u00fcr T\u00e4ter und Abschiebungen - just-now.NEWS Deutschland","isPartOf":{"@id":"https:\/\/now-news.de\/de\/#website"},"primaryImageOfPage":{"@id":"https:\/\/now-news.de\/de\/deutschland\/nach-washington-schiesserei-trump-verspricht-harte-strafe-fuer-taeter-und-abschiebungen\/#primaryimage"},"image":{"@id":"https:\/\/now-news.de\/de\/deutschland\/nach-washington-schiesserei-trump-verspricht-harte-strafe-fuer-taeter-und-abschiebungen\/#primaryimage"},"thumbnailUrl":"https:\/\/now-news.de\/de\/wp-content\/uploads\/sites\/3\/2025\/11\/Nach-Washington-Schiesserei-Trump-verspricht-harte-Strafe-fuer-Taeter-und-Abschiebungen.jpg","datePublished":"2025-11-27T15:02:44+00:00","dateModified":"2025-11-27T15:02:44+00:00","breadcrumb":{"@id":"https:\/\/now-news.de\/de\/deutschland\/nach-washington-schiesserei-trump-verspricht-harte-strafe-fuer-taeter-und-abschiebungen\/#breadcrumb"},"inLanguage":"de","potentialAction":[{"@type":"ReadAction","target":["https:\/\/now-news.de\/de\/deutschland\/nach-washington-schiesserei-trump-verspricht-harte-strafe-fuer-taeter-und-abschiebungen\/"]}]},{"@type":"ImageObject","inLanguage":"de","@id":"https:\/\/now-news.de\/de\/deutschland\/nach-washington-schiesserei-trump-verspricht-harte-strafe-fuer-taeter-und-abschiebungen\/#primaryimage","url":"https:\/\/now-news.de\/de\/wp-content\/uploads\/sites\/3\/2025\/11\/Nach-Washington-Schiesserei-Trump-verspricht-harte-Strafe-fuer-Taeter-und-Abschiebungen.jpg","contentUrl":"https:\/\/now-news.de\/de\/wp-content\/uploads\/sites\/3\/2025\/11\/Nach-Washington-Schiesserei-Trump-verspricht-harte-Strafe-fuer-Taeter-und-Abschiebungen.jpg","width":460,"height":259,"caption":"Nach Washington-Schie\u00dferei: Trump verspricht harte Strafe f\u00fcr T\u00e4ter und Abschiebungen"},{"@type":"BreadcrumbList","@id":"https:\/\/now-news.de\/de\/deutschland\/nach-washington-schiesserei-trump-verspricht-harte-strafe-fuer-taeter-und-abschiebungen\/#breadcrumb","itemListElement":[{"@type":"ListItem","position":1,"name":"Home","item":"https:\/\/now-news.de\/de\/"},{"@type":"ListItem","position":2,"name":"Nach Washington-Schie\u00dferei: Trump verspricht harte Strafe f\u00fcr T\u00e4ter und Abschiebungen"}]},{"@type":"WebSite","@id":"https:\/\/now-news.de\/de\/#website","url":"https:\/\/now-news.de\/de\/","name":"just-now.NEWS Deutschland","description":"Das Portal f\u00fcr unzensierte Nachrichten aus der Welt","publisher":{"@id":"https:\/\/now-news.de\/de\/#organization"},"potentialAction":[{"@type":"SearchAction","target":{"@type":"EntryPoint","urlTemplate":"https:\/\/now-news.de\/de\/?s={search_term_string}"},"query-input":"required name=search_term_string"}],"inLanguage":"de"},{"@type":"Organization","@id":"https:\/\/now-news.de\/de\/#organization","name":"Just Now News","url":"https:\/\/now-news.de\/de\/","logo":{"@type":"ImageObject","inLanguage":"de","@id":"https:\/\/now-news.de\/de\/#\/schema\/logo\/image\/","url":"http:\/\/just-now.news\/de\/wp-content\/uploads\/sites\/3\/2022\/04\/logo500x500.jpg","contentUrl":"http:\/\/just-now.news\/de\/wp-content\/uploads\/sites\/3\/2022\/04\/logo500x500.jpg","width":500,"height":500,"caption":"Just Now News"},"image":{"@id":"https:\/\/now-news.de\/de\/#\/schema\/logo\/image\/"},"sameAs":["https:\/\/www.facebook.com\/wirmachenauf","https:\/\/x.com\/WirMachenAuf_de"]},{"@type":"Person","@id":"https:\/\/now-news.de\/de\/#\/schema\/person\/fb534a4e865501d8b3285208df34a9b5","name":"rtnews","image":{"@type":"ImageObject","inLanguage":"de","@id":"https:\/\/now-news.de\/de\/#\/schema\/person\/image\/","url":"https:\/\/secure.gravatar.com\/avatar\/82aafea7d8127119dd649515f56e2117?s=96&d=mm&r=g","contentUrl":"https:\/\/secure.gravatar.com\/avatar\/82aafea7d8127119dd649515f56e2117?s=96&d=mm&r=g","caption":"rtnews"},"url":"https:\/\/now-news.de\/de\/author\/rnews\/"}]}},"_links":{"self":[{"href":"https:\/\/now-news.de\/de\/wp-json\/wp\/v2\/posts\/94762"}],"collection":[{"href":"https:\/\/now-news.de\/de\/wp-json\/wp\/v2\/posts"}],"about":[{"href":"https:\/\/now-news.de\/de\/wp-json\/wp\/v2\/types\/post"}],"author":[{"embeddable":true,"href":"https:\/\/now-news.de\/de\/wp-json\/wp\/v2\/users\/3"}],"replies":[{"embeddable":true,"href":"https:\/\/now-news.de\/de\/wp-json\/wp\/v2\/comments?post=94762"}],"version-history":[{"count":0,"href":"https:\/\/now-news.de\/de\/wp-json\/wp\/v2\/posts\/94762\/revisions"}],"wp:featuredmedia":[{"embeddable":true,"href":"https:\/\/now-news.de\/de\/wp-json\/wp\/v2\/media\/94763"}],"wp:attachment":[{"href":"https:\/\/now-news.de\/de\/wp-json\/wp\/v2\/media?parent=94762"}],"wp:term":[{"taxonomy":"category","embeddable":true,"href":"https:\/\/now-news.de\/de\/wp-json\/wp\/v2\/categories?post=94762"},{"taxonomy":"post_tag","embeddable":true,"href":"https:\/\/now-news.de\/de\/wp-json\/wp\/v2\/tags?post=94762"}],"curies":[{"name":"wp","href":"https:\/\/api.w.org\/{rel}","templated":true}]}}