{"id":94758,"date":"2025-11-27T16:42:20","date_gmt":"2025-11-27T14:42:20","guid":{"rendered":"https:\/\/now-news.de\/de\/deutschland\/macron-verkuendet-freiwilligen-wehrdienst\/"},"modified":"2025-11-27T16:42:20","modified_gmt":"2025-11-27T14:42:20","slug":"macron-verkuendet-freiwilligen-wehrdienst","status":"publish","type":"post","link":"https:\/\/now-news.de\/de\/deutschland\/macron-verkuendet-freiwilligen-wehrdienst\/","title":{"rendered":"Macron verk\u00fcndet freiwilligen Wehrdienst"},"content":{"rendered":"<p><img decoding=\"async\" src=\"https:\/\/now-news.de\/de\/wp-content\/uploads\/sites\/3\/2025\/11\/692850eeb480cc74c86fd7fc.jpg\" \/><\/p>\n<div class=\"Text-root Text-type_1 \">\n                Ab Sommer 2026 wird Frankreich einen &#8220;rein milit\u00e4rischen und freiwilligen&#8221; Dienst einf\u00fchren, erkl\u00e4rt Pr\u00e4sident Emmanuel Macron. Seiner Ansicht nach sehnt sich die Jugend nach Freiheit und Engagement. Die Wiedereinf\u00fchrung der Wehrpflicht schlie\u00dft Macron aus.\n            <\/div>\n<p><\/p>\n<div class=\"Text-root Text-type_5 ArticleView-text ViewText-root \">\n<p>Frankreich wird ab dem n\u00e4chsten Sommer einen &#8220;neuen nationalen Dienst&#8221; schrittweise einf\u00fchren. Dies hat Pr\u00e4sident Emmanuel Macron am Donnerstag erkl\u00e4rt, als er zu Besuch auf dem Milit\u00e4rst\u00fctzpunkt der 27. Infanteriebrigade der franz\u00f6sischen Armee in der Stadt Varces-Alli\u00e8res-et-Risset nahe Grenoble war. Den Dienst beschrieb das Staatsoberhaupt als rein milit\u00e4risch und freiwillig.<\/p>\n<p>Die Aussetzung der allgemeinen Wehrpflicht bekr\u00e4ftigte Macron als gerechtfertigt und wies die Idee zur\u00fcck, eine ganze Altersgruppe zum Wehrdienst zu verpflichten. Das Land ben\u00f6tige jedoch Kr\u00e4fte zur Mobilisierung. Genau dazu sollte der freiwillige Dienst beitragen.<\/p>\n<p>Im ersten Jahr der Einf\u00fchrung m\u00f6chte Frankreich 2.000 bis 3.000 Menschen f\u00fcr den freiwilligen Dienst gewinnen und daraufhin die Zahl schrittweise erh\u00f6hen, m\u00f6glicherweise auf bis zu 50.000 Menschen im Jahr 2035. Konzentriert w\u00fcrde sich auf die Einschreibung junger Menschen im Alter von 18 bis 19 Jahren. Das Milit\u00e4r w\u00fcrde nur die aus seiner Sicht vielversprechenden Kandidaten zum freiwilligen Dienst zulassen. In einem Notfall k\u00f6nnte das Parlament zur Einberufung von Franzosen entscheiden, jedoch nur jener, die zuvor ihr Interesse am freiwilligen Dienst bekundet h\u00e4tten.<\/p>\n<p>F\u00fcr die Dauer des zehnmonatigen Dienstes sei eine Besoldung von mindestens 800 Euro pro Monat vorgesehen. Macron hob dazu hervor, dass die Freiwilligen ausschlie\u00dflich auf dem franz\u00f6sischen Staatsgebiet stationiert w\u00fcrden. Der Pr\u00e4sident f\u00fcgte hinzu:<\/p>\n<blockquote>\n<p><em>&#8220;Die Jugend sehnt sich nach Freiheit und d\u00fcrstet nach Engagement. Es existiert eine Generation, die bereit ist, f\u00fcr das Vaterland zu dienen.&#8221;<\/em><\/p>\n<\/blockquote>\n<p>Frankreich hatte die Aussetzung der allgemeinen Wehrpflicht im Jahr 1997 beschlossen. Seit Mitte 2001 wurde keine Wehrpflichtigen mehr eingezogen. Seitdem sind die franz\u00f6sischen Streitkr\u00e4fte eine Freiwilligenarmee.<\/p>\n<p><strong>Mehr zum Thema<\/strong> \u2013 <a rel=\"nofollow noopener\" target=\"_blank\" href=\"https:\/\/freedert.online\/meinung\/262840-franzoesischer-militaerchef-provoziert-vorbereitung-auf\/\">Franz\u00f6sischer Milit\u00e4rchef provoziert: &#8220;Vorbereitung auf Frontalzusammensto\u00df mit Russland&#8221;<\/a><\/p>\n<div class=\"EmbedBlock-root EmbedBlock-externalVideo EmbedBlock-rumble\">\n<div class=\"VkEmbed\"><iframe class=\"lazyload\" data-src=\"https:\/\/rumble.com\/embed\/v6ydhis\" frameborder=\"0\" width=\"853\" height=\"480\" allowfullscreen><\/iframe><\/div>\n<\/div>\n<\/div>\n<p><br \/>\n<br \/><a href=\"https:\/\/de.rt.com\/europa\/263097-macron-verkuendet-freiwilligen-wehrdienst\/\">Source link <\/a><\/p>\n","protected":false},"excerpt":{"rendered":"<p>Ab Sommer 2026 wird Frankreich einen &#8220;rein milit\u00e4rischen und freiwilligen&#8221; Dienst einf\u00fchren, erkl\u00e4rt Pr\u00e4sident Emmanuel Macron. Seiner Ansicht nach sehnt sich die Jugend nach Freiheit und Engagement. Die Wiedereinf\u00fchrung der Wehrpflicht schlie\u00dft Macron aus. Frankreich wird ab dem n\u00e4chsten Sommer einen &#8220;neuen nationalen Dienst&#8221; schrittweise einf\u00fchren. Dies hat Pr\u00e4sident Emmanuel Macron am Donnerstag erkl\u00e4rt, als [&hellip;]<\/p>\n","protected":false},"author":3,"featured_media":94759,"comment_status":"open","ping_status":"open","sticky":false,"template":"","format":"standard","meta":{"_yoast_indexnow_last_ping":["1764254556"],"wp_automatic_camp":["217"],"99487f36694a6d9c01989bce2e969da7":["Macron verk\u00fcndet freiwilligen Wehrdienst"],"original_link":["https:\/\/de.rt.com\/europa\/263097-macron-verkuendet-freiwilligen-wehrdienst\/"],"_thumbnail_id":["94759"],"jnews_social_counter_last_update":["1777395200"],"_wptgpro_p2tg_sent2tg":["a:1:{i:23737;s:19:\"2025-11-27 16:43:36\";}"]},"categories":[19,23],"tags":[26459,1711,9690,20271],"yoast_head":"<!-- This site is optimized with the Yoast SEO Premium plugin v22.7 (Yoast SEO v22.7) - https:\/\/yoast.com\/wordpress\/plugins\/seo\/ -->\n<title>Macron verk\u00fcndet freiwilligen Wehrdienst - just-now.NEWS Deutschland<\/title>\n<meta name=\"robots\" content=\"index, follow, max-snippet:-1, max-image-preview:large, max-video-preview:-1\" \/>\n<link rel=\"canonical\" href=\"https:\/\/now-news.de\/de\/deutschland\/macron-verkuendet-freiwilligen-wehrdienst\/\" \/>\n<meta property=\"og:locale\" content=\"de_DE\" \/>\n<meta property=\"og:type\" content=\"article\" \/>\n<meta property=\"og:title\" content=\"Macron verk\u00fcndet freiwilligen Wehrdienst\" \/>\n<meta property=\"og:description\" content=\"Ab Sommer 2026 wird Frankreich einen &#8220;rein milit\u00e4rischen und freiwilligen&#8221; Dienst einf\u00fchren, erkl\u00e4rt Pr\u00e4sident Emmanuel Macron. Seiner Ansicht nach sehnt sich die Jugend nach Freiheit und Engagement. Die Wiedereinf\u00fchrung der Wehrpflicht schlie\u00dft Macron aus. Frankreich wird ab dem n\u00e4chsten Sommer einen &#8220;neuen nationalen Dienst&#8221; schrittweise einf\u00fchren. Dies hat Pr\u00e4sident Emmanuel Macron am Donnerstag erkl\u00e4rt, als [&hellip;]\" \/>\n<meta property=\"og:url\" content=\"https:\/\/now-news.de\/de\/deutschland\/macron-verkuendet-freiwilligen-wehrdienst\/\" \/>\n<meta property=\"og:site_name\" content=\"just-now.NEWS Deutschland\" \/>\n<meta property=\"article:publisher\" content=\"https:\/\/www.facebook.com\/wirmachenauf\" \/>\n<meta property=\"article:published_time\" content=\"2025-11-27T14:42:20+00:00\" \/>\n<meta property=\"og:image\" content=\"https:\/\/now-news.de\/de\/wp-content\/uploads\/sites\/3\/2025\/11\/692850eeb480cc74c86fd7fc.jpg\" \/>\n<meta name=\"author\" content=\"rtnews\" \/>\n<meta name=\"twitter:card\" content=\"summary_large_image\" \/>\n<meta name=\"twitter:creator\" content=\"@WirMachenAuf_de\" \/>\n<meta name=\"twitter:site\" content=\"@WirMachenAuf_de\" \/>\n<meta name=\"twitter:label1\" content=\"Verfasst von\" \/>\n\t<meta name=\"twitter:data1\" content=\"rtnews\" \/>\n\t<meta name=\"twitter:label2\" content=\"Gesch\u00e4tzte Lesezeit\" \/>\n\t<meta name=\"twitter:data2\" content=\"2\u00a0Minuten\" \/>\n<script type=\"application\/ld+json\" class=\"yoast-schema-graph\">{\"@context\":\"https:\/\/schema.org\",\"@graph\":[{\"@type\":\"Article\",\"@id\":\"https:\/\/now-news.de\/de\/deutschland\/macron-verkuendet-freiwilligen-wehrdienst\/#article\",\"isPartOf\":{\"@id\":\"https:\/\/now-news.de\/de\/deutschland\/macron-verkuendet-freiwilligen-wehrdienst\/\"},\"author\":{\"name\":\"rtnews\",\"@id\":\"https:\/\/now-news.de\/de\/#\/schema\/person\/fb534a4e865501d8b3285208df34a9b5\"},\"headline\":\"Macron verk\u00fcndet freiwilligen Wehrdienst\",\"datePublished\":\"2025-11-27T14:42:20+00:00\",\"dateModified\":\"2025-11-27T14:42:20+00:00\",\"mainEntityOfPage\":{\"@id\":\"https:\/\/now-news.de\/de\/deutschland\/macron-verkuendet-freiwilligen-wehrdienst\/\"},\"wordCount\":333,\"commentCount\":0,\"publisher\":{\"@id\":\"https:\/\/now-news.de\/de\/#organization\"},\"image\":{\"@id\":\"https:\/\/now-news.de\/de\/deutschland\/macron-verkuendet-freiwilligen-wehrdienst\/#primaryimage\"},\"thumbnailUrl\":\"https:\/\/now-news.de\/de\/wp-content\/uploads\/sites\/3\/2025\/11\/Macron-verkuendet-freiwilligen-Wehrdienst.jpg\",\"keywords\":[\"Freiwilligen\",\"macron\",\"verk\u00fcndet\",\"Wehrdienst\"],\"articleSection\":[\"Deutschland\",\"Russland\"],\"inLanguage\":\"de\",\"potentialAction\":[{\"@type\":\"CommentAction\",\"name\":\"Comment\",\"target\":[\"https:\/\/now-news.de\/de\/deutschland\/macron-verkuendet-freiwilligen-wehrdienst\/#respond\"]}]},{\"@type\":\"WebPage\",\"@id\":\"https:\/\/now-news.de\/de\/deutschland\/macron-verkuendet-freiwilligen-wehrdienst\/\",\"url\":\"https:\/\/now-news.de\/de\/deutschland\/macron-verkuendet-freiwilligen-wehrdienst\/\",\"name\":\"Macron verk\u00fcndet freiwilligen Wehrdienst - just-now.NEWS Deutschland\",\"isPartOf\":{\"@id\":\"https:\/\/now-news.de\/de\/#website\"},\"primaryImageOfPage\":{\"@id\":\"https:\/\/now-news.de\/de\/deutschland\/macron-verkuendet-freiwilligen-wehrdienst\/#primaryimage\"},\"image\":{\"@id\":\"https:\/\/now-news.de\/de\/deutschland\/macron-verkuendet-freiwilligen-wehrdienst\/#primaryimage\"},\"thumbnailUrl\":\"https:\/\/now-news.de\/de\/wp-content\/uploads\/sites\/3\/2025\/11\/Macron-verkuendet-freiwilligen-Wehrdienst.jpg\",\"datePublished\":\"2025-11-27T14:42:20+00:00\",\"dateModified\":\"2025-11-27T14:42:20+00:00\",\"breadcrumb\":{\"@id\":\"https:\/\/now-news.de\/de\/deutschland\/macron-verkuendet-freiwilligen-wehrdienst\/#breadcrumb\"},\"inLanguage\":\"de\",\"potentialAction\":[{\"@type\":\"ReadAction\",\"target\":[\"https:\/\/now-news.de\/de\/deutschland\/macron-verkuendet-freiwilligen-wehrdienst\/\"]}]},{\"@type\":\"ImageObject\",\"inLanguage\":\"de\",\"@id\":\"https:\/\/now-news.de\/de\/deutschland\/macron-verkuendet-freiwilligen-wehrdienst\/#primaryimage\",\"url\":\"https:\/\/now-news.de\/de\/wp-content\/uploads\/sites\/3\/2025\/11\/Macron-verkuendet-freiwilligen-Wehrdienst.jpg\",\"contentUrl\":\"https:\/\/now-news.de\/de\/wp-content\/uploads\/sites\/3\/2025\/11\/Macron-verkuendet-freiwilligen-Wehrdienst.jpg\",\"width\":460,\"height\":259,\"caption\":\"Macron verk\u00fcndet freiwilligen Wehrdienst\"},{\"@type\":\"BreadcrumbList\",\"@id\":\"https:\/\/now-news.de\/de\/deutschland\/macron-verkuendet-freiwilligen-wehrdienst\/#breadcrumb\",\"itemListElement\":[{\"@type\":\"ListItem\",\"position\":1,\"name\":\"Home\",\"item\":\"https:\/\/now-news.de\/de\/\"},{\"@type\":\"ListItem\",\"position\":2,\"name\":\"Macron verk\u00fcndet freiwilligen Wehrdienst\"}]},{\"@type\":\"WebSite\",\"@id\":\"https:\/\/now-news.de\/de\/#website\",\"url\":\"https:\/\/now-news.de\/de\/\",\"name\":\"just-now.NEWS Deutschland\",\"description\":\"Das Portal f\u00fcr unzensierte Nachrichten aus der Welt\",\"publisher\":{\"@id\":\"https:\/\/now-news.de\/de\/#organization\"},\"potentialAction\":[{\"@type\":\"SearchAction\",\"target\":{\"@type\":\"EntryPoint\",\"urlTemplate\":\"https:\/\/now-news.de\/de\/?s={search_term_string}\"},\"query-input\":\"required name=search_term_string\"}],\"inLanguage\":\"de\"},{\"@type\":\"Organization\",\"@id\":\"https:\/\/now-news.de\/de\/#organization\",\"name\":\"Just Now News\",\"url\":\"https:\/\/now-news.de\/de\/\",\"logo\":{\"@type\":\"ImageObject\",\"inLanguage\":\"de\",\"@id\":\"https:\/\/now-news.de\/de\/#\/schema\/logo\/image\/\",\"url\":\"http:\/\/just-now.news\/de\/wp-content\/uploads\/sites\/3\/2022\/04\/logo500x500.jpg\",\"contentUrl\":\"http:\/\/just-now.news\/de\/wp-content\/uploads\/sites\/3\/2022\/04\/logo500x500.jpg\",\"width\":500,\"height\":500,\"caption\":\"Just Now News\"},\"image\":{\"@id\":\"https:\/\/now-news.de\/de\/#\/schema\/logo\/image\/\"},\"sameAs\":[\"https:\/\/www.facebook.com\/wirmachenauf\",\"https:\/\/x.com\/WirMachenAuf_de\"]},{\"@type\":\"Person\",\"@id\":\"https:\/\/now-news.de\/de\/#\/schema\/person\/fb534a4e865501d8b3285208df34a9b5\",\"name\":\"rtnews\",\"image\":{\"@type\":\"ImageObject\",\"inLanguage\":\"de\",\"@id\":\"https:\/\/now-news.de\/de\/#\/schema\/person\/image\/\",\"url\":\"https:\/\/secure.gravatar.com\/avatar\/82aafea7d8127119dd649515f56e2117?s=96&d=mm&r=g\",\"contentUrl\":\"https:\/\/secure.gravatar.com\/avatar\/82aafea7d8127119dd649515f56e2117?s=96&d=mm&r=g\",\"caption\":\"rtnews\"},\"url\":\"https:\/\/now-news.de\/de\/author\/rnews\/\"}]}<\/script>\n<!-- \/ Yoast SEO Premium plugin. -->","yoast_head_json":{"title":"Macron verk\u00fcndet freiwilligen Wehrdienst - just-now.NEWS Deutschland","robots":{"index":"index","follow":"follow","max-snippet":"max-snippet:-1","max-image-preview":"max-image-preview:large","max-video-preview":"max-video-preview:-1"},"canonical":"https:\/\/now-news.de\/de\/deutschland\/macron-verkuendet-freiwilligen-wehrdienst\/","og_locale":"de_DE","og_type":"article","og_title":"Macron verk\u00fcndet freiwilligen Wehrdienst","og_description":"Ab Sommer 2026 wird Frankreich einen &#8220;rein milit\u00e4rischen und freiwilligen&#8221; Dienst einf\u00fchren, erkl\u00e4rt Pr\u00e4sident Emmanuel Macron. Seiner Ansicht nach sehnt sich die Jugend nach Freiheit und Engagement. Die Wiedereinf\u00fchrung der Wehrpflicht schlie\u00dft Macron aus. Frankreich wird ab dem n\u00e4chsten Sommer einen &#8220;neuen nationalen Dienst&#8221; schrittweise einf\u00fchren. Dies hat Pr\u00e4sident Emmanuel Macron am Donnerstag erkl\u00e4rt, als [&hellip;]","og_url":"https:\/\/now-news.de\/de\/deutschland\/macron-verkuendet-freiwilligen-wehrdienst\/","og_site_name":"just-now.NEWS Deutschland","article_publisher":"https:\/\/www.facebook.com\/wirmachenauf","article_published_time":"2025-11-27T14:42:20+00:00","og_image":[{"url":"https:\/\/now-news.de\/de\/wp-content\/uploads\/sites\/3\/2025\/11\/692850eeb480cc74c86fd7fc.jpg"}],"author":"rtnews","twitter_card":"summary_large_image","twitter_creator":"@WirMachenAuf_de","twitter_site":"@WirMachenAuf_de","twitter_misc":{"Verfasst von":"rtnews","Gesch\u00e4tzte Lesezeit":"2\u00a0Minuten"},"schema":{"@context":"https:\/\/schema.org","@graph":[{"@type":"Article","@id":"https:\/\/now-news.de\/de\/deutschland\/macron-verkuendet-freiwilligen-wehrdienst\/#article","isPartOf":{"@id":"https:\/\/now-news.de\/de\/deutschland\/macron-verkuendet-freiwilligen-wehrdienst\/"},"author":{"name":"rtnews","@id":"https:\/\/now-news.de\/de\/#\/schema\/person\/fb534a4e865501d8b3285208df34a9b5"},"headline":"Macron verk\u00fcndet freiwilligen Wehrdienst","datePublished":"2025-11-27T14:42:20+00:00","dateModified":"2025-11-27T14:42:20+00:00","mainEntityOfPage":{"@id":"https:\/\/now-news.de\/de\/deutschland\/macron-verkuendet-freiwilligen-wehrdienst\/"},"wordCount":333,"commentCount":0,"publisher":{"@id":"https:\/\/now-news.de\/de\/#organization"},"image":{"@id":"https:\/\/now-news.de\/de\/deutschland\/macron-verkuendet-freiwilligen-wehrdienst\/#primaryimage"},"thumbnailUrl":"https:\/\/now-news.de\/de\/wp-content\/uploads\/sites\/3\/2025\/11\/Macron-verkuendet-freiwilligen-Wehrdienst.jpg","keywords":["Freiwilligen","macron","verk\u00fcndet","Wehrdienst"],"articleSection":["Deutschland","Russland"],"inLanguage":"de","potentialAction":[{"@type":"CommentAction","name":"Comment","target":["https:\/\/now-news.de\/de\/deutschland\/macron-verkuendet-freiwilligen-wehrdienst\/#respond"]}]},{"@type":"WebPage","@id":"https:\/\/now-news.de\/de\/deutschland\/macron-verkuendet-freiwilligen-wehrdienst\/","url":"https:\/\/now-news.de\/de\/deutschland\/macron-verkuendet-freiwilligen-wehrdienst\/","name":"Macron verk\u00fcndet freiwilligen Wehrdienst - just-now.NEWS Deutschland","isPartOf":{"@id":"https:\/\/now-news.de\/de\/#website"},"primaryImageOfPage":{"@id":"https:\/\/now-news.de\/de\/deutschland\/macron-verkuendet-freiwilligen-wehrdienst\/#primaryimage"},"image":{"@id":"https:\/\/now-news.de\/de\/deutschland\/macron-verkuendet-freiwilligen-wehrdienst\/#primaryimage"},"thumbnailUrl":"https:\/\/now-news.de\/de\/wp-content\/uploads\/sites\/3\/2025\/11\/Macron-verkuendet-freiwilligen-Wehrdienst.jpg","datePublished":"2025-11-27T14:42:20+00:00","dateModified":"2025-11-27T14:42:20+00:00","breadcrumb":{"@id":"https:\/\/now-news.de\/de\/deutschland\/macron-verkuendet-freiwilligen-wehrdienst\/#breadcrumb"},"inLanguage":"de","potentialAction":[{"@type":"ReadAction","target":["https:\/\/now-news.de\/de\/deutschland\/macron-verkuendet-freiwilligen-wehrdienst\/"]}]},{"@type":"ImageObject","inLanguage":"de","@id":"https:\/\/now-news.de\/de\/deutschland\/macron-verkuendet-freiwilligen-wehrdienst\/#primaryimage","url":"https:\/\/now-news.de\/de\/wp-content\/uploads\/sites\/3\/2025\/11\/Macron-verkuendet-freiwilligen-Wehrdienst.jpg","contentUrl":"https:\/\/now-news.de\/de\/wp-content\/uploads\/sites\/3\/2025\/11\/Macron-verkuendet-freiwilligen-Wehrdienst.jpg","width":460,"height":259,"caption":"Macron verk\u00fcndet freiwilligen Wehrdienst"},{"@type":"BreadcrumbList","@id":"https:\/\/now-news.de\/de\/deutschland\/macron-verkuendet-freiwilligen-wehrdienst\/#breadcrumb","itemListElement":[{"@type":"ListItem","position":1,"name":"Home","item":"https:\/\/now-news.de\/de\/"},{"@type":"ListItem","position":2,"name":"Macron verk\u00fcndet freiwilligen Wehrdienst"}]},{"@type":"WebSite","@id":"https:\/\/now-news.de\/de\/#website","url":"https:\/\/now-news.de\/de\/","name":"just-now.NEWS Deutschland","description":"Das Portal f\u00fcr unzensierte Nachrichten aus der Welt","publisher":{"@id":"https:\/\/now-news.de\/de\/#organization"},"potentialAction":[{"@type":"SearchAction","target":{"@type":"EntryPoint","urlTemplate":"https:\/\/now-news.de\/de\/?s={search_term_string}"},"query-input":"required name=search_term_string"}],"inLanguage":"de"},{"@type":"Organization","@id":"https:\/\/now-news.de\/de\/#organization","name":"Just Now News","url":"https:\/\/now-news.de\/de\/","logo":{"@type":"ImageObject","inLanguage":"de","@id":"https:\/\/now-news.de\/de\/#\/schema\/logo\/image\/","url":"http:\/\/just-now.news\/de\/wp-content\/uploads\/sites\/3\/2022\/04\/logo500x500.jpg","contentUrl":"http:\/\/just-now.news\/de\/wp-content\/uploads\/sites\/3\/2022\/04\/logo500x500.jpg","width":500,"height":500,"caption":"Just Now News"},"image":{"@id":"https:\/\/now-news.de\/de\/#\/schema\/logo\/image\/"},"sameAs":["https:\/\/www.facebook.com\/wirmachenauf","https:\/\/x.com\/WirMachenAuf_de"]},{"@type":"Person","@id":"https:\/\/now-news.de\/de\/#\/schema\/person\/fb534a4e865501d8b3285208df34a9b5","name":"rtnews","image":{"@type":"ImageObject","inLanguage":"de","@id":"https:\/\/now-news.de\/de\/#\/schema\/person\/image\/","url":"https:\/\/secure.gravatar.com\/avatar\/82aafea7d8127119dd649515f56e2117?s=96&d=mm&r=g","contentUrl":"https:\/\/secure.gravatar.com\/avatar\/82aafea7d8127119dd649515f56e2117?s=96&d=mm&r=g","caption":"rtnews"},"url":"https:\/\/now-news.de\/de\/author\/rnews\/"}]}},"_links":{"self":[{"href":"https:\/\/now-news.de\/de\/wp-json\/wp\/v2\/posts\/94758"}],"collection":[{"href":"https:\/\/now-news.de\/de\/wp-json\/wp\/v2\/posts"}],"about":[{"href":"https:\/\/now-news.de\/de\/wp-json\/wp\/v2\/types\/post"}],"author":[{"embeddable":true,"href":"https:\/\/now-news.de\/de\/wp-json\/wp\/v2\/users\/3"}],"replies":[{"embeddable":true,"href":"https:\/\/now-news.de\/de\/wp-json\/wp\/v2\/comments?post=94758"}],"version-history":[{"count":0,"href":"https:\/\/now-news.de\/de\/wp-json\/wp\/v2\/posts\/94758\/revisions"}],"wp:featuredmedia":[{"embeddable":true,"href":"https:\/\/now-news.de\/de\/wp-json\/wp\/v2\/media\/94759"}],"wp:attachment":[{"href":"https:\/\/now-news.de\/de\/wp-json\/wp\/v2\/media?parent=94758"}],"wp:term":[{"taxonomy":"category","embeddable":true,"href":"https:\/\/now-news.de\/de\/wp-json\/wp\/v2\/categories?post=94758"},{"taxonomy":"post_tag","embeddable":true,"href":"https:\/\/now-news.de\/de\/wp-json\/wp\/v2\/tags?post=94758"}],"curies":[{"name":"wp","href":"https:\/\/api.w.org\/{rel}","templated":true}]}}