{"id":9475,"date":"2022-06-01T15:50:18","date_gmt":"2022-06-01T13:50:18","guid":{"rendered":"http:\/\/just-now.news\/de\/deutschland\/weltkindertag-moskauer-erinnerten-us-botschaft-an-die-kinder-im-donbass\/"},"modified":"2022-06-01T15:50:18","modified_gmt":"2022-06-01T13:50:18","slug":"weltkindertag-moskauer-erinnerten-us-botschaft-an-die-kinder-im-donbass","status":"publish","type":"post","link":"https:\/\/now-news.de\/de\/deutschland\/weltkindertag-moskauer-erinnerten-us-botschaft-an-die-kinder-im-donbass\/","title":{"rendered":"Weltkindertag: Moskauer erinnerten US-Botschaft an die Kinder im Donbass"},"content":{"rendered":"<p><img decoding=\"async\" src=\"http:\/\/just-now.news\/de\/wp-content\/uploads\/sites\/3\/2022\/06\/62975769b480cc02bb406edd.jpg\" \/><\/p>\n<div class=\"Text-root Text-type_1 \">\n                Der 1. Juni ist traditionell Weltkindertag. In Moskau und Donezk wurde heute an die Hunderte seit dem Jahr 2014 durch Artilleriebeschuss umgekommenen Kinder im Donbass erinnert. Proteste an der US-Botschaft lie\u00dfen keinen Zweifel, wen die russischen Aktivisten f\u00fcr verantwortlich halten.\n            <\/div>\n<p><\/p>\n<div class=\"Text-root Text-type_5 ArticleView-text ViewText-root \">\n<p>In der Nacht zum 1. Juni erinnerten engagierte Moskauer die Botschaft der USA daran, wer nach ihrer Meinung die Verantwortung f\u00fcr Hunderte in den letzten acht Jahren durch Artilleriebeschuss umgekommene Kinder im Donbass tr\u00e4gt. Sie projizierten auf die W\u00e4nde der US-Botschaft in Moskau ein Video, in dem Aufnahmen aus Donezk und Namen der dort gefallenen Kinder gezeigt wurden. Auch wurde ein Text eingeblendet, in dem behauptet wird, dass die US-Politik &#8220;die volle Verantwortung f\u00fcr alle toten Kinder im Donbass tr\u00e4gt&#8221;.<\/p>\n<div class=\"EmbedBlock-root EmbedBlock-twitter\">\n<div class=\"TwitterEmbed\">\n<blockquote class=\"twitter-tweet lazyload\" data-twitter=\"twitter-tweet\">\n<p lang=\"ru\" dir=\"ltr\">\u041d\u0430 \u043f\u043e\u0441\u043e\u043b\u044c\u0441\u0442\u0432\u043e \u0421\u0428\u0410 \u0432 \u041c\u043e\u0441\u043a\u0432\u0435 \u0441\u043f\u0440\u043e\u0435\u0446\u0438\u0440\u043e\u0432\u0430\u043b\u0438 \u0432\u0438\u0434\u0435\u043e \u0441 \u043f\u043e\u0433\u0438\u0431\u0448\u0438\u043c\u0438 \u0434\u0435\u0442\u044c\u043c\u0438 \u0414\u043e\u043d\u0431\u0430\u0441\u0441\u0430<a rel=\"nofollow noopener\" target=\"_blank\" href=\"https:\/\/t.co\/rmU5jiQt3R\">https:\/\/t.co\/rmU5jiQt3R<\/a><a rel=\"nofollow noopener\" target=\"_blank\" href=\"https:\/\/t.co\/Mrbr3DzKGI\">pic.twitter.com\/Mrbr3DzKGI<\/a><\/p>\n<p>\u2014 \u0420\u0418\u0410 \u041d\u043e\u0432\u043e\u0441\u0442\u0438 (@rianru) <a rel=\"nofollow noopener\" target=\"_blank\" href=\"https:\/\/twitter.com\/rianru\/status\/1531880125272399872?ref_src=twsrc%5Etfw\">June 1, 2022<\/a><\/p><\/blockquote>\n<\/div>\n<\/div>\n<p>Die Aktivisten veranstalteten die Aktion anl\u00e4sslich des Internationalen Kindertages, der traditionell am 1. Juni gefeiert wird. Die Teilnehmer der Auff\u00fchrung erkl\u00e4rten, dass sie die internationale Gemeinschaft daran erinnern wollten, dass das Wei\u00dfe Haus die ukrainischen Beh\u00f6rden seit vielen Jahren unterst\u00fctzt.<\/p>\n<p>Allein in der Region Donezk sind in acht Jahren seit Kriegsbeginn im Fr\u00fchjahr 2014\u00a0<a rel=\"nofollow noopener\" target=\"_blank\" href=\"https:\/\/de.rt.com\/international\/127958-menschenrechtsbeauftragte-donezk-und-lugansk-beklagen-9000-zivile-opfer\/\">mehr als 100 Kinder<\/a> durch Kriegshandlungen gestorben. Die Einheimischen nennen sie die Engel des Donbass. In Donezk wurde ein Mahnmal zum Gedenken an die Opfer errichtet. Jedes Jahr am Kindertag versammeln sich hier Hunderte von Einwohnern aus der Region, so auch dieses Jahr.\u00a0<\/p>\n<div class=\"EmbedBlock-root EmbedBlock-twitter\">\n<div class=\"TwitterEmbed\">\n<blockquote class=\"twitter-tweet lazyload\" data-twitter=\"twitter-tweet\">\n<p lang=\"ru\" dir=\"ltr\">\u0412 \u0414\u043e\u043d\u0435\u0446\u043a\u043e\u0439 \u043e\u0431\u043b\u0430\u0441\u0442\u0438 \u0437\u0430 8 \u043b\u0435\u0442 \u043f\u043e\u0433\u0438\u0431\u043b\u0438 \u0431\u043e\u043b\u044c\u0448\u0435 100 \u0434\u0435\u0442\u0435\u0439. \u041c\u0435\u0441\u0442\u043d\u044b\u0435 \u0436\u0438\u0442\u0435\u043b\u0438 \u043d\u0430\u0437\u044b\u0432\u0430\u044e\u0442 \u0438\u0445 \u0430\u043d\u0433\u0435\u043b\u0430\u043c\u0438 \u0414\u043e\u043d\u0431\u0430\u0441\u0441\u0430. \u0412 \u0414\u043e\u043d\u0435\u0446\u043a\u0435 \u0432 \u043f\u0430\u043c\u044f\u0442\u044c \u043e \u043f\u043e\u0433\u0438\u0431\u0448\u0438\u0445 \u0443\u0441\u0442\u0430\u043d\u043e\u0432\u043b\u0435\u043d \u043c\u0435\u043c\u043e\u0440\u0438\u0430\u043b. \u0415\u0436\u0435\u0433\u043e\u0434\u043d\u043e \u0432 \u0414\u0435\u043d\u044c \u0437\u0430\u0449\u0438\u0442\u044b \u0434\u0435\u0442\u0435\u0439 \u0437\u0434\u0435\u0441\u044c \u0441\u043e\u0431\u0438\u0440\u0430\u044e\u0442\u0441\u044f \u0441\u043e\u0442\u043d\u0438 \u0436\u0438\u0442\u0435\u043b\u0435\u0439 \u0414\u043e\u043d\u0435\u0446\u043a\u043e\u0439 \u043e\u0431\u043b\u0430\u0441\u0442\u0438 <a rel=\"nofollow noopener\" target=\"_blank\" href=\"https:\/\/t.co\/2Pv7FWx5Pl\">pic.twitter.com\/2Pv7FWx5Pl<\/a><\/p>\n<p>\u2014 \u0420\u0418\u0410 \u041d\u043e\u0432\u043e\u0441\u0442\u0438 (@rianru) <a rel=\"nofollow noopener\" target=\"_blank\" href=\"https:\/\/twitter.com\/rianru\/status\/1531924522370318336?ref_src=twsrc%5Etfw\">June 1, 2022<\/a><\/p><\/blockquote>\n<\/div>\n<\/div>\n<p>Nachdem Russland am 22. Februar die Unabh\u00e4ngigkeit der Volksrepubliken Donezk und Lugansk anerkannt hatte, intensivierten die ukrainischen Streitkr\u00e4fte den Beschuss der St\u00e4dte im Donbass um ein Vielfaches. Am vergangenen Montag wurden Schulen im Zentrum der Millionenstadt Donezk von Artilleriefeuer beschossen, mehrere Lehrerinnen kamen in den Tr\u00fcmmern ums Leben. Am Dienstag ist ein f\u00fcnfj\u00e4hriges M\u00e4dchen bei einem Artilleriebeschuss umgekommen.<\/p>\n<p><strong>Mehr zum Thema<\/strong> \u2013 <a rel=\"nofollow noopener\" target=\"_blank\" href=\"https:\/\/de.rt.com\/europa\/139618-tribunal-zu-graueltaten-ukrainischen-nationalismus\/\">&#8220;Selenskij ist ein Kriegsverbrecher&#8221; \u2013 Tribunal zu Gr\u00e4ueltaten des ukrainischen Nationalismus<\/a><\/p>\n<\/p>\n<\/div>\n<p><script async src=\"https:\/\/platform.twitter.com\/widgets.js\" charset=\"utf-8\"><\/script><br \/>\n<br \/><br \/>\n<br \/><a href=\"https:\/\/de.rt.com\/russland\/139941-weltkindertag-moskauer-erinnerten-us-botschaft-an-donbass\/\">Source link <\/a><\/p>\n","protected":false},"excerpt":{"rendered":"<p>Der 1. Juni ist traditionell Weltkindertag. In Moskau und Donezk wurde heute an die Hunderte seit dem Jahr 2014 durch Artilleriebeschuss umgekommenen Kinder im Donbass erinnert. Proteste an der US-Botschaft lie\u00dfen keinen Zweifel, wen die russischen Aktivisten f\u00fcr verantwortlich halten. In der Nacht zum 1. Juni erinnerten engagierte Moskauer die Botschaft der USA daran, wer [&hellip;]<\/p>\n","protected":false},"author":3,"featured_media":9476,"comment_status":"open","ping_status":"open","sticky":false,"template":"","format":"standard","meta":{"wp_automatic_camp":["217"],"17d0bab836aaa1b89cc12a4e7977bc05":["Weltkindertag: Moskauer erinnerten US-Botschaft an die Kinder im Donbass"],"original_link":["https:\/\/de.rt.com\/russland\/139941-weltkindertag-moskauer-erinnerten-us-botschaft-an-donbass\/"],"_thumbnail_id":["9476"],"_wptg_p2tg_sent2tg":["2022-06-01 15:58:23"],"jnews_social_counter_last_update":["1777422149"]},"categories":[19,23],"tags":[45,818,22695,3567,16985,22696,22694],"yoast_head":"<!-- This site is optimized with the Yoast SEO Premium plugin v22.7 (Yoast SEO v22.7) - https:\/\/yoast.com\/wordpress\/plugins\/seo\/ -->\n<title>Weltkindertag: Moskauer erinnerten US-Botschaft an die Kinder im Donbass - just-now.NEWS Deutschland<\/title>\n<meta name=\"robots\" content=\"index, follow, max-snippet:-1, max-image-preview:large, max-video-preview:-1\" \/>\n<link rel=\"canonical\" href=\"https:\/\/now-news.de\/de\/deutschland\/weltkindertag-moskauer-erinnerten-us-botschaft-an-die-kinder-im-donbass\/\" \/>\n<meta property=\"og:locale\" content=\"de_DE\" \/>\n<meta property=\"og:type\" content=\"article\" \/>\n<meta property=\"og:title\" content=\"Weltkindertag: Moskauer erinnerten US-Botschaft an die Kinder im Donbass\" \/>\n<meta property=\"og:description\" content=\"Der 1. Juni ist traditionell Weltkindertag. In Moskau und Donezk wurde heute an die Hunderte seit dem Jahr 2014 durch Artilleriebeschuss umgekommenen Kinder im Donbass erinnert. Proteste an der US-Botschaft lie\u00dfen keinen Zweifel, wen die russischen Aktivisten f\u00fcr verantwortlich halten. In der Nacht zum 1. Juni erinnerten engagierte Moskauer die Botschaft der USA daran, wer [&hellip;]\" \/>\n<meta property=\"og:url\" content=\"https:\/\/now-news.de\/de\/deutschland\/weltkindertag-moskauer-erinnerten-us-botschaft-an-die-kinder-im-donbass\/\" \/>\n<meta property=\"og:site_name\" content=\"just-now.NEWS Deutschland\" \/>\n<meta property=\"article:publisher\" content=\"https:\/\/www.facebook.com\/wirmachenauf\" \/>\n<meta property=\"article:published_time\" content=\"2022-06-01T13:50:18+00:00\" \/>\n<meta property=\"og:image\" content=\"https:\/\/now-news.de\/de\/wp-content\/uploads\/sites\/3\/2022\/06\/Weltkindertag-Moskauer-erinnerten-US-Botschaft-an-die-Kinder-im-Donbass.jpg\" \/>\n\t<meta property=\"og:image:width\" content=\"460\" \/>\n\t<meta property=\"og:image:height\" content=\"259\" \/>\n\t<meta property=\"og:image:type\" content=\"image\/jpeg\" \/>\n<meta name=\"author\" content=\"rtnews\" \/>\n<meta name=\"twitter:card\" content=\"summary_large_image\" \/>\n<meta name=\"twitter:creator\" content=\"@WirMachenAuf_de\" \/>\n<meta name=\"twitter:site\" content=\"@WirMachenAuf_de\" \/>\n<meta name=\"twitter:label1\" content=\"Verfasst von\" \/>\n\t<meta name=\"twitter:data1\" content=\"rtnews\" \/>\n\t<meta name=\"twitter:label2\" content=\"Gesch\u00e4tzte Lesezeit\" \/>\n\t<meta name=\"twitter:data2\" content=\"2\u00a0Minuten\" \/>\n<script type=\"application\/ld+json\" class=\"yoast-schema-graph\">{\"@context\":\"https:\/\/schema.org\",\"@graph\":[{\"@type\":\"Article\",\"@id\":\"https:\/\/now-news.de\/de\/deutschland\/weltkindertag-moskauer-erinnerten-us-botschaft-an-die-kinder-im-donbass\/#article\",\"isPartOf\":{\"@id\":\"https:\/\/now-news.de\/de\/deutschland\/weltkindertag-moskauer-erinnerten-us-botschaft-an-die-kinder-im-donbass\/\"},\"author\":{\"name\":\"rtnews\",\"@id\":\"https:\/\/now-news.de\/de\/#\/schema\/person\/fb534a4e865501d8b3285208df34a9b5\"},\"headline\":\"Weltkindertag: Moskauer erinnerten US-Botschaft an die Kinder im Donbass\",\"datePublished\":\"2022-06-01T13:50:18+00:00\",\"dateModified\":\"2022-06-01T13:50:18+00:00\",\"mainEntityOfPage\":{\"@id\":\"https:\/\/now-news.de\/de\/deutschland\/weltkindertag-moskauer-erinnerten-us-botschaft-an-die-kinder-im-donbass\/\"},\"wordCount\":383,\"commentCount\":0,\"publisher\":{\"@id\":\"https:\/\/now-news.de\/de\/#organization\"},\"image\":{\"@id\":\"https:\/\/now-news.de\/de\/deutschland\/weltkindertag-moskauer-erinnerten-us-botschaft-an-die-kinder-im-donbass\/#primaryimage\"},\"thumbnailUrl\":\"https:\/\/now-news.de\/de\/wp-content\/uploads\/sites\/3\/2022\/06\/Weltkindertag-Moskauer-erinnerten-US-Botschaft-an-die-Kinder-im-Donbass.jpg\",\"keywords\":[\"die\",\"Donbass\",\"erinnerten\",\"Kinder\",\"Moskauer\",\"USBotschaft\",\"Weltkindertag\"],\"articleSection\":[\"Deutschland\",\"Russland\"],\"inLanguage\":\"de\",\"potentialAction\":[{\"@type\":\"CommentAction\",\"name\":\"Comment\",\"target\":[\"https:\/\/now-news.de\/de\/deutschland\/weltkindertag-moskauer-erinnerten-us-botschaft-an-die-kinder-im-donbass\/#respond\"]}]},{\"@type\":\"WebPage\",\"@id\":\"https:\/\/now-news.de\/de\/deutschland\/weltkindertag-moskauer-erinnerten-us-botschaft-an-die-kinder-im-donbass\/\",\"url\":\"https:\/\/now-news.de\/de\/deutschland\/weltkindertag-moskauer-erinnerten-us-botschaft-an-die-kinder-im-donbass\/\",\"name\":\"Weltkindertag: Moskauer erinnerten US-Botschaft an die Kinder im Donbass - just-now.NEWS Deutschland\",\"isPartOf\":{\"@id\":\"https:\/\/now-news.de\/de\/#website\"},\"primaryImageOfPage\":{\"@id\":\"https:\/\/now-news.de\/de\/deutschland\/weltkindertag-moskauer-erinnerten-us-botschaft-an-die-kinder-im-donbass\/#primaryimage\"},\"image\":{\"@id\":\"https:\/\/now-news.de\/de\/deutschland\/weltkindertag-moskauer-erinnerten-us-botschaft-an-die-kinder-im-donbass\/#primaryimage\"},\"thumbnailUrl\":\"https:\/\/now-news.de\/de\/wp-content\/uploads\/sites\/3\/2022\/06\/Weltkindertag-Moskauer-erinnerten-US-Botschaft-an-die-Kinder-im-Donbass.jpg\",\"datePublished\":\"2022-06-01T13:50:18+00:00\",\"dateModified\":\"2022-06-01T13:50:18+00:00\",\"breadcrumb\":{\"@id\":\"https:\/\/now-news.de\/de\/deutschland\/weltkindertag-moskauer-erinnerten-us-botschaft-an-die-kinder-im-donbass\/#breadcrumb\"},\"inLanguage\":\"de\",\"potentialAction\":[{\"@type\":\"ReadAction\",\"target\":[\"https:\/\/now-news.de\/de\/deutschland\/weltkindertag-moskauer-erinnerten-us-botschaft-an-die-kinder-im-donbass\/\"]}]},{\"@type\":\"ImageObject\",\"inLanguage\":\"de\",\"@id\":\"https:\/\/now-news.de\/de\/deutschland\/weltkindertag-moskauer-erinnerten-us-botschaft-an-die-kinder-im-donbass\/#primaryimage\",\"url\":\"https:\/\/now-news.de\/de\/wp-content\/uploads\/sites\/3\/2022\/06\/Weltkindertag-Moskauer-erinnerten-US-Botschaft-an-die-Kinder-im-Donbass.jpg\",\"contentUrl\":\"https:\/\/now-news.de\/de\/wp-content\/uploads\/sites\/3\/2022\/06\/Weltkindertag-Moskauer-erinnerten-US-Botschaft-an-die-Kinder-im-Donbass.jpg\",\"width\":460,\"height\":259,\"caption\":\"Weltkindertag: Moskauer erinnerten US-Botschaft an die Kinder im Donbass\"},{\"@type\":\"BreadcrumbList\",\"@id\":\"https:\/\/now-news.de\/de\/deutschland\/weltkindertag-moskauer-erinnerten-us-botschaft-an-die-kinder-im-donbass\/#breadcrumb\",\"itemListElement\":[{\"@type\":\"ListItem\",\"position\":1,\"name\":\"Home\",\"item\":\"https:\/\/now-news.de\/de\/\"},{\"@type\":\"ListItem\",\"position\":2,\"name\":\"Weltkindertag: Moskauer erinnerten US-Botschaft an die Kinder im Donbass\"}]},{\"@type\":\"WebSite\",\"@id\":\"https:\/\/now-news.de\/de\/#website\",\"url\":\"https:\/\/now-news.de\/de\/\",\"name\":\"just-now.NEWS Deutschland\",\"description\":\"Das Portal f\u00fcr unzensierte Nachrichten aus der Welt\",\"publisher\":{\"@id\":\"https:\/\/now-news.de\/de\/#organization\"},\"potentialAction\":[{\"@type\":\"SearchAction\",\"target\":{\"@type\":\"EntryPoint\",\"urlTemplate\":\"https:\/\/now-news.de\/de\/?s={search_term_string}\"},\"query-input\":\"required name=search_term_string\"}],\"inLanguage\":\"de\"},{\"@type\":\"Organization\",\"@id\":\"https:\/\/now-news.de\/de\/#organization\",\"name\":\"Just Now News\",\"url\":\"https:\/\/now-news.de\/de\/\",\"logo\":{\"@type\":\"ImageObject\",\"inLanguage\":\"de\",\"@id\":\"https:\/\/now-news.de\/de\/#\/schema\/logo\/image\/\",\"url\":\"http:\/\/just-now.news\/de\/wp-content\/uploads\/sites\/3\/2022\/04\/logo500x500.jpg\",\"contentUrl\":\"http:\/\/just-now.news\/de\/wp-content\/uploads\/sites\/3\/2022\/04\/logo500x500.jpg\",\"width\":500,\"height\":500,\"caption\":\"Just Now News\"},\"image\":{\"@id\":\"https:\/\/now-news.de\/de\/#\/schema\/logo\/image\/\"},\"sameAs\":[\"https:\/\/www.facebook.com\/wirmachenauf\",\"https:\/\/x.com\/WirMachenAuf_de\"]},{\"@type\":\"Person\",\"@id\":\"https:\/\/now-news.de\/de\/#\/schema\/person\/fb534a4e865501d8b3285208df34a9b5\",\"name\":\"rtnews\",\"image\":{\"@type\":\"ImageObject\",\"inLanguage\":\"de\",\"@id\":\"https:\/\/now-news.de\/de\/#\/schema\/person\/image\/\",\"url\":\"https:\/\/secure.gravatar.com\/avatar\/82aafea7d8127119dd649515f56e2117?s=96&d=mm&r=g\",\"contentUrl\":\"https:\/\/secure.gravatar.com\/avatar\/82aafea7d8127119dd649515f56e2117?s=96&d=mm&r=g\",\"caption\":\"rtnews\"},\"url\":\"https:\/\/now-news.de\/de\/author\/rnews\/\"}]}<\/script>\n<!-- \/ Yoast SEO Premium plugin. -->","yoast_head_json":{"title":"Weltkindertag: Moskauer erinnerten US-Botschaft an die Kinder im Donbass - just-now.NEWS Deutschland","robots":{"index":"index","follow":"follow","max-snippet":"max-snippet:-1","max-image-preview":"max-image-preview:large","max-video-preview":"max-video-preview:-1"},"canonical":"https:\/\/now-news.de\/de\/deutschland\/weltkindertag-moskauer-erinnerten-us-botschaft-an-die-kinder-im-donbass\/","og_locale":"de_DE","og_type":"article","og_title":"Weltkindertag: Moskauer erinnerten US-Botschaft an die Kinder im Donbass","og_description":"Der 1. Juni ist traditionell Weltkindertag. In Moskau und Donezk wurde heute an die Hunderte seit dem Jahr 2014 durch Artilleriebeschuss umgekommenen Kinder im Donbass erinnert. Proteste an der US-Botschaft lie\u00dfen keinen Zweifel, wen die russischen Aktivisten f\u00fcr verantwortlich halten. In der Nacht zum 1. Juni erinnerten engagierte Moskauer die Botschaft der USA daran, wer [&hellip;]","og_url":"https:\/\/now-news.de\/de\/deutschland\/weltkindertag-moskauer-erinnerten-us-botschaft-an-die-kinder-im-donbass\/","og_site_name":"just-now.NEWS Deutschland","article_publisher":"https:\/\/www.facebook.com\/wirmachenauf","article_published_time":"2022-06-01T13:50:18+00:00","og_image":[{"width":460,"height":259,"url":"https:\/\/now-news.de\/de\/wp-content\/uploads\/sites\/3\/2022\/06\/Weltkindertag-Moskauer-erinnerten-US-Botschaft-an-die-Kinder-im-Donbass.jpg","type":"image\/jpeg"}],"author":"rtnews","twitter_card":"summary_large_image","twitter_creator":"@WirMachenAuf_de","twitter_site":"@WirMachenAuf_de","twitter_misc":{"Verfasst von":"rtnews","Gesch\u00e4tzte Lesezeit":"2\u00a0Minuten"},"schema":{"@context":"https:\/\/schema.org","@graph":[{"@type":"Article","@id":"https:\/\/now-news.de\/de\/deutschland\/weltkindertag-moskauer-erinnerten-us-botschaft-an-die-kinder-im-donbass\/#article","isPartOf":{"@id":"https:\/\/now-news.de\/de\/deutschland\/weltkindertag-moskauer-erinnerten-us-botschaft-an-die-kinder-im-donbass\/"},"author":{"name":"rtnews","@id":"https:\/\/now-news.de\/de\/#\/schema\/person\/fb534a4e865501d8b3285208df34a9b5"},"headline":"Weltkindertag: Moskauer erinnerten US-Botschaft an die Kinder im Donbass","datePublished":"2022-06-01T13:50:18+00:00","dateModified":"2022-06-01T13:50:18+00:00","mainEntityOfPage":{"@id":"https:\/\/now-news.de\/de\/deutschland\/weltkindertag-moskauer-erinnerten-us-botschaft-an-die-kinder-im-donbass\/"},"wordCount":383,"commentCount":0,"publisher":{"@id":"https:\/\/now-news.de\/de\/#organization"},"image":{"@id":"https:\/\/now-news.de\/de\/deutschland\/weltkindertag-moskauer-erinnerten-us-botschaft-an-die-kinder-im-donbass\/#primaryimage"},"thumbnailUrl":"https:\/\/now-news.de\/de\/wp-content\/uploads\/sites\/3\/2022\/06\/Weltkindertag-Moskauer-erinnerten-US-Botschaft-an-die-Kinder-im-Donbass.jpg","keywords":["die","Donbass","erinnerten","Kinder","Moskauer","USBotschaft","Weltkindertag"],"articleSection":["Deutschland","Russland"],"inLanguage":"de","potentialAction":[{"@type":"CommentAction","name":"Comment","target":["https:\/\/now-news.de\/de\/deutschland\/weltkindertag-moskauer-erinnerten-us-botschaft-an-die-kinder-im-donbass\/#respond"]}]},{"@type":"WebPage","@id":"https:\/\/now-news.de\/de\/deutschland\/weltkindertag-moskauer-erinnerten-us-botschaft-an-die-kinder-im-donbass\/","url":"https:\/\/now-news.de\/de\/deutschland\/weltkindertag-moskauer-erinnerten-us-botschaft-an-die-kinder-im-donbass\/","name":"Weltkindertag: Moskauer erinnerten US-Botschaft an die Kinder im Donbass - just-now.NEWS Deutschland","isPartOf":{"@id":"https:\/\/now-news.de\/de\/#website"},"primaryImageOfPage":{"@id":"https:\/\/now-news.de\/de\/deutschland\/weltkindertag-moskauer-erinnerten-us-botschaft-an-die-kinder-im-donbass\/#primaryimage"},"image":{"@id":"https:\/\/now-news.de\/de\/deutschland\/weltkindertag-moskauer-erinnerten-us-botschaft-an-die-kinder-im-donbass\/#primaryimage"},"thumbnailUrl":"https:\/\/now-news.de\/de\/wp-content\/uploads\/sites\/3\/2022\/06\/Weltkindertag-Moskauer-erinnerten-US-Botschaft-an-die-Kinder-im-Donbass.jpg","datePublished":"2022-06-01T13:50:18+00:00","dateModified":"2022-06-01T13:50:18+00:00","breadcrumb":{"@id":"https:\/\/now-news.de\/de\/deutschland\/weltkindertag-moskauer-erinnerten-us-botschaft-an-die-kinder-im-donbass\/#breadcrumb"},"inLanguage":"de","potentialAction":[{"@type":"ReadAction","target":["https:\/\/now-news.de\/de\/deutschland\/weltkindertag-moskauer-erinnerten-us-botschaft-an-die-kinder-im-donbass\/"]}]},{"@type":"ImageObject","inLanguage":"de","@id":"https:\/\/now-news.de\/de\/deutschland\/weltkindertag-moskauer-erinnerten-us-botschaft-an-die-kinder-im-donbass\/#primaryimage","url":"https:\/\/now-news.de\/de\/wp-content\/uploads\/sites\/3\/2022\/06\/Weltkindertag-Moskauer-erinnerten-US-Botschaft-an-die-Kinder-im-Donbass.jpg","contentUrl":"https:\/\/now-news.de\/de\/wp-content\/uploads\/sites\/3\/2022\/06\/Weltkindertag-Moskauer-erinnerten-US-Botschaft-an-die-Kinder-im-Donbass.jpg","width":460,"height":259,"caption":"Weltkindertag: Moskauer erinnerten US-Botschaft an die Kinder im Donbass"},{"@type":"BreadcrumbList","@id":"https:\/\/now-news.de\/de\/deutschland\/weltkindertag-moskauer-erinnerten-us-botschaft-an-die-kinder-im-donbass\/#breadcrumb","itemListElement":[{"@type":"ListItem","position":1,"name":"Home","item":"https:\/\/now-news.de\/de\/"},{"@type":"ListItem","position":2,"name":"Weltkindertag: Moskauer erinnerten US-Botschaft an die Kinder im Donbass"}]},{"@type":"WebSite","@id":"https:\/\/now-news.de\/de\/#website","url":"https:\/\/now-news.de\/de\/","name":"just-now.NEWS Deutschland","description":"Das Portal f\u00fcr unzensierte Nachrichten aus der Welt","publisher":{"@id":"https:\/\/now-news.de\/de\/#organization"},"potentialAction":[{"@type":"SearchAction","target":{"@type":"EntryPoint","urlTemplate":"https:\/\/now-news.de\/de\/?s={search_term_string}"},"query-input":"required name=search_term_string"}],"inLanguage":"de"},{"@type":"Organization","@id":"https:\/\/now-news.de\/de\/#organization","name":"Just Now News","url":"https:\/\/now-news.de\/de\/","logo":{"@type":"ImageObject","inLanguage":"de","@id":"https:\/\/now-news.de\/de\/#\/schema\/logo\/image\/","url":"http:\/\/just-now.news\/de\/wp-content\/uploads\/sites\/3\/2022\/04\/logo500x500.jpg","contentUrl":"http:\/\/just-now.news\/de\/wp-content\/uploads\/sites\/3\/2022\/04\/logo500x500.jpg","width":500,"height":500,"caption":"Just Now News"},"image":{"@id":"https:\/\/now-news.de\/de\/#\/schema\/logo\/image\/"},"sameAs":["https:\/\/www.facebook.com\/wirmachenauf","https:\/\/x.com\/WirMachenAuf_de"]},{"@type":"Person","@id":"https:\/\/now-news.de\/de\/#\/schema\/person\/fb534a4e865501d8b3285208df34a9b5","name":"rtnews","image":{"@type":"ImageObject","inLanguage":"de","@id":"https:\/\/now-news.de\/de\/#\/schema\/person\/image\/","url":"https:\/\/secure.gravatar.com\/avatar\/82aafea7d8127119dd649515f56e2117?s=96&d=mm&r=g","contentUrl":"https:\/\/secure.gravatar.com\/avatar\/82aafea7d8127119dd649515f56e2117?s=96&d=mm&r=g","caption":"rtnews"},"url":"https:\/\/now-news.de\/de\/author\/rnews\/"}]}},"_links":{"self":[{"href":"https:\/\/now-news.de\/de\/wp-json\/wp\/v2\/posts\/9475"}],"collection":[{"href":"https:\/\/now-news.de\/de\/wp-json\/wp\/v2\/posts"}],"about":[{"href":"https:\/\/now-news.de\/de\/wp-json\/wp\/v2\/types\/post"}],"author":[{"embeddable":true,"href":"https:\/\/now-news.de\/de\/wp-json\/wp\/v2\/users\/3"}],"replies":[{"embeddable":true,"href":"https:\/\/now-news.de\/de\/wp-json\/wp\/v2\/comments?post=9475"}],"version-history":[{"count":0,"href":"https:\/\/now-news.de\/de\/wp-json\/wp\/v2\/posts\/9475\/revisions"}],"wp:featuredmedia":[{"embeddable":true,"href":"https:\/\/now-news.de\/de\/wp-json\/wp\/v2\/media\/9476"}],"wp:attachment":[{"href":"https:\/\/now-news.de\/de\/wp-json\/wp\/v2\/media?parent=9475"}],"wp:term":[{"taxonomy":"category","embeddable":true,"href":"https:\/\/now-news.de\/de\/wp-json\/wp\/v2\/categories?post=9475"},{"taxonomy":"post_tag","embeddable":true,"href":"https:\/\/now-news.de\/de\/wp-json\/wp\/v2\/tags?post=9475"}],"curies":[{"name":"wp","href":"https:\/\/api.w.org\/{rel}","templated":true}]}}