{"id":94733,"date":"2025-11-27T07:30:00","date_gmt":"2025-11-27T05:30:00","guid":{"rendered":"https:\/\/now-news.de\/de\/deutschland\/franzoesischer-militaerchef-provoziert-vorbereitung-auf-frontalzusammenstoss-mit-russland\/"},"modified":"2025-11-27T07:30:00","modified_gmt":"2025-11-27T05:30:00","slug":"franzoesischer-militaerchef-provoziert-vorbereitung-auf-frontalzusammenstoss-mit-russland","status":"publish","type":"post","link":"https:\/\/now-news.de\/de\/deutschland\/franzoesischer-militaerchef-provoziert-vorbereitung-auf-frontalzusammenstoss-mit-russland\/","title":{"rendered":"Franz\u00f6sischer Milit\u00e4rchef provoziert: &quot;Vorbereitung auf Frontalzusammensto\u00df mit Russland&quot;"},"content":{"rendered":"<p><img decoding=\"async\" src=\"https:\/\/now-news.de\/de\/wp-content\/uploads\/sites\/3\/2025\/11\/69259f0d48fbef3e5f1726c7.jpg\" \/><\/p>\n<div class=\"Text-root Text-type_1 \">\n                Der Text analysiert die zunehmende Eskalation in der Rhetorik europ\u00e4ischer Milit\u00e4r- und Politikf\u00fchrer im Zusammenhang mit dem Ukraine-Krieg und den Spannungen mit Russland, insbesondere durch die provokativen \u00c4u\u00dferungen franz\u00f6sischer Milit\u00e4rs und die alarmistischen Reden anderer europ\u00e4ischer Staatsf\u00fchrer.\n            <\/div>\n<p><\/p>\n<div class=\"Text-root Text-type_5 ArticleView-text ViewText-root \">\n<p><em>Von Pierre Levy<\/em><\/p>\n<p>Er hat es wieder getan. Bei seiner Rede vor dem Kongress der B\u00fcrgermeister Frankreichs am 18. November wollte der Stabschef der franz\u00f6sischen Streitkr\u00e4fte offensichtlich provozieren \u2013 und seine \u00c4u\u00dferungen blieben in der Tat nicht unbemerkt. Bereits am 22. Oktober hatte er vor den Parlamentsabgeordneten erkl\u00e4rt, dass sich das Milit\u00e4r &#8220;<em>innerhalb von drei oder vier Jahren<\/em> (\u2026) <em>auf einen frontalen Zusammensto\u00df&#8221;<\/em>\u00a0mit Russland vorbereiten m\u00fcsse.<\/p>\n<p>Einen Monat sp\u00e4ter also pr\u00e4zisierte er seine Gedanken: &#8220;<em>Wir haben alles<\/em> (&#8230;), <em>um das Regime in Moskau <\/em>(sic) <em>davon abzuhalten, sein Gl\u00fcck weiter zu versuchen. Was uns fehlt, ist die Seelenst\u00e4rke, Schmerzen in Kauf zu nehmen, um das zu sch\u00fctzen, was wir sind&#8221;<\/em>. Und General Fabien Mandon erkl\u00e4rte weiter mit Nachdruck:\u00a0&#8220;<em>Wenn unser Land nachgibt, weil es nicht bereit ist, den Verlust seiner Kinder und wirtschaftliche Einbu\u00dfen hinzunehmen, weil beispielsweise die Verteidigungsproduktion Vorrang hat, wenn wir dazu nicht bereit sind, dann sind wir in Gefahr&#8221;<\/em>.<\/p>\n<p>Diese geistige Verfassung ist nicht wirklich neu. Bereits bei seinem Amtsantritt im vergangenen Sommer hatte sich sein Vorg\u00e4nger, der ihm das Amt \u00fcbergab, in \u00e4hnlichem Ton ge\u00e4u\u00dfert. Der direkt vom Pr\u00e4sidenten der Republik ernannte und als diesem sehr nahestehend bekannte (er war zuvor sein pers\u00f6nlicher Stabschef) h\u00f6chste Milit\u00e4rangeh\u00f6rige hat sich nat\u00fcrlich nicht ohne R\u00fccksprache mit Emmanuel Macron zu Wort gemeldet.<\/p>\n<p>Wahrscheinlich hatte er sogar einen Auftrag. Andernfalls k\u00f6nnte sich ein etwas naiver Geist fragen: Wenn das Land wirklich kurz vor gr\u00f6\u00dferen Angriffen russischer Truppen steht, hat der Chef der Land-, Luft- und Seestreitkr\u00e4fte dann wirklich nichts Wichtigeres zu tun, als vor den B\u00fcrgermeistern Frankreichs zu sprechen?<\/p>\n<p>General Mandon best\u00e4tigte \u00fcbrigens indirekt die Art seines Auftrags, indem er die lokalen Mandatstr\u00e4ger aufforderte: &#8220;<em>Sie m\u00fcssen in Ihren Gemeinden dar\u00fcber sprechen&#8221;<\/em>. Die B\u00fcrgermeister gelten n\u00e4mlich als die einzigen Politiker, die bei ihren Mitb\u00fcrgern noch Glaubw\u00fcrdigkeit genie\u00dfen. Der gew\u00e4hlte Ort ist daher Ausdruck eines wichtigen Anliegens: einen Kommunikationsschock zu erzeugen, zu dem der v\u00f6llig diskreditierte Herrscher im Elys\u00e9e-Palast nicht mehr in der Lage ist.<\/p>\n<p>Die Botschaft l\u00e4sst sich einfach zusammenfassen: Russland sei unser Feind; es bereite sich darauf vor, Europa anzugreifen, sobald es mit der Ukraine, &#8220;unserem letzten Bollwerk&#8221;, fertig ist. Aber dieser Botschaft fehlt eine glaubw\u00fcrdige und rationale Grundlage. Zwar ist sie seit Monaten, ja sogar Jahren der rote Faden in den Reden der europ\u00e4ischen F\u00fchrer, doch bisher hat sie die V\u00f6lker \u2013 weder in Deutschland, Italien oder Spanien noch in Frankreich \u2013 nicht davon \u00fcberzeugen k\u00f6nnen, Opfer f\u00fcr Kiew zu bringen (geschweige denn in einer Zeit, in der enorme Korruptionsskandale aufgedeckt werden, in die der engste Kreis des ukrainischen Pr\u00e4sidenten verwickelt ist).<\/p>\n<p>Im \u00dcbrigen ist die Zunahme alarmistischer und kriegstreiberischer Reden kein ausschlie\u00dflich franz\u00f6sisches Ph\u00e4nomen. Am 19. November erkl\u00e4rte der Oberbefehlshaber der schwedischen Armee, er sei \u00fcberzeugt, dass Russland bereit sei, &#8220;<em>enorme strategische Risiken einzugehen, um alles zu erreichen, was es f\u00fcr m\u00f6glich h\u00e4lt&#8221;.<\/em><\/p>\n<p>Am Tag zuvor \u2013 also am selben Tag wie die Erkl\u00e4rung von General Mandon \u2013 erkl\u00e4rte sein polnischer Amtskollege, sein Land befinde sich in einer<em> &#8220;<\/em><em>Vorkriegsphase&#8221;<\/em><em>. <\/em>Schon im Februar dieses Jahres bezeichnete ihr deutscher Kollege Russland als<em> &#8220;<\/em><em>unmittelbare Bedrohung&#8221;&#8230;<\/em> Und sein Minister, Boris Pistorius, gab Einsch\u00e4tzungen von Strategen weiter, wonach &#8220;<em>wir gerade unseren letzten Sommer in Frieden erlebt haben&#8221;<\/em>&#8230;<\/p>\n<p>Eine wesentliche Frage bleibt jedoch offen: Was auch immer man vom aktuellen Krieg halten mag, wie konnten die europ\u00e4ischen F\u00fchrer zu einem solchen Grad an Hysterie gelangen? Auch wenn es daf\u00fcr mehrere Gr\u00fcnde gibt, so muss doch die \u00fcberw\u00e4ltigende Verantwortung der Europ\u00e4ischen Union hervorgehoben werden.<\/p>\n<p>Zwar besteht, sehr zum Leidwesen der Europ\u00e4ischen Kommission, eine enorme Diskrepanz zwischen den Forderungen nach einer gemeinsamen &#8220;Verteidigung&#8221; und integrierten milit\u00e4rischen Instrumenten einerseits und den bescheidenen tats\u00e4chlichen &#8220;Fortschritten&#8221; in diesem Bereich andererseits.<\/p>\n<p>Auch die gemeinsame Au\u00dfenpolitik ist gescheitert, wie die verschiedenen &#8220;Formate&#8221; zeigen, die sich immer weiter vermehren: E3 (Paris, Berlin, London), &#8220;Weimarer Dreieck&#8221; (Paris, Berlin, Warschau), &#8220;Weimar+&#8221; (die gleichen, plus Madrid und Rom), &#8220;Koalition der Willigen&#8221;\u00a0(einschlie\u00dflich des Vereinigten K\u00f6nigreichs, Norwegens, Kanadas \u2026). Die einzige Konstellation, von der niemand mehr spricht, ist die EU mit 27 Mitgliedstaaten, so stark interne Streitigkeiten unterschwellig vorhanden sind, ganz zu schweigen von den Rivalit\u00e4ten, die gerade zwischen der Europ\u00e4ischen Kommission und dem Europ\u00e4ischen Ausw\u00e4rtigen Dienst offen zutage getreten sind.<\/p>\n<p>Die Verantwortung f\u00fcr die Eskalation ist aber weiter oben zu suchen, n\u00e4mlich im Europ\u00e4ischen Rat. Dort treffen sich die Staats- und Regierungschefs regelm\u00e4\u00dfig, und die meisten von ihnen haben dort \u2013 teilweise seit Jahren \u2013 eine Vertrautheit aufgebaut: Man duzt sich, man umarmt sich herzlich, man k\u00fcsst sich.<\/p>\n<p>Dieses Klima beg\u00fcnstigt die gegenseitige \u00dcberbietung, und bis auf wenige Ausnahmen (insbesondere Viktor Orban) w\u00fcrde es jeder als unangebracht empfinden, die Stimmung zu st\u00f6ren, indem er insbesondere in der Ukraine-Frage Widerspruch einlegt; oder sogar Nuancen geltend macht, aus Angst, als &#8220;weich&#8221; angesehen zu werden.<\/p>\n<p>Diese Konstellation hat wesentlich dazu beigetragen, dass der kriegerische Extremismus Polens oder der baltischen Staaten zur Norm unter den 27 geworden ist. Und indem sie diesen Kreis frequentieren und den Austausch in einem radikalen Ton gegen\u00fcber Moskau verst\u00e4rken, \u00fcberzeugen sich die F\u00fchrer schlie\u00dflich gegenseitig davon, dass ihre Kriegspropaganda die Realit\u00e4t widerspiegelt. Sie vergiften sich gewisserma\u00dfen selbst. Diese Betrachtung mag zwar psychologischer Natur sein, spiegelt aber dennoch einen Teil der Realit\u00e4t der kollektiven politischen Entwicklungen wider.<\/p>\n<p>Warum haben sich diese Entwicklungen in letzter Zeit beschleunigt, wie die \u00c4u\u00dferungen von General Mandon zeigen? Zweifellos ist die zunehmend heikle milit\u00e4rische Lage der Ukraine ein Teil der Erkl\u00e4rung. Hinzu kommt die Ver\u00f6ffentlichung des &#8220;Trump-Plans&#8221;, der von den europ\u00e4ischen F\u00fchrern als &#8220;Kapitulation&#8221; Kiews angesehen wird.<\/p>\n<p>Radikalisieren sich diese nun aus Missstimmung dar\u00fcber, dass sie von einem Plan ausgeschlossen wurden, zumal dieser genau das Gegenteil der Niederlage Russlands darstellt, die sie seit 2022 anstreben? Tr\u00e4umen einige von ihnen vom &#8220;n\u00e4chsten Schritt&#8221;, wenn die Amtszeit des derzeitigen US-Pr\u00e4sidenten abgelaufen ist, nach deren Ablauf sie sich gut vorstellen k\u00f6nnten, milit\u00e4risch zu einer territorialen und politischen Revanche der Ukraine beizutragen?<\/p>\n<p>Sollte dies der Fall sein, so w\u00e4re es eine illusorische Tr\u00e4umerei. Aber auch besonders gef\u00e4hrlich, denn wer mit dem Feuer spielt, geht das Risiko ein, dass es eines Tages au\u00dfer Kontrolle ger\u00e4t.<\/p>\n<p><strong>Mehr zum Thema<\/strong> &#8211;\u00a0<a rel=\"nofollow noopener\" target=\"_blank\" href=\"https:\/\/freedert.online\/europa\/262412-pariser-armeechef-frankreich-wuerde-in-moeglichem-krieg-gegen-russland-kinder-verlieren\/\">Pariser Armeechef: Frankreich w\u00fcrde in m\u00f6glichem Krieg gegen Russland &#8220;Kinder verlieren&#8221;<\/a><\/p>\n<\/div>\n<p><br \/>\n<br \/><a href=\"https:\/\/de.rt.com\/meinung\/262840-franzoesischer-militaerchef-provoziert-vorbereitung-auf\/\">Source link <\/a><\/p>\n","protected":false},"excerpt":{"rendered":"<p>Der Text analysiert die zunehmende Eskalation in der Rhetorik europ\u00e4ischer Milit\u00e4r- und Politikf\u00fchrer im Zusammenhang mit dem Ukraine-Krieg und den Spannungen mit Russland, insbesondere durch die provokativen \u00c4u\u00dferungen franz\u00f6sischer Milit\u00e4rs und die alarmistischen Reden anderer europ\u00e4ischer Staatsf\u00fchrer. Von Pierre Levy Er hat es wieder getan. Bei seiner Rede vor dem Kongress der B\u00fcrgermeister Frankreichs am [&hellip;]<\/p>\n","protected":false},"author":3,"featured_media":94734,"comment_status":"open","ping_status":"open","sticky":false,"template":"","format":"standard","meta":{"_yoast_indexnow_last_ping":["1764221615"],"wp_automatic_camp":["217"],"1f84e6aee124169be3039a7763b3d5ba":["Franz\u00f6sischer Milit\u00e4rchef provoziert: &quot;Vorbereitung auf Frontalzusammensto\u00df mit Russland&quot;"],"original_link":["https:\/\/de.rt.com\/meinung\/262840-franzoesischer-militaerchef-provoziert-vorbereitung-auf\/"],"_thumbnail_id":["94734"],"jnews_social_counter_last_update":["1777204794"],"_wptgpro_p2tg_sent2tg":["a:1:{i:23737;s:19:\"2025-11-27 07:34:46\";}"]},"categories":[19,23],"tags":[133,9154,30207,28351,419,31698,60565,24672],"yoast_head":"<!-- This site is optimized with the Yoast SEO Premium plugin v22.7 (Yoast SEO v22.7) - https:\/\/yoast.com\/wordpress\/plugins\/seo\/ -->\n<title>Franz\u00f6sischer Milit\u00e4rchef provoziert: &quot;Vorbereitung auf Frontalzusammensto\u00df mit Russland&quot; - just-now.NEWS Deutschland<\/title>\n<meta name=\"robots\" content=\"index, follow, max-snippet:-1, max-image-preview:large, max-video-preview:-1\" \/>\n<link rel=\"canonical\" href=\"https:\/\/now-news.de\/de\/deutschland\/franzoesischer-militaerchef-provoziert-vorbereitung-auf-frontalzusammenstoss-mit-russland\/\" \/>\n<meta property=\"og:locale\" content=\"de_DE\" \/>\n<meta property=\"og:type\" content=\"article\" \/>\n<meta property=\"og:title\" content=\"Franz\u00f6sischer Milit\u00e4rchef provoziert: &quot;Vorbereitung auf Frontalzusammensto\u00df mit Russland&quot;\" \/>\n<meta property=\"og:description\" content=\"Der Text analysiert die zunehmende Eskalation in der Rhetorik europ\u00e4ischer Milit\u00e4r- und Politikf\u00fchrer im Zusammenhang mit dem Ukraine-Krieg und den Spannungen mit Russland, insbesondere durch die provokativen \u00c4u\u00dferungen franz\u00f6sischer Milit\u00e4rs und die alarmistischen Reden anderer europ\u00e4ischer Staatsf\u00fchrer. Von Pierre Levy Er hat es wieder getan. Bei seiner Rede vor dem Kongress der B\u00fcrgermeister Frankreichs am [&hellip;]\" \/>\n<meta property=\"og:url\" content=\"https:\/\/now-news.de\/de\/deutschland\/franzoesischer-militaerchef-provoziert-vorbereitung-auf-frontalzusammenstoss-mit-russland\/\" \/>\n<meta property=\"og:site_name\" content=\"just-now.NEWS Deutschland\" \/>\n<meta property=\"article:publisher\" content=\"https:\/\/www.facebook.com\/wirmachenauf\" \/>\n<meta property=\"article:published_time\" content=\"2025-11-27T05:30:00+00:00\" \/>\n<meta property=\"og:image\" content=\"https:\/\/now-news.de\/de\/wp-content\/uploads\/sites\/3\/2025\/11\/69259f0d48fbef3e5f1726c7.jpg\" \/>\n<meta name=\"author\" content=\"rtnews\" \/>\n<meta name=\"twitter:card\" content=\"summary_large_image\" \/>\n<meta name=\"twitter:creator\" content=\"@WirMachenAuf_de\" \/>\n<meta name=\"twitter:site\" content=\"@WirMachenAuf_de\" \/>\n<meta name=\"twitter:label1\" content=\"Verfasst von\" \/>\n\t<meta name=\"twitter:data1\" content=\"rtnews\" \/>\n\t<meta name=\"twitter:label2\" content=\"Gesch\u00e4tzte Lesezeit\" \/>\n\t<meta name=\"twitter:data2\" content=\"6\u00a0Minuten\" \/>\n<script type=\"application\/ld+json\" class=\"yoast-schema-graph\">{\"@context\":\"https:\/\/schema.org\",\"@graph\":[{\"@type\":\"Article\",\"@id\":\"https:\/\/now-news.de\/de\/deutschland\/franzoesischer-militaerchef-provoziert-vorbereitung-auf-frontalzusammenstoss-mit-russland\/#article\",\"isPartOf\":{\"@id\":\"https:\/\/now-news.de\/de\/deutschland\/franzoesischer-militaerchef-provoziert-vorbereitung-auf-frontalzusammenstoss-mit-russland\/\"},\"author\":{\"name\":\"rtnews\",\"@id\":\"https:\/\/now-news.de\/de\/#\/schema\/person\/fb534a4e865501d8b3285208df34a9b5\"},\"headline\":\"Franz\u00f6sischer Milit\u00e4rchef provoziert: &quot;Vorbereitung auf Frontalzusammensto\u00df mit Russland&quot;\",\"datePublished\":\"2025-11-27T05:30:00+00:00\",\"dateModified\":\"2025-11-27T05:30:00+00:00\",\"mainEntityOfPage\":{\"@id\":\"https:\/\/now-news.de\/de\/deutschland\/franzoesischer-militaerchef-provoziert-vorbereitung-auf-frontalzusammenstoss-mit-russland\/\"},\"wordCount\":1156,\"commentCount\":0,\"publisher\":{\"@id\":\"https:\/\/now-news.de\/de\/#organization\"},\"image\":{\"@id\":\"https:\/\/now-news.de\/de\/deutschland\/franzoesischer-militaerchef-provoziert-vorbereitung-auf-frontalzusammenstoss-mit-russland\/#primaryimage\"},\"thumbnailUrl\":\"https:\/\/now-news.de\/de\/wp-content\/uploads\/sites\/3\/2025\/11\/Franzoesischer-Militaerchef-provoziert-quotVorbereitung-auf-Frontalzusammenstoss-mit-Russlandquot.jpg\",\"keywords\":[\"AUF\",\"franz\u00f6sischer\",\"Frontalzusammensto\u00df\",\"Milit\u00e4rchef\",\"mit\",\"provoziert\",\"quotVorbereitung\",\"Russlandquot\"],\"articleSection\":[\"Deutschland\",\"Russland\"],\"inLanguage\":\"de\",\"potentialAction\":[{\"@type\":\"CommentAction\",\"name\":\"Comment\",\"target\":[\"https:\/\/now-news.de\/de\/deutschland\/franzoesischer-militaerchef-provoziert-vorbereitung-auf-frontalzusammenstoss-mit-russland\/#respond\"]}]},{\"@type\":\"WebPage\",\"@id\":\"https:\/\/now-news.de\/de\/deutschland\/franzoesischer-militaerchef-provoziert-vorbereitung-auf-frontalzusammenstoss-mit-russland\/\",\"url\":\"https:\/\/now-news.de\/de\/deutschland\/franzoesischer-militaerchef-provoziert-vorbereitung-auf-frontalzusammenstoss-mit-russland\/\",\"name\":\"Franz\u00f6sischer Milit\u00e4rchef provoziert: &quot;Vorbereitung auf Frontalzusammensto\u00df mit Russland&quot; - just-now.NEWS Deutschland\",\"isPartOf\":{\"@id\":\"https:\/\/now-news.de\/de\/#website\"},\"primaryImageOfPage\":{\"@id\":\"https:\/\/now-news.de\/de\/deutschland\/franzoesischer-militaerchef-provoziert-vorbereitung-auf-frontalzusammenstoss-mit-russland\/#primaryimage\"},\"image\":{\"@id\":\"https:\/\/now-news.de\/de\/deutschland\/franzoesischer-militaerchef-provoziert-vorbereitung-auf-frontalzusammenstoss-mit-russland\/#primaryimage\"},\"thumbnailUrl\":\"https:\/\/now-news.de\/de\/wp-content\/uploads\/sites\/3\/2025\/11\/Franzoesischer-Militaerchef-provoziert-quotVorbereitung-auf-Frontalzusammenstoss-mit-Russlandquot.jpg\",\"datePublished\":\"2025-11-27T05:30:00+00:00\",\"dateModified\":\"2025-11-27T05:30:00+00:00\",\"breadcrumb\":{\"@id\":\"https:\/\/now-news.de\/de\/deutschland\/franzoesischer-militaerchef-provoziert-vorbereitung-auf-frontalzusammenstoss-mit-russland\/#breadcrumb\"},\"inLanguage\":\"de\",\"potentialAction\":[{\"@type\":\"ReadAction\",\"target\":[\"https:\/\/now-news.de\/de\/deutschland\/franzoesischer-militaerchef-provoziert-vorbereitung-auf-frontalzusammenstoss-mit-russland\/\"]}]},{\"@type\":\"ImageObject\",\"inLanguage\":\"de\",\"@id\":\"https:\/\/now-news.de\/de\/deutschland\/franzoesischer-militaerchef-provoziert-vorbereitung-auf-frontalzusammenstoss-mit-russland\/#primaryimage\",\"url\":\"https:\/\/now-news.de\/de\/wp-content\/uploads\/sites\/3\/2025\/11\/Franzoesischer-Militaerchef-provoziert-quotVorbereitung-auf-Frontalzusammenstoss-mit-Russlandquot.jpg\",\"contentUrl\":\"https:\/\/now-news.de\/de\/wp-content\/uploads\/sites\/3\/2025\/11\/Franzoesischer-Militaerchef-provoziert-quotVorbereitung-auf-Frontalzusammenstoss-mit-Russlandquot.jpg\",\"width\":460,\"height\":259,\"caption\":\"Franz\u00f6sischer Milit\u00e4rchef provoziert: &quot;Vorbereitung auf Frontalzusammensto\u00df mit Russland&quot;\"},{\"@type\":\"BreadcrumbList\",\"@id\":\"https:\/\/now-news.de\/de\/deutschland\/franzoesischer-militaerchef-provoziert-vorbereitung-auf-frontalzusammenstoss-mit-russland\/#breadcrumb\",\"itemListElement\":[{\"@type\":\"ListItem\",\"position\":1,\"name\":\"Home\",\"item\":\"https:\/\/now-news.de\/de\/\"},{\"@type\":\"ListItem\",\"position\":2,\"name\":\"Franz\u00f6sischer Milit\u00e4rchef provoziert: &quot;Vorbereitung auf Frontalzusammensto\u00df mit Russland&quot;\"}]},{\"@type\":\"WebSite\",\"@id\":\"https:\/\/now-news.de\/de\/#website\",\"url\":\"https:\/\/now-news.de\/de\/\",\"name\":\"just-now.NEWS Deutschland\",\"description\":\"Das Portal f\u00fcr unzensierte Nachrichten aus der Welt\",\"publisher\":{\"@id\":\"https:\/\/now-news.de\/de\/#organization\"},\"potentialAction\":[{\"@type\":\"SearchAction\",\"target\":{\"@type\":\"EntryPoint\",\"urlTemplate\":\"https:\/\/now-news.de\/de\/?s={search_term_string}\"},\"query-input\":\"required name=search_term_string\"}],\"inLanguage\":\"de\"},{\"@type\":\"Organization\",\"@id\":\"https:\/\/now-news.de\/de\/#organization\",\"name\":\"Just Now News\",\"url\":\"https:\/\/now-news.de\/de\/\",\"logo\":{\"@type\":\"ImageObject\",\"inLanguage\":\"de\",\"@id\":\"https:\/\/now-news.de\/de\/#\/schema\/logo\/image\/\",\"url\":\"http:\/\/just-now.news\/de\/wp-content\/uploads\/sites\/3\/2022\/04\/logo500x500.jpg\",\"contentUrl\":\"http:\/\/just-now.news\/de\/wp-content\/uploads\/sites\/3\/2022\/04\/logo500x500.jpg\",\"width\":500,\"height\":500,\"caption\":\"Just Now News\"},\"image\":{\"@id\":\"https:\/\/now-news.de\/de\/#\/schema\/logo\/image\/\"},\"sameAs\":[\"https:\/\/www.facebook.com\/wirmachenauf\",\"https:\/\/x.com\/WirMachenAuf_de\"]},{\"@type\":\"Person\",\"@id\":\"https:\/\/now-news.de\/de\/#\/schema\/person\/fb534a4e865501d8b3285208df34a9b5\",\"name\":\"rtnews\",\"image\":{\"@type\":\"ImageObject\",\"inLanguage\":\"de\",\"@id\":\"https:\/\/now-news.de\/de\/#\/schema\/person\/image\/\",\"url\":\"https:\/\/secure.gravatar.com\/avatar\/82aafea7d8127119dd649515f56e2117?s=96&d=mm&r=g\",\"contentUrl\":\"https:\/\/secure.gravatar.com\/avatar\/82aafea7d8127119dd649515f56e2117?s=96&d=mm&r=g\",\"caption\":\"rtnews\"},\"url\":\"https:\/\/now-news.de\/de\/author\/rnews\/\"}]}<\/script>\n<!-- \/ Yoast SEO Premium plugin. -->","yoast_head_json":{"title":"Franz\u00f6sischer Milit\u00e4rchef provoziert: &quot;Vorbereitung auf Frontalzusammensto\u00df mit Russland&quot; - just-now.NEWS Deutschland","robots":{"index":"index","follow":"follow","max-snippet":"max-snippet:-1","max-image-preview":"max-image-preview:large","max-video-preview":"max-video-preview:-1"},"canonical":"https:\/\/now-news.de\/de\/deutschland\/franzoesischer-militaerchef-provoziert-vorbereitung-auf-frontalzusammenstoss-mit-russland\/","og_locale":"de_DE","og_type":"article","og_title":"Franz\u00f6sischer Milit\u00e4rchef provoziert: &quot;Vorbereitung auf Frontalzusammensto\u00df mit Russland&quot;","og_description":"Der Text analysiert die zunehmende Eskalation in der Rhetorik europ\u00e4ischer Milit\u00e4r- und Politikf\u00fchrer im Zusammenhang mit dem Ukraine-Krieg und den Spannungen mit Russland, insbesondere durch die provokativen \u00c4u\u00dferungen franz\u00f6sischer Milit\u00e4rs und die alarmistischen Reden anderer europ\u00e4ischer Staatsf\u00fchrer. Von Pierre Levy Er hat es wieder getan. Bei seiner Rede vor dem Kongress der B\u00fcrgermeister Frankreichs am [&hellip;]","og_url":"https:\/\/now-news.de\/de\/deutschland\/franzoesischer-militaerchef-provoziert-vorbereitung-auf-frontalzusammenstoss-mit-russland\/","og_site_name":"just-now.NEWS Deutschland","article_publisher":"https:\/\/www.facebook.com\/wirmachenauf","article_published_time":"2025-11-27T05:30:00+00:00","og_image":[{"url":"https:\/\/now-news.de\/de\/wp-content\/uploads\/sites\/3\/2025\/11\/69259f0d48fbef3e5f1726c7.jpg"}],"author":"rtnews","twitter_card":"summary_large_image","twitter_creator":"@WirMachenAuf_de","twitter_site":"@WirMachenAuf_de","twitter_misc":{"Verfasst von":"rtnews","Gesch\u00e4tzte Lesezeit":"6\u00a0Minuten"},"schema":{"@context":"https:\/\/schema.org","@graph":[{"@type":"Article","@id":"https:\/\/now-news.de\/de\/deutschland\/franzoesischer-militaerchef-provoziert-vorbereitung-auf-frontalzusammenstoss-mit-russland\/#article","isPartOf":{"@id":"https:\/\/now-news.de\/de\/deutschland\/franzoesischer-militaerchef-provoziert-vorbereitung-auf-frontalzusammenstoss-mit-russland\/"},"author":{"name":"rtnews","@id":"https:\/\/now-news.de\/de\/#\/schema\/person\/fb534a4e865501d8b3285208df34a9b5"},"headline":"Franz\u00f6sischer Milit\u00e4rchef provoziert: &quot;Vorbereitung auf Frontalzusammensto\u00df mit Russland&quot;","datePublished":"2025-11-27T05:30:00+00:00","dateModified":"2025-11-27T05:30:00+00:00","mainEntityOfPage":{"@id":"https:\/\/now-news.de\/de\/deutschland\/franzoesischer-militaerchef-provoziert-vorbereitung-auf-frontalzusammenstoss-mit-russland\/"},"wordCount":1156,"commentCount":0,"publisher":{"@id":"https:\/\/now-news.de\/de\/#organization"},"image":{"@id":"https:\/\/now-news.de\/de\/deutschland\/franzoesischer-militaerchef-provoziert-vorbereitung-auf-frontalzusammenstoss-mit-russland\/#primaryimage"},"thumbnailUrl":"https:\/\/now-news.de\/de\/wp-content\/uploads\/sites\/3\/2025\/11\/Franzoesischer-Militaerchef-provoziert-quotVorbereitung-auf-Frontalzusammenstoss-mit-Russlandquot.jpg","keywords":["AUF","franz\u00f6sischer","Frontalzusammensto\u00df","Milit\u00e4rchef","mit","provoziert","quotVorbereitung","Russlandquot"],"articleSection":["Deutschland","Russland"],"inLanguage":"de","potentialAction":[{"@type":"CommentAction","name":"Comment","target":["https:\/\/now-news.de\/de\/deutschland\/franzoesischer-militaerchef-provoziert-vorbereitung-auf-frontalzusammenstoss-mit-russland\/#respond"]}]},{"@type":"WebPage","@id":"https:\/\/now-news.de\/de\/deutschland\/franzoesischer-militaerchef-provoziert-vorbereitung-auf-frontalzusammenstoss-mit-russland\/","url":"https:\/\/now-news.de\/de\/deutschland\/franzoesischer-militaerchef-provoziert-vorbereitung-auf-frontalzusammenstoss-mit-russland\/","name":"Franz\u00f6sischer Milit\u00e4rchef provoziert: &quot;Vorbereitung auf Frontalzusammensto\u00df mit Russland&quot; - just-now.NEWS Deutschland","isPartOf":{"@id":"https:\/\/now-news.de\/de\/#website"},"primaryImageOfPage":{"@id":"https:\/\/now-news.de\/de\/deutschland\/franzoesischer-militaerchef-provoziert-vorbereitung-auf-frontalzusammenstoss-mit-russland\/#primaryimage"},"image":{"@id":"https:\/\/now-news.de\/de\/deutschland\/franzoesischer-militaerchef-provoziert-vorbereitung-auf-frontalzusammenstoss-mit-russland\/#primaryimage"},"thumbnailUrl":"https:\/\/now-news.de\/de\/wp-content\/uploads\/sites\/3\/2025\/11\/Franzoesischer-Militaerchef-provoziert-quotVorbereitung-auf-Frontalzusammenstoss-mit-Russlandquot.jpg","datePublished":"2025-11-27T05:30:00+00:00","dateModified":"2025-11-27T05:30:00+00:00","breadcrumb":{"@id":"https:\/\/now-news.de\/de\/deutschland\/franzoesischer-militaerchef-provoziert-vorbereitung-auf-frontalzusammenstoss-mit-russland\/#breadcrumb"},"inLanguage":"de","potentialAction":[{"@type":"ReadAction","target":["https:\/\/now-news.de\/de\/deutschland\/franzoesischer-militaerchef-provoziert-vorbereitung-auf-frontalzusammenstoss-mit-russland\/"]}]},{"@type":"ImageObject","inLanguage":"de","@id":"https:\/\/now-news.de\/de\/deutschland\/franzoesischer-militaerchef-provoziert-vorbereitung-auf-frontalzusammenstoss-mit-russland\/#primaryimage","url":"https:\/\/now-news.de\/de\/wp-content\/uploads\/sites\/3\/2025\/11\/Franzoesischer-Militaerchef-provoziert-quotVorbereitung-auf-Frontalzusammenstoss-mit-Russlandquot.jpg","contentUrl":"https:\/\/now-news.de\/de\/wp-content\/uploads\/sites\/3\/2025\/11\/Franzoesischer-Militaerchef-provoziert-quotVorbereitung-auf-Frontalzusammenstoss-mit-Russlandquot.jpg","width":460,"height":259,"caption":"Franz\u00f6sischer Milit\u00e4rchef provoziert: &quot;Vorbereitung auf Frontalzusammensto\u00df mit Russland&quot;"},{"@type":"BreadcrumbList","@id":"https:\/\/now-news.de\/de\/deutschland\/franzoesischer-militaerchef-provoziert-vorbereitung-auf-frontalzusammenstoss-mit-russland\/#breadcrumb","itemListElement":[{"@type":"ListItem","position":1,"name":"Home","item":"https:\/\/now-news.de\/de\/"},{"@type":"ListItem","position":2,"name":"Franz\u00f6sischer Milit\u00e4rchef provoziert: &quot;Vorbereitung auf Frontalzusammensto\u00df mit Russland&quot;"}]},{"@type":"WebSite","@id":"https:\/\/now-news.de\/de\/#website","url":"https:\/\/now-news.de\/de\/","name":"just-now.NEWS Deutschland","description":"Das Portal f\u00fcr unzensierte Nachrichten aus der Welt","publisher":{"@id":"https:\/\/now-news.de\/de\/#organization"},"potentialAction":[{"@type":"SearchAction","target":{"@type":"EntryPoint","urlTemplate":"https:\/\/now-news.de\/de\/?s={search_term_string}"},"query-input":"required name=search_term_string"}],"inLanguage":"de"},{"@type":"Organization","@id":"https:\/\/now-news.de\/de\/#organization","name":"Just Now News","url":"https:\/\/now-news.de\/de\/","logo":{"@type":"ImageObject","inLanguage":"de","@id":"https:\/\/now-news.de\/de\/#\/schema\/logo\/image\/","url":"http:\/\/just-now.news\/de\/wp-content\/uploads\/sites\/3\/2022\/04\/logo500x500.jpg","contentUrl":"http:\/\/just-now.news\/de\/wp-content\/uploads\/sites\/3\/2022\/04\/logo500x500.jpg","width":500,"height":500,"caption":"Just Now News"},"image":{"@id":"https:\/\/now-news.de\/de\/#\/schema\/logo\/image\/"},"sameAs":["https:\/\/www.facebook.com\/wirmachenauf","https:\/\/x.com\/WirMachenAuf_de"]},{"@type":"Person","@id":"https:\/\/now-news.de\/de\/#\/schema\/person\/fb534a4e865501d8b3285208df34a9b5","name":"rtnews","image":{"@type":"ImageObject","inLanguage":"de","@id":"https:\/\/now-news.de\/de\/#\/schema\/person\/image\/","url":"https:\/\/secure.gravatar.com\/avatar\/82aafea7d8127119dd649515f56e2117?s=96&d=mm&r=g","contentUrl":"https:\/\/secure.gravatar.com\/avatar\/82aafea7d8127119dd649515f56e2117?s=96&d=mm&r=g","caption":"rtnews"},"url":"https:\/\/now-news.de\/de\/author\/rnews\/"}]}},"_links":{"self":[{"href":"https:\/\/now-news.de\/de\/wp-json\/wp\/v2\/posts\/94733"}],"collection":[{"href":"https:\/\/now-news.de\/de\/wp-json\/wp\/v2\/posts"}],"about":[{"href":"https:\/\/now-news.de\/de\/wp-json\/wp\/v2\/types\/post"}],"author":[{"embeddable":true,"href":"https:\/\/now-news.de\/de\/wp-json\/wp\/v2\/users\/3"}],"replies":[{"embeddable":true,"href":"https:\/\/now-news.de\/de\/wp-json\/wp\/v2\/comments?post=94733"}],"version-history":[{"count":0,"href":"https:\/\/now-news.de\/de\/wp-json\/wp\/v2\/posts\/94733\/revisions"}],"wp:featuredmedia":[{"embeddable":true,"href":"https:\/\/now-news.de\/de\/wp-json\/wp\/v2\/media\/94734"}],"wp:attachment":[{"href":"https:\/\/now-news.de\/de\/wp-json\/wp\/v2\/media?parent=94733"}],"wp:term":[{"taxonomy":"category","embeddable":true,"href":"https:\/\/now-news.de\/de\/wp-json\/wp\/v2\/categories?post=94733"},{"taxonomy":"post_tag","embeddable":true,"href":"https:\/\/now-news.de\/de\/wp-json\/wp\/v2\/tags?post=94733"}],"curies":[{"name":"wp","href":"https:\/\/api.w.org\/{rel}","templated":true}]}}