{"id":94714,"date":"2025-11-26T21:20:31","date_gmt":"2025-11-26T19:20:31","guid":{"rendered":"https:\/\/now-news.de\/de\/deutschland\/neues-von-der-propaganda-front-welt-tv-schaltet-wagenknecht-ab-und-ordnet-sie-mit-fake-news-ein\/"},"modified":"2025-11-26T21:20:31","modified_gmt":"2025-11-26T19:20:31","slug":"neues-von-der-propaganda-front-welt-tv-schaltet-wagenknecht-ab-und-ordnet-sie-mit-fake-news-ein","status":"publish","type":"post","link":"https:\/\/now-news.de\/de\/deutschland\/neues-von-der-propaganda-front-welt-tv-schaltet-wagenknecht-ab-und-ordnet-sie-mit-fake-news-ein\/","title":{"rendered":"Neues von der Propaganda-Front: WELT TV schaltet Wagenknecht ab und &quot;ordnet&quot; sie mit Fake-News ein"},"content":{"rendered":"<p><img decoding=\"async\" src=\"https:\/\/now-news.de\/de\/wp-content\/uploads\/sites\/3\/2025\/11\/69271f6948fbef49aa003c79.jpg\" \/><\/p>\n<div class=\"Text-root Text-type_1 \">\n                Neue Sitten ziehen ins Propaganda-Fernsehen ein: Die Vorsitzenden der beiden Oppositionsparteien AfD und BSW werden mitten im Satz unterbrochen, als angebliche L\u00fcgner blo\u00dfgestellt und sofort &#8220;eingeordnet&#8221;. Je n\u00e4her der &#8220;Frieden&#8221; r\u00fcckt, desto dreister werden die Eingriffe.\n            <\/div>\n<p><\/p>\n<div class=\"Text-root Text-type_5 ArticleView-text ViewText-root \">\n<p><em>Von Wladislaw Sankin<\/em><\/p>\n<p>Am Dienstag kam es\u00a0zu einem seltenen Medienereignis: <em>WELT TV<\/em> ver\u00f6ffentlichte ein Interview im Live-Format mit der BSW-Vorsitzenden Sahra Wagenknecht zum Thema &#8220;Friedensprozess im Ukraine-Konflikt&#8221;. Wagenknecht wurde aus dem Wohnort ihres\u00a0Ehemanns Oskar Lafontaine im saarl\u00e4ndischen Merzig-Silwingen ins Studio zugeschaltet, das ausgestrahlte Gespr\u00e4ch dauerte gut sieben Minuten.<\/p>\n<p>Die Oppositionelle \u00e4u\u00dferte sich wohlwollend \u00fcber den sogenannten Trump-Plan und kritisierte Merz f\u00fcr seine Ablehnung der Direktkontakte nach Russland.\u00a0Das Gespr\u00e4ch verlief nicht reibungslos, die Moderatorin wirkte ein wenig ungeduldig, als Wagenknecht die Europ\u00e4er im Verhandlungsprozess in der Rolle der &#8220;tributpflichtigen Vasallen&#8221; sah. Aber sie lie\u00df die Politikerin aussprechen und der Beitrag wurde sowohl auf der <a rel=\"nofollow noopener\" target=\"_blank\" href=\"https:\/\/www.welt.de\/videos\/video6924452d0f2241537f41a9a5\/bsw-vorsitzende-zu-ukraine-wagenknecht-sieht-europa-in-der-rolle-der-tributpflichtigen-vasallen.html\">Webseite<\/a>\u00a0von <em>WELT<\/em>\u00a0als auch auf dem YouTube-<a rel=\"nofollow noopener\" target=\"_blank\" href=\"https:\/\/www.youtube.com\/watch?v=16ASko4HxlI\">Kanal<\/a>\u00a0gesendet.\u00a0<\/p>\n<p>Wenig sp\u00e4ter strahlte\u00a0<em>WELT TV<\/em> die Ausschnitte aus dem Interview in einer weiteren Sendung noch einmal aus. Dabei kam es zu einem bemerkenswerten <a rel=\"nofollow noopener\" target=\"_blank\" href=\"https:\/\/freedert.online\/kurzclips\/video\/262860-wir-muessen-noch-mal-einordnen\/\">Einschnitt<\/a>: Als Frau Wagenknecht den in die Medien durchgesickerten Trump-Entwurf als eine passable L\u00f6sung lobte, die an das f\u00fcr die Ukraine damals noch &#8220;viel bessere&#8221; Friedensabkommen von Istanbul ankn\u00fcpfe, verschwand pl\u00f6tzlich der Ton.<\/p>\n<p>F\u00fcnf Sekunden h\u00f6rte man nichts \u2013 genau so viel Zeit hat Wagenknecht f\u00fcr den Satzteil &#8220;nat\u00fcrlich die Europ\u00e4er in die Rolle der tributpflichtigen Vasallen gestellt worden&#8221; ben\u00f6tigt. Dann erschien der Moderator im Studio und sagte:\u00a0<\/p>\n<blockquote>\n<p><em>&#8220;Wir m\u00fcssen das nochmal einordnen.\u00a0Es stimmt n\u00e4mlich nicht ganz, was Frau Wagenknecht da gerade angedeutet hat. Nach allem, was man heute \u00fcber die Verhandlungen in Istanbul 2022 wei\u00df, sollen die Russen damals quasi Kapitulation gefordert haben und eine Reduzierung der ukrainischen Armee auf gerade noch 50.000 Mann.&#8221;<\/em><\/p>\n<\/blockquote>\n<p>Offenbar hat die Erstausstrahlung in der Redaktion f\u00fcr einige Unstimmigkeiten gesorgt und sie sah sich gen\u00f6tigt, die Notbremse zu ziehen. Aber weswegen die Notbremse? Hat Wagenknecht da etwa gelogen? Nein, das tat der Moderator, als er von einer Armee in 50.000-Mann-St\u00e4rke sprach. Denn die bisher bekannten Fakten sind folgende: Auf Vorschlag Russlands sollte die Ukraine ihre Streitkr\u00e4fte auf 85.000 Soldaten begrenzen und ihren Bestand an schwerem Ger\u00e4t deutlich reduzieren: auf 342 Panzer, 96 Raketenwerfer, 102 Flugzeuge und 35 Hubschrauber. Die Delegation aus Kiew bestand jedoch auf anderen Zahlen. So wollten sie beispielsweise bis zu 250.000 Soldaten in den Streitkr\u00e4ften behalten.<\/p>\n<p>Die endg\u00fcltige Zahl der Soldaten wie auch andere besonders strittige Punkte wie Sicherheitsgarantien und der Beitritt zur NATO sollten im Gespr\u00e4ch zwischen den Staatsoberh\u00e4uptern Russlands und der Ukraine besprochen werden. Damals war Selenskij noch legitimer Pr\u00e4sident in der ersten\u00a0Amtszeit und direkte Verhandlungen waren m\u00f6glich \u2013 heute nicht mehr. Also k\u00f6nnte die vereinbarte\u00a0Armeest\u00e4rke\u00a0als Kompromiss 120.000 bis 150.000 betragen. Das ist die Zahl einer Friedensarmee. Bei der Nennung der Zahl 50.000 hat der Moderator also selbst das gemacht, was er Wagenknecht unterstellte \u2013 er setzte die Falschnachricht in die Welt.\u00a0<\/p>\n<p>Wagenknecht konnte die Zensur nat\u00fcrlich nicht auf sich beruhen lassen und\u00a0kommentierte den Vorfall kurze Zeit sp\u00e4ter. &#8220;Es spricht B\u00e4nde, dass man sich bei <em>WELT TV<\/em> offenbar gen\u00f6tigt sah, meine \u00c4u\u00dferungen bei einer sp\u00e4teren Ausstrahlung <br \/>&#8216;einzuordnen'&#8221;, <a rel=\"nofollow noopener\" target=\"_blank\" href=\"https:\/\/x.com\/SWagenknecht\/status\/1993360738795114638\">schrieb<\/a> sie auf X. Als Argument nahm sie nicht etwa einen Artikel\u00a0von\u00a0<em>RT<\/em> oder <em>TASS<\/em>, was ihr in jedem Hauptstadt-Studio jedes Mal unterstellt werden k\u00f6nnte, sondern sie zitierte einen <a rel=\"nofollow noopener\" target=\"_blank\" href=\"https:\/\/www.foreignaffairs.com\/ukraine\/talks-could-have-ended-war-ukraine\">Artikel<\/a> aus dem Jahr 2024 in der US-Zeitschrift <em>Foreign Affairs<\/em>, der das Istanbuler Protokoll als einen realistischen und f\u00fcr beide Seiten annehmbaren Rahmen f\u00fcr ein Friedensabkommen bezeichnete.\u00a0<\/p>\n<blockquote>\n<p><em>&#8220;Inmitten der beispiellosen Aggression Moskaus standen die Russen und Ukrainer kurz vor dem Abschluss eines Abkommens, das den Krieg beendet und der Ukraine multilaterale Sicherheitsgarantien gegeben h\u00e4tte, wodurch der Weg f\u00fcr ihre dauerhafte Neutralit\u00e4t und sp\u00e4ter f\u00fcr ihre Mitgliedschaft in der EU geebnet worden w\u00e4re.&#8221;<\/em><\/p>\n<\/blockquote>\n<div class=\"EmbedBlock-root EmbedBlock-twitter\">\n<div class=\"TwitterEmbed\">\n<blockquote class=\"twitter-tweet lazyload\" data-twitter=\"twitter-tweet\" data-conversation=\"none\">\n<p lang=\"de\" dir=\"ltr\">PS: Es spricht B\u00e4nde, dass man sich bei WELT TV offenbar gen\u00f6tigt sah, meine \u00c4u\u00dferungen bei einer sp\u00e4teren Ausstrahlung \u201eeinzuordnen\u201c. Wer behauptet, ein Abschluss der Friedensverhandlungen von Istanbul h\u00e4tte eine \u201eKapitulation\u201c der Ukraine zur Folge gehabt, dem empfehle ich die\u2026<\/p>\n<p>\u2014 Sahra Wagenknecht (@SWagenknecht) <a rel=\"nofollow noopener\" target=\"_blank\" href=\"https:\/\/twitter.com\/SWagenknecht\/status\/1993360738795114638?ref_src=twsrc%5Etfw\">November 25, 2025<\/a><\/p><\/blockquote>\n<\/div>\n<\/div>\n<p>So stand in <em>Foreign Affairs<\/em>, dass das gescheiterte Abkommen einen Weg zum Frieden dargestellt h\u00e4tte \u2013 und nicht etwa eine Kapitulation. Der Zensurfall ist aber nicht nur als solcher bezeichnend. Der Einschnitt belegt, wie sehr Deutschlands Medien auf einen\u00a0nicht enden wollenden\u00a0Krieg setzen. Oder besser gesagt endlosen? Denn solange der Westen in diesem Stellvertreterkrieg gegen Russland nicht anerkennt, dass man russische Forderungen\u00a0\u2012 die kurz vor Beginn der Invasion in der Ukraine formuliert wurden und allen voran eine Entmilitarisierung der Ukraine\u00a0sowie ihren neutralen Status zum Inhalt hatten \u2012 nicht ernst nimmt, wird der Krieg um die Ukraine unter keinen Umst\u00e4nden zu Ende sein.<\/p>\n<p>Stattdessen ist von einer Armee mit einer St\u00e4rke von 600.000 Mann (Trump-Plan) die Rede, oder gar von 800.000 Mann (Plan der &#8220;Koalition der Willigen&#8221;). Das ist keine Armee f\u00fcr Friedenszeiten, das hei\u00dft, im Westen setzt man nach wie vor auf einen bewaffneten Konflikt, der nach einer vorl\u00e4ufigen Beruhigung\u00a0jedes Mal wieder entfacht werden kann. &#8220;Der Frieden bricht auf&#8221;, sagte dazu geradezu sprichw\u00f6rtlich ein <em>ZDF<\/em>-Korrespondent in Washington, als von den ersten diplomatischen Kontakten zwischen den USA und Russland die Rede war. Denn sollte der Krieg zu Ende sein, was tut man dann mit der Kriegst\u00fcchtigkeits-Maschinerie? Auch die st\u00e4ndige Ablenkung\u00a0mittels eines \u00e4u\u00dferen Feindes wird nicht mehr funktionieren und man m\u00fcsste sich mit der \u00f6den Innenpolitik befassen und vor den W\u00e4hlern verantworten, warum Hunderte von Milliarden in einen sinnlosen Krieg im weiten Osten Europas gesteckt werden mussten, anstatt in die eigenen Sozialsysteme.<\/p>\n<p>Und ja, die R\u00fcstungsbetriebe wie Rheinmetall m\u00fcssen sich von den sagenhaften Gewinnen am Krieg verabschieden und sich wieder auf normale Margen einstellen. Die Unterbrechung von Wagenknecht war nicht nur ein weiterer Fakt der Zensur, die routinem\u00e4\u00dfig tagt\u00e4glich passiert, sondern eine Liebeserkl\u00e4rung an den Krieg. Abgeschaltet wurde eine Politikerin, die die Friedensbem\u00fchungen lobte! Das ist &#8220;im besten Deutschland aller Zeiten&#8221; nat\u00fcrlich ein No-Go.\u00a0<\/p>\n<p><strong>Mehr zum Thema<\/strong>\u00a0\u2012 <a rel=\"nofollow noopener\" target=\"_blank\" href=\"https:\/\/freedert.online\/international\/262642-liveticker-ukraine-verhandlungen\/\">Liveticker Ukraine-Verhandlungen \u2013 Moskau: Witkoff wird in der kommenden Woche im Kreml erwartet<\/a><\/p>\n<div class=\"EmbedBlock-root EmbedBlock-externalVideo EmbedBlock-rumble\">\n<div class=\"VkEmbed\"><iframe class=\"lazyload\" data-src=\"https:\/\/rumble.com\/embed\/v701chc\" frameborder=\"0\" width=\"853\" height=\"480\" allowfullscreen><\/iframe><\/div>\n<\/div>\n<\/div>\n<p><script async src=\"https:\/\/platform.twitter.com\/widgets.js\" charset=\"utf-8\"><\/script><br \/>\n<br \/><br \/>\n<br \/><a href=\"https:\/\/de.rt.com\/meinung\/262961-neues-von-propaganda-front-welt-schaltet-wagenknecht-und-ordnet-sie-mit-fake-news-ein\/\">Source link <\/a><\/p>\n","protected":false},"excerpt":{"rendered":"<p>Neue Sitten ziehen ins Propaganda-Fernsehen ein: Die Vorsitzenden der beiden Oppositionsparteien AfD und BSW werden mitten im Satz unterbrochen, als angebliche L\u00fcgner blo\u00dfgestellt und sofort &#8220;eingeordnet&#8221;. Je n\u00e4her der &#8220;Frieden&#8221; r\u00fcckt, desto dreister werden die Eingriffe. Von Wladislaw Sankin Am Dienstag kam es\u00a0zu einem seltenen Medienereignis: WELT TV ver\u00f6ffentlichte ein Interview im Live-Format mit der [&hellip;]<\/p>\n","protected":false},"author":3,"featured_media":94715,"comment_status":"open","ping_status":"open","sticky":false,"template":"","format":"standard","meta":{"_yoast_indexnow_last_ping":["1764184890"],"wp_automatic_camp":["217"],"f30323f5c7decf514e33cdeeeef613b5":["Neues von der Propaganda-Front: WELT TV schaltet Wagenknecht ab und &quot;ordnet&quot; sie mit Fake-News ein"],"original_link":["https:\/\/de.rt.com\/meinung\/262961-neues-von-propaganda-front-welt-schaltet-wagenknecht-und-ordnet-sie-mit-fake-news-ein\/"],"_thumbnail_id":["94715"],"jnews_social_counter_last_update":["1777191874"],"_wptgpro_p2tg_sent2tg":["a:1:{i:23737;s:19:\"2025-11-26 21:22:32\";}"]},"categories":[19,23],"tags":[82,357,34273,419,5324,69454,69455,21227,527,140,50,17968,778],"yoast_head":"<!-- This site is optimized with the Yoast SEO Premium plugin v22.7 (Yoast SEO v22.7) - https:\/\/yoast.com\/wordpress\/plugins\/seo\/ -->\n<title>Neues von der Propaganda-Front: WELT TV schaltet Wagenknecht ab und &quot;ordnet&quot; sie mit Fake-News ein - just-now.NEWS Deutschland<\/title>\n<meta name=\"robots\" content=\"index, follow, max-snippet:-1, max-image-preview:large, max-video-preview:-1\" \/>\n<link rel=\"canonical\" href=\"https:\/\/now-news.de\/de\/deutschland\/neues-von-der-propaganda-front-welt-tv-schaltet-wagenknecht-ab-und-ordnet-sie-mit-fake-news-ein\/\" \/>\n<meta property=\"og:locale\" content=\"de_DE\" \/>\n<meta property=\"og:type\" content=\"article\" \/>\n<meta property=\"og:title\" content=\"Neues von der Propaganda-Front: WELT TV schaltet Wagenknecht ab und &quot;ordnet&quot; sie mit Fake-News ein\" \/>\n<meta property=\"og:description\" content=\"Neue Sitten ziehen ins Propaganda-Fernsehen ein: Die Vorsitzenden der beiden Oppositionsparteien AfD und BSW werden mitten im Satz unterbrochen, als angebliche L\u00fcgner blo\u00dfgestellt und sofort &#8220;eingeordnet&#8221;. Je n\u00e4her der &#8220;Frieden&#8221; r\u00fcckt, desto dreister werden die Eingriffe. Von Wladislaw Sankin Am Dienstag kam es\u00a0zu einem seltenen Medienereignis: WELT TV ver\u00f6ffentlichte ein Interview im Live-Format mit der [&hellip;]\" \/>\n<meta property=\"og:url\" content=\"https:\/\/now-news.de\/de\/deutschland\/neues-von-der-propaganda-front-welt-tv-schaltet-wagenknecht-ab-und-ordnet-sie-mit-fake-news-ein\/\" \/>\n<meta property=\"og:site_name\" content=\"just-now.NEWS Deutschland\" \/>\n<meta property=\"article:publisher\" content=\"https:\/\/www.facebook.com\/wirmachenauf\" \/>\n<meta property=\"article:published_time\" content=\"2025-11-26T19:20:31+00:00\" \/>\n<meta property=\"og:image\" content=\"https:\/\/now-news.de\/de\/wp-content\/uploads\/sites\/3\/2025\/11\/69271f6948fbef49aa003c79.jpg\" \/>\n<meta name=\"author\" content=\"rtnews\" \/>\n<meta name=\"twitter:card\" content=\"summary_large_image\" \/>\n<meta name=\"twitter:creator\" content=\"@WirMachenAuf_de\" \/>\n<meta name=\"twitter:site\" content=\"@WirMachenAuf_de\" \/>\n<meta name=\"twitter:label1\" content=\"Verfasst von\" \/>\n\t<meta name=\"twitter:data1\" content=\"rtnews\" \/>\n\t<meta name=\"twitter:label2\" content=\"Gesch\u00e4tzte Lesezeit\" \/>\n\t<meta name=\"twitter:data2\" content=\"5\u00a0Minuten\" \/>\n<script type=\"application\/ld+json\" class=\"yoast-schema-graph\">{\"@context\":\"https:\/\/schema.org\",\"@graph\":[{\"@type\":\"Article\",\"@id\":\"https:\/\/now-news.de\/de\/deutschland\/neues-von-der-propaganda-front-welt-tv-schaltet-wagenknecht-ab-und-ordnet-sie-mit-fake-news-ein\/#article\",\"isPartOf\":{\"@id\":\"https:\/\/now-news.de\/de\/deutschland\/neues-von-der-propaganda-front-welt-tv-schaltet-wagenknecht-ab-und-ordnet-sie-mit-fake-news-ein\/\"},\"author\":{\"name\":\"rtnews\",\"@id\":\"https:\/\/now-news.de\/de\/#\/schema\/person\/fb534a4e865501d8b3285208df34a9b5\"},\"headline\":\"Neues von der Propaganda-Front: WELT TV schaltet Wagenknecht ab und &quot;ordnet&quot; sie mit Fake-News ein\",\"datePublished\":\"2025-11-26T19:20:31+00:00\",\"dateModified\":\"2025-11-26T19:20:31+00:00\",\"mainEntityOfPage\":{\"@id\":\"https:\/\/now-news.de\/de\/deutschland\/neues-von-der-propaganda-front-welt-tv-schaltet-wagenknecht-ab-und-ordnet-sie-mit-fake-news-ein\/\"},\"wordCount\":1061,\"commentCount\":0,\"publisher\":{\"@id\":\"https:\/\/now-news.de\/de\/#organization\"},\"image\":{\"@id\":\"https:\/\/now-news.de\/de\/deutschland\/neues-von-der-propaganda-front-welt-tv-schaltet-wagenknecht-ab-und-ordnet-sie-mit-fake-news-ein\/#primaryimage\"},\"thumbnailUrl\":\"https:\/\/now-news.de\/de\/wp-content\/uploads\/sites\/3\/2025\/11\/Neues-von-der-Propaganda-Front-WELT-TV-schaltet-Wagenknecht-ab-und.jpg\",\"keywords\":[\"der\",\"ein\",\"FakeNews\",\"mit\",\"neues\",\"PropagandaFront\",\"quotordnetquot\",\"schaltet\",\"Sie\",\"und\",\"von\",\"Wagenknecht\",\"Welt\"],\"articleSection\":[\"Deutschland\",\"Russland\"],\"inLanguage\":\"de\",\"potentialAction\":[{\"@type\":\"CommentAction\",\"name\":\"Comment\",\"target\":[\"https:\/\/now-news.de\/de\/deutschland\/neues-von-der-propaganda-front-welt-tv-schaltet-wagenknecht-ab-und-ordnet-sie-mit-fake-news-ein\/#respond\"]}]},{\"@type\":\"WebPage\",\"@id\":\"https:\/\/now-news.de\/de\/deutschland\/neues-von-der-propaganda-front-welt-tv-schaltet-wagenknecht-ab-und-ordnet-sie-mit-fake-news-ein\/\",\"url\":\"https:\/\/now-news.de\/de\/deutschland\/neues-von-der-propaganda-front-welt-tv-schaltet-wagenknecht-ab-und-ordnet-sie-mit-fake-news-ein\/\",\"name\":\"Neues von der Propaganda-Front: WELT TV schaltet Wagenknecht ab und &quot;ordnet&quot; sie mit Fake-News ein - just-now.NEWS Deutschland\",\"isPartOf\":{\"@id\":\"https:\/\/now-news.de\/de\/#website\"},\"primaryImageOfPage\":{\"@id\":\"https:\/\/now-news.de\/de\/deutschland\/neues-von-der-propaganda-front-welt-tv-schaltet-wagenknecht-ab-und-ordnet-sie-mit-fake-news-ein\/#primaryimage\"},\"image\":{\"@id\":\"https:\/\/now-news.de\/de\/deutschland\/neues-von-der-propaganda-front-welt-tv-schaltet-wagenknecht-ab-und-ordnet-sie-mit-fake-news-ein\/#primaryimage\"},\"thumbnailUrl\":\"https:\/\/now-news.de\/de\/wp-content\/uploads\/sites\/3\/2025\/11\/Neues-von-der-Propaganda-Front-WELT-TV-schaltet-Wagenknecht-ab-und.jpg\",\"datePublished\":\"2025-11-26T19:20:31+00:00\",\"dateModified\":\"2025-11-26T19:20:31+00:00\",\"breadcrumb\":{\"@id\":\"https:\/\/now-news.de\/de\/deutschland\/neues-von-der-propaganda-front-welt-tv-schaltet-wagenknecht-ab-und-ordnet-sie-mit-fake-news-ein\/#breadcrumb\"},\"inLanguage\":\"de\",\"potentialAction\":[{\"@type\":\"ReadAction\",\"target\":[\"https:\/\/now-news.de\/de\/deutschland\/neues-von-der-propaganda-front-welt-tv-schaltet-wagenknecht-ab-und-ordnet-sie-mit-fake-news-ein\/\"]}]},{\"@type\":\"ImageObject\",\"inLanguage\":\"de\",\"@id\":\"https:\/\/now-news.de\/de\/deutschland\/neues-von-der-propaganda-front-welt-tv-schaltet-wagenknecht-ab-und-ordnet-sie-mit-fake-news-ein\/#primaryimage\",\"url\":\"https:\/\/now-news.de\/de\/wp-content\/uploads\/sites\/3\/2025\/11\/Neues-von-der-Propaganda-Front-WELT-TV-schaltet-Wagenknecht-ab-und.jpg\",\"contentUrl\":\"https:\/\/now-news.de\/de\/wp-content\/uploads\/sites\/3\/2025\/11\/Neues-von-der-Propaganda-Front-WELT-TV-schaltet-Wagenknecht-ab-und.jpg\",\"width\":460,\"height\":259,\"caption\":\"Neues von der Propaganda-Front: WELT TV schaltet Wagenknecht ab und &quot;ordnet&quot; sie mit Fake-News ein\"},{\"@type\":\"BreadcrumbList\",\"@id\":\"https:\/\/now-news.de\/de\/deutschland\/neues-von-der-propaganda-front-welt-tv-schaltet-wagenknecht-ab-und-ordnet-sie-mit-fake-news-ein\/#breadcrumb\",\"itemListElement\":[{\"@type\":\"ListItem\",\"position\":1,\"name\":\"Home\",\"item\":\"https:\/\/now-news.de\/de\/\"},{\"@type\":\"ListItem\",\"position\":2,\"name\":\"Neues von der Propaganda-Front: WELT TV schaltet Wagenknecht ab und &quot;ordnet&quot; sie mit Fake-News ein\"}]},{\"@type\":\"WebSite\",\"@id\":\"https:\/\/now-news.de\/de\/#website\",\"url\":\"https:\/\/now-news.de\/de\/\",\"name\":\"just-now.NEWS Deutschland\",\"description\":\"Das Portal f\u00fcr unzensierte Nachrichten aus der Welt\",\"publisher\":{\"@id\":\"https:\/\/now-news.de\/de\/#organization\"},\"potentialAction\":[{\"@type\":\"SearchAction\",\"target\":{\"@type\":\"EntryPoint\",\"urlTemplate\":\"https:\/\/now-news.de\/de\/?s={search_term_string}\"},\"query-input\":\"required name=search_term_string\"}],\"inLanguage\":\"de\"},{\"@type\":\"Organization\",\"@id\":\"https:\/\/now-news.de\/de\/#organization\",\"name\":\"Just Now News\",\"url\":\"https:\/\/now-news.de\/de\/\",\"logo\":{\"@type\":\"ImageObject\",\"inLanguage\":\"de\",\"@id\":\"https:\/\/now-news.de\/de\/#\/schema\/logo\/image\/\",\"url\":\"http:\/\/just-now.news\/de\/wp-content\/uploads\/sites\/3\/2022\/04\/logo500x500.jpg\",\"contentUrl\":\"http:\/\/just-now.news\/de\/wp-content\/uploads\/sites\/3\/2022\/04\/logo500x500.jpg\",\"width\":500,\"height\":500,\"caption\":\"Just Now News\"},\"image\":{\"@id\":\"https:\/\/now-news.de\/de\/#\/schema\/logo\/image\/\"},\"sameAs\":[\"https:\/\/www.facebook.com\/wirmachenauf\",\"https:\/\/x.com\/WirMachenAuf_de\"]},{\"@type\":\"Person\",\"@id\":\"https:\/\/now-news.de\/de\/#\/schema\/person\/fb534a4e865501d8b3285208df34a9b5\",\"name\":\"rtnews\",\"image\":{\"@type\":\"ImageObject\",\"inLanguage\":\"de\",\"@id\":\"https:\/\/now-news.de\/de\/#\/schema\/person\/image\/\",\"url\":\"https:\/\/secure.gravatar.com\/avatar\/82aafea7d8127119dd649515f56e2117?s=96&d=mm&r=g\",\"contentUrl\":\"https:\/\/secure.gravatar.com\/avatar\/82aafea7d8127119dd649515f56e2117?s=96&d=mm&r=g\",\"caption\":\"rtnews\"},\"url\":\"https:\/\/now-news.de\/de\/author\/rnews\/\"}]}<\/script>\n<!-- \/ Yoast SEO Premium plugin. -->","yoast_head_json":{"title":"Neues von der Propaganda-Front: WELT TV schaltet Wagenknecht ab und &quot;ordnet&quot; sie mit Fake-News ein - just-now.NEWS Deutschland","robots":{"index":"index","follow":"follow","max-snippet":"max-snippet:-1","max-image-preview":"max-image-preview:large","max-video-preview":"max-video-preview:-1"},"canonical":"https:\/\/now-news.de\/de\/deutschland\/neues-von-der-propaganda-front-welt-tv-schaltet-wagenknecht-ab-und-ordnet-sie-mit-fake-news-ein\/","og_locale":"de_DE","og_type":"article","og_title":"Neues von der Propaganda-Front: WELT TV schaltet Wagenknecht ab und &quot;ordnet&quot; sie mit Fake-News ein","og_description":"Neue Sitten ziehen ins Propaganda-Fernsehen ein: Die Vorsitzenden der beiden Oppositionsparteien AfD und BSW werden mitten im Satz unterbrochen, als angebliche L\u00fcgner blo\u00dfgestellt und sofort &#8220;eingeordnet&#8221;. Je n\u00e4her der &#8220;Frieden&#8221; r\u00fcckt, desto dreister werden die Eingriffe. Von Wladislaw Sankin Am Dienstag kam es\u00a0zu einem seltenen Medienereignis: WELT TV ver\u00f6ffentlichte ein Interview im Live-Format mit der [&hellip;]","og_url":"https:\/\/now-news.de\/de\/deutschland\/neues-von-der-propaganda-front-welt-tv-schaltet-wagenknecht-ab-und-ordnet-sie-mit-fake-news-ein\/","og_site_name":"just-now.NEWS Deutschland","article_publisher":"https:\/\/www.facebook.com\/wirmachenauf","article_published_time":"2025-11-26T19:20:31+00:00","og_image":[{"url":"https:\/\/now-news.de\/de\/wp-content\/uploads\/sites\/3\/2025\/11\/69271f6948fbef49aa003c79.jpg"}],"author":"rtnews","twitter_card":"summary_large_image","twitter_creator":"@WirMachenAuf_de","twitter_site":"@WirMachenAuf_de","twitter_misc":{"Verfasst von":"rtnews","Gesch\u00e4tzte Lesezeit":"5\u00a0Minuten"},"schema":{"@context":"https:\/\/schema.org","@graph":[{"@type":"Article","@id":"https:\/\/now-news.de\/de\/deutschland\/neues-von-der-propaganda-front-welt-tv-schaltet-wagenknecht-ab-und-ordnet-sie-mit-fake-news-ein\/#article","isPartOf":{"@id":"https:\/\/now-news.de\/de\/deutschland\/neues-von-der-propaganda-front-welt-tv-schaltet-wagenknecht-ab-und-ordnet-sie-mit-fake-news-ein\/"},"author":{"name":"rtnews","@id":"https:\/\/now-news.de\/de\/#\/schema\/person\/fb534a4e865501d8b3285208df34a9b5"},"headline":"Neues von der Propaganda-Front: WELT TV schaltet Wagenknecht ab und &quot;ordnet&quot; sie mit Fake-News ein","datePublished":"2025-11-26T19:20:31+00:00","dateModified":"2025-11-26T19:20:31+00:00","mainEntityOfPage":{"@id":"https:\/\/now-news.de\/de\/deutschland\/neues-von-der-propaganda-front-welt-tv-schaltet-wagenknecht-ab-und-ordnet-sie-mit-fake-news-ein\/"},"wordCount":1061,"commentCount":0,"publisher":{"@id":"https:\/\/now-news.de\/de\/#organization"},"image":{"@id":"https:\/\/now-news.de\/de\/deutschland\/neues-von-der-propaganda-front-welt-tv-schaltet-wagenknecht-ab-und-ordnet-sie-mit-fake-news-ein\/#primaryimage"},"thumbnailUrl":"https:\/\/now-news.de\/de\/wp-content\/uploads\/sites\/3\/2025\/11\/Neues-von-der-Propaganda-Front-WELT-TV-schaltet-Wagenknecht-ab-und.jpg","keywords":["der","ein","FakeNews","mit","neues","PropagandaFront","quotordnetquot","schaltet","Sie","und","von","Wagenknecht","Welt"],"articleSection":["Deutschland","Russland"],"inLanguage":"de","potentialAction":[{"@type":"CommentAction","name":"Comment","target":["https:\/\/now-news.de\/de\/deutschland\/neues-von-der-propaganda-front-welt-tv-schaltet-wagenknecht-ab-und-ordnet-sie-mit-fake-news-ein\/#respond"]}]},{"@type":"WebPage","@id":"https:\/\/now-news.de\/de\/deutschland\/neues-von-der-propaganda-front-welt-tv-schaltet-wagenknecht-ab-und-ordnet-sie-mit-fake-news-ein\/","url":"https:\/\/now-news.de\/de\/deutschland\/neues-von-der-propaganda-front-welt-tv-schaltet-wagenknecht-ab-und-ordnet-sie-mit-fake-news-ein\/","name":"Neues von der Propaganda-Front: WELT TV schaltet Wagenknecht ab und &quot;ordnet&quot; sie mit Fake-News ein - just-now.NEWS Deutschland","isPartOf":{"@id":"https:\/\/now-news.de\/de\/#website"},"primaryImageOfPage":{"@id":"https:\/\/now-news.de\/de\/deutschland\/neues-von-der-propaganda-front-welt-tv-schaltet-wagenknecht-ab-und-ordnet-sie-mit-fake-news-ein\/#primaryimage"},"image":{"@id":"https:\/\/now-news.de\/de\/deutschland\/neues-von-der-propaganda-front-welt-tv-schaltet-wagenknecht-ab-und-ordnet-sie-mit-fake-news-ein\/#primaryimage"},"thumbnailUrl":"https:\/\/now-news.de\/de\/wp-content\/uploads\/sites\/3\/2025\/11\/Neues-von-der-Propaganda-Front-WELT-TV-schaltet-Wagenknecht-ab-und.jpg","datePublished":"2025-11-26T19:20:31+00:00","dateModified":"2025-11-26T19:20:31+00:00","breadcrumb":{"@id":"https:\/\/now-news.de\/de\/deutschland\/neues-von-der-propaganda-front-welt-tv-schaltet-wagenknecht-ab-und-ordnet-sie-mit-fake-news-ein\/#breadcrumb"},"inLanguage":"de","potentialAction":[{"@type":"ReadAction","target":["https:\/\/now-news.de\/de\/deutschland\/neues-von-der-propaganda-front-welt-tv-schaltet-wagenknecht-ab-und-ordnet-sie-mit-fake-news-ein\/"]}]},{"@type":"ImageObject","inLanguage":"de","@id":"https:\/\/now-news.de\/de\/deutschland\/neues-von-der-propaganda-front-welt-tv-schaltet-wagenknecht-ab-und-ordnet-sie-mit-fake-news-ein\/#primaryimage","url":"https:\/\/now-news.de\/de\/wp-content\/uploads\/sites\/3\/2025\/11\/Neues-von-der-Propaganda-Front-WELT-TV-schaltet-Wagenknecht-ab-und.jpg","contentUrl":"https:\/\/now-news.de\/de\/wp-content\/uploads\/sites\/3\/2025\/11\/Neues-von-der-Propaganda-Front-WELT-TV-schaltet-Wagenknecht-ab-und.jpg","width":460,"height":259,"caption":"Neues von der Propaganda-Front: WELT TV schaltet Wagenknecht ab und &quot;ordnet&quot; sie mit Fake-News ein"},{"@type":"BreadcrumbList","@id":"https:\/\/now-news.de\/de\/deutschland\/neues-von-der-propaganda-front-welt-tv-schaltet-wagenknecht-ab-und-ordnet-sie-mit-fake-news-ein\/#breadcrumb","itemListElement":[{"@type":"ListItem","position":1,"name":"Home","item":"https:\/\/now-news.de\/de\/"},{"@type":"ListItem","position":2,"name":"Neues von der Propaganda-Front: WELT TV schaltet Wagenknecht ab und &quot;ordnet&quot; sie mit Fake-News ein"}]},{"@type":"WebSite","@id":"https:\/\/now-news.de\/de\/#website","url":"https:\/\/now-news.de\/de\/","name":"just-now.NEWS Deutschland","description":"Das Portal f\u00fcr unzensierte Nachrichten aus der Welt","publisher":{"@id":"https:\/\/now-news.de\/de\/#organization"},"potentialAction":[{"@type":"SearchAction","target":{"@type":"EntryPoint","urlTemplate":"https:\/\/now-news.de\/de\/?s={search_term_string}"},"query-input":"required name=search_term_string"}],"inLanguage":"de"},{"@type":"Organization","@id":"https:\/\/now-news.de\/de\/#organization","name":"Just Now News","url":"https:\/\/now-news.de\/de\/","logo":{"@type":"ImageObject","inLanguage":"de","@id":"https:\/\/now-news.de\/de\/#\/schema\/logo\/image\/","url":"http:\/\/just-now.news\/de\/wp-content\/uploads\/sites\/3\/2022\/04\/logo500x500.jpg","contentUrl":"http:\/\/just-now.news\/de\/wp-content\/uploads\/sites\/3\/2022\/04\/logo500x500.jpg","width":500,"height":500,"caption":"Just Now News"},"image":{"@id":"https:\/\/now-news.de\/de\/#\/schema\/logo\/image\/"},"sameAs":["https:\/\/www.facebook.com\/wirmachenauf","https:\/\/x.com\/WirMachenAuf_de"]},{"@type":"Person","@id":"https:\/\/now-news.de\/de\/#\/schema\/person\/fb534a4e865501d8b3285208df34a9b5","name":"rtnews","image":{"@type":"ImageObject","inLanguage":"de","@id":"https:\/\/now-news.de\/de\/#\/schema\/person\/image\/","url":"https:\/\/secure.gravatar.com\/avatar\/82aafea7d8127119dd649515f56e2117?s=96&d=mm&r=g","contentUrl":"https:\/\/secure.gravatar.com\/avatar\/82aafea7d8127119dd649515f56e2117?s=96&d=mm&r=g","caption":"rtnews"},"url":"https:\/\/now-news.de\/de\/author\/rnews\/"}]}},"_links":{"self":[{"href":"https:\/\/now-news.de\/de\/wp-json\/wp\/v2\/posts\/94714"}],"collection":[{"href":"https:\/\/now-news.de\/de\/wp-json\/wp\/v2\/posts"}],"about":[{"href":"https:\/\/now-news.de\/de\/wp-json\/wp\/v2\/types\/post"}],"author":[{"embeddable":true,"href":"https:\/\/now-news.de\/de\/wp-json\/wp\/v2\/users\/3"}],"replies":[{"embeddable":true,"href":"https:\/\/now-news.de\/de\/wp-json\/wp\/v2\/comments?post=94714"}],"version-history":[{"count":0,"href":"https:\/\/now-news.de\/de\/wp-json\/wp\/v2\/posts\/94714\/revisions"}],"wp:featuredmedia":[{"embeddable":true,"href":"https:\/\/now-news.de\/de\/wp-json\/wp\/v2\/media\/94715"}],"wp:attachment":[{"href":"https:\/\/now-news.de\/de\/wp-json\/wp\/v2\/media?parent=94714"}],"wp:term":[{"taxonomy":"category","embeddable":true,"href":"https:\/\/now-news.de\/de\/wp-json\/wp\/v2\/categories?post=94714"},{"taxonomy":"post_tag","embeddable":true,"href":"https:\/\/now-news.de\/de\/wp-json\/wp\/v2\/tags?post=94714"}],"curies":[{"name":"wp","href":"https:\/\/api.w.org\/{rel}","templated":true}]}}