{"id":94692,"date":"2025-11-26T18:11:19","date_gmt":"2025-11-26T16:11:19","guid":{"rendered":"https:\/\/now-news.de\/de\/deutschland\/politischer-druck-auf-verband-der-familienunternehmer-waechst-rossmann-tritt-aus\/"},"modified":"2025-11-26T18:11:19","modified_gmt":"2025-11-26T16:11:19","slug":"politischer-druck-auf-verband-der-familienunternehmer-waechst-rossmann-tritt-aus","status":"publish","type":"post","link":"https:\/\/now-news.de\/de\/deutschland\/politischer-druck-auf-verband-der-familienunternehmer-waechst-rossmann-tritt-aus\/","title":{"rendered":"Politischer Druck auf  Verband der Familienunternehmer w\u00e4chst \u2013 Rossmann tritt aus"},"content":{"rendered":"<p><img decoding=\"async\" src=\"https:\/\/now-news.de\/de\/wp-content\/uploads\/sites\/3\/2025\/11\/6926dea648fbef255e6475c6.jpg\" \/><\/p>\n<div class=\"Text-root Text-type_1 \">\n                Seit der Erkl\u00e4rung des Verbands &#8220;Die Familienunternehmer&#8221;, die bisherige &#8220;Brandmauer&#8221;-Strategie gegen\u00fcber AfD neu aufstellen zu wollen, wird die Organisation forciert seitens Politik und Unternehmen attackiert. Der Drogerie-Milliard\u00e4r Dirk Ro\u00dfmann erkl\u00e4rt, dass er aus Protest gegen den neuen Kurs aus dem Verband austreten wird.\n            <\/div>\n<p><\/p>\n<div class=\"Text-root Text-type_5 ArticleView-text ViewText-root \">\n<p>Drogerie-Milliard\u00e4r Dirk Ro\u00dfmann, Unternehmensgr\u00fcnder der weltweit agierenden Marke Rossmann, k\u00fcndigte gegen\u00fcber der\u00a0<em>Lebensmittel-Zeitung<\/em> an (Bezahlschranke), dass das Unternehmen\u00a0aus dem Verband der Familienunternehmer austreten werde. Der alleinige Grund laute demnach, dass &#8220;die Haltung des Verbands&#8221; zum Thema AfD-Brandmauer dem Milliard\u00e4r missfalle. Parallel erf\u00e4hrt der Verband zunehmende Kritik\u00a0vonseiten der Politik, dies vornehmlich seitens der Gr\u00fcnen und der SPD.\u00a0Katharina Dr\u00f6ge, Vorsitzende der Gr\u00fcnen-Bundestagsfraktion, stellt\u00a0in diesem Zusammenhang\u00a0fest, dass die Ro\u00dfmann-Entscheidung &#8220;ein wichtiges Signal&#8221; darstelle.<\/p>\n<p>&#8220;Die Diskussionen um den Umgang der deutschen Wirtschaft mit der sogenannten &#8216;Brandmauer&#8217; gegen\u00fcber der\u00a0AfD\u00a0rei\u00dfen nicht ab&#8221;, so das <em>Handelsblatt<\/em>\u00a0<a rel=\"nofollow noopener\" target=\"_blank\" href=\"https:\/\/www.handelsblatt.com\/unternehmen\/mittelstand\/familienunternehmer\/brandmauer-zur-afd-rossmann-verlaesst-familienunternehmer-verband\/100178256.html\">berichtend<\/a>. Im Oktober hatte der Verband erstmalig zu seinem Parlamentarischen Abend in Berlin auch AfD-Vertreter eingeladen. Die Redaktion reagierte auf einen Artikel der <em>Lebensmittel-Zeitung,<\/em> um weiter zu berichten:<\/p>\n<p><em>&#8220;Nun hat die Drogeriemarktkette\u00a0Rossmann auf Anfrage des Handelsblatts best\u00e4tigt, dass das Unternehmen aus dem Verband &#8216;Die Familienunternehmer&#8217; ausgetreten ist.&#8221;<\/em><\/p>\n<div class=\"EmbedBlock-root EmbedBlock-twitter\">\n<div class=\"TwitterEmbed\">\n<blockquote class=\"twitter-tweet lazyload\" data-twitter=\"twitter-tweet\">\n<p lang=\"no\" dir=\"ltr\">Rossmann &gt;&gt;&gt; <a rel=\"nofollow noopener\" target=\"_blank\" href=\"https:\/\/t.co\/WKUCdqhS3B\">pic.twitter.com\/WKUCdqhS3B<\/a><\/p>\n<p>\u2014 _horizont_ (@hori_____zont) <a rel=\"nofollow noopener\" target=\"_blank\" href=\"https:\/\/twitter.com\/hori_____zont\/status\/1993589618500157817?ref_src=twsrc%5Etfw\">November 26, 2025<\/a><\/p><\/blockquote>\n<\/div>\n<\/div>\n<p>Laut<em> Handelsblatt\u00a0<\/em>w\u00fcrden angesichts der sich mehrenden Kritik in der Branche, ausgehend von der\u00a0neuen Strategie des Verbands, &#8220;auch andere Unternehmen \u00fcber Konsequenzen nachdenken.&#8221; So hei\u00dft es &#8220;etwa bei der Melitta-Gruppe [die sich auf verschiedene Gesch\u00e4ftsfelder wie Kaffee und Haushaltsprodukte spezialisiert hat, Anm. der <em>RT<\/em>-Redaktion], &#8220;sie halte sich offen, ihre Mitgliedschaft zu \u00fcberdenken.&#8221;<\/p>\n<p>Ein <em>Welt<\/em>-Artikel <a rel=\"nofollow noopener\" target=\"_blank\" href=\"https:\/\/www.welt.de\/wirtschaft\/article6926cd06a7ffaf1fe5c74077\/aus-protest-nach-afd-einladung-rossmann-kuendigt-mitgliedschaft-bei-familienunternehmern.html\">berichtet<\/a> zur Causa:<\/p>\n<p><em>&#8220;Auch der\u00a0Hausger\u00e4tehersteller Vorwerk, der ebenfalls Mitglied ist, \u00e4u\u00dferte sich zur Debatte. Man nehme die j\u00fcngsten \u00c4u\u00dferungen des Verbands zur Kenntnis und teile die wirtschaftspolitischen Inhalte. &#8216;Allerdings sehen wir einzelne Formulierungen kritisch \u2013 insbesondere dort, wo sie Interpretationsspielr\u00e4ume im Umgang mit politischen R\u00e4ndern er\u00f6ffnen.'&#8221;<\/em><\/p>\n<p>Von dem kritisierten Verband erwarte das Unternehmen nun die &#8220;unmissverst\u00e4ndliche Kommunikation, die keine Zweifel an der klaren Abgrenzung gegen\u00fcber extremistischen Positionen zul\u00e4sst&#8221;, so die Erkl\u00e4rung gegen\u00fcber dem Springer-Verlag. Die <em>Bild<\/em>-Zeitung aus dem gleichen Verlagshaus <a rel=\"nofollow noopener\" target=\"_blank\" href=\"https:\/\/www.bild.de\/politik\/inland\/zoff-um-familienunternehmer-wegen-afd-rot-gruen-sauer-auf-verbaende-6926c3778773e60e91aa8836\">berichtet<\/a>\u00a0erg\u00e4nzend:<\/p>\n<p><em>&#8220;Zoff um Familienunternehmer: Wegen AfD! Rot-Gr\u00fcn sauer auf Verb\u00e4nde&#8221;<\/em><\/p>\n<p>So w\u00fcrden &#8220;auch hochrangige Vertreter&#8221; von SPD und Gr\u00fcnen sich in die Debatte einschalten\u00a0und &#8220;den Kurs der Familienunternehmer scharf kritisieren.&#8221; Der Verband Die Familienunternehmer vertritt nach eigenen Angaben rund 6.500 Familienbetriebe aus ganz Deutschland, so unter anderem mittelst\u00e4ndische Unternehmen bis hin zu international t\u00e4tigen Konzernen wie BMW.<\/p>\n<p>Zu Wochenbeginn wurde bekannt, dass die Deutsche Bank\u00a0dem Familienunternehmer-Verband bereits zugesagte R\u00e4umlichkeiten f\u00fcr das kommende Jahr nicht mehr zur Verf\u00fcgung\u00a0stellen werde.\u00a0Der Vorsitzende des Arbeitskreises Evangelischer Unternehmer, Friedhelm Wachs, erkennt laut <em>Zeit<\/em>&#8211;<a rel=\"nofollow noopener\" target=\"_blank\" href=\"https:\/\/www.zeit.de\/gesellschaft\/2025-11\/unternehmen-afd-evangelisch-katholisch-kirche-debatte-familienunternehmer-gxe\">Artikel<\/a> &#8220;in der \u00d6ffnung des Verbands f\u00fcr Gespr\u00e4che mit AfD-Vertretern eine politische Taktik&#8221;. Weiter hei\u00dft es dazu:<\/p>\n<p><em>&#8220;Vor allem im Osten ist die AfD ein Faktum&#8221;, sagte Wachs. Darauf m\u00fcssten auch Unternehmer reagieren. Die AfD stelle im kommenden Jahr m\u00f6glicherweise Landesregierungen, es gebe jedoch kaum \u00f6ffentliche Debatten dar\u00fcber, wie in diesem Fall zu reagieren w\u00e4re, und vor welchen Herausforderungen Unternehmer in diesem Fall st\u00fcnden.&#8221;\u00a0<\/em><\/p>\n<p>Vertreter evangelischer und katholischer Unternehmer w\u00fcrden sich daher &#8220;gegen Gespr\u00e4chsverbote mit der AfD aussprechen, wichtig sei jedoch die inhaltliche Abgrenzung.&#8221; Politiker\u00a0von SPD und Gr\u00fcnen erkennen demgegen\u00fcber anscheinend keinerlei Diskussionsfreiraum. So berichtet die <em>Bild <\/em>Katharina Dr\u00f6ge zitierend:<\/p>\n<p><em>&#8220;Die Vorsitzende der Gr\u00fcnen-Bundestagsfraktion zu Bild: &#8216;Demokratie und ein offenes Wirtschaftsmodell sind die Grundlage unseres Wohlstands. Kein Unternehmen wird langfristig erfolgreich sein, wenn Rechtsextreme unser Land spalten und unser friedliches Zusammenleben gef\u00e4hrden.&#8217;<\/em><em>&#8220;<\/em><\/p>\n<p>Gr\u00fcnen-Co-Vorsitzende Britta Ha\u00dfelmann<a rel=\"nofollow noopener\" target=\"_blank\" href=\"https:\/\/x.com\/BriHasselmann\/status\/1993092097360986318\"> erkl\u00e4rte<\/a> vor zwei Tagen auf X:<\/p>\n<p><em>&#8220;Die rund 6.500 Unternehmen, die im Verband der Familienunternehmer organisiert sind, sollten sich sehr ernsthaft \u00fcberlegen, ob Frau Ostermann als Vorsitzende des Verbandes tats\u00e4chlich in ihrem Namen einer solchen gef\u00e4hrlichen Relativierung und Entwicklung das Wort redet\u00a0#noafd.&#8221;<\/em><\/p>\n<p>Der stellvertretende Gr\u00fcnen-Fraktionsvorsitzende Andreas Audretsch <a rel=\"nofollow noopener\" target=\"_blank\" href=\"https:\/\/x.com\/AnAudretsch\/status\/1993248167660601544\">forderte<\/a> vom Verband, &#8220;die\u00a0rund 6.500 Unternehmen sollten diese Irrfahrt stoppen&#8221;, und weiter:<\/p>\n<p><em>&#8220;Mit einer gesichert rechtsextremen Putin-Propaganda-Partei trinkt man nicht nett ein Weinchen beim parlamentarischen Abend.&#8221;\u00a0<\/em><\/p>\n<p>Esra Limbacher, stellvertretender Vorsitzender der SPD-Bundestagsfraktion, gab zu Protokoll:<\/p>\n<p><em>&#8220;Die AfD ist eine wirtschaftsfeindliche Partei voller Putin-Freunde. Sie stellt sich damit frontal gegen die Grundlagen unseres Wohlstands. Wer glaubt, man k\u00f6nne die AfD &#8216;stellen&#8217;, indem man sie zum H\u00e4ppchenessen bei parlamentarischen Abenden einl\u00e4dt, der irrt gewaltig.&#8221;<\/em><\/p>\n<div class=\"EmbedBlock-root EmbedBlock-twitter\">\n<div class=\"TwitterEmbed\">\n<blockquote class=\"twitter-tweet lazyload\" data-twitter=\"twitter-tweet\">\n<p lang=\"de\" dir=\"ltr\">Die Familienunternehmer sollten noch einmal nachdenken, wem sie da die Hand reichen. Weidel hebt erneut stolz ihre guten Kontakte zu Trump und Putins Russland hervor, M\u00e4chte, die unsere Wirtschaft bek\u00e4mpfen, und somit unsere Freiheit und unseren Wohlstand angreifen. <a rel=\"nofollow noopener\" target=\"_blank\" href=\"https:\/\/t.co\/FJ9lFxUxkj\">pic.twitter.com\/FJ9lFxUxkj<\/a><\/p>\n<p>\u2014 Prof. Karl Lauterbach (@Karl_Lauterbach) <a rel=\"nofollow noopener\" target=\"_blank\" href=\"https:\/\/twitter.com\/Karl_Lauterbach\/status\/1993619178201227407?ref_src=twsrc%5Etfw\">November 26, 2025<\/a><\/p><\/blockquote>\n<\/div>\n<\/div>\n<p>Das Ex-Linken-Bundestagsmitglied Niema Movassat ebenfalls <a rel=\"nofollow noopener\" target=\"_blank\" href=\"https:\/\/x.com\/NiemaMovassat\/status\/1993298454278553810\">auf X<\/a>:<\/p>\n<p><em>&#8220;Der Verband der Familienunternehmer hat die AfD eingeladen und m\u00f6chte mit ihnen ins Gespr\u00e4ch kommen. Mitglieder des Verbandes sind u. a. K\u00e4rcher, Miele, Viessmann, Melitta, Thalia, Villeroy &amp; Boch, Vorwerk. Einmal mehr sucht die deutsche Wirtschaft die N\u00e4he zu Faschisten.&#8221;<\/em><\/p>\n<p>Als Gegenstimme erkl\u00e4rte Friedemann Berg vom &#8220;Zentralverband des Deutschen B\u00e4ckerhandwerks&#8221;\u00a0gegen\u00fcber der <em>Bild-<\/em>Redaktion,\u00a0der Verband gehe zwar nicht aktiv auf die Partei zu, &#8220;wenn die AfD aber anfragt oder um ein Gespr\u00e4ch bittet, gebietet der Respekt vor dem Abgeordnetenamt, mit der AfD zu sprechen.&#8221;<\/p>\n<p>Der attackierte Verband reagierte zu Wochenbeginn mit der w\u00f6rtlichen Information, dass &#8220;wir\u00a0Familienunternehmer keine Regierung mit AfD-Beteiligung wollen.&#8221; Die <a rel=\"nofollow noopener\" target=\"_blank\" href=\"https:\/\/www.familienunternehmer.eu\/presse-news\/pressemitteilungen\/detail\/familienunternehmer-zum-umgang-mit-der-afd.html\">Mitteilung<\/a> endet mit der Erkl\u00e4rung:<\/p>\n<p><em>&#8220;Mit einem Andersdenkenden zu diskutieren, hei\u00dft nicht seine Positionen zu akzeptieren. Reden hei\u00dft nicht zusammenarbeiten. Und wer gar nicht mehr redet, hat inhaltlich aufgegeben \u2013 gerade diejenigen \u00fcberlassen das Feld den Extremisten. Demokratie lebt vom Streit um die besten Inhalte, nicht vom Schweigen. Die Zeit ist vorbei, in der man die Debatte verweigern kann und wehr- und tatenlos auf eine Verbesserung der Wahlergebnisse hofft. Wer diesen Ansatz verteufelt, macht am Ende nur die Extremisten stark.&#8221;<\/em><\/p>\n<p><strong>Mehr zum Thema &#8211;<\/strong>\u00a0<a rel=\"nofollow noopener\" target=\"_blank\" href=\"https:\/\/freedert.online\/meinung\/262866-die-zweifelhafte-ehre-der-deutschen-bank\/\">Die zweifelhafte Ehre der Deutschen Bank<\/a><\/p>\n<div class=\"EmbedBlock-root EmbedBlock-externalVideo EmbedBlock-rumble\">\n<div class=\"VkEmbed\"><iframe class=\"lazyload\" data-src=\"https:\/\/rumble.com\/embed\/v6zrrw0\" frameborder=\"0\" width=\"853\" height=\"480\" allowfullscreen><\/iframe><\/div>\n<\/div>\n<\/div>\n<p><script async src=\"https:\/\/platform.twitter.com\/widgets.js\" charset=\"utf-8\"><\/script><br \/>\n<br \/><br \/>\n<br \/><a href=\"https:\/\/de.rt.com\/inland\/262963-politischer-druck-auf-verband-familienunternehmer\/\">Source link <\/a><\/p>\n","protected":false},"excerpt":{"rendered":"<p>Seit der Erkl\u00e4rung des Verbands &#8220;Die Familienunternehmer&#8221;, die bisherige &#8220;Brandmauer&#8221;-Strategie gegen\u00fcber AfD neu aufstellen zu wollen, wird die Organisation forciert seitens Politik und Unternehmen attackiert. Der Drogerie-Milliard\u00e4r Dirk Ro\u00dfmann erkl\u00e4rt, dass er aus Protest gegen den neuen Kurs aus dem Verband austreten wird. Drogerie-Milliard\u00e4r Dirk Ro\u00dfmann, Unternehmensgr\u00fcnder der weltweit agierenden Marke Rossmann, k\u00fcndigte gegen\u00fcber der\u00a0Lebensmittel-Zeitung [&hellip;]<\/p>\n","protected":false},"author":3,"featured_media":94693,"comment_status":"open","ping_status":"open","sticky":false,"template":"","format":"standard","meta":{"_yoast_indexnow_last_ping":["1764174328"],"wp_automatic_camp":["217"],"738a4294c4ac8d2ff604f6cb76b9d5ba":["Politischer Druck auf  Verband der Familienunternehmer w\u00e4chst \u2013 Rossmann tritt aus"],"original_link":["https:\/\/de.rt.com\/inland\/262963-politischer-druck-auf-verband-familienunternehmer\/"],"_thumbnail_id":["94693"],"jnews_social_counter_last_update":["1777277919"],"_wptgpro_p2tg_sent2tg":["a:1:{i:23737;s:19:\"2025-11-26 18:26:39\";}"]},"categories":[19,23],"tags":[133,679,82,1610,57606,20281,42789,3470,35912,21107],"yoast_head":"<!-- This site is optimized with the Yoast SEO Premium plugin v22.7 (Yoast SEO v22.7) - https:\/\/yoast.com\/wordpress\/plugins\/seo\/ -->\n<title>Politischer Druck auf Verband der Familienunternehmer w\u00e4chst \u2013 Rossmann tritt aus - just-now.NEWS Deutschland<\/title>\n<meta name=\"robots\" content=\"index, follow, max-snippet:-1, max-image-preview:large, max-video-preview:-1\" \/>\n<link rel=\"canonical\" href=\"https:\/\/now-news.de\/de\/deutschland\/politischer-druck-auf-verband-der-familienunternehmer-waechst-rossmann-tritt-aus\/\" \/>\n<meta property=\"og:locale\" content=\"de_DE\" \/>\n<meta property=\"og:type\" content=\"article\" \/>\n<meta property=\"og:title\" content=\"Politischer Druck auf Verband der Familienunternehmer w\u00e4chst \u2013 Rossmann tritt aus\" \/>\n<meta property=\"og:description\" content=\"Seit der Erkl\u00e4rung des Verbands &#8220;Die Familienunternehmer&#8221;, die bisherige &#8220;Brandmauer&#8221;-Strategie gegen\u00fcber AfD neu aufstellen zu wollen, wird die Organisation forciert seitens Politik und Unternehmen attackiert. Der Drogerie-Milliard\u00e4r Dirk Ro\u00dfmann erkl\u00e4rt, dass er aus Protest gegen den neuen Kurs aus dem Verband austreten wird. Drogerie-Milliard\u00e4r Dirk Ro\u00dfmann, Unternehmensgr\u00fcnder der weltweit agierenden Marke Rossmann, k\u00fcndigte gegen\u00fcber der\u00a0Lebensmittel-Zeitung [&hellip;]\" \/>\n<meta property=\"og:url\" content=\"https:\/\/now-news.de\/de\/deutschland\/politischer-druck-auf-verband-der-familienunternehmer-waechst-rossmann-tritt-aus\/\" \/>\n<meta property=\"og:site_name\" content=\"just-now.NEWS Deutschland\" \/>\n<meta property=\"article:publisher\" content=\"https:\/\/www.facebook.com\/wirmachenauf\" \/>\n<meta property=\"article:published_time\" content=\"2025-11-26T16:11:19+00:00\" \/>\n<meta property=\"og:image\" content=\"https:\/\/now-news.de\/de\/wp-content\/uploads\/sites\/3\/2025\/11\/6926dea648fbef255e6475c6.jpg\" \/>\n<meta name=\"author\" content=\"rtnews\" \/>\n<meta name=\"twitter:card\" content=\"summary_large_image\" \/>\n<meta name=\"twitter:creator\" content=\"@WirMachenAuf_de\" \/>\n<meta name=\"twitter:site\" content=\"@WirMachenAuf_de\" \/>\n<meta name=\"twitter:label1\" content=\"Verfasst von\" \/>\n\t<meta name=\"twitter:data1\" content=\"rtnews\" \/>\n\t<meta name=\"twitter:label2\" content=\"Gesch\u00e4tzte Lesezeit\" \/>\n\t<meta name=\"twitter:data2\" content=\"5\u00a0Minuten\" \/>\n<script type=\"application\/ld+json\" class=\"yoast-schema-graph\">{\"@context\":\"https:\/\/schema.org\",\"@graph\":[{\"@type\":\"Article\",\"@id\":\"https:\/\/now-news.de\/de\/deutschland\/politischer-druck-auf-verband-der-familienunternehmer-waechst-rossmann-tritt-aus\/#article\",\"isPartOf\":{\"@id\":\"https:\/\/now-news.de\/de\/deutschland\/politischer-druck-auf-verband-der-familienunternehmer-waechst-rossmann-tritt-aus\/\"},\"author\":{\"name\":\"rtnews\",\"@id\":\"https:\/\/now-news.de\/de\/#\/schema\/person\/fb534a4e865501d8b3285208df34a9b5\"},\"headline\":\"Politischer Druck auf Verband der Familienunternehmer w\u00e4chst \u2013 Rossmann tritt aus\",\"datePublished\":\"2025-11-26T16:11:19+00:00\",\"dateModified\":\"2025-11-26T16:11:19+00:00\",\"mainEntityOfPage\":{\"@id\":\"https:\/\/now-news.de\/de\/deutschland\/politischer-druck-auf-verband-der-familienunternehmer-waechst-rossmann-tritt-aus\/\"},\"wordCount\":1026,\"commentCount\":0,\"publisher\":{\"@id\":\"https:\/\/now-news.de\/de\/#organization\"},\"image\":{\"@id\":\"https:\/\/now-news.de\/de\/deutschland\/politischer-druck-auf-verband-der-familienunternehmer-waechst-rossmann-tritt-aus\/#primaryimage\"},\"thumbnailUrl\":\"https:\/\/now-news.de\/de\/wp-content\/uploads\/sites\/3\/2025\/11\/Politischer-Druck-auf-Verband-der-Familienunternehmer-waechst-\u2013-Rossmann-tritt.jpg\",\"keywords\":[\"AUF\",\"aus\",\"der\",\"Druck\",\"Familienunternehmer\",\"politischer\",\"Rossmann\",\"tritt\",\"Verband\",\"w\u00e4chst\"],\"articleSection\":[\"Deutschland\",\"Russland\"],\"inLanguage\":\"de\",\"potentialAction\":[{\"@type\":\"CommentAction\",\"name\":\"Comment\",\"target\":[\"https:\/\/now-news.de\/de\/deutschland\/politischer-druck-auf-verband-der-familienunternehmer-waechst-rossmann-tritt-aus\/#respond\"]}]},{\"@type\":\"WebPage\",\"@id\":\"https:\/\/now-news.de\/de\/deutschland\/politischer-druck-auf-verband-der-familienunternehmer-waechst-rossmann-tritt-aus\/\",\"url\":\"https:\/\/now-news.de\/de\/deutschland\/politischer-druck-auf-verband-der-familienunternehmer-waechst-rossmann-tritt-aus\/\",\"name\":\"Politischer Druck auf Verband der Familienunternehmer w\u00e4chst \u2013 Rossmann tritt aus - just-now.NEWS Deutschland\",\"isPartOf\":{\"@id\":\"https:\/\/now-news.de\/de\/#website\"},\"primaryImageOfPage\":{\"@id\":\"https:\/\/now-news.de\/de\/deutschland\/politischer-druck-auf-verband-der-familienunternehmer-waechst-rossmann-tritt-aus\/#primaryimage\"},\"image\":{\"@id\":\"https:\/\/now-news.de\/de\/deutschland\/politischer-druck-auf-verband-der-familienunternehmer-waechst-rossmann-tritt-aus\/#primaryimage\"},\"thumbnailUrl\":\"https:\/\/now-news.de\/de\/wp-content\/uploads\/sites\/3\/2025\/11\/Politischer-Druck-auf-Verband-der-Familienunternehmer-waechst-\u2013-Rossmann-tritt.jpg\",\"datePublished\":\"2025-11-26T16:11:19+00:00\",\"dateModified\":\"2025-11-26T16:11:19+00:00\",\"breadcrumb\":{\"@id\":\"https:\/\/now-news.de\/de\/deutschland\/politischer-druck-auf-verband-der-familienunternehmer-waechst-rossmann-tritt-aus\/#breadcrumb\"},\"inLanguage\":\"de\",\"potentialAction\":[{\"@type\":\"ReadAction\",\"target\":[\"https:\/\/now-news.de\/de\/deutschland\/politischer-druck-auf-verband-der-familienunternehmer-waechst-rossmann-tritt-aus\/\"]}]},{\"@type\":\"ImageObject\",\"inLanguage\":\"de\",\"@id\":\"https:\/\/now-news.de\/de\/deutschland\/politischer-druck-auf-verband-der-familienunternehmer-waechst-rossmann-tritt-aus\/#primaryimage\",\"url\":\"https:\/\/now-news.de\/de\/wp-content\/uploads\/sites\/3\/2025\/11\/Politischer-Druck-auf-Verband-der-Familienunternehmer-waechst-\u2013-Rossmann-tritt.jpg\",\"contentUrl\":\"https:\/\/now-news.de\/de\/wp-content\/uploads\/sites\/3\/2025\/11\/Politischer-Druck-auf-Verband-der-Familienunternehmer-waechst-\u2013-Rossmann-tritt.jpg\",\"width\":460,\"height\":259,\"caption\":\"Politischer Druck auf Verband der Familienunternehmer w\u00e4chst \u2013 Rossmann tritt aus\"},{\"@type\":\"BreadcrumbList\",\"@id\":\"https:\/\/now-news.de\/de\/deutschland\/politischer-druck-auf-verband-der-familienunternehmer-waechst-rossmann-tritt-aus\/#breadcrumb\",\"itemListElement\":[{\"@type\":\"ListItem\",\"position\":1,\"name\":\"Home\",\"item\":\"https:\/\/now-news.de\/de\/\"},{\"@type\":\"ListItem\",\"position\":2,\"name\":\"Politischer Druck auf Verband der Familienunternehmer w\u00e4chst \u2013 Rossmann tritt aus\"}]},{\"@type\":\"WebSite\",\"@id\":\"https:\/\/now-news.de\/de\/#website\",\"url\":\"https:\/\/now-news.de\/de\/\",\"name\":\"just-now.NEWS Deutschland\",\"description\":\"Das Portal f\u00fcr unzensierte Nachrichten aus der Welt\",\"publisher\":{\"@id\":\"https:\/\/now-news.de\/de\/#organization\"},\"potentialAction\":[{\"@type\":\"SearchAction\",\"target\":{\"@type\":\"EntryPoint\",\"urlTemplate\":\"https:\/\/now-news.de\/de\/?s={search_term_string}\"},\"query-input\":\"required name=search_term_string\"}],\"inLanguage\":\"de\"},{\"@type\":\"Organization\",\"@id\":\"https:\/\/now-news.de\/de\/#organization\",\"name\":\"Just Now News\",\"url\":\"https:\/\/now-news.de\/de\/\",\"logo\":{\"@type\":\"ImageObject\",\"inLanguage\":\"de\",\"@id\":\"https:\/\/now-news.de\/de\/#\/schema\/logo\/image\/\",\"url\":\"http:\/\/just-now.news\/de\/wp-content\/uploads\/sites\/3\/2022\/04\/logo500x500.jpg\",\"contentUrl\":\"http:\/\/just-now.news\/de\/wp-content\/uploads\/sites\/3\/2022\/04\/logo500x500.jpg\",\"width\":500,\"height\":500,\"caption\":\"Just Now News\"},\"image\":{\"@id\":\"https:\/\/now-news.de\/de\/#\/schema\/logo\/image\/\"},\"sameAs\":[\"https:\/\/www.facebook.com\/wirmachenauf\",\"https:\/\/x.com\/WirMachenAuf_de\"]},{\"@type\":\"Person\",\"@id\":\"https:\/\/now-news.de\/de\/#\/schema\/person\/fb534a4e865501d8b3285208df34a9b5\",\"name\":\"rtnews\",\"image\":{\"@type\":\"ImageObject\",\"inLanguage\":\"de\",\"@id\":\"https:\/\/now-news.de\/de\/#\/schema\/person\/image\/\",\"url\":\"https:\/\/secure.gravatar.com\/avatar\/82aafea7d8127119dd649515f56e2117?s=96&d=mm&r=g\",\"contentUrl\":\"https:\/\/secure.gravatar.com\/avatar\/82aafea7d8127119dd649515f56e2117?s=96&d=mm&r=g\",\"caption\":\"rtnews\"},\"url\":\"https:\/\/now-news.de\/de\/author\/rnews\/\"}]}<\/script>\n<!-- \/ Yoast SEO Premium plugin. -->","yoast_head_json":{"title":"Politischer Druck auf Verband der Familienunternehmer w\u00e4chst \u2013 Rossmann tritt aus - just-now.NEWS Deutschland","robots":{"index":"index","follow":"follow","max-snippet":"max-snippet:-1","max-image-preview":"max-image-preview:large","max-video-preview":"max-video-preview:-1"},"canonical":"https:\/\/now-news.de\/de\/deutschland\/politischer-druck-auf-verband-der-familienunternehmer-waechst-rossmann-tritt-aus\/","og_locale":"de_DE","og_type":"article","og_title":"Politischer Druck auf Verband der Familienunternehmer w\u00e4chst \u2013 Rossmann tritt aus","og_description":"Seit der Erkl\u00e4rung des Verbands &#8220;Die Familienunternehmer&#8221;, die bisherige &#8220;Brandmauer&#8221;-Strategie gegen\u00fcber AfD neu aufstellen zu wollen, wird die Organisation forciert seitens Politik und Unternehmen attackiert. Der Drogerie-Milliard\u00e4r Dirk Ro\u00dfmann erkl\u00e4rt, dass er aus Protest gegen den neuen Kurs aus dem Verband austreten wird. Drogerie-Milliard\u00e4r Dirk Ro\u00dfmann, Unternehmensgr\u00fcnder der weltweit agierenden Marke Rossmann, k\u00fcndigte gegen\u00fcber der\u00a0Lebensmittel-Zeitung [&hellip;]","og_url":"https:\/\/now-news.de\/de\/deutschland\/politischer-druck-auf-verband-der-familienunternehmer-waechst-rossmann-tritt-aus\/","og_site_name":"just-now.NEWS Deutschland","article_publisher":"https:\/\/www.facebook.com\/wirmachenauf","article_published_time":"2025-11-26T16:11:19+00:00","og_image":[{"url":"https:\/\/now-news.de\/de\/wp-content\/uploads\/sites\/3\/2025\/11\/6926dea648fbef255e6475c6.jpg"}],"author":"rtnews","twitter_card":"summary_large_image","twitter_creator":"@WirMachenAuf_de","twitter_site":"@WirMachenAuf_de","twitter_misc":{"Verfasst von":"rtnews","Gesch\u00e4tzte Lesezeit":"5\u00a0Minuten"},"schema":{"@context":"https:\/\/schema.org","@graph":[{"@type":"Article","@id":"https:\/\/now-news.de\/de\/deutschland\/politischer-druck-auf-verband-der-familienunternehmer-waechst-rossmann-tritt-aus\/#article","isPartOf":{"@id":"https:\/\/now-news.de\/de\/deutschland\/politischer-druck-auf-verband-der-familienunternehmer-waechst-rossmann-tritt-aus\/"},"author":{"name":"rtnews","@id":"https:\/\/now-news.de\/de\/#\/schema\/person\/fb534a4e865501d8b3285208df34a9b5"},"headline":"Politischer Druck auf Verband der Familienunternehmer w\u00e4chst \u2013 Rossmann tritt aus","datePublished":"2025-11-26T16:11:19+00:00","dateModified":"2025-11-26T16:11:19+00:00","mainEntityOfPage":{"@id":"https:\/\/now-news.de\/de\/deutschland\/politischer-druck-auf-verband-der-familienunternehmer-waechst-rossmann-tritt-aus\/"},"wordCount":1026,"commentCount":0,"publisher":{"@id":"https:\/\/now-news.de\/de\/#organization"},"image":{"@id":"https:\/\/now-news.de\/de\/deutschland\/politischer-druck-auf-verband-der-familienunternehmer-waechst-rossmann-tritt-aus\/#primaryimage"},"thumbnailUrl":"https:\/\/now-news.de\/de\/wp-content\/uploads\/sites\/3\/2025\/11\/Politischer-Druck-auf-Verband-der-Familienunternehmer-waechst-\u2013-Rossmann-tritt.jpg","keywords":["AUF","aus","der","Druck","Familienunternehmer","politischer","Rossmann","tritt","Verband","w\u00e4chst"],"articleSection":["Deutschland","Russland"],"inLanguage":"de","potentialAction":[{"@type":"CommentAction","name":"Comment","target":["https:\/\/now-news.de\/de\/deutschland\/politischer-druck-auf-verband-der-familienunternehmer-waechst-rossmann-tritt-aus\/#respond"]}]},{"@type":"WebPage","@id":"https:\/\/now-news.de\/de\/deutschland\/politischer-druck-auf-verband-der-familienunternehmer-waechst-rossmann-tritt-aus\/","url":"https:\/\/now-news.de\/de\/deutschland\/politischer-druck-auf-verband-der-familienunternehmer-waechst-rossmann-tritt-aus\/","name":"Politischer Druck auf Verband der Familienunternehmer w\u00e4chst \u2013 Rossmann tritt aus - just-now.NEWS Deutschland","isPartOf":{"@id":"https:\/\/now-news.de\/de\/#website"},"primaryImageOfPage":{"@id":"https:\/\/now-news.de\/de\/deutschland\/politischer-druck-auf-verband-der-familienunternehmer-waechst-rossmann-tritt-aus\/#primaryimage"},"image":{"@id":"https:\/\/now-news.de\/de\/deutschland\/politischer-druck-auf-verband-der-familienunternehmer-waechst-rossmann-tritt-aus\/#primaryimage"},"thumbnailUrl":"https:\/\/now-news.de\/de\/wp-content\/uploads\/sites\/3\/2025\/11\/Politischer-Druck-auf-Verband-der-Familienunternehmer-waechst-\u2013-Rossmann-tritt.jpg","datePublished":"2025-11-26T16:11:19+00:00","dateModified":"2025-11-26T16:11:19+00:00","breadcrumb":{"@id":"https:\/\/now-news.de\/de\/deutschland\/politischer-druck-auf-verband-der-familienunternehmer-waechst-rossmann-tritt-aus\/#breadcrumb"},"inLanguage":"de","potentialAction":[{"@type":"ReadAction","target":["https:\/\/now-news.de\/de\/deutschland\/politischer-druck-auf-verband-der-familienunternehmer-waechst-rossmann-tritt-aus\/"]}]},{"@type":"ImageObject","inLanguage":"de","@id":"https:\/\/now-news.de\/de\/deutschland\/politischer-druck-auf-verband-der-familienunternehmer-waechst-rossmann-tritt-aus\/#primaryimage","url":"https:\/\/now-news.de\/de\/wp-content\/uploads\/sites\/3\/2025\/11\/Politischer-Druck-auf-Verband-der-Familienunternehmer-waechst-\u2013-Rossmann-tritt.jpg","contentUrl":"https:\/\/now-news.de\/de\/wp-content\/uploads\/sites\/3\/2025\/11\/Politischer-Druck-auf-Verband-der-Familienunternehmer-waechst-\u2013-Rossmann-tritt.jpg","width":460,"height":259,"caption":"Politischer Druck auf Verband der Familienunternehmer w\u00e4chst \u2013 Rossmann tritt aus"},{"@type":"BreadcrumbList","@id":"https:\/\/now-news.de\/de\/deutschland\/politischer-druck-auf-verband-der-familienunternehmer-waechst-rossmann-tritt-aus\/#breadcrumb","itemListElement":[{"@type":"ListItem","position":1,"name":"Home","item":"https:\/\/now-news.de\/de\/"},{"@type":"ListItem","position":2,"name":"Politischer Druck auf Verband der Familienunternehmer w\u00e4chst \u2013 Rossmann tritt aus"}]},{"@type":"WebSite","@id":"https:\/\/now-news.de\/de\/#website","url":"https:\/\/now-news.de\/de\/","name":"just-now.NEWS Deutschland","description":"Das Portal f\u00fcr unzensierte Nachrichten aus der Welt","publisher":{"@id":"https:\/\/now-news.de\/de\/#organization"},"potentialAction":[{"@type":"SearchAction","target":{"@type":"EntryPoint","urlTemplate":"https:\/\/now-news.de\/de\/?s={search_term_string}"},"query-input":"required name=search_term_string"}],"inLanguage":"de"},{"@type":"Organization","@id":"https:\/\/now-news.de\/de\/#organization","name":"Just Now News","url":"https:\/\/now-news.de\/de\/","logo":{"@type":"ImageObject","inLanguage":"de","@id":"https:\/\/now-news.de\/de\/#\/schema\/logo\/image\/","url":"http:\/\/just-now.news\/de\/wp-content\/uploads\/sites\/3\/2022\/04\/logo500x500.jpg","contentUrl":"http:\/\/just-now.news\/de\/wp-content\/uploads\/sites\/3\/2022\/04\/logo500x500.jpg","width":500,"height":500,"caption":"Just Now News"},"image":{"@id":"https:\/\/now-news.de\/de\/#\/schema\/logo\/image\/"},"sameAs":["https:\/\/www.facebook.com\/wirmachenauf","https:\/\/x.com\/WirMachenAuf_de"]},{"@type":"Person","@id":"https:\/\/now-news.de\/de\/#\/schema\/person\/fb534a4e865501d8b3285208df34a9b5","name":"rtnews","image":{"@type":"ImageObject","inLanguage":"de","@id":"https:\/\/now-news.de\/de\/#\/schema\/person\/image\/","url":"https:\/\/secure.gravatar.com\/avatar\/82aafea7d8127119dd649515f56e2117?s=96&d=mm&r=g","contentUrl":"https:\/\/secure.gravatar.com\/avatar\/82aafea7d8127119dd649515f56e2117?s=96&d=mm&r=g","caption":"rtnews"},"url":"https:\/\/now-news.de\/de\/author\/rnews\/"}]}},"_links":{"self":[{"href":"https:\/\/now-news.de\/de\/wp-json\/wp\/v2\/posts\/94692"}],"collection":[{"href":"https:\/\/now-news.de\/de\/wp-json\/wp\/v2\/posts"}],"about":[{"href":"https:\/\/now-news.de\/de\/wp-json\/wp\/v2\/types\/post"}],"author":[{"embeddable":true,"href":"https:\/\/now-news.de\/de\/wp-json\/wp\/v2\/users\/3"}],"replies":[{"embeddable":true,"href":"https:\/\/now-news.de\/de\/wp-json\/wp\/v2\/comments?post=94692"}],"version-history":[{"count":0,"href":"https:\/\/now-news.de\/de\/wp-json\/wp\/v2\/posts\/94692\/revisions"}],"wp:featuredmedia":[{"embeddable":true,"href":"https:\/\/now-news.de\/de\/wp-json\/wp\/v2\/media\/94693"}],"wp:attachment":[{"href":"https:\/\/now-news.de\/de\/wp-json\/wp\/v2\/media?parent=94692"}],"wp:term":[{"taxonomy":"category","embeddable":true,"href":"https:\/\/now-news.de\/de\/wp-json\/wp\/v2\/categories?post=94692"},{"taxonomy":"post_tag","embeddable":true,"href":"https:\/\/now-news.de\/de\/wp-json\/wp\/v2\/tags?post=94692"}],"curies":[{"name":"wp","href":"https:\/\/api.w.org\/{rel}","templated":true}]}}