{"id":94658,"date":"2025-11-25T22:05:09","date_gmt":"2025-11-25T20:05:09","guid":{"rendered":"https:\/\/now-news.de\/de\/deutschland\/weiches-laecheln-harter-verhandler-wer-ist-dan-driscoll\/"},"modified":"2025-11-25T22:05:09","modified_gmt":"2025-11-25T20:05:09","slug":"weiches-laecheln-harter-verhandler-wer-ist-dan-driscoll","status":"publish","type":"post","link":"https:\/\/now-news.de\/de\/deutschland\/weiches-laecheln-harter-verhandler-wer-ist-dan-driscoll\/","title":{"rendered":"Weiches L\u00e4cheln, harter Verhandler \u2013 Wer ist Dan Driscoll?"},"content":{"rendered":"<div class=\"Text-root Text-type_1 \">\n                Mitte November tauchte in Kiew \u00fcberraschend statt Keith Kellogg ein neuer Ukraine-Unterh\u00e4ndler auf und sorgte f\u00fcr Furore. Wer ist dieser Daniel P. Driscoll, in dem viele einen aufsteigenden Star der US-Politik sehen, der unabh\u00e4ngig davon schon jetzt eine Spur in der Geschichte der Diplomatie hinterlassen hat?\n            <\/div>\n<p><\/p>\n<div class=\"Text-root Text-type_5 ArticleView-text ViewText-root \">\n<p><em>Von Anton Gentzen<\/em><\/p>\n<p>Im Zusammenhang mit der aktuellen Runde der Versuche der US-Regierung f\u00fcr die Ukraine ein Friedensabkommen auszuhandeln, trat \u00fcberraschend eine neue Personalie auf die Weltb\u00fchne, die f\u00fcr Aufsehen sorgte. Statt General Keith Kellogg, der bisher als Donald Trumps offizieller Sonderbeauftragter f\u00fcr die Ukraine f\u00fcr Verhandlungen mit Kiew und den Europ\u00e4ern zust\u00e4ndig war, sa\u00df am 19. November der au\u00dferhalb der USA bislang wenig bekannte US-Armeeminister Daniel (Dan) Driscoll dem Kiewer Machthaber Wladimir Selenskij und den seinen gegen\u00fcber.<\/p>\n<p>Berichten zufolge schlug Driscoll sofort einen sch\u00e4rferen Ton als seine Vorg\u00e4nger in der Funktion von Unterh\u00e4ndlern an. So soll er w\u00e4hrend eines Treffens mit europ\u00e4ischen Beamten in der Residenz der US-Gesch\u00e4ftstr\u00e4gerin in der Ukraine, Julia Davis, unverbl\u00fcmt erkl\u00e4rt haben: &#8220;Es ist Zeit, mit dem Sch\u2026 aufzuh\u00f6ren!&#8221; Die <em>Financial Times<\/em> nannte den neuen Ton gleich einen &#8220;widerlichen&#8221;.<\/p>\n<p>Vieles spricht daf\u00fcr, dass hier ein aufsteigender Star der US-Politik seine Premiere auf der Weltb\u00fchne erlebte. Und so lohnt es sich, diesen Dan Driscoll einmal genauer anzusehen.\u00a0<\/p>\n<p>Die Biografie des US-Armeeministers ist f\u00fcr einen Bestseller und eine Hollywood-Verfilmung nicht weniger geeignet als die des aktuellen Vizepr\u00e4sidenten J. D. Vance. Beide sind \u00fcbrigens seit Studienzeiten befreundet. Geboren wurde Daniel P. Driscoll 1985 als Spr\u00f6ssling einer Familie von Berufssoldaten. Sein Vater k\u00e4mpfte in Vietnam, sein Gro\u00dfvater diente w\u00e4hrend des Zweiten Weltkriegs als Codierer bei der Marine. Die ersten Lebensjahre sind eine typische Americana: Aufwachsen in einer Kleinstadt (Banner Elk, North Carolina, hat etwa tausend Einwohner), College, wo er sich in die sch\u00f6nste Frau seiner Klasse, Cassie, verliebte, University of North Carolina mit Bachelor-Abschluss in Betriebswirtschaft.<\/p>\n<p>Danach folgte er der Familientradition und trat in den Milit\u00e4rdienst ein. Von 2007 bis 2011 Offiziersausbildung und Zugf\u00fchrer der Kavallerie-Aufkl\u00e4rer der 10. Gebirgsdivision in Fort Drum. Etappen der milit\u00e4rischen Laufbahn waren ein neunmonatiger Einsatz im Irak. Driscoll verlie\u00df den Dienst im Rang eines Oberleutnants.<\/p>\n<figure class=\"RTImage-root\">\n<div class=\"RTImage-image RTImage-original\"><picture class=\"Picture-root Picture-original\"><!--[if IE 9]><video style=\"display: none;\"><![endif]--><source media=\"(-webkit-min-device-pixel-ratio: 2) and (min-resolution: 120dpi)\" data-srcset=\" \nhttps:\/\/now-news.de\/de\/wp-content\/uploads\/sites\/3\/2025\/11\/6925f0e248fbef4d023bc9da.jpg 850w,\n                https:\/\/now-news.de\/de\/wp-content\/uploads\/sites\/3\/2025\/11\/6925f0e248fbef4d023bc9da.jpg 1960w,            \" ><source data-srcset=\" \nhttps:\/\/now-news.de\/de\/wp-content\/uploads\/sites\/3\/2025\/11\/6925f0e248fbef4d023bc9da.jpg 460w,\n              https:\/\/now-news.de\/de\/wp-content\/uploads\/sites\/3\/2025\/11\/6925f0e248fbef4d023bc9da.jpg 980w,\n            \" ><!--[if IE 9]><\/video><![endif]--><img decoding=\"async\" data- src=\"data:image\/png;base64,iVBORw0KGgoAAAANSUhEUgAAABAAAAAJCAQAAACRI2S5AAAAEElEQVR42mNkIAAYRxWAAQAG9gAKqv6+AwAAAABJRU5ErkJggg==\" class=\"Picture-root Picture-original lazyload\" data-src=\"https:\/\/now-news.de\/de\/wp-content\/uploads\/sites\/3\/2025\/11\/6925f0e248fbef4d023bc9da.jpg\" alt=\"\"><\/source><\/source><\/picture><!-- noscript pattern --><noscript><img decoding=\"async\" src=\"https:\/\/now-news.de\/de\/wp-content\/uploads\/sites\/3\/2025\/11\/6925f0e248fbef4d023bc9da.jpg\" alt=\"\"><\/noscript><\/div><figcaption class=\"RTImage-footer\"><span class=\"RTImage-caption\"><span class=\"RTImage-captionItem\">Dan Driscoll, damals Zugf\u00fchrer, diente in der 10. Gebirgsdivision im Irak.<\/span><\/span><span class=\"RTImage-source\"><span class=\"RTImage-captionItem\">Wahlkampagne &#8220;Dan Driscoll for Congress&#8221;<\/span><\/span><\/figcaption><\/figure>\n<p>Nach seiner Demobilisierung nutzte Driscoll die Verg\u00fcnstigungen, die das Gesetz zur Wiedereingliederung von Milit\u00e4rangeh\u00f6rigen (G.I. Bill) f\u00fcr ehemalige Soldaten vorsieht, und schrieb sich an der Yale Law School ein, einer der renommiertesten Rechtsfakult\u00e4ten der USA. Dort lernte er auch Vance kennen. Beide arbeiteten in einer Studentengruppe, die die juristische Monatsschrift der Universit\u00e4t redigierte.\u00a0<\/p>\n<p>Sp\u00e4ter wird Vance seinen alten Universit\u00e4tsfreund nicht vergessen und ihn Anfang dieses Jahres in die h\u00f6chsten Kreise Washingtons aufsteigen lassen.<\/p>\n<p>Nach seinem Abschluss an der Yale Law School ging Driscoll in die Wirtschaft und arbeitete bei einer Investmentbank in Charlotte, North Carolina. Er heiratete seine Schulfreundin Cassie, und als ihr Sohn Daniel Jr. geboren wurde, gab er seinen vielversprechenden Job auf, um sich um das Kind zu k\u00fcmmern, w\u00e4hrend seine Frau an der medizinischen Hochschule studierte. Dann beschloss er, sich in der Politik zu versuchen \u2013 zun\u00e4chst ohne Erfolg.<\/p>\n<p>Driscolls Sternstunde kam, als Donald Trump die Pr\u00e4sidentschaftswahlen 2024 gewann. Da stellte sich heraus, dass Verbindungen zu den richtigen Leuten wichtiger sind als die Beliebtheit bei den W\u00e4hlern. Vance holte Driscoll als Seniorberater in sein Team, und am 4. Dezember 2024 gab Trump bekannt, dass er Driscoll f\u00fcr das Amt des Armeeministers nominieren werde:<\/p>\n<p><em>&#8220;Ich freue mich, Daniel P. Driscoll aus dem gro\u00dfartigen Bundesstaat North Carolina f\u00fcr das Amt des Verteidigungsministers zu nominieren. Als ehemaliger Soldat, Investor und politischer Berater verf\u00fcgt Dan \u00fcber eine beeindruckende Kombination aus Erfahrungen in verschiedenen Bereichen, die es ihm erm\u00f6glichen, etablierte Normen zu durchbrechen und Ver\u00e4nderungen voranzutreiben&#8221;<\/em>,<\/p>\n<p>schrieb Trump damals im sozialen Netzwerk Truth Social.<\/p>\n<p>Der Posten des US-Armeeministers (&#8220;United States Secretary of the Army&#8221;) ist am ehesten mit einem Stellvertretenden Minister oder einem deutschen Staatssekret\u00e4r zu vergleichen. Er ist dem Verteidigungsminister (der seit einiger Zeit offiziell Kriegsminister hei\u00dft) unterstellt. In den Zust\u00e4ndigkeitsbereich fallen Fragen im Zusammenhang mit Humanressourcen, Personal, Reserven, Geb\u00e4uden und Anlagen, Kommunikation und Finanzmanagement.<\/p>\n<p>Driscoll ist alles andere als ein Pazifist. Als er vor seiner Best\u00e4tigung im Senat \u00fcber die Rekrutierung f\u00fcr die Armee sprach, betonte er, dass die USA mehr Soldaten ben\u00f6tigen:<\/p>\n<p><em>&#8220;Wir haben die geringste Zahl an aktiven Soldaten seit dem Zweiten Weltkrieg. Dabei toben Konflikte auf der ganzen Welt.&#8221;<\/em><\/p>\n<p>Die Grundidee, die auch sein Chef, Kriegsminister Peter Hegseth, teilt, ist eine \u00c4nderung der Ideologie der Rekrutierung f\u00fcr den Milit\u00e4rdienst, unter anderem durch die Schaffung von Milit\u00e4rdynastien:<\/p>\n<p><em>&#8220;Die Stammb\u00e4ume, Verbindungen und Ketten, die wir in den Gemeinden aufbauen wollen, k\u00f6nnen uns nicht nur einen zuk\u00fcnftigen Soldaten, sondern ganze Generationen von Soldaten bescheren&#8221;<\/em>,<\/p>\n<p>erkl\u00e4rte Driscoll den Senatoren.<\/p>\n<figure class=\"RTImage-root\">\n<div class=\"RTImage-image RTImage-original\"><picture class=\"Picture-root Picture-original\"><!--[if IE 9]><video style=\"display: none;\"><![endif]--><source media=\"(-webkit-min-device-pixel-ratio: 2) and (min-resolution: 120dpi)\" data-srcset=\" \nhttps:\/\/now-news.de\/de\/wp-content\/uploads\/sites\/3\/2025\/11\/6925f013b480cc6b3f69013b.jpg 850w,\n                https:\/\/now-news.de\/de\/wp-content\/uploads\/sites\/3\/2025\/11\/6925f013b480cc6b3f69013b.jpg 1960w,            \" ><source data-srcset=\" \nhttps:\/\/now-news.de\/de\/wp-content\/uploads\/sites\/3\/2025\/11\/6925f013b480cc6b3f69013b.jpg 460w,\n              https:\/\/now-news.de\/de\/wp-content\/uploads\/sites\/3\/2025\/11\/6925f013b480cc6b3f69013b.jpg 980w,\n            \" ><!--[if IE 9]><\/video><![endif]--><img decoding=\"async\" data- src=\"data:image\/png;base64,iVBORw0KGgoAAAANSUhEUgAAABAAAAAJCAQAAACRI2S5AAAAEElEQVR42mNkIAAYRxWAAQAG9gAKqv6+AwAAAABJRU5ErkJggg==\" class=\"Picture-root Picture-original lazyload\" data-src=\"https:\/\/now-news.de\/de\/wp-content\/uploads\/sites\/3\/2025\/11\/6925f013b480cc6b3f69013b.jpg\" alt=\"\"><\/source><\/source><\/picture><!-- noscript pattern --><noscript><img decoding=\"async\" src=\"https:\/\/now-news.de\/de\/wp-content\/uploads\/sites\/3\/2025\/11\/6925f013b480cc6b3f69013b.jpg\" alt=\"\"><\/noscript><\/div><figcaption class=\"RTImage-footer\"><span class=\"RTImage-caption\"><span class=\"RTImage-captionItem\">Daniel P. Driscoll w\u00e4hrend der Anh\u00f6rung zu seiner Ernennung im US-Senat<\/span><\/span><span class=\"RTImage-source\"><span class=\"RTImage-captionItem\">Anna Moneymaker<\/span><span class=\"RTImage-captionItem\"> \/ Gettyimages.ru<\/span><\/span><\/figcaption><\/figure>\n<p>Und nat\u00fcrlich m\u00fcsse auch die Politik der positiven Diskriminierung an Milit\u00e4rakademien wie West Point beendet werden. Denn sie entspricht nicht der langj\u00e4hrigen Tradition der Meritokratie in der Armee. Offiziersr\u00e4nge sollten diejenigen erhalten, die \u00fcber mehr F\u00e4higkeiten verf\u00fcgen, und nicht diejenigen, die eine politisch korrekte Hautfarbe oder eine modische sexuelle Orientierung haben.<\/p>\n<p>Auch bei der R\u00fcstungsbeschaffung setzt Driscoll auf eine offensivere Herangehensweise, macht sich aber bei den &#8220;Platzhirschen&#8221; der US-R\u00fcstungsindustrie wenig Freunde, wenn er eine Ausweitung des Lieferanten- und Subunternehmerkreises fordert.<\/p>\n<p>Klar ist: Wenn Driscoll sich keine schweren Patzer leistet, steht er am Anfang einer gro\u00dfen Karriere und wir werden noch h\u00e4ufig \u00fcber den Mann reden, der hinter einem charismatischen L\u00e4cheln offenbar einen entschlossenen Charakter verbirgt.<\/p>\n<p><em>In dem Artikel fanden <a rel=\"nofollow noopener\" target=\"_blank\" href=\"https:\/\/4pera.com\/news\/picture_of_the_day\/tovarishch_di_vensa_ministr_armii_ssha_deniel_driskoll_smenil_kievskogo_petrushku_kelloga_kak_spetsp\/\">Recherchen<\/a> des Politologen Kirill Benediktow Verwendung<\/em>.\u00a0\u00a0<\/p>\n<p>Mehr zum Thema \u2013 <a rel=\"nofollow noopener\" target=\"_blank\" href=\"https:\/\/freedert.online\/international\/262569-medien-us-generaele-koennten-ende\/\">Medien: US-Gener\u00e4le k\u00f6nnten Ende n\u00e4chster Woche nach Moskau kommen<\/a><\/p>\n<div class=\"EmbedBlock-root EmbedBlock-externalVideo EmbedBlock-rumble\">\n<div class=\"VkEmbed\"><iframe class=\"lazyload\" data-src=\"https:\/\/rumble.com\/embed\/v6zy7h4\" frameborder=\"0\" width=\"853\" height=\"480\" allowfullscreen><\/iframe><\/div>\n<\/div>\n<\/div>\n<p><br \/>\n<br \/><a href=\"https:\/\/de.rt.com\/nordamerika\/262879-weiches-laecheln-harter-verhandler-who-is-dan-driscoll\/\">Source link <\/a><\/p>\n","protected":false},"excerpt":{"rendered":"<p>Mitte November tauchte in Kiew \u00fcberraschend statt Keith Kellogg ein neuer Ukraine-Unterh\u00e4ndler auf und sorgte f\u00fcr Furore. Wer ist dieser Daniel P. Driscoll, in dem viele einen aufsteigenden Star der US-Politik sehen, der unabh\u00e4ngig davon schon jetzt eine Spur in der Geschichte der Diplomatie hinterlassen hat? Von Anton Gentzen Im Zusammenhang mit der aktuellen Runde [&hellip;]<\/p>\n","protected":false},"author":3,"featured_media":94659,"comment_status":"open","ping_status":"open","sticky":false,"template":"","format":"standard","meta":{"_yoast_indexnow_last_ping":["1764107839"],"wp_automatic_camp":["217"],"c0609bafd34976fca3abcd4ef86cdb61":["Weiches L\u00e4cheln, harter Verhandler \u2013 Wer ist Dan Driscoll?"],"original_link":["https:\/\/de.rt.com\/nordamerika\/262879-weiches-laecheln-harter-verhandler-who-is-dan-driscoll\/"],"_thumbnail_id":["94659"],"jnews_social_counter_last_update":["1777027221"],"_wptgpro_p2tg_sent2tg":["a:1:{i:23737;s:19:\"2025-11-25 23:58:21\";}"]},"categories":[19,23],"tags":[4687,69379,4273,414,60271,65670,69435,8965],"yoast_head":"<!-- This site is optimized with the Yoast SEO Premium plugin v22.7 (Yoast SEO v22.7) - https:\/\/yoast.com\/wordpress\/plugins\/seo\/ -->\n<title>Weiches L\u00e4cheln, harter Verhandler \u2013 Wer ist Dan Driscoll? - just-now.NEWS Deutschland<\/title>\n<meta name=\"robots\" content=\"index, follow, max-snippet:-1, max-image-preview:large, max-video-preview:-1\" \/>\n<link rel=\"canonical\" href=\"https:\/\/now-news.de\/de\/deutschland\/weiches-laecheln-harter-verhandler-wer-ist-dan-driscoll\/\" \/>\n<meta property=\"og:locale\" content=\"de_DE\" \/>\n<meta property=\"og:type\" content=\"article\" \/>\n<meta property=\"og:title\" content=\"Weiches L\u00e4cheln, harter Verhandler \u2013 Wer ist Dan Driscoll?\" \/>\n<meta property=\"og:description\" content=\"Mitte November tauchte in Kiew \u00fcberraschend statt Keith Kellogg ein neuer Ukraine-Unterh\u00e4ndler auf und sorgte f\u00fcr Furore. Wer ist dieser Daniel P. Driscoll, in dem viele einen aufsteigenden Star der US-Politik sehen, der unabh\u00e4ngig davon schon jetzt eine Spur in der Geschichte der Diplomatie hinterlassen hat? Von Anton Gentzen Im Zusammenhang mit der aktuellen Runde [&hellip;]\" \/>\n<meta property=\"og:url\" content=\"https:\/\/now-news.de\/de\/deutschland\/weiches-laecheln-harter-verhandler-wer-ist-dan-driscoll\/\" \/>\n<meta property=\"og:site_name\" content=\"just-now.NEWS Deutschland\" \/>\n<meta property=\"article:publisher\" content=\"https:\/\/www.facebook.com\/wirmachenauf\" \/>\n<meta property=\"article:published_time\" content=\"2025-11-25T20:05:09+00:00\" \/>\n<meta property=\"og:image\" content=\"https:\/\/now-news.de\/de\/wp-content\/uploads\/sites\/3\/2025\/11\/6925f0e248fbef4d023bc9da.jpg\" \/>\n<meta name=\"author\" content=\"rtnews\" \/>\n<meta name=\"twitter:card\" content=\"summary_large_image\" \/>\n<meta name=\"twitter:creator\" content=\"@WirMachenAuf_de\" \/>\n<meta name=\"twitter:site\" content=\"@WirMachenAuf_de\" \/>\n<meta name=\"twitter:label1\" content=\"Verfasst von\" \/>\n\t<meta name=\"twitter:data1\" content=\"rtnews\" \/>\n\t<meta name=\"twitter:label2\" content=\"Gesch\u00e4tzte Lesezeit\" \/>\n\t<meta name=\"twitter:data2\" content=\"5\u00a0Minuten\" \/>\n<script type=\"application\/ld+json\" class=\"yoast-schema-graph\">{\"@context\":\"https:\/\/schema.org\",\"@graph\":[{\"@type\":\"Article\",\"@id\":\"https:\/\/now-news.de\/de\/deutschland\/weiches-laecheln-harter-verhandler-wer-ist-dan-driscoll\/#article\",\"isPartOf\":{\"@id\":\"https:\/\/now-news.de\/de\/deutschland\/weiches-laecheln-harter-verhandler-wer-ist-dan-driscoll\/\"},\"author\":{\"name\":\"rtnews\",\"@id\":\"https:\/\/now-news.de\/de\/#\/schema\/person\/fb534a4e865501d8b3285208df34a9b5\"},\"headline\":\"Weiches L\u00e4cheln, harter Verhandler \u2013 Wer ist Dan Driscoll?\",\"datePublished\":\"2025-11-25T20:05:09+00:00\",\"dateModified\":\"2025-11-25T20:05:09+00:00\",\"mainEntityOfPage\":{\"@id\":\"https:\/\/now-news.de\/de\/deutschland\/weiches-laecheln-harter-verhandler-wer-ist-dan-driscoll\/\"},\"wordCount\":1013,\"commentCount\":0,\"publisher\":{\"@id\":\"https:\/\/now-news.de\/de\/#organization\"},\"image\":{\"@id\":\"https:\/\/now-news.de\/de\/deutschland\/weiches-laecheln-harter-verhandler-wer-ist-dan-driscoll\/#primaryimage\"},\"thumbnailUrl\":\"https:\/\/now-news.de\/de\/wp-content\/uploads\/sites\/3\/2025\/11\/Weiches-Laecheln-harter-Verhandler-\u2013-Wer-ist-Dan-Driscoll.jpg\",\"keywords\":[\"Dan\",\"Driscoll\",\"h\u00e4rter\",\"ist\",\"L\u00e4cheln\",\"Verhandler\",\"Weiches\",\"Wer\"],\"articleSection\":[\"Deutschland\",\"Russland\"],\"inLanguage\":\"de\",\"potentialAction\":[{\"@type\":\"CommentAction\",\"name\":\"Comment\",\"target\":[\"https:\/\/now-news.de\/de\/deutschland\/weiches-laecheln-harter-verhandler-wer-ist-dan-driscoll\/#respond\"]}]},{\"@type\":\"WebPage\",\"@id\":\"https:\/\/now-news.de\/de\/deutschland\/weiches-laecheln-harter-verhandler-wer-ist-dan-driscoll\/\",\"url\":\"https:\/\/now-news.de\/de\/deutschland\/weiches-laecheln-harter-verhandler-wer-ist-dan-driscoll\/\",\"name\":\"Weiches L\u00e4cheln, harter Verhandler \u2013 Wer ist Dan Driscoll? - just-now.NEWS Deutschland\",\"isPartOf\":{\"@id\":\"https:\/\/now-news.de\/de\/#website\"},\"primaryImageOfPage\":{\"@id\":\"https:\/\/now-news.de\/de\/deutschland\/weiches-laecheln-harter-verhandler-wer-ist-dan-driscoll\/#primaryimage\"},\"image\":{\"@id\":\"https:\/\/now-news.de\/de\/deutschland\/weiches-laecheln-harter-verhandler-wer-ist-dan-driscoll\/#primaryimage\"},\"thumbnailUrl\":\"https:\/\/now-news.de\/de\/wp-content\/uploads\/sites\/3\/2025\/11\/Weiches-Laecheln-harter-Verhandler-\u2013-Wer-ist-Dan-Driscoll.jpg\",\"datePublished\":\"2025-11-25T20:05:09+00:00\",\"dateModified\":\"2025-11-25T20:05:09+00:00\",\"breadcrumb\":{\"@id\":\"https:\/\/now-news.de\/de\/deutschland\/weiches-laecheln-harter-verhandler-wer-ist-dan-driscoll\/#breadcrumb\"},\"inLanguage\":\"de\",\"potentialAction\":[{\"@type\":\"ReadAction\",\"target\":[\"https:\/\/now-news.de\/de\/deutschland\/weiches-laecheln-harter-verhandler-wer-ist-dan-driscoll\/\"]}]},{\"@type\":\"ImageObject\",\"inLanguage\":\"de\",\"@id\":\"https:\/\/now-news.de\/de\/deutschland\/weiches-laecheln-harter-verhandler-wer-ist-dan-driscoll\/#primaryimage\",\"url\":\"https:\/\/now-news.de\/de\/wp-content\/uploads\/sites\/3\/2025\/11\/Weiches-Laecheln-harter-Verhandler-\u2013-Wer-ist-Dan-Driscoll.jpg\",\"contentUrl\":\"https:\/\/now-news.de\/de\/wp-content\/uploads\/sites\/3\/2025\/11\/Weiches-Laecheln-harter-Verhandler-\u2013-Wer-ist-Dan-Driscoll.jpg\",\"width\":621,\"height\":414,\"caption\":\"Weiches L\u00e4cheln, harter Verhandler \u2013 Wer ist Dan Driscoll?\"},{\"@type\":\"BreadcrumbList\",\"@id\":\"https:\/\/now-news.de\/de\/deutschland\/weiches-laecheln-harter-verhandler-wer-ist-dan-driscoll\/#breadcrumb\",\"itemListElement\":[{\"@type\":\"ListItem\",\"position\":1,\"name\":\"Home\",\"item\":\"https:\/\/now-news.de\/de\/\"},{\"@type\":\"ListItem\",\"position\":2,\"name\":\"Weiches L\u00e4cheln, harter Verhandler \u2013 Wer ist Dan Driscoll?\"}]},{\"@type\":\"WebSite\",\"@id\":\"https:\/\/now-news.de\/de\/#website\",\"url\":\"https:\/\/now-news.de\/de\/\",\"name\":\"just-now.NEWS Deutschland\",\"description\":\"Das Portal f\u00fcr unzensierte Nachrichten aus der Welt\",\"publisher\":{\"@id\":\"https:\/\/now-news.de\/de\/#organization\"},\"potentialAction\":[{\"@type\":\"SearchAction\",\"target\":{\"@type\":\"EntryPoint\",\"urlTemplate\":\"https:\/\/now-news.de\/de\/?s={search_term_string}\"},\"query-input\":\"required name=search_term_string\"}],\"inLanguage\":\"de\"},{\"@type\":\"Organization\",\"@id\":\"https:\/\/now-news.de\/de\/#organization\",\"name\":\"Just Now News\",\"url\":\"https:\/\/now-news.de\/de\/\",\"logo\":{\"@type\":\"ImageObject\",\"inLanguage\":\"de\",\"@id\":\"https:\/\/now-news.de\/de\/#\/schema\/logo\/image\/\",\"url\":\"http:\/\/just-now.news\/de\/wp-content\/uploads\/sites\/3\/2022\/04\/logo500x500.jpg\",\"contentUrl\":\"http:\/\/just-now.news\/de\/wp-content\/uploads\/sites\/3\/2022\/04\/logo500x500.jpg\",\"width\":500,\"height\":500,\"caption\":\"Just Now News\"},\"image\":{\"@id\":\"https:\/\/now-news.de\/de\/#\/schema\/logo\/image\/\"},\"sameAs\":[\"https:\/\/www.facebook.com\/wirmachenauf\",\"https:\/\/x.com\/WirMachenAuf_de\"]},{\"@type\":\"Person\",\"@id\":\"https:\/\/now-news.de\/de\/#\/schema\/person\/fb534a4e865501d8b3285208df34a9b5\",\"name\":\"rtnews\",\"image\":{\"@type\":\"ImageObject\",\"inLanguage\":\"de\",\"@id\":\"https:\/\/now-news.de\/de\/#\/schema\/person\/image\/\",\"url\":\"https:\/\/secure.gravatar.com\/avatar\/82aafea7d8127119dd649515f56e2117?s=96&d=mm&r=g\",\"contentUrl\":\"https:\/\/secure.gravatar.com\/avatar\/82aafea7d8127119dd649515f56e2117?s=96&d=mm&r=g\",\"caption\":\"rtnews\"},\"url\":\"https:\/\/now-news.de\/de\/author\/rnews\/\"}]}<\/script>\n<!-- \/ Yoast SEO Premium plugin. -->","yoast_head_json":{"title":"Weiches L\u00e4cheln, harter Verhandler \u2013 Wer ist Dan Driscoll? - just-now.NEWS Deutschland","robots":{"index":"index","follow":"follow","max-snippet":"max-snippet:-1","max-image-preview":"max-image-preview:large","max-video-preview":"max-video-preview:-1"},"canonical":"https:\/\/now-news.de\/de\/deutschland\/weiches-laecheln-harter-verhandler-wer-ist-dan-driscoll\/","og_locale":"de_DE","og_type":"article","og_title":"Weiches L\u00e4cheln, harter Verhandler \u2013 Wer ist Dan Driscoll?","og_description":"Mitte November tauchte in Kiew \u00fcberraschend statt Keith Kellogg ein neuer Ukraine-Unterh\u00e4ndler auf und sorgte f\u00fcr Furore. Wer ist dieser Daniel P. Driscoll, in dem viele einen aufsteigenden Star der US-Politik sehen, der unabh\u00e4ngig davon schon jetzt eine Spur in der Geschichte der Diplomatie hinterlassen hat? Von Anton Gentzen Im Zusammenhang mit der aktuellen Runde [&hellip;]","og_url":"https:\/\/now-news.de\/de\/deutschland\/weiches-laecheln-harter-verhandler-wer-ist-dan-driscoll\/","og_site_name":"just-now.NEWS Deutschland","article_publisher":"https:\/\/www.facebook.com\/wirmachenauf","article_published_time":"2025-11-25T20:05:09+00:00","og_image":[{"url":"https:\/\/now-news.de\/de\/wp-content\/uploads\/sites\/3\/2025\/11\/6925f0e248fbef4d023bc9da.jpg"}],"author":"rtnews","twitter_card":"summary_large_image","twitter_creator":"@WirMachenAuf_de","twitter_site":"@WirMachenAuf_de","twitter_misc":{"Verfasst von":"rtnews","Gesch\u00e4tzte Lesezeit":"5\u00a0Minuten"},"schema":{"@context":"https:\/\/schema.org","@graph":[{"@type":"Article","@id":"https:\/\/now-news.de\/de\/deutschland\/weiches-laecheln-harter-verhandler-wer-ist-dan-driscoll\/#article","isPartOf":{"@id":"https:\/\/now-news.de\/de\/deutschland\/weiches-laecheln-harter-verhandler-wer-ist-dan-driscoll\/"},"author":{"name":"rtnews","@id":"https:\/\/now-news.de\/de\/#\/schema\/person\/fb534a4e865501d8b3285208df34a9b5"},"headline":"Weiches L\u00e4cheln, harter Verhandler \u2013 Wer ist Dan Driscoll?","datePublished":"2025-11-25T20:05:09+00:00","dateModified":"2025-11-25T20:05:09+00:00","mainEntityOfPage":{"@id":"https:\/\/now-news.de\/de\/deutschland\/weiches-laecheln-harter-verhandler-wer-ist-dan-driscoll\/"},"wordCount":1013,"commentCount":0,"publisher":{"@id":"https:\/\/now-news.de\/de\/#organization"},"image":{"@id":"https:\/\/now-news.de\/de\/deutschland\/weiches-laecheln-harter-verhandler-wer-ist-dan-driscoll\/#primaryimage"},"thumbnailUrl":"https:\/\/now-news.de\/de\/wp-content\/uploads\/sites\/3\/2025\/11\/Weiches-Laecheln-harter-Verhandler-\u2013-Wer-ist-Dan-Driscoll.jpg","keywords":["Dan","Driscoll","h\u00e4rter","ist","L\u00e4cheln","Verhandler","Weiches","Wer"],"articleSection":["Deutschland","Russland"],"inLanguage":"de","potentialAction":[{"@type":"CommentAction","name":"Comment","target":["https:\/\/now-news.de\/de\/deutschland\/weiches-laecheln-harter-verhandler-wer-ist-dan-driscoll\/#respond"]}]},{"@type":"WebPage","@id":"https:\/\/now-news.de\/de\/deutschland\/weiches-laecheln-harter-verhandler-wer-ist-dan-driscoll\/","url":"https:\/\/now-news.de\/de\/deutschland\/weiches-laecheln-harter-verhandler-wer-ist-dan-driscoll\/","name":"Weiches L\u00e4cheln, harter Verhandler \u2013 Wer ist Dan Driscoll? - just-now.NEWS Deutschland","isPartOf":{"@id":"https:\/\/now-news.de\/de\/#website"},"primaryImageOfPage":{"@id":"https:\/\/now-news.de\/de\/deutschland\/weiches-laecheln-harter-verhandler-wer-ist-dan-driscoll\/#primaryimage"},"image":{"@id":"https:\/\/now-news.de\/de\/deutschland\/weiches-laecheln-harter-verhandler-wer-ist-dan-driscoll\/#primaryimage"},"thumbnailUrl":"https:\/\/now-news.de\/de\/wp-content\/uploads\/sites\/3\/2025\/11\/Weiches-Laecheln-harter-Verhandler-\u2013-Wer-ist-Dan-Driscoll.jpg","datePublished":"2025-11-25T20:05:09+00:00","dateModified":"2025-11-25T20:05:09+00:00","breadcrumb":{"@id":"https:\/\/now-news.de\/de\/deutschland\/weiches-laecheln-harter-verhandler-wer-ist-dan-driscoll\/#breadcrumb"},"inLanguage":"de","potentialAction":[{"@type":"ReadAction","target":["https:\/\/now-news.de\/de\/deutschland\/weiches-laecheln-harter-verhandler-wer-ist-dan-driscoll\/"]}]},{"@type":"ImageObject","inLanguage":"de","@id":"https:\/\/now-news.de\/de\/deutschland\/weiches-laecheln-harter-verhandler-wer-ist-dan-driscoll\/#primaryimage","url":"https:\/\/now-news.de\/de\/wp-content\/uploads\/sites\/3\/2025\/11\/Weiches-Laecheln-harter-Verhandler-\u2013-Wer-ist-Dan-Driscoll.jpg","contentUrl":"https:\/\/now-news.de\/de\/wp-content\/uploads\/sites\/3\/2025\/11\/Weiches-Laecheln-harter-Verhandler-\u2013-Wer-ist-Dan-Driscoll.jpg","width":621,"height":414,"caption":"Weiches L\u00e4cheln, harter Verhandler \u2013 Wer ist Dan Driscoll?"},{"@type":"BreadcrumbList","@id":"https:\/\/now-news.de\/de\/deutschland\/weiches-laecheln-harter-verhandler-wer-ist-dan-driscoll\/#breadcrumb","itemListElement":[{"@type":"ListItem","position":1,"name":"Home","item":"https:\/\/now-news.de\/de\/"},{"@type":"ListItem","position":2,"name":"Weiches L\u00e4cheln, harter Verhandler \u2013 Wer ist Dan Driscoll?"}]},{"@type":"WebSite","@id":"https:\/\/now-news.de\/de\/#website","url":"https:\/\/now-news.de\/de\/","name":"just-now.NEWS Deutschland","description":"Das Portal f\u00fcr unzensierte Nachrichten aus der Welt","publisher":{"@id":"https:\/\/now-news.de\/de\/#organization"},"potentialAction":[{"@type":"SearchAction","target":{"@type":"EntryPoint","urlTemplate":"https:\/\/now-news.de\/de\/?s={search_term_string}"},"query-input":"required name=search_term_string"}],"inLanguage":"de"},{"@type":"Organization","@id":"https:\/\/now-news.de\/de\/#organization","name":"Just Now News","url":"https:\/\/now-news.de\/de\/","logo":{"@type":"ImageObject","inLanguage":"de","@id":"https:\/\/now-news.de\/de\/#\/schema\/logo\/image\/","url":"http:\/\/just-now.news\/de\/wp-content\/uploads\/sites\/3\/2022\/04\/logo500x500.jpg","contentUrl":"http:\/\/just-now.news\/de\/wp-content\/uploads\/sites\/3\/2022\/04\/logo500x500.jpg","width":500,"height":500,"caption":"Just Now News"},"image":{"@id":"https:\/\/now-news.de\/de\/#\/schema\/logo\/image\/"},"sameAs":["https:\/\/www.facebook.com\/wirmachenauf","https:\/\/x.com\/WirMachenAuf_de"]},{"@type":"Person","@id":"https:\/\/now-news.de\/de\/#\/schema\/person\/fb534a4e865501d8b3285208df34a9b5","name":"rtnews","image":{"@type":"ImageObject","inLanguage":"de","@id":"https:\/\/now-news.de\/de\/#\/schema\/person\/image\/","url":"https:\/\/secure.gravatar.com\/avatar\/82aafea7d8127119dd649515f56e2117?s=96&d=mm&r=g","contentUrl":"https:\/\/secure.gravatar.com\/avatar\/82aafea7d8127119dd649515f56e2117?s=96&d=mm&r=g","caption":"rtnews"},"url":"https:\/\/now-news.de\/de\/author\/rnews\/"}]}},"_links":{"self":[{"href":"https:\/\/now-news.de\/de\/wp-json\/wp\/v2\/posts\/94658"}],"collection":[{"href":"https:\/\/now-news.de\/de\/wp-json\/wp\/v2\/posts"}],"about":[{"href":"https:\/\/now-news.de\/de\/wp-json\/wp\/v2\/types\/post"}],"author":[{"embeddable":true,"href":"https:\/\/now-news.de\/de\/wp-json\/wp\/v2\/users\/3"}],"replies":[{"embeddable":true,"href":"https:\/\/now-news.de\/de\/wp-json\/wp\/v2\/comments?post=94658"}],"version-history":[{"count":0,"href":"https:\/\/now-news.de\/de\/wp-json\/wp\/v2\/posts\/94658\/revisions"}],"wp:featuredmedia":[{"embeddable":true,"href":"https:\/\/now-news.de\/de\/wp-json\/wp\/v2\/media\/94659"}],"wp:attachment":[{"href":"https:\/\/now-news.de\/de\/wp-json\/wp\/v2\/media?parent=94658"}],"wp:term":[{"taxonomy":"category","embeddable":true,"href":"https:\/\/now-news.de\/de\/wp-json\/wp\/v2\/categories?post=94658"},{"taxonomy":"post_tag","embeddable":true,"href":"https:\/\/now-news.de\/de\/wp-json\/wp\/v2\/tags?post=94658"}],"curies":[{"name":"wp","href":"https:\/\/api.w.org\/{rel}","templated":true}]}}