{"id":94656,"date":"2025-11-25T22:54:35","date_gmt":"2025-11-25T20:54:35","guid":{"rendered":"https:\/\/now-news.de\/de\/deutschland\/saarland-gerichtsvollzieher-bei-zwangsraeumung-erstochen\/"},"modified":"2025-11-25T22:54:35","modified_gmt":"2025-11-25T20:54:35","slug":"saarland-gerichtsvollzieher-bei-zwangsraeumung-erstochen","status":"publish","type":"post","link":"https:\/\/now-news.de\/de\/deutschland\/saarland-gerichtsvollzieher-bei-zwangsraeumung-erstochen\/","title":{"rendered":"Saarland: Gerichtsvollzieher bei Zwangsr\u00e4umung erstochen"},"content":{"rendered":"<p><img decoding=\"async\" src=\"https:\/\/now-news.de\/de\/wp-content\/uploads\/sites\/3\/2025\/11\/6925f07148fbef4de50a027f.jpg\" \/><\/p>\n<div class=\"Text-root Text-type_1 \">\n                Bisher ist au\u00dfer dem Alter noch nichts \u00fcber den Mann bekannt, der heute bei einer Wohnungsr\u00e4umung einen Gerichtsvollzieher erstochen hat. Aber nach Aussage eines Verbandsvertreters nehmen gewaltt\u00e4tige Situationen zu.\n            <\/div>\n<p><\/p>\n<div class=\"Text-root Text-type_5 ArticleView-text ViewText-root \">\n<p>In der saarl\u00e4ndischen Stadt Bexbach wurde heute ein Gerichtsvollzieher bei seiner T\u00e4tigkeit erstochen. Der 58-J\u00e4hrige war bereits seit \u00fcber 20 Jahren als Gerichtsvollzieher im Einsatz. Der B\u00fcrgermeister von Bexbach erkl\u00e4rte, Anlass der Gewalttat sei eine Zwangsr\u00e4umung gewesen.<\/p>\n<p>Die ehemalige bayerisch-preu\u00dfische Grenzstadt, die von Bergbau und Milit\u00e4r gepr\u00e4gt war, die beide vor Ort nicht mehr zu finden sind, hat knapp 18.000\u00a0Einwohner und ist in jeder Hinsicht eher konservativ. 37,2\u00a0Prozent der Einwohner waren nach dem letzten Zensus katholisch, 24,4\u00a0Prozent evangelisch, der Ausl\u00e4nderanteil betr\u00e4gt\u00a0zehn Prozent, und die CDU errang in der letzten Kommunalwahl 36,9\u00a0Prozent vor der SPD mit 29,6.<\/p>\n<p>Das Saarland insgesamt leidet wie auch andere Regionen, die einmal von Kohle und Stahl gepr\u00e4gt waren, unter vergleichsweise hoher Armut. Allerdings ist Bexbach eine vergleichsweise stabile Stadt; die Kinderarmut liegt mit 14,3\u00a0Prozent bei weniger als der H\u00e4lfte der Hauptstadt Saarbr\u00fccken, und die Altersarmut liegt mit zwei Prozent sogar nur bei einem Viertel des Saarbr\u00fccker Wertes.<\/p>\n<p>Ungew\u00f6hnlich hoch ist im Saarland die Eigent\u00fcmerquote. Im Mikrozensus 2018 wohnten 64,7\u00a0Prozent der Saarl\u00e4nder im eigenen Heim.<\/p>\n<p>Nach Beschreibung des <em>Mindener Tagblatts<\/em> war der Tatort eine Wohnung im ersten Stock eines Reihenhauses mit einem seitlichen Zugang im Durchgang zum Hinterhof; das klingt nach einer Einliegerwohnung. Die Staatsanwaltschaft Saarbr\u00fccken hat mittlerweile best\u00e4tigt, dass der inzwischen festgenommene T\u00e4ter, ein 42-J\u00e4hriger, unter Verdacht steht, den &#8220;anl\u00e4sslich einer R\u00e4umung im Wege der Zwangsvollstreckung in seiner Wohnung erschienenen Gerichtsvollzieher mit einem Messer get\u00f6tet zu haben&#8221;. Am Mittwoch soll er dem Haftrichter vorgef\u00fchrt werden.<\/p>\n<p>Der T\u00e4ter wird, so meldet <em>ntv<\/em>, von Nachbarn als &#8220;tickende Zeitbombe&#8221; beschrieben; er sei in der Vergangenheit bereits durch Aggressionen gegen Nachbarn aufgefallen.<\/p>\n<p>Das ist innerhalb dieses Jahres im Saarland der zweite Fall, bei dem ein Vertreter der Staatsmacht t\u00f6dlich angegriffen wurde\u00a0\u2013 am 21.\u00a0August war in V\u00f6lklingen ein Polizist von einem Tankstellenr\u00e4uber mit seiner Dienstwaffe erschossen worden.<\/p>\n<p>Gerichtsvollzieher verf\u00fcgen, so der Vorsitzende des saarl\u00e4ndischen Landesverbands des Bundes Deutscher Gerichtsvollzieher Gerd Luckas im Interview mit der <em>Saarbr\u00fccker Zeitung<\/em>, im Saarland bereits seit L\u00e4ngerem \u00fcber Schutzwesten; es sei aber keine Vorschrift, sie zu tragen, sodass unklar ist, ob der betroffene Beamte sie tats\u00e4chlich getragen hat. Andere Abwehrmittel sind ihnen untersagt.\u00a0&#8220;Meldungen \u00fcber irgendwelche Angriffe, Messerangriffe und Waffenbesitz nehmen zu, und das spiegelt sich auch in unserem Beruf wider, zumal wir an Brennpunkten aktiv sind&#8221;, so Luckas.<\/p>\n<p>Zwangsr\u00e4umungen sind immer Extremsituationen, aber je schlechter das Wohnungsangebot ist, desto riskanter werden sie auch f\u00fcr die Gerichtsvollzieher.\u00a0<\/p>\n<p><strong>Mehr zum Thema \u2013\u00a0<\/strong><a rel=\"nofollow noopener\" target=\"_blank\" href=\"https:\/\/freedert.online\/inland\/262159-ueber-million-wohnungslose-in-deutschland\/\">\u00dcber eine Million Wohnungslose in Deutschland <\/a><\/p>\n<\/div>\n<p><br \/>\n<br \/><a href=\"https:\/\/de.rt.com\/inland\/262904-saarland-gerichtsvollzieher-bei-zwangsraeumung-erstochen\/\">Source link <\/a><\/p>\n","protected":false},"excerpt":{"rendered":"<p>Bisher ist au\u00dfer dem Alter noch nichts \u00fcber den Mann bekannt, der heute bei einer Wohnungsr\u00e4umung einen Gerichtsvollzieher erstochen hat. Aber nach Aussage eines Verbandsvertreters nehmen gewaltt\u00e4tige Situationen zu. In der saarl\u00e4ndischen Stadt Bexbach wurde heute ein Gerichtsvollzieher bei seiner T\u00e4tigkeit erstochen. Der 58-J\u00e4hrige war bereits seit \u00fcber 20 Jahren als Gerichtsvollzieher im Einsatz. Der [&hellip;]<\/p>\n","protected":false},"author":3,"featured_media":94657,"comment_status":"open","ping_status":"open","sticky":false,"template":"","format":"standard","meta":{"_yoast_indexnow_last_ping":["1764106878"],"wp_automatic_camp":["217"],"1a6daacbf2b453c0840ae945bef30dda":["Saarland: Gerichtsvollzieher bei Zwangsr\u00e4umung erstochen"],"original_link":["https:\/\/de.rt.com\/inland\/262904-saarland-gerichtsvollzieher-bei-zwangsraeumung-erstochen\/"],"_thumbnail_id":["94657"],"jnews_social_counter_last_update":["1777224774"],"_wptgpro_p2tg_sent2tg":["a:1:{i:23737;s:19:\"2025-11-25 23:42:17\";}"]},"categories":[19,23],"tags":[363,11824,61574,54744,42548],"yoast_head":"<!-- This site is optimized with the Yoast SEO Premium plugin v22.7 (Yoast SEO v22.7) - https:\/\/yoast.com\/wordpress\/plugins\/seo\/ -->\n<title>Saarland: Gerichtsvollzieher bei Zwangsr\u00e4umung erstochen - just-now.NEWS Deutschland<\/title>\n<meta name=\"robots\" content=\"index, follow, max-snippet:-1, max-image-preview:large, max-video-preview:-1\" \/>\n<link rel=\"canonical\" href=\"https:\/\/now-news.de\/de\/deutschland\/saarland-gerichtsvollzieher-bei-zwangsraeumung-erstochen\/\" \/>\n<meta property=\"og:locale\" content=\"de_DE\" \/>\n<meta property=\"og:type\" content=\"article\" \/>\n<meta property=\"og:title\" content=\"Saarland: Gerichtsvollzieher bei Zwangsr\u00e4umung erstochen\" \/>\n<meta property=\"og:description\" content=\"Bisher ist au\u00dfer dem Alter noch nichts \u00fcber den Mann bekannt, der heute bei einer Wohnungsr\u00e4umung einen Gerichtsvollzieher erstochen hat. Aber nach Aussage eines Verbandsvertreters nehmen gewaltt\u00e4tige Situationen zu. In der saarl\u00e4ndischen Stadt Bexbach wurde heute ein Gerichtsvollzieher bei seiner T\u00e4tigkeit erstochen. Der 58-J\u00e4hrige war bereits seit \u00fcber 20 Jahren als Gerichtsvollzieher im Einsatz. Der [&hellip;]\" \/>\n<meta property=\"og:url\" content=\"https:\/\/now-news.de\/de\/deutschland\/saarland-gerichtsvollzieher-bei-zwangsraeumung-erstochen\/\" \/>\n<meta property=\"og:site_name\" content=\"just-now.NEWS Deutschland\" \/>\n<meta property=\"article:publisher\" content=\"https:\/\/www.facebook.com\/wirmachenauf\" \/>\n<meta property=\"article:published_time\" content=\"2025-11-25T20:54:35+00:00\" \/>\n<meta property=\"og:image\" content=\"https:\/\/now-news.de\/de\/wp-content\/uploads\/sites\/3\/2025\/11\/6925f07148fbef4de50a027f.jpg\" \/>\n<meta name=\"author\" content=\"rtnews\" \/>\n<meta name=\"twitter:card\" content=\"summary_large_image\" \/>\n<meta name=\"twitter:creator\" content=\"@WirMachenAuf_de\" \/>\n<meta name=\"twitter:site\" content=\"@WirMachenAuf_de\" \/>\n<meta name=\"twitter:label1\" content=\"Verfasst von\" \/>\n\t<meta name=\"twitter:data1\" content=\"rtnews\" \/>\n\t<meta name=\"twitter:label2\" content=\"Gesch\u00e4tzte Lesezeit\" \/>\n\t<meta name=\"twitter:data2\" content=\"2\u00a0Minuten\" \/>\n<script type=\"application\/ld+json\" class=\"yoast-schema-graph\">{\"@context\":\"https:\/\/schema.org\",\"@graph\":[{\"@type\":\"Article\",\"@id\":\"https:\/\/now-news.de\/de\/deutschland\/saarland-gerichtsvollzieher-bei-zwangsraeumung-erstochen\/#article\",\"isPartOf\":{\"@id\":\"https:\/\/now-news.de\/de\/deutschland\/saarland-gerichtsvollzieher-bei-zwangsraeumung-erstochen\/\"},\"author\":{\"name\":\"rtnews\",\"@id\":\"https:\/\/now-news.de\/de\/#\/schema\/person\/fb534a4e865501d8b3285208df34a9b5\"},\"headline\":\"Saarland: Gerichtsvollzieher bei Zwangsr\u00e4umung erstochen\",\"datePublished\":\"2025-11-25T20:54:35+00:00\",\"dateModified\":\"2025-11-25T20:54:35+00:00\",\"mainEntityOfPage\":{\"@id\":\"https:\/\/now-news.de\/de\/deutschland\/saarland-gerichtsvollzieher-bei-zwangsraeumung-erstochen\/\"},\"wordCount\":476,\"commentCount\":0,\"publisher\":{\"@id\":\"https:\/\/now-news.de\/de\/#organization\"},\"image\":{\"@id\":\"https:\/\/now-news.de\/de\/deutschland\/saarland-gerichtsvollzieher-bei-zwangsraeumung-erstochen\/#primaryimage\"},\"thumbnailUrl\":\"https:\/\/now-news.de\/de\/wp-content\/uploads\/sites\/3\/2025\/11\/Saarland-Gerichtsvollzieher-bei-Zwangsraeumung-erstochen.jpg\",\"keywords\":[\"bei\",\"erstochen\",\"Gerichtsvollzieher\",\"Saarland\",\"Zwangsr\u00e4umung\"],\"articleSection\":[\"Deutschland\",\"Russland\"],\"inLanguage\":\"de\",\"potentialAction\":[{\"@type\":\"CommentAction\",\"name\":\"Comment\",\"target\":[\"https:\/\/now-news.de\/de\/deutschland\/saarland-gerichtsvollzieher-bei-zwangsraeumung-erstochen\/#respond\"]}]},{\"@type\":\"WebPage\",\"@id\":\"https:\/\/now-news.de\/de\/deutschland\/saarland-gerichtsvollzieher-bei-zwangsraeumung-erstochen\/\",\"url\":\"https:\/\/now-news.de\/de\/deutschland\/saarland-gerichtsvollzieher-bei-zwangsraeumung-erstochen\/\",\"name\":\"Saarland: Gerichtsvollzieher bei Zwangsr\u00e4umung erstochen - just-now.NEWS Deutschland\",\"isPartOf\":{\"@id\":\"https:\/\/now-news.de\/de\/#website\"},\"primaryImageOfPage\":{\"@id\":\"https:\/\/now-news.de\/de\/deutschland\/saarland-gerichtsvollzieher-bei-zwangsraeumung-erstochen\/#primaryimage\"},\"image\":{\"@id\":\"https:\/\/now-news.de\/de\/deutschland\/saarland-gerichtsvollzieher-bei-zwangsraeumung-erstochen\/#primaryimage\"},\"thumbnailUrl\":\"https:\/\/now-news.de\/de\/wp-content\/uploads\/sites\/3\/2025\/11\/Saarland-Gerichtsvollzieher-bei-Zwangsraeumung-erstochen.jpg\",\"datePublished\":\"2025-11-25T20:54:35+00:00\",\"dateModified\":\"2025-11-25T20:54:35+00:00\",\"breadcrumb\":{\"@id\":\"https:\/\/now-news.de\/de\/deutschland\/saarland-gerichtsvollzieher-bei-zwangsraeumung-erstochen\/#breadcrumb\"},\"inLanguage\":\"de\",\"potentialAction\":[{\"@type\":\"ReadAction\",\"target\":[\"https:\/\/now-news.de\/de\/deutschland\/saarland-gerichtsvollzieher-bei-zwangsraeumung-erstochen\/\"]}]},{\"@type\":\"ImageObject\",\"inLanguage\":\"de\",\"@id\":\"https:\/\/now-news.de\/de\/deutschland\/saarland-gerichtsvollzieher-bei-zwangsraeumung-erstochen\/#primaryimage\",\"url\":\"https:\/\/now-news.de\/de\/wp-content\/uploads\/sites\/3\/2025\/11\/Saarland-Gerichtsvollzieher-bei-Zwangsraeumung-erstochen.jpg\",\"contentUrl\":\"https:\/\/now-news.de\/de\/wp-content\/uploads\/sites\/3\/2025\/11\/Saarland-Gerichtsvollzieher-bei-Zwangsraeumung-erstochen.jpg\",\"width\":460,\"height\":259,\"caption\":\"Saarland: Gerichtsvollzieher bei Zwangsr\u00e4umung erstochen\"},{\"@type\":\"BreadcrumbList\",\"@id\":\"https:\/\/now-news.de\/de\/deutschland\/saarland-gerichtsvollzieher-bei-zwangsraeumung-erstochen\/#breadcrumb\",\"itemListElement\":[{\"@type\":\"ListItem\",\"position\":1,\"name\":\"Home\",\"item\":\"https:\/\/now-news.de\/de\/\"},{\"@type\":\"ListItem\",\"position\":2,\"name\":\"Saarland: Gerichtsvollzieher bei Zwangsr\u00e4umung erstochen\"}]},{\"@type\":\"WebSite\",\"@id\":\"https:\/\/now-news.de\/de\/#website\",\"url\":\"https:\/\/now-news.de\/de\/\",\"name\":\"just-now.NEWS Deutschland\",\"description\":\"Das Portal f\u00fcr unzensierte Nachrichten aus der Welt\",\"publisher\":{\"@id\":\"https:\/\/now-news.de\/de\/#organization\"},\"potentialAction\":[{\"@type\":\"SearchAction\",\"target\":{\"@type\":\"EntryPoint\",\"urlTemplate\":\"https:\/\/now-news.de\/de\/?s={search_term_string}\"},\"query-input\":\"required name=search_term_string\"}],\"inLanguage\":\"de\"},{\"@type\":\"Organization\",\"@id\":\"https:\/\/now-news.de\/de\/#organization\",\"name\":\"Just Now News\",\"url\":\"https:\/\/now-news.de\/de\/\",\"logo\":{\"@type\":\"ImageObject\",\"inLanguage\":\"de\",\"@id\":\"https:\/\/now-news.de\/de\/#\/schema\/logo\/image\/\",\"url\":\"http:\/\/just-now.news\/de\/wp-content\/uploads\/sites\/3\/2022\/04\/logo500x500.jpg\",\"contentUrl\":\"http:\/\/just-now.news\/de\/wp-content\/uploads\/sites\/3\/2022\/04\/logo500x500.jpg\",\"width\":500,\"height\":500,\"caption\":\"Just Now News\"},\"image\":{\"@id\":\"https:\/\/now-news.de\/de\/#\/schema\/logo\/image\/\"},\"sameAs\":[\"https:\/\/www.facebook.com\/wirmachenauf\",\"https:\/\/x.com\/WirMachenAuf_de\"]},{\"@type\":\"Person\",\"@id\":\"https:\/\/now-news.de\/de\/#\/schema\/person\/fb534a4e865501d8b3285208df34a9b5\",\"name\":\"rtnews\",\"image\":{\"@type\":\"ImageObject\",\"inLanguage\":\"de\",\"@id\":\"https:\/\/now-news.de\/de\/#\/schema\/person\/image\/\",\"url\":\"https:\/\/secure.gravatar.com\/avatar\/82aafea7d8127119dd649515f56e2117?s=96&d=mm&r=g\",\"contentUrl\":\"https:\/\/secure.gravatar.com\/avatar\/82aafea7d8127119dd649515f56e2117?s=96&d=mm&r=g\",\"caption\":\"rtnews\"},\"url\":\"https:\/\/now-news.de\/de\/author\/rnews\/\"}]}<\/script>\n<!-- \/ Yoast SEO Premium plugin. -->","yoast_head_json":{"title":"Saarland: Gerichtsvollzieher bei Zwangsr\u00e4umung erstochen - just-now.NEWS Deutschland","robots":{"index":"index","follow":"follow","max-snippet":"max-snippet:-1","max-image-preview":"max-image-preview:large","max-video-preview":"max-video-preview:-1"},"canonical":"https:\/\/now-news.de\/de\/deutschland\/saarland-gerichtsvollzieher-bei-zwangsraeumung-erstochen\/","og_locale":"de_DE","og_type":"article","og_title":"Saarland: Gerichtsvollzieher bei Zwangsr\u00e4umung erstochen","og_description":"Bisher ist au\u00dfer dem Alter noch nichts \u00fcber den Mann bekannt, der heute bei einer Wohnungsr\u00e4umung einen Gerichtsvollzieher erstochen hat. Aber nach Aussage eines Verbandsvertreters nehmen gewaltt\u00e4tige Situationen zu. In der saarl\u00e4ndischen Stadt Bexbach wurde heute ein Gerichtsvollzieher bei seiner T\u00e4tigkeit erstochen. Der 58-J\u00e4hrige war bereits seit \u00fcber 20 Jahren als Gerichtsvollzieher im Einsatz. Der [&hellip;]","og_url":"https:\/\/now-news.de\/de\/deutschland\/saarland-gerichtsvollzieher-bei-zwangsraeumung-erstochen\/","og_site_name":"just-now.NEWS Deutschland","article_publisher":"https:\/\/www.facebook.com\/wirmachenauf","article_published_time":"2025-11-25T20:54:35+00:00","og_image":[{"url":"https:\/\/now-news.de\/de\/wp-content\/uploads\/sites\/3\/2025\/11\/6925f07148fbef4de50a027f.jpg"}],"author":"rtnews","twitter_card":"summary_large_image","twitter_creator":"@WirMachenAuf_de","twitter_site":"@WirMachenAuf_de","twitter_misc":{"Verfasst von":"rtnews","Gesch\u00e4tzte Lesezeit":"2\u00a0Minuten"},"schema":{"@context":"https:\/\/schema.org","@graph":[{"@type":"Article","@id":"https:\/\/now-news.de\/de\/deutschland\/saarland-gerichtsvollzieher-bei-zwangsraeumung-erstochen\/#article","isPartOf":{"@id":"https:\/\/now-news.de\/de\/deutschland\/saarland-gerichtsvollzieher-bei-zwangsraeumung-erstochen\/"},"author":{"name":"rtnews","@id":"https:\/\/now-news.de\/de\/#\/schema\/person\/fb534a4e865501d8b3285208df34a9b5"},"headline":"Saarland: Gerichtsvollzieher bei Zwangsr\u00e4umung erstochen","datePublished":"2025-11-25T20:54:35+00:00","dateModified":"2025-11-25T20:54:35+00:00","mainEntityOfPage":{"@id":"https:\/\/now-news.de\/de\/deutschland\/saarland-gerichtsvollzieher-bei-zwangsraeumung-erstochen\/"},"wordCount":476,"commentCount":0,"publisher":{"@id":"https:\/\/now-news.de\/de\/#organization"},"image":{"@id":"https:\/\/now-news.de\/de\/deutschland\/saarland-gerichtsvollzieher-bei-zwangsraeumung-erstochen\/#primaryimage"},"thumbnailUrl":"https:\/\/now-news.de\/de\/wp-content\/uploads\/sites\/3\/2025\/11\/Saarland-Gerichtsvollzieher-bei-Zwangsraeumung-erstochen.jpg","keywords":["bei","erstochen","Gerichtsvollzieher","Saarland","Zwangsr\u00e4umung"],"articleSection":["Deutschland","Russland"],"inLanguage":"de","potentialAction":[{"@type":"CommentAction","name":"Comment","target":["https:\/\/now-news.de\/de\/deutschland\/saarland-gerichtsvollzieher-bei-zwangsraeumung-erstochen\/#respond"]}]},{"@type":"WebPage","@id":"https:\/\/now-news.de\/de\/deutschland\/saarland-gerichtsvollzieher-bei-zwangsraeumung-erstochen\/","url":"https:\/\/now-news.de\/de\/deutschland\/saarland-gerichtsvollzieher-bei-zwangsraeumung-erstochen\/","name":"Saarland: Gerichtsvollzieher bei Zwangsr\u00e4umung erstochen - just-now.NEWS Deutschland","isPartOf":{"@id":"https:\/\/now-news.de\/de\/#website"},"primaryImageOfPage":{"@id":"https:\/\/now-news.de\/de\/deutschland\/saarland-gerichtsvollzieher-bei-zwangsraeumung-erstochen\/#primaryimage"},"image":{"@id":"https:\/\/now-news.de\/de\/deutschland\/saarland-gerichtsvollzieher-bei-zwangsraeumung-erstochen\/#primaryimage"},"thumbnailUrl":"https:\/\/now-news.de\/de\/wp-content\/uploads\/sites\/3\/2025\/11\/Saarland-Gerichtsvollzieher-bei-Zwangsraeumung-erstochen.jpg","datePublished":"2025-11-25T20:54:35+00:00","dateModified":"2025-11-25T20:54:35+00:00","breadcrumb":{"@id":"https:\/\/now-news.de\/de\/deutschland\/saarland-gerichtsvollzieher-bei-zwangsraeumung-erstochen\/#breadcrumb"},"inLanguage":"de","potentialAction":[{"@type":"ReadAction","target":["https:\/\/now-news.de\/de\/deutschland\/saarland-gerichtsvollzieher-bei-zwangsraeumung-erstochen\/"]}]},{"@type":"ImageObject","inLanguage":"de","@id":"https:\/\/now-news.de\/de\/deutschland\/saarland-gerichtsvollzieher-bei-zwangsraeumung-erstochen\/#primaryimage","url":"https:\/\/now-news.de\/de\/wp-content\/uploads\/sites\/3\/2025\/11\/Saarland-Gerichtsvollzieher-bei-Zwangsraeumung-erstochen.jpg","contentUrl":"https:\/\/now-news.de\/de\/wp-content\/uploads\/sites\/3\/2025\/11\/Saarland-Gerichtsvollzieher-bei-Zwangsraeumung-erstochen.jpg","width":460,"height":259,"caption":"Saarland: Gerichtsvollzieher bei Zwangsr\u00e4umung erstochen"},{"@type":"BreadcrumbList","@id":"https:\/\/now-news.de\/de\/deutschland\/saarland-gerichtsvollzieher-bei-zwangsraeumung-erstochen\/#breadcrumb","itemListElement":[{"@type":"ListItem","position":1,"name":"Home","item":"https:\/\/now-news.de\/de\/"},{"@type":"ListItem","position":2,"name":"Saarland: Gerichtsvollzieher bei Zwangsr\u00e4umung erstochen"}]},{"@type":"WebSite","@id":"https:\/\/now-news.de\/de\/#website","url":"https:\/\/now-news.de\/de\/","name":"just-now.NEWS Deutschland","description":"Das Portal f\u00fcr unzensierte Nachrichten aus der Welt","publisher":{"@id":"https:\/\/now-news.de\/de\/#organization"},"potentialAction":[{"@type":"SearchAction","target":{"@type":"EntryPoint","urlTemplate":"https:\/\/now-news.de\/de\/?s={search_term_string}"},"query-input":"required name=search_term_string"}],"inLanguage":"de"},{"@type":"Organization","@id":"https:\/\/now-news.de\/de\/#organization","name":"Just Now News","url":"https:\/\/now-news.de\/de\/","logo":{"@type":"ImageObject","inLanguage":"de","@id":"https:\/\/now-news.de\/de\/#\/schema\/logo\/image\/","url":"http:\/\/just-now.news\/de\/wp-content\/uploads\/sites\/3\/2022\/04\/logo500x500.jpg","contentUrl":"http:\/\/just-now.news\/de\/wp-content\/uploads\/sites\/3\/2022\/04\/logo500x500.jpg","width":500,"height":500,"caption":"Just Now News"},"image":{"@id":"https:\/\/now-news.de\/de\/#\/schema\/logo\/image\/"},"sameAs":["https:\/\/www.facebook.com\/wirmachenauf","https:\/\/x.com\/WirMachenAuf_de"]},{"@type":"Person","@id":"https:\/\/now-news.de\/de\/#\/schema\/person\/fb534a4e865501d8b3285208df34a9b5","name":"rtnews","image":{"@type":"ImageObject","inLanguage":"de","@id":"https:\/\/now-news.de\/de\/#\/schema\/person\/image\/","url":"https:\/\/secure.gravatar.com\/avatar\/82aafea7d8127119dd649515f56e2117?s=96&d=mm&r=g","contentUrl":"https:\/\/secure.gravatar.com\/avatar\/82aafea7d8127119dd649515f56e2117?s=96&d=mm&r=g","caption":"rtnews"},"url":"https:\/\/now-news.de\/de\/author\/rnews\/"}]}},"_links":{"self":[{"href":"https:\/\/now-news.de\/de\/wp-json\/wp\/v2\/posts\/94656"}],"collection":[{"href":"https:\/\/now-news.de\/de\/wp-json\/wp\/v2\/posts"}],"about":[{"href":"https:\/\/now-news.de\/de\/wp-json\/wp\/v2\/types\/post"}],"author":[{"embeddable":true,"href":"https:\/\/now-news.de\/de\/wp-json\/wp\/v2\/users\/3"}],"replies":[{"embeddable":true,"href":"https:\/\/now-news.de\/de\/wp-json\/wp\/v2\/comments?post=94656"}],"version-history":[{"count":0,"href":"https:\/\/now-news.de\/de\/wp-json\/wp\/v2\/posts\/94656\/revisions"}],"wp:featuredmedia":[{"embeddable":true,"href":"https:\/\/now-news.de\/de\/wp-json\/wp\/v2\/media\/94657"}],"wp:attachment":[{"href":"https:\/\/now-news.de\/de\/wp-json\/wp\/v2\/media?parent=94656"}],"wp:term":[{"taxonomy":"category","embeddable":true,"href":"https:\/\/now-news.de\/de\/wp-json\/wp\/v2\/categories?post=94656"},{"taxonomy":"post_tag","embeddable":true,"href":"https:\/\/now-news.de\/de\/wp-json\/wp\/v2\/tags?post=94656"}],"curies":[{"name":"wp","href":"https:\/\/api.w.org\/{rel}","templated":true}]}}