{"id":9465,"date":"2022-06-01T14:02:18","date_gmt":"2022-06-01T12:02:18","guid":{"rendered":"http:\/\/just-now.news\/de\/deutschland\/chef-der-internationalen-energieagentur-warnt-vor-benzinmangel-in-europa-im-sommer\/"},"modified":"2022-06-01T14:02:18","modified_gmt":"2022-06-01T12:02:18","slug":"chef-der-internationalen-energieagentur-warnt-vor-benzinmangel-in-europa-im-sommer","status":"publish","type":"post","link":"https:\/\/now-news.de\/de\/deutschland\/chef-der-internationalen-energieagentur-warnt-vor-benzinmangel-in-europa-im-sommer\/","title":{"rendered":"Chef der Internationalen Energieagentur warnt vor Benzinmangel in Europa im Sommer"},"content":{"rendered":"<p><img decoding=\"async\" src=\"http:\/\/just-now.news\/de\/wp-content\/uploads\/sites\/3\/2022\/06\/6296448f48fbef369f19f170.jpeg\" \/><\/p>\n<div class=\"Text-root Text-type_1 \">\n                Der Vorsitzende der IEA warnt vor einer Treibstoffkrise im Sommer. Die d\u00fcstere Prognose erfolgte am selben Tag, an dem die EU aufgrund des russischen Einmarsches in der Ukraine eine Vereinbarung \u00fcber ein Verbot russischer \u00d6limporte auf dem Seeweg bekannt gab.\n            <\/div>\n<p><\/p>\n<div class=\"Text-root Text-type_5 ArticleView-text ViewText-root \">\n<p>Der Leiter der Internationalen Energieagentur (IEA) Fatih Birol hat gewarnt, dass die USA und die EU in diesem Sommer mit einer Treibstoffkrise konfrontiert werden k\u00f6nnten, da sich die Lage auf dem \u00d6lmarkt versch\u00e4rft habe. Birol zufolge wird Europa von den Engp\u00e4ssen wahrscheinlich st\u00e4rker betroffen sein, da es nicht nur von \u00d6limporten, sondern auch von aus Erd\u00f6l gewonnenen Produkten abh\u00e4ngig ist. Der IEA-Vertreter erkl\u00e4rte:<\/p>\n<blockquote>\n<p><em>&#8220;Wenn die Hauptferienzeit in Europa und den USA beginnt, wird die Kraftstoffnachfrage steigen. Das w\u00fcrde wiederum zu Engp\u00e4ssen f\u00fchren: zum Beispiel bei Diesel, Benzin oder Kerosin, vor allem in Europa.&#8221;<\/em><\/p>\n<\/blockquote>\n<p>Birol \u00e4u\u00dferte au\u00dferdem die Bef\u00fcrchtung, dass Europa ein harter Winter bevorstehen k\u00f6nnte, in dem der Gasverbrauch m\u00f6glicherweise rationiert werden m\u00fcsste, vor allem in L\u00e4ndern, die den Brennstoff aus Russland importieren. Obwohl die Staats- und Regierungschefs der EU ein Embargo gegen russisches Gas noch nicht in Betracht ziehen, wurde ein solcher Schritt nicht ausgeschlossen, nachdem sie versprochen hatten, die K\u00e4ufe aus Russland auslaufen zu lassen.<\/p>\n<p>Nach Ansicht des IEA-Chefs besteht die einzige Hoffnung darin, dass Europa einen kurzen und milden Winter erlebt. Er merkte auch an, dass eine Senkung der Standardtemperaturen f\u00fcr das Heizen von Geb\u00e4uden um zwei Grad das Problem wenigstens abmildern k\u00f6nnte.<\/p>\n<p>Birol warnte zudem, dass die sich anbahnende Treibstoffkrise ein echtes Problem sei, das weitaus schwerwiegender und lang anhaltender sein k\u00f6nnte als die \u00d6lkrisen der 1970er- und 1980er-Jahre. Aus diesem Grund habe seine Agentur einen Zehn-Punkte-Plan vorgestellt, um die Volkswirtschaften besser auf die Knappheit vorzubereiten.<\/p>\n<p>Die Vorschl\u00e4ge konzentrieren sich auf die Senkung des Kraftstoffverbrauchs in der EU und nicht auf die L\u00f6sung von Versorgungsproblemen wie die Wiederaufnahme des Kaufs russischer Produkte. Die IEA schl\u00e4gt vor, den Individualverkehr aus den Gro\u00dfst\u00e4dten zu verbannen, die Fahrpreise f\u00fcr \u00f6ffentliche Verkehrsmittel zu senken und strengere Geschwindigkeitsbegrenzungen auf Autobahnen einzuf\u00fchren. Birol sagte dazu:<\/p>\n<blockquote>\n<p><em>&#8220;[Diese Vorschl\u00e4ge] w\u00fcrden keine gro\u00dfen Ver\u00e4nderungen im Alltag der Menschen bedeuten. Wir befinden uns in Kriegszeiten und in einer Energiekrise, und wir sollten uns auf noch schwierigere Zeiten vorbereiten. [&#8230;] Ein paar Stundenkilometer langsamer zu fahren ist nur ein kleiner Kompromiss.&#8221;<\/em><\/p>\n<\/blockquote>\n<p>Eine weitere Option, die die Organisation vorschl\u00e4gt, ist der Zugriff auf die von der IEA verwalteten internationalen \u00d6lreserven in H\u00f6he von zwei Milliarden Barrel. Dies k\u00f6nnte jedoch nur nach einer gemeinsamen Entscheidung aller 31 Mitgliedsstaaten erfolgen.<\/p>\n<p>Auch die Wiederbelebung des iranischen Atomabkommens, eine Verringerung des chinesischen Verbrauchs und der Einfuhren oder die Erh\u00f6hung der t\u00e4glichen F\u00f6rdermengen durch ein Land des Nahen Ostens wie Saudi-Arabien k\u00f6nnten die Krise entsch\u00e4rfen, so Birol.<\/p>\n<p>Die EU unternahm am Montag einen weiteren Schritt, die die Versorgung Europas mit fossilen Brennstoffen erschweren wird, indem sie alle Importe von russischem \u00d6l auf dem Seeweg verbot. Erd\u00f6l, das \u00fcber Pipelines geliefert wird, wurde auf Wunsch Ungarns von den Sanktionen ausgenommen.<\/p>\n<p>Das neue Paket wurde als Reaktion auf Moskaus milit\u00e4rischen Einmarsch in die Ukraine begr\u00fcndet. Die Pr\u00e4sidentin der Europ\u00e4ischen Kommission Ursula von der Leyen \u00e4u\u00dferte die Hoffnung, dass der Schritt zu einer 90-prozentigen Reduzierung der \u00d6limporte aus Russland bis zum Ende des Jahres f\u00fchren werde, obwohl die \u00d6llieferungen auf dem Seeweg nur zwei Drittel der gesamten Roh\u00f6llieferungen Moskaus in die EU ausmachen.<\/p>\n<p><strong>Mehr zum Thema<\/strong> \u2013 <a rel=\"nofollow noopener\" target=\"_blank\" href=\"https:\/\/deutsch.rt.com\/wirtschaft\/139723-globale-lebensmittelkrise-nach-getreide-bald-vielleicht-zucker-knapp-jedenfalls-teurer\/\">Globale Lebensmittelkrise: Nach Getreide bald auch Zucker knapp \u2013 und teuer<\/a><\/p>\n<\/p>\n<\/div>\n<p><br \/>\n<br \/><a href=\"https:\/\/de.rt.com\/wirtschaft\/139893-chef-der-internationalen-energieagentur-warnt-vor-energiemangel-im-sommer\/\">Source link <\/a><\/p>\n","protected":false},"excerpt":{"rendered":"<p>Der Vorsitzende der IEA warnt vor einer Treibstoffkrise im Sommer. Die d\u00fcstere Prognose erfolgte am selben Tag, an dem die EU aufgrund des russischen Einmarsches in der Ukraine eine Vereinbarung \u00fcber ein Verbot russischer \u00d6limporte auf dem Seeweg bekannt gab. Der Leiter der Internationalen Energieagentur (IEA) Fatih Birol hat gewarnt, dass die USA und die [&hellip;]<\/p>\n","protected":false},"author":3,"featured_media":9466,"comment_status":"open","ping_status":"open","sticky":false,"template":"","format":"standard","meta":{"wp_automatic_camp":["217"],"0f526fa56074cd2d9ad3db260cee8059":["Chef der Internationalen Energieagentur warnt vor Benzinmangel in Europa im Sommer"],"original_link":["https:\/\/de.rt.com\/wirtschaft\/139893-chef-der-internationalen-energieagentur-warnt-vor-energiemangel-im-sommer\/"],"_thumbnail_id":["9466"],"_wptg_p2tg_sent2tg":["2022-06-01 14:05:17"],"jnews_social_counter_last_update":["1777361565"]},"categories":[19,23],"tags":[22686,18111,82,22657,1370,524,11911,320,912],"yoast_head":"<!-- This site is optimized with the Yoast SEO Premium plugin v22.7 (Yoast SEO v22.7) - https:\/\/yoast.com\/wordpress\/plugins\/seo\/ -->\n<title>Chef der Internationalen Energieagentur warnt vor Benzinmangel in Europa im Sommer - just-now.NEWS Deutschland<\/title>\n<meta name=\"robots\" content=\"index, follow, max-snippet:-1, max-image-preview:large, max-video-preview:-1\" \/>\n<link rel=\"canonical\" href=\"https:\/\/now-news.de\/de\/deutschland\/chef-der-internationalen-energieagentur-warnt-vor-benzinmangel-in-europa-im-sommer\/\" \/>\n<meta property=\"og:locale\" content=\"de_DE\" \/>\n<meta property=\"og:type\" content=\"article\" \/>\n<meta property=\"og:title\" content=\"Chef der Internationalen Energieagentur warnt vor Benzinmangel in Europa im Sommer\" \/>\n<meta property=\"og:description\" content=\"Der Vorsitzende der IEA warnt vor einer Treibstoffkrise im Sommer. Die d\u00fcstere Prognose erfolgte am selben Tag, an dem die EU aufgrund des russischen Einmarsches in der Ukraine eine Vereinbarung \u00fcber ein Verbot russischer \u00d6limporte auf dem Seeweg bekannt gab. Der Leiter der Internationalen Energieagentur (IEA) Fatih Birol hat gewarnt, dass die USA und die [&hellip;]\" \/>\n<meta property=\"og:url\" content=\"https:\/\/now-news.de\/de\/deutschland\/chef-der-internationalen-energieagentur-warnt-vor-benzinmangel-in-europa-im-sommer\/\" \/>\n<meta property=\"og:site_name\" content=\"just-now.NEWS Deutschland\" \/>\n<meta property=\"article:publisher\" content=\"https:\/\/www.facebook.com\/wirmachenauf\" \/>\n<meta property=\"article:published_time\" content=\"2022-06-01T12:02:18+00:00\" \/>\n<meta property=\"og:image\" content=\"https:\/\/now-news.de\/de\/wp-content\/uploads\/sites\/3\/2022\/06\/Chef-der-Internationalen-Energieagentur-warnt-vor-Benzinmangel-in-Europa-im.jpeg\" \/>\n\t<meta property=\"og:image:width\" content=\"460\" \/>\n\t<meta property=\"og:image:height\" content=\"259\" \/>\n\t<meta property=\"og:image:type\" content=\"image\/jpeg\" \/>\n<meta name=\"author\" content=\"rtnews\" \/>\n<meta name=\"twitter:card\" content=\"summary_large_image\" \/>\n<meta name=\"twitter:creator\" content=\"@WirMachenAuf_de\" \/>\n<meta name=\"twitter:site\" content=\"@WirMachenAuf_de\" \/>\n<meta name=\"twitter:label1\" content=\"Verfasst von\" \/>\n\t<meta name=\"twitter:data1\" content=\"rtnews\" \/>\n\t<meta name=\"twitter:label2\" content=\"Gesch\u00e4tzte Lesezeit\" \/>\n\t<meta name=\"twitter:data2\" content=\"3\u00a0Minuten\" \/>\n<script type=\"application\/ld+json\" class=\"yoast-schema-graph\">{\"@context\":\"https:\/\/schema.org\",\"@graph\":[{\"@type\":\"Article\",\"@id\":\"https:\/\/now-news.de\/de\/deutschland\/chef-der-internationalen-energieagentur-warnt-vor-benzinmangel-in-europa-im-sommer\/#article\",\"isPartOf\":{\"@id\":\"https:\/\/now-news.de\/de\/deutschland\/chef-der-internationalen-energieagentur-warnt-vor-benzinmangel-in-europa-im-sommer\/\"},\"author\":{\"name\":\"rtnews\",\"@id\":\"https:\/\/now-news.de\/de\/#\/schema\/person\/fb534a4e865501d8b3285208df34a9b5\"},\"headline\":\"Chef der Internationalen Energieagentur warnt vor Benzinmangel in Europa im Sommer\",\"datePublished\":\"2022-06-01T12:02:18+00:00\",\"dateModified\":\"2022-06-01T12:02:18+00:00\",\"mainEntityOfPage\":{\"@id\":\"https:\/\/now-news.de\/de\/deutschland\/chef-der-internationalen-energieagentur-warnt-vor-benzinmangel-in-europa-im-sommer\/\"},\"wordCount\":622,\"commentCount\":0,\"publisher\":{\"@id\":\"https:\/\/now-news.de\/de\/#organization\"},\"image\":{\"@id\":\"https:\/\/now-news.de\/de\/deutschland\/chef-der-internationalen-energieagentur-warnt-vor-benzinmangel-in-europa-im-sommer\/#primaryimage\"},\"thumbnailUrl\":\"https:\/\/now-news.de\/de\/wp-content\/uploads\/sites\/3\/2022\/06\/Chef-der-Internationalen-Energieagentur-warnt-vor-Benzinmangel-in-Europa-im.jpeg\",\"keywords\":[\"Benzinmangel\",\"Chef\",\"der\",\"Energieagentur\",\"Europa\",\"internationalen\",\"Sommer\",\"vor\",\"warnt\"],\"articleSection\":[\"Deutschland\",\"Russland\"],\"inLanguage\":\"de\",\"potentialAction\":[{\"@type\":\"CommentAction\",\"name\":\"Comment\",\"target\":[\"https:\/\/now-news.de\/de\/deutschland\/chef-der-internationalen-energieagentur-warnt-vor-benzinmangel-in-europa-im-sommer\/#respond\"]}]},{\"@type\":\"WebPage\",\"@id\":\"https:\/\/now-news.de\/de\/deutschland\/chef-der-internationalen-energieagentur-warnt-vor-benzinmangel-in-europa-im-sommer\/\",\"url\":\"https:\/\/now-news.de\/de\/deutschland\/chef-der-internationalen-energieagentur-warnt-vor-benzinmangel-in-europa-im-sommer\/\",\"name\":\"Chef der Internationalen Energieagentur warnt vor Benzinmangel in Europa im Sommer - just-now.NEWS Deutschland\",\"isPartOf\":{\"@id\":\"https:\/\/now-news.de\/de\/#website\"},\"primaryImageOfPage\":{\"@id\":\"https:\/\/now-news.de\/de\/deutschland\/chef-der-internationalen-energieagentur-warnt-vor-benzinmangel-in-europa-im-sommer\/#primaryimage\"},\"image\":{\"@id\":\"https:\/\/now-news.de\/de\/deutschland\/chef-der-internationalen-energieagentur-warnt-vor-benzinmangel-in-europa-im-sommer\/#primaryimage\"},\"thumbnailUrl\":\"https:\/\/now-news.de\/de\/wp-content\/uploads\/sites\/3\/2022\/06\/Chef-der-Internationalen-Energieagentur-warnt-vor-Benzinmangel-in-Europa-im.jpeg\",\"datePublished\":\"2022-06-01T12:02:18+00:00\",\"dateModified\":\"2022-06-01T12:02:18+00:00\",\"breadcrumb\":{\"@id\":\"https:\/\/now-news.de\/de\/deutschland\/chef-der-internationalen-energieagentur-warnt-vor-benzinmangel-in-europa-im-sommer\/#breadcrumb\"},\"inLanguage\":\"de\",\"potentialAction\":[{\"@type\":\"ReadAction\",\"target\":[\"https:\/\/now-news.de\/de\/deutschland\/chef-der-internationalen-energieagentur-warnt-vor-benzinmangel-in-europa-im-sommer\/\"]}]},{\"@type\":\"ImageObject\",\"inLanguage\":\"de\",\"@id\":\"https:\/\/now-news.de\/de\/deutschland\/chef-der-internationalen-energieagentur-warnt-vor-benzinmangel-in-europa-im-sommer\/#primaryimage\",\"url\":\"https:\/\/now-news.de\/de\/wp-content\/uploads\/sites\/3\/2022\/06\/Chef-der-Internationalen-Energieagentur-warnt-vor-Benzinmangel-in-Europa-im.jpeg\",\"contentUrl\":\"https:\/\/now-news.de\/de\/wp-content\/uploads\/sites\/3\/2022\/06\/Chef-der-Internationalen-Energieagentur-warnt-vor-Benzinmangel-in-Europa-im.jpeg\",\"width\":460,\"height\":259,\"caption\":\"Chef der Internationalen Energieagentur warnt vor Benzinmangel in Europa im Sommer\"},{\"@type\":\"BreadcrumbList\",\"@id\":\"https:\/\/now-news.de\/de\/deutschland\/chef-der-internationalen-energieagentur-warnt-vor-benzinmangel-in-europa-im-sommer\/#breadcrumb\",\"itemListElement\":[{\"@type\":\"ListItem\",\"position\":1,\"name\":\"Home\",\"item\":\"https:\/\/now-news.de\/de\/\"},{\"@type\":\"ListItem\",\"position\":2,\"name\":\"Chef der Internationalen Energieagentur warnt vor Benzinmangel in Europa im Sommer\"}]},{\"@type\":\"WebSite\",\"@id\":\"https:\/\/now-news.de\/de\/#website\",\"url\":\"https:\/\/now-news.de\/de\/\",\"name\":\"just-now.NEWS Deutschland\",\"description\":\"Das Portal f\u00fcr unzensierte Nachrichten aus der Welt\",\"publisher\":{\"@id\":\"https:\/\/now-news.de\/de\/#organization\"},\"potentialAction\":[{\"@type\":\"SearchAction\",\"target\":{\"@type\":\"EntryPoint\",\"urlTemplate\":\"https:\/\/now-news.de\/de\/?s={search_term_string}\"},\"query-input\":\"required name=search_term_string\"}],\"inLanguage\":\"de\"},{\"@type\":\"Organization\",\"@id\":\"https:\/\/now-news.de\/de\/#organization\",\"name\":\"Just Now News\",\"url\":\"https:\/\/now-news.de\/de\/\",\"logo\":{\"@type\":\"ImageObject\",\"inLanguage\":\"de\",\"@id\":\"https:\/\/now-news.de\/de\/#\/schema\/logo\/image\/\",\"url\":\"http:\/\/just-now.news\/de\/wp-content\/uploads\/sites\/3\/2022\/04\/logo500x500.jpg\",\"contentUrl\":\"http:\/\/just-now.news\/de\/wp-content\/uploads\/sites\/3\/2022\/04\/logo500x500.jpg\",\"width\":500,\"height\":500,\"caption\":\"Just Now News\"},\"image\":{\"@id\":\"https:\/\/now-news.de\/de\/#\/schema\/logo\/image\/\"},\"sameAs\":[\"https:\/\/www.facebook.com\/wirmachenauf\",\"https:\/\/x.com\/WirMachenAuf_de\"]},{\"@type\":\"Person\",\"@id\":\"https:\/\/now-news.de\/de\/#\/schema\/person\/fb534a4e865501d8b3285208df34a9b5\",\"name\":\"rtnews\",\"image\":{\"@type\":\"ImageObject\",\"inLanguage\":\"de\",\"@id\":\"https:\/\/now-news.de\/de\/#\/schema\/person\/image\/\",\"url\":\"https:\/\/secure.gravatar.com\/avatar\/82aafea7d8127119dd649515f56e2117?s=96&d=mm&r=g\",\"contentUrl\":\"https:\/\/secure.gravatar.com\/avatar\/82aafea7d8127119dd649515f56e2117?s=96&d=mm&r=g\",\"caption\":\"rtnews\"},\"url\":\"https:\/\/now-news.de\/de\/author\/rnews\/\"}]}<\/script>\n<!-- \/ Yoast SEO Premium plugin. -->","yoast_head_json":{"title":"Chef der Internationalen Energieagentur warnt vor Benzinmangel in Europa im Sommer - just-now.NEWS Deutschland","robots":{"index":"index","follow":"follow","max-snippet":"max-snippet:-1","max-image-preview":"max-image-preview:large","max-video-preview":"max-video-preview:-1"},"canonical":"https:\/\/now-news.de\/de\/deutschland\/chef-der-internationalen-energieagentur-warnt-vor-benzinmangel-in-europa-im-sommer\/","og_locale":"de_DE","og_type":"article","og_title":"Chef der Internationalen Energieagentur warnt vor Benzinmangel in Europa im Sommer","og_description":"Der Vorsitzende der IEA warnt vor einer Treibstoffkrise im Sommer. Die d\u00fcstere Prognose erfolgte am selben Tag, an dem die EU aufgrund des russischen Einmarsches in der Ukraine eine Vereinbarung \u00fcber ein Verbot russischer \u00d6limporte auf dem Seeweg bekannt gab. Der Leiter der Internationalen Energieagentur (IEA) Fatih Birol hat gewarnt, dass die USA und die [&hellip;]","og_url":"https:\/\/now-news.de\/de\/deutschland\/chef-der-internationalen-energieagentur-warnt-vor-benzinmangel-in-europa-im-sommer\/","og_site_name":"just-now.NEWS Deutschland","article_publisher":"https:\/\/www.facebook.com\/wirmachenauf","article_published_time":"2022-06-01T12:02:18+00:00","og_image":[{"width":460,"height":259,"url":"https:\/\/now-news.de\/de\/wp-content\/uploads\/sites\/3\/2022\/06\/Chef-der-Internationalen-Energieagentur-warnt-vor-Benzinmangel-in-Europa-im.jpeg","type":"image\/jpeg"}],"author":"rtnews","twitter_card":"summary_large_image","twitter_creator":"@WirMachenAuf_de","twitter_site":"@WirMachenAuf_de","twitter_misc":{"Verfasst von":"rtnews","Gesch\u00e4tzte Lesezeit":"3\u00a0Minuten"},"schema":{"@context":"https:\/\/schema.org","@graph":[{"@type":"Article","@id":"https:\/\/now-news.de\/de\/deutschland\/chef-der-internationalen-energieagentur-warnt-vor-benzinmangel-in-europa-im-sommer\/#article","isPartOf":{"@id":"https:\/\/now-news.de\/de\/deutschland\/chef-der-internationalen-energieagentur-warnt-vor-benzinmangel-in-europa-im-sommer\/"},"author":{"name":"rtnews","@id":"https:\/\/now-news.de\/de\/#\/schema\/person\/fb534a4e865501d8b3285208df34a9b5"},"headline":"Chef der Internationalen Energieagentur warnt vor Benzinmangel in Europa im Sommer","datePublished":"2022-06-01T12:02:18+00:00","dateModified":"2022-06-01T12:02:18+00:00","mainEntityOfPage":{"@id":"https:\/\/now-news.de\/de\/deutschland\/chef-der-internationalen-energieagentur-warnt-vor-benzinmangel-in-europa-im-sommer\/"},"wordCount":622,"commentCount":0,"publisher":{"@id":"https:\/\/now-news.de\/de\/#organization"},"image":{"@id":"https:\/\/now-news.de\/de\/deutschland\/chef-der-internationalen-energieagentur-warnt-vor-benzinmangel-in-europa-im-sommer\/#primaryimage"},"thumbnailUrl":"https:\/\/now-news.de\/de\/wp-content\/uploads\/sites\/3\/2022\/06\/Chef-der-Internationalen-Energieagentur-warnt-vor-Benzinmangel-in-Europa-im.jpeg","keywords":["Benzinmangel","Chef","der","Energieagentur","Europa","internationalen","Sommer","vor","warnt"],"articleSection":["Deutschland","Russland"],"inLanguage":"de","potentialAction":[{"@type":"CommentAction","name":"Comment","target":["https:\/\/now-news.de\/de\/deutschland\/chef-der-internationalen-energieagentur-warnt-vor-benzinmangel-in-europa-im-sommer\/#respond"]}]},{"@type":"WebPage","@id":"https:\/\/now-news.de\/de\/deutschland\/chef-der-internationalen-energieagentur-warnt-vor-benzinmangel-in-europa-im-sommer\/","url":"https:\/\/now-news.de\/de\/deutschland\/chef-der-internationalen-energieagentur-warnt-vor-benzinmangel-in-europa-im-sommer\/","name":"Chef der Internationalen Energieagentur warnt vor Benzinmangel in Europa im Sommer - just-now.NEWS Deutschland","isPartOf":{"@id":"https:\/\/now-news.de\/de\/#website"},"primaryImageOfPage":{"@id":"https:\/\/now-news.de\/de\/deutschland\/chef-der-internationalen-energieagentur-warnt-vor-benzinmangel-in-europa-im-sommer\/#primaryimage"},"image":{"@id":"https:\/\/now-news.de\/de\/deutschland\/chef-der-internationalen-energieagentur-warnt-vor-benzinmangel-in-europa-im-sommer\/#primaryimage"},"thumbnailUrl":"https:\/\/now-news.de\/de\/wp-content\/uploads\/sites\/3\/2022\/06\/Chef-der-Internationalen-Energieagentur-warnt-vor-Benzinmangel-in-Europa-im.jpeg","datePublished":"2022-06-01T12:02:18+00:00","dateModified":"2022-06-01T12:02:18+00:00","breadcrumb":{"@id":"https:\/\/now-news.de\/de\/deutschland\/chef-der-internationalen-energieagentur-warnt-vor-benzinmangel-in-europa-im-sommer\/#breadcrumb"},"inLanguage":"de","potentialAction":[{"@type":"ReadAction","target":["https:\/\/now-news.de\/de\/deutschland\/chef-der-internationalen-energieagentur-warnt-vor-benzinmangel-in-europa-im-sommer\/"]}]},{"@type":"ImageObject","inLanguage":"de","@id":"https:\/\/now-news.de\/de\/deutschland\/chef-der-internationalen-energieagentur-warnt-vor-benzinmangel-in-europa-im-sommer\/#primaryimage","url":"https:\/\/now-news.de\/de\/wp-content\/uploads\/sites\/3\/2022\/06\/Chef-der-Internationalen-Energieagentur-warnt-vor-Benzinmangel-in-Europa-im.jpeg","contentUrl":"https:\/\/now-news.de\/de\/wp-content\/uploads\/sites\/3\/2022\/06\/Chef-der-Internationalen-Energieagentur-warnt-vor-Benzinmangel-in-Europa-im.jpeg","width":460,"height":259,"caption":"Chef der Internationalen Energieagentur warnt vor Benzinmangel in Europa im Sommer"},{"@type":"BreadcrumbList","@id":"https:\/\/now-news.de\/de\/deutschland\/chef-der-internationalen-energieagentur-warnt-vor-benzinmangel-in-europa-im-sommer\/#breadcrumb","itemListElement":[{"@type":"ListItem","position":1,"name":"Home","item":"https:\/\/now-news.de\/de\/"},{"@type":"ListItem","position":2,"name":"Chef der Internationalen Energieagentur warnt vor Benzinmangel in Europa im Sommer"}]},{"@type":"WebSite","@id":"https:\/\/now-news.de\/de\/#website","url":"https:\/\/now-news.de\/de\/","name":"just-now.NEWS Deutschland","description":"Das Portal f\u00fcr unzensierte Nachrichten aus der Welt","publisher":{"@id":"https:\/\/now-news.de\/de\/#organization"},"potentialAction":[{"@type":"SearchAction","target":{"@type":"EntryPoint","urlTemplate":"https:\/\/now-news.de\/de\/?s={search_term_string}"},"query-input":"required name=search_term_string"}],"inLanguage":"de"},{"@type":"Organization","@id":"https:\/\/now-news.de\/de\/#organization","name":"Just Now News","url":"https:\/\/now-news.de\/de\/","logo":{"@type":"ImageObject","inLanguage":"de","@id":"https:\/\/now-news.de\/de\/#\/schema\/logo\/image\/","url":"http:\/\/just-now.news\/de\/wp-content\/uploads\/sites\/3\/2022\/04\/logo500x500.jpg","contentUrl":"http:\/\/just-now.news\/de\/wp-content\/uploads\/sites\/3\/2022\/04\/logo500x500.jpg","width":500,"height":500,"caption":"Just Now News"},"image":{"@id":"https:\/\/now-news.de\/de\/#\/schema\/logo\/image\/"},"sameAs":["https:\/\/www.facebook.com\/wirmachenauf","https:\/\/x.com\/WirMachenAuf_de"]},{"@type":"Person","@id":"https:\/\/now-news.de\/de\/#\/schema\/person\/fb534a4e865501d8b3285208df34a9b5","name":"rtnews","image":{"@type":"ImageObject","inLanguage":"de","@id":"https:\/\/now-news.de\/de\/#\/schema\/person\/image\/","url":"https:\/\/secure.gravatar.com\/avatar\/82aafea7d8127119dd649515f56e2117?s=96&d=mm&r=g","contentUrl":"https:\/\/secure.gravatar.com\/avatar\/82aafea7d8127119dd649515f56e2117?s=96&d=mm&r=g","caption":"rtnews"},"url":"https:\/\/now-news.de\/de\/author\/rnews\/"}]}},"_links":{"self":[{"href":"https:\/\/now-news.de\/de\/wp-json\/wp\/v2\/posts\/9465"}],"collection":[{"href":"https:\/\/now-news.de\/de\/wp-json\/wp\/v2\/posts"}],"about":[{"href":"https:\/\/now-news.de\/de\/wp-json\/wp\/v2\/types\/post"}],"author":[{"embeddable":true,"href":"https:\/\/now-news.de\/de\/wp-json\/wp\/v2\/users\/3"}],"replies":[{"embeddable":true,"href":"https:\/\/now-news.de\/de\/wp-json\/wp\/v2\/comments?post=9465"}],"version-history":[{"count":0,"href":"https:\/\/now-news.de\/de\/wp-json\/wp\/v2\/posts\/9465\/revisions"}],"wp:featuredmedia":[{"embeddable":true,"href":"https:\/\/now-news.de\/de\/wp-json\/wp\/v2\/media\/9466"}],"wp:attachment":[{"href":"https:\/\/now-news.de\/de\/wp-json\/wp\/v2\/media?parent=9465"}],"wp:term":[{"taxonomy":"category","embeddable":true,"href":"https:\/\/now-news.de\/de\/wp-json\/wp\/v2\/categories?post=9465"},{"taxonomy":"post_tag","embeddable":true,"href":"https:\/\/now-news.de\/de\/wp-json\/wp\/v2\/tags?post=9465"}],"curies":[{"name":"wp","href":"https:\/\/api.w.org\/{rel}","templated":true}]}}