{"id":94554,"date":"2025-11-24T15:06:51","date_gmt":"2025-11-24T13:06:51","guid":{"rendered":"https:\/\/now-news.de\/de\/deutschland\/die-schweizerische-radio-und-fernsehgesellschaft-baut-900-vollzeitstellen-ab\/"},"modified":"2025-11-24T15:06:51","modified_gmt":"2025-11-24T13:06:51","slug":"die-schweizerische-radio-und-fernsehgesellschaft-baut-900-vollzeitstellen-ab","status":"publish","type":"post","link":"https:\/\/now-news.de\/de\/deutschland\/die-schweizerische-radio-und-fernsehgesellschaft-baut-900-vollzeitstellen-ab\/","title":{"rendered":"Die Schweizerische Radio- und Fernsehgesellschaft baut 900 Vollzeitstellen ab"},"content":{"rendered":"<p><img decoding=\"async\" src=\"https:\/\/now-news.de\/de\/wp-content\/uploads\/sites\/3\/2025\/11\/6924402ab480cc63d96eef86.jpg\" \/><\/p>\n<div class=\"Text-root Text-type_1 \">\n                Die SRG streicht bis 2029 rund 900 Vollzeitstellen und spart 270 Millionen Franken ein. Ausl\u00f6ser sind stagnierende Einnahmen, sinkende Geb\u00fchren und ein beschleunigter Strukturwandel im Medienmarkt. Die Gesch\u00e4ftsleitung wird verkleinert, Prozesse werden vereinheitlicht. Trotz sozialvertr\u00e4glicher Ma\u00dfnahmen sind Entlassungen unvermeidbar.\n            <\/div>\n<p><\/p>\n<div class=\"Text-root Text-type_5 ArticleView-text ViewText-root \">\n<p>Die Schweizerische Radio- und Fernsehgesellschaft steht vor dem gr\u00f6\u00dften Umbau ihrer j\u00fcngeren Geschichte. Unter der Leitung von Generaldirektorin Susanne Wille k\u00fcndigte der \u00f6ffentlich finanzierte Rundfunk am Montag den Abbau von insgesamt 900 Vollzeitstellen bis 2029 an. Der Schritt ist Teil eines umfassenden Spar- und Transformationsprogramms, das angesichts stagnierender Einnahmen und\u00a0politischen Drucks unausweichlich geworden ist.<\/p>\n<p>Die Dimension ist betr\u00e4chtlich. Von den heute rund 5700 Vollzeitstellen sollen gut 15 Prozent verschwinden. Die Einsparungen belaufen sich bis 2029 auf rund 270 Millionen Franken. Ein Drittel davon wird bereits im Rahmen des laufenden Kostensenkungsprogramms umgesetzt. Der restliche Stellenabbau erfolgt schrittweise in den kommenden vier Jahren. Ein Teil der Reduktion soll durch nat\u00fcrliche Fluktuation und Pensionierungen erfolgen, dennoch bleiben Entlassungen unvermeidbar.<\/p>\n<p>Ausschlaggebend f\u00fcr die nun eingeleiteten Ma\u00dfnahmen ist die beschlossene Senkung der Medienabgabe. Der Bundesrat hat entschieden, die Abgabe pro Haushalt ab 2027 von 335 auf 300 Franken zu reduzieren. Gleichzeitig bereitet die Halbierungsinitiative zus\u00e4tzlichen Druck. W\u00fcrde sie angenommen, m\u00fcsste die SRG mit lediglich 200 Franken pro Haushalt auskommen. Bereits die erste Stufe der bestehenden Reduktion zwingt das Unternehmen dazu, bis Anfang 2027 125 Millionen Franken einzusparen.<\/p>\n<p>Die strategischen Fehler der Vergangenheit werden nun sichtbar. W\u00e4hrend das Publikum sich \u00fcber Jahre vermehrt digitalen Angeboten privater und internationaler Anbieter zuwandte, reagierte die F\u00fchrung nur z\u00f6gerlich. Die Einnahmen stagnierten seit 2021, w\u00e4hrend die Ausgaben und insbesondere die Personalkosten weiter anstiegen. Zwischen 2021 und 2024 erh\u00f6hten sich die L\u00f6hne um rund 9 Prozent, obwohl die Werbem\u00e4rkte schw\u00e4cher wurden und politische Debatten \u00fcber die H\u00f6he der Geb\u00fchren zunahmen.<\/p>\n<p>Der Umbau betrifft auch die Organisation. Die Gesch\u00e4ftsleitung wird ab April 2026 von acht auf sieben Mitglieder verkleinert. Zudem sollen Strukturen vereinheitlicht und Doppelspurigkeiten reduziert werden. Die neue Direktion Angebot fasst die Bereiche Angebot und Distribution zusammen.<\/p>\n<p>Die Direktion Operationen \u00fcbernimmt k\u00fcnftig Technologie und Produktion. Die Technologietochter SWISS TXT wird vollst\u00e4ndig in die SRG integriert. Innerhalb der erweiterten Gesch\u00e4ftsleitung bleiben die bisherigen Mitglieder unver\u00e4ndert.<\/p>\n<p>Wille betonte, der Schritt sei schmerzhaft, aber notwendig. Die SRG werde den Stellenabbau so sozialvertr\u00e4glich wie m\u00f6glich gestalten. Gleichzeitig m\u00fcsse das Unternehmen in einem sich schnell wandelnden Medienmarkt beweglicher werden und seine publizistische Qualit\u00e4t sichern. Die Transformation soll die SRG digitaler, effizienter und st\u00e4rker \u00fcber die Sprachregionen hinweg vernetzen.<\/p>\n<p>Gewerkschaften, die politischen Parteien und die Medienbranche beobachten den Umbau kritisch. Der Entscheid markiert einen Wendepunkt f\u00fcr den Service public. Die SRG steht vor der Aufgabe, ihr Angebot grundlegend zu modernisieren, ohne ihre Position als nationales Medienhaus zu verlieren.<\/p>\n<p data-start=\"3046\" data-end=\"3426\"><strong>Mehr zum Thema<\/strong>\u00a0\u2013\u00a0<a rel=\"nofollow noopener\" target=\"_blank\" href=\"https:\/\/freedert.online\/schweiz\/238496-fuck-you-mr-trump-diplomatische\/\">&#8220;Fuck you Mr. Trump&#8221;: Schweizer SP-Chef als diplomatische Zeitbombe\u00a0<\/a><\/p>\n<div class=\"EmbedBlock-root EmbedBlock-externalVideo EmbedBlock-rumble\">\n<div class=\"VkEmbed\"><iframe class=\"lazyload\" data-src=\"https:\/\/rumble.com\/embed\/v5adi1x\" frameborder=\"0\" width=\"853\" height=\"480\" allowfullscreen><\/iframe><\/div>\n<\/div>\n<\/div>\n<p><br \/>\n<br \/><a href=\"https:\/\/de.rt.com\/schweiz\/262719-schweizerische-radio-und-fernsehgesellschaft-baut\/\">Source link <\/a><\/p>\n","protected":false},"excerpt":{"rendered":"<p>Die SRG streicht bis 2029 rund 900 Vollzeitstellen und spart 270 Millionen Franken ein. Ausl\u00f6ser sind stagnierende Einnahmen, sinkende Geb\u00fchren und ein beschleunigter Strukturwandel im Medienmarkt. Die Gesch\u00e4ftsleitung wird verkleinert, Prozesse werden vereinheitlicht. Trotz sozialvertr\u00e4glicher Ma\u00dfnahmen sind Entlassungen unvermeidbar. Die Schweizerische Radio- und Fernsehgesellschaft steht vor dem gr\u00f6\u00dften Umbau ihrer j\u00fcngeren Geschichte. Unter der Leitung [&hellip;]<\/p>\n","protected":false},"author":3,"featured_media":94555,"comment_status":"open","ping_status":"open","sticky":false,"template":"","format":"standard","meta":{"_yoast_indexnow_last_ping":["1763990118"],"wp_automatic_camp":["217"],"7114e6a9b170a804c6d1fe384e46f6e6":["Die Schweizerische Radio- und Fernsehgesellschaft baut 900 Vollzeitstellen ab"],"original_link":["https:\/\/de.rt.com\/schweiz\/262719-schweizerische-radio-und-fernsehgesellschaft-baut\/"],"_thumbnail_id":["94555"],"jnews_social_counter_last_update":["1777186443"],"_wptgpro_p2tg_sent2tg":["a:1:{i:23737;s:19:\"2025-11-24 15:16:18\";}"]},"categories":[19,23],"tags":[21567,45,69398,1157,54620,140,69399],"yoast_head":"<!-- This site is optimized with the Yoast SEO Premium plugin v22.7 (Yoast SEO v22.7) - https:\/\/yoast.com\/wordpress\/plugins\/seo\/ -->\n<title>Die Schweizerische Radio- und Fernsehgesellschaft baut 900 Vollzeitstellen ab - just-now.NEWS Deutschland<\/title>\n<meta name=\"robots\" content=\"index, follow, max-snippet:-1, max-image-preview:large, max-video-preview:-1\" \/>\n<link rel=\"canonical\" href=\"https:\/\/now-news.de\/de\/deutschland\/die-schweizerische-radio-und-fernsehgesellschaft-baut-900-vollzeitstellen-ab\/\" \/>\n<meta property=\"og:locale\" content=\"de_DE\" \/>\n<meta property=\"og:type\" content=\"article\" \/>\n<meta property=\"og:title\" content=\"Die Schweizerische Radio- und Fernsehgesellschaft baut 900 Vollzeitstellen ab\" \/>\n<meta property=\"og:description\" content=\"Die SRG streicht bis 2029 rund 900 Vollzeitstellen und spart 270 Millionen Franken ein. Ausl\u00f6ser sind stagnierende Einnahmen, sinkende Geb\u00fchren und ein beschleunigter Strukturwandel im Medienmarkt. Die Gesch\u00e4ftsleitung wird verkleinert, Prozesse werden vereinheitlicht. Trotz sozialvertr\u00e4glicher Ma\u00dfnahmen sind Entlassungen unvermeidbar. Die Schweizerische Radio- und Fernsehgesellschaft steht vor dem gr\u00f6\u00dften Umbau ihrer j\u00fcngeren Geschichte. Unter der Leitung [&hellip;]\" \/>\n<meta property=\"og:url\" content=\"https:\/\/now-news.de\/de\/deutschland\/die-schweizerische-radio-und-fernsehgesellschaft-baut-900-vollzeitstellen-ab\/\" \/>\n<meta property=\"og:site_name\" content=\"just-now.NEWS Deutschland\" \/>\n<meta property=\"article:publisher\" content=\"https:\/\/www.facebook.com\/wirmachenauf\" \/>\n<meta property=\"article:published_time\" content=\"2025-11-24T13:06:51+00:00\" \/>\n<meta property=\"og:image\" content=\"https:\/\/now-news.de\/de\/wp-content\/uploads\/sites\/3\/2025\/11\/6924402ab480cc63d96eef86.jpg\" \/>\n<meta name=\"author\" content=\"rtnews\" \/>\n<meta name=\"twitter:card\" content=\"summary_large_image\" \/>\n<meta name=\"twitter:creator\" content=\"@WirMachenAuf_de\" \/>\n<meta name=\"twitter:site\" content=\"@WirMachenAuf_de\" \/>\n<meta name=\"twitter:label1\" content=\"Verfasst von\" \/>\n\t<meta name=\"twitter:data1\" content=\"rtnews\" \/>\n\t<meta name=\"twitter:label2\" content=\"Gesch\u00e4tzte Lesezeit\" \/>\n\t<meta name=\"twitter:data2\" content=\"2\u00a0Minuten\" \/>\n<script type=\"application\/ld+json\" class=\"yoast-schema-graph\">{\"@context\":\"https:\/\/schema.org\",\"@graph\":[{\"@type\":\"Article\",\"@id\":\"https:\/\/now-news.de\/de\/deutschland\/die-schweizerische-radio-und-fernsehgesellschaft-baut-900-vollzeitstellen-ab\/#article\",\"isPartOf\":{\"@id\":\"https:\/\/now-news.de\/de\/deutschland\/die-schweizerische-radio-und-fernsehgesellschaft-baut-900-vollzeitstellen-ab\/\"},\"author\":{\"name\":\"rtnews\",\"@id\":\"https:\/\/now-news.de\/de\/#\/schema\/person\/fb534a4e865501d8b3285208df34a9b5\"},\"headline\":\"Die Schweizerische Radio- und Fernsehgesellschaft baut 900 Vollzeitstellen ab\",\"datePublished\":\"2025-11-24T13:06:51+00:00\",\"dateModified\":\"2025-11-24T13:06:51+00:00\",\"mainEntityOfPage\":{\"@id\":\"https:\/\/now-news.de\/de\/deutschland\/die-schweizerische-radio-und-fernsehgesellschaft-baut-900-vollzeitstellen-ab\/\"},\"wordCount\":480,\"commentCount\":0,\"publisher\":{\"@id\":\"https:\/\/now-news.de\/de\/#organization\"},\"image\":{\"@id\":\"https:\/\/now-news.de\/de\/deutschland\/die-schweizerische-radio-und-fernsehgesellschaft-baut-900-vollzeitstellen-ab\/#primaryimage\"},\"thumbnailUrl\":\"https:\/\/now-news.de\/de\/wp-content\/uploads\/sites\/3\/2025\/11\/Die-Schweizerische-Radio-und-Fernsehgesellschaft-baut-900-Vollzeitstellen-ab.jpg\",\"keywords\":[\"baut\",\"die\",\"Fernsehgesellschaft\",\"Radio\",\"Schweizerische\",\"und\",\"Vollzeitstellen\"],\"articleSection\":[\"Deutschland\",\"Russland\"],\"inLanguage\":\"de\",\"potentialAction\":[{\"@type\":\"CommentAction\",\"name\":\"Comment\",\"target\":[\"https:\/\/now-news.de\/de\/deutschland\/die-schweizerische-radio-und-fernsehgesellschaft-baut-900-vollzeitstellen-ab\/#respond\"]}]},{\"@type\":\"WebPage\",\"@id\":\"https:\/\/now-news.de\/de\/deutschland\/die-schweizerische-radio-und-fernsehgesellschaft-baut-900-vollzeitstellen-ab\/\",\"url\":\"https:\/\/now-news.de\/de\/deutschland\/die-schweizerische-radio-und-fernsehgesellschaft-baut-900-vollzeitstellen-ab\/\",\"name\":\"Die Schweizerische Radio- und Fernsehgesellschaft baut 900 Vollzeitstellen ab - just-now.NEWS Deutschland\",\"isPartOf\":{\"@id\":\"https:\/\/now-news.de\/de\/#website\"},\"primaryImageOfPage\":{\"@id\":\"https:\/\/now-news.de\/de\/deutschland\/die-schweizerische-radio-und-fernsehgesellschaft-baut-900-vollzeitstellen-ab\/#primaryimage\"},\"image\":{\"@id\":\"https:\/\/now-news.de\/de\/deutschland\/die-schweizerische-radio-und-fernsehgesellschaft-baut-900-vollzeitstellen-ab\/#primaryimage\"},\"thumbnailUrl\":\"https:\/\/now-news.de\/de\/wp-content\/uploads\/sites\/3\/2025\/11\/Die-Schweizerische-Radio-und-Fernsehgesellschaft-baut-900-Vollzeitstellen-ab.jpg\",\"datePublished\":\"2025-11-24T13:06:51+00:00\",\"dateModified\":\"2025-11-24T13:06:51+00:00\",\"breadcrumb\":{\"@id\":\"https:\/\/now-news.de\/de\/deutschland\/die-schweizerische-radio-und-fernsehgesellschaft-baut-900-vollzeitstellen-ab\/#breadcrumb\"},\"inLanguage\":\"de\",\"potentialAction\":[{\"@type\":\"ReadAction\",\"target\":[\"https:\/\/now-news.de\/de\/deutschland\/die-schweizerische-radio-und-fernsehgesellschaft-baut-900-vollzeitstellen-ab\/\"]}]},{\"@type\":\"ImageObject\",\"inLanguage\":\"de\",\"@id\":\"https:\/\/now-news.de\/de\/deutschland\/die-schweizerische-radio-und-fernsehgesellschaft-baut-900-vollzeitstellen-ab\/#primaryimage\",\"url\":\"https:\/\/now-news.de\/de\/wp-content\/uploads\/sites\/3\/2025\/11\/Die-Schweizerische-Radio-und-Fernsehgesellschaft-baut-900-Vollzeitstellen-ab.jpg\",\"contentUrl\":\"https:\/\/now-news.de\/de\/wp-content\/uploads\/sites\/3\/2025\/11\/Die-Schweizerische-Radio-und-Fernsehgesellschaft-baut-900-Vollzeitstellen-ab.jpg\",\"width\":460,\"height\":259,\"caption\":\"Die Schweizerische Radio- und Fernsehgesellschaft baut 900 Vollzeitstellen ab\"},{\"@type\":\"BreadcrumbList\",\"@id\":\"https:\/\/now-news.de\/de\/deutschland\/die-schweizerische-radio-und-fernsehgesellschaft-baut-900-vollzeitstellen-ab\/#breadcrumb\",\"itemListElement\":[{\"@type\":\"ListItem\",\"position\":1,\"name\":\"Home\",\"item\":\"https:\/\/now-news.de\/de\/\"},{\"@type\":\"ListItem\",\"position\":2,\"name\":\"Die Schweizerische Radio- und Fernsehgesellschaft baut 900 Vollzeitstellen ab\"}]},{\"@type\":\"WebSite\",\"@id\":\"https:\/\/now-news.de\/de\/#website\",\"url\":\"https:\/\/now-news.de\/de\/\",\"name\":\"just-now.NEWS Deutschland\",\"description\":\"Das Portal f\u00fcr unzensierte Nachrichten aus der Welt\",\"publisher\":{\"@id\":\"https:\/\/now-news.de\/de\/#organization\"},\"potentialAction\":[{\"@type\":\"SearchAction\",\"target\":{\"@type\":\"EntryPoint\",\"urlTemplate\":\"https:\/\/now-news.de\/de\/?s={search_term_string}\"},\"query-input\":\"required name=search_term_string\"}],\"inLanguage\":\"de\"},{\"@type\":\"Organization\",\"@id\":\"https:\/\/now-news.de\/de\/#organization\",\"name\":\"Just Now News\",\"url\":\"https:\/\/now-news.de\/de\/\",\"logo\":{\"@type\":\"ImageObject\",\"inLanguage\":\"de\",\"@id\":\"https:\/\/now-news.de\/de\/#\/schema\/logo\/image\/\",\"url\":\"http:\/\/just-now.news\/de\/wp-content\/uploads\/sites\/3\/2022\/04\/logo500x500.jpg\",\"contentUrl\":\"http:\/\/just-now.news\/de\/wp-content\/uploads\/sites\/3\/2022\/04\/logo500x500.jpg\",\"width\":500,\"height\":500,\"caption\":\"Just Now News\"},\"image\":{\"@id\":\"https:\/\/now-news.de\/de\/#\/schema\/logo\/image\/\"},\"sameAs\":[\"https:\/\/www.facebook.com\/wirmachenauf\",\"https:\/\/x.com\/WirMachenAuf_de\"]},{\"@type\":\"Person\",\"@id\":\"https:\/\/now-news.de\/de\/#\/schema\/person\/fb534a4e865501d8b3285208df34a9b5\",\"name\":\"rtnews\",\"image\":{\"@type\":\"ImageObject\",\"inLanguage\":\"de\",\"@id\":\"https:\/\/now-news.de\/de\/#\/schema\/person\/image\/\",\"url\":\"https:\/\/secure.gravatar.com\/avatar\/82aafea7d8127119dd649515f56e2117?s=96&d=mm&r=g\",\"contentUrl\":\"https:\/\/secure.gravatar.com\/avatar\/82aafea7d8127119dd649515f56e2117?s=96&d=mm&r=g\",\"caption\":\"rtnews\"},\"url\":\"https:\/\/now-news.de\/de\/author\/rnews\/\"}]}<\/script>\n<!-- \/ Yoast SEO Premium plugin. -->","yoast_head_json":{"title":"Die Schweizerische Radio- und Fernsehgesellschaft baut 900 Vollzeitstellen ab - just-now.NEWS Deutschland","robots":{"index":"index","follow":"follow","max-snippet":"max-snippet:-1","max-image-preview":"max-image-preview:large","max-video-preview":"max-video-preview:-1"},"canonical":"https:\/\/now-news.de\/de\/deutschland\/die-schweizerische-radio-und-fernsehgesellschaft-baut-900-vollzeitstellen-ab\/","og_locale":"de_DE","og_type":"article","og_title":"Die Schweizerische Radio- und Fernsehgesellschaft baut 900 Vollzeitstellen ab","og_description":"Die SRG streicht bis 2029 rund 900 Vollzeitstellen und spart 270 Millionen Franken ein. Ausl\u00f6ser sind stagnierende Einnahmen, sinkende Geb\u00fchren und ein beschleunigter Strukturwandel im Medienmarkt. Die Gesch\u00e4ftsleitung wird verkleinert, Prozesse werden vereinheitlicht. Trotz sozialvertr\u00e4glicher Ma\u00dfnahmen sind Entlassungen unvermeidbar. Die Schweizerische Radio- und Fernsehgesellschaft steht vor dem gr\u00f6\u00dften Umbau ihrer j\u00fcngeren Geschichte. Unter der Leitung [&hellip;]","og_url":"https:\/\/now-news.de\/de\/deutschland\/die-schweizerische-radio-und-fernsehgesellschaft-baut-900-vollzeitstellen-ab\/","og_site_name":"just-now.NEWS Deutschland","article_publisher":"https:\/\/www.facebook.com\/wirmachenauf","article_published_time":"2025-11-24T13:06:51+00:00","og_image":[{"url":"https:\/\/now-news.de\/de\/wp-content\/uploads\/sites\/3\/2025\/11\/6924402ab480cc63d96eef86.jpg"}],"author":"rtnews","twitter_card":"summary_large_image","twitter_creator":"@WirMachenAuf_de","twitter_site":"@WirMachenAuf_de","twitter_misc":{"Verfasst von":"rtnews","Gesch\u00e4tzte Lesezeit":"2\u00a0Minuten"},"schema":{"@context":"https:\/\/schema.org","@graph":[{"@type":"Article","@id":"https:\/\/now-news.de\/de\/deutschland\/die-schweizerische-radio-und-fernsehgesellschaft-baut-900-vollzeitstellen-ab\/#article","isPartOf":{"@id":"https:\/\/now-news.de\/de\/deutschland\/die-schweizerische-radio-und-fernsehgesellschaft-baut-900-vollzeitstellen-ab\/"},"author":{"name":"rtnews","@id":"https:\/\/now-news.de\/de\/#\/schema\/person\/fb534a4e865501d8b3285208df34a9b5"},"headline":"Die Schweizerische Radio- und Fernsehgesellschaft baut 900 Vollzeitstellen ab","datePublished":"2025-11-24T13:06:51+00:00","dateModified":"2025-11-24T13:06:51+00:00","mainEntityOfPage":{"@id":"https:\/\/now-news.de\/de\/deutschland\/die-schweizerische-radio-und-fernsehgesellschaft-baut-900-vollzeitstellen-ab\/"},"wordCount":480,"commentCount":0,"publisher":{"@id":"https:\/\/now-news.de\/de\/#organization"},"image":{"@id":"https:\/\/now-news.de\/de\/deutschland\/die-schweizerische-radio-und-fernsehgesellschaft-baut-900-vollzeitstellen-ab\/#primaryimage"},"thumbnailUrl":"https:\/\/now-news.de\/de\/wp-content\/uploads\/sites\/3\/2025\/11\/Die-Schweizerische-Radio-und-Fernsehgesellschaft-baut-900-Vollzeitstellen-ab.jpg","keywords":["baut","die","Fernsehgesellschaft","Radio","Schweizerische","und","Vollzeitstellen"],"articleSection":["Deutschland","Russland"],"inLanguage":"de","potentialAction":[{"@type":"CommentAction","name":"Comment","target":["https:\/\/now-news.de\/de\/deutschland\/die-schweizerische-radio-und-fernsehgesellschaft-baut-900-vollzeitstellen-ab\/#respond"]}]},{"@type":"WebPage","@id":"https:\/\/now-news.de\/de\/deutschland\/die-schweizerische-radio-und-fernsehgesellschaft-baut-900-vollzeitstellen-ab\/","url":"https:\/\/now-news.de\/de\/deutschland\/die-schweizerische-radio-und-fernsehgesellschaft-baut-900-vollzeitstellen-ab\/","name":"Die Schweizerische Radio- und Fernsehgesellschaft baut 900 Vollzeitstellen ab - just-now.NEWS Deutschland","isPartOf":{"@id":"https:\/\/now-news.de\/de\/#website"},"primaryImageOfPage":{"@id":"https:\/\/now-news.de\/de\/deutschland\/die-schweizerische-radio-und-fernsehgesellschaft-baut-900-vollzeitstellen-ab\/#primaryimage"},"image":{"@id":"https:\/\/now-news.de\/de\/deutschland\/die-schweizerische-radio-und-fernsehgesellschaft-baut-900-vollzeitstellen-ab\/#primaryimage"},"thumbnailUrl":"https:\/\/now-news.de\/de\/wp-content\/uploads\/sites\/3\/2025\/11\/Die-Schweizerische-Radio-und-Fernsehgesellschaft-baut-900-Vollzeitstellen-ab.jpg","datePublished":"2025-11-24T13:06:51+00:00","dateModified":"2025-11-24T13:06:51+00:00","breadcrumb":{"@id":"https:\/\/now-news.de\/de\/deutschland\/die-schweizerische-radio-und-fernsehgesellschaft-baut-900-vollzeitstellen-ab\/#breadcrumb"},"inLanguage":"de","potentialAction":[{"@type":"ReadAction","target":["https:\/\/now-news.de\/de\/deutschland\/die-schweizerische-radio-und-fernsehgesellschaft-baut-900-vollzeitstellen-ab\/"]}]},{"@type":"ImageObject","inLanguage":"de","@id":"https:\/\/now-news.de\/de\/deutschland\/die-schweizerische-radio-und-fernsehgesellschaft-baut-900-vollzeitstellen-ab\/#primaryimage","url":"https:\/\/now-news.de\/de\/wp-content\/uploads\/sites\/3\/2025\/11\/Die-Schweizerische-Radio-und-Fernsehgesellschaft-baut-900-Vollzeitstellen-ab.jpg","contentUrl":"https:\/\/now-news.de\/de\/wp-content\/uploads\/sites\/3\/2025\/11\/Die-Schweizerische-Radio-und-Fernsehgesellschaft-baut-900-Vollzeitstellen-ab.jpg","width":460,"height":259,"caption":"Die Schweizerische Radio- und Fernsehgesellschaft baut 900 Vollzeitstellen ab"},{"@type":"BreadcrumbList","@id":"https:\/\/now-news.de\/de\/deutschland\/die-schweizerische-radio-und-fernsehgesellschaft-baut-900-vollzeitstellen-ab\/#breadcrumb","itemListElement":[{"@type":"ListItem","position":1,"name":"Home","item":"https:\/\/now-news.de\/de\/"},{"@type":"ListItem","position":2,"name":"Die Schweizerische Radio- und Fernsehgesellschaft baut 900 Vollzeitstellen ab"}]},{"@type":"WebSite","@id":"https:\/\/now-news.de\/de\/#website","url":"https:\/\/now-news.de\/de\/","name":"just-now.NEWS Deutschland","description":"Das Portal f\u00fcr unzensierte Nachrichten aus der Welt","publisher":{"@id":"https:\/\/now-news.de\/de\/#organization"},"potentialAction":[{"@type":"SearchAction","target":{"@type":"EntryPoint","urlTemplate":"https:\/\/now-news.de\/de\/?s={search_term_string}"},"query-input":"required name=search_term_string"}],"inLanguage":"de"},{"@type":"Organization","@id":"https:\/\/now-news.de\/de\/#organization","name":"Just Now News","url":"https:\/\/now-news.de\/de\/","logo":{"@type":"ImageObject","inLanguage":"de","@id":"https:\/\/now-news.de\/de\/#\/schema\/logo\/image\/","url":"http:\/\/just-now.news\/de\/wp-content\/uploads\/sites\/3\/2022\/04\/logo500x500.jpg","contentUrl":"http:\/\/just-now.news\/de\/wp-content\/uploads\/sites\/3\/2022\/04\/logo500x500.jpg","width":500,"height":500,"caption":"Just Now News"},"image":{"@id":"https:\/\/now-news.de\/de\/#\/schema\/logo\/image\/"},"sameAs":["https:\/\/www.facebook.com\/wirmachenauf","https:\/\/x.com\/WirMachenAuf_de"]},{"@type":"Person","@id":"https:\/\/now-news.de\/de\/#\/schema\/person\/fb534a4e865501d8b3285208df34a9b5","name":"rtnews","image":{"@type":"ImageObject","inLanguage":"de","@id":"https:\/\/now-news.de\/de\/#\/schema\/person\/image\/","url":"https:\/\/secure.gravatar.com\/avatar\/82aafea7d8127119dd649515f56e2117?s=96&d=mm&r=g","contentUrl":"https:\/\/secure.gravatar.com\/avatar\/82aafea7d8127119dd649515f56e2117?s=96&d=mm&r=g","caption":"rtnews"},"url":"https:\/\/now-news.de\/de\/author\/rnews\/"}]}},"_links":{"self":[{"href":"https:\/\/now-news.de\/de\/wp-json\/wp\/v2\/posts\/94554"}],"collection":[{"href":"https:\/\/now-news.de\/de\/wp-json\/wp\/v2\/posts"}],"about":[{"href":"https:\/\/now-news.de\/de\/wp-json\/wp\/v2\/types\/post"}],"author":[{"embeddable":true,"href":"https:\/\/now-news.de\/de\/wp-json\/wp\/v2\/users\/3"}],"replies":[{"embeddable":true,"href":"https:\/\/now-news.de\/de\/wp-json\/wp\/v2\/comments?post=94554"}],"version-history":[{"count":0,"href":"https:\/\/now-news.de\/de\/wp-json\/wp\/v2\/posts\/94554\/revisions"}],"wp:featuredmedia":[{"embeddable":true,"href":"https:\/\/now-news.de\/de\/wp-json\/wp\/v2\/media\/94555"}],"wp:attachment":[{"href":"https:\/\/now-news.de\/de\/wp-json\/wp\/v2\/media?parent=94554"}],"wp:term":[{"taxonomy":"category","embeddable":true,"href":"https:\/\/now-news.de\/de\/wp-json\/wp\/v2\/categories?post=94554"},{"taxonomy":"post_tag","embeddable":true,"href":"https:\/\/now-news.de\/de\/wp-json\/wp\/v2\/tags?post=94554"}],"curies":[{"name":"wp","href":"https:\/\/api.w.org\/{rel}","templated":true}]}}